{"id":5607,"date":"2018-07-14T19:52:10","date_gmt":"2018-07-14T22:52:10","guid":{"rendered":"http:\/\/ubanews.com\/site\/?p=5607"},"modified":"2018-07-19T16:09:39","modified_gmt":"2018-07-19T19:09:39","slug":"falta-pouco-para-a-fanfarra-do-raul-se-tornar-uma-banda-de-musica","status":"publish","type":"post","link":"https:\/\/ubanews.com\/site\/2018\/07\/14\/falta-pouco-para-a-fanfarra-do-raul-se-tornar-uma-banda-de-musica\/","title":{"rendered":"FALTA POUCO PARA A FANFARRA DO RAUL SE TORNAR UMA BANDA DE M\u00daSICA"},"content":{"rendered":"<p><a href=\"https:\/\/ubanews.com\/site\/wp-content\/uploads\/2018\/07\/DSC_0929.jpg\"><img decoding=\"async\" class=\"alignnone size-full wp-image-5610 lazyload\" data-src=\"https:\/\/ubanews.com\/site\/wp-content\/uploads\/2018\/07\/DSC_0929.jpg\" alt=\"\" width=\"800\" height=\"457\" data-srcset=\"https:\/\/ubanews.com\/site\/wp-content\/uploads\/2018\/07\/DSC_0929.jpg 800w, https:\/\/ubanews.com\/site\/wp-content\/uploads\/2018\/07\/DSC_0929-300x171.jpg 300w, https:\/\/ubanews.com\/site\/wp-content\/uploads\/2018\/07\/DSC_0929-768x439.jpg 768w\" data-sizes=\"(max-width: 800px) 100vw, 800px\" src=\"data:image\/svg+xml;base64,PHN2ZyB3aWR0aD0iMSIgaGVpZ2h0PSIxIiB4bWxucz0iaHR0cDovL3d3dy53My5vcmcvMjAwMC9zdmciPjwvc3ZnPg==\" style=\"--smush-placeholder-width: 800px; --smush-placeholder-aspect-ratio: 800\/457;\" \/><\/a>Coordenada pela Associa\u00e7\u00e3o de Pais e Mestres da Escola Estadual Raul Soares, a Fanfarra do Raulz\u00e3o, tendo \u00e0 frente o professor Edivaldo Cruz, recebeu esta semana v\u00e1rios instrumentos novos, para, juntos com os j\u00e1 existentes, tornar o trabalho ainda mais prazeroso e bonito. Segundo o professor e m\u00fasico Edivaldo Cruz, com os instrumentos que a escola conseguiu, atrav\u00e9s do prest\u00edgio da Associa\u00e7\u00e3o de Pais e Mestres, juntamente com a dire\u00e7\u00e3o do Raul, j\u00e1 \u00e9 suficiente para tornar a fanfarra em uma banda de m\u00fasica. Em conversa com \u00e0 dire\u00e7\u00e3o, fomos informados de que atrav\u00e9s da Associa\u00e7\u00e3o de Pais e Mestre \u00e0 escola tem conquistado v\u00e1rias parcerias de sucessos dentro da Sociedade Ubaense.<\/p>\n<p>O professor Salom\u00e3o Curi, principal gestor da institui\u00e7\u00e3o, vibra com cada conquista. Esta semana ele esteve saltitante. A escola est\u00e1 comemorando 90 anos. Apesar das dificuldades vividas pelo pa\u00eds e o Estado, a Escola Estadual Raul Soares n\u00e3o tem motivos para reclamar. Depois do sucesso no \u00faltimo domingo, quando a comunidade lotou as depend\u00eancias do Centro Esportivo Ubaense, onde todos degustaram um almo\u00e7o delicioso, os dias continuam agitados. Quase vinte unidades de aparelhos de ar condicionados est\u00e3o sendo adaptados para um melhor conforto dos alunos. Isto sem falar na sala de professores. Essa recebeu mesa nova, pintura nova, m\u00f3veis novos. Cada professor recebeu um espa\u00e7o novinho para guardar seus pertences. Esse \u00e9 o Raul Soares, orgulho da Trig\u00e9sima Oitava Superintend\u00eancia Regional de Ensino de Ub\u00e1. Neste s\u00e1bado (14) foi dia de quadrilha (festa julina) na escola. Oportunidade que o professor Edivaldo Cruz para utilizar pela primeira vez os novos instrumentos. Acompanhe com exclusividade essa entrevista.<\/p>\n<div style=\"position: relative; height: 0; padding-bottom: 56.25%;\"><iframe style=\"position: absolute; width: 100%; height: 100%; left: 0;\" data-src=\"https:\/\/www.youtube.com\/embed\/-_NiAQN83Wg?ecver=2\" width=\"640\" height=\"360\" frameborder=\"0\" allowfullscreen=\"allowfullscreen\" src=\"data:image\/svg+xml;base64,PHN2ZyB3aWR0aD0iMSIgaGVpZ2h0PSIxIiB4bWxucz0iaHR0cDovL3d3dy53My5vcmcvMjAwMC9zdmciPjwvc3ZnPg==\" class=\"lazyload\" data-load-mode=\"1\"><\/iframe><\/div>\n<p>&nbsp;<\/p>\n","protected":false},"excerpt":{"rendered":"<p>Coordenada pela Associa\u00e7\u00e3o de Pais e Mestres da Escola Estadual<\/p>\n","protected":false},"author":2,"featured_media":5609,"comment_status":"open","ping_status":"open","sticky":false,"template":"","format":"standard","meta":{"footnotes":""},"categories":[1],"tags":[],"class_list":["post-5607","post","type-post","status-publish","format-standard","has-post-thumbnail","hentry","category-sem-categoria"],"yoast_head":"<!-- This site is optimized with the Yoast SEO plugin v27.2 - https:\/\/yoast.com\/product\/yoast-seo-wordpress\/ -->\n<title>FALTA POUCO PARA A FANFARRA DO RAUL SE TORNAR UMA BANDA DE M\u00daSICA - Ub\u00e1 News<\/title>\n<meta name=\"robots\" content=\"index, follow, max-snippet:-1, max-image-preview:large, max-video-preview:-1\" \/>\n<link rel=\"canonical\" href=\"https:\/\/ubanews.com\/site\/2018\/07\/14\/falta-pouco-para-a-fanfarra-do-raul-se-tornar-uma-banda-de-musica\/\" \/>\n<meta property=\"og:locale\" content=\"pt_BR\" \/>\n<meta property=\"og:type\" content=\"article\" \/>\n<meta property=\"og:title\" content=\"FALTA POUCO PARA A FANFARRA DO RAUL SE TORNAR UMA BANDA DE M\u00daSICA - Ub\u00e1 News\" \/>\n<meta property=\"og:description\" content=\"Coordenada pela Associa\u00e7\u00e3o de Pais e Mestres da Escola Estadual\" \/>\n<meta property=\"og:url\" content=\"https:\/\/ubanews.com\/site\/2018\/07\/14\/falta-pouco-para-a-fanfarra-do-raul-se-tornar-uma-banda-de-musica\/\" \/>\n<meta property=\"og:site_name\" content=\"Ub\u00e1 News\" \/>\n<meta property=\"article:publisher\" content=\"https:\/\/www.facebook.com\/Ub%c3%a1News-Carlos-Roberto-Sodr%c3%a9-418778301977370\" \/>\n<meta property=\"article:author\" content=\"https:\/\/www.facebook.com\/carosroberto.sodre.5\/\" \/>\n<meta property=\"article:published_time\" content=\"2018-07-14T22:52:10+00:00\" \/>\n<meta property=\"article:modified_time\" content=\"2018-07-19T19:09:39+00:00\" \/>\n<meta property=\"og:image\" content=\"https:\/\/ubanews.com\/site\/wp-content\/uploads\/2018\/07\/DSC_0934-copiar.jpg\" \/>\n\t<meta property=\"og:image:width\" content=\"800\" \/>\n\t<meta property=\"og:image:height\" content=\"389\" \/>\n\t<meta property=\"og:image:type\" content=\"image\/jpeg\" \/>\n<meta name=\"author\" content=\"Sodr\u00e9\" \/>\n<meta name=\"twitter:card\" content=\"summary_large_image\" \/>\n<meta name=\"twitter:label1\" content=\"Escrito por\" \/>\n\t<meta name=\"twitter:data1\" content=\"Sodr\u00e9\" \/>\n\t<meta name=\"twitter:label2\" content=\"Est. tempo de leitura\" \/>\n\t<meta name=\"twitter:data2\" content=\"1 minuto\" \/>\n<script type=\"application\/ld+json\" class=\"yoast-schema-graph\">{\"@context\":\"https:\/\/schema.org\",\"@graph\":[{\"@type\":\"Article\",\"@id\":\"https:\/\/ubanews.com\/site\/2018\/07\/14\/falta-pouco-para-a-fanfarra-do-raul-se-tornar-uma-banda-de-musica\/#article\",\"isPartOf\":{\"@id\":\"https:\/\/ubanews.com\/site\/2018\/07\/14\/falta-pouco-para-a-fanfarra-do-raul-se-tornar-uma-banda-de-musica\/\"},\"author\":{\"name\":\"Sodr\u00e9\",\"@id\":\"https:\/\/ubanews.com\/site\/#\/schema\/person\/d90c9e47252fbb63dcc969fe4c8b9d10\"},\"headline\":\"FALTA POUCO PARA A FANFARRA DO RAUL SE TORNAR UMA BANDA DE M\u00daSICA\",\"datePublished\":\"2018-07-14T22:52:10+00:00\",\"dateModified\":\"2018-07-19T19:09:39+00:00\",\"mainEntityOfPage\":{\"@id\":\"https:\/\/ubanews.com\/site\/2018\/07\/14\/falta-pouco-para-a-fanfarra-do-raul-se-tornar-uma-banda-de-musica\/\"},\"wordCount\":300,\"commentCount\":0,\"publisher\":{\"@id\":\"https:\/\/ubanews.com\/site\/#organization\"},\"image\":{\"@id\":\"https:\/\/ubanews.com\/site\/2018\/07\/14\/falta-pouco-para-a-fanfarra-do-raul-se-tornar-uma-banda-de-musica\/#primaryimage\"},\"thumbnailUrl\":\"https:\/\/ubanews.com\/site\/wp-content\/uploads\/2018\/07\/DSC_0934-copiar.jpg\",\"articleSection\":[\"Geral\"],\"inLanguage\":\"pt-BR\",\"potentialAction\":[{\"@type\":\"CommentAction\",\"name\":\"Comment\",\"target\":[\"https:\/\/ubanews.com\/site\/2018\/07\/14\/falta-pouco-para-a-fanfarra-do-raul-se-tornar-uma-banda-de-musica\/#respond\"]}]},{\"@type\":\"WebPage\",\"@id\":\"https:\/\/ubanews.com\/site\/2018\/07\/14\/falta-pouco-para-a-fanfarra-do-raul-se-tornar-uma-banda-de-musica\/\",\"url\":\"https:\/\/ubanews.com\/site\/2018\/07\/14\/falta-pouco-para-a-fanfarra-do-raul-se-tornar-uma-banda-de-musica\/\",\"name\":\"FALTA POUCO PARA A FANFARRA DO RAUL SE TORNAR UMA BANDA DE M\u00daSICA - Ub\u00e1 News\",\"isPartOf\":{\"@id\":\"https:\/\/ubanews.com\/site\/#website\"},\"primaryImageOfPage\":{\"@id\":\"https:\/\/ubanews.com\/site\/2018\/07\/14\/falta-pouco-para-a-fanfarra-do-raul-se-tornar-uma-banda-de-musica\/#primaryimage\"},\"image\":{\"@id\":\"https:\/\/ubanews.com\/site\/2018\/07\/14\/falta-pouco-para-a-fanfarra-do-raul-se-tornar-uma-banda-de-musica\/#primaryimage\"},\"thumbnailUrl\":\"https:\/\/ubanews.com\/site\/wp-content\/uploads\/2018\/07\/DSC_0934-copiar.jpg\",\"datePublished\":\"2018-07-14T22:52:10+00:00\",\"dateModified\":\"2018-07-19T19:09:39+00:00\",\"breadcrumb\":{\"@id\":\"https:\/\/ubanews.com\/site\/2018\/07\/14\/falta-pouco-para-a-fanfarra-do-raul-se-tornar-uma-banda-de-musica\/#breadcrumb\"},\"inLanguage\":\"pt-BR\",\"potentialAction\":[{\"@type\":\"ReadAction\",\"target\":[\"https:\/\/ubanews.com\/site\/2018\/07\/14\/falta-pouco-para-a-fanfarra-do-raul-se-tornar-uma-banda-de-musica\/\"]}]},{\"@type\":\"ImageObject\",\"inLanguage\":\"pt-BR\",\"@id\":\"https:\/\/ubanews.com\/site\/2018\/07\/14\/falta-pouco-para-a-fanfarra-do-raul-se-tornar-uma-banda-de-musica\/#primaryimage\",\"url\":\"https:\/\/ubanews.com\/site\/wp-content\/uploads\/2018\/07\/DSC_0934-copiar.jpg\",\"contentUrl\":\"https:\/\/ubanews.com\/site\/wp-content\/uploads\/2018\/07\/DSC_0934-copiar.jpg\",\"width\":800,\"height\":389},{\"@type\":\"BreadcrumbList\",\"@id\":\"https:\/\/ubanews.com\/site\/2018\/07\/14\/falta-pouco-para-a-fanfarra-do-raul-se-tornar-uma-banda-de-musica\/#breadcrumb\",\"itemListElement\":[{\"@type\":\"ListItem\",\"position\":1,\"name\":\"Home\",\"item\":\"https:\/\/ubanews.com\/site\/\"},{\"@type\":\"ListItem\",\"position\":2,\"name\":\"FALTA POUCO PARA A FANFARRA DO RAUL SE TORNAR UMA BANDA DE M\u00daSICA\"}]},{\"@type\":\"WebSite\",\"@id\":\"https:\/\/ubanews.com\/site\/#website\",\"url\":\"https:\/\/ubanews.com\/site\/\",\"name\":\"Ub\u00e1 News\",\"description\":\"\",\"publisher\":{\"@id\":\"https:\/\/ubanews.com\/site\/#organization\"},\"potentialAction\":[{\"@type\":\"SearchAction\",\"target\":{\"@type\":\"EntryPoint\",\"urlTemplate\":\"https:\/\/ubanews.com\/site\/?s={search_term_string}\"},\"query-input\":{\"@type\":\"PropertyValueSpecification\",\"valueRequired\":true,\"valueName\":\"search_term_string\"}}],\"inLanguage\":\"pt-BR\"},{\"@type\":\"Organization\",\"@id\":\"https:\/\/ubanews.com\/site\/#organization\",\"name\":\"Ub\u00e1 News\",\"url\":\"https:\/\/ubanews.com\/site\/\",\"logo\":{\"@type\":\"ImageObject\",\"inLanguage\":\"pt-BR\",\"@id\":\"https:\/\/ubanews.com\/site\/#\/schema\/logo\/image\/\",\"url\":\"https:\/\/ubanews.com\/site\/wp-content\/uploads\/2018\/01\/logoubanews.png\",\"contentUrl\":\"https:\/\/ubanews.com\/site\/wp-content\/uploads\/2018\/01\/logoubanews.png\",\"width\":261,\"height\":99,\"caption\":\"Ub\u00e1 News\"},\"image\":{\"@id\":\"https:\/\/ubanews.com\/site\/#\/schema\/logo\/image\/\"},\"sameAs\":[\"https:\/\/www.facebook.com\/Ub\u00e1News-Carlos-Roberto-Sodr\u00e9-418778301977370\"]},{\"@type\":\"Person\",\"@id\":\"https:\/\/ubanews.com\/site\/#\/schema\/person\/d90c9e47252fbb63dcc969fe4c8b9d10\",\"name\":\"Sodr\u00e9\",\"image\":{\"@type\":\"ImageObject\",\"inLanguage\":\"pt-BR\",\"@id\":\"https:\/\/secure.gravatar.com\/avatar\/5ba2793f0590b9dbfad3fdec4ee714485b3eef211c9b32ee53d414060454a56c?s=96&d=mm&r=g\",\"url\":\"https:\/\/secure.gravatar.com\/avatar\/5ba2793f0590b9dbfad3fdec4ee714485b3eef211c9b32ee53d414060454a56c?s=96&d=mm&r=g\",\"contentUrl\":\"https:\/\/secure.gravatar.com\/avatar\/5ba2793f0590b9dbfad3fdec4ee714485b3eef211c9b32ee53d414060454a56c?s=96&d=mm&r=g\",\"caption\":\"Sodr\u00e9\"},\"sameAs\":[\"https:\/\/www.facebook.com\/carosroberto.sodre.5\/\"],\"url\":\"https:\/\/ubanews.com\/site\/author\/felipe\/\"}]}<\/script>\n<!-- \/ Yoast SEO plugin. -->","yoast_head_json":{"title":"FALTA POUCO PARA A FANFARRA DO RAUL SE TORNAR UMA BANDA DE M\u00daSICA - Ub\u00e1 News","robots":{"index":"index","follow":"follow","max-snippet":"max-snippet:-1","max-image-preview":"max-image-preview:large","max-video-preview":"max-video-preview:-1"},"canonical":"https:\/\/ubanews.com\/site\/2018\/07\/14\/falta-pouco-para-a-fanfarra-do-raul-se-tornar-uma-banda-de-musica\/","og_locale":"pt_BR","og_type":"article","og_title":"FALTA POUCO PARA A FANFARRA DO RAUL SE TORNAR UMA BANDA DE M\u00daSICA - Ub\u00e1 News","og_description":"Coordenada pela Associa\u00e7\u00e3o de Pais e Mestres da Escola Estadual","og_url":"https:\/\/ubanews.com\/site\/2018\/07\/14\/falta-pouco-para-a-fanfarra-do-raul-se-tornar-uma-banda-de-musica\/","og_site_name":"Ub\u00e1 News","article_publisher":"https:\/\/www.facebook.com\/Ub%c3%a1News-Carlos-Roberto-Sodr%c3%a9-418778301977370","article_author":"https:\/\/www.facebook.com\/carosroberto.sodre.5\/","article_published_time":"2018-07-14T22:52:10+00:00","article_modified_time":"2018-07-19T19:09:39+00:00","og_image":[{"width":800,"height":389,"url":"https:\/\/ubanews.com\/site\/wp-content\/uploads\/2018\/07\/DSC_0934-copiar.jpg","type":"image\/jpeg"}],"author":"Sodr\u00e9","twitter_card":"summary_large_image","twitter_misc":{"Escrito por":"Sodr\u00e9","Est. tempo de leitura":"1 minuto"},"schema":{"@context":"https:\/\/schema.org","@graph":[{"@type":"Article","@id":"https:\/\/ubanews.com\/site\/2018\/07\/14\/falta-pouco-para-a-fanfarra-do-raul-se-tornar-uma-banda-de-musica\/#article","isPartOf":{"@id":"https:\/\/ubanews.com\/site\/2018\/07\/14\/falta-pouco-para-a-fanfarra-do-raul-se-tornar-uma-banda-de-musica\/"},"author":{"name":"Sodr\u00e9","@id":"https:\/\/ubanews.com\/site\/#\/schema\/person\/d90c9e47252fbb63dcc969fe4c8b9d10"},"headline":"FALTA POUCO PARA A FANFARRA DO RAUL SE TORNAR UMA BANDA DE M\u00daSICA","datePublished":"2018-07-14T22:52:10+00:00","dateModified":"2018-07-19T19:09:39+00:00","mainEntityOfPage":{"@id":"https:\/\/ubanews.com\/site\/2018\/07\/14\/falta-pouco-para-a-fanfarra-do-raul-se-tornar-uma-banda-de-musica\/"},"wordCount":300,"commentCount":0,"publisher":{"@id":"https:\/\/ubanews.com\/site\/#organization"},"image":{"@id":"https:\/\/ubanews.com\/site\/2018\/07\/14\/falta-pouco-para-a-fanfarra-do-raul-se-tornar-uma-banda-de-musica\/#primaryimage"},"thumbnailUrl":"https:\/\/ubanews.com\/site\/wp-content\/uploads\/2018\/07\/DSC_0934-copiar.jpg","articleSection":["Geral"],"inLanguage":"pt-BR","potentialAction":[{"@type":"CommentAction","name":"Comment","target":["https:\/\/ubanews.com\/site\/2018\/07\/14\/falta-pouco-para-a-fanfarra-do-raul-se-tornar-uma-banda-de-musica\/#respond"]}]},{"@type":"WebPage","@id":"https:\/\/ubanews.com\/site\/2018\/07\/14\/falta-pouco-para-a-fanfarra-do-raul-se-tornar-uma-banda-de-musica\/","url":"https:\/\/ubanews.com\/site\/2018\/07\/14\/falta-pouco-para-a-fanfarra-do-raul-se-tornar-uma-banda-de-musica\/","name":"FALTA POUCO PARA A FANFARRA DO RAUL SE TORNAR UMA BANDA DE M\u00daSICA - Ub\u00e1 News","isPartOf":{"@id":"https:\/\/ubanews.com\/site\/#website"},"primaryImageOfPage":{"@id":"https:\/\/ubanews.com\/site\/2018\/07\/14\/falta-pouco-para-a-fanfarra-do-raul-se-tornar-uma-banda-de-musica\/#primaryimage"},"image":{"@id":"https:\/\/ubanews.com\/site\/2018\/07\/14\/falta-pouco-para-a-fanfarra-do-raul-se-tornar-uma-banda-de-musica\/#primaryimage"},"thumbnailUrl":"https:\/\/ubanews.com\/site\/wp-content\/uploads\/2018\/07\/DSC_0934-copiar.jpg","datePublished":"2018-07-14T22:52:10+00:00","dateModified":"2018-07-19T19:09:39+00:00","breadcrumb":{"@id":"https:\/\/ubanews.com\/site\/2018\/07\/14\/falta-pouco-para-a-fanfarra-do-raul-se-tornar-uma-banda-de-musica\/#breadcrumb"},"inLanguage":"pt-BR","potentialAction":[{"@type":"ReadAction","target":["https:\/\/ubanews.com\/site\/2018\/07\/14\/falta-pouco-para-a-fanfarra-do-raul-se-tornar-uma-banda-de-musica\/"]}]},{"@type":"ImageObject","inLanguage":"pt-BR","@id":"https:\/\/ubanews.com\/site\/2018\/07\/14\/falta-pouco-para-a-fanfarra-do-raul-se-tornar-uma-banda-de-musica\/#primaryimage","url":"https:\/\/ubanews.com\/site\/wp-content\/uploads\/2018\/07\/DSC_0934-copiar.jpg","contentUrl":"https:\/\/ubanews.com\/site\/wp-content\/uploads\/2018\/07\/DSC_0934-copiar.jpg","width":800,"height":389},{"@type":"BreadcrumbList","@id":"https:\/\/ubanews.com\/site\/2018\/07\/14\/falta-pouco-para-a-fanfarra-do-raul-se-tornar-uma-banda-de-musica\/#breadcrumb","itemListElement":[{"@type":"ListItem","position":1,"name":"Home","item":"https:\/\/ubanews.com\/site\/"},{"@type":"ListItem","position":2,"name":"FALTA POUCO PARA A FANFARRA DO RAUL SE TORNAR UMA BANDA DE M\u00daSICA"}]},{"@type":"WebSite","@id":"https:\/\/ubanews.com\/site\/#website","url":"https:\/\/ubanews.com\/site\/","name":"Ub\u00e1 News","description":"","publisher":{"@id":"https:\/\/ubanews.com\/site\/#organization"},"potentialAction":[{"@type":"SearchAction","target":{"@type":"EntryPoint","urlTemplate":"https:\/\/ubanews.com\/site\/?s={search_term_string}"},"query-input":{"@type":"PropertyValueSpecification","valueRequired":true,"valueName":"search_term_string"}}],"inLanguage":"pt-BR"},{"@type":"Organization","@id":"https:\/\/ubanews.com\/site\/#organization","name":"Ub\u00e1 News","url":"https:\/\/ubanews.com\/site\/","logo":{"@type":"ImageObject","inLanguage":"pt-BR","@id":"https:\/\/ubanews.com\/site\/#\/schema\/logo\/image\/","url":"https:\/\/ubanews.com\/site\/wp-content\/uploads\/2018\/01\/logoubanews.png","contentUrl":"https:\/\/ubanews.com\/site\/wp-content\/uploads\/2018\/01\/logoubanews.png","width":261,"height":99,"caption":"Ub\u00e1 News"},"image":{"@id":"https:\/\/ubanews.com\/site\/#\/schema\/logo\/image\/"},"sameAs":["https:\/\/www.facebook.com\/Ub\u00e1News-Carlos-Roberto-Sodr\u00e9-418778301977370"]},{"@type":"Person","@id":"https:\/\/ubanews.com\/site\/#\/schema\/person\/d90c9e47252fbb63dcc969fe4c8b9d10","name":"Sodr\u00e9","image":{"@type":"ImageObject","inLanguage":"pt-BR","@id":"https:\/\/secure.gravatar.com\/avatar\/5ba2793f0590b9dbfad3fdec4ee714485b3eef211c9b32ee53d414060454a56c?s=96&d=mm&r=g","url":"https:\/\/secure.gravatar.com\/avatar\/5ba2793f0590b9dbfad3fdec4ee714485b3eef211c9b32ee53d414060454a56c?s=96&d=mm&r=g","contentUrl":"https:\/\/secure.gravatar.com\/avatar\/5ba2793f0590b9dbfad3fdec4ee714485b3eef211c9b32ee53d414060454a56c?s=96&d=mm&r=g","caption":"Sodr\u00e9"},"sameAs":["https:\/\/www.facebook.com\/carosroberto.sodre.5\/"],"url":"https:\/\/ubanews.com\/site\/author\/felipe\/"}]}},"_links":{"self":[{"href":"https:\/\/ubanews.com\/site\/wp-json\/wp\/v2\/posts\/5607","targetHints":{"allow":["GET"]}}],"collection":[{"href":"https:\/\/ubanews.com\/site\/wp-json\/wp\/v2\/posts"}],"about":[{"href":"https:\/\/ubanews.com\/site\/wp-json\/wp\/v2\/types\/post"}],"author":[{"embeddable":true,"href":"https:\/\/ubanews.com\/site\/wp-json\/wp\/v2\/users\/2"}],"replies":[{"embeddable":true,"href":"https:\/\/ubanews.com\/site\/wp-json\/wp\/v2\/comments?post=5607"}],"version-history":[{"count":0,"href":"https:\/\/ubanews.com\/site\/wp-json\/wp\/v2\/posts\/5607\/revisions"}],"wp:featuredmedia":[{"embeddable":true,"href":"https:\/\/ubanews.com\/site\/wp-json\/wp\/v2\/media\/5609"}],"wp:attachment":[{"href":"https:\/\/ubanews.com\/site\/wp-json\/wp\/v2\/media?parent=5607"}],"wp:term":[{"taxonomy":"category","embeddable":true,"href":"https:\/\/ubanews.com\/site\/wp-json\/wp\/v2\/categories?post=5607"},{"taxonomy":"post_tag","embeddable":true,"href":"https:\/\/ubanews.com\/site\/wp-json\/wp\/v2\/tags?post=5607"}],"curies":[{"name":"wp","href":"https:\/\/api.w.org\/{rel}","templated":true}]}}