{"id":5604,"date":"2018-07-14T18:28:33","date_gmt":"2018-07-14T21:28:33","guid":{"rendered":"http:\/\/ubanews.com\/site\/?p=5604"},"modified":"2018-07-19T16:09:29","modified_gmt":"2018-07-19T19:09:29","slug":"festa-julina-do-mangueiras-teve-barraca-do-patronato-vicentinos-e-asilo","status":"publish","type":"post","link":"https:\/\/ubanews.com\/site\/2018\/07\/14\/festa-julina-do-mangueiras-teve-barraca-do-patronato-vicentinos-e-asilo\/","title":{"rendered":"FESTA JULINA DO MANGUEIRAS TEVE BARRACA DO PATRONATO, VICENTINOS E ASILO"},"content":{"rendered":"<p>Um dos mais tradicionais clubes da cidade, o Mangueiras Country Club, o lazer verde da cidade, promoveu neste s\u00e1bado (14) a sua t\u00e3o esperada festa julina. Al\u00e9m do DJ, mais uma vez a divers\u00e3o ficou ainda melhor e mais animada com as barracas do Patronato S\u00e3o Jos\u00e9, Vicentinos e Asilo S\u00e3o Vicente de Paulo. Cada um levou suas especialidades, ficando com o lucro de 100%, enquanto o club ficou com o bar. Uma maneira que a diretoria encontrou de praticar o lado social. Para facilitar a vida dos s\u00f3cios, este ano a quadrilha foi marcada para \u00e0s 15h. Contudo, houve um pequeno atraso, por\u00e9m a brincadeira esteve dentro do desejado. Fomos at\u00e9 l\u00e1 e conversamos com os dois Paulinhos. O presidente Paulinho Andrade e o Gerente Geral Paulinho Lana.<\/p>\n<p><iframe data-src=\"https:\/\/www.youtube.com\/embed\/EUprl4ohVW4\" width=\"560\" height=\"315\" frameborder=\"0\" allowfullscreen=\"allowfullscreen\" src=\"data:image\/svg+xml;base64,PHN2ZyB3aWR0aD0iMSIgaGVpZ2h0PSIxIiB4bWxucz0iaHR0cDovL3d3dy53My5vcmcvMjAwMC9zdmciPjwvc3ZnPg==\" class=\"lazyload\" data-load-mode=\"1\"><\/iframe>&nbsp;<\/p>\n","protected":false},"excerpt":{"rendered":"<p>Um dos mais tradicionais clubes da cidade, o Mangueiras Country<\/p>\n","protected":false},"author":2,"featured_media":5605,"comment_status":"open","ping_status":"open","sticky":false,"template":"","format":"standard","meta":{"footnotes":""},"categories":[1],"tags":[],"class_list":["post-5604","post","type-post","status-publish","format-standard","has-post-thumbnail","hentry","category-sem-categoria"],"yoast_head":"<!-- This site is optimized with the Yoast SEO plugin v27.2 - https:\/\/yoast.com\/product\/yoast-seo-wordpress\/ -->\n<title>FESTA JULINA DO MANGUEIRAS TEVE BARRACA DO PATRONATO, VICENTINOS E ASILO - Ub\u00e1 News<\/title>\n<meta name=\"robots\" content=\"index, follow, max-snippet:-1, max-image-preview:large, max-video-preview:-1\" \/>\n<link rel=\"canonical\" href=\"https:\/\/ubanews.com\/site\/2018\/07\/14\/festa-julina-do-mangueiras-teve-barraca-do-patronato-vicentinos-e-asilo\/\" \/>\n<meta property=\"og:locale\" content=\"pt_BR\" \/>\n<meta property=\"og:type\" content=\"article\" \/>\n<meta property=\"og:title\" content=\"FESTA JULINA DO MANGUEIRAS TEVE BARRACA DO PATRONATO, VICENTINOS E ASILO - Ub\u00e1 News\" \/>\n<meta property=\"og:description\" content=\"Um dos mais tradicionais clubes da cidade, o Mangueiras Country\" \/>\n<meta property=\"og:url\" content=\"https:\/\/ubanews.com\/site\/2018\/07\/14\/festa-julina-do-mangueiras-teve-barraca-do-patronato-vicentinos-e-asilo\/\" \/>\n<meta property=\"og:site_name\" content=\"Ub\u00e1 News\" \/>\n<meta property=\"article:publisher\" content=\"https:\/\/www.facebook.com\/Ub%c3%a1News-Carlos-Roberto-Sodr%c3%a9-418778301977370\" \/>\n<meta property=\"article:author\" content=\"https:\/\/www.facebook.com\/carosroberto.sodre.5\/\" \/>\n<meta property=\"article:published_time\" content=\"2018-07-14T21:28:33+00:00\" \/>\n<meta property=\"article:modified_time\" content=\"2018-07-19T19:09:29+00:00\" \/>\n<meta property=\"og:image\" content=\"https:\/\/ubanews.com\/site\/wp-content\/uploads\/2018\/07\/Arraia.jpg\" \/>\n\t<meta property=\"og:image:width\" content=\"800\" \/>\n\t<meta property=\"og:image:height\" content=\"389\" \/>\n\t<meta property=\"og:image:type\" content=\"image\/jpeg\" \/>\n<meta name=\"author\" content=\"Sodr\u00e9\" \/>\n<meta name=\"twitter:card\" content=\"summary_large_image\" \/>\n<meta name=\"twitter:label1\" content=\"Escrito por\" \/>\n\t<meta name=\"twitter:data1\" content=\"Sodr\u00e9\" \/>\n\t<meta name=\"twitter:label2\" content=\"Est. tempo de leitura\" \/>\n\t<meta name=\"twitter:data2\" content=\"1 minuto\" \/>\n<script type=\"application\/ld+json\" class=\"yoast-schema-graph\">{\"@context\":\"https:\/\/schema.org\",\"@graph\":[{\"@type\":\"Article\",\"@id\":\"https:\/\/ubanews.com\/site\/2018\/07\/14\/festa-julina-do-mangueiras-teve-barraca-do-patronato-vicentinos-e-asilo\/#article\",\"isPartOf\":{\"@id\":\"https:\/\/ubanews.com\/site\/2018\/07\/14\/festa-julina-do-mangueiras-teve-barraca-do-patronato-vicentinos-e-asilo\/\"},\"author\":{\"name\":\"Sodr\u00e9\",\"@id\":\"https:\/\/ubanews.com\/site\/#\/schema\/person\/d90c9e47252fbb63dcc969fe4c8b9d10\"},\"headline\":\"FESTA JULINA DO MANGUEIRAS TEVE BARRACA DO PATRONATO, VICENTINOS E ASILO\",\"datePublished\":\"2018-07-14T21:28:33+00:00\",\"dateModified\":\"2018-07-19T19:09:29+00:00\",\"mainEntityOfPage\":{\"@id\":\"https:\/\/ubanews.com\/site\/2018\/07\/14\/festa-julina-do-mangueiras-teve-barraca-do-patronato-vicentinos-e-asilo\/\"},\"wordCount\":147,\"commentCount\":0,\"publisher\":{\"@id\":\"https:\/\/ubanews.com\/site\/#organization\"},\"image\":{\"@id\":\"https:\/\/ubanews.com\/site\/2018\/07\/14\/festa-julina-do-mangueiras-teve-barraca-do-patronato-vicentinos-e-asilo\/#primaryimage\"},\"thumbnailUrl\":\"https:\/\/ubanews.com\/site\/wp-content\/uploads\/2018\/07\/Arraia.jpg\",\"articleSection\":[\"Geral\"],\"inLanguage\":\"pt-BR\",\"potentialAction\":[{\"@type\":\"CommentAction\",\"name\":\"Comment\",\"target\":[\"https:\/\/ubanews.com\/site\/2018\/07\/14\/festa-julina-do-mangueiras-teve-barraca-do-patronato-vicentinos-e-asilo\/#respond\"]}]},{\"@type\":\"WebPage\",\"@id\":\"https:\/\/ubanews.com\/site\/2018\/07\/14\/festa-julina-do-mangueiras-teve-barraca-do-patronato-vicentinos-e-asilo\/\",\"url\":\"https:\/\/ubanews.com\/site\/2018\/07\/14\/festa-julina-do-mangueiras-teve-barraca-do-patronato-vicentinos-e-asilo\/\",\"name\":\"FESTA JULINA DO MANGUEIRAS TEVE BARRACA DO PATRONATO, VICENTINOS E ASILO - Ub\u00e1 News\",\"isPartOf\":{\"@id\":\"https:\/\/ubanews.com\/site\/#website\"},\"primaryImageOfPage\":{\"@id\":\"https:\/\/ubanews.com\/site\/2018\/07\/14\/festa-julina-do-mangueiras-teve-barraca-do-patronato-vicentinos-e-asilo\/#primaryimage\"},\"image\":{\"@id\":\"https:\/\/ubanews.com\/site\/2018\/07\/14\/festa-julina-do-mangueiras-teve-barraca-do-patronato-vicentinos-e-asilo\/#primaryimage\"},\"thumbnailUrl\":\"https:\/\/ubanews.com\/site\/wp-content\/uploads\/2018\/07\/Arraia.jpg\",\"datePublished\":\"2018-07-14T21:28:33+00:00\",\"dateModified\":\"2018-07-19T19:09:29+00:00\",\"breadcrumb\":{\"@id\":\"https:\/\/ubanews.com\/site\/2018\/07\/14\/festa-julina-do-mangueiras-teve-barraca-do-patronato-vicentinos-e-asilo\/#breadcrumb\"},\"inLanguage\":\"pt-BR\",\"potentialAction\":[{\"@type\":\"ReadAction\",\"target\":[\"https:\/\/ubanews.com\/site\/2018\/07\/14\/festa-julina-do-mangueiras-teve-barraca-do-patronato-vicentinos-e-asilo\/\"]}]},{\"@type\":\"ImageObject\",\"inLanguage\":\"pt-BR\",\"@id\":\"https:\/\/ubanews.com\/site\/2018\/07\/14\/festa-julina-do-mangueiras-teve-barraca-do-patronato-vicentinos-e-asilo\/#primaryimage\",\"url\":\"https:\/\/ubanews.com\/site\/wp-content\/uploads\/2018\/07\/Arraia.jpg\",\"contentUrl\":\"https:\/\/ubanews.com\/site\/wp-content\/uploads\/2018\/07\/Arraia.jpg\",\"width\":800,\"height\":389},{\"@type\":\"BreadcrumbList\",\"@id\":\"https:\/\/ubanews.com\/site\/2018\/07\/14\/festa-julina-do-mangueiras-teve-barraca-do-patronato-vicentinos-e-asilo\/#breadcrumb\",\"itemListElement\":[{\"@type\":\"ListItem\",\"position\":1,\"name\":\"Home\",\"item\":\"https:\/\/ubanews.com\/site\/\"},{\"@type\":\"ListItem\",\"position\":2,\"name\":\"FESTA JULINA DO MANGUEIRAS TEVE BARRACA DO PATRONATO, VICENTINOS E ASILO\"}]},{\"@type\":\"WebSite\",\"@id\":\"https:\/\/ubanews.com\/site\/#website\",\"url\":\"https:\/\/ubanews.com\/site\/\",\"name\":\"Ub\u00e1 News\",\"description\":\"\",\"publisher\":{\"@id\":\"https:\/\/ubanews.com\/site\/#organization\"},\"potentialAction\":[{\"@type\":\"SearchAction\",\"target\":{\"@type\":\"EntryPoint\",\"urlTemplate\":\"https:\/\/ubanews.com\/site\/?s={search_term_string}\"},\"query-input\":{\"@type\":\"PropertyValueSpecification\",\"valueRequired\":true,\"valueName\":\"search_term_string\"}}],\"inLanguage\":\"pt-BR\"},{\"@type\":\"Organization\",\"@id\":\"https:\/\/ubanews.com\/site\/#organization\",\"name\":\"Ub\u00e1 News\",\"url\":\"https:\/\/ubanews.com\/site\/\",\"logo\":{\"@type\":\"ImageObject\",\"inLanguage\":\"pt-BR\",\"@id\":\"https:\/\/ubanews.com\/site\/#\/schema\/logo\/image\/\",\"url\":\"https:\/\/ubanews.com\/site\/wp-content\/uploads\/2018\/01\/logoubanews.png\",\"contentUrl\":\"https:\/\/ubanews.com\/site\/wp-content\/uploads\/2018\/01\/logoubanews.png\",\"width\":261,\"height\":99,\"caption\":\"Ub\u00e1 News\"},\"image\":{\"@id\":\"https:\/\/ubanews.com\/site\/#\/schema\/logo\/image\/\"},\"sameAs\":[\"https:\/\/www.facebook.com\/Ub\u00e1News-Carlos-Roberto-Sodr\u00e9-418778301977370\"]},{\"@type\":\"Person\",\"@id\":\"https:\/\/ubanews.com\/site\/#\/schema\/person\/d90c9e47252fbb63dcc969fe4c8b9d10\",\"name\":\"Sodr\u00e9\",\"image\":{\"@type\":\"ImageObject\",\"inLanguage\":\"pt-BR\",\"@id\":\"https:\/\/secure.gravatar.com\/avatar\/5ba2793f0590b9dbfad3fdec4ee714485b3eef211c9b32ee53d414060454a56c?s=96&d=mm&r=g\",\"url\":\"https:\/\/secure.gravatar.com\/avatar\/5ba2793f0590b9dbfad3fdec4ee714485b3eef211c9b32ee53d414060454a56c?s=96&d=mm&r=g\",\"contentUrl\":\"https:\/\/secure.gravatar.com\/avatar\/5ba2793f0590b9dbfad3fdec4ee714485b3eef211c9b32ee53d414060454a56c?s=96&d=mm&r=g\",\"caption\":\"Sodr\u00e9\"},\"sameAs\":[\"https:\/\/www.facebook.com\/carosroberto.sodre.5\/\"],\"url\":\"https:\/\/ubanews.com\/site\/author\/felipe\/\"}]}<\/script>\n<!-- \/ Yoast SEO plugin. -->","yoast_head_json":{"title":"FESTA JULINA DO MANGUEIRAS TEVE BARRACA DO PATRONATO, VICENTINOS E ASILO - Ub\u00e1 News","robots":{"index":"index","follow":"follow","max-snippet":"max-snippet:-1","max-image-preview":"max-image-preview:large","max-video-preview":"max-video-preview:-1"},"canonical":"https:\/\/ubanews.com\/site\/2018\/07\/14\/festa-julina-do-mangueiras-teve-barraca-do-patronato-vicentinos-e-asilo\/","og_locale":"pt_BR","og_type":"article","og_title":"FESTA JULINA DO MANGUEIRAS TEVE BARRACA DO PATRONATO, VICENTINOS E ASILO - Ub\u00e1 News","og_description":"Um dos mais tradicionais clubes da cidade, o Mangueiras Country","og_url":"https:\/\/ubanews.com\/site\/2018\/07\/14\/festa-julina-do-mangueiras-teve-barraca-do-patronato-vicentinos-e-asilo\/","og_site_name":"Ub\u00e1 News","article_publisher":"https:\/\/www.facebook.com\/Ub%c3%a1News-Carlos-Roberto-Sodr%c3%a9-418778301977370","article_author":"https:\/\/www.facebook.com\/carosroberto.sodre.5\/","article_published_time":"2018-07-14T21:28:33+00:00","article_modified_time":"2018-07-19T19:09:29+00:00","og_image":[{"width":800,"height":389,"url":"https:\/\/ubanews.com\/site\/wp-content\/uploads\/2018\/07\/Arraia.jpg","type":"image\/jpeg"}],"author":"Sodr\u00e9","twitter_card":"summary_large_image","twitter_misc":{"Escrito por":"Sodr\u00e9","Est. tempo de leitura":"1 minuto"},"schema":{"@context":"https:\/\/schema.org","@graph":[{"@type":"Article","@id":"https:\/\/ubanews.com\/site\/2018\/07\/14\/festa-julina-do-mangueiras-teve-barraca-do-patronato-vicentinos-e-asilo\/#article","isPartOf":{"@id":"https:\/\/ubanews.com\/site\/2018\/07\/14\/festa-julina-do-mangueiras-teve-barraca-do-patronato-vicentinos-e-asilo\/"},"author":{"name":"Sodr\u00e9","@id":"https:\/\/ubanews.com\/site\/#\/schema\/person\/d90c9e47252fbb63dcc969fe4c8b9d10"},"headline":"FESTA JULINA DO MANGUEIRAS TEVE BARRACA DO PATRONATO, VICENTINOS E ASILO","datePublished":"2018-07-14T21:28:33+00:00","dateModified":"2018-07-19T19:09:29+00:00","mainEntityOfPage":{"@id":"https:\/\/ubanews.com\/site\/2018\/07\/14\/festa-julina-do-mangueiras-teve-barraca-do-patronato-vicentinos-e-asilo\/"},"wordCount":147,"commentCount":0,"publisher":{"@id":"https:\/\/ubanews.com\/site\/#organization"},"image":{"@id":"https:\/\/ubanews.com\/site\/2018\/07\/14\/festa-julina-do-mangueiras-teve-barraca-do-patronato-vicentinos-e-asilo\/#primaryimage"},"thumbnailUrl":"https:\/\/ubanews.com\/site\/wp-content\/uploads\/2018\/07\/Arraia.jpg","articleSection":["Geral"],"inLanguage":"pt-BR","potentialAction":[{"@type":"CommentAction","name":"Comment","target":["https:\/\/ubanews.com\/site\/2018\/07\/14\/festa-julina-do-mangueiras-teve-barraca-do-patronato-vicentinos-e-asilo\/#respond"]}]},{"@type":"WebPage","@id":"https:\/\/ubanews.com\/site\/2018\/07\/14\/festa-julina-do-mangueiras-teve-barraca-do-patronato-vicentinos-e-asilo\/","url":"https:\/\/ubanews.com\/site\/2018\/07\/14\/festa-julina-do-mangueiras-teve-barraca-do-patronato-vicentinos-e-asilo\/","name":"FESTA JULINA DO MANGUEIRAS TEVE BARRACA DO PATRONATO, VICENTINOS E ASILO - Ub\u00e1 News","isPartOf":{"@id":"https:\/\/ubanews.com\/site\/#website"},"primaryImageOfPage":{"@id":"https:\/\/ubanews.com\/site\/2018\/07\/14\/festa-julina-do-mangueiras-teve-barraca-do-patronato-vicentinos-e-asilo\/#primaryimage"},"image":{"@id":"https:\/\/ubanews.com\/site\/2018\/07\/14\/festa-julina-do-mangueiras-teve-barraca-do-patronato-vicentinos-e-asilo\/#primaryimage"},"thumbnailUrl":"https:\/\/ubanews.com\/site\/wp-content\/uploads\/2018\/07\/Arraia.jpg","datePublished":"2018-07-14T21:28:33+00:00","dateModified":"2018-07-19T19:09:29+00:00","breadcrumb":{"@id":"https:\/\/ubanews.com\/site\/2018\/07\/14\/festa-julina-do-mangueiras-teve-barraca-do-patronato-vicentinos-e-asilo\/#breadcrumb"},"inLanguage":"pt-BR","potentialAction":[{"@type":"ReadAction","target":["https:\/\/ubanews.com\/site\/2018\/07\/14\/festa-julina-do-mangueiras-teve-barraca-do-patronato-vicentinos-e-asilo\/"]}]},{"@type":"ImageObject","inLanguage":"pt-BR","@id":"https:\/\/ubanews.com\/site\/2018\/07\/14\/festa-julina-do-mangueiras-teve-barraca-do-patronato-vicentinos-e-asilo\/#primaryimage","url":"https:\/\/ubanews.com\/site\/wp-content\/uploads\/2018\/07\/Arraia.jpg","contentUrl":"https:\/\/ubanews.com\/site\/wp-content\/uploads\/2018\/07\/Arraia.jpg","width":800,"height":389},{"@type":"BreadcrumbList","@id":"https:\/\/ubanews.com\/site\/2018\/07\/14\/festa-julina-do-mangueiras-teve-barraca-do-patronato-vicentinos-e-asilo\/#breadcrumb","itemListElement":[{"@type":"ListItem","position":1,"name":"Home","item":"https:\/\/ubanews.com\/site\/"},{"@type":"ListItem","position":2,"name":"FESTA JULINA DO MANGUEIRAS TEVE BARRACA DO PATRONATO, VICENTINOS E ASILO"}]},{"@type":"WebSite","@id":"https:\/\/ubanews.com\/site\/#website","url":"https:\/\/ubanews.com\/site\/","name":"Ub\u00e1 News","description":"","publisher":{"@id":"https:\/\/ubanews.com\/site\/#organization"},"potentialAction":[{"@type":"SearchAction","target":{"@type":"EntryPoint","urlTemplate":"https:\/\/ubanews.com\/site\/?s={search_term_string}"},"query-input":{"@type":"PropertyValueSpecification","valueRequired":true,"valueName":"search_term_string"}}],"inLanguage":"pt-BR"},{"@type":"Organization","@id":"https:\/\/ubanews.com\/site\/#organization","name":"Ub\u00e1 News","url":"https:\/\/ubanews.com\/site\/","logo":{"@type":"ImageObject","inLanguage":"pt-BR","@id":"https:\/\/ubanews.com\/site\/#\/schema\/logo\/image\/","url":"https:\/\/ubanews.com\/site\/wp-content\/uploads\/2018\/01\/logoubanews.png","contentUrl":"https:\/\/ubanews.com\/site\/wp-content\/uploads\/2018\/01\/logoubanews.png","width":261,"height":99,"caption":"Ub\u00e1 News"},"image":{"@id":"https:\/\/ubanews.com\/site\/#\/schema\/logo\/image\/"},"sameAs":["https:\/\/www.facebook.com\/Ub\u00e1News-Carlos-Roberto-Sodr\u00e9-418778301977370"]},{"@type":"Person","@id":"https:\/\/ubanews.com\/site\/#\/schema\/person\/d90c9e47252fbb63dcc969fe4c8b9d10","name":"Sodr\u00e9","image":{"@type":"ImageObject","inLanguage":"pt-BR","@id":"https:\/\/secure.gravatar.com\/avatar\/5ba2793f0590b9dbfad3fdec4ee714485b3eef211c9b32ee53d414060454a56c?s=96&d=mm&r=g","url":"https:\/\/secure.gravatar.com\/avatar\/5ba2793f0590b9dbfad3fdec4ee714485b3eef211c9b32ee53d414060454a56c?s=96&d=mm&r=g","contentUrl":"https:\/\/secure.gravatar.com\/avatar\/5ba2793f0590b9dbfad3fdec4ee714485b3eef211c9b32ee53d414060454a56c?s=96&d=mm&r=g","caption":"Sodr\u00e9"},"sameAs":["https:\/\/www.facebook.com\/carosroberto.sodre.5\/"],"url":"https:\/\/ubanews.com\/site\/author\/felipe\/"}]}},"_links":{"self":[{"href":"https:\/\/ubanews.com\/site\/wp-json\/wp\/v2\/posts\/5604","targetHints":{"allow":["GET"]}}],"collection":[{"href":"https:\/\/ubanews.com\/site\/wp-json\/wp\/v2\/posts"}],"about":[{"href":"https:\/\/ubanews.com\/site\/wp-json\/wp\/v2\/types\/post"}],"author":[{"embeddable":true,"href":"https:\/\/ubanews.com\/site\/wp-json\/wp\/v2\/users\/2"}],"replies":[{"embeddable":true,"href":"https:\/\/ubanews.com\/site\/wp-json\/wp\/v2\/comments?post=5604"}],"version-history":[{"count":0,"href":"https:\/\/ubanews.com\/site\/wp-json\/wp\/v2\/posts\/5604\/revisions"}],"wp:featuredmedia":[{"embeddable":true,"href":"https:\/\/ubanews.com\/site\/wp-json\/wp\/v2\/media\/5605"}],"wp:attachment":[{"href":"https:\/\/ubanews.com\/site\/wp-json\/wp\/v2\/media?parent=5604"}],"wp:term":[{"taxonomy":"category","embeddable":true,"href":"https:\/\/ubanews.com\/site\/wp-json\/wp\/v2\/categories?post=5604"},{"taxonomy":"post_tag","embeddable":true,"href":"https:\/\/ubanews.com\/site\/wp-json\/wp\/v2\/tags?post=5604"}],"curies":[{"name":"wp","href":"https:\/\/api.w.org\/{rel}","templated":true}]}}