{"id":5566,"date":"2018-07-13T18:53:12","date_gmt":"2018-07-13T21:53:12","guid":{"rendered":"http:\/\/ubanews.com\/site\/?p=5566"},"modified":"2018-07-19T16:09:04","modified_gmt":"2018-07-19T19:09:04","slug":"por-causa-do-parcelamento-do-parcelamento-servidores-publicos-da-grs-uba-estao-em-estado-de-greve","status":"publish","type":"post","link":"https:\/\/ubanews.com\/site\/2018\/07\/13\/por-causa-do-parcelamento-do-parcelamento-servidores-publicos-da-grs-uba-estao-em-estado-de-greve\/","title":{"rendered":"POR CAUSA DO PARCELAMENTO DO PARCELAMENTO SERVIDORES P\u00daBLICOS DA GRS UB\u00c1 EST\u00c3O EM ESTADO DE GREVE"},"content":{"rendered":"<div>\n<p><a href=\"https:\/\/ubanews.com\/site\/wp-content\/uploads\/2018\/07\/006.jpeg\"><img decoding=\"async\" class=\"alignnone size-full wp-image-5574 lazyload\" data-src=\"https:\/\/ubanews.com\/site\/wp-content\/uploads\/2018\/07\/006.jpeg\" alt=\"\" width=\"800\" height=\"450\" data-srcset=\"https:\/\/ubanews.com\/site\/wp-content\/uploads\/2018\/07\/006.jpeg 800w, https:\/\/ubanews.com\/site\/wp-content\/uploads\/2018\/07\/006-300x169.jpeg 300w, https:\/\/ubanews.com\/site\/wp-content\/uploads\/2018\/07\/006-768x432.jpeg 768w\" data-sizes=\"(max-width: 800px) 100vw, 800px\" src=\"data:image\/svg+xml;base64,PHN2ZyB3aWR0aD0iMSIgaGVpZ2h0PSIxIiB4bWxucz0iaHR0cDovL3d3dy53My5vcmcvMjAwMC9zdmciPjwvc3ZnPg==\" style=\"--smush-placeholder-width: 800px; --smush-placeholder-aspect-ratio: 800\/450;\" \/><\/a>&nbsp;&nbsp;&nbsp;&nbsp;&nbsp;&nbsp;&nbsp;&nbsp; Os Servidores P\u00fablicos da GRS de Ub\u00e1 (Ger\u00eancia Regional de Sa\u00fade) entraram em estado de greve desde a manh\u00e3 desta sexta-feira (13). O motivo apontado pelos trabalhadores \u00e9 o parcelamento do parcelamento do sal\u00e1rio referente ao m\u00eas de junho, que ali\u00e1s, essa situa\u00e7\u00e3o de atraso nos vencimentos \u00e9 uma realidade desde o final do ano passado.<\/p>\n<p>&nbsp;&nbsp;&nbsp;&nbsp;&nbsp;&nbsp;&nbsp;&nbsp; Como os servidores se sentiram abandonados pelo sindicato da categoria, Geraldo Henrique, Diretor do SindP\u00fablicos, veio de Belo Horizonte para passar algumas informa\u00e7\u00f5es e orienta\u00e7\u00f5es no sentido de nortear os trabalhadores. Como desgra\u00e7a pouca \u00e9 bobagem, formos informados de que a farm\u00e1cia da GRS, que funciona na Pra\u00e7a Guido Marli\u00e9re, est\u00e1 com uma defasagem de pelo menos cinquenta por cento de falta de medicamentos. Procuramos o Diretor Reginaldo Furtado de Carvalho para responder \u00e0s acusa\u00e7\u00f5es feitas pelos servidores, por\u00e9m ele n\u00e3o se encontrava no pr\u00e9dio. Falamos com sua secret\u00e1ria, e ela disse que transmitiria o recado. Ela acredita que ele nos atender\u00e1 na segunda-feira (16). Conversamos com o diretor do SindP\u00fablicos Geraldo Henrique e com o representante dos servidores insatisfeitos Mauro Abranches. Confira!!!<\/p>\n<\/div>\n<div style=\"position: relative; height: 0; padding-bottom: 56.25%;\"><iframe style=\"position: absolute; width: 100%; height: 100%; left: 0;\" data-src=\"https:\/\/www.youtube.com\/embed\/oY9FrZhJvUA?ecver=2\" width=\"640\" height=\"360\" frameborder=\"0\" allowfullscreen=\"allowfullscreen\" src=\"data:image\/svg+xml;base64,PHN2ZyB3aWR0aD0iMSIgaGVpZ2h0PSIxIiB4bWxucz0iaHR0cDovL3d3dy53My5vcmcvMjAwMC9zdmciPjwvc3ZnPg==\" class=\"lazyload\" data-load-mode=\"1\"><\/iframe><\/div>\n<div>&nbsp;<\/div>\n<div style=\"position: relative; height: 0; padding-bottom: 56.25%;\"><iframe style=\"position: absolute; width: 100%; height: 100%; left: 0;\" data-src=\"https:\/\/www.youtube.com\/embed\/Zlo3mgqc10M?ecver=2\" width=\"640\" height=\"360\" frameborder=\"0\" allowfullscreen=\"allowfullscreen\" src=\"data:image\/svg+xml;base64,PHN2ZyB3aWR0aD0iMSIgaGVpZ2h0PSIxIiB4bWxucz0iaHR0cDovL3d3dy53My5vcmcvMjAwMC9zdmciPjwvc3ZnPg==\" class=\"lazyload\" data-load-mode=\"1\"><\/iframe><\/div>\n","protected":false},"excerpt":{"rendered":"<p>&nbsp;&nbsp;&nbsp;&nbsp;&nbsp;&nbsp;&nbsp;&nbsp; Os Servidores P\u00fablicos da GRS de Ub\u00e1 (Ger\u00eancia Regional<\/p>\n","protected":false},"author":2,"featured_media":5569,"comment_status":"open","ping_status":"open","sticky":false,"template":"","format":"standard","meta":{"footnotes":""},"categories":[1],"tags":[],"class_list":["post-5566","post","type-post","status-publish","format-standard","has-post-thumbnail","hentry","category-sem-categoria"],"yoast_head":"<!-- This site is optimized with the Yoast SEO plugin v27.2 - https:\/\/yoast.com\/product\/yoast-seo-wordpress\/ -->\n<title>POR CAUSA DO PARCELAMENTO DO PARCELAMENTO SERVIDORES P\u00daBLICOS DA GRS UB\u00c1 EST\u00c3O EM ESTADO DE GREVE - Ub\u00e1 News<\/title>\n<meta name=\"robots\" content=\"index, follow, max-snippet:-1, max-image-preview:large, max-video-preview:-1\" \/>\n<link rel=\"canonical\" href=\"https:\/\/ubanews.com\/site\/2018\/07\/13\/por-causa-do-parcelamento-do-parcelamento-servidores-publicos-da-grs-uba-estao-em-estado-de-greve\/\" \/>\n<meta property=\"og:locale\" content=\"pt_BR\" \/>\n<meta property=\"og:type\" content=\"article\" \/>\n<meta property=\"og:title\" content=\"POR CAUSA DO PARCELAMENTO DO PARCELAMENTO SERVIDORES P\u00daBLICOS DA GRS UB\u00c1 EST\u00c3O EM ESTADO DE GREVE - Ub\u00e1 News\" \/>\n<meta property=\"og:description\" content=\"&nbsp;&nbsp;&nbsp;&nbsp;&nbsp;&nbsp;&nbsp;&nbsp; Os Servidores P\u00fablicos da GRS de Ub\u00e1 (Ger\u00eancia Regional\" \/>\n<meta property=\"og:url\" content=\"https:\/\/ubanews.com\/site\/2018\/07\/13\/por-causa-do-parcelamento-do-parcelamento-servidores-publicos-da-grs-uba-estao-em-estado-de-greve\/\" \/>\n<meta property=\"og:site_name\" content=\"Ub\u00e1 News\" \/>\n<meta property=\"article:publisher\" content=\"https:\/\/www.facebook.com\/Ub%c3%a1News-Carlos-Roberto-Sodr%c3%a9-418778301977370\" \/>\n<meta property=\"article:author\" content=\"https:\/\/www.facebook.com\/carosroberto.sodre.5\/\" \/>\n<meta property=\"article:published_time\" content=\"2018-07-13T21:53:12+00:00\" \/>\n<meta property=\"article:modified_time\" content=\"2018-07-19T19:09:04+00:00\" \/>\n<meta property=\"og:image\" content=\"https:\/\/ubanews.com\/site\/wp-content\/uploads\/2018\/07\/003.jpeg.jpeg\" \/>\n\t<meta property=\"og:image:width\" content=\"800\" \/>\n\t<meta property=\"og:image:height\" content=\"450\" \/>\n\t<meta property=\"og:image:type\" content=\"image\/jpeg\" \/>\n<meta name=\"author\" content=\"Sodr\u00e9\" \/>\n<meta name=\"twitter:card\" content=\"summary_large_image\" \/>\n<meta name=\"twitter:label1\" content=\"Escrito por\" \/>\n\t<meta name=\"twitter:data1\" content=\"Sodr\u00e9\" \/>\n\t<meta name=\"twitter:label2\" content=\"Est. tempo de leitura\" \/>\n\t<meta name=\"twitter:data2\" content=\"1 minuto\" \/>\n<script type=\"application\/ld+json\" class=\"yoast-schema-graph\">{\"@context\":\"https:\/\/schema.org\",\"@graph\":[{\"@type\":\"Article\",\"@id\":\"https:\/\/ubanews.com\/site\/2018\/07\/13\/por-causa-do-parcelamento-do-parcelamento-servidores-publicos-da-grs-uba-estao-em-estado-de-greve\/#article\",\"isPartOf\":{\"@id\":\"https:\/\/ubanews.com\/site\/2018\/07\/13\/por-causa-do-parcelamento-do-parcelamento-servidores-publicos-da-grs-uba-estao-em-estado-de-greve\/\"},\"author\":{\"name\":\"Sodr\u00e9\",\"@id\":\"https:\/\/ubanews.com\/site\/#\/schema\/person\/d90c9e47252fbb63dcc969fe4c8b9d10\"},\"headline\":\"POR CAUSA DO PARCELAMENTO DO PARCELAMENTO SERVIDORES P\u00daBLICOS DA GRS UB\u00c1 EST\u00c3O EM ESTADO DE GREVE\",\"datePublished\":\"2018-07-13T21:53:12+00:00\",\"dateModified\":\"2018-07-19T19:09:04+00:00\",\"mainEntityOfPage\":{\"@id\":\"https:\/\/ubanews.com\/site\/2018\/07\/13\/por-causa-do-parcelamento-do-parcelamento-servidores-publicos-da-grs-uba-estao-em-estado-de-greve\/\"},\"wordCount\":229,\"commentCount\":1,\"publisher\":{\"@id\":\"https:\/\/ubanews.com\/site\/#organization\"},\"image\":{\"@id\":\"https:\/\/ubanews.com\/site\/2018\/07\/13\/por-causa-do-parcelamento-do-parcelamento-servidores-publicos-da-grs-uba-estao-em-estado-de-greve\/#primaryimage\"},\"thumbnailUrl\":\"https:\/\/ubanews.com\/site\/wp-content\/uploads\/2018\/07\/003.jpeg.jpeg\",\"articleSection\":[\"Geral\"],\"inLanguage\":\"pt-BR\",\"potentialAction\":[{\"@type\":\"CommentAction\",\"name\":\"Comment\",\"target\":[\"https:\/\/ubanews.com\/site\/2018\/07\/13\/por-causa-do-parcelamento-do-parcelamento-servidores-publicos-da-grs-uba-estao-em-estado-de-greve\/#respond\"]}]},{\"@type\":\"WebPage\",\"@id\":\"https:\/\/ubanews.com\/site\/2018\/07\/13\/por-causa-do-parcelamento-do-parcelamento-servidores-publicos-da-grs-uba-estao-em-estado-de-greve\/\",\"url\":\"https:\/\/ubanews.com\/site\/2018\/07\/13\/por-causa-do-parcelamento-do-parcelamento-servidores-publicos-da-grs-uba-estao-em-estado-de-greve\/\",\"name\":\"POR CAUSA DO PARCELAMENTO DO PARCELAMENTO SERVIDORES P\u00daBLICOS DA GRS UB\u00c1 EST\u00c3O EM ESTADO DE GREVE - Ub\u00e1 News\",\"isPartOf\":{\"@id\":\"https:\/\/ubanews.com\/site\/#website\"},\"primaryImageOfPage\":{\"@id\":\"https:\/\/ubanews.com\/site\/2018\/07\/13\/por-causa-do-parcelamento-do-parcelamento-servidores-publicos-da-grs-uba-estao-em-estado-de-greve\/#primaryimage\"},\"image\":{\"@id\":\"https:\/\/ubanews.com\/site\/2018\/07\/13\/por-causa-do-parcelamento-do-parcelamento-servidores-publicos-da-grs-uba-estao-em-estado-de-greve\/#primaryimage\"},\"thumbnailUrl\":\"https:\/\/ubanews.com\/site\/wp-content\/uploads\/2018\/07\/003.jpeg.jpeg\",\"datePublished\":\"2018-07-13T21:53:12+00:00\",\"dateModified\":\"2018-07-19T19:09:04+00:00\",\"breadcrumb\":{\"@id\":\"https:\/\/ubanews.com\/site\/2018\/07\/13\/por-causa-do-parcelamento-do-parcelamento-servidores-publicos-da-grs-uba-estao-em-estado-de-greve\/#breadcrumb\"},\"inLanguage\":\"pt-BR\",\"potentialAction\":[{\"@type\":\"ReadAction\",\"target\":[\"https:\/\/ubanews.com\/site\/2018\/07\/13\/por-causa-do-parcelamento-do-parcelamento-servidores-publicos-da-grs-uba-estao-em-estado-de-greve\/\"]}]},{\"@type\":\"ImageObject\",\"inLanguage\":\"pt-BR\",\"@id\":\"https:\/\/ubanews.com\/site\/2018\/07\/13\/por-causa-do-parcelamento-do-parcelamento-servidores-publicos-da-grs-uba-estao-em-estado-de-greve\/#primaryimage\",\"url\":\"https:\/\/ubanews.com\/site\/wp-content\/uploads\/2018\/07\/003.jpeg.jpeg\",\"contentUrl\":\"https:\/\/ubanews.com\/site\/wp-content\/uploads\/2018\/07\/003.jpeg.jpeg\",\"width\":800,\"height\":450},{\"@type\":\"BreadcrumbList\",\"@id\":\"https:\/\/ubanews.com\/site\/2018\/07\/13\/por-causa-do-parcelamento-do-parcelamento-servidores-publicos-da-grs-uba-estao-em-estado-de-greve\/#breadcrumb\",\"itemListElement\":[{\"@type\":\"ListItem\",\"position\":1,\"name\":\"Home\",\"item\":\"https:\/\/ubanews.com\/site\/\"},{\"@type\":\"ListItem\",\"position\":2,\"name\":\"POR CAUSA DO PARCELAMENTO DO PARCELAMENTO SERVIDORES P\u00daBLICOS DA GRS UB\u00c1 EST\u00c3O EM ESTADO DE GREVE\"}]},{\"@type\":\"WebSite\",\"@id\":\"https:\/\/ubanews.com\/site\/#website\",\"url\":\"https:\/\/ubanews.com\/site\/\",\"name\":\"Ub\u00e1 News\",\"description\":\"\",\"publisher\":{\"@id\":\"https:\/\/ubanews.com\/site\/#organization\"},\"potentialAction\":[{\"@type\":\"SearchAction\",\"target\":{\"@type\":\"EntryPoint\",\"urlTemplate\":\"https:\/\/ubanews.com\/site\/?s={search_term_string}\"},\"query-input\":{\"@type\":\"PropertyValueSpecification\",\"valueRequired\":true,\"valueName\":\"search_term_string\"}}],\"inLanguage\":\"pt-BR\"},{\"@type\":\"Organization\",\"@id\":\"https:\/\/ubanews.com\/site\/#organization\",\"name\":\"Ub\u00e1 News\",\"url\":\"https:\/\/ubanews.com\/site\/\",\"logo\":{\"@type\":\"ImageObject\",\"inLanguage\":\"pt-BR\",\"@id\":\"https:\/\/ubanews.com\/site\/#\/schema\/logo\/image\/\",\"url\":\"https:\/\/ubanews.com\/site\/wp-content\/uploads\/2018\/01\/logoubanews.png\",\"contentUrl\":\"https:\/\/ubanews.com\/site\/wp-content\/uploads\/2018\/01\/logoubanews.png\",\"width\":261,\"height\":99,\"caption\":\"Ub\u00e1 News\"},\"image\":{\"@id\":\"https:\/\/ubanews.com\/site\/#\/schema\/logo\/image\/\"},\"sameAs\":[\"https:\/\/www.facebook.com\/Ub\u00e1News-Carlos-Roberto-Sodr\u00e9-418778301977370\"]},{\"@type\":\"Person\",\"@id\":\"https:\/\/ubanews.com\/site\/#\/schema\/person\/d90c9e47252fbb63dcc969fe4c8b9d10\",\"name\":\"Sodr\u00e9\",\"image\":{\"@type\":\"ImageObject\",\"inLanguage\":\"pt-BR\",\"@id\":\"https:\/\/secure.gravatar.com\/avatar\/5ba2793f0590b9dbfad3fdec4ee714485b3eef211c9b32ee53d414060454a56c?s=96&d=mm&r=g\",\"url\":\"https:\/\/secure.gravatar.com\/avatar\/5ba2793f0590b9dbfad3fdec4ee714485b3eef211c9b32ee53d414060454a56c?s=96&d=mm&r=g\",\"contentUrl\":\"https:\/\/secure.gravatar.com\/avatar\/5ba2793f0590b9dbfad3fdec4ee714485b3eef211c9b32ee53d414060454a56c?s=96&d=mm&r=g\",\"caption\":\"Sodr\u00e9\"},\"sameAs\":[\"https:\/\/www.facebook.com\/carosroberto.sodre.5\/\"],\"url\":\"https:\/\/ubanews.com\/site\/author\/felipe\/\"}]}<\/script>\n<!-- \/ Yoast SEO plugin. -->","yoast_head_json":{"title":"POR CAUSA DO PARCELAMENTO DO PARCELAMENTO SERVIDORES P\u00daBLICOS DA GRS UB\u00c1 EST\u00c3O EM ESTADO DE GREVE - Ub\u00e1 News","robots":{"index":"index","follow":"follow","max-snippet":"max-snippet:-1","max-image-preview":"max-image-preview:large","max-video-preview":"max-video-preview:-1"},"canonical":"https:\/\/ubanews.com\/site\/2018\/07\/13\/por-causa-do-parcelamento-do-parcelamento-servidores-publicos-da-grs-uba-estao-em-estado-de-greve\/","og_locale":"pt_BR","og_type":"article","og_title":"POR CAUSA DO PARCELAMENTO DO PARCELAMENTO SERVIDORES P\u00daBLICOS DA GRS UB\u00c1 EST\u00c3O EM ESTADO DE GREVE - Ub\u00e1 News","og_description":"&nbsp;&nbsp;&nbsp;&nbsp;&nbsp;&nbsp;&nbsp;&nbsp; Os Servidores P\u00fablicos da GRS de Ub\u00e1 (Ger\u00eancia Regional","og_url":"https:\/\/ubanews.com\/site\/2018\/07\/13\/por-causa-do-parcelamento-do-parcelamento-servidores-publicos-da-grs-uba-estao-em-estado-de-greve\/","og_site_name":"Ub\u00e1 News","article_publisher":"https:\/\/www.facebook.com\/Ub%c3%a1News-Carlos-Roberto-Sodr%c3%a9-418778301977370","article_author":"https:\/\/www.facebook.com\/carosroberto.sodre.5\/","article_published_time":"2018-07-13T21:53:12+00:00","article_modified_time":"2018-07-19T19:09:04+00:00","og_image":[{"width":800,"height":450,"url":"https:\/\/ubanews.com\/site\/wp-content\/uploads\/2018\/07\/003.jpeg.jpeg","type":"image\/jpeg"}],"author":"Sodr\u00e9","twitter_card":"summary_large_image","twitter_misc":{"Escrito por":"Sodr\u00e9","Est. tempo de leitura":"1 minuto"},"schema":{"@context":"https:\/\/schema.org","@graph":[{"@type":"Article","@id":"https:\/\/ubanews.com\/site\/2018\/07\/13\/por-causa-do-parcelamento-do-parcelamento-servidores-publicos-da-grs-uba-estao-em-estado-de-greve\/#article","isPartOf":{"@id":"https:\/\/ubanews.com\/site\/2018\/07\/13\/por-causa-do-parcelamento-do-parcelamento-servidores-publicos-da-grs-uba-estao-em-estado-de-greve\/"},"author":{"name":"Sodr\u00e9","@id":"https:\/\/ubanews.com\/site\/#\/schema\/person\/d90c9e47252fbb63dcc969fe4c8b9d10"},"headline":"POR CAUSA DO PARCELAMENTO DO PARCELAMENTO SERVIDORES P\u00daBLICOS DA GRS UB\u00c1 EST\u00c3O EM ESTADO DE GREVE","datePublished":"2018-07-13T21:53:12+00:00","dateModified":"2018-07-19T19:09:04+00:00","mainEntityOfPage":{"@id":"https:\/\/ubanews.com\/site\/2018\/07\/13\/por-causa-do-parcelamento-do-parcelamento-servidores-publicos-da-grs-uba-estao-em-estado-de-greve\/"},"wordCount":229,"commentCount":1,"publisher":{"@id":"https:\/\/ubanews.com\/site\/#organization"},"image":{"@id":"https:\/\/ubanews.com\/site\/2018\/07\/13\/por-causa-do-parcelamento-do-parcelamento-servidores-publicos-da-grs-uba-estao-em-estado-de-greve\/#primaryimage"},"thumbnailUrl":"https:\/\/ubanews.com\/site\/wp-content\/uploads\/2018\/07\/003.jpeg.jpeg","articleSection":["Geral"],"inLanguage":"pt-BR","potentialAction":[{"@type":"CommentAction","name":"Comment","target":["https:\/\/ubanews.com\/site\/2018\/07\/13\/por-causa-do-parcelamento-do-parcelamento-servidores-publicos-da-grs-uba-estao-em-estado-de-greve\/#respond"]}]},{"@type":"WebPage","@id":"https:\/\/ubanews.com\/site\/2018\/07\/13\/por-causa-do-parcelamento-do-parcelamento-servidores-publicos-da-grs-uba-estao-em-estado-de-greve\/","url":"https:\/\/ubanews.com\/site\/2018\/07\/13\/por-causa-do-parcelamento-do-parcelamento-servidores-publicos-da-grs-uba-estao-em-estado-de-greve\/","name":"POR CAUSA DO PARCELAMENTO DO PARCELAMENTO SERVIDORES P\u00daBLICOS DA GRS UB\u00c1 EST\u00c3O EM ESTADO DE GREVE - Ub\u00e1 News","isPartOf":{"@id":"https:\/\/ubanews.com\/site\/#website"},"primaryImageOfPage":{"@id":"https:\/\/ubanews.com\/site\/2018\/07\/13\/por-causa-do-parcelamento-do-parcelamento-servidores-publicos-da-grs-uba-estao-em-estado-de-greve\/#primaryimage"},"image":{"@id":"https:\/\/ubanews.com\/site\/2018\/07\/13\/por-causa-do-parcelamento-do-parcelamento-servidores-publicos-da-grs-uba-estao-em-estado-de-greve\/#primaryimage"},"thumbnailUrl":"https:\/\/ubanews.com\/site\/wp-content\/uploads\/2018\/07\/003.jpeg.jpeg","datePublished":"2018-07-13T21:53:12+00:00","dateModified":"2018-07-19T19:09:04+00:00","breadcrumb":{"@id":"https:\/\/ubanews.com\/site\/2018\/07\/13\/por-causa-do-parcelamento-do-parcelamento-servidores-publicos-da-grs-uba-estao-em-estado-de-greve\/#breadcrumb"},"inLanguage":"pt-BR","potentialAction":[{"@type":"ReadAction","target":["https:\/\/ubanews.com\/site\/2018\/07\/13\/por-causa-do-parcelamento-do-parcelamento-servidores-publicos-da-grs-uba-estao-em-estado-de-greve\/"]}]},{"@type":"ImageObject","inLanguage":"pt-BR","@id":"https:\/\/ubanews.com\/site\/2018\/07\/13\/por-causa-do-parcelamento-do-parcelamento-servidores-publicos-da-grs-uba-estao-em-estado-de-greve\/#primaryimage","url":"https:\/\/ubanews.com\/site\/wp-content\/uploads\/2018\/07\/003.jpeg.jpeg","contentUrl":"https:\/\/ubanews.com\/site\/wp-content\/uploads\/2018\/07\/003.jpeg.jpeg","width":800,"height":450},{"@type":"BreadcrumbList","@id":"https:\/\/ubanews.com\/site\/2018\/07\/13\/por-causa-do-parcelamento-do-parcelamento-servidores-publicos-da-grs-uba-estao-em-estado-de-greve\/#breadcrumb","itemListElement":[{"@type":"ListItem","position":1,"name":"Home","item":"https:\/\/ubanews.com\/site\/"},{"@type":"ListItem","position":2,"name":"POR CAUSA DO PARCELAMENTO DO PARCELAMENTO SERVIDORES P\u00daBLICOS DA GRS UB\u00c1 EST\u00c3O EM ESTADO DE GREVE"}]},{"@type":"WebSite","@id":"https:\/\/ubanews.com\/site\/#website","url":"https:\/\/ubanews.com\/site\/","name":"Ub\u00e1 News","description":"","publisher":{"@id":"https:\/\/ubanews.com\/site\/#organization"},"potentialAction":[{"@type":"SearchAction","target":{"@type":"EntryPoint","urlTemplate":"https:\/\/ubanews.com\/site\/?s={search_term_string}"},"query-input":{"@type":"PropertyValueSpecification","valueRequired":true,"valueName":"search_term_string"}}],"inLanguage":"pt-BR"},{"@type":"Organization","@id":"https:\/\/ubanews.com\/site\/#organization","name":"Ub\u00e1 News","url":"https:\/\/ubanews.com\/site\/","logo":{"@type":"ImageObject","inLanguage":"pt-BR","@id":"https:\/\/ubanews.com\/site\/#\/schema\/logo\/image\/","url":"https:\/\/ubanews.com\/site\/wp-content\/uploads\/2018\/01\/logoubanews.png","contentUrl":"https:\/\/ubanews.com\/site\/wp-content\/uploads\/2018\/01\/logoubanews.png","width":261,"height":99,"caption":"Ub\u00e1 News"},"image":{"@id":"https:\/\/ubanews.com\/site\/#\/schema\/logo\/image\/"},"sameAs":["https:\/\/www.facebook.com\/Ub\u00e1News-Carlos-Roberto-Sodr\u00e9-418778301977370"]},{"@type":"Person","@id":"https:\/\/ubanews.com\/site\/#\/schema\/person\/d90c9e47252fbb63dcc969fe4c8b9d10","name":"Sodr\u00e9","image":{"@type":"ImageObject","inLanguage":"pt-BR","@id":"https:\/\/secure.gravatar.com\/avatar\/5ba2793f0590b9dbfad3fdec4ee714485b3eef211c9b32ee53d414060454a56c?s=96&d=mm&r=g","url":"https:\/\/secure.gravatar.com\/avatar\/5ba2793f0590b9dbfad3fdec4ee714485b3eef211c9b32ee53d414060454a56c?s=96&d=mm&r=g","contentUrl":"https:\/\/secure.gravatar.com\/avatar\/5ba2793f0590b9dbfad3fdec4ee714485b3eef211c9b32ee53d414060454a56c?s=96&d=mm&r=g","caption":"Sodr\u00e9"},"sameAs":["https:\/\/www.facebook.com\/carosroberto.sodre.5\/"],"url":"https:\/\/ubanews.com\/site\/author\/felipe\/"}]}},"_links":{"self":[{"href":"https:\/\/ubanews.com\/site\/wp-json\/wp\/v2\/posts\/5566","targetHints":{"allow":["GET"]}}],"collection":[{"href":"https:\/\/ubanews.com\/site\/wp-json\/wp\/v2\/posts"}],"about":[{"href":"https:\/\/ubanews.com\/site\/wp-json\/wp\/v2\/types\/post"}],"author":[{"embeddable":true,"href":"https:\/\/ubanews.com\/site\/wp-json\/wp\/v2\/users\/2"}],"replies":[{"embeddable":true,"href":"https:\/\/ubanews.com\/site\/wp-json\/wp\/v2\/comments?post=5566"}],"version-history":[{"count":0,"href":"https:\/\/ubanews.com\/site\/wp-json\/wp\/v2\/posts\/5566\/revisions"}],"wp:featuredmedia":[{"embeddable":true,"href":"https:\/\/ubanews.com\/site\/wp-json\/wp\/v2\/media\/5569"}],"wp:attachment":[{"href":"https:\/\/ubanews.com\/site\/wp-json\/wp\/v2\/media?parent=5566"}],"wp:term":[{"taxonomy":"category","embeddable":true,"href":"https:\/\/ubanews.com\/site\/wp-json\/wp\/v2\/categories?post=5566"},{"taxonomy":"post_tag","embeddable":true,"href":"https:\/\/ubanews.com\/site\/wp-json\/wp\/v2\/tags?post=5566"}],"curies":[{"name":"wp","href":"https:\/\/api.w.org\/{rel}","templated":true}]}}