{"id":5552,"date":"2018-07-13T14:06:12","date_gmt":"2018-07-13T17:06:12","guid":{"rendered":"http:\/\/ubanews.com\/site\/?p=5552"},"modified":"2018-07-19T16:08:23","modified_gmt":"2018-07-19T19:08:23","slug":"primeiro-dia-de-reuniao-com-o-novo-presidente-no-rotary-club-uba","status":"publish","type":"post","link":"https:\/\/ubanews.com\/site\/2018\/07\/13\/primeiro-dia-de-reuniao-com-o-novo-presidente-no-rotary-club-uba\/","title":{"rendered":"Primeiro dia de reuni\u00e3o com o novo presidente no Rotary Club Ub\u00e1"},"content":{"rendered":"<p><a href=\"https:\/\/ubanews.com\/site\/wp-content\/uploads\/2018\/07\/DSC_0739-copiar.jpg\"><img decoding=\"async\" class=\"alignnone size-full wp-image-5563 lazyload\" data-src=\"https:\/\/ubanews.com\/site\/wp-content\/uploads\/2018\/07\/DSC_0739-copiar.jpg\" alt=\"\" width=\"800\" height=\"457\" data-srcset=\"https:\/\/ubanews.com\/site\/wp-content\/uploads\/2018\/07\/DSC_0739-copiar.jpg 800w, https:\/\/ubanews.com\/site\/wp-content\/uploads\/2018\/07\/DSC_0739-copiar-300x171.jpg 300w, https:\/\/ubanews.com\/site\/wp-content\/uploads\/2018\/07\/DSC_0739-copiar-768x439.jpg 768w\" data-sizes=\"(max-width: 800px) 100vw, 800px\" src=\"data:image\/svg+xml;base64,PHN2ZyB3aWR0aD0iMSIgaGVpZ2h0PSIxIiB4bWxucz0iaHR0cDovL3d3dy53My5vcmcvMjAwMC9zdmciPjwvc3ZnPg==\" style=\"--smush-placeholder-width: 800px; --smush-placeholder-aspect-ratio: 800\/457;\" \/><\/a> <a href=\"https:\/\/ubanews.com\/site\/wp-content\/uploads\/2018\/07\/DSC_0745-copiar.jpg\"><img decoding=\"async\" class=\"alignnone size-full wp-image-5564 lazyload\" data-src=\"https:\/\/ubanews.com\/site\/wp-content\/uploads\/2018\/07\/DSC_0745-copiar.jpg\" alt=\"\" width=\"800\" height=\"457\" data-srcset=\"https:\/\/ubanews.com\/site\/wp-content\/uploads\/2018\/07\/DSC_0745-copiar.jpg 800w, https:\/\/ubanews.com\/site\/wp-content\/uploads\/2018\/07\/DSC_0745-copiar-300x171.jpg 300w, https:\/\/ubanews.com\/site\/wp-content\/uploads\/2018\/07\/DSC_0745-copiar-768x439.jpg 768w\" data-sizes=\"(max-width: 800px) 100vw, 800px\" src=\"data:image\/svg+xml;base64,PHN2ZyB3aWR0aD0iMSIgaGVpZ2h0PSIxIiB4bWxucz0iaHR0cDovL3d3dy53My5vcmcvMjAwMC9zdmciPjwvc3ZnPg==\" style=\"--smush-placeholder-width: 800px; --smush-placeholder-aspect-ratio: 800\/457;\" \/><\/a><\/p>\n<p><img decoding=\"async\" class=\"size-thumbnail wp-image-5553 alignleft lazyload\" data-src=\"https:\/\/ubanews.com\/site\/wp-content\/uploads\/2018\/07\/DSC_0740-copiar-150x150.jpg\" alt=\"\" width=\"150\" height=\"150\" src=\"data:image\/svg+xml;base64,PHN2ZyB3aWR0aD0iMSIgaGVpZ2h0PSIxIiB4bWxucz0iaHR0cDovL3d3dy53My5vcmcvMjAwMC9zdmciPjwvc3ZnPg==\" style=\"--smush-placeholder-width: 150px; --smush-placeholder-aspect-ratio: 150\/150;\">O presidente do Rotary Club ub\u00e1 Sebasti\u00e3o Fortunato J\u00fanior ministrou nesta quinta-feira (12) sua primeira reuni\u00e3o, depois de ser empossado na \u00faltima quinta-feira (05), para o Ano Rot\u00e1rio 2018\/2019. Depois de realizada a leitura da noite <img decoding=\"async\" class=\"size-thumbnail wp-image-5554 alignright lazyload\" data-src=\"https:\/\/ubanews.com\/site\/wp-content\/uploads\/2018\/07\/DSC_0735-copiar-150x150.jpg\" alt=\"\" width=\"150\" height=\"150\" src=\"data:image\/svg+xml;base64,PHN2ZyB3aWR0aD0iMSIgaGVpZ2h0PSIxIiB4bWxucz0iaHR0cDovL3d3dy53My5vcmcvMjAwMC9zdmciPjwvc3ZnPg==\" style=\"--smush-placeholder-width: 150px; --smush-placeholder-aspect-ratio: 150\/150;\">pelo companheiro Jorge Gravina, Jo\u00e3o Batista Gravina executou os servi\u00e7os de protocolo. Na sequencia o companheiro J\u00falio C\u00e9sar Peluso providenciou os servi\u00e7os de secretaria. Gilson Gomes realizou a informa\u00e7\u00e3o rot\u00e1ria. Gilson, trouxe uma <img decoding=\"async\" class=\"size-thumbnail wp-image-5555 alignleft lazyload\" data-src=\"https:\/\/ubanews.com\/site\/wp-content\/uploads\/2018\/07\/DSC_0750-copiar-150x150.jpg\" alt=\"\" width=\"150\" height=\"150\" src=\"data:image\/svg+xml;base64,PHN2ZyB3aWR0aD0iMSIgaGVpZ2h0PSIxIiB4bWxucz0iaHR0cDovL3d3dy53My5vcmcvMjAwMC9zdmciPjwvc3ZnPg==\" style=\"--smush-placeholder-width: 150px; --smush-placeholder-aspect-ratio: 150\/150;\">novidade quanto a um treinamento que ele recebeu, em data recente, na cidade de Juiz de Fora. Essa experi\u00eancia consiste em uma s\u00e9rie de informa\u00e7\u00e3o quanto a per capita de cada rotariano e outras quest\u00f5es inerentes \u00e0s finan\u00e7as do clube. Traduzindo a fala de Gilson: ele <img decoding=\"async\" class=\"size-thumbnail wp-image-5556 alignright lazyload\" data-src=\"https:\/\/ubanews.com\/site\/wp-content\/uploads\/2018\/07\/DSC_0761-copiar-150x150.jpg\" alt=\"\" width=\"150\" height=\"150\" data-srcset=\"https:\/\/ubanews.com\/site\/wp-content\/uploads\/2018\/07\/DSC_0761-copiar-150x150.jpg 150w, https:\/\/ubanews.com\/site\/wp-content\/uploads\/2018\/07\/DSC_0761-copiar-300x300.jpg 300w, https:\/\/ubanews.com\/site\/wp-content\/uploads\/2018\/07\/DSC_0761-copiar.jpg 600w\" data-sizes=\"(max-width: 150px) 100vw, 150px\" src=\"data:image\/svg+xml;base64,PHN2ZyB3aWR0aD0iMSIgaGVpZ2h0PSIxIiB4bWxucz0iaHR0cDovL3d3dy53My5vcmcvMjAwMC9zdmciPjwvc3ZnPg==\" style=\"--smush-placeholder-width: 150px; --smush-placeholder-aspect-ratio: 150\/150;\" \/>trouxe informa\u00e7\u00f5es detalhadas quanto ao investimento da mensalidade de cada companheiro. Sebasti\u00e3o Fortunato (T\u00e3ozinho) fez o trabalho de modera\u00e7\u00e3o, destacando cada ponto enfatizado pelos companheiros que o antecederam.<\/p>\n<p><img decoding=\"async\" class=\"size-thumbnail wp-image-5557 alignleft lazyload\" data-src=\"https:\/\/ubanews.com\/site\/wp-content\/uploads\/2018\/07\/DSC_0768-copiar-150x150.jpg\" alt=\"\" width=\"150\" height=\"150\" data-srcset=\"https:\/\/ubanews.com\/site\/wp-content\/uploads\/2018\/07\/DSC_0768-copiar-150x150.jpg 150w, https:\/\/ubanews.com\/site\/wp-content\/uploads\/2018\/07\/DSC_0768-copiar-300x300.jpg 300w, https:\/\/ubanews.com\/site\/wp-content\/uploads\/2018\/07\/DSC_0768-copiar.jpg 600w\" data-sizes=\"(max-width: 150px) 100vw, 150px\" src=\"data:image\/svg+xml;base64,PHN2ZyB3aWR0aD0iMSIgaGVpZ2h0PSIxIiB4bWxucz0iaHR0cDovL3d3dy53My5vcmcvMjAwMC9zdmciPjwvc3ZnPg==\" style=\"--smush-placeholder-width: 150px; --smush-placeholder-aspect-ratio: 150\/150;\" \/>A professora Josiane (Fagoc) enalteceu a import\u00e2ncia de um bom l\u00edder. Segundo ela, o pa\u00eds necessita de homens e mulheres de pulso forte. E \u00e9 exatamente isto que estamos vendo no novo presidente do Ano Rot\u00e1rio <img decoding=\"async\" class=\"size-thumbnail wp-image-5558 alignright lazyload\" data-src=\"https:\/\/ubanews.com\/site\/wp-content\/uploads\/2018\/07\/DSC_0787-copiar-150x150.jpg\" alt=\"\" width=\"150\" height=\"150\" data-srcset=\"https:\/\/ubanews.com\/site\/wp-content\/uploads\/2018\/07\/DSC_0787-copiar-150x150.jpg 150w, https:\/\/ubanews.com\/site\/wp-content\/uploads\/2018\/07\/DSC_0787-copiar-300x300.jpg 300w, https:\/\/ubanews.com\/site\/wp-content\/uploads\/2018\/07\/DSC_0787-copiar.jpg 600w\" data-sizes=\"(max-width: 150px) 100vw, 150px\" src=\"data:image\/svg+xml;base64,PHN2ZyB3aWR0aD0iMSIgaGVpZ2h0PSIxIiB4bWxucz0iaHR0cDovL3d3dy53My5vcmcvMjAwMC9zdmciPjwvc3ZnPg==\" style=\"--smush-placeholder-width: 150px; --smush-placeholder-aspect-ratio: 150\/150;\" \/>2018\/2019. Professor Joaquim Carlos de Souza, externou sua alegria por ter um jovem, ali\u00e1s dois: J\u00fanior e Tony, \u00e0 frente do Rotary Club Ub\u00e1. Deixou claro de seu amor pelas causas do Rotary, por\u00e9m exigiu que o clube possa reconhecer aquilo que ele faz em favor das comunidades. Com destaque para a Educa\u00e7\u00e3o para o Tr\u00e2nsito, sua bandeira, desde os tempos prim\u00f3rdios, quando ainda lecionava na Escola Estadual Deputado Carlos Peixoto Filho (Polivalente). O aniversariante do m\u00eas de julho, Guarino Colli, foi o \u00faltimo<img decoding=\"async\" class=\"size-thumbnail wp-image-5559 alignright lazyload\" data-src=\"https:\/\/ubanews.com\/site\/wp-content\/uploads\/2018\/07\/DSC_0797-copiar-150x150.jpg\" alt=\"\" width=\"150\" height=\"150\" data-srcset=\"https:\/\/ubanews.com\/site\/wp-content\/uploads\/2018\/07\/DSC_0797-copiar-150x150.jpg 150w, https:\/\/ubanews.com\/site\/wp-content\/uploads\/2018\/07\/DSC_0797-copiar-300x300.jpg 300w, https:\/\/ubanews.com\/site\/wp-content\/uploads\/2018\/07\/DSC_0797-copiar.jpg 600w\" data-sizes=\"(max-width: 150px) 100vw, 150px\" src=\"data:image\/svg+xml;base64,PHN2ZyB3aWR0aD0iMSIgaGVpZ2h0PSIxIiB4bWxucz0iaHR0cDovL3d3dy53My5vcmcvMjAwMC9zdmciPjwvc3ZnPg==\" style=\"--smush-placeholder-width: 150px; --smush-placeholder-aspect-ratio: 150\/150;\" \/> a falar. Com toda sua experi\u00eancia de vida rotariana, Guarino cumprimentou os dois jovens intercambistas, presentes na reuni\u00e3o: \u201cvoc\u00eas ser\u00e3o os representantes do Brasil por esse mundo afora\u201d.<\/p>\n<p>Miguel de Mello Vaz (18) e J\u00falia Almeida Segheto (17). Os dois ir\u00e3o representar o Rotary Club Ub\u00e1 nos pa\u00edses Taiwan e Estados Unidos Respectivamente.<\/p>\n<p><a href=\"https:\/\/ubanews.com\/site\/wp-content\/uploads\/2018\/07\/DSC_0809-copiar.jpg\"><img decoding=\"async\" class=\"alignnone size-full wp-image-5560 lazyload\" data-src=\"https:\/\/ubanews.com\/site\/wp-content\/uploads\/2018\/07\/DSC_0809-copiar.jpg\" alt=\"\" width=\"800\" height=\"457\" data-srcset=\"https:\/\/ubanews.com\/site\/wp-content\/uploads\/2018\/07\/DSC_0809-copiar.jpg 800w, https:\/\/ubanews.com\/site\/wp-content\/uploads\/2018\/07\/DSC_0809-copiar-300x171.jpg 300w, https:\/\/ubanews.com\/site\/wp-content\/uploads\/2018\/07\/DSC_0809-copiar-768x439.jpg 768w\" data-sizes=\"(max-width: 800px) 100vw, 800px\" src=\"data:image\/svg+xml;base64,PHN2ZyB3aWR0aD0iMSIgaGVpZ2h0PSIxIiB4bWxucz0iaHR0cDovL3d3dy53My5vcmcvMjAwMC9zdmciPjwvc3ZnPg==\" style=\"--smush-placeholder-width: 800px; --smush-placeholder-aspect-ratio: 800\/457;\" \/><\/a><\/p>\n","protected":false},"excerpt":{"rendered":"<p>O presidente do Rotary Club ub\u00e1 Sebasti\u00e3o Fortunato J\u00fanior ministrou<\/p>\n","protected":false},"author":2,"featured_media":5562,"comment_status":"open","ping_status":"open","sticky":false,"template":"","format":"standard","meta":{"footnotes":""},"categories":[1],"tags":[],"class_list":["post-5552","post","type-post","status-publish","format-standard","has-post-thumbnail","hentry","category-sem-categoria"],"yoast_head":"<!-- This site is optimized with the Yoast SEO plugin v27.2 - https:\/\/yoast.com\/product\/yoast-seo-wordpress\/ -->\n<title>Primeiro dia de reuni\u00e3o com o novo presidente no Rotary Club Ub\u00e1 - Ub\u00e1 News<\/title>\n<meta name=\"robots\" content=\"index, follow, max-snippet:-1, max-image-preview:large, max-video-preview:-1\" \/>\n<link rel=\"canonical\" href=\"https:\/\/ubanews.com\/site\/2018\/07\/13\/primeiro-dia-de-reuniao-com-o-novo-presidente-no-rotary-club-uba\/\" \/>\n<meta property=\"og:locale\" content=\"pt_BR\" \/>\n<meta property=\"og:type\" content=\"article\" \/>\n<meta property=\"og:title\" content=\"Primeiro dia de reuni\u00e3o com o novo presidente no Rotary Club Ub\u00e1 - Ub\u00e1 News\" \/>\n<meta property=\"og:description\" content=\"O presidente do Rotary Club ub\u00e1 Sebasti\u00e3o Fortunato J\u00fanior ministrou\" \/>\n<meta property=\"og:url\" content=\"https:\/\/ubanews.com\/site\/2018\/07\/13\/primeiro-dia-de-reuniao-com-o-novo-presidente-no-rotary-club-uba\/\" \/>\n<meta property=\"og:site_name\" content=\"Ub\u00e1 News\" \/>\n<meta property=\"article:publisher\" content=\"https:\/\/www.facebook.com\/Ub%c3%a1News-Carlos-Roberto-Sodr%c3%a9-418778301977370\" \/>\n<meta property=\"article:author\" content=\"https:\/\/www.facebook.com\/carosroberto.sodre.5\/\" \/>\n<meta property=\"article:published_time\" content=\"2018-07-13T17:06:12+00:00\" \/>\n<meta property=\"article:modified_time\" content=\"2018-07-19T19:08:23+00:00\" \/>\n<meta property=\"og:image\" content=\"https:\/\/ubanews.com\/site\/wp-content\/uploads\/2018\/07\/DSC_0740-copiar-1.jpg\" \/>\n\t<meta property=\"og:image:width\" content=\"800\" \/>\n\t<meta property=\"og:image:height\" content=\"389\" \/>\n\t<meta property=\"og:image:type\" content=\"image\/jpeg\" \/>\n<meta name=\"author\" content=\"Sodr\u00e9\" \/>\n<meta name=\"twitter:card\" content=\"summary_large_image\" \/>\n<meta name=\"twitter:label1\" content=\"Escrito por\" \/>\n\t<meta name=\"twitter:data1\" content=\"Sodr\u00e9\" \/>\n\t<meta name=\"twitter:label2\" content=\"Est. tempo de leitura\" \/>\n\t<meta name=\"twitter:data2\" content=\"2 minutos\" \/>\n<script type=\"application\/ld+json\" class=\"yoast-schema-graph\">{\"@context\":\"https:\/\/schema.org\",\"@graph\":[{\"@type\":\"Article\",\"@id\":\"https:\/\/ubanews.com\/site\/2018\/07\/13\/primeiro-dia-de-reuniao-com-o-novo-presidente-no-rotary-club-uba\/#article\",\"isPartOf\":{\"@id\":\"https:\/\/ubanews.com\/site\/2018\/07\/13\/primeiro-dia-de-reuniao-com-o-novo-presidente-no-rotary-club-uba\/\"},\"author\":{\"name\":\"Sodr\u00e9\",\"@id\":\"https:\/\/ubanews.com\/site\/#\/schema\/person\/d90c9e47252fbb63dcc969fe4c8b9d10\"},\"headline\":\"Primeiro dia de reuni\u00e3o com o novo presidente no Rotary Club Ub\u00e1\",\"datePublished\":\"2018-07-13T17:06:12+00:00\",\"dateModified\":\"2018-07-19T19:08:23+00:00\",\"mainEntityOfPage\":{\"@id\":\"https:\/\/ubanews.com\/site\/2018\/07\/13\/primeiro-dia-de-reuniao-com-o-novo-presidente-no-rotary-club-uba\/\"},\"wordCount\":359,\"commentCount\":0,\"publisher\":{\"@id\":\"https:\/\/ubanews.com\/site\/#organization\"},\"image\":{\"@id\":\"https:\/\/ubanews.com\/site\/2018\/07\/13\/primeiro-dia-de-reuniao-com-o-novo-presidente-no-rotary-club-uba\/#primaryimage\"},\"thumbnailUrl\":\"https:\/\/ubanews.com\/site\/wp-content\/uploads\/2018\/07\/DSC_0740-copiar-1.jpg\",\"articleSection\":[\"Geral\"],\"inLanguage\":\"pt-BR\",\"potentialAction\":[{\"@type\":\"CommentAction\",\"name\":\"Comment\",\"target\":[\"https:\/\/ubanews.com\/site\/2018\/07\/13\/primeiro-dia-de-reuniao-com-o-novo-presidente-no-rotary-club-uba\/#respond\"]}]},{\"@type\":\"WebPage\",\"@id\":\"https:\/\/ubanews.com\/site\/2018\/07\/13\/primeiro-dia-de-reuniao-com-o-novo-presidente-no-rotary-club-uba\/\",\"url\":\"https:\/\/ubanews.com\/site\/2018\/07\/13\/primeiro-dia-de-reuniao-com-o-novo-presidente-no-rotary-club-uba\/\",\"name\":\"Primeiro dia de reuni\u00e3o com o novo presidente no Rotary Club Ub\u00e1 - Ub\u00e1 News\",\"isPartOf\":{\"@id\":\"https:\/\/ubanews.com\/site\/#website\"},\"primaryImageOfPage\":{\"@id\":\"https:\/\/ubanews.com\/site\/2018\/07\/13\/primeiro-dia-de-reuniao-com-o-novo-presidente-no-rotary-club-uba\/#primaryimage\"},\"image\":{\"@id\":\"https:\/\/ubanews.com\/site\/2018\/07\/13\/primeiro-dia-de-reuniao-com-o-novo-presidente-no-rotary-club-uba\/#primaryimage\"},\"thumbnailUrl\":\"https:\/\/ubanews.com\/site\/wp-content\/uploads\/2018\/07\/DSC_0740-copiar-1.jpg\",\"datePublished\":\"2018-07-13T17:06:12+00:00\",\"dateModified\":\"2018-07-19T19:08:23+00:00\",\"breadcrumb\":{\"@id\":\"https:\/\/ubanews.com\/site\/2018\/07\/13\/primeiro-dia-de-reuniao-com-o-novo-presidente-no-rotary-club-uba\/#breadcrumb\"},\"inLanguage\":\"pt-BR\",\"potentialAction\":[{\"@type\":\"ReadAction\",\"target\":[\"https:\/\/ubanews.com\/site\/2018\/07\/13\/primeiro-dia-de-reuniao-com-o-novo-presidente-no-rotary-club-uba\/\"]}]},{\"@type\":\"ImageObject\",\"inLanguage\":\"pt-BR\",\"@id\":\"https:\/\/ubanews.com\/site\/2018\/07\/13\/primeiro-dia-de-reuniao-com-o-novo-presidente-no-rotary-club-uba\/#primaryimage\",\"url\":\"https:\/\/ubanews.com\/site\/wp-content\/uploads\/2018\/07\/DSC_0740-copiar-1.jpg\",\"contentUrl\":\"https:\/\/ubanews.com\/site\/wp-content\/uploads\/2018\/07\/DSC_0740-copiar-1.jpg\",\"width\":800,\"height\":389},{\"@type\":\"BreadcrumbList\",\"@id\":\"https:\/\/ubanews.com\/site\/2018\/07\/13\/primeiro-dia-de-reuniao-com-o-novo-presidente-no-rotary-club-uba\/#breadcrumb\",\"itemListElement\":[{\"@type\":\"ListItem\",\"position\":1,\"name\":\"Home\",\"item\":\"https:\/\/ubanews.com\/site\/\"},{\"@type\":\"ListItem\",\"position\":2,\"name\":\"Primeiro dia de reuni\u00e3o com o novo presidente no Rotary Club Ub\u00e1\"}]},{\"@type\":\"WebSite\",\"@id\":\"https:\/\/ubanews.com\/site\/#website\",\"url\":\"https:\/\/ubanews.com\/site\/\",\"name\":\"Ub\u00e1 News\",\"description\":\"\",\"publisher\":{\"@id\":\"https:\/\/ubanews.com\/site\/#organization\"},\"potentialAction\":[{\"@type\":\"SearchAction\",\"target\":{\"@type\":\"EntryPoint\",\"urlTemplate\":\"https:\/\/ubanews.com\/site\/?s={search_term_string}\"},\"query-input\":{\"@type\":\"PropertyValueSpecification\",\"valueRequired\":true,\"valueName\":\"search_term_string\"}}],\"inLanguage\":\"pt-BR\"},{\"@type\":\"Organization\",\"@id\":\"https:\/\/ubanews.com\/site\/#organization\",\"name\":\"Ub\u00e1 News\",\"url\":\"https:\/\/ubanews.com\/site\/\",\"logo\":{\"@type\":\"ImageObject\",\"inLanguage\":\"pt-BR\",\"@id\":\"https:\/\/ubanews.com\/site\/#\/schema\/logo\/image\/\",\"url\":\"https:\/\/ubanews.com\/site\/wp-content\/uploads\/2018\/01\/logoubanews.png\",\"contentUrl\":\"https:\/\/ubanews.com\/site\/wp-content\/uploads\/2018\/01\/logoubanews.png\",\"width\":261,\"height\":99,\"caption\":\"Ub\u00e1 News\"},\"image\":{\"@id\":\"https:\/\/ubanews.com\/site\/#\/schema\/logo\/image\/\"},\"sameAs\":[\"https:\/\/www.facebook.com\/Ub\u00e1News-Carlos-Roberto-Sodr\u00e9-418778301977370\"]},{\"@type\":\"Person\",\"@id\":\"https:\/\/ubanews.com\/site\/#\/schema\/person\/d90c9e47252fbb63dcc969fe4c8b9d10\",\"name\":\"Sodr\u00e9\",\"image\":{\"@type\":\"ImageObject\",\"inLanguage\":\"pt-BR\",\"@id\":\"https:\/\/secure.gravatar.com\/avatar\/5ba2793f0590b9dbfad3fdec4ee714485b3eef211c9b32ee53d414060454a56c?s=96&d=mm&r=g\",\"url\":\"https:\/\/secure.gravatar.com\/avatar\/5ba2793f0590b9dbfad3fdec4ee714485b3eef211c9b32ee53d414060454a56c?s=96&d=mm&r=g\",\"contentUrl\":\"https:\/\/secure.gravatar.com\/avatar\/5ba2793f0590b9dbfad3fdec4ee714485b3eef211c9b32ee53d414060454a56c?s=96&d=mm&r=g\",\"caption\":\"Sodr\u00e9\"},\"sameAs\":[\"https:\/\/www.facebook.com\/carosroberto.sodre.5\/\"],\"url\":\"https:\/\/ubanews.com\/site\/author\/felipe\/\"}]}<\/script>\n<!-- \/ Yoast SEO plugin. -->","yoast_head_json":{"title":"Primeiro dia de reuni\u00e3o com o novo presidente no Rotary Club Ub\u00e1 - Ub\u00e1 News","robots":{"index":"index","follow":"follow","max-snippet":"max-snippet:-1","max-image-preview":"max-image-preview:large","max-video-preview":"max-video-preview:-1"},"canonical":"https:\/\/ubanews.com\/site\/2018\/07\/13\/primeiro-dia-de-reuniao-com-o-novo-presidente-no-rotary-club-uba\/","og_locale":"pt_BR","og_type":"article","og_title":"Primeiro dia de reuni\u00e3o com o novo presidente no Rotary Club Ub\u00e1 - Ub\u00e1 News","og_description":"O presidente do Rotary Club ub\u00e1 Sebasti\u00e3o Fortunato J\u00fanior ministrou","og_url":"https:\/\/ubanews.com\/site\/2018\/07\/13\/primeiro-dia-de-reuniao-com-o-novo-presidente-no-rotary-club-uba\/","og_site_name":"Ub\u00e1 News","article_publisher":"https:\/\/www.facebook.com\/Ub%c3%a1News-Carlos-Roberto-Sodr%c3%a9-418778301977370","article_author":"https:\/\/www.facebook.com\/carosroberto.sodre.5\/","article_published_time":"2018-07-13T17:06:12+00:00","article_modified_time":"2018-07-19T19:08:23+00:00","og_image":[{"width":800,"height":389,"url":"https:\/\/ubanews.com\/site\/wp-content\/uploads\/2018\/07\/DSC_0740-copiar-1.jpg","type":"image\/jpeg"}],"author":"Sodr\u00e9","twitter_card":"summary_large_image","twitter_misc":{"Escrito por":"Sodr\u00e9","Est. tempo de leitura":"2 minutos"},"schema":{"@context":"https:\/\/schema.org","@graph":[{"@type":"Article","@id":"https:\/\/ubanews.com\/site\/2018\/07\/13\/primeiro-dia-de-reuniao-com-o-novo-presidente-no-rotary-club-uba\/#article","isPartOf":{"@id":"https:\/\/ubanews.com\/site\/2018\/07\/13\/primeiro-dia-de-reuniao-com-o-novo-presidente-no-rotary-club-uba\/"},"author":{"name":"Sodr\u00e9","@id":"https:\/\/ubanews.com\/site\/#\/schema\/person\/d90c9e47252fbb63dcc969fe4c8b9d10"},"headline":"Primeiro dia de reuni\u00e3o com o novo presidente no Rotary Club Ub\u00e1","datePublished":"2018-07-13T17:06:12+00:00","dateModified":"2018-07-19T19:08:23+00:00","mainEntityOfPage":{"@id":"https:\/\/ubanews.com\/site\/2018\/07\/13\/primeiro-dia-de-reuniao-com-o-novo-presidente-no-rotary-club-uba\/"},"wordCount":359,"commentCount":0,"publisher":{"@id":"https:\/\/ubanews.com\/site\/#organization"},"image":{"@id":"https:\/\/ubanews.com\/site\/2018\/07\/13\/primeiro-dia-de-reuniao-com-o-novo-presidente-no-rotary-club-uba\/#primaryimage"},"thumbnailUrl":"https:\/\/ubanews.com\/site\/wp-content\/uploads\/2018\/07\/DSC_0740-copiar-1.jpg","articleSection":["Geral"],"inLanguage":"pt-BR","potentialAction":[{"@type":"CommentAction","name":"Comment","target":["https:\/\/ubanews.com\/site\/2018\/07\/13\/primeiro-dia-de-reuniao-com-o-novo-presidente-no-rotary-club-uba\/#respond"]}]},{"@type":"WebPage","@id":"https:\/\/ubanews.com\/site\/2018\/07\/13\/primeiro-dia-de-reuniao-com-o-novo-presidente-no-rotary-club-uba\/","url":"https:\/\/ubanews.com\/site\/2018\/07\/13\/primeiro-dia-de-reuniao-com-o-novo-presidente-no-rotary-club-uba\/","name":"Primeiro dia de reuni\u00e3o com o novo presidente no Rotary Club Ub\u00e1 - Ub\u00e1 News","isPartOf":{"@id":"https:\/\/ubanews.com\/site\/#website"},"primaryImageOfPage":{"@id":"https:\/\/ubanews.com\/site\/2018\/07\/13\/primeiro-dia-de-reuniao-com-o-novo-presidente-no-rotary-club-uba\/#primaryimage"},"image":{"@id":"https:\/\/ubanews.com\/site\/2018\/07\/13\/primeiro-dia-de-reuniao-com-o-novo-presidente-no-rotary-club-uba\/#primaryimage"},"thumbnailUrl":"https:\/\/ubanews.com\/site\/wp-content\/uploads\/2018\/07\/DSC_0740-copiar-1.jpg","datePublished":"2018-07-13T17:06:12+00:00","dateModified":"2018-07-19T19:08:23+00:00","breadcrumb":{"@id":"https:\/\/ubanews.com\/site\/2018\/07\/13\/primeiro-dia-de-reuniao-com-o-novo-presidente-no-rotary-club-uba\/#breadcrumb"},"inLanguage":"pt-BR","potentialAction":[{"@type":"ReadAction","target":["https:\/\/ubanews.com\/site\/2018\/07\/13\/primeiro-dia-de-reuniao-com-o-novo-presidente-no-rotary-club-uba\/"]}]},{"@type":"ImageObject","inLanguage":"pt-BR","@id":"https:\/\/ubanews.com\/site\/2018\/07\/13\/primeiro-dia-de-reuniao-com-o-novo-presidente-no-rotary-club-uba\/#primaryimage","url":"https:\/\/ubanews.com\/site\/wp-content\/uploads\/2018\/07\/DSC_0740-copiar-1.jpg","contentUrl":"https:\/\/ubanews.com\/site\/wp-content\/uploads\/2018\/07\/DSC_0740-copiar-1.jpg","width":800,"height":389},{"@type":"BreadcrumbList","@id":"https:\/\/ubanews.com\/site\/2018\/07\/13\/primeiro-dia-de-reuniao-com-o-novo-presidente-no-rotary-club-uba\/#breadcrumb","itemListElement":[{"@type":"ListItem","position":1,"name":"Home","item":"https:\/\/ubanews.com\/site\/"},{"@type":"ListItem","position":2,"name":"Primeiro dia de reuni\u00e3o com o novo presidente no Rotary Club Ub\u00e1"}]},{"@type":"WebSite","@id":"https:\/\/ubanews.com\/site\/#website","url":"https:\/\/ubanews.com\/site\/","name":"Ub\u00e1 News","description":"","publisher":{"@id":"https:\/\/ubanews.com\/site\/#organization"},"potentialAction":[{"@type":"SearchAction","target":{"@type":"EntryPoint","urlTemplate":"https:\/\/ubanews.com\/site\/?s={search_term_string}"},"query-input":{"@type":"PropertyValueSpecification","valueRequired":true,"valueName":"search_term_string"}}],"inLanguage":"pt-BR"},{"@type":"Organization","@id":"https:\/\/ubanews.com\/site\/#organization","name":"Ub\u00e1 News","url":"https:\/\/ubanews.com\/site\/","logo":{"@type":"ImageObject","inLanguage":"pt-BR","@id":"https:\/\/ubanews.com\/site\/#\/schema\/logo\/image\/","url":"https:\/\/ubanews.com\/site\/wp-content\/uploads\/2018\/01\/logoubanews.png","contentUrl":"https:\/\/ubanews.com\/site\/wp-content\/uploads\/2018\/01\/logoubanews.png","width":261,"height":99,"caption":"Ub\u00e1 News"},"image":{"@id":"https:\/\/ubanews.com\/site\/#\/schema\/logo\/image\/"},"sameAs":["https:\/\/www.facebook.com\/Ub\u00e1News-Carlos-Roberto-Sodr\u00e9-418778301977370"]},{"@type":"Person","@id":"https:\/\/ubanews.com\/site\/#\/schema\/person\/d90c9e47252fbb63dcc969fe4c8b9d10","name":"Sodr\u00e9","image":{"@type":"ImageObject","inLanguage":"pt-BR","@id":"https:\/\/secure.gravatar.com\/avatar\/5ba2793f0590b9dbfad3fdec4ee714485b3eef211c9b32ee53d414060454a56c?s=96&d=mm&r=g","url":"https:\/\/secure.gravatar.com\/avatar\/5ba2793f0590b9dbfad3fdec4ee714485b3eef211c9b32ee53d414060454a56c?s=96&d=mm&r=g","contentUrl":"https:\/\/secure.gravatar.com\/avatar\/5ba2793f0590b9dbfad3fdec4ee714485b3eef211c9b32ee53d414060454a56c?s=96&d=mm&r=g","caption":"Sodr\u00e9"},"sameAs":["https:\/\/www.facebook.com\/carosroberto.sodre.5\/"],"url":"https:\/\/ubanews.com\/site\/author\/felipe\/"}]}},"_links":{"self":[{"href":"https:\/\/ubanews.com\/site\/wp-json\/wp\/v2\/posts\/5552","targetHints":{"allow":["GET"]}}],"collection":[{"href":"https:\/\/ubanews.com\/site\/wp-json\/wp\/v2\/posts"}],"about":[{"href":"https:\/\/ubanews.com\/site\/wp-json\/wp\/v2\/types\/post"}],"author":[{"embeddable":true,"href":"https:\/\/ubanews.com\/site\/wp-json\/wp\/v2\/users\/2"}],"replies":[{"embeddable":true,"href":"https:\/\/ubanews.com\/site\/wp-json\/wp\/v2\/comments?post=5552"}],"version-history":[{"count":0,"href":"https:\/\/ubanews.com\/site\/wp-json\/wp\/v2\/posts\/5552\/revisions"}],"wp:featuredmedia":[{"embeddable":true,"href":"https:\/\/ubanews.com\/site\/wp-json\/wp\/v2\/media\/5562"}],"wp:attachment":[{"href":"https:\/\/ubanews.com\/site\/wp-json\/wp\/v2\/media?parent=5552"}],"wp:term":[{"taxonomy":"category","embeddable":true,"href":"https:\/\/ubanews.com\/site\/wp-json\/wp\/v2\/categories?post=5552"},{"taxonomy":"post_tag","embeddable":true,"href":"https:\/\/ubanews.com\/site\/wp-json\/wp\/v2\/tags?post=5552"}],"curies":[{"name":"wp","href":"https:\/\/api.w.org\/{rel}","templated":true}]}}