{"id":5516,"date":"2018-09-01T12:45:49","date_gmt":"2018-09-01T15:45:49","guid":{"rendered":"http:\/\/ubanews.com\/site\/?p=5516"},"modified":"2018-09-01T12:43:53","modified_gmt":"2018-09-01T15:43:53","slug":"terrenos-comerciais-e-industriais-e-o-mais-recente-empreendimento-da-barletta-schiavon-imoveis","status":"publish","type":"post","link":"https:\/\/ubanews.com\/site\/2018\/09\/01\/terrenos-comerciais-e-industriais-e-o-mais-recente-empreendimento-da-barletta-schiavon-imoveis\/","title":{"rendered":"Terrenos Comerciais e Industriais \u00e9 o mais recente empreendimento da\u00a0Barletta Schiavon Im\u00f3veis"},"content":{"rendered":"<p>O SOLAR \u2013 Terrenos Comerciais e Industriais \u00e9 o mais recente empreendimento da&nbsp;<span class=\"fwn fcg\"><span class=\"fwb fcg\" data-ft=\"{&quot;tn&quot;:&quot;k&quot;}\">Barletta Schiavon Im\u00f3veis<\/span><\/span>, e visa suprir a necessidade de pequenas e m\u00e9dias empresas de Ub\u00e1 e regi\u00e3o que buscam \u00e1reas apropriadas para se desenvolverem. S\u00e3o 18 terrenos de \u00e1rea m\u00e9dia de 2.250 m\u00b2 cada, cal\u00e7amento dentro das normas da ABNT, redes de distribui\u00e7\u00e3o de \u00e1gua e coletora de esgoto, capta\u00e7\u00e3o pluvial e energia el\u00e9trica. Al\u00e9m de uma \u00e1rea verde arborizada de mais de 9.000 m\u00b2. Os mesmo est\u00e3o localizados na Rua Jo\u00e3o Teixeira da Silveira, Anel Vi\u00e1rio, em frente ao Residencial Solar de Ub\u00e1. Para mais informa\u00e7\u00f5es ligue agora mesmo no 32 3532 3606 e agende uma visita com um dos nossos corretores.<\/p>\n<p><iframe data-src=\"https:\/\/www.youtube.com\/embed\/3rDDwdRt0_A\" width=\"560\" height=\"315\" frameborder=\"0\" allowfullscreen=\"allowfullscreen\" src=\"data:image\/svg+xml;base64,PHN2ZyB3aWR0aD0iMSIgaGVpZ2h0PSIxIiB4bWxucz0iaHR0cDovL3d3dy53My5vcmcvMjAwMC9zdmciPjwvc3ZnPg==\" class=\"lazyload\" data-load-mode=\"1\"><\/iframe>&nbsp;<\/p>\n","protected":false},"excerpt":{"rendered":"<p>O SOLAR \u2013 Terrenos Comerciais e Industriais \u00e9 o mais<\/p>\n","protected":false},"author":2,"featured_media":5502,"comment_status":"open","ping_status":"open","sticky":false,"template":"","format":"standard","meta":{"footnotes":""},"categories":[1],"tags":[],"class_list":["post-5516","post","type-post","status-publish","format-standard","has-post-thumbnail","hentry","category-sem-categoria"],"yoast_head":"<!-- This site is optimized with the Yoast SEO plugin v27.2 - https:\/\/yoast.com\/product\/yoast-seo-wordpress\/ -->\n<title>Terrenos Comerciais e Industriais \u00e9 o mais recente empreendimento da\u00a0Barletta Schiavon Im\u00f3veis - Ub\u00e1 News<\/title>\n<meta name=\"robots\" content=\"index, follow, max-snippet:-1, max-image-preview:large, max-video-preview:-1\" \/>\n<link rel=\"canonical\" href=\"https:\/\/ubanews.com\/site\/2018\/09\/01\/terrenos-comerciais-e-industriais-e-o-mais-recente-empreendimento-da-barletta-schiavon-imoveis\/\" \/>\n<meta property=\"og:locale\" content=\"pt_BR\" \/>\n<meta property=\"og:type\" content=\"article\" \/>\n<meta property=\"og:title\" content=\"Terrenos Comerciais e Industriais \u00e9 o mais recente empreendimento da\u00a0Barletta Schiavon Im\u00f3veis - Ub\u00e1 News\" \/>\n<meta property=\"og:description\" content=\"O SOLAR \u2013 Terrenos Comerciais e Industriais \u00e9 o mais\" \/>\n<meta property=\"og:url\" content=\"https:\/\/ubanews.com\/site\/2018\/09\/01\/terrenos-comerciais-e-industriais-e-o-mais-recente-empreendimento-da-barletta-schiavon-imoveis\/\" \/>\n<meta property=\"og:site_name\" content=\"Ub\u00e1 News\" \/>\n<meta property=\"article:publisher\" content=\"https:\/\/www.facebook.com\/Ub%c3%a1News-Carlos-Roberto-Sodr%c3%a9-418778301977370\" \/>\n<meta property=\"article:author\" content=\"https:\/\/www.facebook.com\/carosroberto.sodre.5\/\" \/>\n<meta property=\"article:published_time\" content=\"2018-09-01T15:45:49+00:00\" \/>\n<meta property=\"og:image\" content=\"https:\/\/ubanews.com\/site\/wp-content\/uploads\/2018\/07\/Solar.jpg\" \/>\n\t<meta property=\"og:image:width\" content=\"800\" \/>\n\t<meta property=\"og:image:height\" content=\"389\" \/>\n\t<meta property=\"og:image:type\" content=\"image\/jpeg\" \/>\n<meta name=\"author\" content=\"Sodr\u00e9\" \/>\n<meta name=\"twitter:card\" content=\"summary_large_image\" \/>\n<meta name=\"twitter:label1\" content=\"Escrito por\" \/>\n\t<meta name=\"twitter:data1\" content=\"Sodr\u00e9\" \/>\n\t<meta name=\"twitter:label2\" content=\"Est. tempo de leitura\" \/>\n\t<meta name=\"twitter:data2\" content=\"1 minuto\" \/>\n<script type=\"application\/ld+json\" class=\"yoast-schema-graph\">{\"@context\":\"https:\/\/schema.org\",\"@graph\":[{\"@type\":\"Article\",\"@id\":\"https:\/\/ubanews.com\/site\/2018\/09\/01\/terrenos-comerciais-e-industriais-e-o-mais-recente-empreendimento-da-barletta-schiavon-imoveis\/#article\",\"isPartOf\":{\"@id\":\"https:\/\/ubanews.com\/site\/2018\/09\/01\/terrenos-comerciais-e-industriais-e-o-mais-recente-empreendimento-da-barletta-schiavon-imoveis\/\"},\"author\":{\"name\":\"Sodr\u00e9\",\"@id\":\"https:\/\/ubanews.com\/site\/#\/schema\/person\/d90c9e47252fbb63dcc969fe4c8b9d10\"},\"headline\":\"Terrenos Comerciais e Industriais \u00e9 o mais recente empreendimento da\u00a0Barletta Schiavon Im\u00f3veis\",\"datePublished\":\"2018-09-01T15:45:49+00:00\",\"mainEntityOfPage\":{\"@id\":\"https:\/\/ubanews.com\/site\/2018\/09\/01\/terrenos-comerciais-e-industriais-e-o-mais-recente-empreendimento-da-barletta-schiavon-imoveis\/\"},\"wordCount\":137,\"commentCount\":0,\"publisher\":{\"@id\":\"https:\/\/ubanews.com\/site\/#organization\"},\"image\":{\"@id\":\"https:\/\/ubanews.com\/site\/2018\/09\/01\/terrenos-comerciais-e-industriais-e-o-mais-recente-empreendimento-da-barletta-schiavon-imoveis\/#primaryimage\"},\"thumbnailUrl\":\"https:\/\/ubanews.com\/site\/wp-content\/uploads\/2018\/07\/Solar.jpg\",\"articleSection\":[\"Geral\"],\"inLanguage\":\"pt-BR\",\"potentialAction\":[{\"@type\":\"CommentAction\",\"name\":\"Comment\",\"target\":[\"https:\/\/ubanews.com\/site\/2018\/09\/01\/terrenos-comerciais-e-industriais-e-o-mais-recente-empreendimento-da-barletta-schiavon-imoveis\/#respond\"]}]},{\"@type\":\"WebPage\",\"@id\":\"https:\/\/ubanews.com\/site\/2018\/09\/01\/terrenos-comerciais-e-industriais-e-o-mais-recente-empreendimento-da-barletta-schiavon-imoveis\/\",\"url\":\"https:\/\/ubanews.com\/site\/2018\/09\/01\/terrenos-comerciais-e-industriais-e-o-mais-recente-empreendimento-da-barletta-schiavon-imoveis\/\",\"name\":\"Terrenos Comerciais e Industriais \u00e9 o mais recente empreendimento da\u00a0Barletta Schiavon Im\u00f3veis - Ub\u00e1 News\",\"isPartOf\":{\"@id\":\"https:\/\/ubanews.com\/site\/#website\"},\"primaryImageOfPage\":{\"@id\":\"https:\/\/ubanews.com\/site\/2018\/09\/01\/terrenos-comerciais-e-industriais-e-o-mais-recente-empreendimento-da-barletta-schiavon-imoveis\/#primaryimage\"},\"image\":{\"@id\":\"https:\/\/ubanews.com\/site\/2018\/09\/01\/terrenos-comerciais-e-industriais-e-o-mais-recente-empreendimento-da-barletta-schiavon-imoveis\/#primaryimage\"},\"thumbnailUrl\":\"https:\/\/ubanews.com\/site\/wp-content\/uploads\/2018\/07\/Solar.jpg\",\"datePublished\":\"2018-09-01T15:45:49+00:00\",\"breadcrumb\":{\"@id\":\"https:\/\/ubanews.com\/site\/2018\/09\/01\/terrenos-comerciais-e-industriais-e-o-mais-recente-empreendimento-da-barletta-schiavon-imoveis\/#breadcrumb\"},\"inLanguage\":\"pt-BR\",\"potentialAction\":[{\"@type\":\"ReadAction\",\"target\":[\"https:\/\/ubanews.com\/site\/2018\/09\/01\/terrenos-comerciais-e-industriais-e-o-mais-recente-empreendimento-da-barletta-schiavon-imoveis\/\"]}]},{\"@type\":\"ImageObject\",\"inLanguage\":\"pt-BR\",\"@id\":\"https:\/\/ubanews.com\/site\/2018\/09\/01\/terrenos-comerciais-e-industriais-e-o-mais-recente-empreendimento-da-barletta-schiavon-imoveis\/#primaryimage\",\"url\":\"https:\/\/ubanews.com\/site\/wp-content\/uploads\/2018\/07\/Solar.jpg\",\"contentUrl\":\"https:\/\/ubanews.com\/site\/wp-content\/uploads\/2018\/07\/Solar.jpg\",\"width\":800,\"height\":389},{\"@type\":\"BreadcrumbList\",\"@id\":\"https:\/\/ubanews.com\/site\/2018\/09\/01\/terrenos-comerciais-e-industriais-e-o-mais-recente-empreendimento-da-barletta-schiavon-imoveis\/#breadcrumb\",\"itemListElement\":[{\"@type\":\"ListItem\",\"position\":1,\"name\":\"Home\",\"item\":\"https:\/\/ubanews.com\/site\/\"},{\"@type\":\"ListItem\",\"position\":2,\"name\":\"Terrenos Comerciais e Industriais \u00e9 o mais recente empreendimento da\u00a0Barletta Schiavon Im\u00f3veis\"}]},{\"@type\":\"WebSite\",\"@id\":\"https:\/\/ubanews.com\/site\/#website\",\"url\":\"https:\/\/ubanews.com\/site\/\",\"name\":\"Ub\u00e1 News\",\"description\":\"\",\"publisher\":{\"@id\":\"https:\/\/ubanews.com\/site\/#organization\"},\"potentialAction\":[{\"@type\":\"SearchAction\",\"target\":{\"@type\":\"EntryPoint\",\"urlTemplate\":\"https:\/\/ubanews.com\/site\/?s={search_term_string}\"},\"query-input\":{\"@type\":\"PropertyValueSpecification\",\"valueRequired\":true,\"valueName\":\"search_term_string\"}}],\"inLanguage\":\"pt-BR\"},{\"@type\":\"Organization\",\"@id\":\"https:\/\/ubanews.com\/site\/#organization\",\"name\":\"Ub\u00e1 News\",\"url\":\"https:\/\/ubanews.com\/site\/\",\"logo\":{\"@type\":\"ImageObject\",\"inLanguage\":\"pt-BR\",\"@id\":\"https:\/\/ubanews.com\/site\/#\/schema\/logo\/image\/\",\"url\":\"https:\/\/ubanews.com\/site\/wp-content\/uploads\/2018\/01\/logoubanews.png\",\"contentUrl\":\"https:\/\/ubanews.com\/site\/wp-content\/uploads\/2018\/01\/logoubanews.png\",\"width\":261,\"height\":99,\"caption\":\"Ub\u00e1 News\"},\"image\":{\"@id\":\"https:\/\/ubanews.com\/site\/#\/schema\/logo\/image\/\"},\"sameAs\":[\"https:\/\/www.facebook.com\/Ub\u00e1News-Carlos-Roberto-Sodr\u00e9-418778301977370\"]},{\"@type\":\"Person\",\"@id\":\"https:\/\/ubanews.com\/site\/#\/schema\/person\/d90c9e47252fbb63dcc969fe4c8b9d10\",\"name\":\"Sodr\u00e9\",\"image\":{\"@type\":\"ImageObject\",\"inLanguage\":\"pt-BR\",\"@id\":\"https:\/\/secure.gravatar.com\/avatar\/5ba2793f0590b9dbfad3fdec4ee714485b3eef211c9b32ee53d414060454a56c?s=96&d=mm&r=g\",\"url\":\"https:\/\/secure.gravatar.com\/avatar\/5ba2793f0590b9dbfad3fdec4ee714485b3eef211c9b32ee53d414060454a56c?s=96&d=mm&r=g\",\"contentUrl\":\"https:\/\/secure.gravatar.com\/avatar\/5ba2793f0590b9dbfad3fdec4ee714485b3eef211c9b32ee53d414060454a56c?s=96&d=mm&r=g\",\"caption\":\"Sodr\u00e9\"},\"sameAs\":[\"https:\/\/www.facebook.com\/carosroberto.sodre.5\/\"],\"url\":\"https:\/\/ubanews.com\/site\/author\/felipe\/\"}]}<\/script>\n<!-- \/ Yoast SEO plugin. -->","yoast_head_json":{"title":"Terrenos Comerciais e Industriais \u00e9 o mais recente empreendimento da\u00a0Barletta Schiavon Im\u00f3veis - Ub\u00e1 News","robots":{"index":"index","follow":"follow","max-snippet":"max-snippet:-1","max-image-preview":"max-image-preview:large","max-video-preview":"max-video-preview:-1"},"canonical":"https:\/\/ubanews.com\/site\/2018\/09\/01\/terrenos-comerciais-e-industriais-e-o-mais-recente-empreendimento-da-barletta-schiavon-imoveis\/","og_locale":"pt_BR","og_type":"article","og_title":"Terrenos Comerciais e Industriais \u00e9 o mais recente empreendimento da\u00a0Barletta Schiavon Im\u00f3veis - Ub\u00e1 News","og_description":"O SOLAR \u2013 Terrenos Comerciais e Industriais \u00e9 o mais","og_url":"https:\/\/ubanews.com\/site\/2018\/09\/01\/terrenos-comerciais-e-industriais-e-o-mais-recente-empreendimento-da-barletta-schiavon-imoveis\/","og_site_name":"Ub\u00e1 News","article_publisher":"https:\/\/www.facebook.com\/Ub%c3%a1News-Carlos-Roberto-Sodr%c3%a9-418778301977370","article_author":"https:\/\/www.facebook.com\/carosroberto.sodre.5\/","article_published_time":"2018-09-01T15:45:49+00:00","og_image":[{"width":800,"height":389,"url":"https:\/\/ubanews.com\/site\/wp-content\/uploads\/2018\/07\/Solar.jpg","type":"image\/jpeg"}],"author":"Sodr\u00e9","twitter_card":"summary_large_image","twitter_misc":{"Escrito por":"Sodr\u00e9","Est. tempo de leitura":"1 minuto"},"schema":{"@context":"https:\/\/schema.org","@graph":[{"@type":"Article","@id":"https:\/\/ubanews.com\/site\/2018\/09\/01\/terrenos-comerciais-e-industriais-e-o-mais-recente-empreendimento-da-barletta-schiavon-imoveis\/#article","isPartOf":{"@id":"https:\/\/ubanews.com\/site\/2018\/09\/01\/terrenos-comerciais-e-industriais-e-o-mais-recente-empreendimento-da-barletta-schiavon-imoveis\/"},"author":{"name":"Sodr\u00e9","@id":"https:\/\/ubanews.com\/site\/#\/schema\/person\/d90c9e47252fbb63dcc969fe4c8b9d10"},"headline":"Terrenos Comerciais e Industriais \u00e9 o mais recente empreendimento da\u00a0Barletta Schiavon Im\u00f3veis","datePublished":"2018-09-01T15:45:49+00:00","mainEntityOfPage":{"@id":"https:\/\/ubanews.com\/site\/2018\/09\/01\/terrenos-comerciais-e-industriais-e-o-mais-recente-empreendimento-da-barletta-schiavon-imoveis\/"},"wordCount":137,"commentCount":0,"publisher":{"@id":"https:\/\/ubanews.com\/site\/#organization"},"image":{"@id":"https:\/\/ubanews.com\/site\/2018\/09\/01\/terrenos-comerciais-e-industriais-e-o-mais-recente-empreendimento-da-barletta-schiavon-imoveis\/#primaryimage"},"thumbnailUrl":"https:\/\/ubanews.com\/site\/wp-content\/uploads\/2018\/07\/Solar.jpg","articleSection":["Geral"],"inLanguage":"pt-BR","potentialAction":[{"@type":"CommentAction","name":"Comment","target":["https:\/\/ubanews.com\/site\/2018\/09\/01\/terrenos-comerciais-e-industriais-e-o-mais-recente-empreendimento-da-barletta-schiavon-imoveis\/#respond"]}]},{"@type":"WebPage","@id":"https:\/\/ubanews.com\/site\/2018\/09\/01\/terrenos-comerciais-e-industriais-e-o-mais-recente-empreendimento-da-barletta-schiavon-imoveis\/","url":"https:\/\/ubanews.com\/site\/2018\/09\/01\/terrenos-comerciais-e-industriais-e-o-mais-recente-empreendimento-da-barletta-schiavon-imoveis\/","name":"Terrenos Comerciais e Industriais \u00e9 o mais recente empreendimento da\u00a0Barletta Schiavon Im\u00f3veis - Ub\u00e1 News","isPartOf":{"@id":"https:\/\/ubanews.com\/site\/#website"},"primaryImageOfPage":{"@id":"https:\/\/ubanews.com\/site\/2018\/09\/01\/terrenos-comerciais-e-industriais-e-o-mais-recente-empreendimento-da-barletta-schiavon-imoveis\/#primaryimage"},"image":{"@id":"https:\/\/ubanews.com\/site\/2018\/09\/01\/terrenos-comerciais-e-industriais-e-o-mais-recente-empreendimento-da-barletta-schiavon-imoveis\/#primaryimage"},"thumbnailUrl":"https:\/\/ubanews.com\/site\/wp-content\/uploads\/2018\/07\/Solar.jpg","datePublished":"2018-09-01T15:45:49+00:00","breadcrumb":{"@id":"https:\/\/ubanews.com\/site\/2018\/09\/01\/terrenos-comerciais-e-industriais-e-o-mais-recente-empreendimento-da-barletta-schiavon-imoveis\/#breadcrumb"},"inLanguage":"pt-BR","potentialAction":[{"@type":"ReadAction","target":["https:\/\/ubanews.com\/site\/2018\/09\/01\/terrenos-comerciais-e-industriais-e-o-mais-recente-empreendimento-da-barletta-schiavon-imoveis\/"]}]},{"@type":"ImageObject","inLanguage":"pt-BR","@id":"https:\/\/ubanews.com\/site\/2018\/09\/01\/terrenos-comerciais-e-industriais-e-o-mais-recente-empreendimento-da-barletta-schiavon-imoveis\/#primaryimage","url":"https:\/\/ubanews.com\/site\/wp-content\/uploads\/2018\/07\/Solar.jpg","contentUrl":"https:\/\/ubanews.com\/site\/wp-content\/uploads\/2018\/07\/Solar.jpg","width":800,"height":389},{"@type":"BreadcrumbList","@id":"https:\/\/ubanews.com\/site\/2018\/09\/01\/terrenos-comerciais-e-industriais-e-o-mais-recente-empreendimento-da-barletta-schiavon-imoveis\/#breadcrumb","itemListElement":[{"@type":"ListItem","position":1,"name":"Home","item":"https:\/\/ubanews.com\/site\/"},{"@type":"ListItem","position":2,"name":"Terrenos Comerciais e Industriais \u00e9 o mais recente empreendimento da\u00a0Barletta Schiavon Im\u00f3veis"}]},{"@type":"WebSite","@id":"https:\/\/ubanews.com\/site\/#website","url":"https:\/\/ubanews.com\/site\/","name":"Ub\u00e1 News","description":"","publisher":{"@id":"https:\/\/ubanews.com\/site\/#organization"},"potentialAction":[{"@type":"SearchAction","target":{"@type":"EntryPoint","urlTemplate":"https:\/\/ubanews.com\/site\/?s={search_term_string}"},"query-input":{"@type":"PropertyValueSpecification","valueRequired":true,"valueName":"search_term_string"}}],"inLanguage":"pt-BR"},{"@type":"Organization","@id":"https:\/\/ubanews.com\/site\/#organization","name":"Ub\u00e1 News","url":"https:\/\/ubanews.com\/site\/","logo":{"@type":"ImageObject","inLanguage":"pt-BR","@id":"https:\/\/ubanews.com\/site\/#\/schema\/logo\/image\/","url":"https:\/\/ubanews.com\/site\/wp-content\/uploads\/2018\/01\/logoubanews.png","contentUrl":"https:\/\/ubanews.com\/site\/wp-content\/uploads\/2018\/01\/logoubanews.png","width":261,"height":99,"caption":"Ub\u00e1 News"},"image":{"@id":"https:\/\/ubanews.com\/site\/#\/schema\/logo\/image\/"},"sameAs":["https:\/\/www.facebook.com\/Ub\u00e1News-Carlos-Roberto-Sodr\u00e9-418778301977370"]},{"@type":"Person","@id":"https:\/\/ubanews.com\/site\/#\/schema\/person\/d90c9e47252fbb63dcc969fe4c8b9d10","name":"Sodr\u00e9","image":{"@type":"ImageObject","inLanguage":"pt-BR","@id":"https:\/\/secure.gravatar.com\/avatar\/5ba2793f0590b9dbfad3fdec4ee714485b3eef211c9b32ee53d414060454a56c?s=96&d=mm&r=g","url":"https:\/\/secure.gravatar.com\/avatar\/5ba2793f0590b9dbfad3fdec4ee714485b3eef211c9b32ee53d414060454a56c?s=96&d=mm&r=g","contentUrl":"https:\/\/secure.gravatar.com\/avatar\/5ba2793f0590b9dbfad3fdec4ee714485b3eef211c9b32ee53d414060454a56c?s=96&d=mm&r=g","caption":"Sodr\u00e9"},"sameAs":["https:\/\/www.facebook.com\/carosroberto.sodre.5\/"],"url":"https:\/\/ubanews.com\/site\/author\/felipe\/"}]}},"_links":{"self":[{"href":"https:\/\/ubanews.com\/site\/wp-json\/wp\/v2\/posts\/5516","targetHints":{"allow":["GET"]}}],"collection":[{"href":"https:\/\/ubanews.com\/site\/wp-json\/wp\/v2\/posts"}],"about":[{"href":"https:\/\/ubanews.com\/site\/wp-json\/wp\/v2\/types\/post"}],"author":[{"embeddable":true,"href":"https:\/\/ubanews.com\/site\/wp-json\/wp\/v2\/users\/2"}],"replies":[{"embeddable":true,"href":"https:\/\/ubanews.com\/site\/wp-json\/wp\/v2\/comments?post=5516"}],"version-history":[{"count":0,"href":"https:\/\/ubanews.com\/site\/wp-json\/wp\/v2\/posts\/5516\/revisions"}],"wp:featuredmedia":[{"embeddable":true,"href":"https:\/\/ubanews.com\/site\/wp-json\/wp\/v2\/media\/5502"}],"wp:attachment":[{"href":"https:\/\/ubanews.com\/site\/wp-json\/wp\/v2\/media?parent=5516"}],"wp:term":[{"taxonomy":"category","embeddable":true,"href":"https:\/\/ubanews.com\/site\/wp-json\/wp\/v2\/categories?post=5516"},{"taxonomy":"post_tag","embeddable":true,"href":"https:\/\/ubanews.com\/site\/wp-json\/wp\/v2\/tags?post=5516"}],"curies":[{"name":"wp","href":"https:\/\/api.w.org\/{rel}","templated":true}]}}