{"id":5368,"date":"2018-07-06T22:08:03","date_gmt":"2018-07-07T01:08:03","guid":{"rendered":"http:\/\/ubanews.com\/site\/?p=5368"},"modified":"2018-07-11T21:50:23","modified_gmt":"2018-07-12T00:50:23","slug":"desolado-com-derrota-sim-mas-empresario-diz-o-pais-deve-se-preocupar-tambem-com-outras-coisas","status":"publish","type":"post","link":"https:\/\/ubanews.com\/site\/2018\/07\/06\/desolado-com-derrota-sim-mas-empresario-diz-o-pais-deve-se-preocupar-tambem-com-outras-coisas\/","title":{"rendered":"DESOLADO COM DERROTA SIM, MAS EMPRES\u00c1RIO DIZ O PA\u00cdS DEVE SE PREOCUPAR TAMB\u00c9M COM OUTRAS COISAS"},"content":{"rendered":"<p>Repercute muito em todo o mundo a derrota do Brasil para B\u00e9lgica e a desclassifica\u00e7\u00e3o da Copa da R\u00fassia. Os Belgas marcaram os dois gols no primeiro tempo, enquanto a Sele\u00e7\u00e3o Brasileira descontou no segundo tempo. Placar final: B\u00e9lgica 2 x 1 Brasil. Assim, como em todo o pa\u00eds, para os ubaenses a decep\u00e7\u00e3o foi grande. Principalmente com os jogadores que entraram, em substitui\u00e7\u00e3o \u00e0queles que n\u00e3o puderam atuar, como o caso de Cassimiro. Fernandinho entrou em seu lugar e n\u00e3o correspondeu. N\u00e3o apenas pelo gol contra, mas produziu muito pouco. Quem tamb\u00e9m rendeu abaixo do esperado foi o atacante Gabriel Jesus.<\/p>\n<p>Apesar da tristeza que tomou conta da cidade, alguns torcedores reagiram bem a derrota. Por exemplo, Nilson morais, dono do Museu Itinerante do Futebol, disse que sua exposi\u00e7\u00e3o vai permanecer at\u00e9 o fim, ou seja, ela fica no F\u00f3rum Cultural, Pra\u00e7a S\u00e3o Janu\u00e1rio at\u00e9 o dia 15 de julho, data da final do Mundial de Futebol da R\u00fassia, conforme planejamento. A exposi\u00e7\u00e3o est\u00e1 aberta ao p\u00fablico para visita\u00e7\u00e3o todos os dias, inclusive aos s\u00e1bados e domingos, de 9h \u00e0s 21h. Confira o que disse \u00e0 nossa reportagem o rubro-negro Nilson Morais.<\/p>\n<p><iframe data-src=\"https:\/\/www.youtube.com\/embed\/304fEDxIjmo\" width=\"560\" height=\"315\" frameborder=\"0\" allowfullscreen=\"allowfullscreen\" src=\"data:image\/svg+xml;base64,PHN2ZyB3aWR0aD0iMSIgaGVpZ2h0PSIxIiB4bWxucz0iaHR0cDovL3d3dy53My5vcmcvMjAwMC9zdmciPjwvc3ZnPg==\" class=\"lazyload\" data-load-mode=\"1\"><\/iframe>&nbsp;<\/p>\n","protected":false},"excerpt":{"rendered":"<p>Repercute muito em todo o mundo a derrota do Brasil<\/p>\n","protected":false},"author":2,"featured_media":5370,"comment_status":"open","ping_status":"open","sticky":false,"template":"","format":"standard","meta":{"footnotes":""},"categories":[20],"tags":[],"class_list":["post-5368","post","type-post","status-publish","format-standard","has-post-thumbnail","hentry","category-esporte"],"yoast_head":"<!-- This site is optimized with the Yoast SEO plugin v27.2 - https:\/\/yoast.com\/product\/yoast-seo-wordpress\/ -->\n<title>DESOLADO COM DERROTA SIM, MAS EMPRES\u00c1RIO DIZ O PA\u00cdS DEVE SE PREOCUPAR TAMB\u00c9M COM OUTRAS COISAS - Ub\u00e1 News<\/title>\n<meta name=\"robots\" content=\"index, follow, max-snippet:-1, max-image-preview:large, max-video-preview:-1\" \/>\n<link rel=\"canonical\" href=\"https:\/\/ubanews.com\/site\/2018\/07\/06\/desolado-com-derrota-sim-mas-empresario-diz-o-pais-deve-se-preocupar-tambem-com-outras-coisas\/\" \/>\n<meta property=\"og:locale\" content=\"pt_BR\" \/>\n<meta property=\"og:type\" content=\"article\" \/>\n<meta property=\"og:title\" content=\"DESOLADO COM DERROTA SIM, MAS EMPRES\u00c1RIO DIZ O PA\u00cdS DEVE SE PREOCUPAR TAMB\u00c9M COM OUTRAS COISAS - Ub\u00e1 News\" \/>\n<meta property=\"og:description\" content=\"Repercute muito em todo o mundo a derrota do Brasil\" \/>\n<meta property=\"og:url\" content=\"https:\/\/ubanews.com\/site\/2018\/07\/06\/desolado-com-derrota-sim-mas-empresario-diz-o-pais-deve-se-preocupar-tambem-com-outras-coisas\/\" \/>\n<meta property=\"og:site_name\" content=\"Ub\u00e1 News\" \/>\n<meta property=\"article:publisher\" content=\"https:\/\/www.facebook.com\/Ub%c3%a1News-Carlos-Roberto-Sodr%c3%a9-418778301977370\" \/>\n<meta property=\"article:author\" content=\"https:\/\/www.facebook.com\/carosroberto.sodre.5\/\" \/>\n<meta property=\"article:published_time\" content=\"2018-07-07T01:08:03+00:00\" \/>\n<meta property=\"article:modified_time\" content=\"2018-07-12T00:50:23+00:00\" \/>\n<meta property=\"og:image\" content=\"https:\/\/ubanews.com\/site\/wp-content\/uploads\/2018\/07\/Nilson-Moraes.jpg\" \/>\n\t<meta property=\"og:image:width\" content=\"800\" \/>\n\t<meta property=\"og:image:height\" content=\"389\" \/>\n\t<meta property=\"og:image:type\" content=\"image\/jpeg\" \/>\n<meta name=\"author\" content=\"Sodr\u00e9\" \/>\n<meta name=\"twitter:card\" content=\"summary_large_image\" \/>\n<meta name=\"twitter:label1\" content=\"Escrito por\" \/>\n\t<meta name=\"twitter:data1\" content=\"Sodr\u00e9\" \/>\n\t<meta name=\"twitter:label2\" content=\"Est. tempo de leitura\" \/>\n\t<meta name=\"twitter:data2\" content=\"1 minuto\" \/>\n<script type=\"application\/ld+json\" class=\"yoast-schema-graph\">{\"@context\":\"https:\/\/schema.org\",\"@graph\":[{\"@type\":\"Article\",\"@id\":\"https:\/\/ubanews.com\/site\/2018\/07\/06\/desolado-com-derrota-sim-mas-empresario-diz-o-pais-deve-se-preocupar-tambem-com-outras-coisas\/#article\",\"isPartOf\":{\"@id\":\"https:\/\/ubanews.com\/site\/2018\/07\/06\/desolado-com-derrota-sim-mas-empresario-diz-o-pais-deve-se-preocupar-tambem-com-outras-coisas\/\"},\"author\":{\"name\":\"Sodr\u00e9\",\"@id\":\"https:\/\/ubanews.com\/site\/#\/schema\/person\/d90c9e47252fbb63dcc969fe4c8b9d10\"},\"headline\":\"DESOLADO COM DERROTA SIM, MAS EMPRES\u00c1RIO DIZ O PA\u00cdS DEVE SE PREOCUPAR TAMB\u00c9M COM OUTRAS COISAS\",\"datePublished\":\"2018-07-07T01:08:03+00:00\",\"dateModified\":\"2018-07-12T00:50:23+00:00\",\"mainEntityOfPage\":{\"@id\":\"https:\/\/ubanews.com\/site\/2018\/07\/06\/desolado-com-derrota-sim-mas-empresario-diz-o-pais-deve-se-preocupar-tambem-com-outras-coisas\/\"},\"wordCount\":231,\"commentCount\":0,\"publisher\":{\"@id\":\"https:\/\/ubanews.com\/site\/#organization\"},\"image\":{\"@id\":\"https:\/\/ubanews.com\/site\/2018\/07\/06\/desolado-com-derrota-sim-mas-empresario-diz-o-pais-deve-se-preocupar-tambem-com-outras-coisas\/#primaryimage\"},\"thumbnailUrl\":\"https:\/\/ubanews.com\/site\/wp-content\/uploads\/2018\/07\/Nilson-Moraes.jpg\",\"articleSection\":[\"Esporte\"],\"inLanguage\":\"pt-BR\",\"potentialAction\":[{\"@type\":\"CommentAction\",\"name\":\"Comment\",\"target\":[\"https:\/\/ubanews.com\/site\/2018\/07\/06\/desolado-com-derrota-sim-mas-empresario-diz-o-pais-deve-se-preocupar-tambem-com-outras-coisas\/#respond\"]}]},{\"@type\":\"WebPage\",\"@id\":\"https:\/\/ubanews.com\/site\/2018\/07\/06\/desolado-com-derrota-sim-mas-empresario-diz-o-pais-deve-se-preocupar-tambem-com-outras-coisas\/\",\"url\":\"https:\/\/ubanews.com\/site\/2018\/07\/06\/desolado-com-derrota-sim-mas-empresario-diz-o-pais-deve-se-preocupar-tambem-com-outras-coisas\/\",\"name\":\"DESOLADO COM DERROTA SIM, MAS EMPRES\u00c1RIO DIZ O PA\u00cdS DEVE SE PREOCUPAR TAMB\u00c9M COM OUTRAS COISAS - Ub\u00e1 News\",\"isPartOf\":{\"@id\":\"https:\/\/ubanews.com\/site\/#website\"},\"primaryImageOfPage\":{\"@id\":\"https:\/\/ubanews.com\/site\/2018\/07\/06\/desolado-com-derrota-sim-mas-empresario-diz-o-pais-deve-se-preocupar-tambem-com-outras-coisas\/#primaryimage\"},\"image\":{\"@id\":\"https:\/\/ubanews.com\/site\/2018\/07\/06\/desolado-com-derrota-sim-mas-empresario-diz-o-pais-deve-se-preocupar-tambem-com-outras-coisas\/#primaryimage\"},\"thumbnailUrl\":\"https:\/\/ubanews.com\/site\/wp-content\/uploads\/2018\/07\/Nilson-Moraes.jpg\",\"datePublished\":\"2018-07-07T01:08:03+00:00\",\"dateModified\":\"2018-07-12T00:50:23+00:00\",\"breadcrumb\":{\"@id\":\"https:\/\/ubanews.com\/site\/2018\/07\/06\/desolado-com-derrota-sim-mas-empresario-diz-o-pais-deve-se-preocupar-tambem-com-outras-coisas\/#breadcrumb\"},\"inLanguage\":\"pt-BR\",\"potentialAction\":[{\"@type\":\"ReadAction\",\"target\":[\"https:\/\/ubanews.com\/site\/2018\/07\/06\/desolado-com-derrota-sim-mas-empresario-diz-o-pais-deve-se-preocupar-tambem-com-outras-coisas\/\"]}]},{\"@type\":\"ImageObject\",\"inLanguage\":\"pt-BR\",\"@id\":\"https:\/\/ubanews.com\/site\/2018\/07\/06\/desolado-com-derrota-sim-mas-empresario-diz-o-pais-deve-se-preocupar-tambem-com-outras-coisas\/#primaryimage\",\"url\":\"https:\/\/ubanews.com\/site\/wp-content\/uploads\/2018\/07\/Nilson-Moraes.jpg\",\"contentUrl\":\"https:\/\/ubanews.com\/site\/wp-content\/uploads\/2018\/07\/Nilson-Moraes.jpg\",\"width\":800,\"height\":389},{\"@type\":\"BreadcrumbList\",\"@id\":\"https:\/\/ubanews.com\/site\/2018\/07\/06\/desolado-com-derrota-sim-mas-empresario-diz-o-pais-deve-se-preocupar-tambem-com-outras-coisas\/#breadcrumb\",\"itemListElement\":[{\"@type\":\"ListItem\",\"position\":1,\"name\":\"Home\",\"item\":\"https:\/\/ubanews.com\/site\/\"},{\"@type\":\"ListItem\",\"position\":2,\"name\":\"DESOLADO COM DERROTA SIM, MAS EMPRES\u00c1RIO DIZ O PA\u00cdS DEVE SE PREOCUPAR TAMB\u00c9M COM OUTRAS COISAS\"}]},{\"@type\":\"WebSite\",\"@id\":\"https:\/\/ubanews.com\/site\/#website\",\"url\":\"https:\/\/ubanews.com\/site\/\",\"name\":\"Ub\u00e1 News\",\"description\":\"\",\"publisher\":{\"@id\":\"https:\/\/ubanews.com\/site\/#organization\"},\"potentialAction\":[{\"@type\":\"SearchAction\",\"target\":{\"@type\":\"EntryPoint\",\"urlTemplate\":\"https:\/\/ubanews.com\/site\/?s={search_term_string}\"},\"query-input\":{\"@type\":\"PropertyValueSpecification\",\"valueRequired\":true,\"valueName\":\"search_term_string\"}}],\"inLanguage\":\"pt-BR\"},{\"@type\":\"Organization\",\"@id\":\"https:\/\/ubanews.com\/site\/#organization\",\"name\":\"Ub\u00e1 News\",\"url\":\"https:\/\/ubanews.com\/site\/\",\"logo\":{\"@type\":\"ImageObject\",\"inLanguage\":\"pt-BR\",\"@id\":\"https:\/\/ubanews.com\/site\/#\/schema\/logo\/image\/\",\"url\":\"https:\/\/ubanews.com\/site\/wp-content\/uploads\/2018\/01\/logoubanews.png\",\"contentUrl\":\"https:\/\/ubanews.com\/site\/wp-content\/uploads\/2018\/01\/logoubanews.png\",\"width\":261,\"height\":99,\"caption\":\"Ub\u00e1 News\"},\"image\":{\"@id\":\"https:\/\/ubanews.com\/site\/#\/schema\/logo\/image\/\"},\"sameAs\":[\"https:\/\/www.facebook.com\/Ub\u00e1News-Carlos-Roberto-Sodr\u00e9-418778301977370\"]},{\"@type\":\"Person\",\"@id\":\"https:\/\/ubanews.com\/site\/#\/schema\/person\/d90c9e47252fbb63dcc969fe4c8b9d10\",\"name\":\"Sodr\u00e9\",\"image\":{\"@type\":\"ImageObject\",\"inLanguage\":\"pt-BR\",\"@id\":\"https:\/\/secure.gravatar.com\/avatar\/5ba2793f0590b9dbfad3fdec4ee714485b3eef211c9b32ee53d414060454a56c?s=96&d=mm&r=g\",\"url\":\"https:\/\/secure.gravatar.com\/avatar\/5ba2793f0590b9dbfad3fdec4ee714485b3eef211c9b32ee53d414060454a56c?s=96&d=mm&r=g\",\"contentUrl\":\"https:\/\/secure.gravatar.com\/avatar\/5ba2793f0590b9dbfad3fdec4ee714485b3eef211c9b32ee53d414060454a56c?s=96&d=mm&r=g\",\"caption\":\"Sodr\u00e9\"},\"sameAs\":[\"https:\/\/www.facebook.com\/carosroberto.sodre.5\/\"],\"url\":\"https:\/\/ubanews.com\/site\/author\/felipe\/\"}]}<\/script>\n<!-- \/ Yoast SEO plugin. -->","yoast_head_json":{"title":"DESOLADO COM DERROTA SIM, MAS EMPRES\u00c1RIO DIZ O PA\u00cdS DEVE SE PREOCUPAR TAMB\u00c9M COM OUTRAS COISAS - Ub\u00e1 News","robots":{"index":"index","follow":"follow","max-snippet":"max-snippet:-1","max-image-preview":"max-image-preview:large","max-video-preview":"max-video-preview:-1"},"canonical":"https:\/\/ubanews.com\/site\/2018\/07\/06\/desolado-com-derrota-sim-mas-empresario-diz-o-pais-deve-se-preocupar-tambem-com-outras-coisas\/","og_locale":"pt_BR","og_type":"article","og_title":"DESOLADO COM DERROTA SIM, MAS EMPRES\u00c1RIO DIZ O PA\u00cdS DEVE SE PREOCUPAR TAMB\u00c9M COM OUTRAS COISAS - Ub\u00e1 News","og_description":"Repercute muito em todo o mundo a derrota do Brasil","og_url":"https:\/\/ubanews.com\/site\/2018\/07\/06\/desolado-com-derrota-sim-mas-empresario-diz-o-pais-deve-se-preocupar-tambem-com-outras-coisas\/","og_site_name":"Ub\u00e1 News","article_publisher":"https:\/\/www.facebook.com\/Ub%c3%a1News-Carlos-Roberto-Sodr%c3%a9-418778301977370","article_author":"https:\/\/www.facebook.com\/carosroberto.sodre.5\/","article_published_time":"2018-07-07T01:08:03+00:00","article_modified_time":"2018-07-12T00:50:23+00:00","og_image":[{"width":800,"height":389,"url":"https:\/\/ubanews.com\/site\/wp-content\/uploads\/2018\/07\/Nilson-Moraes.jpg","type":"image\/jpeg"}],"author":"Sodr\u00e9","twitter_card":"summary_large_image","twitter_misc":{"Escrito por":"Sodr\u00e9","Est. tempo de leitura":"1 minuto"},"schema":{"@context":"https:\/\/schema.org","@graph":[{"@type":"Article","@id":"https:\/\/ubanews.com\/site\/2018\/07\/06\/desolado-com-derrota-sim-mas-empresario-diz-o-pais-deve-se-preocupar-tambem-com-outras-coisas\/#article","isPartOf":{"@id":"https:\/\/ubanews.com\/site\/2018\/07\/06\/desolado-com-derrota-sim-mas-empresario-diz-o-pais-deve-se-preocupar-tambem-com-outras-coisas\/"},"author":{"name":"Sodr\u00e9","@id":"https:\/\/ubanews.com\/site\/#\/schema\/person\/d90c9e47252fbb63dcc969fe4c8b9d10"},"headline":"DESOLADO COM DERROTA SIM, MAS EMPRES\u00c1RIO DIZ O PA\u00cdS DEVE SE PREOCUPAR TAMB\u00c9M COM OUTRAS COISAS","datePublished":"2018-07-07T01:08:03+00:00","dateModified":"2018-07-12T00:50:23+00:00","mainEntityOfPage":{"@id":"https:\/\/ubanews.com\/site\/2018\/07\/06\/desolado-com-derrota-sim-mas-empresario-diz-o-pais-deve-se-preocupar-tambem-com-outras-coisas\/"},"wordCount":231,"commentCount":0,"publisher":{"@id":"https:\/\/ubanews.com\/site\/#organization"},"image":{"@id":"https:\/\/ubanews.com\/site\/2018\/07\/06\/desolado-com-derrota-sim-mas-empresario-diz-o-pais-deve-se-preocupar-tambem-com-outras-coisas\/#primaryimage"},"thumbnailUrl":"https:\/\/ubanews.com\/site\/wp-content\/uploads\/2018\/07\/Nilson-Moraes.jpg","articleSection":["Esporte"],"inLanguage":"pt-BR","potentialAction":[{"@type":"CommentAction","name":"Comment","target":["https:\/\/ubanews.com\/site\/2018\/07\/06\/desolado-com-derrota-sim-mas-empresario-diz-o-pais-deve-se-preocupar-tambem-com-outras-coisas\/#respond"]}]},{"@type":"WebPage","@id":"https:\/\/ubanews.com\/site\/2018\/07\/06\/desolado-com-derrota-sim-mas-empresario-diz-o-pais-deve-se-preocupar-tambem-com-outras-coisas\/","url":"https:\/\/ubanews.com\/site\/2018\/07\/06\/desolado-com-derrota-sim-mas-empresario-diz-o-pais-deve-se-preocupar-tambem-com-outras-coisas\/","name":"DESOLADO COM DERROTA SIM, MAS EMPRES\u00c1RIO DIZ O PA\u00cdS DEVE SE PREOCUPAR TAMB\u00c9M COM OUTRAS COISAS - Ub\u00e1 News","isPartOf":{"@id":"https:\/\/ubanews.com\/site\/#website"},"primaryImageOfPage":{"@id":"https:\/\/ubanews.com\/site\/2018\/07\/06\/desolado-com-derrota-sim-mas-empresario-diz-o-pais-deve-se-preocupar-tambem-com-outras-coisas\/#primaryimage"},"image":{"@id":"https:\/\/ubanews.com\/site\/2018\/07\/06\/desolado-com-derrota-sim-mas-empresario-diz-o-pais-deve-se-preocupar-tambem-com-outras-coisas\/#primaryimage"},"thumbnailUrl":"https:\/\/ubanews.com\/site\/wp-content\/uploads\/2018\/07\/Nilson-Moraes.jpg","datePublished":"2018-07-07T01:08:03+00:00","dateModified":"2018-07-12T00:50:23+00:00","breadcrumb":{"@id":"https:\/\/ubanews.com\/site\/2018\/07\/06\/desolado-com-derrota-sim-mas-empresario-diz-o-pais-deve-se-preocupar-tambem-com-outras-coisas\/#breadcrumb"},"inLanguage":"pt-BR","potentialAction":[{"@type":"ReadAction","target":["https:\/\/ubanews.com\/site\/2018\/07\/06\/desolado-com-derrota-sim-mas-empresario-diz-o-pais-deve-se-preocupar-tambem-com-outras-coisas\/"]}]},{"@type":"ImageObject","inLanguage":"pt-BR","@id":"https:\/\/ubanews.com\/site\/2018\/07\/06\/desolado-com-derrota-sim-mas-empresario-diz-o-pais-deve-se-preocupar-tambem-com-outras-coisas\/#primaryimage","url":"https:\/\/ubanews.com\/site\/wp-content\/uploads\/2018\/07\/Nilson-Moraes.jpg","contentUrl":"https:\/\/ubanews.com\/site\/wp-content\/uploads\/2018\/07\/Nilson-Moraes.jpg","width":800,"height":389},{"@type":"BreadcrumbList","@id":"https:\/\/ubanews.com\/site\/2018\/07\/06\/desolado-com-derrota-sim-mas-empresario-diz-o-pais-deve-se-preocupar-tambem-com-outras-coisas\/#breadcrumb","itemListElement":[{"@type":"ListItem","position":1,"name":"Home","item":"https:\/\/ubanews.com\/site\/"},{"@type":"ListItem","position":2,"name":"DESOLADO COM DERROTA SIM, MAS EMPRES\u00c1RIO DIZ O PA\u00cdS DEVE SE PREOCUPAR TAMB\u00c9M COM OUTRAS COISAS"}]},{"@type":"WebSite","@id":"https:\/\/ubanews.com\/site\/#website","url":"https:\/\/ubanews.com\/site\/","name":"Ub\u00e1 News","description":"","publisher":{"@id":"https:\/\/ubanews.com\/site\/#organization"},"potentialAction":[{"@type":"SearchAction","target":{"@type":"EntryPoint","urlTemplate":"https:\/\/ubanews.com\/site\/?s={search_term_string}"},"query-input":{"@type":"PropertyValueSpecification","valueRequired":true,"valueName":"search_term_string"}}],"inLanguage":"pt-BR"},{"@type":"Organization","@id":"https:\/\/ubanews.com\/site\/#organization","name":"Ub\u00e1 News","url":"https:\/\/ubanews.com\/site\/","logo":{"@type":"ImageObject","inLanguage":"pt-BR","@id":"https:\/\/ubanews.com\/site\/#\/schema\/logo\/image\/","url":"https:\/\/ubanews.com\/site\/wp-content\/uploads\/2018\/01\/logoubanews.png","contentUrl":"https:\/\/ubanews.com\/site\/wp-content\/uploads\/2018\/01\/logoubanews.png","width":261,"height":99,"caption":"Ub\u00e1 News"},"image":{"@id":"https:\/\/ubanews.com\/site\/#\/schema\/logo\/image\/"},"sameAs":["https:\/\/www.facebook.com\/Ub\u00e1News-Carlos-Roberto-Sodr\u00e9-418778301977370"]},{"@type":"Person","@id":"https:\/\/ubanews.com\/site\/#\/schema\/person\/d90c9e47252fbb63dcc969fe4c8b9d10","name":"Sodr\u00e9","image":{"@type":"ImageObject","inLanguage":"pt-BR","@id":"https:\/\/secure.gravatar.com\/avatar\/5ba2793f0590b9dbfad3fdec4ee714485b3eef211c9b32ee53d414060454a56c?s=96&d=mm&r=g","url":"https:\/\/secure.gravatar.com\/avatar\/5ba2793f0590b9dbfad3fdec4ee714485b3eef211c9b32ee53d414060454a56c?s=96&d=mm&r=g","contentUrl":"https:\/\/secure.gravatar.com\/avatar\/5ba2793f0590b9dbfad3fdec4ee714485b3eef211c9b32ee53d414060454a56c?s=96&d=mm&r=g","caption":"Sodr\u00e9"},"sameAs":["https:\/\/www.facebook.com\/carosroberto.sodre.5\/"],"url":"https:\/\/ubanews.com\/site\/author\/felipe\/"}]}},"_links":{"self":[{"href":"https:\/\/ubanews.com\/site\/wp-json\/wp\/v2\/posts\/5368","targetHints":{"allow":["GET"]}}],"collection":[{"href":"https:\/\/ubanews.com\/site\/wp-json\/wp\/v2\/posts"}],"about":[{"href":"https:\/\/ubanews.com\/site\/wp-json\/wp\/v2\/types\/post"}],"author":[{"embeddable":true,"href":"https:\/\/ubanews.com\/site\/wp-json\/wp\/v2\/users\/2"}],"replies":[{"embeddable":true,"href":"https:\/\/ubanews.com\/site\/wp-json\/wp\/v2\/comments?post=5368"}],"version-history":[{"count":0,"href":"https:\/\/ubanews.com\/site\/wp-json\/wp\/v2\/posts\/5368\/revisions"}],"wp:featuredmedia":[{"embeddable":true,"href":"https:\/\/ubanews.com\/site\/wp-json\/wp\/v2\/media\/5370"}],"wp:attachment":[{"href":"https:\/\/ubanews.com\/site\/wp-json\/wp\/v2\/media?parent=5368"}],"wp:term":[{"taxonomy":"category","embeddable":true,"href":"https:\/\/ubanews.com\/site\/wp-json\/wp\/v2\/categories?post=5368"},{"taxonomy":"post_tag","embeddable":true,"href":"https:\/\/ubanews.com\/site\/wp-json\/wp\/v2\/tags?post=5368"}],"curies":[{"name":"wp","href":"https:\/\/api.w.org\/{rel}","templated":true}]}}