{"id":5248,"date":"2018-07-05T09:00:01","date_gmt":"2018-07-05T12:00:01","guid":{"rendered":"http:\/\/ubanews.com\/site\/?p=5248"},"modified":"2018-07-11T21:45:09","modified_gmt":"2018-07-12T00:45:09","slug":"deputado-fred-costa-visita-uba-visita-bairro-sao-domingo-e-assiste-ao-show-de-marcos-belutti","status":"publish","type":"post","link":"https:\/\/ubanews.com\/site\/2018\/07\/05\/deputado-fred-costa-visita-uba-visita-bairro-sao-domingo-e-assiste-ao-show-de-marcos-belutti\/","title":{"rendered":"Deputado fred costa visita ub\u00e1, visita bairro s\u00e3o domingo e assiste ao show de marcos &#038; belutti"},"content":{"rendered":"<p><a href=\"https:\/\/ubanews.com\/site\/wp-content\/uploads\/2018\/07\/DSC_93521-1.jpg\"><img decoding=\"async\" class=\"alignnone size-full wp-image-5251 lazyload\" data-src=\"https:\/\/ubanews.com\/site\/wp-content\/uploads\/2018\/07\/DSC_93521-1.jpg\" alt=\"\" width=\"800\" height=\"457\" data-srcset=\"https:\/\/ubanews.com\/site\/wp-content\/uploads\/2018\/07\/DSC_93521-1.jpg 800w, https:\/\/ubanews.com\/site\/wp-content\/uploads\/2018\/07\/DSC_93521-1-300x171.jpg 300w, https:\/\/ubanews.com\/site\/wp-content\/uploads\/2018\/07\/DSC_93521-1-768x439.jpg 768w\" data-sizes=\"(max-width: 800px) 100vw, 800px\" src=\"data:image\/svg+xml;base64,PHN2ZyB3aWR0aD0iMSIgaGVpZ2h0PSIxIiB4bWxucz0iaHR0cDovL3d3dy53My5vcmcvMjAwMC9zdmciPjwvc3ZnPg==\" style=\"--smush-placeholder-width: 800px; --smush-placeholder-aspect-ratio: 800\/457;\" \/><\/a><\/p>\n<p><strong>&nbsp; &nbsp; &nbsp; &nbsp; &nbsp; &nbsp;&nbsp;<\/strong>Depois de acompanhar o prefeito Edson Teixeira Filho, o vice-prefeito Vin\u00edcius Sam\u00f4r de Lacerda, o deputado Dirceu dos Santos Ribeiro e demais autoridades, o Deputado Estadual Fred Costa esteve em Ub\u00e1 na \u00faltima segunda-feira (02). \u00c0s 17h, Fred Costa esteve na rua Sete do Bairro S\u00e3o Domingos, quando \u00e0 administra\u00e7\u00e3o entregou \u00e0 comunidade local a quadra Poliesportiva totalmente revitalizada.<\/p>\n<p>&nbsp;&nbsp;&nbsp;&nbsp;&nbsp;&nbsp;&nbsp;&nbsp;&nbsp;&nbsp;&nbsp; Fred Costa foi eleito a primeira vez vereador de Belo Horizonte, sua Terra Natal, sendo reeleito. Depois Fred Costa foi eleito Deputado Estadual, sendo tamb\u00e9m reeleito, almejando agora uma cadeira na C\u00e2mara dos Deputados, em Bras\u00edlia. Ainda na noite de segunda-feira (02), Fred Costa reuniu na Casa do Braz, rua Raul Soares, com pol\u00edticos locais e regionais. Ele concedeu entrevista exclusiva a nossa equipe.<\/p>\n<div style=\"position: relative; height: 0; padding-bottom: 56.25%;\"><iframe style=\"position: absolute; width: 100%; height: 100%; left: 0;\" data-src=\"https:\/\/www.youtube.com\/embed\/7jKUM1fk304?ecver=2\" width=\"640\" height=\"360\" frameborder=\"0\" allowfullscreen=\"allowfullscreen\" src=\"data:image\/svg+xml;base64,PHN2ZyB3aWR0aD0iMSIgaGVpZ2h0PSIxIiB4bWxucz0iaHR0cDovL3d3dy53My5vcmcvMjAwMC9zdmciPjwvc3ZnPg==\" class=\"lazyload\" data-load-mode=\"1\"><\/iframe><\/div>\n<p>&nbsp;<\/p>\n","protected":false},"excerpt":{"rendered":"<p>&nbsp; &nbsp; &nbsp; &nbsp; &nbsp; &nbsp;&nbsp;Depois de acompanhar o prefeito<\/p>\n","protected":false},"author":2,"featured_media":5249,"comment_status":"open","ping_status":"open","sticky":false,"template":"","format":"standard","meta":{"footnotes":""},"categories":[1],"tags":[],"class_list":["post-5248","post","type-post","status-publish","format-standard","has-post-thumbnail","hentry","category-sem-categoria"],"yoast_head":"<!-- This site is optimized with the Yoast SEO plugin v27.2 - https:\/\/yoast.com\/product\/yoast-seo-wordpress\/ -->\n<title>Deputado fred costa visita ub\u00e1, visita bairro s\u00e3o domingo e assiste ao show de marcos &amp; belutti - Ub\u00e1 News<\/title>\n<meta name=\"robots\" content=\"index, follow, max-snippet:-1, max-image-preview:large, max-video-preview:-1\" \/>\n<link rel=\"canonical\" href=\"https:\/\/ubanews.com\/site\/2018\/07\/05\/deputado-fred-costa-visita-uba-visita-bairro-sao-domingo-e-assiste-ao-show-de-marcos-belutti\/\" \/>\n<meta property=\"og:locale\" content=\"pt_BR\" \/>\n<meta property=\"og:type\" content=\"article\" \/>\n<meta property=\"og:title\" content=\"Deputado fred costa visita ub\u00e1, visita bairro s\u00e3o domingo e assiste ao show de marcos &amp; belutti - Ub\u00e1 News\" \/>\n<meta property=\"og:description\" content=\"&nbsp; &nbsp; &nbsp; &nbsp; &nbsp; &nbsp;&nbsp;Depois de acompanhar o prefeito\" \/>\n<meta property=\"og:url\" content=\"https:\/\/ubanews.com\/site\/2018\/07\/05\/deputado-fred-costa-visita-uba-visita-bairro-sao-domingo-e-assiste-ao-show-de-marcos-belutti\/\" \/>\n<meta property=\"og:site_name\" content=\"Ub\u00e1 News\" \/>\n<meta property=\"article:publisher\" content=\"https:\/\/www.facebook.com\/Ub%c3%a1News-Carlos-Roberto-Sodr%c3%a9-418778301977370\" \/>\n<meta property=\"article:author\" content=\"https:\/\/www.facebook.com\/carosroberto.sodre.5\/\" \/>\n<meta property=\"article:published_time\" content=\"2018-07-05T12:00:01+00:00\" \/>\n<meta property=\"article:modified_time\" content=\"2018-07-12T00:45:09+00:00\" \/>\n<meta property=\"og:image\" content=\"https:\/\/ubanews.com\/site\/wp-content\/uploads\/2018\/07\/DSC_9352.jpg\" \/>\n\t<meta property=\"og:image:width\" content=\"800\" \/>\n\t<meta property=\"og:image:height\" content=\"389\" \/>\n\t<meta property=\"og:image:type\" content=\"image\/jpeg\" \/>\n<meta name=\"author\" content=\"Sodr\u00e9\" \/>\n<meta name=\"twitter:card\" content=\"summary_large_image\" \/>\n<meta name=\"twitter:label1\" content=\"Escrito por\" \/>\n\t<meta name=\"twitter:data1\" content=\"Sodr\u00e9\" \/>\n\t<meta name=\"twitter:label2\" content=\"Est. tempo de leitura\" \/>\n\t<meta name=\"twitter:data2\" content=\"1 minuto\" \/>\n<script type=\"application\/ld+json\" class=\"yoast-schema-graph\">{\"@context\":\"https:\/\/schema.org\",\"@graph\":[{\"@type\":\"Article\",\"@id\":\"https:\/\/ubanews.com\/site\/2018\/07\/05\/deputado-fred-costa-visita-uba-visita-bairro-sao-domingo-e-assiste-ao-show-de-marcos-belutti\/#article\",\"isPartOf\":{\"@id\":\"https:\/\/ubanews.com\/site\/2018\/07\/05\/deputado-fred-costa-visita-uba-visita-bairro-sao-domingo-e-assiste-ao-show-de-marcos-belutti\/\"},\"author\":{\"name\":\"Sodr\u00e9\",\"@id\":\"https:\/\/ubanews.com\/site\/#\/schema\/person\/d90c9e47252fbb63dcc969fe4c8b9d10\"},\"headline\":\"Deputado fred costa visita ub\u00e1, visita bairro s\u00e3o domingo e assiste ao show de marcos &#038; belutti\",\"datePublished\":\"2018-07-05T12:00:01+00:00\",\"dateModified\":\"2018-07-12T00:45:09+00:00\",\"mainEntityOfPage\":{\"@id\":\"https:\/\/ubanews.com\/site\/2018\/07\/05\/deputado-fred-costa-visita-uba-visita-bairro-sao-domingo-e-assiste-ao-show-de-marcos-belutti\/\"},\"wordCount\":163,\"commentCount\":0,\"publisher\":{\"@id\":\"https:\/\/ubanews.com\/site\/#organization\"},\"image\":{\"@id\":\"https:\/\/ubanews.com\/site\/2018\/07\/05\/deputado-fred-costa-visita-uba-visita-bairro-sao-domingo-e-assiste-ao-show-de-marcos-belutti\/#primaryimage\"},\"thumbnailUrl\":\"https:\/\/ubanews.com\/site\/wp-content\/uploads\/2018\/07\/DSC_9352.jpg\",\"articleSection\":[\"Geral\"],\"inLanguage\":\"pt-BR\",\"potentialAction\":[{\"@type\":\"CommentAction\",\"name\":\"Comment\",\"target\":[\"https:\/\/ubanews.com\/site\/2018\/07\/05\/deputado-fred-costa-visita-uba-visita-bairro-sao-domingo-e-assiste-ao-show-de-marcos-belutti\/#respond\"]}]},{\"@type\":\"WebPage\",\"@id\":\"https:\/\/ubanews.com\/site\/2018\/07\/05\/deputado-fred-costa-visita-uba-visita-bairro-sao-domingo-e-assiste-ao-show-de-marcos-belutti\/\",\"url\":\"https:\/\/ubanews.com\/site\/2018\/07\/05\/deputado-fred-costa-visita-uba-visita-bairro-sao-domingo-e-assiste-ao-show-de-marcos-belutti\/\",\"name\":\"Deputado fred costa visita ub\u00e1, visita bairro s\u00e3o domingo e assiste ao show de marcos & belutti - Ub\u00e1 News\",\"isPartOf\":{\"@id\":\"https:\/\/ubanews.com\/site\/#website\"},\"primaryImageOfPage\":{\"@id\":\"https:\/\/ubanews.com\/site\/2018\/07\/05\/deputado-fred-costa-visita-uba-visita-bairro-sao-domingo-e-assiste-ao-show-de-marcos-belutti\/#primaryimage\"},\"image\":{\"@id\":\"https:\/\/ubanews.com\/site\/2018\/07\/05\/deputado-fred-costa-visita-uba-visita-bairro-sao-domingo-e-assiste-ao-show-de-marcos-belutti\/#primaryimage\"},\"thumbnailUrl\":\"https:\/\/ubanews.com\/site\/wp-content\/uploads\/2018\/07\/DSC_9352.jpg\",\"datePublished\":\"2018-07-05T12:00:01+00:00\",\"dateModified\":\"2018-07-12T00:45:09+00:00\",\"breadcrumb\":{\"@id\":\"https:\/\/ubanews.com\/site\/2018\/07\/05\/deputado-fred-costa-visita-uba-visita-bairro-sao-domingo-e-assiste-ao-show-de-marcos-belutti\/#breadcrumb\"},\"inLanguage\":\"pt-BR\",\"potentialAction\":[{\"@type\":\"ReadAction\",\"target\":[\"https:\/\/ubanews.com\/site\/2018\/07\/05\/deputado-fred-costa-visita-uba-visita-bairro-sao-domingo-e-assiste-ao-show-de-marcos-belutti\/\"]}]},{\"@type\":\"ImageObject\",\"inLanguage\":\"pt-BR\",\"@id\":\"https:\/\/ubanews.com\/site\/2018\/07\/05\/deputado-fred-costa-visita-uba-visita-bairro-sao-domingo-e-assiste-ao-show-de-marcos-belutti\/#primaryimage\",\"url\":\"https:\/\/ubanews.com\/site\/wp-content\/uploads\/2018\/07\/DSC_9352.jpg\",\"contentUrl\":\"https:\/\/ubanews.com\/site\/wp-content\/uploads\/2018\/07\/DSC_9352.jpg\",\"width\":800,\"height\":389},{\"@type\":\"BreadcrumbList\",\"@id\":\"https:\/\/ubanews.com\/site\/2018\/07\/05\/deputado-fred-costa-visita-uba-visita-bairro-sao-domingo-e-assiste-ao-show-de-marcos-belutti\/#breadcrumb\",\"itemListElement\":[{\"@type\":\"ListItem\",\"position\":1,\"name\":\"Home\",\"item\":\"https:\/\/ubanews.com\/site\/\"},{\"@type\":\"ListItem\",\"position\":2,\"name\":\"Deputado fred costa visita ub\u00e1, visita bairro s\u00e3o domingo e assiste ao show de marcos &#038; belutti\"}]},{\"@type\":\"WebSite\",\"@id\":\"https:\/\/ubanews.com\/site\/#website\",\"url\":\"https:\/\/ubanews.com\/site\/\",\"name\":\"Ub\u00e1 News\",\"description\":\"\",\"publisher\":{\"@id\":\"https:\/\/ubanews.com\/site\/#organization\"},\"potentialAction\":[{\"@type\":\"SearchAction\",\"target\":{\"@type\":\"EntryPoint\",\"urlTemplate\":\"https:\/\/ubanews.com\/site\/?s={search_term_string}\"},\"query-input\":{\"@type\":\"PropertyValueSpecification\",\"valueRequired\":true,\"valueName\":\"search_term_string\"}}],\"inLanguage\":\"pt-BR\"},{\"@type\":\"Organization\",\"@id\":\"https:\/\/ubanews.com\/site\/#organization\",\"name\":\"Ub\u00e1 News\",\"url\":\"https:\/\/ubanews.com\/site\/\",\"logo\":{\"@type\":\"ImageObject\",\"inLanguage\":\"pt-BR\",\"@id\":\"https:\/\/ubanews.com\/site\/#\/schema\/logo\/image\/\",\"url\":\"https:\/\/ubanews.com\/site\/wp-content\/uploads\/2018\/01\/logoubanews.png\",\"contentUrl\":\"https:\/\/ubanews.com\/site\/wp-content\/uploads\/2018\/01\/logoubanews.png\",\"width\":261,\"height\":99,\"caption\":\"Ub\u00e1 News\"},\"image\":{\"@id\":\"https:\/\/ubanews.com\/site\/#\/schema\/logo\/image\/\"},\"sameAs\":[\"https:\/\/www.facebook.com\/Ub\u00e1News-Carlos-Roberto-Sodr\u00e9-418778301977370\"]},{\"@type\":\"Person\",\"@id\":\"https:\/\/ubanews.com\/site\/#\/schema\/person\/d90c9e47252fbb63dcc969fe4c8b9d10\",\"name\":\"Sodr\u00e9\",\"image\":{\"@type\":\"ImageObject\",\"inLanguage\":\"pt-BR\",\"@id\":\"https:\/\/secure.gravatar.com\/avatar\/5ba2793f0590b9dbfad3fdec4ee714485b3eef211c9b32ee53d414060454a56c?s=96&d=mm&r=g\",\"url\":\"https:\/\/secure.gravatar.com\/avatar\/5ba2793f0590b9dbfad3fdec4ee714485b3eef211c9b32ee53d414060454a56c?s=96&d=mm&r=g\",\"contentUrl\":\"https:\/\/secure.gravatar.com\/avatar\/5ba2793f0590b9dbfad3fdec4ee714485b3eef211c9b32ee53d414060454a56c?s=96&d=mm&r=g\",\"caption\":\"Sodr\u00e9\"},\"sameAs\":[\"https:\/\/www.facebook.com\/carosroberto.sodre.5\/\"],\"url\":\"https:\/\/ubanews.com\/site\/author\/felipe\/\"}]}<\/script>\n<!-- \/ Yoast SEO plugin. -->","yoast_head_json":{"title":"Deputado fred costa visita ub\u00e1, visita bairro s\u00e3o domingo e assiste ao show de marcos & belutti - Ub\u00e1 News","robots":{"index":"index","follow":"follow","max-snippet":"max-snippet:-1","max-image-preview":"max-image-preview:large","max-video-preview":"max-video-preview:-1"},"canonical":"https:\/\/ubanews.com\/site\/2018\/07\/05\/deputado-fred-costa-visita-uba-visita-bairro-sao-domingo-e-assiste-ao-show-de-marcos-belutti\/","og_locale":"pt_BR","og_type":"article","og_title":"Deputado fred costa visita ub\u00e1, visita bairro s\u00e3o domingo e assiste ao show de marcos & belutti - Ub\u00e1 News","og_description":"&nbsp; &nbsp; &nbsp; &nbsp; &nbsp; &nbsp;&nbsp;Depois de acompanhar o prefeito","og_url":"https:\/\/ubanews.com\/site\/2018\/07\/05\/deputado-fred-costa-visita-uba-visita-bairro-sao-domingo-e-assiste-ao-show-de-marcos-belutti\/","og_site_name":"Ub\u00e1 News","article_publisher":"https:\/\/www.facebook.com\/Ub%c3%a1News-Carlos-Roberto-Sodr%c3%a9-418778301977370","article_author":"https:\/\/www.facebook.com\/carosroberto.sodre.5\/","article_published_time":"2018-07-05T12:00:01+00:00","article_modified_time":"2018-07-12T00:45:09+00:00","og_image":[{"width":800,"height":389,"url":"https:\/\/ubanews.com\/site\/wp-content\/uploads\/2018\/07\/DSC_9352.jpg","type":"image\/jpeg"}],"author":"Sodr\u00e9","twitter_card":"summary_large_image","twitter_misc":{"Escrito por":"Sodr\u00e9","Est. tempo de leitura":"1 minuto"},"schema":{"@context":"https:\/\/schema.org","@graph":[{"@type":"Article","@id":"https:\/\/ubanews.com\/site\/2018\/07\/05\/deputado-fred-costa-visita-uba-visita-bairro-sao-domingo-e-assiste-ao-show-de-marcos-belutti\/#article","isPartOf":{"@id":"https:\/\/ubanews.com\/site\/2018\/07\/05\/deputado-fred-costa-visita-uba-visita-bairro-sao-domingo-e-assiste-ao-show-de-marcos-belutti\/"},"author":{"name":"Sodr\u00e9","@id":"https:\/\/ubanews.com\/site\/#\/schema\/person\/d90c9e47252fbb63dcc969fe4c8b9d10"},"headline":"Deputado fred costa visita ub\u00e1, visita bairro s\u00e3o domingo e assiste ao show de marcos &#038; belutti","datePublished":"2018-07-05T12:00:01+00:00","dateModified":"2018-07-12T00:45:09+00:00","mainEntityOfPage":{"@id":"https:\/\/ubanews.com\/site\/2018\/07\/05\/deputado-fred-costa-visita-uba-visita-bairro-sao-domingo-e-assiste-ao-show-de-marcos-belutti\/"},"wordCount":163,"commentCount":0,"publisher":{"@id":"https:\/\/ubanews.com\/site\/#organization"},"image":{"@id":"https:\/\/ubanews.com\/site\/2018\/07\/05\/deputado-fred-costa-visita-uba-visita-bairro-sao-domingo-e-assiste-ao-show-de-marcos-belutti\/#primaryimage"},"thumbnailUrl":"https:\/\/ubanews.com\/site\/wp-content\/uploads\/2018\/07\/DSC_9352.jpg","articleSection":["Geral"],"inLanguage":"pt-BR","potentialAction":[{"@type":"CommentAction","name":"Comment","target":["https:\/\/ubanews.com\/site\/2018\/07\/05\/deputado-fred-costa-visita-uba-visita-bairro-sao-domingo-e-assiste-ao-show-de-marcos-belutti\/#respond"]}]},{"@type":"WebPage","@id":"https:\/\/ubanews.com\/site\/2018\/07\/05\/deputado-fred-costa-visita-uba-visita-bairro-sao-domingo-e-assiste-ao-show-de-marcos-belutti\/","url":"https:\/\/ubanews.com\/site\/2018\/07\/05\/deputado-fred-costa-visita-uba-visita-bairro-sao-domingo-e-assiste-ao-show-de-marcos-belutti\/","name":"Deputado fred costa visita ub\u00e1, visita bairro s\u00e3o domingo e assiste ao show de marcos & belutti - Ub\u00e1 News","isPartOf":{"@id":"https:\/\/ubanews.com\/site\/#website"},"primaryImageOfPage":{"@id":"https:\/\/ubanews.com\/site\/2018\/07\/05\/deputado-fred-costa-visita-uba-visita-bairro-sao-domingo-e-assiste-ao-show-de-marcos-belutti\/#primaryimage"},"image":{"@id":"https:\/\/ubanews.com\/site\/2018\/07\/05\/deputado-fred-costa-visita-uba-visita-bairro-sao-domingo-e-assiste-ao-show-de-marcos-belutti\/#primaryimage"},"thumbnailUrl":"https:\/\/ubanews.com\/site\/wp-content\/uploads\/2018\/07\/DSC_9352.jpg","datePublished":"2018-07-05T12:00:01+00:00","dateModified":"2018-07-12T00:45:09+00:00","breadcrumb":{"@id":"https:\/\/ubanews.com\/site\/2018\/07\/05\/deputado-fred-costa-visita-uba-visita-bairro-sao-domingo-e-assiste-ao-show-de-marcos-belutti\/#breadcrumb"},"inLanguage":"pt-BR","potentialAction":[{"@type":"ReadAction","target":["https:\/\/ubanews.com\/site\/2018\/07\/05\/deputado-fred-costa-visita-uba-visita-bairro-sao-domingo-e-assiste-ao-show-de-marcos-belutti\/"]}]},{"@type":"ImageObject","inLanguage":"pt-BR","@id":"https:\/\/ubanews.com\/site\/2018\/07\/05\/deputado-fred-costa-visita-uba-visita-bairro-sao-domingo-e-assiste-ao-show-de-marcos-belutti\/#primaryimage","url":"https:\/\/ubanews.com\/site\/wp-content\/uploads\/2018\/07\/DSC_9352.jpg","contentUrl":"https:\/\/ubanews.com\/site\/wp-content\/uploads\/2018\/07\/DSC_9352.jpg","width":800,"height":389},{"@type":"BreadcrumbList","@id":"https:\/\/ubanews.com\/site\/2018\/07\/05\/deputado-fred-costa-visita-uba-visita-bairro-sao-domingo-e-assiste-ao-show-de-marcos-belutti\/#breadcrumb","itemListElement":[{"@type":"ListItem","position":1,"name":"Home","item":"https:\/\/ubanews.com\/site\/"},{"@type":"ListItem","position":2,"name":"Deputado fred costa visita ub\u00e1, visita bairro s\u00e3o domingo e assiste ao show de marcos &#038; belutti"}]},{"@type":"WebSite","@id":"https:\/\/ubanews.com\/site\/#website","url":"https:\/\/ubanews.com\/site\/","name":"Ub\u00e1 News","description":"","publisher":{"@id":"https:\/\/ubanews.com\/site\/#organization"},"potentialAction":[{"@type":"SearchAction","target":{"@type":"EntryPoint","urlTemplate":"https:\/\/ubanews.com\/site\/?s={search_term_string}"},"query-input":{"@type":"PropertyValueSpecification","valueRequired":true,"valueName":"search_term_string"}}],"inLanguage":"pt-BR"},{"@type":"Organization","@id":"https:\/\/ubanews.com\/site\/#organization","name":"Ub\u00e1 News","url":"https:\/\/ubanews.com\/site\/","logo":{"@type":"ImageObject","inLanguage":"pt-BR","@id":"https:\/\/ubanews.com\/site\/#\/schema\/logo\/image\/","url":"https:\/\/ubanews.com\/site\/wp-content\/uploads\/2018\/01\/logoubanews.png","contentUrl":"https:\/\/ubanews.com\/site\/wp-content\/uploads\/2018\/01\/logoubanews.png","width":261,"height":99,"caption":"Ub\u00e1 News"},"image":{"@id":"https:\/\/ubanews.com\/site\/#\/schema\/logo\/image\/"},"sameAs":["https:\/\/www.facebook.com\/Ub\u00e1News-Carlos-Roberto-Sodr\u00e9-418778301977370"]},{"@type":"Person","@id":"https:\/\/ubanews.com\/site\/#\/schema\/person\/d90c9e47252fbb63dcc969fe4c8b9d10","name":"Sodr\u00e9","image":{"@type":"ImageObject","inLanguage":"pt-BR","@id":"https:\/\/secure.gravatar.com\/avatar\/5ba2793f0590b9dbfad3fdec4ee714485b3eef211c9b32ee53d414060454a56c?s=96&d=mm&r=g","url":"https:\/\/secure.gravatar.com\/avatar\/5ba2793f0590b9dbfad3fdec4ee714485b3eef211c9b32ee53d414060454a56c?s=96&d=mm&r=g","contentUrl":"https:\/\/secure.gravatar.com\/avatar\/5ba2793f0590b9dbfad3fdec4ee714485b3eef211c9b32ee53d414060454a56c?s=96&d=mm&r=g","caption":"Sodr\u00e9"},"sameAs":["https:\/\/www.facebook.com\/carosroberto.sodre.5\/"],"url":"https:\/\/ubanews.com\/site\/author\/felipe\/"}]}},"_links":{"self":[{"href":"https:\/\/ubanews.com\/site\/wp-json\/wp\/v2\/posts\/5248","targetHints":{"allow":["GET"]}}],"collection":[{"href":"https:\/\/ubanews.com\/site\/wp-json\/wp\/v2\/posts"}],"about":[{"href":"https:\/\/ubanews.com\/site\/wp-json\/wp\/v2\/types\/post"}],"author":[{"embeddable":true,"href":"https:\/\/ubanews.com\/site\/wp-json\/wp\/v2\/users\/2"}],"replies":[{"embeddable":true,"href":"https:\/\/ubanews.com\/site\/wp-json\/wp\/v2\/comments?post=5248"}],"version-history":[{"count":0,"href":"https:\/\/ubanews.com\/site\/wp-json\/wp\/v2\/posts\/5248\/revisions"}],"wp:featuredmedia":[{"embeddable":true,"href":"https:\/\/ubanews.com\/site\/wp-json\/wp\/v2\/media\/5249"}],"wp:attachment":[{"href":"https:\/\/ubanews.com\/site\/wp-json\/wp\/v2\/media?parent=5248"}],"wp:term":[{"taxonomy":"category","embeddable":true,"href":"https:\/\/ubanews.com\/site\/wp-json\/wp\/v2\/categories?post=5248"},{"taxonomy":"post_tag","embeddable":true,"href":"https:\/\/ubanews.com\/site\/wp-json\/wp\/v2\/tags?post=5248"}],"curies":[{"name":"wp","href":"https:\/\/api.w.org\/{rel}","templated":true}]}}