{"id":5234,"date":"2018-07-04T17:22:11","date_gmt":"2018-07-04T20:22:11","guid":{"rendered":"http:\/\/ubanews.com\/site\/?p=5234"},"modified":"2018-07-04T17:23:06","modified_gmt":"2018-07-04T20:23:06","slug":"homicidio-consumado-no-bairro-sao-domingos","status":"publish","type":"post","link":"https:\/\/ubanews.com\/site\/2018\/07\/04\/homicidio-consumado-no-bairro-sao-domingos\/","title":{"rendered":"HOMIC\u00cdDIO CONSUMADO NO BAIRRO S\u00c3O DOMINGOS"},"content":{"rendered":"<p><a href=\"https:\/\/ubanews.com\/site\/wp-content\/uploads\/2018\/07\/0003.jpeg\"><img decoding=\"async\" class=\"alignnone size-full wp-image-5235 lazyload\" data-src=\"https:\/\/ubanews.com\/site\/wp-content\/uploads\/2018\/07\/0003.jpeg\" alt=\"\" width=\"338\" height=\"600\" data-srcset=\"https:\/\/ubanews.com\/site\/wp-content\/uploads\/2018\/07\/0003.jpeg 338w, https:\/\/ubanews.com\/site\/wp-content\/uploads\/2018\/07\/0003-169x300.jpeg 169w\" data-sizes=\"(max-width: 338px) 100vw, 338px\" src=\"data:image\/svg+xml;base64,PHN2ZyB3aWR0aD0iMSIgaGVpZ2h0PSIxIiB4bWxucz0iaHR0cDovL3d3dy53My5vcmcvMjAwMC9zdmciPjwvc3ZnPg==\" style=\"--smush-placeholder-width: 338px; --smush-placeholder-aspect-ratio: 338\/600;\" \/><\/a> <a href=\"https:\/\/ubanews.com\/site\/wp-content\/uploads\/2018\/07\/0004.jpeg\"><img decoding=\"async\" class=\"alignnone size-full wp-image-5236 lazyload\" data-src=\"https:\/\/ubanews.com\/site\/wp-content\/uploads\/2018\/07\/0004.jpeg\" alt=\"\" width=\"450\" height=\"600\" data-srcset=\"https:\/\/ubanews.com\/site\/wp-content\/uploads\/2018\/07\/0004.jpeg 450w, https:\/\/ubanews.com\/site\/wp-content\/uploads\/2018\/07\/0004-225x300.jpeg 225w\" data-sizes=\"(max-width: 450px) 100vw, 450px\" src=\"data:image\/svg+xml;base64,PHN2ZyB3aWR0aD0iMSIgaGVpZ2h0PSIxIiB4bWxucz0iaHR0cDovL3d3dy53My5vcmcvMjAwMC9zdmciPjwvc3ZnPg==\" style=\"--smush-placeholder-width: 450px; --smush-placeholder-aspect-ratio: 450\/600;\" \/><\/a> <a href=\"https:\/\/ubanews.com\/site\/wp-content\/uploads\/2018\/07\/0005.jpeg\"><img decoding=\"async\" class=\"alignnone size-full wp-image-5237 lazyload\" data-src=\"https:\/\/ubanews.com\/site\/wp-content\/uploads\/2018\/07\/0005.jpeg\" alt=\"\" width=\"338\" height=\"600\" data-srcset=\"https:\/\/ubanews.com\/site\/wp-content\/uploads\/2018\/07\/0005.jpeg 338w, https:\/\/ubanews.com\/site\/wp-content\/uploads\/2018\/07\/0005-169x300.jpeg 169w\" data-sizes=\"(max-width: 338px) 100vw, 338px\" src=\"data:image\/svg+xml;base64,PHN2ZyB3aWR0aD0iMSIgaGVpZ2h0PSIxIiB4bWxucz0iaHR0cDovL3d3dy53My5vcmcvMjAwMC9zdmciPjwvc3ZnPg==\" style=\"--smush-placeholder-width: 338px; --smush-placeholder-aspect-ratio: 338\/600;\" \/>&nbsp;<\/a><a href=\"https:\/\/ubanews.com\/site\/wp-content\/uploads\/2018\/07\/0006.jpeg\"><img decoding=\"async\" class=\"alignnone size-full wp-image-5238 lazyload\" data-src=\"https:\/\/ubanews.com\/site\/wp-content\/uploads\/2018\/07\/0006.jpeg\" alt=\"\" width=\"450\" height=\"600\" data-srcset=\"https:\/\/ubanews.com\/site\/wp-content\/uploads\/2018\/07\/0006.jpeg 450w, https:\/\/ubanews.com\/site\/wp-content\/uploads\/2018\/07\/0006-225x300.jpeg 225w\" data-sizes=\"(max-width: 450px) 100vw, 450px\" src=\"data:image\/svg+xml;base64,PHN2ZyB3aWR0aD0iMSIgaGVpZ2h0PSIxIiB4bWxucz0iaHR0cDovL3d3dy53My5vcmcvMjAwMC9zdmciPjwvc3ZnPg==\" style=\"--smush-placeholder-width: 450px; --smush-placeholder-aspect-ratio: 450\/600;\" \/><\/a><\/p>\n<pre>Fotos de WhatsApp<\/pre>\n<p>No dia 30 de junho, por volta das 19h, policiais militares compareceram \u00e0 Rua Coronel Otaviano da Rocha,&nbsp; Bairro S\u00e3o Domingos, onde depararam com o veiculo GM S10, cor prata, placa KWQ-9014 de Ub\u00e1 MG, que chocou-se contra um poste de energia el\u00e9trica.<\/p>\n<p>No interior do ve\u00edculo, os policiais localizaram a v\u00edtima Pablo J\u00fanior Lopes, 21 anos, a qual n\u00e3o apresentava sinais vitais, sendo seu \u00f3bito confirmado por um m\u00e9dico do SAMU.<\/p>\n<p>A per\u00edcia t\u00e9cnica tamb\u00e9m compareceu ao local e constatou 06 perfura\u00e7\u00f5es provenientes de disparo de arma de fogo no corpo da vitima e perfura\u00e7\u00f5es de armas de fogo na lataria da caminhonete. Ainda, foram recolhidas pela per\u00edcia v\u00e1rias c\u00e1psulas deflagradas de muni\u00e7\u00e3o calibre .380 e um telefone celular.<\/p>\n<p>Durante buscas no inteiro do ve\u00edculo, foi encontrada a quantia de R$ 4.995,00 em moeda corrente, dinheiro que foi apreendido e encaminhado \u00e0 DPJ.<\/p>\n<p>Atrav\u00e9s de filmagens foi poss\u00edvel identificar o momento em que a caminhonete deslocava-se pela referida rua, quando foi interceptada por uma motocicleta Yamaha XT 660 branca, ocupada por dois indiv\u00edduos.<\/p>\n<p>Conforme as imagens, os ocupantes da motocicleta passaram ao lado da caminhonete e realizaram v\u00e1rios disparos contra o condutor do veiculo, o qual perdeu controle direcional da caminhonete e chocou-se contra um poste.<\/p>\n<p>Ap\u00f3s o fato, os ocupantes da motocicleta evadiram do local, n\u00e3o sendo localizados.<\/p>\n<p>Diante do fato, o corpo da v\u00edtima foi liberado para Funer\u00e1ria de Plant\u00e3o e a caminhonete foi encaminhada ao p\u00e1tio do autossocorro de plant\u00e3o.<\/p>\n<p>Um poss\u00edvel suspeito do crime foi identificado. Segue rastreamento para localizar o autor.<\/p>\n<p>&nbsp;<\/p>\n<p><strong>A<\/strong><strong>SSESSORIA DE COMUNICA\u00c7\u00c3O ORGANIZACIONAL<\/strong><\/p>\n<p><strong>&nbsp;<\/strong><strong><em>Vig\u00e9simo Primeiro Batalh\u00e3o de Pol\u00edcia Milita<\/em><\/strong><\/p>\n","protected":false},"excerpt":{"rendered":"<p>&nbsp; Fotos de WhatsApp No dia 30 de junho, por<\/p>\n","protected":false},"author":2,"featured_media":5240,"comment_status":"open","ping_status":"open","sticky":false,"template":"","format":"standard","meta":{"footnotes":""},"categories":[13],"tags":[],"class_list":["post-5234","post","type-post","status-publish","format-standard","has-post-thumbnail","hentry","category-sintese-das-ocorrencias"],"yoast_head":"<!-- This site is optimized with the Yoast SEO plugin v27.2 - https:\/\/yoast.com\/product\/yoast-seo-wordpress\/ -->\n<title>HOMIC\u00cdDIO CONSUMADO NO BAIRRO S\u00c3O DOMINGOS - Ub\u00e1 News<\/title>\n<meta name=\"robots\" content=\"index, follow, max-snippet:-1, max-image-preview:large, max-video-preview:-1\" \/>\n<link rel=\"canonical\" href=\"https:\/\/ubanews.com\/site\/2018\/07\/04\/homicidio-consumado-no-bairro-sao-domingos\/\" \/>\n<meta property=\"og:locale\" content=\"pt_BR\" \/>\n<meta property=\"og:type\" content=\"article\" \/>\n<meta property=\"og:title\" content=\"HOMIC\u00cdDIO CONSUMADO NO BAIRRO S\u00c3O DOMINGOS - Ub\u00e1 News\" \/>\n<meta property=\"og:description\" content=\"&nbsp; Fotos de WhatsApp No dia 30 de junho, por\" \/>\n<meta property=\"og:url\" content=\"https:\/\/ubanews.com\/site\/2018\/07\/04\/homicidio-consumado-no-bairro-sao-domingos\/\" \/>\n<meta property=\"og:site_name\" content=\"Ub\u00e1 News\" \/>\n<meta property=\"article:publisher\" content=\"https:\/\/www.facebook.com\/Ub%c3%a1News-Carlos-Roberto-Sodr%c3%a9-418778301977370\" \/>\n<meta property=\"article:author\" content=\"https:\/\/www.facebook.com\/carosroberto.sodre.5\/\" \/>\n<meta property=\"article:published_time\" content=\"2018-07-04T20:22:11+00:00\" \/>\n<meta property=\"article:modified_time\" content=\"2018-07-04T20:23:06+00:00\" \/>\n<meta property=\"og:image\" content=\"https:\/\/ubanews.com\/site\/wp-content\/uploads\/2018\/07\/0004.jpg\" \/>\n\t<meta property=\"og:image:width\" content=\"800\" \/>\n\t<meta property=\"og:image:height\" content=\"340\" \/>\n\t<meta property=\"og:image:type\" content=\"image\/jpeg\" \/>\n<meta name=\"author\" content=\"Sodr\u00e9\" \/>\n<meta name=\"twitter:card\" content=\"summary_large_image\" \/>\n<meta name=\"twitter:label1\" content=\"Escrito por\" \/>\n\t<meta name=\"twitter:data1\" content=\"Sodr\u00e9\" \/>\n\t<meta name=\"twitter:label2\" content=\"Est. tempo de leitura\" \/>\n\t<meta name=\"twitter:data2\" content=\"1 minuto\" \/>\n<script type=\"application\/ld+json\" class=\"yoast-schema-graph\">{\"@context\":\"https:\/\/schema.org\",\"@graph\":[{\"@type\":\"Article\",\"@id\":\"https:\/\/ubanews.com\/site\/2018\/07\/04\/homicidio-consumado-no-bairro-sao-domingos\/#article\",\"isPartOf\":{\"@id\":\"https:\/\/ubanews.com\/site\/2018\/07\/04\/homicidio-consumado-no-bairro-sao-domingos\/\"},\"author\":{\"name\":\"Sodr\u00e9\",\"@id\":\"https:\/\/ubanews.com\/site\/#\/schema\/person\/d90c9e47252fbb63dcc969fe4c8b9d10\"},\"headline\":\"HOMIC\u00cdDIO CONSUMADO NO BAIRRO S\u00c3O DOMINGOS\",\"datePublished\":\"2018-07-04T20:22:11+00:00\",\"dateModified\":\"2018-07-04T20:23:06+00:00\",\"mainEntityOfPage\":{\"@id\":\"https:\/\/ubanews.com\/site\/2018\/07\/04\/homicidio-consumado-no-bairro-sao-domingos\/\"},\"wordCount\":305,\"commentCount\":0,\"publisher\":{\"@id\":\"https:\/\/ubanews.com\/site\/#organization\"},\"image\":{\"@id\":\"https:\/\/ubanews.com\/site\/2018\/07\/04\/homicidio-consumado-no-bairro-sao-domingos\/#primaryimage\"},\"thumbnailUrl\":\"https:\/\/ubanews.com\/site\/wp-content\/uploads\/2018\/07\/0004.jpg\",\"articleSection\":[\"S\u00edntese das Ocorr\u00eancias\"],\"inLanguage\":\"pt-BR\",\"potentialAction\":[{\"@type\":\"CommentAction\",\"name\":\"Comment\",\"target\":[\"https:\/\/ubanews.com\/site\/2018\/07\/04\/homicidio-consumado-no-bairro-sao-domingos\/#respond\"]}]},{\"@type\":\"WebPage\",\"@id\":\"https:\/\/ubanews.com\/site\/2018\/07\/04\/homicidio-consumado-no-bairro-sao-domingos\/\",\"url\":\"https:\/\/ubanews.com\/site\/2018\/07\/04\/homicidio-consumado-no-bairro-sao-domingos\/\",\"name\":\"HOMIC\u00cdDIO CONSUMADO NO BAIRRO S\u00c3O DOMINGOS - Ub\u00e1 News\",\"isPartOf\":{\"@id\":\"https:\/\/ubanews.com\/site\/#website\"},\"primaryImageOfPage\":{\"@id\":\"https:\/\/ubanews.com\/site\/2018\/07\/04\/homicidio-consumado-no-bairro-sao-domingos\/#primaryimage\"},\"image\":{\"@id\":\"https:\/\/ubanews.com\/site\/2018\/07\/04\/homicidio-consumado-no-bairro-sao-domingos\/#primaryimage\"},\"thumbnailUrl\":\"https:\/\/ubanews.com\/site\/wp-content\/uploads\/2018\/07\/0004.jpg\",\"datePublished\":\"2018-07-04T20:22:11+00:00\",\"dateModified\":\"2018-07-04T20:23:06+00:00\",\"breadcrumb\":{\"@id\":\"https:\/\/ubanews.com\/site\/2018\/07\/04\/homicidio-consumado-no-bairro-sao-domingos\/#breadcrumb\"},\"inLanguage\":\"pt-BR\",\"potentialAction\":[{\"@type\":\"ReadAction\",\"target\":[\"https:\/\/ubanews.com\/site\/2018\/07\/04\/homicidio-consumado-no-bairro-sao-domingos\/\"]}]},{\"@type\":\"ImageObject\",\"inLanguage\":\"pt-BR\",\"@id\":\"https:\/\/ubanews.com\/site\/2018\/07\/04\/homicidio-consumado-no-bairro-sao-domingos\/#primaryimage\",\"url\":\"https:\/\/ubanews.com\/site\/wp-content\/uploads\/2018\/07\/0004.jpg\",\"contentUrl\":\"https:\/\/ubanews.com\/site\/wp-content\/uploads\/2018\/07\/0004.jpg\",\"width\":800,\"height\":340},{\"@type\":\"BreadcrumbList\",\"@id\":\"https:\/\/ubanews.com\/site\/2018\/07\/04\/homicidio-consumado-no-bairro-sao-domingos\/#breadcrumb\",\"itemListElement\":[{\"@type\":\"ListItem\",\"position\":1,\"name\":\"Home\",\"item\":\"https:\/\/ubanews.com\/site\/\"},{\"@type\":\"ListItem\",\"position\":2,\"name\":\"HOMIC\u00cdDIO CONSUMADO NO BAIRRO S\u00c3O DOMINGOS\"}]},{\"@type\":\"WebSite\",\"@id\":\"https:\/\/ubanews.com\/site\/#website\",\"url\":\"https:\/\/ubanews.com\/site\/\",\"name\":\"Ub\u00e1 News\",\"description\":\"\",\"publisher\":{\"@id\":\"https:\/\/ubanews.com\/site\/#organization\"},\"potentialAction\":[{\"@type\":\"SearchAction\",\"target\":{\"@type\":\"EntryPoint\",\"urlTemplate\":\"https:\/\/ubanews.com\/site\/?s={search_term_string}\"},\"query-input\":{\"@type\":\"PropertyValueSpecification\",\"valueRequired\":true,\"valueName\":\"search_term_string\"}}],\"inLanguage\":\"pt-BR\"},{\"@type\":\"Organization\",\"@id\":\"https:\/\/ubanews.com\/site\/#organization\",\"name\":\"Ub\u00e1 News\",\"url\":\"https:\/\/ubanews.com\/site\/\",\"logo\":{\"@type\":\"ImageObject\",\"inLanguage\":\"pt-BR\",\"@id\":\"https:\/\/ubanews.com\/site\/#\/schema\/logo\/image\/\",\"url\":\"https:\/\/ubanews.com\/site\/wp-content\/uploads\/2018\/01\/logoubanews.png\",\"contentUrl\":\"https:\/\/ubanews.com\/site\/wp-content\/uploads\/2018\/01\/logoubanews.png\",\"width\":261,\"height\":99,\"caption\":\"Ub\u00e1 News\"},\"image\":{\"@id\":\"https:\/\/ubanews.com\/site\/#\/schema\/logo\/image\/\"},\"sameAs\":[\"https:\/\/www.facebook.com\/Ub\u00e1News-Carlos-Roberto-Sodr\u00e9-418778301977370\"]},{\"@type\":\"Person\",\"@id\":\"https:\/\/ubanews.com\/site\/#\/schema\/person\/d90c9e47252fbb63dcc969fe4c8b9d10\",\"name\":\"Sodr\u00e9\",\"image\":{\"@type\":\"ImageObject\",\"inLanguage\":\"pt-BR\",\"@id\":\"https:\/\/secure.gravatar.com\/avatar\/5ba2793f0590b9dbfad3fdec4ee714485b3eef211c9b32ee53d414060454a56c?s=96&d=mm&r=g\",\"url\":\"https:\/\/secure.gravatar.com\/avatar\/5ba2793f0590b9dbfad3fdec4ee714485b3eef211c9b32ee53d414060454a56c?s=96&d=mm&r=g\",\"contentUrl\":\"https:\/\/secure.gravatar.com\/avatar\/5ba2793f0590b9dbfad3fdec4ee714485b3eef211c9b32ee53d414060454a56c?s=96&d=mm&r=g\",\"caption\":\"Sodr\u00e9\"},\"sameAs\":[\"https:\/\/www.facebook.com\/carosroberto.sodre.5\/\"],\"url\":\"https:\/\/ubanews.com\/site\/author\/felipe\/\"}]}<\/script>\n<!-- \/ Yoast SEO plugin. -->","yoast_head_json":{"title":"HOMIC\u00cdDIO CONSUMADO NO BAIRRO S\u00c3O DOMINGOS - Ub\u00e1 News","robots":{"index":"index","follow":"follow","max-snippet":"max-snippet:-1","max-image-preview":"max-image-preview:large","max-video-preview":"max-video-preview:-1"},"canonical":"https:\/\/ubanews.com\/site\/2018\/07\/04\/homicidio-consumado-no-bairro-sao-domingos\/","og_locale":"pt_BR","og_type":"article","og_title":"HOMIC\u00cdDIO CONSUMADO NO BAIRRO S\u00c3O DOMINGOS - Ub\u00e1 News","og_description":"&nbsp; Fotos de WhatsApp No dia 30 de junho, por","og_url":"https:\/\/ubanews.com\/site\/2018\/07\/04\/homicidio-consumado-no-bairro-sao-domingos\/","og_site_name":"Ub\u00e1 News","article_publisher":"https:\/\/www.facebook.com\/Ub%c3%a1News-Carlos-Roberto-Sodr%c3%a9-418778301977370","article_author":"https:\/\/www.facebook.com\/carosroberto.sodre.5\/","article_published_time":"2018-07-04T20:22:11+00:00","article_modified_time":"2018-07-04T20:23:06+00:00","og_image":[{"width":800,"height":340,"url":"https:\/\/ubanews.com\/site\/wp-content\/uploads\/2018\/07\/0004.jpg","type":"image\/jpeg"}],"author":"Sodr\u00e9","twitter_card":"summary_large_image","twitter_misc":{"Escrito por":"Sodr\u00e9","Est. tempo de leitura":"1 minuto"},"schema":{"@context":"https:\/\/schema.org","@graph":[{"@type":"Article","@id":"https:\/\/ubanews.com\/site\/2018\/07\/04\/homicidio-consumado-no-bairro-sao-domingos\/#article","isPartOf":{"@id":"https:\/\/ubanews.com\/site\/2018\/07\/04\/homicidio-consumado-no-bairro-sao-domingos\/"},"author":{"name":"Sodr\u00e9","@id":"https:\/\/ubanews.com\/site\/#\/schema\/person\/d90c9e47252fbb63dcc969fe4c8b9d10"},"headline":"HOMIC\u00cdDIO CONSUMADO NO BAIRRO S\u00c3O DOMINGOS","datePublished":"2018-07-04T20:22:11+00:00","dateModified":"2018-07-04T20:23:06+00:00","mainEntityOfPage":{"@id":"https:\/\/ubanews.com\/site\/2018\/07\/04\/homicidio-consumado-no-bairro-sao-domingos\/"},"wordCount":305,"commentCount":0,"publisher":{"@id":"https:\/\/ubanews.com\/site\/#organization"},"image":{"@id":"https:\/\/ubanews.com\/site\/2018\/07\/04\/homicidio-consumado-no-bairro-sao-domingos\/#primaryimage"},"thumbnailUrl":"https:\/\/ubanews.com\/site\/wp-content\/uploads\/2018\/07\/0004.jpg","articleSection":["S\u00edntese das Ocorr\u00eancias"],"inLanguage":"pt-BR","potentialAction":[{"@type":"CommentAction","name":"Comment","target":["https:\/\/ubanews.com\/site\/2018\/07\/04\/homicidio-consumado-no-bairro-sao-domingos\/#respond"]}]},{"@type":"WebPage","@id":"https:\/\/ubanews.com\/site\/2018\/07\/04\/homicidio-consumado-no-bairro-sao-domingos\/","url":"https:\/\/ubanews.com\/site\/2018\/07\/04\/homicidio-consumado-no-bairro-sao-domingos\/","name":"HOMIC\u00cdDIO CONSUMADO NO BAIRRO S\u00c3O DOMINGOS - Ub\u00e1 News","isPartOf":{"@id":"https:\/\/ubanews.com\/site\/#website"},"primaryImageOfPage":{"@id":"https:\/\/ubanews.com\/site\/2018\/07\/04\/homicidio-consumado-no-bairro-sao-domingos\/#primaryimage"},"image":{"@id":"https:\/\/ubanews.com\/site\/2018\/07\/04\/homicidio-consumado-no-bairro-sao-domingos\/#primaryimage"},"thumbnailUrl":"https:\/\/ubanews.com\/site\/wp-content\/uploads\/2018\/07\/0004.jpg","datePublished":"2018-07-04T20:22:11+00:00","dateModified":"2018-07-04T20:23:06+00:00","breadcrumb":{"@id":"https:\/\/ubanews.com\/site\/2018\/07\/04\/homicidio-consumado-no-bairro-sao-domingos\/#breadcrumb"},"inLanguage":"pt-BR","potentialAction":[{"@type":"ReadAction","target":["https:\/\/ubanews.com\/site\/2018\/07\/04\/homicidio-consumado-no-bairro-sao-domingos\/"]}]},{"@type":"ImageObject","inLanguage":"pt-BR","@id":"https:\/\/ubanews.com\/site\/2018\/07\/04\/homicidio-consumado-no-bairro-sao-domingos\/#primaryimage","url":"https:\/\/ubanews.com\/site\/wp-content\/uploads\/2018\/07\/0004.jpg","contentUrl":"https:\/\/ubanews.com\/site\/wp-content\/uploads\/2018\/07\/0004.jpg","width":800,"height":340},{"@type":"BreadcrumbList","@id":"https:\/\/ubanews.com\/site\/2018\/07\/04\/homicidio-consumado-no-bairro-sao-domingos\/#breadcrumb","itemListElement":[{"@type":"ListItem","position":1,"name":"Home","item":"https:\/\/ubanews.com\/site\/"},{"@type":"ListItem","position":2,"name":"HOMIC\u00cdDIO CONSUMADO NO BAIRRO S\u00c3O DOMINGOS"}]},{"@type":"WebSite","@id":"https:\/\/ubanews.com\/site\/#website","url":"https:\/\/ubanews.com\/site\/","name":"Ub\u00e1 News","description":"","publisher":{"@id":"https:\/\/ubanews.com\/site\/#organization"},"potentialAction":[{"@type":"SearchAction","target":{"@type":"EntryPoint","urlTemplate":"https:\/\/ubanews.com\/site\/?s={search_term_string}"},"query-input":{"@type":"PropertyValueSpecification","valueRequired":true,"valueName":"search_term_string"}}],"inLanguage":"pt-BR"},{"@type":"Organization","@id":"https:\/\/ubanews.com\/site\/#organization","name":"Ub\u00e1 News","url":"https:\/\/ubanews.com\/site\/","logo":{"@type":"ImageObject","inLanguage":"pt-BR","@id":"https:\/\/ubanews.com\/site\/#\/schema\/logo\/image\/","url":"https:\/\/ubanews.com\/site\/wp-content\/uploads\/2018\/01\/logoubanews.png","contentUrl":"https:\/\/ubanews.com\/site\/wp-content\/uploads\/2018\/01\/logoubanews.png","width":261,"height":99,"caption":"Ub\u00e1 News"},"image":{"@id":"https:\/\/ubanews.com\/site\/#\/schema\/logo\/image\/"},"sameAs":["https:\/\/www.facebook.com\/Ub\u00e1News-Carlos-Roberto-Sodr\u00e9-418778301977370"]},{"@type":"Person","@id":"https:\/\/ubanews.com\/site\/#\/schema\/person\/d90c9e47252fbb63dcc969fe4c8b9d10","name":"Sodr\u00e9","image":{"@type":"ImageObject","inLanguage":"pt-BR","@id":"https:\/\/secure.gravatar.com\/avatar\/5ba2793f0590b9dbfad3fdec4ee714485b3eef211c9b32ee53d414060454a56c?s=96&d=mm&r=g","url":"https:\/\/secure.gravatar.com\/avatar\/5ba2793f0590b9dbfad3fdec4ee714485b3eef211c9b32ee53d414060454a56c?s=96&d=mm&r=g","contentUrl":"https:\/\/secure.gravatar.com\/avatar\/5ba2793f0590b9dbfad3fdec4ee714485b3eef211c9b32ee53d414060454a56c?s=96&d=mm&r=g","caption":"Sodr\u00e9"},"sameAs":["https:\/\/www.facebook.com\/carosroberto.sodre.5\/"],"url":"https:\/\/ubanews.com\/site\/author\/felipe\/"}]}},"_links":{"self":[{"href":"https:\/\/ubanews.com\/site\/wp-json\/wp\/v2\/posts\/5234","targetHints":{"allow":["GET"]}}],"collection":[{"href":"https:\/\/ubanews.com\/site\/wp-json\/wp\/v2\/posts"}],"about":[{"href":"https:\/\/ubanews.com\/site\/wp-json\/wp\/v2\/types\/post"}],"author":[{"embeddable":true,"href":"https:\/\/ubanews.com\/site\/wp-json\/wp\/v2\/users\/2"}],"replies":[{"embeddable":true,"href":"https:\/\/ubanews.com\/site\/wp-json\/wp\/v2\/comments?post=5234"}],"version-history":[{"count":0,"href":"https:\/\/ubanews.com\/site\/wp-json\/wp\/v2\/posts\/5234\/revisions"}],"wp:featuredmedia":[{"embeddable":true,"href":"https:\/\/ubanews.com\/site\/wp-json\/wp\/v2\/media\/5240"}],"wp:attachment":[{"href":"https:\/\/ubanews.com\/site\/wp-json\/wp\/v2\/media?parent=5234"}],"wp:term":[{"taxonomy":"category","embeddable":true,"href":"https:\/\/ubanews.com\/site\/wp-json\/wp\/v2\/categories?post=5234"},{"taxonomy":"post_tag","embeddable":true,"href":"https:\/\/ubanews.com\/site\/wp-json\/wp\/v2\/tags?post=5234"}],"curies":[{"name":"wp","href":"https:\/\/api.w.org\/{rel}","templated":true}]}}