{"id":5148,"date":"2018-06-30T18:38:16","date_gmt":"2018-06-30T21:38:16","guid":{"rendered":"http:\/\/ubanews.com\/site\/?p=5148"},"modified":"2018-07-11T21:46:15","modified_gmt":"2018-07-12T00:46:15","slug":"com-mais-de-70-anos-de-trabalho-badinho-planeja-sua-aposentadoria","status":"publish","type":"post","link":"https:\/\/ubanews.com\/site\/2018\/06\/30\/com-mais-de-70-anos-de-trabalho-badinho-planeja-sua-aposentadoria\/","title":{"rendered":"Com mais de 70 anos de trabalho Badinho planeja sua aposentadoria"},"content":{"rendered":"<p>Perguntei aos homens que ficam jogando cartas na parte coberta da Esta\u00e7\u00e3o Ferrovi\u00e1ria (Pra\u00e7a Guido Marli\u00e9re), para passar o tempo, se alguns deles conheciam o senhor Garibaldi Nicomedes Dias. Para minha surpresa, todos responderam que n\u00e3o. E olha que eles convivem com o senhor Garibaldi h\u00e1 muito tempo. Eu diria h\u00e1 muitos anos. Ali naquele mesmo local. S\u00f3 que ali Garibaldi \u00e9 conhecido como Badin. Ou Badinho.<\/p>\n<p>Badinho trabalha na Pra\u00e7a Guido Marli\u00e9re, vendendo suas pipocas doce e salgada, doces, balas, broas, caf\u00e9 e etc. h\u00e1 pelo menos 36. Entretanto, nunca foi conhecido como Garibaldi e sim como Badinho. Nosso entrevistado se gaba de conviver bem com seus vizinhos: \u201cnunca foi necess\u00e1rio chamar a Pol\u00edcia Militar para apaziguar nenhuma desaven\u00e7a aqui no meu local de trabalho, todos me respeitam e eu tamb\u00e9m respeito a todos; no dia 10 de janeiro chego aos 80 anos, por isso come\u00e7o a pensar em parar ou pelo menos diminuir minhas atividades; talvez eu continue trazendo uma cesta com algumas coisinhas dentro, mas pretendo diminuir; com mais de 70 anos de trabalho j\u00e1 \u00e9 hora de descansar\u201d.<\/p>\n<p><iframe data-src=\"https:\/\/www.youtube.com\/embed\/_OdblvqinN0\" width=\"560\" height=\"315\" frameborder=\"0\" allowfullscreen=\"allowfullscreen\" src=\"data:image\/svg+xml;base64,PHN2ZyB3aWR0aD0iMSIgaGVpZ2h0PSIxIiB4bWxucz0iaHR0cDovL3d3dy53My5vcmcvMjAwMC9zdmciPjwvc3ZnPg==\" class=\"lazyload\" data-load-mode=\"1\"><\/iframe>&nbsp;<\/p>\n","protected":false},"excerpt":{"rendered":"<p>Perguntei aos homens que ficam jogando cartas na parte coberta<\/p>\n","protected":false},"author":2,"featured_media":5149,"comment_status":"open","ping_status":"open","sticky":false,"template":"","format":"standard","meta":{"footnotes":""},"categories":[18],"tags":[],"class_list":["post-5148","post","type-post","status-publish","format-standard","has-post-thumbnail","hentry","category-tv"],"yoast_head":"<!-- This site is optimized with the Yoast SEO plugin v27.2 - https:\/\/yoast.com\/product\/yoast-seo-wordpress\/ -->\n<title>Com mais de 70 anos de trabalho Badinho planeja sua aposentadoria - Ub\u00e1 News<\/title>\n<meta name=\"robots\" content=\"index, follow, max-snippet:-1, max-image-preview:large, max-video-preview:-1\" \/>\n<link rel=\"canonical\" href=\"https:\/\/ubanews.com\/site\/2018\/06\/30\/com-mais-de-70-anos-de-trabalho-badinho-planeja-sua-aposentadoria\/\" \/>\n<meta property=\"og:locale\" content=\"pt_BR\" \/>\n<meta property=\"og:type\" content=\"article\" \/>\n<meta property=\"og:title\" content=\"Com mais de 70 anos de trabalho Badinho planeja sua aposentadoria - Ub\u00e1 News\" \/>\n<meta property=\"og:description\" content=\"Perguntei aos homens que ficam jogando cartas na parte coberta\" \/>\n<meta property=\"og:url\" content=\"https:\/\/ubanews.com\/site\/2018\/06\/30\/com-mais-de-70-anos-de-trabalho-badinho-planeja-sua-aposentadoria\/\" \/>\n<meta property=\"og:site_name\" content=\"Ub\u00e1 News\" \/>\n<meta property=\"article:publisher\" content=\"https:\/\/www.facebook.com\/Ub%c3%a1News-Carlos-Roberto-Sodr%c3%a9-418778301977370\" \/>\n<meta property=\"article:author\" content=\"https:\/\/www.facebook.com\/carosroberto.sodre.5\/\" \/>\n<meta property=\"article:published_time\" content=\"2018-06-30T21:38:16+00:00\" \/>\n<meta property=\"article:modified_time\" content=\"2018-07-12T00:46:15+00:00\" \/>\n<meta property=\"og:image\" content=\"https:\/\/ubanews.com\/site\/wp-content\/uploads\/2018\/06\/Badin-1.jpg\" \/>\n\t<meta property=\"og:image:width\" content=\"800\" \/>\n\t<meta property=\"og:image:height\" content=\"457\" \/>\n\t<meta property=\"og:image:type\" content=\"image\/jpeg\" \/>\n<meta name=\"author\" content=\"Sodr\u00e9\" \/>\n<meta name=\"twitter:card\" content=\"summary_large_image\" \/>\n<meta name=\"twitter:label1\" content=\"Escrito por\" \/>\n\t<meta name=\"twitter:data1\" content=\"Sodr\u00e9\" \/>\n\t<meta name=\"twitter:label2\" content=\"Est. tempo de leitura\" \/>\n\t<meta name=\"twitter:data2\" content=\"1 minuto\" \/>\n<script type=\"application\/ld+json\" class=\"yoast-schema-graph\">{\"@context\":\"https:\/\/schema.org\",\"@graph\":[{\"@type\":\"Article\",\"@id\":\"https:\/\/ubanews.com\/site\/2018\/06\/30\/com-mais-de-70-anos-de-trabalho-badinho-planeja-sua-aposentadoria\/#article\",\"isPartOf\":{\"@id\":\"https:\/\/ubanews.com\/site\/2018\/06\/30\/com-mais-de-70-anos-de-trabalho-badinho-planeja-sua-aposentadoria\/\"},\"author\":{\"name\":\"Sodr\u00e9\",\"@id\":\"https:\/\/ubanews.com\/site\/#\/schema\/person\/d90c9e47252fbb63dcc969fe4c8b9d10\"},\"headline\":\"Com mais de 70 anos de trabalho Badinho planeja sua aposentadoria\",\"datePublished\":\"2018-06-30T21:38:16+00:00\",\"dateModified\":\"2018-07-12T00:46:15+00:00\",\"mainEntityOfPage\":{\"@id\":\"https:\/\/ubanews.com\/site\/2018\/06\/30\/com-mais-de-70-anos-de-trabalho-badinho-planeja-sua-aposentadoria\/\"},\"wordCount\":199,\"commentCount\":1,\"publisher\":{\"@id\":\"https:\/\/ubanews.com\/site\/#organization\"},\"image\":{\"@id\":\"https:\/\/ubanews.com\/site\/2018\/06\/30\/com-mais-de-70-anos-de-trabalho-badinho-planeja-sua-aposentadoria\/#primaryimage\"},\"thumbnailUrl\":\"https:\/\/ubanews.com\/site\/wp-content\/uploads\/2018\/06\/Badin-1.jpg\",\"articleSection\":[\"TV\"],\"inLanguage\":\"pt-BR\",\"potentialAction\":[{\"@type\":\"CommentAction\",\"name\":\"Comment\",\"target\":[\"https:\/\/ubanews.com\/site\/2018\/06\/30\/com-mais-de-70-anos-de-trabalho-badinho-planeja-sua-aposentadoria\/#respond\"]}]},{\"@type\":\"WebPage\",\"@id\":\"https:\/\/ubanews.com\/site\/2018\/06\/30\/com-mais-de-70-anos-de-trabalho-badinho-planeja-sua-aposentadoria\/\",\"url\":\"https:\/\/ubanews.com\/site\/2018\/06\/30\/com-mais-de-70-anos-de-trabalho-badinho-planeja-sua-aposentadoria\/\",\"name\":\"Com mais de 70 anos de trabalho Badinho planeja sua aposentadoria - Ub\u00e1 News\",\"isPartOf\":{\"@id\":\"https:\/\/ubanews.com\/site\/#website\"},\"primaryImageOfPage\":{\"@id\":\"https:\/\/ubanews.com\/site\/2018\/06\/30\/com-mais-de-70-anos-de-trabalho-badinho-planeja-sua-aposentadoria\/#primaryimage\"},\"image\":{\"@id\":\"https:\/\/ubanews.com\/site\/2018\/06\/30\/com-mais-de-70-anos-de-trabalho-badinho-planeja-sua-aposentadoria\/#primaryimage\"},\"thumbnailUrl\":\"https:\/\/ubanews.com\/site\/wp-content\/uploads\/2018\/06\/Badin-1.jpg\",\"datePublished\":\"2018-06-30T21:38:16+00:00\",\"dateModified\":\"2018-07-12T00:46:15+00:00\",\"breadcrumb\":{\"@id\":\"https:\/\/ubanews.com\/site\/2018\/06\/30\/com-mais-de-70-anos-de-trabalho-badinho-planeja-sua-aposentadoria\/#breadcrumb\"},\"inLanguage\":\"pt-BR\",\"potentialAction\":[{\"@type\":\"ReadAction\",\"target\":[\"https:\/\/ubanews.com\/site\/2018\/06\/30\/com-mais-de-70-anos-de-trabalho-badinho-planeja-sua-aposentadoria\/\"]}]},{\"@type\":\"ImageObject\",\"inLanguage\":\"pt-BR\",\"@id\":\"https:\/\/ubanews.com\/site\/2018\/06\/30\/com-mais-de-70-anos-de-trabalho-badinho-planeja-sua-aposentadoria\/#primaryimage\",\"url\":\"https:\/\/ubanews.com\/site\/wp-content\/uploads\/2018\/06\/Badin-1.jpg\",\"contentUrl\":\"https:\/\/ubanews.com\/site\/wp-content\/uploads\/2018\/06\/Badin-1.jpg\",\"width\":800,\"height\":457},{\"@type\":\"BreadcrumbList\",\"@id\":\"https:\/\/ubanews.com\/site\/2018\/06\/30\/com-mais-de-70-anos-de-trabalho-badinho-planeja-sua-aposentadoria\/#breadcrumb\",\"itemListElement\":[{\"@type\":\"ListItem\",\"position\":1,\"name\":\"Home\",\"item\":\"https:\/\/ubanews.com\/site\/\"},{\"@type\":\"ListItem\",\"position\":2,\"name\":\"Com mais de 70 anos de trabalho Badinho planeja sua aposentadoria\"}]},{\"@type\":\"WebSite\",\"@id\":\"https:\/\/ubanews.com\/site\/#website\",\"url\":\"https:\/\/ubanews.com\/site\/\",\"name\":\"Ub\u00e1 News\",\"description\":\"\",\"publisher\":{\"@id\":\"https:\/\/ubanews.com\/site\/#organization\"},\"potentialAction\":[{\"@type\":\"SearchAction\",\"target\":{\"@type\":\"EntryPoint\",\"urlTemplate\":\"https:\/\/ubanews.com\/site\/?s={search_term_string}\"},\"query-input\":{\"@type\":\"PropertyValueSpecification\",\"valueRequired\":true,\"valueName\":\"search_term_string\"}}],\"inLanguage\":\"pt-BR\"},{\"@type\":\"Organization\",\"@id\":\"https:\/\/ubanews.com\/site\/#organization\",\"name\":\"Ub\u00e1 News\",\"url\":\"https:\/\/ubanews.com\/site\/\",\"logo\":{\"@type\":\"ImageObject\",\"inLanguage\":\"pt-BR\",\"@id\":\"https:\/\/ubanews.com\/site\/#\/schema\/logo\/image\/\",\"url\":\"https:\/\/ubanews.com\/site\/wp-content\/uploads\/2018\/01\/logoubanews.png\",\"contentUrl\":\"https:\/\/ubanews.com\/site\/wp-content\/uploads\/2018\/01\/logoubanews.png\",\"width\":261,\"height\":99,\"caption\":\"Ub\u00e1 News\"},\"image\":{\"@id\":\"https:\/\/ubanews.com\/site\/#\/schema\/logo\/image\/\"},\"sameAs\":[\"https:\/\/www.facebook.com\/Ub\u00e1News-Carlos-Roberto-Sodr\u00e9-418778301977370\"]},{\"@type\":\"Person\",\"@id\":\"https:\/\/ubanews.com\/site\/#\/schema\/person\/d90c9e47252fbb63dcc969fe4c8b9d10\",\"name\":\"Sodr\u00e9\",\"image\":{\"@type\":\"ImageObject\",\"inLanguage\":\"pt-BR\",\"@id\":\"https:\/\/secure.gravatar.com\/avatar\/5ba2793f0590b9dbfad3fdec4ee714485b3eef211c9b32ee53d414060454a56c?s=96&d=mm&r=g\",\"url\":\"https:\/\/secure.gravatar.com\/avatar\/5ba2793f0590b9dbfad3fdec4ee714485b3eef211c9b32ee53d414060454a56c?s=96&d=mm&r=g\",\"contentUrl\":\"https:\/\/secure.gravatar.com\/avatar\/5ba2793f0590b9dbfad3fdec4ee714485b3eef211c9b32ee53d414060454a56c?s=96&d=mm&r=g\",\"caption\":\"Sodr\u00e9\"},\"sameAs\":[\"https:\/\/www.facebook.com\/carosroberto.sodre.5\/\"],\"url\":\"https:\/\/ubanews.com\/site\/author\/felipe\/\"}]}<\/script>\n<!-- \/ Yoast SEO plugin. -->","yoast_head_json":{"title":"Com mais de 70 anos de trabalho Badinho planeja sua aposentadoria - Ub\u00e1 News","robots":{"index":"index","follow":"follow","max-snippet":"max-snippet:-1","max-image-preview":"max-image-preview:large","max-video-preview":"max-video-preview:-1"},"canonical":"https:\/\/ubanews.com\/site\/2018\/06\/30\/com-mais-de-70-anos-de-trabalho-badinho-planeja-sua-aposentadoria\/","og_locale":"pt_BR","og_type":"article","og_title":"Com mais de 70 anos de trabalho Badinho planeja sua aposentadoria - Ub\u00e1 News","og_description":"Perguntei aos homens que ficam jogando cartas na parte coberta","og_url":"https:\/\/ubanews.com\/site\/2018\/06\/30\/com-mais-de-70-anos-de-trabalho-badinho-planeja-sua-aposentadoria\/","og_site_name":"Ub\u00e1 News","article_publisher":"https:\/\/www.facebook.com\/Ub%c3%a1News-Carlos-Roberto-Sodr%c3%a9-418778301977370","article_author":"https:\/\/www.facebook.com\/carosroberto.sodre.5\/","article_published_time":"2018-06-30T21:38:16+00:00","article_modified_time":"2018-07-12T00:46:15+00:00","og_image":[{"width":800,"height":457,"url":"https:\/\/ubanews.com\/site\/wp-content\/uploads\/2018\/06\/Badin-1.jpg","type":"image\/jpeg"}],"author":"Sodr\u00e9","twitter_card":"summary_large_image","twitter_misc":{"Escrito por":"Sodr\u00e9","Est. tempo de leitura":"1 minuto"},"schema":{"@context":"https:\/\/schema.org","@graph":[{"@type":"Article","@id":"https:\/\/ubanews.com\/site\/2018\/06\/30\/com-mais-de-70-anos-de-trabalho-badinho-planeja-sua-aposentadoria\/#article","isPartOf":{"@id":"https:\/\/ubanews.com\/site\/2018\/06\/30\/com-mais-de-70-anos-de-trabalho-badinho-planeja-sua-aposentadoria\/"},"author":{"name":"Sodr\u00e9","@id":"https:\/\/ubanews.com\/site\/#\/schema\/person\/d90c9e47252fbb63dcc969fe4c8b9d10"},"headline":"Com mais de 70 anos de trabalho Badinho planeja sua aposentadoria","datePublished":"2018-06-30T21:38:16+00:00","dateModified":"2018-07-12T00:46:15+00:00","mainEntityOfPage":{"@id":"https:\/\/ubanews.com\/site\/2018\/06\/30\/com-mais-de-70-anos-de-trabalho-badinho-planeja-sua-aposentadoria\/"},"wordCount":199,"commentCount":1,"publisher":{"@id":"https:\/\/ubanews.com\/site\/#organization"},"image":{"@id":"https:\/\/ubanews.com\/site\/2018\/06\/30\/com-mais-de-70-anos-de-trabalho-badinho-planeja-sua-aposentadoria\/#primaryimage"},"thumbnailUrl":"https:\/\/ubanews.com\/site\/wp-content\/uploads\/2018\/06\/Badin-1.jpg","articleSection":["TV"],"inLanguage":"pt-BR","potentialAction":[{"@type":"CommentAction","name":"Comment","target":["https:\/\/ubanews.com\/site\/2018\/06\/30\/com-mais-de-70-anos-de-trabalho-badinho-planeja-sua-aposentadoria\/#respond"]}]},{"@type":"WebPage","@id":"https:\/\/ubanews.com\/site\/2018\/06\/30\/com-mais-de-70-anos-de-trabalho-badinho-planeja-sua-aposentadoria\/","url":"https:\/\/ubanews.com\/site\/2018\/06\/30\/com-mais-de-70-anos-de-trabalho-badinho-planeja-sua-aposentadoria\/","name":"Com mais de 70 anos de trabalho Badinho planeja sua aposentadoria - Ub\u00e1 News","isPartOf":{"@id":"https:\/\/ubanews.com\/site\/#website"},"primaryImageOfPage":{"@id":"https:\/\/ubanews.com\/site\/2018\/06\/30\/com-mais-de-70-anos-de-trabalho-badinho-planeja-sua-aposentadoria\/#primaryimage"},"image":{"@id":"https:\/\/ubanews.com\/site\/2018\/06\/30\/com-mais-de-70-anos-de-trabalho-badinho-planeja-sua-aposentadoria\/#primaryimage"},"thumbnailUrl":"https:\/\/ubanews.com\/site\/wp-content\/uploads\/2018\/06\/Badin-1.jpg","datePublished":"2018-06-30T21:38:16+00:00","dateModified":"2018-07-12T00:46:15+00:00","breadcrumb":{"@id":"https:\/\/ubanews.com\/site\/2018\/06\/30\/com-mais-de-70-anos-de-trabalho-badinho-planeja-sua-aposentadoria\/#breadcrumb"},"inLanguage":"pt-BR","potentialAction":[{"@type":"ReadAction","target":["https:\/\/ubanews.com\/site\/2018\/06\/30\/com-mais-de-70-anos-de-trabalho-badinho-planeja-sua-aposentadoria\/"]}]},{"@type":"ImageObject","inLanguage":"pt-BR","@id":"https:\/\/ubanews.com\/site\/2018\/06\/30\/com-mais-de-70-anos-de-trabalho-badinho-planeja-sua-aposentadoria\/#primaryimage","url":"https:\/\/ubanews.com\/site\/wp-content\/uploads\/2018\/06\/Badin-1.jpg","contentUrl":"https:\/\/ubanews.com\/site\/wp-content\/uploads\/2018\/06\/Badin-1.jpg","width":800,"height":457},{"@type":"BreadcrumbList","@id":"https:\/\/ubanews.com\/site\/2018\/06\/30\/com-mais-de-70-anos-de-trabalho-badinho-planeja-sua-aposentadoria\/#breadcrumb","itemListElement":[{"@type":"ListItem","position":1,"name":"Home","item":"https:\/\/ubanews.com\/site\/"},{"@type":"ListItem","position":2,"name":"Com mais de 70 anos de trabalho Badinho planeja sua aposentadoria"}]},{"@type":"WebSite","@id":"https:\/\/ubanews.com\/site\/#website","url":"https:\/\/ubanews.com\/site\/","name":"Ub\u00e1 News","description":"","publisher":{"@id":"https:\/\/ubanews.com\/site\/#organization"},"potentialAction":[{"@type":"SearchAction","target":{"@type":"EntryPoint","urlTemplate":"https:\/\/ubanews.com\/site\/?s={search_term_string}"},"query-input":{"@type":"PropertyValueSpecification","valueRequired":true,"valueName":"search_term_string"}}],"inLanguage":"pt-BR"},{"@type":"Organization","@id":"https:\/\/ubanews.com\/site\/#organization","name":"Ub\u00e1 News","url":"https:\/\/ubanews.com\/site\/","logo":{"@type":"ImageObject","inLanguage":"pt-BR","@id":"https:\/\/ubanews.com\/site\/#\/schema\/logo\/image\/","url":"https:\/\/ubanews.com\/site\/wp-content\/uploads\/2018\/01\/logoubanews.png","contentUrl":"https:\/\/ubanews.com\/site\/wp-content\/uploads\/2018\/01\/logoubanews.png","width":261,"height":99,"caption":"Ub\u00e1 News"},"image":{"@id":"https:\/\/ubanews.com\/site\/#\/schema\/logo\/image\/"},"sameAs":["https:\/\/www.facebook.com\/Ub\u00e1News-Carlos-Roberto-Sodr\u00e9-418778301977370"]},{"@type":"Person","@id":"https:\/\/ubanews.com\/site\/#\/schema\/person\/d90c9e47252fbb63dcc969fe4c8b9d10","name":"Sodr\u00e9","image":{"@type":"ImageObject","inLanguage":"pt-BR","@id":"https:\/\/secure.gravatar.com\/avatar\/5ba2793f0590b9dbfad3fdec4ee714485b3eef211c9b32ee53d414060454a56c?s=96&d=mm&r=g","url":"https:\/\/secure.gravatar.com\/avatar\/5ba2793f0590b9dbfad3fdec4ee714485b3eef211c9b32ee53d414060454a56c?s=96&d=mm&r=g","contentUrl":"https:\/\/secure.gravatar.com\/avatar\/5ba2793f0590b9dbfad3fdec4ee714485b3eef211c9b32ee53d414060454a56c?s=96&d=mm&r=g","caption":"Sodr\u00e9"},"sameAs":["https:\/\/www.facebook.com\/carosroberto.sodre.5\/"],"url":"https:\/\/ubanews.com\/site\/author\/felipe\/"}]}},"_links":{"self":[{"href":"https:\/\/ubanews.com\/site\/wp-json\/wp\/v2\/posts\/5148","targetHints":{"allow":["GET"]}}],"collection":[{"href":"https:\/\/ubanews.com\/site\/wp-json\/wp\/v2\/posts"}],"about":[{"href":"https:\/\/ubanews.com\/site\/wp-json\/wp\/v2\/types\/post"}],"author":[{"embeddable":true,"href":"https:\/\/ubanews.com\/site\/wp-json\/wp\/v2\/users\/2"}],"replies":[{"embeddable":true,"href":"https:\/\/ubanews.com\/site\/wp-json\/wp\/v2\/comments?post=5148"}],"version-history":[{"count":0,"href":"https:\/\/ubanews.com\/site\/wp-json\/wp\/v2\/posts\/5148\/revisions"}],"wp:featuredmedia":[{"embeddable":true,"href":"https:\/\/ubanews.com\/site\/wp-json\/wp\/v2\/media\/5149"}],"wp:attachment":[{"href":"https:\/\/ubanews.com\/site\/wp-json\/wp\/v2\/media?parent=5148"}],"wp:term":[{"taxonomy":"category","embeddable":true,"href":"https:\/\/ubanews.com\/site\/wp-json\/wp\/v2\/categories?post=5148"},{"taxonomy":"post_tag","embeddable":true,"href":"https:\/\/ubanews.com\/site\/wp-json\/wp\/v2\/tags?post=5148"}],"curies":[{"name":"wp","href":"https:\/\/api.w.org\/{rel}","templated":true}]}}