{"id":4872,"date":"2018-06-22T22:30:09","date_gmt":"2018-06-23T01:30:09","guid":{"rendered":"http:\/\/ubanews.com\/site\/?p=4872"},"modified":"2018-06-29T10:31:32","modified_gmt":"2018-06-29T13:31:32","slug":"policia-civil-desvenda-crime-de-homicidio-ocorrido-atras-da-rodoviaria","status":"publish","type":"post","link":"https:\/\/ubanews.com\/site\/2018\/06\/22\/policia-civil-desvenda-crime-de-homicidio-ocorrido-atras-da-rodoviaria\/","title":{"rendered":"Pol\u00edcia Civil desvenda crime de homic\u00eddio ocorrido atr\u00e1s da rodovi\u00e1ria"},"content":{"rendered":"<p>&nbsp;&nbsp;&nbsp;&nbsp;&nbsp;&nbsp; Depois de um intenso trabalho de investiga\u00e7\u00e3o a equipe da Delegacia Antidrogas e Homic\u00eddio sob o comando de seu titular o Doutor Alexandrino Rosa de Souza, e com o mandado de pris\u00e3o em m\u00e3os, expedido pelo Poder Judici\u00e1rio, foi preso nesta sexta-feira (22) Anderson de Souza, vulgo Bei\u00e7o (35). Segundo o delegado, Bei\u00e7o \u00e9 o autor do crime de homic\u00eddio contra a v\u00edtima Reginaldo Quirino. Tudo aconteceu no dia 29 de setembro de 2016, atr\u00e1s da rodovi\u00e1ria de Ub\u00e1. Na \u00e9poca a v\u00edtima estava com 28 anos de idade. Segundo o delegado Doutor Alexandrino Rosa de Souza, o crime teve requintes de crueldade. \u201c A agressividade dos golpes faz presumir que Bei\u00e7o estava enfurecido, e n\u00e3o deu chances de defesa para a v\u00edtima\u201d. Com exclusividade o delegado conversou com a nossa reportagem. Confira no v\u00eddeo.<\/p>\n<p><iframe data-src=\"https:\/\/www.youtube.com\/embed\/OwoRiE_zB90\" width=\"560\" height=\"315\" frameborder=\"0\" allowfullscreen=\"allowfullscreen\" src=\"data:image\/svg+xml;base64,PHN2ZyB3aWR0aD0iMSIgaGVpZ2h0PSIxIiB4bWxucz0iaHR0cDovL3d3dy53My5vcmcvMjAwMC9zdmciPjwvc3ZnPg==\" class=\"lazyload\" data-load-mode=\"1\"><\/iframe>&nbsp;<\/p>\n","protected":false},"excerpt":{"rendered":"<p>&nbsp;&nbsp;&nbsp;&nbsp;&nbsp;&nbsp; Depois de um intenso trabalho de investiga\u00e7\u00e3o a equipe<\/p>\n","protected":false},"author":2,"featured_media":4873,"comment_status":"open","ping_status":"open","sticky":false,"template":"","format":"standard","meta":{"footnotes":""},"categories":[1],"tags":[],"class_list":["post-4872","post","type-post","status-publish","format-standard","has-post-thumbnail","hentry","category-sem-categoria"],"yoast_head":"<!-- This site is optimized with the Yoast SEO plugin v27.2 - https:\/\/yoast.com\/product\/yoast-seo-wordpress\/ -->\n<title>Pol\u00edcia Civil desvenda crime de homic\u00eddio ocorrido atr\u00e1s da rodovi\u00e1ria - Ub\u00e1 News<\/title>\n<meta name=\"robots\" content=\"index, follow, max-snippet:-1, max-image-preview:large, max-video-preview:-1\" \/>\n<link rel=\"canonical\" href=\"https:\/\/ubanews.com\/site\/2018\/06\/22\/policia-civil-desvenda-crime-de-homicidio-ocorrido-atras-da-rodoviaria\/\" \/>\n<meta property=\"og:locale\" content=\"pt_BR\" \/>\n<meta property=\"og:type\" content=\"article\" \/>\n<meta property=\"og:title\" content=\"Pol\u00edcia Civil desvenda crime de homic\u00eddio ocorrido atr\u00e1s da rodovi\u00e1ria - Ub\u00e1 News\" \/>\n<meta property=\"og:description\" content=\"&nbsp;&nbsp;&nbsp;&nbsp;&nbsp;&nbsp; Depois de um intenso trabalho de investiga\u00e7\u00e3o a equipe\" \/>\n<meta property=\"og:url\" content=\"https:\/\/ubanews.com\/site\/2018\/06\/22\/policia-civil-desvenda-crime-de-homicidio-ocorrido-atras-da-rodoviaria\/\" \/>\n<meta property=\"og:site_name\" content=\"Ub\u00e1 News\" \/>\n<meta property=\"article:publisher\" content=\"https:\/\/www.facebook.com\/Ub%c3%a1News-Carlos-Roberto-Sodr%c3%a9-418778301977370\" \/>\n<meta property=\"article:author\" content=\"https:\/\/www.facebook.com\/carosroberto.sodre.5\/\" \/>\n<meta property=\"article:published_time\" content=\"2018-06-23T01:30:09+00:00\" \/>\n<meta property=\"article:modified_time\" content=\"2018-06-29T13:31:32+00:00\" \/>\n<meta property=\"og:image\" content=\"https:\/\/ubanews.com\/site\/wp-content\/uploads\/2018\/06\/Policia-Civil-de-Minas-Gerais-Logo.jpg\" \/>\n\t<meta property=\"og:image:width\" content=\"800\" \/>\n\t<meta property=\"og:image:height\" content=\"438\" \/>\n\t<meta property=\"og:image:type\" content=\"image\/jpeg\" \/>\n<meta name=\"author\" content=\"Sodr\u00e9\" \/>\n<meta name=\"twitter:card\" content=\"summary_large_image\" \/>\n<meta name=\"twitter:label1\" content=\"Escrito por\" \/>\n\t<meta name=\"twitter:data1\" content=\"Sodr\u00e9\" \/>\n\t<meta name=\"twitter:label2\" content=\"Est. tempo de leitura\" \/>\n\t<meta name=\"twitter:data2\" content=\"1 minuto\" \/>\n<script type=\"application\/ld+json\" class=\"yoast-schema-graph\">{\"@context\":\"https:\/\/schema.org\",\"@graph\":[{\"@type\":\"Article\",\"@id\":\"https:\/\/ubanews.com\/site\/2018\/06\/22\/policia-civil-desvenda-crime-de-homicidio-ocorrido-atras-da-rodoviaria\/#article\",\"isPartOf\":{\"@id\":\"https:\/\/ubanews.com\/site\/2018\/06\/22\/policia-civil-desvenda-crime-de-homicidio-ocorrido-atras-da-rodoviaria\/\"},\"author\":{\"name\":\"Sodr\u00e9\",\"@id\":\"https:\/\/ubanews.com\/site\/#\/schema\/person\/d90c9e47252fbb63dcc969fe4c8b9d10\"},\"headline\":\"Pol\u00edcia Civil desvenda crime de homic\u00eddio ocorrido atr\u00e1s da rodovi\u00e1ria\",\"datePublished\":\"2018-06-23T01:30:09+00:00\",\"dateModified\":\"2018-06-29T13:31:32+00:00\",\"mainEntityOfPage\":{\"@id\":\"https:\/\/ubanews.com\/site\/2018\/06\/22\/policia-civil-desvenda-crime-de-homicidio-ocorrido-atras-da-rodoviaria\/\"},\"wordCount\":165,\"commentCount\":0,\"publisher\":{\"@id\":\"https:\/\/ubanews.com\/site\/#organization\"},\"image\":{\"@id\":\"https:\/\/ubanews.com\/site\/2018\/06\/22\/policia-civil-desvenda-crime-de-homicidio-ocorrido-atras-da-rodoviaria\/#primaryimage\"},\"thumbnailUrl\":\"https:\/\/ubanews.com\/site\/wp-content\/uploads\/2018\/06\/Policia-Civil-de-Minas-Gerais-Logo.jpg\",\"articleSection\":[\"Geral\"],\"inLanguage\":\"pt-BR\",\"potentialAction\":[{\"@type\":\"CommentAction\",\"name\":\"Comment\",\"target\":[\"https:\/\/ubanews.com\/site\/2018\/06\/22\/policia-civil-desvenda-crime-de-homicidio-ocorrido-atras-da-rodoviaria\/#respond\"]}]},{\"@type\":\"WebPage\",\"@id\":\"https:\/\/ubanews.com\/site\/2018\/06\/22\/policia-civil-desvenda-crime-de-homicidio-ocorrido-atras-da-rodoviaria\/\",\"url\":\"https:\/\/ubanews.com\/site\/2018\/06\/22\/policia-civil-desvenda-crime-de-homicidio-ocorrido-atras-da-rodoviaria\/\",\"name\":\"Pol\u00edcia Civil desvenda crime de homic\u00eddio ocorrido atr\u00e1s da rodovi\u00e1ria - Ub\u00e1 News\",\"isPartOf\":{\"@id\":\"https:\/\/ubanews.com\/site\/#website\"},\"primaryImageOfPage\":{\"@id\":\"https:\/\/ubanews.com\/site\/2018\/06\/22\/policia-civil-desvenda-crime-de-homicidio-ocorrido-atras-da-rodoviaria\/#primaryimage\"},\"image\":{\"@id\":\"https:\/\/ubanews.com\/site\/2018\/06\/22\/policia-civil-desvenda-crime-de-homicidio-ocorrido-atras-da-rodoviaria\/#primaryimage\"},\"thumbnailUrl\":\"https:\/\/ubanews.com\/site\/wp-content\/uploads\/2018\/06\/Policia-Civil-de-Minas-Gerais-Logo.jpg\",\"datePublished\":\"2018-06-23T01:30:09+00:00\",\"dateModified\":\"2018-06-29T13:31:32+00:00\",\"breadcrumb\":{\"@id\":\"https:\/\/ubanews.com\/site\/2018\/06\/22\/policia-civil-desvenda-crime-de-homicidio-ocorrido-atras-da-rodoviaria\/#breadcrumb\"},\"inLanguage\":\"pt-BR\",\"potentialAction\":[{\"@type\":\"ReadAction\",\"target\":[\"https:\/\/ubanews.com\/site\/2018\/06\/22\/policia-civil-desvenda-crime-de-homicidio-ocorrido-atras-da-rodoviaria\/\"]}]},{\"@type\":\"ImageObject\",\"inLanguage\":\"pt-BR\",\"@id\":\"https:\/\/ubanews.com\/site\/2018\/06\/22\/policia-civil-desvenda-crime-de-homicidio-ocorrido-atras-da-rodoviaria\/#primaryimage\",\"url\":\"https:\/\/ubanews.com\/site\/wp-content\/uploads\/2018\/06\/Policia-Civil-de-Minas-Gerais-Logo.jpg\",\"contentUrl\":\"https:\/\/ubanews.com\/site\/wp-content\/uploads\/2018\/06\/Policia-Civil-de-Minas-Gerais-Logo.jpg\",\"width\":800,\"height\":438,\"caption\":\"Pol\u00edcia Civil - Fato Policial\"},{\"@type\":\"BreadcrumbList\",\"@id\":\"https:\/\/ubanews.com\/site\/2018\/06\/22\/policia-civil-desvenda-crime-de-homicidio-ocorrido-atras-da-rodoviaria\/#breadcrumb\",\"itemListElement\":[{\"@type\":\"ListItem\",\"position\":1,\"name\":\"Home\",\"item\":\"https:\/\/ubanews.com\/site\/\"},{\"@type\":\"ListItem\",\"position\":2,\"name\":\"Pol\u00edcia Civil desvenda crime de homic\u00eddio ocorrido atr\u00e1s da rodovi\u00e1ria\"}]},{\"@type\":\"WebSite\",\"@id\":\"https:\/\/ubanews.com\/site\/#website\",\"url\":\"https:\/\/ubanews.com\/site\/\",\"name\":\"Ub\u00e1 News\",\"description\":\"\",\"publisher\":{\"@id\":\"https:\/\/ubanews.com\/site\/#organization\"},\"potentialAction\":[{\"@type\":\"SearchAction\",\"target\":{\"@type\":\"EntryPoint\",\"urlTemplate\":\"https:\/\/ubanews.com\/site\/?s={search_term_string}\"},\"query-input\":{\"@type\":\"PropertyValueSpecification\",\"valueRequired\":true,\"valueName\":\"search_term_string\"}}],\"inLanguage\":\"pt-BR\"},{\"@type\":\"Organization\",\"@id\":\"https:\/\/ubanews.com\/site\/#organization\",\"name\":\"Ub\u00e1 News\",\"url\":\"https:\/\/ubanews.com\/site\/\",\"logo\":{\"@type\":\"ImageObject\",\"inLanguage\":\"pt-BR\",\"@id\":\"https:\/\/ubanews.com\/site\/#\/schema\/logo\/image\/\",\"url\":\"https:\/\/ubanews.com\/site\/wp-content\/uploads\/2018\/01\/logoubanews.png\",\"contentUrl\":\"https:\/\/ubanews.com\/site\/wp-content\/uploads\/2018\/01\/logoubanews.png\",\"width\":261,\"height\":99,\"caption\":\"Ub\u00e1 News\"},\"image\":{\"@id\":\"https:\/\/ubanews.com\/site\/#\/schema\/logo\/image\/\"},\"sameAs\":[\"https:\/\/www.facebook.com\/Ub\u00e1News-Carlos-Roberto-Sodr\u00e9-418778301977370\"]},{\"@type\":\"Person\",\"@id\":\"https:\/\/ubanews.com\/site\/#\/schema\/person\/d90c9e47252fbb63dcc969fe4c8b9d10\",\"name\":\"Sodr\u00e9\",\"image\":{\"@type\":\"ImageObject\",\"inLanguage\":\"pt-BR\",\"@id\":\"https:\/\/secure.gravatar.com\/avatar\/5ba2793f0590b9dbfad3fdec4ee714485b3eef211c9b32ee53d414060454a56c?s=96&d=mm&r=g\",\"url\":\"https:\/\/secure.gravatar.com\/avatar\/5ba2793f0590b9dbfad3fdec4ee714485b3eef211c9b32ee53d414060454a56c?s=96&d=mm&r=g\",\"contentUrl\":\"https:\/\/secure.gravatar.com\/avatar\/5ba2793f0590b9dbfad3fdec4ee714485b3eef211c9b32ee53d414060454a56c?s=96&d=mm&r=g\",\"caption\":\"Sodr\u00e9\"},\"sameAs\":[\"https:\/\/www.facebook.com\/carosroberto.sodre.5\/\"],\"url\":\"https:\/\/ubanews.com\/site\/author\/felipe\/\"}]}<\/script>\n<!-- \/ Yoast SEO plugin. -->","yoast_head_json":{"title":"Pol\u00edcia Civil desvenda crime de homic\u00eddio ocorrido atr\u00e1s da rodovi\u00e1ria - Ub\u00e1 News","robots":{"index":"index","follow":"follow","max-snippet":"max-snippet:-1","max-image-preview":"max-image-preview:large","max-video-preview":"max-video-preview:-1"},"canonical":"https:\/\/ubanews.com\/site\/2018\/06\/22\/policia-civil-desvenda-crime-de-homicidio-ocorrido-atras-da-rodoviaria\/","og_locale":"pt_BR","og_type":"article","og_title":"Pol\u00edcia Civil desvenda crime de homic\u00eddio ocorrido atr\u00e1s da rodovi\u00e1ria - Ub\u00e1 News","og_description":"&nbsp;&nbsp;&nbsp;&nbsp;&nbsp;&nbsp; Depois de um intenso trabalho de investiga\u00e7\u00e3o a equipe","og_url":"https:\/\/ubanews.com\/site\/2018\/06\/22\/policia-civil-desvenda-crime-de-homicidio-ocorrido-atras-da-rodoviaria\/","og_site_name":"Ub\u00e1 News","article_publisher":"https:\/\/www.facebook.com\/Ub%c3%a1News-Carlos-Roberto-Sodr%c3%a9-418778301977370","article_author":"https:\/\/www.facebook.com\/carosroberto.sodre.5\/","article_published_time":"2018-06-23T01:30:09+00:00","article_modified_time":"2018-06-29T13:31:32+00:00","og_image":[{"width":800,"height":438,"url":"https:\/\/ubanews.com\/site\/wp-content\/uploads\/2018\/06\/Policia-Civil-de-Minas-Gerais-Logo.jpg","type":"image\/jpeg"}],"author":"Sodr\u00e9","twitter_card":"summary_large_image","twitter_misc":{"Escrito por":"Sodr\u00e9","Est. tempo de leitura":"1 minuto"},"schema":{"@context":"https:\/\/schema.org","@graph":[{"@type":"Article","@id":"https:\/\/ubanews.com\/site\/2018\/06\/22\/policia-civil-desvenda-crime-de-homicidio-ocorrido-atras-da-rodoviaria\/#article","isPartOf":{"@id":"https:\/\/ubanews.com\/site\/2018\/06\/22\/policia-civil-desvenda-crime-de-homicidio-ocorrido-atras-da-rodoviaria\/"},"author":{"name":"Sodr\u00e9","@id":"https:\/\/ubanews.com\/site\/#\/schema\/person\/d90c9e47252fbb63dcc969fe4c8b9d10"},"headline":"Pol\u00edcia Civil desvenda crime de homic\u00eddio ocorrido atr\u00e1s da rodovi\u00e1ria","datePublished":"2018-06-23T01:30:09+00:00","dateModified":"2018-06-29T13:31:32+00:00","mainEntityOfPage":{"@id":"https:\/\/ubanews.com\/site\/2018\/06\/22\/policia-civil-desvenda-crime-de-homicidio-ocorrido-atras-da-rodoviaria\/"},"wordCount":165,"commentCount":0,"publisher":{"@id":"https:\/\/ubanews.com\/site\/#organization"},"image":{"@id":"https:\/\/ubanews.com\/site\/2018\/06\/22\/policia-civil-desvenda-crime-de-homicidio-ocorrido-atras-da-rodoviaria\/#primaryimage"},"thumbnailUrl":"https:\/\/ubanews.com\/site\/wp-content\/uploads\/2018\/06\/Policia-Civil-de-Minas-Gerais-Logo.jpg","articleSection":["Geral"],"inLanguage":"pt-BR","potentialAction":[{"@type":"CommentAction","name":"Comment","target":["https:\/\/ubanews.com\/site\/2018\/06\/22\/policia-civil-desvenda-crime-de-homicidio-ocorrido-atras-da-rodoviaria\/#respond"]}]},{"@type":"WebPage","@id":"https:\/\/ubanews.com\/site\/2018\/06\/22\/policia-civil-desvenda-crime-de-homicidio-ocorrido-atras-da-rodoviaria\/","url":"https:\/\/ubanews.com\/site\/2018\/06\/22\/policia-civil-desvenda-crime-de-homicidio-ocorrido-atras-da-rodoviaria\/","name":"Pol\u00edcia Civil desvenda crime de homic\u00eddio ocorrido atr\u00e1s da rodovi\u00e1ria - Ub\u00e1 News","isPartOf":{"@id":"https:\/\/ubanews.com\/site\/#website"},"primaryImageOfPage":{"@id":"https:\/\/ubanews.com\/site\/2018\/06\/22\/policia-civil-desvenda-crime-de-homicidio-ocorrido-atras-da-rodoviaria\/#primaryimage"},"image":{"@id":"https:\/\/ubanews.com\/site\/2018\/06\/22\/policia-civil-desvenda-crime-de-homicidio-ocorrido-atras-da-rodoviaria\/#primaryimage"},"thumbnailUrl":"https:\/\/ubanews.com\/site\/wp-content\/uploads\/2018\/06\/Policia-Civil-de-Minas-Gerais-Logo.jpg","datePublished":"2018-06-23T01:30:09+00:00","dateModified":"2018-06-29T13:31:32+00:00","breadcrumb":{"@id":"https:\/\/ubanews.com\/site\/2018\/06\/22\/policia-civil-desvenda-crime-de-homicidio-ocorrido-atras-da-rodoviaria\/#breadcrumb"},"inLanguage":"pt-BR","potentialAction":[{"@type":"ReadAction","target":["https:\/\/ubanews.com\/site\/2018\/06\/22\/policia-civil-desvenda-crime-de-homicidio-ocorrido-atras-da-rodoviaria\/"]}]},{"@type":"ImageObject","inLanguage":"pt-BR","@id":"https:\/\/ubanews.com\/site\/2018\/06\/22\/policia-civil-desvenda-crime-de-homicidio-ocorrido-atras-da-rodoviaria\/#primaryimage","url":"https:\/\/ubanews.com\/site\/wp-content\/uploads\/2018\/06\/Policia-Civil-de-Minas-Gerais-Logo.jpg","contentUrl":"https:\/\/ubanews.com\/site\/wp-content\/uploads\/2018\/06\/Policia-Civil-de-Minas-Gerais-Logo.jpg","width":800,"height":438,"caption":"Pol\u00edcia Civil - Fato Policial"},{"@type":"BreadcrumbList","@id":"https:\/\/ubanews.com\/site\/2018\/06\/22\/policia-civil-desvenda-crime-de-homicidio-ocorrido-atras-da-rodoviaria\/#breadcrumb","itemListElement":[{"@type":"ListItem","position":1,"name":"Home","item":"https:\/\/ubanews.com\/site\/"},{"@type":"ListItem","position":2,"name":"Pol\u00edcia Civil desvenda crime de homic\u00eddio ocorrido atr\u00e1s da rodovi\u00e1ria"}]},{"@type":"WebSite","@id":"https:\/\/ubanews.com\/site\/#website","url":"https:\/\/ubanews.com\/site\/","name":"Ub\u00e1 News","description":"","publisher":{"@id":"https:\/\/ubanews.com\/site\/#organization"},"potentialAction":[{"@type":"SearchAction","target":{"@type":"EntryPoint","urlTemplate":"https:\/\/ubanews.com\/site\/?s={search_term_string}"},"query-input":{"@type":"PropertyValueSpecification","valueRequired":true,"valueName":"search_term_string"}}],"inLanguage":"pt-BR"},{"@type":"Organization","@id":"https:\/\/ubanews.com\/site\/#organization","name":"Ub\u00e1 News","url":"https:\/\/ubanews.com\/site\/","logo":{"@type":"ImageObject","inLanguage":"pt-BR","@id":"https:\/\/ubanews.com\/site\/#\/schema\/logo\/image\/","url":"https:\/\/ubanews.com\/site\/wp-content\/uploads\/2018\/01\/logoubanews.png","contentUrl":"https:\/\/ubanews.com\/site\/wp-content\/uploads\/2018\/01\/logoubanews.png","width":261,"height":99,"caption":"Ub\u00e1 News"},"image":{"@id":"https:\/\/ubanews.com\/site\/#\/schema\/logo\/image\/"},"sameAs":["https:\/\/www.facebook.com\/Ub\u00e1News-Carlos-Roberto-Sodr\u00e9-418778301977370"]},{"@type":"Person","@id":"https:\/\/ubanews.com\/site\/#\/schema\/person\/d90c9e47252fbb63dcc969fe4c8b9d10","name":"Sodr\u00e9","image":{"@type":"ImageObject","inLanguage":"pt-BR","@id":"https:\/\/secure.gravatar.com\/avatar\/5ba2793f0590b9dbfad3fdec4ee714485b3eef211c9b32ee53d414060454a56c?s=96&d=mm&r=g","url":"https:\/\/secure.gravatar.com\/avatar\/5ba2793f0590b9dbfad3fdec4ee714485b3eef211c9b32ee53d414060454a56c?s=96&d=mm&r=g","contentUrl":"https:\/\/secure.gravatar.com\/avatar\/5ba2793f0590b9dbfad3fdec4ee714485b3eef211c9b32ee53d414060454a56c?s=96&d=mm&r=g","caption":"Sodr\u00e9"},"sameAs":["https:\/\/www.facebook.com\/carosroberto.sodre.5\/"],"url":"https:\/\/ubanews.com\/site\/author\/felipe\/"}]}},"_links":{"self":[{"href":"https:\/\/ubanews.com\/site\/wp-json\/wp\/v2\/posts\/4872","targetHints":{"allow":["GET"]}}],"collection":[{"href":"https:\/\/ubanews.com\/site\/wp-json\/wp\/v2\/posts"}],"about":[{"href":"https:\/\/ubanews.com\/site\/wp-json\/wp\/v2\/types\/post"}],"author":[{"embeddable":true,"href":"https:\/\/ubanews.com\/site\/wp-json\/wp\/v2\/users\/2"}],"replies":[{"embeddable":true,"href":"https:\/\/ubanews.com\/site\/wp-json\/wp\/v2\/comments?post=4872"}],"version-history":[{"count":0,"href":"https:\/\/ubanews.com\/site\/wp-json\/wp\/v2\/posts\/4872\/revisions"}],"wp:featuredmedia":[{"embeddable":true,"href":"https:\/\/ubanews.com\/site\/wp-json\/wp\/v2\/media\/4873"}],"wp:attachment":[{"href":"https:\/\/ubanews.com\/site\/wp-json\/wp\/v2\/media?parent=4872"}],"wp:term":[{"taxonomy":"category","embeddable":true,"href":"https:\/\/ubanews.com\/site\/wp-json\/wp\/v2\/categories?post=4872"},{"taxonomy":"post_tag","embeddable":true,"href":"https:\/\/ubanews.com\/site\/wp-json\/wp\/v2\/tags?post=4872"}],"curies":[{"name":"wp","href":"https:\/\/api.w.org\/{rel}","templated":true}]}}