{"id":4861,"date":"2018-06-21T16:22:25","date_gmt":"2018-06-21T19:22:25","guid":{"rendered":"http:\/\/ubanews.com\/site\/?p=4861"},"modified":"2018-06-29T10:31:22","modified_gmt":"2018-06-29T13:31:22","slug":"instituto-federal-e-a-escola-do-legislativo-confirmam-para-o-dia-04-de-agosto-o-inicio-do-pre-enem","status":"publish","type":"post","link":"https:\/\/ubanews.com\/site\/2018\/06\/21\/instituto-federal-e-a-escola-do-legislativo-confirmam-para-o-dia-04-de-agosto-o-inicio-do-pre-enem\/","title":{"rendered":"INSTITUTO FEDERAL E A ESCOLA DO LEGISLATIVO CONFIRMAM PARA O DIA 04 DE AGOSTO O IN\u00cdCIO DO PR\u00c9-ENEM\u00a0"},"content":{"rendered":"<p>O diretor da Escola do Legislativo e vice-presidente da C\u00e2mara Municipal de Ub\u00e1 (CMU), vereador Edeir Pacheco da Costa, acompanhado da diretora da C\u00e2mara Municipal de Ub\u00e1, Maria Cl\u00e1udia Mello, e do assessor da Escola do Legislativo, Luiz Alberto Vargas, reuniram-se na manh\u00e3 do \u00faltimo dia 11, no Instituto Federal de Educa\u00e7\u00e3o, Ci\u00eancia e Tecnologia Sudeste de Minas Gerais, Campus Rio Pomba, com a diretora de Extens\u00e3o, Elizete Reis, o professor e diretor de Ensino, Marcos Pavani e os representantes do Instituto Federal Sudeste de Minas Gerais, Campus Avan\u00e7ado Ub\u00e1, os professores Eduardo Pereira da Rocha e Gilson Soares Toledo, respectivamente diretor e coordenador de extens\u00e3o da unidade.<\/p>\n<p>Em pauta, a defini\u00e7\u00e3o do calend\u00e1rio e a escala\u00e7\u00e3o de mat\u00e9rias e professores do Instituto, para o in\u00edcio das aulas, em 4 de agosto do Pr\u00e9-Enem Social, promovido pela C\u00e2mara em parceria com o Instituto Federal. As inscri\u00e7\u00f5es estar\u00e3o abertas a partir do dia 02 de julho. As aulas s\u00e3o gratuitas e direcionadas para estudantes da rede p\u00fablica e privada de ensino de Ub\u00e1. Informa\u00e7\u00f5es podem ser obtidas atrav\u00e9s com a Escola do Legislativo pelo telefone (32) 3539 5000.<\/p>\n<p>Nesta quinta-feira (21) conversamos com o diretor da Escola do Legislativo e vice-presidente da C\u00e2mara Municipal e diretor da Escola do Legislativo Edeir Pacheco; Elizete Reis, diretora de Extens\u00e3o do IF Sudeste Campus Rio Pomba e o professor Gilson Toledo, professor do IF Sudeste Campus Avan\u00e7ado Ub\u00e1.<\/p>\n<div style=\"position:relative;height:0;padding-bottom:56.25%\"><iframe data-src=\"https:\/\/www.youtube.com\/embed\/GOabmWqAV0U?ecver=2\" width=\"640\" height=\"360\" frameborder=\"0\" allow=\"autoplay; encrypted-media\" style=\"position:absolute;width:100%;height:100%;left:0\" allowfullscreen src=\"data:image\/svg+xml;base64,PHN2ZyB3aWR0aD0iMSIgaGVpZ2h0PSIxIiB4bWxucz0iaHR0cDovL3d3dy53My5vcmcvMjAwMC9zdmciPjwvc3ZnPg==\" class=\"lazyload\" data-load-mode=\"1\"><\/iframe><\/div>\n","protected":false},"excerpt":{"rendered":"<p>O diretor da Escola do Legislativo e vice-presidente da C\u00e2mara<\/p>\n","protected":false},"author":2,"featured_media":4863,"comment_status":"open","ping_status":"open","sticky":false,"template":"","format":"standard","meta":{"footnotes":""},"categories":[16],"tags":[],"class_list":["post-4861","post","type-post","status-publish","format-standard","has-post-thumbnail","hentry","category-camara-municipal"],"yoast_head":"<!-- This site is optimized with the Yoast SEO plugin v27.2 - https:\/\/yoast.com\/product\/yoast-seo-wordpress\/ -->\n<title>INSTITUTO FEDERAL E A ESCOLA DO LEGISLATIVO CONFIRMAM PARA O DIA 04 DE AGOSTO O IN\u00cdCIO DO PR\u00c9-ENEM\u00a0 - Ub\u00e1 News<\/title>\n<meta name=\"robots\" content=\"index, follow, max-snippet:-1, max-image-preview:large, max-video-preview:-1\" \/>\n<link rel=\"canonical\" href=\"https:\/\/ubanews.com\/site\/2018\/06\/21\/instituto-federal-e-a-escola-do-legislativo-confirmam-para-o-dia-04-de-agosto-o-inicio-do-pre-enem\/\" \/>\n<meta property=\"og:locale\" content=\"pt_BR\" \/>\n<meta property=\"og:type\" content=\"article\" \/>\n<meta property=\"og:title\" content=\"INSTITUTO FEDERAL E A ESCOLA DO LEGISLATIVO CONFIRMAM PARA O DIA 04 DE AGOSTO O IN\u00cdCIO DO PR\u00c9-ENEM\u00a0 - Ub\u00e1 News\" \/>\n<meta property=\"og:description\" content=\"O diretor da Escola do Legislativo e vice-presidente da C\u00e2mara\" \/>\n<meta property=\"og:url\" content=\"https:\/\/ubanews.com\/site\/2018\/06\/21\/instituto-federal-e-a-escola-do-legislativo-confirmam-para-o-dia-04-de-agosto-o-inicio-do-pre-enem\/\" \/>\n<meta property=\"og:site_name\" content=\"Ub\u00e1 News\" \/>\n<meta property=\"article:publisher\" content=\"https:\/\/www.facebook.com\/Ub%c3%a1News-Carlos-Roberto-Sodr%c3%a9-418778301977370\" \/>\n<meta property=\"article:author\" content=\"https:\/\/www.facebook.com\/carosroberto.sodre.5\/\" \/>\n<meta property=\"article:published_time\" content=\"2018-06-21T19:22:25+00:00\" \/>\n<meta property=\"article:modified_time\" content=\"2018-06-29T13:31:22+00:00\" \/>\n<meta property=\"og:image\" content=\"https:\/\/ubanews.com\/site\/wp-content\/uploads\/2018\/06\/DSC_8006.jpg\" \/>\n\t<meta property=\"og:image:width\" content=\"800\" \/>\n\t<meta property=\"og:image:height\" content=\"438\" \/>\n\t<meta property=\"og:image:type\" content=\"image\/jpeg\" \/>\n<meta name=\"author\" content=\"Sodr\u00e9\" \/>\n<meta name=\"twitter:card\" content=\"summary_large_image\" \/>\n<meta name=\"twitter:label1\" content=\"Escrito por\" \/>\n\t<meta name=\"twitter:data1\" content=\"Sodr\u00e9\" \/>\n\t<meta name=\"twitter:label2\" content=\"Est. tempo de leitura\" \/>\n\t<meta name=\"twitter:data2\" content=\"1 minuto\" \/>\n<script type=\"application\/ld+json\" class=\"yoast-schema-graph\">{\"@context\":\"https:\/\/schema.org\",\"@graph\":[{\"@type\":\"Article\",\"@id\":\"https:\/\/ubanews.com\/site\/2018\/06\/21\/instituto-federal-e-a-escola-do-legislativo-confirmam-para-o-dia-04-de-agosto-o-inicio-do-pre-enem\/#article\",\"isPartOf\":{\"@id\":\"https:\/\/ubanews.com\/site\/2018\/06\/21\/instituto-federal-e-a-escola-do-legislativo-confirmam-para-o-dia-04-de-agosto-o-inicio-do-pre-enem\/\"},\"author\":{\"name\":\"Sodr\u00e9\",\"@id\":\"https:\/\/ubanews.com\/site\/#\/schema\/person\/d90c9e47252fbb63dcc969fe4c8b9d10\"},\"headline\":\"INSTITUTO FEDERAL E A ESCOLA DO LEGISLATIVO CONFIRMAM PARA O DIA 04 DE AGOSTO O IN\u00cdCIO DO PR\u00c9-ENEM\u00a0\",\"datePublished\":\"2018-06-21T19:22:25+00:00\",\"dateModified\":\"2018-06-29T13:31:22+00:00\",\"mainEntityOfPage\":{\"@id\":\"https:\/\/ubanews.com\/site\/2018\/06\/21\/instituto-federal-e-a-escola-do-legislativo-confirmam-para-o-dia-04-de-agosto-o-inicio-do-pre-enem\/\"},\"wordCount\":270,\"commentCount\":0,\"publisher\":{\"@id\":\"https:\/\/ubanews.com\/site\/#organization\"},\"image\":{\"@id\":\"https:\/\/ubanews.com\/site\/2018\/06\/21\/instituto-federal-e-a-escola-do-legislativo-confirmam-para-o-dia-04-de-agosto-o-inicio-do-pre-enem\/#primaryimage\"},\"thumbnailUrl\":\"https:\/\/ubanews.com\/site\/wp-content\/uploads\/2018\/06\/DSC_8006.jpg\",\"articleSection\":[\"C\u00e2mara Municipal\"],\"inLanguage\":\"pt-BR\",\"potentialAction\":[{\"@type\":\"CommentAction\",\"name\":\"Comment\",\"target\":[\"https:\/\/ubanews.com\/site\/2018\/06\/21\/instituto-federal-e-a-escola-do-legislativo-confirmam-para-o-dia-04-de-agosto-o-inicio-do-pre-enem\/#respond\"]}]},{\"@type\":\"WebPage\",\"@id\":\"https:\/\/ubanews.com\/site\/2018\/06\/21\/instituto-federal-e-a-escola-do-legislativo-confirmam-para-o-dia-04-de-agosto-o-inicio-do-pre-enem\/\",\"url\":\"https:\/\/ubanews.com\/site\/2018\/06\/21\/instituto-federal-e-a-escola-do-legislativo-confirmam-para-o-dia-04-de-agosto-o-inicio-do-pre-enem\/\",\"name\":\"INSTITUTO FEDERAL E A ESCOLA DO LEGISLATIVO CONFIRMAM PARA O DIA 04 DE AGOSTO O IN\u00cdCIO DO PR\u00c9-ENEM\u00a0 - Ub\u00e1 News\",\"isPartOf\":{\"@id\":\"https:\/\/ubanews.com\/site\/#website\"},\"primaryImageOfPage\":{\"@id\":\"https:\/\/ubanews.com\/site\/2018\/06\/21\/instituto-federal-e-a-escola-do-legislativo-confirmam-para-o-dia-04-de-agosto-o-inicio-do-pre-enem\/#primaryimage\"},\"image\":{\"@id\":\"https:\/\/ubanews.com\/site\/2018\/06\/21\/instituto-federal-e-a-escola-do-legislativo-confirmam-para-o-dia-04-de-agosto-o-inicio-do-pre-enem\/#primaryimage\"},\"thumbnailUrl\":\"https:\/\/ubanews.com\/site\/wp-content\/uploads\/2018\/06\/DSC_8006.jpg\",\"datePublished\":\"2018-06-21T19:22:25+00:00\",\"dateModified\":\"2018-06-29T13:31:22+00:00\",\"breadcrumb\":{\"@id\":\"https:\/\/ubanews.com\/site\/2018\/06\/21\/instituto-federal-e-a-escola-do-legislativo-confirmam-para-o-dia-04-de-agosto-o-inicio-do-pre-enem\/#breadcrumb\"},\"inLanguage\":\"pt-BR\",\"potentialAction\":[{\"@type\":\"ReadAction\",\"target\":[\"https:\/\/ubanews.com\/site\/2018\/06\/21\/instituto-federal-e-a-escola-do-legislativo-confirmam-para-o-dia-04-de-agosto-o-inicio-do-pre-enem\/\"]}]},{\"@type\":\"ImageObject\",\"inLanguage\":\"pt-BR\",\"@id\":\"https:\/\/ubanews.com\/site\/2018\/06\/21\/instituto-federal-e-a-escola-do-legislativo-confirmam-para-o-dia-04-de-agosto-o-inicio-do-pre-enem\/#primaryimage\",\"url\":\"https:\/\/ubanews.com\/site\/wp-content\/uploads\/2018\/06\/DSC_8006.jpg\",\"contentUrl\":\"https:\/\/ubanews.com\/site\/wp-content\/uploads\/2018\/06\/DSC_8006.jpg\",\"width\":800,\"height\":438},{\"@type\":\"BreadcrumbList\",\"@id\":\"https:\/\/ubanews.com\/site\/2018\/06\/21\/instituto-federal-e-a-escola-do-legislativo-confirmam-para-o-dia-04-de-agosto-o-inicio-do-pre-enem\/#breadcrumb\",\"itemListElement\":[{\"@type\":\"ListItem\",\"position\":1,\"name\":\"Home\",\"item\":\"https:\/\/ubanews.com\/site\/\"},{\"@type\":\"ListItem\",\"position\":2,\"name\":\"INSTITUTO FEDERAL E A ESCOLA DO LEGISLATIVO CONFIRMAM PARA O DIA 04 DE AGOSTO O IN\u00cdCIO DO PR\u00c9-ENEM\u00a0\"}]},{\"@type\":\"WebSite\",\"@id\":\"https:\/\/ubanews.com\/site\/#website\",\"url\":\"https:\/\/ubanews.com\/site\/\",\"name\":\"Ub\u00e1 News\",\"description\":\"\",\"publisher\":{\"@id\":\"https:\/\/ubanews.com\/site\/#organization\"},\"potentialAction\":[{\"@type\":\"SearchAction\",\"target\":{\"@type\":\"EntryPoint\",\"urlTemplate\":\"https:\/\/ubanews.com\/site\/?s={search_term_string}\"},\"query-input\":{\"@type\":\"PropertyValueSpecification\",\"valueRequired\":true,\"valueName\":\"search_term_string\"}}],\"inLanguage\":\"pt-BR\"},{\"@type\":\"Organization\",\"@id\":\"https:\/\/ubanews.com\/site\/#organization\",\"name\":\"Ub\u00e1 News\",\"url\":\"https:\/\/ubanews.com\/site\/\",\"logo\":{\"@type\":\"ImageObject\",\"inLanguage\":\"pt-BR\",\"@id\":\"https:\/\/ubanews.com\/site\/#\/schema\/logo\/image\/\",\"url\":\"https:\/\/ubanews.com\/site\/wp-content\/uploads\/2018\/01\/logoubanews.png\",\"contentUrl\":\"https:\/\/ubanews.com\/site\/wp-content\/uploads\/2018\/01\/logoubanews.png\",\"width\":261,\"height\":99,\"caption\":\"Ub\u00e1 News\"},\"image\":{\"@id\":\"https:\/\/ubanews.com\/site\/#\/schema\/logo\/image\/\"},\"sameAs\":[\"https:\/\/www.facebook.com\/Ub\u00e1News-Carlos-Roberto-Sodr\u00e9-418778301977370\"]},{\"@type\":\"Person\",\"@id\":\"https:\/\/ubanews.com\/site\/#\/schema\/person\/d90c9e47252fbb63dcc969fe4c8b9d10\",\"name\":\"Sodr\u00e9\",\"image\":{\"@type\":\"ImageObject\",\"inLanguage\":\"pt-BR\",\"@id\":\"https:\/\/secure.gravatar.com\/avatar\/5ba2793f0590b9dbfad3fdec4ee714485b3eef211c9b32ee53d414060454a56c?s=96&d=mm&r=g\",\"url\":\"https:\/\/secure.gravatar.com\/avatar\/5ba2793f0590b9dbfad3fdec4ee714485b3eef211c9b32ee53d414060454a56c?s=96&d=mm&r=g\",\"contentUrl\":\"https:\/\/secure.gravatar.com\/avatar\/5ba2793f0590b9dbfad3fdec4ee714485b3eef211c9b32ee53d414060454a56c?s=96&d=mm&r=g\",\"caption\":\"Sodr\u00e9\"},\"sameAs\":[\"https:\/\/www.facebook.com\/carosroberto.sodre.5\/\"],\"url\":\"https:\/\/ubanews.com\/site\/author\/felipe\/\"}]}<\/script>\n<!-- \/ Yoast SEO plugin. -->","yoast_head_json":{"title":"INSTITUTO FEDERAL E A ESCOLA DO LEGISLATIVO CONFIRMAM PARA O DIA 04 DE AGOSTO O IN\u00cdCIO DO PR\u00c9-ENEM\u00a0 - Ub\u00e1 News","robots":{"index":"index","follow":"follow","max-snippet":"max-snippet:-1","max-image-preview":"max-image-preview:large","max-video-preview":"max-video-preview:-1"},"canonical":"https:\/\/ubanews.com\/site\/2018\/06\/21\/instituto-federal-e-a-escola-do-legislativo-confirmam-para-o-dia-04-de-agosto-o-inicio-do-pre-enem\/","og_locale":"pt_BR","og_type":"article","og_title":"INSTITUTO FEDERAL E A ESCOLA DO LEGISLATIVO CONFIRMAM PARA O DIA 04 DE AGOSTO O IN\u00cdCIO DO PR\u00c9-ENEM\u00a0 - Ub\u00e1 News","og_description":"O diretor da Escola do Legislativo e vice-presidente da C\u00e2mara","og_url":"https:\/\/ubanews.com\/site\/2018\/06\/21\/instituto-federal-e-a-escola-do-legislativo-confirmam-para-o-dia-04-de-agosto-o-inicio-do-pre-enem\/","og_site_name":"Ub\u00e1 News","article_publisher":"https:\/\/www.facebook.com\/Ub%c3%a1News-Carlos-Roberto-Sodr%c3%a9-418778301977370","article_author":"https:\/\/www.facebook.com\/carosroberto.sodre.5\/","article_published_time":"2018-06-21T19:22:25+00:00","article_modified_time":"2018-06-29T13:31:22+00:00","og_image":[{"width":800,"height":438,"url":"https:\/\/ubanews.com\/site\/wp-content\/uploads\/2018\/06\/DSC_8006.jpg","type":"image\/jpeg"}],"author":"Sodr\u00e9","twitter_card":"summary_large_image","twitter_misc":{"Escrito por":"Sodr\u00e9","Est. tempo de leitura":"1 minuto"},"schema":{"@context":"https:\/\/schema.org","@graph":[{"@type":"Article","@id":"https:\/\/ubanews.com\/site\/2018\/06\/21\/instituto-federal-e-a-escola-do-legislativo-confirmam-para-o-dia-04-de-agosto-o-inicio-do-pre-enem\/#article","isPartOf":{"@id":"https:\/\/ubanews.com\/site\/2018\/06\/21\/instituto-federal-e-a-escola-do-legislativo-confirmam-para-o-dia-04-de-agosto-o-inicio-do-pre-enem\/"},"author":{"name":"Sodr\u00e9","@id":"https:\/\/ubanews.com\/site\/#\/schema\/person\/d90c9e47252fbb63dcc969fe4c8b9d10"},"headline":"INSTITUTO FEDERAL E A ESCOLA DO LEGISLATIVO CONFIRMAM PARA O DIA 04 DE AGOSTO O IN\u00cdCIO DO PR\u00c9-ENEM\u00a0","datePublished":"2018-06-21T19:22:25+00:00","dateModified":"2018-06-29T13:31:22+00:00","mainEntityOfPage":{"@id":"https:\/\/ubanews.com\/site\/2018\/06\/21\/instituto-federal-e-a-escola-do-legislativo-confirmam-para-o-dia-04-de-agosto-o-inicio-do-pre-enem\/"},"wordCount":270,"commentCount":0,"publisher":{"@id":"https:\/\/ubanews.com\/site\/#organization"},"image":{"@id":"https:\/\/ubanews.com\/site\/2018\/06\/21\/instituto-federal-e-a-escola-do-legislativo-confirmam-para-o-dia-04-de-agosto-o-inicio-do-pre-enem\/#primaryimage"},"thumbnailUrl":"https:\/\/ubanews.com\/site\/wp-content\/uploads\/2018\/06\/DSC_8006.jpg","articleSection":["C\u00e2mara Municipal"],"inLanguage":"pt-BR","potentialAction":[{"@type":"CommentAction","name":"Comment","target":["https:\/\/ubanews.com\/site\/2018\/06\/21\/instituto-federal-e-a-escola-do-legislativo-confirmam-para-o-dia-04-de-agosto-o-inicio-do-pre-enem\/#respond"]}]},{"@type":"WebPage","@id":"https:\/\/ubanews.com\/site\/2018\/06\/21\/instituto-federal-e-a-escola-do-legislativo-confirmam-para-o-dia-04-de-agosto-o-inicio-do-pre-enem\/","url":"https:\/\/ubanews.com\/site\/2018\/06\/21\/instituto-federal-e-a-escola-do-legislativo-confirmam-para-o-dia-04-de-agosto-o-inicio-do-pre-enem\/","name":"INSTITUTO FEDERAL E A ESCOLA DO LEGISLATIVO CONFIRMAM PARA O DIA 04 DE AGOSTO O IN\u00cdCIO DO PR\u00c9-ENEM\u00a0 - Ub\u00e1 News","isPartOf":{"@id":"https:\/\/ubanews.com\/site\/#website"},"primaryImageOfPage":{"@id":"https:\/\/ubanews.com\/site\/2018\/06\/21\/instituto-federal-e-a-escola-do-legislativo-confirmam-para-o-dia-04-de-agosto-o-inicio-do-pre-enem\/#primaryimage"},"image":{"@id":"https:\/\/ubanews.com\/site\/2018\/06\/21\/instituto-federal-e-a-escola-do-legislativo-confirmam-para-o-dia-04-de-agosto-o-inicio-do-pre-enem\/#primaryimage"},"thumbnailUrl":"https:\/\/ubanews.com\/site\/wp-content\/uploads\/2018\/06\/DSC_8006.jpg","datePublished":"2018-06-21T19:22:25+00:00","dateModified":"2018-06-29T13:31:22+00:00","breadcrumb":{"@id":"https:\/\/ubanews.com\/site\/2018\/06\/21\/instituto-federal-e-a-escola-do-legislativo-confirmam-para-o-dia-04-de-agosto-o-inicio-do-pre-enem\/#breadcrumb"},"inLanguage":"pt-BR","potentialAction":[{"@type":"ReadAction","target":["https:\/\/ubanews.com\/site\/2018\/06\/21\/instituto-federal-e-a-escola-do-legislativo-confirmam-para-o-dia-04-de-agosto-o-inicio-do-pre-enem\/"]}]},{"@type":"ImageObject","inLanguage":"pt-BR","@id":"https:\/\/ubanews.com\/site\/2018\/06\/21\/instituto-federal-e-a-escola-do-legislativo-confirmam-para-o-dia-04-de-agosto-o-inicio-do-pre-enem\/#primaryimage","url":"https:\/\/ubanews.com\/site\/wp-content\/uploads\/2018\/06\/DSC_8006.jpg","contentUrl":"https:\/\/ubanews.com\/site\/wp-content\/uploads\/2018\/06\/DSC_8006.jpg","width":800,"height":438},{"@type":"BreadcrumbList","@id":"https:\/\/ubanews.com\/site\/2018\/06\/21\/instituto-federal-e-a-escola-do-legislativo-confirmam-para-o-dia-04-de-agosto-o-inicio-do-pre-enem\/#breadcrumb","itemListElement":[{"@type":"ListItem","position":1,"name":"Home","item":"https:\/\/ubanews.com\/site\/"},{"@type":"ListItem","position":2,"name":"INSTITUTO FEDERAL E A ESCOLA DO LEGISLATIVO CONFIRMAM PARA O DIA 04 DE AGOSTO O IN\u00cdCIO DO PR\u00c9-ENEM\u00a0"}]},{"@type":"WebSite","@id":"https:\/\/ubanews.com\/site\/#website","url":"https:\/\/ubanews.com\/site\/","name":"Ub\u00e1 News","description":"","publisher":{"@id":"https:\/\/ubanews.com\/site\/#organization"},"potentialAction":[{"@type":"SearchAction","target":{"@type":"EntryPoint","urlTemplate":"https:\/\/ubanews.com\/site\/?s={search_term_string}"},"query-input":{"@type":"PropertyValueSpecification","valueRequired":true,"valueName":"search_term_string"}}],"inLanguage":"pt-BR"},{"@type":"Organization","@id":"https:\/\/ubanews.com\/site\/#organization","name":"Ub\u00e1 News","url":"https:\/\/ubanews.com\/site\/","logo":{"@type":"ImageObject","inLanguage":"pt-BR","@id":"https:\/\/ubanews.com\/site\/#\/schema\/logo\/image\/","url":"https:\/\/ubanews.com\/site\/wp-content\/uploads\/2018\/01\/logoubanews.png","contentUrl":"https:\/\/ubanews.com\/site\/wp-content\/uploads\/2018\/01\/logoubanews.png","width":261,"height":99,"caption":"Ub\u00e1 News"},"image":{"@id":"https:\/\/ubanews.com\/site\/#\/schema\/logo\/image\/"},"sameAs":["https:\/\/www.facebook.com\/Ub\u00e1News-Carlos-Roberto-Sodr\u00e9-418778301977370"]},{"@type":"Person","@id":"https:\/\/ubanews.com\/site\/#\/schema\/person\/d90c9e47252fbb63dcc969fe4c8b9d10","name":"Sodr\u00e9","image":{"@type":"ImageObject","inLanguage":"pt-BR","@id":"https:\/\/secure.gravatar.com\/avatar\/5ba2793f0590b9dbfad3fdec4ee714485b3eef211c9b32ee53d414060454a56c?s=96&d=mm&r=g","url":"https:\/\/secure.gravatar.com\/avatar\/5ba2793f0590b9dbfad3fdec4ee714485b3eef211c9b32ee53d414060454a56c?s=96&d=mm&r=g","contentUrl":"https:\/\/secure.gravatar.com\/avatar\/5ba2793f0590b9dbfad3fdec4ee714485b3eef211c9b32ee53d414060454a56c?s=96&d=mm&r=g","caption":"Sodr\u00e9"},"sameAs":["https:\/\/www.facebook.com\/carosroberto.sodre.5\/"],"url":"https:\/\/ubanews.com\/site\/author\/felipe\/"}]}},"_links":{"self":[{"href":"https:\/\/ubanews.com\/site\/wp-json\/wp\/v2\/posts\/4861","targetHints":{"allow":["GET"]}}],"collection":[{"href":"https:\/\/ubanews.com\/site\/wp-json\/wp\/v2\/posts"}],"about":[{"href":"https:\/\/ubanews.com\/site\/wp-json\/wp\/v2\/types\/post"}],"author":[{"embeddable":true,"href":"https:\/\/ubanews.com\/site\/wp-json\/wp\/v2\/users\/2"}],"replies":[{"embeddable":true,"href":"https:\/\/ubanews.com\/site\/wp-json\/wp\/v2\/comments?post=4861"}],"version-history":[{"count":0,"href":"https:\/\/ubanews.com\/site\/wp-json\/wp\/v2\/posts\/4861\/revisions"}],"wp:featuredmedia":[{"embeddable":true,"href":"https:\/\/ubanews.com\/site\/wp-json\/wp\/v2\/media\/4863"}],"wp:attachment":[{"href":"https:\/\/ubanews.com\/site\/wp-json\/wp\/v2\/media?parent=4861"}],"wp:term":[{"taxonomy":"category","embeddable":true,"href":"https:\/\/ubanews.com\/site\/wp-json\/wp\/v2\/categories?post=4861"},{"taxonomy":"post_tag","embeddable":true,"href":"https:\/\/ubanews.com\/site\/wp-json\/wp\/v2\/tags?post=4861"}],"curies":[{"name":"wp","href":"https:\/\/api.w.org\/{rel}","templated":true}]}}