{"id":4743,"date":"2018-06-19T08:51:58","date_gmt":"2018-06-19T11:51:58","guid":{"rendered":"http:\/\/ubanews.com\/site\/?p=4743"},"modified":"2018-06-25T09:42:58","modified_gmt":"2018-06-25T12:42:58","slug":"presidente-da-camara-admite-pressao-do-partido-para-disputar-as-eleicoes","status":"publish","type":"post","link":"https:\/\/ubanews.com\/site\/2018\/06\/19\/presidente-da-camara-admite-pressao-do-partido-para-disputar-as-eleicoes\/","title":{"rendered":"PRESIDENTE DA C\u00c2MARA ADMITE PRESS\u00c3O DO PARTIDO PARA DISPUTAR AS ELEI\u00c7\u00d5ES"},"content":{"rendered":"<p><strong>&nbsp;&nbsp;&nbsp;&nbsp;&nbsp;&nbsp;&nbsp; <\/strong>Momentos antes do in\u00edcio da Reuni\u00e3o Ordin\u00e1ria do Poder Legislativo desta segunda-feira (18), tivemos uma oportunidade de conversar por dez minutos com a presidente da C\u00e2mara Municipal Ros\u00e2ngela Alfenas. Uma pergunta recorrente nesse momento que estamos \u00e0s v\u00e9speras das elei\u00e7\u00f5es. O povo pergunta e n\u00f3s fomos pergunt\u00e1-la. Se a vereadora \u00e9 ou n\u00e3o pr\u00e9-candidata a Deputada Estadual. Poderia dizer que a resposta foi subjetiva, contudo, ela respondeu algumas quest\u00f5es pontuais, com exatid\u00e3o. Como, por exemplo, perguntei se ela vem sofrendo uma press\u00e3o do seu partido para concorrer ao pleito de 07 de outubro. A resposta foi positiva. Perguntei tamb\u00e9m se o seu esposo, Fabiano dos Santos, vem pedindo para que ela seja pr\u00e9-candidata, visando \u00e0s pr\u00f3ximas elei\u00e7\u00f5es. A resposta tamb\u00e9m foi positiva. Chegamos \u00e0 conclus\u00e3o que, para ser candidata basta apenas ela dizer que sim aos apelos que chegam todos os dias. As outras partes envolvidas j\u00e1 tra\u00e7aram os destinos da vereadora. Agora s\u00f3 falta o seu sim!!!<\/p>\n","protected":false},"excerpt":{"rendered":"<p>&nbsp;&nbsp;&nbsp;&nbsp;&nbsp;&nbsp;&nbsp; Momentos antes do in\u00edcio da Reuni\u00e3o Ordin\u00e1ria do Poder<\/p>\n","protected":false},"author":2,"featured_media":4744,"comment_status":"open","ping_status":"open","sticky":false,"template":"","format":"standard","meta":{"footnotes":""},"categories":[19],"tags":[],"class_list":["post-4743","post","type-post","status-publish","format-standard","has-post-thumbnail","hentry","category-politica"],"yoast_head":"<!-- This site is optimized with the Yoast SEO plugin v27.2 - https:\/\/yoast.com\/product\/yoast-seo-wordpress\/ -->\n<title>PRESIDENTE DA C\u00c2MARA ADMITE PRESS\u00c3O DO PARTIDO PARA DISPUTAR AS ELEI\u00c7\u00d5ES - Ub\u00e1 News<\/title>\n<meta name=\"robots\" content=\"index, follow, max-snippet:-1, max-image-preview:large, max-video-preview:-1\" \/>\n<link rel=\"canonical\" href=\"https:\/\/ubanews.com\/site\/2018\/06\/19\/presidente-da-camara-admite-pressao-do-partido-para-disputar-as-eleicoes\/\" \/>\n<meta property=\"og:locale\" content=\"pt_BR\" \/>\n<meta property=\"og:type\" content=\"article\" \/>\n<meta property=\"og:title\" content=\"PRESIDENTE DA C\u00c2MARA ADMITE PRESS\u00c3O DO PARTIDO PARA DISPUTAR AS ELEI\u00c7\u00d5ES - Ub\u00e1 News\" \/>\n<meta property=\"og:description\" content=\"&nbsp;&nbsp;&nbsp;&nbsp;&nbsp;&nbsp;&nbsp; Momentos antes do in\u00edcio da Reuni\u00e3o Ordin\u00e1ria do Poder\" \/>\n<meta property=\"og:url\" content=\"https:\/\/ubanews.com\/site\/2018\/06\/19\/presidente-da-camara-admite-pressao-do-partido-para-disputar-as-eleicoes\/\" \/>\n<meta property=\"og:site_name\" content=\"Ub\u00e1 News\" \/>\n<meta property=\"article:publisher\" content=\"https:\/\/www.facebook.com\/Ub%c3%a1News-Carlos-Roberto-Sodr%c3%a9-418778301977370\" \/>\n<meta property=\"article:author\" content=\"https:\/\/www.facebook.com\/carosroberto.sodre.5\/\" \/>\n<meta property=\"article:published_time\" content=\"2018-06-19T11:51:58+00:00\" \/>\n<meta property=\"article:modified_time\" content=\"2018-06-25T12:42:58+00:00\" \/>\n<meta property=\"og:image\" content=\"https:\/\/ubanews.com\/site\/wp-content\/uploads\/2018\/06\/DSC_7577-c\u00f3pia.jpg\" \/>\n\t<meta property=\"og:image:width\" content=\"800\" \/>\n\t<meta property=\"og:image:height\" content=\"444\" \/>\n\t<meta property=\"og:image:type\" content=\"image\/jpeg\" \/>\n<meta name=\"author\" content=\"Sodr\u00e9\" \/>\n<meta name=\"twitter:card\" content=\"summary_large_image\" \/>\n<meta name=\"twitter:label1\" content=\"Escrito por\" \/>\n\t<meta name=\"twitter:data1\" content=\"Sodr\u00e9\" \/>\n\t<meta name=\"twitter:label2\" content=\"Est. tempo de leitura\" \/>\n\t<meta name=\"twitter:data2\" content=\"1 minuto\" \/>\n<script type=\"application\/ld+json\" class=\"yoast-schema-graph\">{\"@context\":\"https:\/\/schema.org\",\"@graph\":[{\"@type\":\"Article\",\"@id\":\"https:\/\/ubanews.com\/site\/2018\/06\/19\/presidente-da-camara-admite-pressao-do-partido-para-disputar-as-eleicoes\/#article\",\"isPartOf\":{\"@id\":\"https:\/\/ubanews.com\/site\/2018\/06\/19\/presidente-da-camara-admite-pressao-do-partido-para-disputar-as-eleicoes\/\"},\"author\":{\"name\":\"Sodr\u00e9\",\"@id\":\"https:\/\/ubanews.com\/site\/#\/schema\/person\/d90c9e47252fbb63dcc969fe4c8b9d10\"},\"headline\":\"PRESIDENTE DA C\u00c2MARA ADMITE PRESS\u00c3O DO PARTIDO PARA DISPUTAR AS ELEI\u00c7\u00d5ES\",\"datePublished\":\"2018-06-19T11:51:58+00:00\",\"dateModified\":\"2018-06-25T12:42:58+00:00\",\"mainEntityOfPage\":{\"@id\":\"https:\/\/ubanews.com\/site\/2018\/06\/19\/presidente-da-camara-admite-pressao-do-partido-para-disputar-as-eleicoes\/\"},\"wordCount\":196,\"commentCount\":0,\"publisher\":{\"@id\":\"https:\/\/ubanews.com\/site\/#organization\"},\"image\":{\"@id\":\"https:\/\/ubanews.com\/site\/2018\/06\/19\/presidente-da-camara-admite-pressao-do-partido-para-disputar-as-eleicoes\/#primaryimage\"},\"thumbnailUrl\":\"https:\/\/ubanews.com\/site\/wp-content\/uploads\/2018\/06\/DSC_7577-c\u00f3pia.jpg\",\"articleSection\":[\"Pol\u00edtica\"],\"inLanguage\":\"pt-BR\",\"potentialAction\":[{\"@type\":\"CommentAction\",\"name\":\"Comment\",\"target\":[\"https:\/\/ubanews.com\/site\/2018\/06\/19\/presidente-da-camara-admite-pressao-do-partido-para-disputar-as-eleicoes\/#respond\"]}]},{\"@type\":\"WebPage\",\"@id\":\"https:\/\/ubanews.com\/site\/2018\/06\/19\/presidente-da-camara-admite-pressao-do-partido-para-disputar-as-eleicoes\/\",\"url\":\"https:\/\/ubanews.com\/site\/2018\/06\/19\/presidente-da-camara-admite-pressao-do-partido-para-disputar-as-eleicoes\/\",\"name\":\"PRESIDENTE DA C\u00c2MARA ADMITE PRESS\u00c3O DO PARTIDO PARA DISPUTAR AS ELEI\u00c7\u00d5ES - Ub\u00e1 News\",\"isPartOf\":{\"@id\":\"https:\/\/ubanews.com\/site\/#website\"},\"primaryImageOfPage\":{\"@id\":\"https:\/\/ubanews.com\/site\/2018\/06\/19\/presidente-da-camara-admite-pressao-do-partido-para-disputar-as-eleicoes\/#primaryimage\"},\"image\":{\"@id\":\"https:\/\/ubanews.com\/site\/2018\/06\/19\/presidente-da-camara-admite-pressao-do-partido-para-disputar-as-eleicoes\/#primaryimage\"},\"thumbnailUrl\":\"https:\/\/ubanews.com\/site\/wp-content\/uploads\/2018\/06\/DSC_7577-c\u00f3pia.jpg\",\"datePublished\":\"2018-06-19T11:51:58+00:00\",\"dateModified\":\"2018-06-25T12:42:58+00:00\",\"breadcrumb\":{\"@id\":\"https:\/\/ubanews.com\/site\/2018\/06\/19\/presidente-da-camara-admite-pressao-do-partido-para-disputar-as-eleicoes\/#breadcrumb\"},\"inLanguage\":\"pt-BR\",\"potentialAction\":[{\"@type\":\"ReadAction\",\"target\":[\"https:\/\/ubanews.com\/site\/2018\/06\/19\/presidente-da-camara-admite-pressao-do-partido-para-disputar-as-eleicoes\/\"]}]},{\"@type\":\"ImageObject\",\"inLanguage\":\"pt-BR\",\"@id\":\"https:\/\/ubanews.com\/site\/2018\/06\/19\/presidente-da-camara-admite-pressao-do-partido-para-disputar-as-eleicoes\/#primaryimage\",\"url\":\"https:\/\/ubanews.com\/site\/wp-content\/uploads\/2018\/06\/DSC_7577-c\u00f3pia.jpg\",\"contentUrl\":\"https:\/\/ubanews.com\/site\/wp-content\/uploads\/2018\/06\/DSC_7577-c\u00f3pia.jpg\",\"width\":800,\"height\":444},{\"@type\":\"BreadcrumbList\",\"@id\":\"https:\/\/ubanews.com\/site\/2018\/06\/19\/presidente-da-camara-admite-pressao-do-partido-para-disputar-as-eleicoes\/#breadcrumb\",\"itemListElement\":[{\"@type\":\"ListItem\",\"position\":1,\"name\":\"Home\",\"item\":\"https:\/\/ubanews.com\/site\/\"},{\"@type\":\"ListItem\",\"position\":2,\"name\":\"PRESIDENTE DA C\u00c2MARA ADMITE PRESS\u00c3O DO PARTIDO PARA DISPUTAR AS ELEI\u00c7\u00d5ES\"}]},{\"@type\":\"WebSite\",\"@id\":\"https:\/\/ubanews.com\/site\/#website\",\"url\":\"https:\/\/ubanews.com\/site\/\",\"name\":\"Ub\u00e1 News\",\"description\":\"\",\"publisher\":{\"@id\":\"https:\/\/ubanews.com\/site\/#organization\"},\"potentialAction\":[{\"@type\":\"SearchAction\",\"target\":{\"@type\":\"EntryPoint\",\"urlTemplate\":\"https:\/\/ubanews.com\/site\/?s={search_term_string}\"},\"query-input\":{\"@type\":\"PropertyValueSpecification\",\"valueRequired\":true,\"valueName\":\"search_term_string\"}}],\"inLanguage\":\"pt-BR\"},{\"@type\":\"Organization\",\"@id\":\"https:\/\/ubanews.com\/site\/#organization\",\"name\":\"Ub\u00e1 News\",\"url\":\"https:\/\/ubanews.com\/site\/\",\"logo\":{\"@type\":\"ImageObject\",\"inLanguage\":\"pt-BR\",\"@id\":\"https:\/\/ubanews.com\/site\/#\/schema\/logo\/image\/\",\"url\":\"https:\/\/ubanews.com\/site\/wp-content\/uploads\/2018\/01\/logoubanews.png\",\"contentUrl\":\"https:\/\/ubanews.com\/site\/wp-content\/uploads\/2018\/01\/logoubanews.png\",\"width\":261,\"height\":99,\"caption\":\"Ub\u00e1 News\"},\"image\":{\"@id\":\"https:\/\/ubanews.com\/site\/#\/schema\/logo\/image\/\"},\"sameAs\":[\"https:\/\/www.facebook.com\/Ub\u00e1News-Carlos-Roberto-Sodr\u00e9-418778301977370\"]},{\"@type\":\"Person\",\"@id\":\"https:\/\/ubanews.com\/site\/#\/schema\/person\/d90c9e47252fbb63dcc969fe4c8b9d10\",\"name\":\"Sodr\u00e9\",\"image\":{\"@type\":\"ImageObject\",\"inLanguage\":\"pt-BR\",\"@id\":\"https:\/\/secure.gravatar.com\/avatar\/5ba2793f0590b9dbfad3fdec4ee714485b3eef211c9b32ee53d414060454a56c?s=96&d=mm&r=g\",\"url\":\"https:\/\/secure.gravatar.com\/avatar\/5ba2793f0590b9dbfad3fdec4ee714485b3eef211c9b32ee53d414060454a56c?s=96&d=mm&r=g\",\"contentUrl\":\"https:\/\/secure.gravatar.com\/avatar\/5ba2793f0590b9dbfad3fdec4ee714485b3eef211c9b32ee53d414060454a56c?s=96&d=mm&r=g\",\"caption\":\"Sodr\u00e9\"},\"sameAs\":[\"https:\/\/www.facebook.com\/carosroberto.sodre.5\/\"],\"url\":\"https:\/\/ubanews.com\/site\/author\/felipe\/\"}]}<\/script>\n<!-- \/ Yoast SEO plugin. -->","yoast_head_json":{"title":"PRESIDENTE DA C\u00c2MARA ADMITE PRESS\u00c3O DO PARTIDO PARA DISPUTAR AS ELEI\u00c7\u00d5ES - Ub\u00e1 News","robots":{"index":"index","follow":"follow","max-snippet":"max-snippet:-1","max-image-preview":"max-image-preview:large","max-video-preview":"max-video-preview:-1"},"canonical":"https:\/\/ubanews.com\/site\/2018\/06\/19\/presidente-da-camara-admite-pressao-do-partido-para-disputar-as-eleicoes\/","og_locale":"pt_BR","og_type":"article","og_title":"PRESIDENTE DA C\u00c2MARA ADMITE PRESS\u00c3O DO PARTIDO PARA DISPUTAR AS ELEI\u00c7\u00d5ES - Ub\u00e1 News","og_description":"&nbsp;&nbsp;&nbsp;&nbsp;&nbsp;&nbsp;&nbsp; Momentos antes do in\u00edcio da Reuni\u00e3o Ordin\u00e1ria do Poder","og_url":"https:\/\/ubanews.com\/site\/2018\/06\/19\/presidente-da-camara-admite-pressao-do-partido-para-disputar-as-eleicoes\/","og_site_name":"Ub\u00e1 News","article_publisher":"https:\/\/www.facebook.com\/Ub%c3%a1News-Carlos-Roberto-Sodr%c3%a9-418778301977370","article_author":"https:\/\/www.facebook.com\/carosroberto.sodre.5\/","article_published_time":"2018-06-19T11:51:58+00:00","article_modified_time":"2018-06-25T12:42:58+00:00","og_image":[{"width":800,"height":444,"url":"https:\/\/ubanews.com\/site\/wp-content\/uploads\/2018\/06\/DSC_7577-c\u00f3pia.jpg","type":"image\/jpeg"}],"author":"Sodr\u00e9","twitter_card":"summary_large_image","twitter_misc":{"Escrito por":"Sodr\u00e9","Est. tempo de leitura":"1 minuto"},"schema":{"@context":"https:\/\/schema.org","@graph":[{"@type":"Article","@id":"https:\/\/ubanews.com\/site\/2018\/06\/19\/presidente-da-camara-admite-pressao-do-partido-para-disputar-as-eleicoes\/#article","isPartOf":{"@id":"https:\/\/ubanews.com\/site\/2018\/06\/19\/presidente-da-camara-admite-pressao-do-partido-para-disputar-as-eleicoes\/"},"author":{"name":"Sodr\u00e9","@id":"https:\/\/ubanews.com\/site\/#\/schema\/person\/d90c9e47252fbb63dcc969fe4c8b9d10"},"headline":"PRESIDENTE DA C\u00c2MARA ADMITE PRESS\u00c3O DO PARTIDO PARA DISPUTAR AS ELEI\u00c7\u00d5ES","datePublished":"2018-06-19T11:51:58+00:00","dateModified":"2018-06-25T12:42:58+00:00","mainEntityOfPage":{"@id":"https:\/\/ubanews.com\/site\/2018\/06\/19\/presidente-da-camara-admite-pressao-do-partido-para-disputar-as-eleicoes\/"},"wordCount":196,"commentCount":0,"publisher":{"@id":"https:\/\/ubanews.com\/site\/#organization"},"image":{"@id":"https:\/\/ubanews.com\/site\/2018\/06\/19\/presidente-da-camara-admite-pressao-do-partido-para-disputar-as-eleicoes\/#primaryimage"},"thumbnailUrl":"https:\/\/ubanews.com\/site\/wp-content\/uploads\/2018\/06\/DSC_7577-c\u00f3pia.jpg","articleSection":["Pol\u00edtica"],"inLanguage":"pt-BR","potentialAction":[{"@type":"CommentAction","name":"Comment","target":["https:\/\/ubanews.com\/site\/2018\/06\/19\/presidente-da-camara-admite-pressao-do-partido-para-disputar-as-eleicoes\/#respond"]}]},{"@type":"WebPage","@id":"https:\/\/ubanews.com\/site\/2018\/06\/19\/presidente-da-camara-admite-pressao-do-partido-para-disputar-as-eleicoes\/","url":"https:\/\/ubanews.com\/site\/2018\/06\/19\/presidente-da-camara-admite-pressao-do-partido-para-disputar-as-eleicoes\/","name":"PRESIDENTE DA C\u00c2MARA ADMITE PRESS\u00c3O DO PARTIDO PARA DISPUTAR AS ELEI\u00c7\u00d5ES - Ub\u00e1 News","isPartOf":{"@id":"https:\/\/ubanews.com\/site\/#website"},"primaryImageOfPage":{"@id":"https:\/\/ubanews.com\/site\/2018\/06\/19\/presidente-da-camara-admite-pressao-do-partido-para-disputar-as-eleicoes\/#primaryimage"},"image":{"@id":"https:\/\/ubanews.com\/site\/2018\/06\/19\/presidente-da-camara-admite-pressao-do-partido-para-disputar-as-eleicoes\/#primaryimage"},"thumbnailUrl":"https:\/\/ubanews.com\/site\/wp-content\/uploads\/2018\/06\/DSC_7577-c\u00f3pia.jpg","datePublished":"2018-06-19T11:51:58+00:00","dateModified":"2018-06-25T12:42:58+00:00","breadcrumb":{"@id":"https:\/\/ubanews.com\/site\/2018\/06\/19\/presidente-da-camara-admite-pressao-do-partido-para-disputar-as-eleicoes\/#breadcrumb"},"inLanguage":"pt-BR","potentialAction":[{"@type":"ReadAction","target":["https:\/\/ubanews.com\/site\/2018\/06\/19\/presidente-da-camara-admite-pressao-do-partido-para-disputar-as-eleicoes\/"]}]},{"@type":"ImageObject","inLanguage":"pt-BR","@id":"https:\/\/ubanews.com\/site\/2018\/06\/19\/presidente-da-camara-admite-pressao-do-partido-para-disputar-as-eleicoes\/#primaryimage","url":"https:\/\/ubanews.com\/site\/wp-content\/uploads\/2018\/06\/DSC_7577-c\u00f3pia.jpg","contentUrl":"https:\/\/ubanews.com\/site\/wp-content\/uploads\/2018\/06\/DSC_7577-c\u00f3pia.jpg","width":800,"height":444},{"@type":"BreadcrumbList","@id":"https:\/\/ubanews.com\/site\/2018\/06\/19\/presidente-da-camara-admite-pressao-do-partido-para-disputar-as-eleicoes\/#breadcrumb","itemListElement":[{"@type":"ListItem","position":1,"name":"Home","item":"https:\/\/ubanews.com\/site\/"},{"@type":"ListItem","position":2,"name":"PRESIDENTE DA C\u00c2MARA ADMITE PRESS\u00c3O DO PARTIDO PARA DISPUTAR AS ELEI\u00c7\u00d5ES"}]},{"@type":"WebSite","@id":"https:\/\/ubanews.com\/site\/#website","url":"https:\/\/ubanews.com\/site\/","name":"Ub\u00e1 News","description":"","publisher":{"@id":"https:\/\/ubanews.com\/site\/#organization"},"potentialAction":[{"@type":"SearchAction","target":{"@type":"EntryPoint","urlTemplate":"https:\/\/ubanews.com\/site\/?s={search_term_string}"},"query-input":{"@type":"PropertyValueSpecification","valueRequired":true,"valueName":"search_term_string"}}],"inLanguage":"pt-BR"},{"@type":"Organization","@id":"https:\/\/ubanews.com\/site\/#organization","name":"Ub\u00e1 News","url":"https:\/\/ubanews.com\/site\/","logo":{"@type":"ImageObject","inLanguage":"pt-BR","@id":"https:\/\/ubanews.com\/site\/#\/schema\/logo\/image\/","url":"https:\/\/ubanews.com\/site\/wp-content\/uploads\/2018\/01\/logoubanews.png","contentUrl":"https:\/\/ubanews.com\/site\/wp-content\/uploads\/2018\/01\/logoubanews.png","width":261,"height":99,"caption":"Ub\u00e1 News"},"image":{"@id":"https:\/\/ubanews.com\/site\/#\/schema\/logo\/image\/"},"sameAs":["https:\/\/www.facebook.com\/Ub\u00e1News-Carlos-Roberto-Sodr\u00e9-418778301977370"]},{"@type":"Person","@id":"https:\/\/ubanews.com\/site\/#\/schema\/person\/d90c9e47252fbb63dcc969fe4c8b9d10","name":"Sodr\u00e9","image":{"@type":"ImageObject","inLanguage":"pt-BR","@id":"https:\/\/secure.gravatar.com\/avatar\/5ba2793f0590b9dbfad3fdec4ee714485b3eef211c9b32ee53d414060454a56c?s=96&d=mm&r=g","url":"https:\/\/secure.gravatar.com\/avatar\/5ba2793f0590b9dbfad3fdec4ee714485b3eef211c9b32ee53d414060454a56c?s=96&d=mm&r=g","contentUrl":"https:\/\/secure.gravatar.com\/avatar\/5ba2793f0590b9dbfad3fdec4ee714485b3eef211c9b32ee53d414060454a56c?s=96&d=mm&r=g","caption":"Sodr\u00e9"},"sameAs":["https:\/\/www.facebook.com\/carosroberto.sodre.5\/"],"url":"https:\/\/ubanews.com\/site\/author\/felipe\/"}]}},"_links":{"self":[{"href":"https:\/\/ubanews.com\/site\/wp-json\/wp\/v2\/posts\/4743","targetHints":{"allow":["GET"]}}],"collection":[{"href":"https:\/\/ubanews.com\/site\/wp-json\/wp\/v2\/posts"}],"about":[{"href":"https:\/\/ubanews.com\/site\/wp-json\/wp\/v2\/types\/post"}],"author":[{"embeddable":true,"href":"https:\/\/ubanews.com\/site\/wp-json\/wp\/v2\/users\/2"}],"replies":[{"embeddable":true,"href":"https:\/\/ubanews.com\/site\/wp-json\/wp\/v2\/comments?post=4743"}],"version-history":[{"count":0,"href":"https:\/\/ubanews.com\/site\/wp-json\/wp\/v2\/posts\/4743\/revisions"}],"wp:featuredmedia":[{"embeddable":true,"href":"https:\/\/ubanews.com\/site\/wp-json\/wp\/v2\/media\/4744"}],"wp:attachment":[{"href":"https:\/\/ubanews.com\/site\/wp-json\/wp\/v2\/media?parent=4743"}],"wp:term":[{"taxonomy":"category","embeddable":true,"href":"https:\/\/ubanews.com\/site\/wp-json\/wp\/v2\/categories?post=4743"},{"taxonomy":"post_tag","embeddable":true,"href":"https:\/\/ubanews.com\/site\/wp-json\/wp\/v2\/tags?post=4743"}],"curies":[{"name":"wp","href":"https:\/\/api.w.org\/{rel}","templated":true}]}}