{"id":4741,"date":"2018-06-19T13:54:18","date_gmt":"2018-06-19T16:54:18","guid":{"rendered":"http:\/\/ubanews.com\/site\/?p=4741"},"modified":"2018-06-25T09:43:08","modified_gmt":"2018-06-25T12:43:08","slug":"servidores-da-educacao-publica-estadual-vestem-luto-em-manifestacao-no-centro-da-cidade","status":"publish","type":"post","link":"https:\/\/ubanews.com\/site\/2018\/06\/19\/servidores-da-educacao-publica-estadual-vestem-luto-em-manifestacao-no-centro-da-cidade\/","title":{"rendered":"Servidores da educa\u00e7\u00e3o p\u00fablica estadual vestem luto em manifesta\u00e7\u00e3o no centro da cidade"},"content":{"rendered":"<p><img decoding=\"async\" class=\"alignnone size-full wp-image-4817 lazyload\" data-src=\"https:\/\/ubanews.com\/site\/wp-content\/uploads\/2018\/06\/DSC_7506-c\u00f3pia.jpg\" alt=\"\" width=\"800\" height=\"444\" data-srcset=\"https:\/\/ubanews.com\/site\/wp-content\/uploads\/2018\/06\/DSC_7506-c\u00f3pia.jpg 800w, https:\/\/ubanews.com\/site\/wp-content\/uploads\/2018\/06\/DSC_7506-c\u00f3pia-300x167.jpg 300w, https:\/\/ubanews.com\/site\/wp-content\/uploads\/2018\/06\/DSC_7506-c\u00f3pia-768x426.jpg 768w, https:\/\/ubanews.com\/site\/wp-content\/uploads\/2018\/06\/DSC_7506-c\u00f3pia-360x200.jpg 360w\" data-sizes=\"(max-width: 800px) 100vw, 800px\" src=\"data:image\/svg+xml;base64,PHN2ZyB3aWR0aD0iMSIgaGVpZ2h0PSIxIiB4bWxucz0iaHR0cDovL3d3dy53My5vcmcvMjAwMC9zdmciPjwvc3ZnPg==\" style=\"--smush-placeholder-width: 800px; --smush-placeholder-aspect-ratio: 800\/444;\" \/> <img decoding=\"async\" class=\"alignnone size-full wp-image-4818 lazyload\" data-src=\"https:\/\/ubanews.com\/site\/wp-content\/uploads\/2018\/06\/DSC_7513-c\u00f3pia.jpg\" alt=\"\" width=\"800\" height=\"444\" data-srcset=\"https:\/\/ubanews.com\/site\/wp-content\/uploads\/2018\/06\/DSC_7513-c\u00f3pia.jpg 800w, https:\/\/ubanews.com\/site\/wp-content\/uploads\/2018\/06\/DSC_7513-c\u00f3pia-300x167.jpg 300w, https:\/\/ubanews.com\/site\/wp-content\/uploads\/2018\/06\/DSC_7513-c\u00f3pia-768x426.jpg 768w, https:\/\/ubanews.com\/site\/wp-content\/uploads\/2018\/06\/DSC_7513-c\u00f3pia-360x200.jpg 360w\" data-sizes=\"(max-width: 800px) 100vw, 800px\" src=\"data:image\/svg+xml;base64,PHN2ZyB3aWR0aD0iMSIgaGVpZ2h0PSIxIiB4bWxucz0iaHR0cDovL3d3dy53My5vcmcvMjAwMC9zdmciPjwvc3ZnPg==\" style=\"--smush-placeholder-width: 800px; --smush-placeholder-aspect-ratio: 800\/444;\" \/> <img decoding=\"async\" class=\"alignnone size-full wp-image-4819 lazyload\" data-src=\"https:\/\/ubanews.com\/site\/wp-content\/uploads\/2018\/06\/DSC_7528-c\u00f3pia.jpg\" alt=\"\" width=\"800\" height=\"444\" data-srcset=\"https:\/\/ubanews.com\/site\/wp-content\/uploads\/2018\/06\/DSC_7528-c\u00f3pia.jpg 800w, https:\/\/ubanews.com\/site\/wp-content\/uploads\/2018\/06\/DSC_7528-c\u00f3pia-300x167.jpg 300w, https:\/\/ubanews.com\/site\/wp-content\/uploads\/2018\/06\/DSC_7528-c\u00f3pia-768x426.jpg 768w, https:\/\/ubanews.com\/site\/wp-content\/uploads\/2018\/06\/DSC_7528-c\u00f3pia-360x200.jpg 360w\" data-sizes=\"(max-width: 800px) 100vw, 800px\" src=\"data:image\/svg+xml;base64,PHN2ZyB3aWR0aD0iMSIgaGVpZ2h0PSIxIiB4bWxucz0iaHR0cDovL3d3dy53My5vcmcvMjAwMC9zdmciPjwvc3ZnPg==\" style=\"--smush-placeholder-width: 800px; --smush-placeholder-aspect-ratio: 800\/444;\" \/> <img decoding=\"async\" class=\"alignnone size-full wp-image-4820 lazyload\" data-src=\"https:\/\/ubanews.com\/site\/wp-content\/uploads\/2018\/06\/DSC_7532-c\u00f3pia.jpg\" alt=\"\" width=\"800\" height=\"444\" data-srcset=\"https:\/\/ubanews.com\/site\/wp-content\/uploads\/2018\/06\/DSC_7532-c\u00f3pia.jpg 800w, https:\/\/ubanews.com\/site\/wp-content\/uploads\/2018\/06\/DSC_7532-c\u00f3pia-300x167.jpg 300w, https:\/\/ubanews.com\/site\/wp-content\/uploads\/2018\/06\/DSC_7532-c\u00f3pia-768x426.jpg 768w, https:\/\/ubanews.com\/site\/wp-content\/uploads\/2018\/06\/DSC_7532-c\u00f3pia-360x200.jpg 360w\" data-sizes=\"(max-width: 800px) 100vw, 800px\" src=\"data:image\/svg+xml;base64,PHN2ZyB3aWR0aD0iMSIgaGVpZ2h0PSIxIiB4bWxucz0iaHR0cDovL3d3dy53My5vcmcvMjAwMC9zdmciPjwvc3ZnPg==\" style=\"--smush-placeholder-width: 800px; --smush-placeholder-aspect-ratio: 800\/444;\" \/> <img decoding=\"async\" class=\"alignnone size-full wp-image-4822 lazyload\" data-src=\"https:\/\/ubanews.com\/site\/wp-content\/uploads\/2018\/06\/DSC_7542-c\u00f3pia.jpg\" alt=\"\" width=\"800\" height=\"444\" data-srcset=\"https:\/\/ubanews.com\/site\/wp-content\/uploads\/2018\/06\/DSC_7542-c\u00f3pia.jpg 800w, https:\/\/ubanews.com\/site\/wp-content\/uploads\/2018\/06\/DSC_7542-c\u00f3pia-300x167.jpg 300w, https:\/\/ubanews.com\/site\/wp-content\/uploads\/2018\/06\/DSC_7542-c\u00f3pia-768x426.jpg 768w, https:\/\/ubanews.com\/site\/wp-content\/uploads\/2018\/06\/DSC_7542-c\u00f3pia-360x200.jpg 360w\" data-sizes=\"(max-width: 800px) 100vw, 800px\" src=\"data:image\/svg+xml;base64,PHN2ZyB3aWR0aD0iMSIgaGVpZ2h0PSIxIiB4bWxucz0iaHR0cDovL3d3dy53My5vcmcvMjAwMC9zdmciPjwvc3ZnPg==\" style=\"--smush-placeholder-width: 800px; --smush-placeholder-aspect-ratio: 800\/444;\" \/> <img decoding=\"async\" class=\"alignnone size-full wp-image-4823 lazyload\" data-src=\"https:\/\/ubanews.com\/site\/wp-content\/uploads\/2018\/06\/DSC_7556-c\u00f3pia.jpg\" alt=\"\" width=\"800\" height=\"444\" data-srcset=\"https:\/\/ubanews.com\/site\/wp-content\/uploads\/2018\/06\/DSC_7556-c\u00f3pia.jpg 800w, https:\/\/ubanews.com\/site\/wp-content\/uploads\/2018\/06\/DSC_7556-c\u00f3pia-300x167.jpg 300w, https:\/\/ubanews.com\/site\/wp-content\/uploads\/2018\/06\/DSC_7556-c\u00f3pia-768x426.jpg 768w, https:\/\/ubanews.com\/site\/wp-content\/uploads\/2018\/06\/DSC_7556-c\u00f3pia-360x200.jpg 360w\" data-sizes=\"(max-width: 800px) 100vw, 800px\" src=\"data:image\/svg+xml;base64,PHN2ZyB3aWR0aD0iMSIgaGVpZ2h0PSIxIiB4bWxucz0iaHR0cDovL3d3dy53My5vcmcvMjAwMC9zdmciPjwvc3ZnPg==\" style=\"--smush-placeholder-width: 800px; --smush-placeholder-aspect-ratio: 800\/444;\" \/><\/p>\n<p><strong>&nbsp;&nbsp;&nbsp;&nbsp;&nbsp;&nbsp;&nbsp; <\/strong>Os Servidores P\u00fablicos da Rede Estadual de Ensino reuniram \u00e0s 17h desta segunda-feira (18), na pra\u00e7a S\u00e3o Janu\u00e1rio, em frente ao Pa\u00e7o Municipal para uma manifesta\u00e7\u00e3o contra o parcelamento dos sal\u00e1rios imposto pelo Governo do Estado. A maioria dos servidores foi nitidamente de professores, contudo, as outras \u00e1reas tamb\u00e9m estiveram representadas.<\/p>\n<p>&nbsp;&nbsp;&nbsp;&nbsp;&nbsp;&nbsp;&nbsp;&nbsp;&nbsp;&nbsp;&nbsp; Depois de um momento de concentra\u00e7\u00e3o na pra\u00e7a, os servidores vestindo negro, uma alus\u00e3o \u00e0 atual situa\u00e7\u00e3o do Estado, principalmente no que concerne ao parcelamento dos sal\u00e1rios, sa\u00edram em passeata pelas ruas da cidade, gritando palavras de ordem.<\/p>\n<p>&nbsp;&nbsp;&nbsp;&nbsp;&nbsp;&nbsp;&nbsp;&nbsp;&nbsp;&nbsp;&nbsp; Desde a \u00faltima sexta-feira (15) que a principal institui\u00e7\u00e3o, refer\u00eancia da Trig\u00e9sima Oitava Superintend\u00eancia Regional de Ensino de Ub\u00e1, Escola Estadual Raul Soares est\u00e1 com as suas atividades suspensas, pois \u00e0 equipe de apoio (ATBs) est\u00e1 toda de bra\u00e7os cruzados, por falta de pagamento! Pelo visto, o senhor Governador Fernando Pimentel precisa colocar em vigor sua proposta de campanha. Que \u00e9 ouvir para governar melhor!!! Acompanhe a entrevista do professor Fl\u00e1vio Augusto Pereira!<\/p>\n","protected":false},"excerpt":{"rendered":"<p>&nbsp;&nbsp;&nbsp;&nbsp;&nbsp;&nbsp;&nbsp; Os Servidores P\u00fablicos da Rede Estadual de Ensino reuniram<\/p>\n","protected":false},"author":2,"featured_media":4821,"comment_status":"open","ping_status":"open","sticky":false,"template":"","format":"standard","meta":{"footnotes":""},"categories":[1],"tags":[],"class_list":["post-4741","post","type-post","status-publish","format-standard","has-post-thumbnail","hentry","category-sem-categoria"],"yoast_head":"<!-- This site is optimized with the Yoast SEO plugin v27.2 - https:\/\/yoast.com\/product\/yoast-seo-wordpress\/ -->\n<title>Servidores da educa\u00e7\u00e3o p\u00fablica estadual vestem luto em manifesta\u00e7\u00e3o no centro da cidade - Ub\u00e1 News<\/title>\n<meta name=\"robots\" content=\"index, follow, max-snippet:-1, max-image-preview:large, max-video-preview:-1\" \/>\n<link rel=\"canonical\" href=\"https:\/\/ubanews.com\/site\/2018\/06\/19\/servidores-da-educacao-publica-estadual-vestem-luto-em-manifestacao-no-centro-da-cidade\/\" \/>\n<meta property=\"og:locale\" content=\"pt_BR\" \/>\n<meta property=\"og:type\" content=\"article\" \/>\n<meta property=\"og:title\" content=\"Servidores da educa\u00e7\u00e3o p\u00fablica estadual vestem luto em manifesta\u00e7\u00e3o no centro da cidade - Ub\u00e1 News\" \/>\n<meta property=\"og:description\" content=\"&nbsp;&nbsp;&nbsp;&nbsp;&nbsp;&nbsp;&nbsp; Os Servidores P\u00fablicos da Rede Estadual de Ensino reuniram\" \/>\n<meta property=\"og:url\" content=\"https:\/\/ubanews.com\/site\/2018\/06\/19\/servidores-da-educacao-publica-estadual-vestem-luto-em-manifestacao-no-centro-da-cidade\/\" \/>\n<meta property=\"og:site_name\" content=\"Ub\u00e1 News\" \/>\n<meta property=\"article:publisher\" content=\"https:\/\/www.facebook.com\/Ub%c3%a1News-Carlos-Roberto-Sodr%c3%a9-418778301977370\" \/>\n<meta property=\"article:author\" content=\"https:\/\/www.facebook.com\/carosroberto.sodre.5\/\" \/>\n<meta property=\"article:published_time\" content=\"2018-06-19T16:54:18+00:00\" \/>\n<meta property=\"article:modified_time\" content=\"2018-06-25T12:43:08+00:00\" \/>\n<meta property=\"og:image\" content=\"https:\/\/ubanews.com\/site\/wp-content\/uploads\/2018\/06\/DSC_7536-c\u00f3pia.jpg\" \/>\n\t<meta property=\"og:image:width\" content=\"800\" \/>\n\t<meta property=\"og:image:height\" content=\"444\" \/>\n\t<meta property=\"og:image:type\" content=\"image\/jpeg\" \/>\n<meta name=\"author\" content=\"Sodr\u00e9\" \/>\n<meta name=\"twitter:card\" content=\"summary_large_image\" \/>\n<meta name=\"twitter:label1\" content=\"Escrito por\" \/>\n\t<meta name=\"twitter:data1\" content=\"Sodr\u00e9\" \/>\n\t<meta name=\"twitter:label2\" content=\"Est. tempo de leitura\" \/>\n\t<meta name=\"twitter:data2\" content=\"1 minuto\" \/>\n<script type=\"application\/ld+json\" class=\"yoast-schema-graph\">{\"@context\":\"https:\/\/schema.org\",\"@graph\":[{\"@type\":\"Article\",\"@id\":\"https:\/\/ubanews.com\/site\/2018\/06\/19\/servidores-da-educacao-publica-estadual-vestem-luto-em-manifestacao-no-centro-da-cidade\/#article\",\"isPartOf\":{\"@id\":\"https:\/\/ubanews.com\/site\/2018\/06\/19\/servidores-da-educacao-publica-estadual-vestem-luto-em-manifestacao-no-centro-da-cidade\/\"},\"author\":{\"name\":\"Sodr\u00e9\",\"@id\":\"https:\/\/ubanews.com\/site\/#\/schema\/person\/d90c9e47252fbb63dcc969fe4c8b9d10\"},\"headline\":\"Servidores da educa\u00e7\u00e3o p\u00fablica estadual vestem luto em manifesta\u00e7\u00e3o no centro da cidade\",\"datePublished\":\"2018-06-19T16:54:18+00:00\",\"dateModified\":\"2018-06-25T12:43:08+00:00\",\"mainEntityOfPage\":{\"@id\":\"https:\/\/ubanews.com\/site\/2018\/06\/19\/servidores-da-educacao-publica-estadual-vestem-luto-em-manifestacao-no-centro-da-cidade\/\"},\"wordCount\":222,\"commentCount\":0,\"publisher\":{\"@id\":\"https:\/\/ubanews.com\/site\/#organization\"},\"image\":{\"@id\":\"https:\/\/ubanews.com\/site\/2018\/06\/19\/servidores-da-educacao-publica-estadual-vestem-luto-em-manifestacao-no-centro-da-cidade\/#primaryimage\"},\"thumbnailUrl\":\"https:\/\/ubanews.com\/site\/wp-content\/uploads\/2018\/06\/DSC_7536-c\u00f3pia.jpg\",\"articleSection\":[\"Geral\"],\"inLanguage\":\"pt-BR\",\"potentialAction\":[{\"@type\":\"CommentAction\",\"name\":\"Comment\",\"target\":[\"https:\/\/ubanews.com\/site\/2018\/06\/19\/servidores-da-educacao-publica-estadual-vestem-luto-em-manifestacao-no-centro-da-cidade\/#respond\"]}]},{\"@type\":\"WebPage\",\"@id\":\"https:\/\/ubanews.com\/site\/2018\/06\/19\/servidores-da-educacao-publica-estadual-vestem-luto-em-manifestacao-no-centro-da-cidade\/\",\"url\":\"https:\/\/ubanews.com\/site\/2018\/06\/19\/servidores-da-educacao-publica-estadual-vestem-luto-em-manifestacao-no-centro-da-cidade\/\",\"name\":\"Servidores da educa\u00e7\u00e3o p\u00fablica estadual vestem luto em manifesta\u00e7\u00e3o no centro da cidade - Ub\u00e1 News\",\"isPartOf\":{\"@id\":\"https:\/\/ubanews.com\/site\/#website\"},\"primaryImageOfPage\":{\"@id\":\"https:\/\/ubanews.com\/site\/2018\/06\/19\/servidores-da-educacao-publica-estadual-vestem-luto-em-manifestacao-no-centro-da-cidade\/#primaryimage\"},\"image\":{\"@id\":\"https:\/\/ubanews.com\/site\/2018\/06\/19\/servidores-da-educacao-publica-estadual-vestem-luto-em-manifestacao-no-centro-da-cidade\/#primaryimage\"},\"thumbnailUrl\":\"https:\/\/ubanews.com\/site\/wp-content\/uploads\/2018\/06\/DSC_7536-c\u00f3pia.jpg\",\"datePublished\":\"2018-06-19T16:54:18+00:00\",\"dateModified\":\"2018-06-25T12:43:08+00:00\",\"breadcrumb\":{\"@id\":\"https:\/\/ubanews.com\/site\/2018\/06\/19\/servidores-da-educacao-publica-estadual-vestem-luto-em-manifestacao-no-centro-da-cidade\/#breadcrumb\"},\"inLanguage\":\"pt-BR\",\"potentialAction\":[{\"@type\":\"ReadAction\",\"target\":[\"https:\/\/ubanews.com\/site\/2018\/06\/19\/servidores-da-educacao-publica-estadual-vestem-luto-em-manifestacao-no-centro-da-cidade\/\"]}]},{\"@type\":\"ImageObject\",\"inLanguage\":\"pt-BR\",\"@id\":\"https:\/\/ubanews.com\/site\/2018\/06\/19\/servidores-da-educacao-publica-estadual-vestem-luto-em-manifestacao-no-centro-da-cidade\/#primaryimage\",\"url\":\"https:\/\/ubanews.com\/site\/wp-content\/uploads\/2018\/06\/DSC_7536-c\u00f3pia.jpg\",\"contentUrl\":\"https:\/\/ubanews.com\/site\/wp-content\/uploads\/2018\/06\/DSC_7536-c\u00f3pia.jpg\",\"width\":800,\"height\":444},{\"@type\":\"BreadcrumbList\",\"@id\":\"https:\/\/ubanews.com\/site\/2018\/06\/19\/servidores-da-educacao-publica-estadual-vestem-luto-em-manifestacao-no-centro-da-cidade\/#breadcrumb\",\"itemListElement\":[{\"@type\":\"ListItem\",\"position\":1,\"name\":\"Home\",\"item\":\"https:\/\/ubanews.com\/site\/\"},{\"@type\":\"ListItem\",\"position\":2,\"name\":\"Servidores da educa\u00e7\u00e3o p\u00fablica estadual vestem luto em manifesta\u00e7\u00e3o no centro da cidade\"}]},{\"@type\":\"WebSite\",\"@id\":\"https:\/\/ubanews.com\/site\/#website\",\"url\":\"https:\/\/ubanews.com\/site\/\",\"name\":\"Ub\u00e1 News\",\"description\":\"\",\"publisher\":{\"@id\":\"https:\/\/ubanews.com\/site\/#organization\"},\"potentialAction\":[{\"@type\":\"SearchAction\",\"target\":{\"@type\":\"EntryPoint\",\"urlTemplate\":\"https:\/\/ubanews.com\/site\/?s={search_term_string}\"},\"query-input\":{\"@type\":\"PropertyValueSpecification\",\"valueRequired\":true,\"valueName\":\"search_term_string\"}}],\"inLanguage\":\"pt-BR\"},{\"@type\":\"Organization\",\"@id\":\"https:\/\/ubanews.com\/site\/#organization\",\"name\":\"Ub\u00e1 News\",\"url\":\"https:\/\/ubanews.com\/site\/\",\"logo\":{\"@type\":\"ImageObject\",\"inLanguage\":\"pt-BR\",\"@id\":\"https:\/\/ubanews.com\/site\/#\/schema\/logo\/image\/\",\"url\":\"https:\/\/ubanews.com\/site\/wp-content\/uploads\/2018\/01\/logoubanews.png\",\"contentUrl\":\"https:\/\/ubanews.com\/site\/wp-content\/uploads\/2018\/01\/logoubanews.png\",\"width\":261,\"height\":99,\"caption\":\"Ub\u00e1 News\"},\"image\":{\"@id\":\"https:\/\/ubanews.com\/site\/#\/schema\/logo\/image\/\"},\"sameAs\":[\"https:\/\/www.facebook.com\/Ub\u00e1News-Carlos-Roberto-Sodr\u00e9-418778301977370\"]},{\"@type\":\"Person\",\"@id\":\"https:\/\/ubanews.com\/site\/#\/schema\/person\/d90c9e47252fbb63dcc969fe4c8b9d10\",\"name\":\"Sodr\u00e9\",\"image\":{\"@type\":\"ImageObject\",\"inLanguage\":\"pt-BR\",\"@id\":\"https:\/\/secure.gravatar.com\/avatar\/5ba2793f0590b9dbfad3fdec4ee714485b3eef211c9b32ee53d414060454a56c?s=96&d=mm&r=g\",\"url\":\"https:\/\/secure.gravatar.com\/avatar\/5ba2793f0590b9dbfad3fdec4ee714485b3eef211c9b32ee53d414060454a56c?s=96&d=mm&r=g\",\"contentUrl\":\"https:\/\/secure.gravatar.com\/avatar\/5ba2793f0590b9dbfad3fdec4ee714485b3eef211c9b32ee53d414060454a56c?s=96&d=mm&r=g\",\"caption\":\"Sodr\u00e9\"},\"sameAs\":[\"https:\/\/www.facebook.com\/carosroberto.sodre.5\/\"],\"url\":\"https:\/\/ubanews.com\/site\/author\/felipe\/\"}]}<\/script>\n<!-- \/ Yoast SEO plugin. -->","yoast_head_json":{"title":"Servidores da educa\u00e7\u00e3o p\u00fablica estadual vestem luto em manifesta\u00e7\u00e3o no centro da cidade - Ub\u00e1 News","robots":{"index":"index","follow":"follow","max-snippet":"max-snippet:-1","max-image-preview":"max-image-preview:large","max-video-preview":"max-video-preview:-1"},"canonical":"https:\/\/ubanews.com\/site\/2018\/06\/19\/servidores-da-educacao-publica-estadual-vestem-luto-em-manifestacao-no-centro-da-cidade\/","og_locale":"pt_BR","og_type":"article","og_title":"Servidores da educa\u00e7\u00e3o p\u00fablica estadual vestem luto em manifesta\u00e7\u00e3o no centro da cidade - Ub\u00e1 News","og_description":"&nbsp;&nbsp;&nbsp;&nbsp;&nbsp;&nbsp;&nbsp; Os Servidores P\u00fablicos da Rede Estadual de Ensino reuniram","og_url":"https:\/\/ubanews.com\/site\/2018\/06\/19\/servidores-da-educacao-publica-estadual-vestem-luto-em-manifestacao-no-centro-da-cidade\/","og_site_name":"Ub\u00e1 News","article_publisher":"https:\/\/www.facebook.com\/Ub%c3%a1News-Carlos-Roberto-Sodr%c3%a9-418778301977370","article_author":"https:\/\/www.facebook.com\/carosroberto.sodre.5\/","article_published_time":"2018-06-19T16:54:18+00:00","article_modified_time":"2018-06-25T12:43:08+00:00","og_image":[{"width":800,"height":444,"url":"https:\/\/ubanews.com\/site\/wp-content\/uploads\/2018\/06\/DSC_7536-c\u00f3pia.jpg","type":"image\/jpeg"}],"author":"Sodr\u00e9","twitter_card":"summary_large_image","twitter_misc":{"Escrito por":"Sodr\u00e9","Est. tempo de leitura":"1 minuto"},"schema":{"@context":"https:\/\/schema.org","@graph":[{"@type":"Article","@id":"https:\/\/ubanews.com\/site\/2018\/06\/19\/servidores-da-educacao-publica-estadual-vestem-luto-em-manifestacao-no-centro-da-cidade\/#article","isPartOf":{"@id":"https:\/\/ubanews.com\/site\/2018\/06\/19\/servidores-da-educacao-publica-estadual-vestem-luto-em-manifestacao-no-centro-da-cidade\/"},"author":{"name":"Sodr\u00e9","@id":"https:\/\/ubanews.com\/site\/#\/schema\/person\/d90c9e47252fbb63dcc969fe4c8b9d10"},"headline":"Servidores da educa\u00e7\u00e3o p\u00fablica estadual vestem luto em manifesta\u00e7\u00e3o no centro da cidade","datePublished":"2018-06-19T16:54:18+00:00","dateModified":"2018-06-25T12:43:08+00:00","mainEntityOfPage":{"@id":"https:\/\/ubanews.com\/site\/2018\/06\/19\/servidores-da-educacao-publica-estadual-vestem-luto-em-manifestacao-no-centro-da-cidade\/"},"wordCount":222,"commentCount":0,"publisher":{"@id":"https:\/\/ubanews.com\/site\/#organization"},"image":{"@id":"https:\/\/ubanews.com\/site\/2018\/06\/19\/servidores-da-educacao-publica-estadual-vestem-luto-em-manifestacao-no-centro-da-cidade\/#primaryimage"},"thumbnailUrl":"https:\/\/ubanews.com\/site\/wp-content\/uploads\/2018\/06\/DSC_7536-c\u00f3pia.jpg","articleSection":["Geral"],"inLanguage":"pt-BR","potentialAction":[{"@type":"CommentAction","name":"Comment","target":["https:\/\/ubanews.com\/site\/2018\/06\/19\/servidores-da-educacao-publica-estadual-vestem-luto-em-manifestacao-no-centro-da-cidade\/#respond"]}]},{"@type":"WebPage","@id":"https:\/\/ubanews.com\/site\/2018\/06\/19\/servidores-da-educacao-publica-estadual-vestem-luto-em-manifestacao-no-centro-da-cidade\/","url":"https:\/\/ubanews.com\/site\/2018\/06\/19\/servidores-da-educacao-publica-estadual-vestem-luto-em-manifestacao-no-centro-da-cidade\/","name":"Servidores da educa\u00e7\u00e3o p\u00fablica estadual vestem luto em manifesta\u00e7\u00e3o no centro da cidade - Ub\u00e1 News","isPartOf":{"@id":"https:\/\/ubanews.com\/site\/#website"},"primaryImageOfPage":{"@id":"https:\/\/ubanews.com\/site\/2018\/06\/19\/servidores-da-educacao-publica-estadual-vestem-luto-em-manifestacao-no-centro-da-cidade\/#primaryimage"},"image":{"@id":"https:\/\/ubanews.com\/site\/2018\/06\/19\/servidores-da-educacao-publica-estadual-vestem-luto-em-manifestacao-no-centro-da-cidade\/#primaryimage"},"thumbnailUrl":"https:\/\/ubanews.com\/site\/wp-content\/uploads\/2018\/06\/DSC_7536-c\u00f3pia.jpg","datePublished":"2018-06-19T16:54:18+00:00","dateModified":"2018-06-25T12:43:08+00:00","breadcrumb":{"@id":"https:\/\/ubanews.com\/site\/2018\/06\/19\/servidores-da-educacao-publica-estadual-vestem-luto-em-manifestacao-no-centro-da-cidade\/#breadcrumb"},"inLanguage":"pt-BR","potentialAction":[{"@type":"ReadAction","target":["https:\/\/ubanews.com\/site\/2018\/06\/19\/servidores-da-educacao-publica-estadual-vestem-luto-em-manifestacao-no-centro-da-cidade\/"]}]},{"@type":"ImageObject","inLanguage":"pt-BR","@id":"https:\/\/ubanews.com\/site\/2018\/06\/19\/servidores-da-educacao-publica-estadual-vestem-luto-em-manifestacao-no-centro-da-cidade\/#primaryimage","url":"https:\/\/ubanews.com\/site\/wp-content\/uploads\/2018\/06\/DSC_7536-c\u00f3pia.jpg","contentUrl":"https:\/\/ubanews.com\/site\/wp-content\/uploads\/2018\/06\/DSC_7536-c\u00f3pia.jpg","width":800,"height":444},{"@type":"BreadcrumbList","@id":"https:\/\/ubanews.com\/site\/2018\/06\/19\/servidores-da-educacao-publica-estadual-vestem-luto-em-manifestacao-no-centro-da-cidade\/#breadcrumb","itemListElement":[{"@type":"ListItem","position":1,"name":"Home","item":"https:\/\/ubanews.com\/site\/"},{"@type":"ListItem","position":2,"name":"Servidores da educa\u00e7\u00e3o p\u00fablica estadual vestem luto em manifesta\u00e7\u00e3o no centro da cidade"}]},{"@type":"WebSite","@id":"https:\/\/ubanews.com\/site\/#website","url":"https:\/\/ubanews.com\/site\/","name":"Ub\u00e1 News","description":"","publisher":{"@id":"https:\/\/ubanews.com\/site\/#organization"},"potentialAction":[{"@type":"SearchAction","target":{"@type":"EntryPoint","urlTemplate":"https:\/\/ubanews.com\/site\/?s={search_term_string}"},"query-input":{"@type":"PropertyValueSpecification","valueRequired":true,"valueName":"search_term_string"}}],"inLanguage":"pt-BR"},{"@type":"Organization","@id":"https:\/\/ubanews.com\/site\/#organization","name":"Ub\u00e1 News","url":"https:\/\/ubanews.com\/site\/","logo":{"@type":"ImageObject","inLanguage":"pt-BR","@id":"https:\/\/ubanews.com\/site\/#\/schema\/logo\/image\/","url":"https:\/\/ubanews.com\/site\/wp-content\/uploads\/2018\/01\/logoubanews.png","contentUrl":"https:\/\/ubanews.com\/site\/wp-content\/uploads\/2018\/01\/logoubanews.png","width":261,"height":99,"caption":"Ub\u00e1 News"},"image":{"@id":"https:\/\/ubanews.com\/site\/#\/schema\/logo\/image\/"},"sameAs":["https:\/\/www.facebook.com\/Ub\u00e1News-Carlos-Roberto-Sodr\u00e9-418778301977370"]},{"@type":"Person","@id":"https:\/\/ubanews.com\/site\/#\/schema\/person\/d90c9e47252fbb63dcc969fe4c8b9d10","name":"Sodr\u00e9","image":{"@type":"ImageObject","inLanguage":"pt-BR","@id":"https:\/\/secure.gravatar.com\/avatar\/5ba2793f0590b9dbfad3fdec4ee714485b3eef211c9b32ee53d414060454a56c?s=96&d=mm&r=g","url":"https:\/\/secure.gravatar.com\/avatar\/5ba2793f0590b9dbfad3fdec4ee714485b3eef211c9b32ee53d414060454a56c?s=96&d=mm&r=g","contentUrl":"https:\/\/secure.gravatar.com\/avatar\/5ba2793f0590b9dbfad3fdec4ee714485b3eef211c9b32ee53d414060454a56c?s=96&d=mm&r=g","caption":"Sodr\u00e9"},"sameAs":["https:\/\/www.facebook.com\/carosroberto.sodre.5\/"],"url":"https:\/\/ubanews.com\/site\/author\/felipe\/"}]}},"_links":{"self":[{"href":"https:\/\/ubanews.com\/site\/wp-json\/wp\/v2\/posts\/4741","targetHints":{"allow":["GET"]}}],"collection":[{"href":"https:\/\/ubanews.com\/site\/wp-json\/wp\/v2\/posts"}],"about":[{"href":"https:\/\/ubanews.com\/site\/wp-json\/wp\/v2\/types\/post"}],"author":[{"embeddable":true,"href":"https:\/\/ubanews.com\/site\/wp-json\/wp\/v2\/users\/2"}],"replies":[{"embeddable":true,"href":"https:\/\/ubanews.com\/site\/wp-json\/wp\/v2\/comments?post=4741"}],"version-history":[{"count":0,"href":"https:\/\/ubanews.com\/site\/wp-json\/wp\/v2\/posts\/4741\/revisions"}],"wp:featuredmedia":[{"embeddable":true,"href":"https:\/\/ubanews.com\/site\/wp-json\/wp\/v2\/media\/4821"}],"wp:attachment":[{"href":"https:\/\/ubanews.com\/site\/wp-json\/wp\/v2\/media?parent=4741"}],"wp:term":[{"taxonomy":"category","embeddable":true,"href":"https:\/\/ubanews.com\/site\/wp-json\/wp\/v2\/categories?post=4741"},{"taxonomy":"post_tag","embeddable":true,"href":"https:\/\/ubanews.com\/site\/wp-json\/wp\/v2\/tags?post=4741"}],"curies":[{"name":"wp","href":"https:\/\/api.w.org\/{rel}","templated":true}]}}