{"id":4696,"date":"2018-06-16T18:31:17","date_gmt":"2018-06-16T21:31:17","guid":{"rendered":"http:\/\/ubanews.com\/site\/?p=4696"},"modified":"2018-06-25T09:42:41","modified_gmt":"2018-06-25T12:42:41","slug":"pre-candidato-a-presidencia-da-republica-visita-uba-e-promete-se-for-eleito-mudar-a-cara-do-pais","status":"publish","type":"post","link":"https:\/\/ubanews.com\/site\/2018\/06\/16\/pre-candidato-a-presidencia-da-republica-visita-uba-e-promete-se-for-eleito-mudar-a-cara-do-pais\/","title":{"rendered":"PR\u00c9-CANDIDATO A PRESID\u00caNCIA DA REP\u00daBLICA VISITA UB\u00c1 E PROMETE SE FOR ELEITO MUDAR A CARA DO PA\u00cdS"},"content":{"rendered":"<p><img decoding=\"async\" class=\"alignnone size-full wp-image-4699 lazyload\" data-src=\"https:\/\/ubanews.com\/site\/wp-content\/uploads\/2018\/06\/DSC_7091-c\u00f3pia.jpg\" alt=\"\" width=\"800\" height=\"444\" data-srcset=\"https:\/\/ubanews.com\/site\/wp-content\/uploads\/2018\/06\/DSC_7091-c\u00f3pia.jpg 800w, https:\/\/ubanews.com\/site\/wp-content\/uploads\/2018\/06\/DSC_7091-c\u00f3pia-300x167.jpg 300w, https:\/\/ubanews.com\/site\/wp-content\/uploads\/2018\/06\/DSC_7091-c\u00f3pia-768x426.jpg 768w, https:\/\/ubanews.com\/site\/wp-content\/uploads\/2018\/06\/DSC_7091-c\u00f3pia-360x200.jpg 360w\" data-sizes=\"(max-width: 800px) 100vw, 800px\" src=\"data:image\/svg+xml;base64,PHN2ZyB3aWR0aD0iMSIgaGVpZ2h0PSIxIiB4bWxucz0iaHR0cDovL3d3dy53My5vcmcvMjAwMC9zdmciPjwvc3ZnPg==\" style=\"--smush-placeholder-width: 800px; --smush-placeholder-aspect-ratio: 800\/444;\" \/>&nbsp;&nbsp;<img decoding=\"async\" class=\"alignnone size-full wp-image-4700 lazyload\" data-src=\"https:\/\/ubanews.com\/site\/wp-content\/uploads\/2018\/06\/DSC_7099-c\u00f3pia.jpg\" alt=\"\" width=\"800\" height=\"444\" data-srcset=\"https:\/\/ubanews.com\/site\/wp-content\/uploads\/2018\/06\/DSC_7099-c\u00f3pia.jpg 800w, https:\/\/ubanews.com\/site\/wp-content\/uploads\/2018\/06\/DSC_7099-c\u00f3pia-300x167.jpg 300w, https:\/\/ubanews.com\/site\/wp-content\/uploads\/2018\/06\/DSC_7099-c\u00f3pia-768x426.jpg 768w, https:\/\/ubanews.com\/site\/wp-content\/uploads\/2018\/06\/DSC_7099-c\u00f3pia-360x200.jpg 360w\" data-sizes=\"(max-width: 800px) 100vw, 800px\" src=\"data:image\/svg+xml;base64,PHN2ZyB3aWR0aD0iMSIgaGVpZ2h0PSIxIiB4bWxucz0iaHR0cDovL3d3dy53My5vcmcvMjAwMC9zdmciPjwvc3ZnPg==\" style=\"--smush-placeholder-width: 800px; --smush-placeholder-aspect-ratio: 800\/444;\" \/><img decoding=\"async\" class=\"alignnone size-full wp-image-4705 lazyload\" data-src=\"https:\/\/ubanews.com\/site\/wp-content\/uploads\/2018\/06\/DSC_7154-c\u00f3pia.jpg\" alt=\"\" width=\"800\" height=\"444\" data-srcset=\"https:\/\/ubanews.com\/site\/wp-content\/uploads\/2018\/06\/DSC_7154-c\u00f3pia.jpg 800w, https:\/\/ubanews.com\/site\/wp-content\/uploads\/2018\/06\/DSC_7154-c\u00f3pia-300x167.jpg 300w, https:\/\/ubanews.com\/site\/wp-content\/uploads\/2018\/06\/DSC_7154-c\u00f3pia-768x426.jpg 768w, https:\/\/ubanews.com\/site\/wp-content\/uploads\/2018\/06\/DSC_7154-c\u00f3pia-360x200.jpg 360w\" data-sizes=\"(max-width: 800px) 100vw, 800px\" src=\"data:image\/svg+xml;base64,PHN2ZyB3aWR0aD0iMSIgaGVpZ2h0PSIxIiB4bWxucz0iaHR0cDovL3d3dy53My5vcmcvMjAwMC9zdmciPjwvc3ZnPg==\" style=\"--smush-placeholder-width: 800px; --smush-placeholder-aspect-ratio: 800\/444;\" \/><img decoding=\"async\" class=\"alignnone size-full wp-image-4706 lazyload\" data-src=\"https:\/\/ubanews.com\/site\/wp-content\/uploads\/2018\/06\/DSC_7161-c\u00f3pia.jpg\" alt=\"\" width=\"800\" height=\"444\" data-srcset=\"https:\/\/ubanews.com\/site\/wp-content\/uploads\/2018\/06\/DSC_7161-c\u00f3pia.jpg 800w, https:\/\/ubanews.com\/site\/wp-content\/uploads\/2018\/06\/DSC_7161-c\u00f3pia-300x167.jpg 300w, https:\/\/ubanews.com\/site\/wp-content\/uploads\/2018\/06\/DSC_7161-c\u00f3pia-768x426.jpg 768w, https:\/\/ubanews.com\/site\/wp-content\/uploads\/2018\/06\/DSC_7161-c\u00f3pia-360x200.jpg 360w\" data-sizes=\"(max-width: 800px) 100vw, 800px\" src=\"data:image\/svg+xml;base64,PHN2ZyB3aWR0aD0iMSIgaGVpZ2h0PSIxIiB4bWxucz0iaHR0cDovL3d3dy53My5vcmcvMjAwMC9zdmciPjwvc3ZnPg==\" style=\"--smush-placeholder-width: 800px; --smush-placeholder-aspect-ratio: 800\/444;\" \/><img decoding=\"async\" class=\"alignnone size-full wp-image-4704 lazyload\" data-src=\"https:\/\/ubanews.com\/site\/wp-content\/uploads\/2018\/06\/DSC_7135-c\u00f3pia.jpg\" alt=\"\" width=\"800\" height=\"444\" data-srcset=\"https:\/\/ubanews.com\/site\/wp-content\/uploads\/2018\/06\/DSC_7135-c\u00f3pia.jpg 800w, https:\/\/ubanews.com\/site\/wp-content\/uploads\/2018\/06\/DSC_7135-c\u00f3pia-300x167.jpg 300w, https:\/\/ubanews.com\/site\/wp-content\/uploads\/2018\/06\/DSC_7135-c\u00f3pia-768x426.jpg 768w, https:\/\/ubanews.com\/site\/wp-content\/uploads\/2018\/06\/DSC_7135-c\u00f3pia-360x200.jpg 360w\" data-sizes=\"(max-width: 800px) 100vw, 800px\" src=\"data:image\/svg+xml;base64,PHN2ZyB3aWR0aD0iMSIgaGVpZ2h0PSIxIiB4bWxucz0iaHR0cDovL3d3dy53My5vcmcvMjAwMC9zdmciPjwvc3ZnPg==\" style=\"--smush-placeholder-width: 800px; --smush-placeholder-aspect-ratio: 800\/444;\" \/><img decoding=\"async\" class=\"alignnone size-full wp-image-4702 lazyload\" data-src=\"https:\/\/ubanews.com\/site\/wp-content\/uploads\/2018\/06\/DSC_7112-c\u00f3pia.jpg\" alt=\"\" width=\"800\" height=\"444\" data-srcset=\"https:\/\/ubanews.com\/site\/wp-content\/uploads\/2018\/06\/DSC_7112-c\u00f3pia.jpg 800w, https:\/\/ubanews.com\/site\/wp-content\/uploads\/2018\/06\/DSC_7112-c\u00f3pia-300x167.jpg 300w, https:\/\/ubanews.com\/site\/wp-content\/uploads\/2018\/06\/DSC_7112-c\u00f3pia-768x426.jpg 768w, https:\/\/ubanews.com\/site\/wp-content\/uploads\/2018\/06\/DSC_7112-c\u00f3pia-360x200.jpg 360w\" data-sizes=\"(max-width: 800px) 100vw, 800px\" src=\"data:image\/svg+xml;base64,PHN2ZyB3aWR0aD0iMSIgaGVpZ2h0PSIxIiB4bWxucz0iaHR0cDovL3d3dy53My5vcmcvMjAwMC9zdmciPjwvc3ZnPg==\" style=\"--smush-placeholder-width: 800px; --smush-placeholder-aspect-ratio: 800\/444;\" \/><img decoding=\"async\" class=\"alignnone size-full wp-image-4708 lazyload\" data-src=\"https:\/\/ubanews.com\/site\/wp-content\/uploads\/2018\/06\/DSC_7187-c\u00f3pia.jpg\" alt=\"\" width=\"800\" height=\"444\" data-srcset=\"https:\/\/ubanews.com\/site\/wp-content\/uploads\/2018\/06\/DSC_7187-c\u00f3pia.jpg 800w, https:\/\/ubanews.com\/site\/wp-content\/uploads\/2018\/06\/DSC_7187-c\u00f3pia-300x167.jpg 300w, https:\/\/ubanews.com\/site\/wp-content\/uploads\/2018\/06\/DSC_7187-c\u00f3pia-768x426.jpg 768w, https:\/\/ubanews.com\/site\/wp-content\/uploads\/2018\/06\/DSC_7187-c\u00f3pia-360x200.jpg 360w\" data-sizes=\"(max-width: 800px) 100vw, 800px\" src=\"data:image\/svg+xml;base64,PHN2ZyB3aWR0aD0iMSIgaGVpZ2h0PSIxIiB4bWxucz0iaHR0cDovL3d3dy53My5vcmcvMjAwMC9zdmciPjwvc3ZnPg==\" style=\"--smush-placeholder-width: 800px; --smush-placeholder-aspect-ratio: 800\/444;\" \/> <img decoding=\"async\" class=\"alignnone size-full wp-image-4709 lazyload\" data-src=\"https:\/\/ubanews.com\/site\/wp-content\/uploads\/2018\/06\/DSC_7189-c\u00f3pia.jpg\" alt=\"\" width=\"800\" height=\"444\" data-srcset=\"https:\/\/ubanews.com\/site\/wp-content\/uploads\/2018\/06\/DSC_7189-c\u00f3pia.jpg 800w, https:\/\/ubanews.com\/site\/wp-content\/uploads\/2018\/06\/DSC_7189-c\u00f3pia-300x167.jpg 300w, https:\/\/ubanews.com\/site\/wp-content\/uploads\/2018\/06\/DSC_7189-c\u00f3pia-768x426.jpg 768w, https:\/\/ubanews.com\/site\/wp-content\/uploads\/2018\/06\/DSC_7189-c\u00f3pia-360x200.jpg 360w\" data-sizes=\"(max-width: 800px) 100vw, 800px\" src=\"data:image\/svg+xml;base64,PHN2ZyB3aWR0aD0iMSIgaGVpZ2h0PSIxIiB4bWxucz0iaHR0cDovL3d3dy53My5vcmcvMjAwMC9zdmciPjwvc3ZnPg==\" style=\"--smush-placeholder-width: 800px; --smush-placeholder-aspect-ratio: 800\/444;\" \/><img decoding=\"async\" class=\"alignnone size-full wp-image-4707 lazyload\" data-src=\"https:\/\/ubanews.com\/site\/wp-content\/uploads\/2018\/06\/DSC_7185-c\u00f3pia.jpg\" alt=\"\" width=\"800\" height=\"444\" data-srcset=\"https:\/\/ubanews.com\/site\/wp-content\/uploads\/2018\/06\/DSC_7185-c\u00f3pia.jpg 800w, https:\/\/ubanews.com\/site\/wp-content\/uploads\/2018\/06\/DSC_7185-c\u00f3pia-300x167.jpg 300w, https:\/\/ubanews.com\/site\/wp-content\/uploads\/2018\/06\/DSC_7185-c\u00f3pia-768x426.jpg 768w, https:\/\/ubanews.com\/site\/wp-content\/uploads\/2018\/06\/DSC_7185-c\u00f3pia-360x200.jpg 360w\" data-sizes=\"(max-width: 800px) 100vw, 800px\" src=\"data:image\/svg+xml;base64,PHN2ZyB3aWR0aD0iMSIgaGVpZ2h0PSIxIiB4bWxucz0iaHR0cDovL3d3dy53My5vcmcvMjAwMC9zdmciPjwvc3ZnPg==\" style=\"--smush-placeholder-width: 800px; --smush-placeholder-aspect-ratio: 800\/444;\" \/> &nbsp;&nbsp;&nbsp;&nbsp;<img decoding=\"async\" class=\"alignnone size-full wp-image-4701 lazyload\" data-src=\"https:\/\/ubanews.com\/site\/wp-content\/uploads\/2018\/06\/DSC_7106-c\u00f3pia.jpg\" alt=\"\" width=\"800\" height=\"444\" data-srcset=\"https:\/\/ubanews.com\/site\/wp-content\/uploads\/2018\/06\/DSC_7106-c\u00f3pia.jpg 800w, https:\/\/ubanews.com\/site\/wp-content\/uploads\/2018\/06\/DSC_7106-c\u00f3pia-300x167.jpg 300w, https:\/\/ubanews.com\/site\/wp-content\/uploads\/2018\/06\/DSC_7106-c\u00f3pia-768x426.jpg 768w, https:\/\/ubanews.com\/site\/wp-content\/uploads\/2018\/06\/DSC_7106-c\u00f3pia-360x200.jpg 360w\" data-sizes=\"(max-width: 800px) 100vw, 800px\" src=\"data:image\/svg+xml;base64,PHN2ZyB3aWR0aD0iMSIgaGVpZ2h0PSIxIiB4bWxucz0iaHR0cDovL3d3dy53My5vcmcvMjAwMC9zdmciPjwvc3ZnPg==\" style=\"--smush-placeholder-width: 800px; --smush-placeholder-aspect-ratio: 800\/444;\" \/> &nbsp;&nbsp;<img decoding=\"async\" class=\"alignnone size-full wp-image-4710 lazyload\" data-src=\"https:\/\/ubanews.com\/site\/wp-content\/uploads\/2018\/06\/DSC_7195-c\u00f3pia.jpg\" alt=\"\" width=\"800\" height=\"444\" data-srcset=\"https:\/\/ubanews.com\/site\/wp-content\/uploads\/2018\/06\/DSC_7195-c\u00f3pia.jpg 800w, https:\/\/ubanews.com\/site\/wp-content\/uploads\/2018\/06\/DSC_7195-c\u00f3pia-300x167.jpg 300w, https:\/\/ubanews.com\/site\/wp-content\/uploads\/2018\/06\/DSC_7195-c\u00f3pia-768x426.jpg 768w, https:\/\/ubanews.com\/site\/wp-content\/uploads\/2018\/06\/DSC_7195-c\u00f3pia-360x200.jpg 360w\" data-sizes=\"(max-width: 800px) 100vw, 800px\" src=\"data:image\/svg+xml;base64,PHN2ZyB3aWR0aD0iMSIgaGVpZ2h0PSIxIiB4bWxucz0iaHR0cDovL3d3dy53My5vcmcvMjAwMC9zdmciPjwvc3ZnPg==\" style=\"--smush-placeholder-width: 800px; --smush-placeholder-aspect-ratio: 800\/444;\" \/>&nbsp;<img decoding=\"async\" class=\"alignnone size-full wp-image-4697 lazyload\" data-src=\"https:\/\/ubanews.com\/site\/wp-content\/uploads\/2018\/06\/DSC_7206-c\u00f3pia.jpg\" alt=\"\" width=\"800\" height=\"444\" data-srcset=\"https:\/\/ubanews.com\/site\/wp-content\/uploads\/2018\/06\/DSC_7206-c\u00f3pia.jpg 800w, https:\/\/ubanews.com\/site\/wp-content\/uploads\/2018\/06\/DSC_7206-c\u00f3pia-300x167.jpg 300w, https:\/\/ubanews.com\/site\/wp-content\/uploads\/2018\/06\/DSC_7206-c\u00f3pia-768x426.jpg 768w, https:\/\/ubanews.com\/site\/wp-content\/uploads\/2018\/06\/DSC_7206-c\u00f3pia-360x200.jpg 360w\" data-sizes=\"(max-width: 800px) 100vw, 800px\" src=\"data:image\/svg+xml;base64,PHN2ZyB3aWR0aD0iMSIgaGVpZ2h0PSIxIiB4bWxucz0iaHR0cDovL3d3dy53My5vcmcvMjAwMC9zdmciPjwvc3ZnPg==\" style=\"--smush-placeholder-width: 800px; --smush-placeholder-aspect-ratio: 800\/444;\" \/><img decoding=\"async\" class=\"alignnone size-full wp-image-4698 lazyload\" data-src=\"https:\/\/ubanews.com\/site\/wp-content\/uploads\/2018\/06\/DSC_7218-c\u00f3pia.jpg\" alt=\"\" width=\"800\" height=\"444\" data-srcset=\"https:\/\/ubanews.com\/site\/wp-content\/uploads\/2018\/06\/DSC_7218-c\u00f3pia.jpg 800w, https:\/\/ubanews.com\/site\/wp-content\/uploads\/2018\/06\/DSC_7218-c\u00f3pia-300x167.jpg 300w, https:\/\/ubanews.com\/site\/wp-content\/uploads\/2018\/06\/DSC_7218-c\u00f3pia-768x426.jpg 768w, https:\/\/ubanews.com\/site\/wp-content\/uploads\/2018\/06\/DSC_7218-c\u00f3pia-360x200.jpg 360w\" data-sizes=\"(max-width: 800px) 100vw, 800px\" src=\"data:image\/svg+xml;base64,PHN2ZyB3aWR0aD0iMSIgaGVpZ2h0PSIxIiB4bWxucz0iaHR0cDovL3d3dy53My5vcmcvMjAwMC9zdmciPjwvc3ZnPg==\" style=\"--smush-placeholder-width: 800px; --smush-placeholder-aspect-ratio: 800\/444;\" \/><\/p>\n<p>Simpatizantes, correligion\u00e1rios, filiados, amigos e principalmente o anfitri\u00e3o, Deputado Estadual Dirceu dos Santos Ribeiro (Podemos) receberam o Pr\u00e9-Candidato \u00e0 Presid\u00eancia da Rep\u00fablica Senador \u00c1lvaro Dias (Podemos), neste s\u00e1bado (16), \u00e0s 15h, no Plen\u00e1rio da C\u00e2mara Municipal de Ub\u00e1.<\/p>\n<p>O Plen\u00e1rio com capacidade para 200 pessoas ficou lotado. A visita do Senador da Rep\u00fablica estava programada para acontecer no m\u00eas de maio, por\u00e9m ela n\u00e3o se realizou por causa da paraliza\u00e7\u00e3o dos caminhoneiros, onde ve\u00edculos e at\u00e9 os avi\u00f5es tiveram seus abastecimentos prejudicados. \u201cPara ser eleito Presidente da Rep\u00fablica \u00e9 preciso vencer em Minas\u201d. Essas foram as primeiras palavras de \u00c1lvaro Dias em solo ubaense!<\/p>\n<p>O primeiro a falar aos presentes foi o prefeito de Betim Vit\u00f3rio Medioli, enaltecendo a vinda do Senador da Rep\u00fablica e \u201cfuturo Presidente da Rep\u00fablica\u201d ao Deputado Estadual Dirceu Ribeiro. O segundo a usar \u00e0 tribuna foi o Deputado Dirceu. Depois de saudar aos presentes e as autoridades, falou porque se filiou ao Podemos. \u201cEstou muito feliz por receber hoje em Ub\u00e1 o melhor prefeito do Brasil (Vit\u00f3rio Medioli), quanto ao senhor Senador, o senhor \u00e9 um patriota e sua responsabilidade \u00e9 enorme com a popula\u00e7\u00e3o de Ub\u00e1 e da Zona da Mata\u201d. &nbsp;<\/p>\n<p>\u00c1lvaro Dias por 20 minutos. \u201cDiga com quem andas que te direi quem tu \u00e9s\u201d. Assim iniciou \u00e0 sua fala aos presentes, fazendo, assim, uma refer\u00eancia \u00e0 companhia de Dirceu Ribeiro. \u00c1lvaro Dias respondeu porque \u00e9 candidato \u00e0 presid\u00eancia da Rep\u00fablica: \u201csempre fui oposi\u00e7\u00e3o aos governos, desde Fernando Henrique Cardoso, se sou contra tenho que apresenta minha sugest\u00e3o, por isso estou aqui pedindo o seu apoio\u201d. Depois de falar por vinte minutos \u00c1lvaro Dias se despediu e disse ter um compromisso em Po\u00e7os de Caldas.<\/p>\n<div style=\"position: relative; height: 0; padding-bottom: 56.25%;\"><iframe style=\"position: absolute; width: 100%; height: 100%; left: 0;\" data-src=\"https:\/\/www.youtube.com\/embed\/1SAc0s8RlO0?ecver=2\" width=\"640\" height=\"360\" frameborder=\"0\" allowfullscreen=\"allowfullscreen\" src=\"data:image\/svg+xml;base64,PHN2ZyB3aWR0aD0iMSIgaGVpZ2h0PSIxIiB4bWxucz0iaHR0cDovL3d3dy53My5vcmcvMjAwMC9zdmciPjwvc3ZnPg==\" class=\"lazyload\" data-load-mode=\"1\"><\/iframe><\/div>\n","protected":false},"excerpt":{"rendered":"<p>&nbsp;&nbsp; &nbsp;&nbsp;&nbsp;&nbsp; &nbsp;&nbsp;&nbsp; Simpatizantes, correligion\u00e1rios, filiados, amigos e principalmente o<\/p>\n","protected":false},"author":2,"featured_media":4711,"comment_status":"open","ping_status":"open","sticky":false,"template":"","format":"standard","meta":{"footnotes":""},"categories":[19],"tags":[],"class_list":["post-4696","post","type-post","status-publish","format-standard","has-post-thumbnail","hentry","category-politica"],"yoast_head":"<!-- This site is optimized with the Yoast SEO plugin v27.2 - https:\/\/yoast.com\/product\/yoast-seo-wordpress\/ -->\n<title>PR\u00c9-CANDIDATO A PRESID\u00caNCIA DA REP\u00daBLICA VISITA UB\u00c1 E PROMETE SE FOR ELEITO MUDAR A CARA DO PA\u00cdS - Ub\u00e1 News<\/title>\n<meta name=\"robots\" content=\"index, follow, max-snippet:-1, max-image-preview:large, max-video-preview:-1\" \/>\n<link rel=\"canonical\" href=\"https:\/\/ubanews.com\/site\/2018\/06\/16\/pre-candidato-a-presidencia-da-republica-visita-uba-e-promete-se-for-eleito-mudar-a-cara-do-pais\/\" \/>\n<meta property=\"og:locale\" content=\"pt_BR\" \/>\n<meta property=\"og:type\" content=\"article\" \/>\n<meta property=\"og:title\" content=\"PR\u00c9-CANDIDATO A PRESID\u00caNCIA DA REP\u00daBLICA VISITA UB\u00c1 E PROMETE SE FOR ELEITO MUDAR A CARA DO PA\u00cdS - Ub\u00e1 News\" \/>\n<meta property=\"og:description\" content=\"&nbsp;&nbsp; &nbsp;&nbsp;&nbsp;&nbsp; &nbsp;&nbsp;&nbsp; Simpatizantes, correligion\u00e1rios, filiados, amigos e principalmente o\" \/>\n<meta property=\"og:url\" content=\"https:\/\/ubanews.com\/site\/2018\/06\/16\/pre-candidato-a-presidencia-da-republica-visita-uba-e-promete-se-for-eleito-mudar-a-cara-do-pais\/\" \/>\n<meta property=\"og:site_name\" content=\"Ub\u00e1 News\" \/>\n<meta property=\"article:publisher\" content=\"https:\/\/www.facebook.com\/Ub%c3%a1News-Carlos-Roberto-Sodr%c3%a9-418778301977370\" \/>\n<meta property=\"article:author\" content=\"https:\/\/www.facebook.com\/carosroberto.sodre.5\/\" \/>\n<meta property=\"article:published_time\" content=\"2018-06-16T21:31:17+00:00\" \/>\n<meta property=\"article:modified_time\" content=\"2018-06-25T12:42:41+00:00\" \/>\n<meta property=\"og:image\" content=\"https:\/\/ubanews.com\/site\/wp-content\/uploads\/2018\/06\/\u00c1lvaro-Dias.jpg\" \/>\n\t<meta property=\"og:image:width\" content=\"800\" \/>\n\t<meta property=\"og:image:height\" content=\"444\" \/>\n\t<meta property=\"og:image:type\" content=\"image\/jpeg\" \/>\n<meta name=\"author\" content=\"Sodr\u00e9\" \/>\n<meta name=\"twitter:card\" content=\"summary_large_image\" \/>\n<meta name=\"twitter:label1\" content=\"Escrito por\" \/>\n\t<meta name=\"twitter:data1\" content=\"Sodr\u00e9\" \/>\n\t<meta name=\"twitter:label2\" content=\"Est. tempo de leitura\" \/>\n\t<meta name=\"twitter:data2\" content=\"2 minutos\" \/>\n<script type=\"application\/ld+json\" class=\"yoast-schema-graph\">{\"@context\":\"https:\/\/schema.org\",\"@graph\":[{\"@type\":\"Article\",\"@id\":\"https:\/\/ubanews.com\/site\/2018\/06\/16\/pre-candidato-a-presidencia-da-republica-visita-uba-e-promete-se-for-eleito-mudar-a-cara-do-pais\/#article\",\"isPartOf\":{\"@id\":\"https:\/\/ubanews.com\/site\/2018\/06\/16\/pre-candidato-a-presidencia-da-republica-visita-uba-e-promete-se-for-eleito-mudar-a-cara-do-pais\/\"},\"author\":{\"name\":\"Sodr\u00e9\",\"@id\":\"https:\/\/ubanews.com\/site\/#\/schema\/person\/d90c9e47252fbb63dcc969fe4c8b9d10\"},\"headline\":\"PR\u00c9-CANDIDATO A PRESID\u00caNCIA DA REP\u00daBLICA VISITA UB\u00c1 E PROMETE SE FOR ELEITO MUDAR A CARA DO PA\u00cdS\",\"datePublished\":\"2018-06-16T21:31:17+00:00\",\"dateModified\":\"2018-06-25T12:42:41+00:00\",\"mainEntityOfPage\":{\"@id\":\"https:\/\/ubanews.com\/site\/2018\/06\/16\/pre-candidato-a-presidencia-da-republica-visita-uba-e-promete-se-for-eleito-mudar-a-cara-do-pais\/\"},\"wordCount\":329,\"commentCount\":1,\"publisher\":{\"@id\":\"https:\/\/ubanews.com\/site\/#organization\"},\"image\":{\"@id\":\"https:\/\/ubanews.com\/site\/2018\/06\/16\/pre-candidato-a-presidencia-da-republica-visita-uba-e-promete-se-for-eleito-mudar-a-cara-do-pais\/#primaryimage\"},\"thumbnailUrl\":\"https:\/\/ubanews.com\/site\/wp-content\/uploads\/2018\/06\/\u00c1lvaro-Dias.jpg\",\"articleSection\":[\"Pol\u00edtica\"],\"inLanguage\":\"pt-BR\",\"potentialAction\":[{\"@type\":\"CommentAction\",\"name\":\"Comment\",\"target\":[\"https:\/\/ubanews.com\/site\/2018\/06\/16\/pre-candidato-a-presidencia-da-republica-visita-uba-e-promete-se-for-eleito-mudar-a-cara-do-pais\/#respond\"]}]},{\"@type\":\"WebPage\",\"@id\":\"https:\/\/ubanews.com\/site\/2018\/06\/16\/pre-candidato-a-presidencia-da-republica-visita-uba-e-promete-se-for-eleito-mudar-a-cara-do-pais\/\",\"url\":\"https:\/\/ubanews.com\/site\/2018\/06\/16\/pre-candidato-a-presidencia-da-republica-visita-uba-e-promete-se-for-eleito-mudar-a-cara-do-pais\/\",\"name\":\"PR\u00c9-CANDIDATO A PRESID\u00caNCIA DA REP\u00daBLICA VISITA UB\u00c1 E PROMETE SE FOR ELEITO MUDAR A CARA DO PA\u00cdS - Ub\u00e1 News\",\"isPartOf\":{\"@id\":\"https:\/\/ubanews.com\/site\/#website\"},\"primaryImageOfPage\":{\"@id\":\"https:\/\/ubanews.com\/site\/2018\/06\/16\/pre-candidato-a-presidencia-da-republica-visita-uba-e-promete-se-for-eleito-mudar-a-cara-do-pais\/#primaryimage\"},\"image\":{\"@id\":\"https:\/\/ubanews.com\/site\/2018\/06\/16\/pre-candidato-a-presidencia-da-republica-visita-uba-e-promete-se-for-eleito-mudar-a-cara-do-pais\/#primaryimage\"},\"thumbnailUrl\":\"https:\/\/ubanews.com\/site\/wp-content\/uploads\/2018\/06\/\u00c1lvaro-Dias.jpg\",\"datePublished\":\"2018-06-16T21:31:17+00:00\",\"dateModified\":\"2018-06-25T12:42:41+00:00\",\"breadcrumb\":{\"@id\":\"https:\/\/ubanews.com\/site\/2018\/06\/16\/pre-candidato-a-presidencia-da-republica-visita-uba-e-promete-se-for-eleito-mudar-a-cara-do-pais\/#breadcrumb\"},\"inLanguage\":\"pt-BR\",\"potentialAction\":[{\"@type\":\"ReadAction\",\"target\":[\"https:\/\/ubanews.com\/site\/2018\/06\/16\/pre-candidato-a-presidencia-da-republica-visita-uba-e-promete-se-for-eleito-mudar-a-cara-do-pais\/\"]}]},{\"@type\":\"ImageObject\",\"inLanguage\":\"pt-BR\",\"@id\":\"https:\/\/ubanews.com\/site\/2018\/06\/16\/pre-candidato-a-presidencia-da-republica-visita-uba-e-promete-se-for-eleito-mudar-a-cara-do-pais\/#primaryimage\",\"url\":\"https:\/\/ubanews.com\/site\/wp-content\/uploads\/2018\/06\/\u00c1lvaro-Dias.jpg\",\"contentUrl\":\"https:\/\/ubanews.com\/site\/wp-content\/uploads\/2018\/06\/\u00c1lvaro-Dias.jpg\",\"width\":800,\"height\":444},{\"@type\":\"BreadcrumbList\",\"@id\":\"https:\/\/ubanews.com\/site\/2018\/06\/16\/pre-candidato-a-presidencia-da-republica-visita-uba-e-promete-se-for-eleito-mudar-a-cara-do-pais\/#breadcrumb\",\"itemListElement\":[{\"@type\":\"ListItem\",\"position\":1,\"name\":\"Home\",\"item\":\"https:\/\/ubanews.com\/site\/\"},{\"@type\":\"ListItem\",\"position\":2,\"name\":\"PR\u00c9-CANDIDATO A PRESID\u00caNCIA DA REP\u00daBLICA VISITA UB\u00c1 E PROMETE SE FOR ELEITO MUDAR A CARA DO PA\u00cdS\"}]},{\"@type\":\"WebSite\",\"@id\":\"https:\/\/ubanews.com\/site\/#website\",\"url\":\"https:\/\/ubanews.com\/site\/\",\"name\":\"Ub\u00e1 News\",\"description\":\"\",\"publisher\":{\"@id\":\"https:\/\/ubanews.com\/site\/#organization\"},\"potentialAction\":[{\"@type\":\"SearchAction\",\"target\":{\"@type\":\"EntryPoint\",\"urlTemplate\":\"https:\/\/ubanews.com\/site\/?s={search_term_string}\"},\"query-input\":{\"@type\":\"PropertyValueSpecification\",\"valueRequired\":true,\"valueName\":\"search_term_string\"}}],\"inLanguage\":\"pt-BR\"},{\"@type\":\"Organization\",\"@id\":\"https:\/\/ubanews.com\/site\/#organization\",\"name\":\"Ub\u00e1 News\",\"url\":\"https:\/\/ubanews.com\/site\/\",\"logo\":{\"@type\":\"ImageObject\",\"inLanguage\":\"pt-BR\",\"@id\":\"https:\/\/ubanews.com\/site\/#\/schema\/logo\/image\/\",\"url\":\"https:\/\/ubanews.com\/site\/wp-content\/uploads\/2018\/01\/logoubanews.png\",\"contentUrl\":\"https:\/\/ubanews.com\/site\/wp-content\/uploads\/2018\/01\/logoubanews.png\",\"width\":261,\"height\":99,\"caption\":\"Ub\u00e1 News\"},\"image\":{\"@id\":\"https:\/\/ubanews.com\/site\/#\/schema\/logo\/image\/\"},\"sameAs\":[\"https:\/\/www.facebook.com\/Ub\u00e1News-Carlos-Roberto-Sodr\u00e9-418778301977370\"]},{\"@type\":\"Person\",\"@id\":\"https:\/\/ubanews.com\/site\/#\/schema\/person\/d90c9e47252fbb63dcc969fe4c8b9d10\",\"name\":\"Sodr\u00e9\",\"image\":{\"@type\":\"ImageObject\",\"inLanguage\":\"pt-BR\",\"@id\":\"https:\/\/secure.gravatar.com\/avatar\/5ba2793f0590b9dbfad3fdec4ee714485b3eef211c9b32ee53d414060454a56c?s=96&d=mm&r=g\",\"url\":\"https:\/\/secure.gravatar.com\/avatar\/5ba2793f0590b9dbfad3fdec4ee714485b3eef211c9b32ee53d414060454a56c?s=96&d=mm&r=g\",\"contentUrl\":\"https:\/\/secure.gravatar.com\/avatar\/5ba2793f0590b9dbfad3fdec4ee714485b3eef211c9b32ee53d414060454a56c?s=96&d=mm&r=g\",\"caption\":\"Sodr\u00e9\"},\"sameAs\":[\"https:\/\/www.facebook.com\/carosroberto.sodre.5\/\"],\"url\":\"https:\/\/ubanews.com\/site\/author\/felipe\/\"}]}<\/script>\n<!-- \/ Yoast SEO plugin. -->","yoast_head_json":{"title":"PR\u00c9-CANDIDATO A PRESID\u00caNCIA DA REP\u00daBLICA VISITA UB\u00c1 E PROMETE SE FOR ELEITO MUDAR A CARA DO PA\u00cdS - Ub\u00e1 News","robots":{"index":"index","follow":"follow","max-snippet":"max-snippet:-1","max-image-preview":"max-image-preview:large","max-video-preview":"max-video-preview:-1"},"canonical":"https:\/\/ubanews.com\/site\/2018\/06\/16\/pre-candidato-a-presidencia-da-republica-visita-uba-e-promete-se-for-eleito-mudar-a-cara-do-pais\/","og_locale":"pt_BR","og_type":"article","og_title":"PR\u00c9-CANDIDATO A PRESID\u00caNCIA DA REP\u00daBLICA VISITA UB\u00c1 E PROMETE SE FOR ELEITO MUDAR A CARA DO PA\u00cdS - Ub\u00e1 News","og_description":"&nbsp;&nbsp; &nbsp;&nbsp;&nbsp;&nbsp; &nbsp;&nbsp;&nbsp; Simpatizantes, correligion\u00e1rios, filiados, amigos e principalmente o","og_url":"https:\/\/ubanews.com\/site\/2018\/06\/16\/pre-candidato-a-presidencia-da-republica-visita-uba-e-promete-se-for-eleito-mudar-a-cara-do-pais\/","og_site_name":"Ub\u00e1 News","article_publisher":"https:\/\/www.facebook.com\/Ub%c3%a1News-Carlos-Roberto-Sodr%c3%a9-418778301977370","article_author":"https:\/\/www.facebook.com\/carosroberto.sodre.5\/","article_published_time":"2018-06-16T21:31:17+00:00","article_modified_time":"2018-06-25T12:42:41+00:00","og_image":[{"width":800,"height":444,"url":"https:\/\/ubanews.com\/site\/wp-content\/uploads\/2018\/06\/\u00c1lvaro-Dias.jpg","type":"image\/jpeg"}],"author":"Sodr\u00e9","twitter_card":"summary_large_image","twitter_misc":{"Escrito por":"Sodr\u00e9","Est. tempo de leitura":"2 minutos"},"schema":{"@context":"https:\/\/schema.org","@graph":[{"@type":"Article","@id":"https:\/\/ubanews.com\/site\/2018\/06\/16\/pre-candidato-a-presidencia-da-republica-visita-uba-e-promete-se-for-eleito-mudar-a-cara-do-pais\/#article","isPartOf":{"@id":"https:\/\/ubanews.com\/site\/2018\/06\/16\/pre-candidato-a-presidencia-da-republica-visita-uba-e-promete-se-for-eleito-mudar-a-cara-do-pais\/"},"author":{"name":"Sodr\u00e9","@id":"https:\/\/ubanews.com\/site\/#\/schema\/person\/d90c9e47252fbb63dcc969fe4c8b9d10"},"headline":"PR\u00c9-CANDIDATO A PRESID\u00caNCIA DA REP\u00daBLICA VISITA UB\u00c1 E PROMETE SE FOR ELEITO MUDAR A CARA DO PA\u00cdS","datePublished":"2018-06-16T21:31:17+00:00","dateModified":"2018-06-25T12:42:41+00:00","mainEntityOfPage":{"@id":"https:\/\/ubanews.com\/site\/2018\/06\/16\/pre-candidato-a-presidencia-da-republica-visita-uba-e-promete-se-for-eleito-mudar-a-cara-do-pais\/"},"wordCount":329,"commentCount":1,"publisher":{"@id":"https:\/\/ubanews.com\/site\/#organization"},"image":{"@id":"https:\/\/ubanews.com\/site\/2018\/06\/16\/pre-candidato-a-presidencia-da-republica-visita-uba-e-promete-se-for-eleito-mudar-a-cara-do-pais\/#primaryimage"},"thumbnailUrl":"https:\/\/ubanews.com\/site\/wp-content\/uploads\/2018\/06\/\u00c1lvaro-Dias.jpg","articleSection":["Pol\u00edtica"],"inLanguage":"pt-BR","potentialAction":[{"@type":"CommentAction","name":"Comment","target":["https:\/\/ubanews.com\/site\/2018\/06\/16\/pre-candidato-a-presidencia-da-republica-visita-uba-e-promete-se-for-eleito-mudar-a-cara-do-pais\/#respond"]}]},{"@type":"WebPage","@id":"https:\/\/ubanews.com\/site\/2018\/06\/16\/pre-candidato-a-presidencia-da-republica-visita-uba-e-promete-se-for-eleito-mudar-a-cara-do-pais\/","url":"https:\/\/ubanews.com\/site\/2018\/06\/16\/pre-candidato-a-presidencia-da-republica-visita-uba-e-promete-se-for-eleito-mudar-a-cara-do-pais\/","name":"PR\u00c9-CANDIDATO A PRESID\u00caNCIA DA REP\u00daBLICA VISITA UB\u00c1 E PROMETE SE FOR ELEITO MUDAR A CARA DO PA\u00cdS - Ub\u00e1 News","isPartOf":{"@id":"https:\/\/ubanews.com\/site\/#website"},"primaryImageOfPage":{"@id":"https:\/\/ubanews.com\/site\/2018\/06\/16\/pre-candidato-a-presidencia-da-republica-visita-uba-e-promete-se-for-eleito-mudar-a-cara-do-pais\/#primaryimage"},"image":{"@id":"https:\/\/ubanews.com\/site\/2018\/06\/16\/pre-candidato-a-presidencia-da-republica-visita-uba-e-promete-se-for-eleito-mudar-a-cara-do-pais\/#primaryimage"},"thumbnailUrl":"https:\/\/ubanews.com\/site\/wp-content\/uploads\/2018\/06\/\u00c1lvaro-Dias.jpg","datePublished":"2018-06-16T21:31:17+00:00","dateModified":"2018-06-25T12:42:41+00:00","breadcrumb":{"@id":"https:\/\/ubanews.com\/site\/2018\/06\/16\/pre-candidato-a-presidencia-da-republica-visita-uba-e-promete-se-for-eleito-mudar-a-cara-do-pais\/#breadcrumb"},"inLanguage":"pt-BR","potentialAction":[{"@type":"ReadAction","target":["https:\/\/ubanews.com\/site\/2018\/06\/16\/pre-candidato-a-presidencia-da-republica-visita-uba-e-promete-se-for-eleito-mudar-a-cara-do-pais\/"]}]},{"@type":"ImageObject","inLanguage":"pt-BR","@id":"https:\/\/ubanews.com\/site\/2018\/06\/16\/pre-candidato-a-presidencia-da-republica-visita-uba-e-promete-se-for-eleito-mudar-a-cara-do-pais\/#primaryimage","url":"https:\/\/ubanews.com\/site\/wp-content\/uploads\/2018\/06\/\u00c1lvaro-Dias.jpg","contentUrl":"https:\/\/ubanews.com\/site\/wp-content\/uploads\/2018\/06\/\u00c1lvaro-Dias.jpg","width":800,"height":444},{"@type":"BreadcrumbList","@id":"https:\/\/ubanews.com\/site\/2018\/06\/16\/pre-candidato-a-presidencia-da-republica-visita-uba-e-promete-se-for-eleito-mudar-a-cara-do-pais\/#breadcrumb","itemListElement":[{"@type":"ListItem","position":1,"name":"Home","item":"https:\/\/ubanews.com\/site\/"},{"@type":"ListItem","position":2,"name":"PR\u00c9-CANDIDATO A PRESID\u00caNCIA DA REP\u00daBLICA VISITA UB\u00c1 E PROMETE SE FOR ELEITO MUDAR A CARA DO PA\u00cdS"}]},{"@type":"WebSite","@id":"https:\/\/ubanews.com\/site\/#website","url":"https:\/\/ubanews.com\/site\/","name":"Ub\u00e1 News","description":"","publisher":{"@id":"https:\/\/ubanews.com\/site\/#organization"},"potentialAction":[{"@type":"SearchAction","target":{"@type":"EntryPoint","urlTemplate":"https:\/\/ubanews.com\/site\/?s={search_term_string}"},"query-input":{"@type":"PropertyValueSpecification","valueRequired":true,"valueName":"search_term_string"}}],"inLanguage":"pt-BR"},{"@type":"Organization","@id":"https:\/\/ubanews.com\/site\/#organization","name":"Ub\u00e1 News","url":"https:\/\/ubanews.com\/site\/","logo":{"@type":"ImageObject","inLanguage":"pt-BR","@id":"https:\/\/ubanews.com\/site\/#\/schema\/logo\/image\/","url":"https:\/\/ubanews.com\/site\/wp-content\/uploads\/2018\/01\/logoubanews.png","contentUrl":"https:\/\/ubanews.com\/site\/wp-content\/uploads\/2018\/01\/logoubanews.png","width":261,"height":99,"caption":"Ub\u00e1 News"},"image":{"@id":"https:\/\/ubanews.com\/site\/#\/schema\/logo\/image\/"},"sameAs":["https:\/\/www.facebook.com\/Ub\u00e1News-Carlos-Roberto-Sodr\u00e9-418778301977370"]},{"@type":"Person","@id":"https:\/\/ubanews.com\/site\/#\/schema\/person\/d90c9e47252fbb63dcc969fe4c8b9d10","name":"Sodr\u00e9","image":{"@type":"ImageObject","inLanguage":"pt-BR","@id":"https:\/\/secure.gravatar.com\/avatar\/5ba2793f0590b9dbfad3fdec4ee714485b3eef211c9b32ee53d414060454a56c?s=96&d=mm&r=g","url":"https:\/\/secure.gravatar.com\/avatar\/5ba2793f0590b9dbfad3fdec4ee714485b3eef211c9b32ee53d414060454a56c?s=96&d=mm&r=g","contentUrl":"https:\/\/secure.gravatar.com\/avatar\/5ba2793f0590b9dbfad3fdec4ee714485b3eef211c9b32ee53d414060454a56c?s=96&d=mm&r=g","caption":"Sodr\u00e9"},"sameAs":["https:\/\/www.facebook.com\/carosroberto.sodre.5\/"],"url":"https:\/\/ubanews.com\/site\/author\/felipe\/"}]}},"_links":{"self":[{"href":"https:\/\/ubanews.com\/site\/wp-json\/wp\/v2\/posts\/4696","targetHints":{"allow":["GET"]}}],"collection":[{"href":"https:\/\/ubanews.com\/site\/wp-json\/wp\/v2\/posts"}],"about":[{"href":"https:\/\/ubanews.com\/site\/wp-json\/wp\/v2\/types\/post"}],"author":[{"embeddable":true,"href":"https:\/\/ubanews.com\/site\/wp-json\/wp\/v2\/users\/2"}],"replies":[{"embeddable":true,"href":"https:\/\/ubanews.com\/site\/wp-json\/wp\/v2\/comments?post=4696"}],"version-history":[{"count":0,"href":"https:\/\/ubanews.com\/site\/wp-json\/wp\/v2\/posts\/4696\/revisions"}],"wp:featuredmedia":[{"embeddable":true,"href":"https:\/\/ubanews.com\/site\/wp-json\/wp\/v2\/media\/4711"}],"wp:attachment":[{"href":"https:\/\/ubanews.com\/site\/wp-json\/wp\/v2\/media?parent=4696"}],"wp:term":[{"taxonomy":"category","embeddable":true,"href":"https:\/\/ubanews.com\/site\/wp-json\/wp\/v2\/categories?post=4696"},{"taxonomy":"post_tag","embeddable":true,"href":"https:\/\/ubanews.com\/site\/wp-json\/wp\/v2\/tags?post=4696"}],"curies":[{"name":"wp","href":"https:\/\/api.w.org\/{rel}","templated":true}]}}