{"id":4654,"date":"2018-06-14T08:17:46","date_gmt":"2018-06-14T11:17:46","guid":{"rendered":"http:\/\/ubanews.com\/site\/?p=4654"},"modified":"2018-06-19T08:54:05","modified_gmt":"2018-06-19T11:54:05","slug":"desafios-de-empreender-no-brasil-foi-o-tema-da-palestra-do-pre-candidato-ao-governo-de-minas-no-intersind","status":"publish","type":"post","link":"https:\/\/ubanews.com\/site\/2018\/06\/14\/desafios-de-empreender-no-brasil-foi-o-tema-da-palestra-do-pre-candidato-ao-governo-de-minas-no-intersind\/","title":{"rendered":"DESAFIOS DE EMPREENDER NO BRASIL FOI O TEMA DA PALESTRA DO PR\u00c9-CANDIDATO AO GOVERNO DE MINAS NO INTERSIND"},"content":{"rendered":"<p><img decoding=\"async\" class=\"alignnone size-full wp-image-4655 lazyload\" data-src=\"https:\/\/ubanews.com\/site\/wp-content\/uploads\/2018\/06\/DSC_6627-c\u00f3pia.jpg\" alt=\"\" width=\"800\" height=\"444\" data-srcset=\"https:\/\/ubanews.com\/site\/wp-content\/uploads\/2018\/06\/DSC_6627-c\u00f3pia.jpg 800w, https:\/\/ubanews.com\/site\/wp-content\/uploads\/2018\/06\/DSC_6627-c\u00f3pia-300x167.jpg 300w, https:\/\/ubanews.com\/site\/wp-content\/uploads\/2018\/06\/DSC_6627-c\u00f3pia-768x426.jpg 768w, https:\/\/ubanews.com\/site\/wp-content\/uploads\/2018\/06\/DSC_6627-c\u00f3pia-360x200.jpg 360w\" data-sizes=\"(max-width: 800px) 100vw, 800px\" src=\"data:image\/svg+xml;base64,PHN2ZyB3aWR0aD0iMSIgaGVpZ2h0PSIxIiB4bWxucz0iaHR0cDovL3d3dy53My5vcmcvMjAwMC9zdmciPjwvc3ZnPg==\" style=\"--smush-placeholder-width: 800px; --smush-placeholder-aspect-ratio: 800\/444;\" \/> <img decoding=\"async\" class=\"alignnone size-full wp-image-4656 lazyload\" data-src=\"https:\/\/ubanews.com\/site\/wp-content\/uploads\/2018\/06\/DSC_6630-c\u00f3pia.jpg\" alt=\"\" width=\"800\" height=\"444\" data-srcset=\"https:\/\/ubanews.com\/site\/wp-content\/uploads\/2018\/06\/DSC_6630-c\u00f3pia.jpg 800w, https:\/\/ubanews.com\/site\/wp-content\/uploads\/2018\/06\/DSC_6630-c\u00f3pia-300x167.jpg 300w, https:\/\/ubanews.com\/site\/wp-content\/uploads\/2018\/06\/DSC_6630-c\u00f3pia-768x426.jpg 768w, https:\/\/ubanews.com\/site\/wp-content\/uploads\/2018\/06\/DSC_6630-c\u00f3pia-360x200.jpg 360w\" data-sizes=\"(max-width: 800px) 100vw, 800px\" src=\"data:image\/svg+xml;base64,PHN2ZyB3aWR0aD0iMSIgaGVpZ2h0PSIxIiB4bWxucz0iaHR0cDovL3d3dy53My5vcmcvMjAwMC9zdmciPjwvc3ZnPg==\" style=\"--smush-placeholder-width: 800px; --smush-placeholder-aspect-ratio: 800\/444;\" \/> <img decoding=\"async\" class=\"alignnone size-full wp-image-4657 lazyload\" data-src=\"https:\/\/ubanews.com\/site\/wp-content\/uploads\/2018\/06\/DSC_6650-c\u00f3pia.jpg\" alt=\"\" width=\"800\" height=\"444\" data-srcset=\"https:\/\/ubanews.com\/site\/wp-content\/uploads\/2018\/06\/DSC_6650-c\u00f3pia.jpg 800w, https:\/\/ubanews.com\/site\/wp-content\/uploads\/2018\/06\/DSC_6650-c\u00f3pia-300x167.jpg 300w, https:\/\/ubanews.com\/site\/wp-content\/uploads\/2018\/06\/DSC_6650-c\u00f3pia-768x426.jpg 768w, https:\/\/ubanews.com\/site\/wp-content\/uploads\/2018\/06\/DSC_6650-c\u00f3pia-360x200.jpg 360w\" data-sizes=\"(max-width: 800px) 100vw, 800px\" src=\"data:image\/svg+xml;base64,PHN2ZyB3aWR0aD0iMSIgaGVpZ2h0PSIxIiB4bWxucz0iaHR0cDovL3d3dy53My5vcmcvMjAwMC9zdmciPjwvc3ZnPg==\" style=\"--smush-placeholder-width: 800px; --smush-placeholder-aspect-ratio: 800\/444;\" \/> <img decoding=\"async\" class=\"alignnone size-full wp-image-4658 lazyload\" data-src=\"https:\/\/ubanews.com\/site\/wp-content\/uploads\/2018\/06\/DSC_6659-c\u00f3pia.jpg\" alt=\"\" width=\"800\" height=\"444\" data-srcset=\"https:\/\/ubanews.com\/site\/wp-content\/uploads\/2018\/06\/DSC_6659-c\u00f3pia.jpg 800w, https:\/\/ubanews.com\/site\/wp-content\/uploads\/2018\/06\/DSC_6659-c\u00f3pia-300x167.jpg 300w, https:\/\/ubanews.com\/site\/wp-content\/uploads\/2018\/06\/DSC_6659-c\u00f3pia-768x426.jpg 768w, https:\/\/ubanews.com\/site\/wp-content\/uploads\/2018\/06\/DSC_6659-c\u00f3pia-360x200.jpg 360w\" data-sizes=\"(max-width: 800px) 100vw, 800px\" src=\"data:image\/svg+xml;base64,PHN2ZyB3aWR0aD0iMSIgaGVpZ2h0PSIxIiB4bWxucz0iaHR0cDovL3d3dy53My5vcmcvMjAwMC9zdmciPjwvc3ZnPg==\" style=\"--smush-placeholder-width: 800px; --smush-placeholder-aspect-ratio: 800\/444;\" \/> <img decoding=\"async\" class=\"alignnone size-full wp-image-4659 lazyload\" data-src=\"https:\/\/ubanews.com\/site\/wp-content\/uploads\/2018\/06\/DSC_6681-c\u00f3pia.jpg\" alt=\"\" width=\"800\" height=\"444\" data-srcset=\"https:\/\/ubanews.com\/site\/wp-content\/uploads\/2018\/06\/DSC_6681-c\u00f3pia.jpg 800w, https:\/\/ubanews.com\/site\/wp-content\/uploads\/2018\/06\/DSC_6681-c\u00f3pia-300x167.jpg 300w, https:\/\/ubanews.com\/site\/wp-content\/uploads\/2018\/06\/DSC_6681-c\u00f3pia-768x426.jpg 768w, https:\/\/ubanews.com\/site\/wp-content\/uploads\/2018\/06\/DSC_6681-c\u00f3pia-360x200.jpg 360w\" data-sizes=\"(max-width: 800px) 100vw, 800px\" src=\"data:image\/svg+xml;base64,PHN2ZyB3aWR0aD0iMSIgaGVpZ2h0PSIxIiB4bWxucz0iaHR0cDovL3d3dy53My5vcmcvMjAwMC9zdmciPjwvc3ZnPg==\" style=\"--smush-placeholder-width: 800px; --smush-placeholder-aspect-ratio: 800\/444;\" \/> <img decoding=\"async\" class=\"alignnone size-full wp-image-4661 lazyload\" data-src=\"https:\/\/ubanews.com\/site\/wp-content\/uploads\/2018\/06\/DSC_6690-c\u00f3pia.jpg\" alt=\"\" width=\"800\" height=\"444\" data-srcset=\"https:\/\/ubanews.com\/site\/wp-content\/uploads\/2018\/06\/DSC_6690-c\u00f3pia.jpg 800w, https:\/\/ubanews.com\/site\/wp-content\/uploads\/2018\/06\/DSC_6690-c\u00f3pia-300x167.jpg 300w, https:\/\/ubanews.com\/site\/wp-content\/uploads\/2018\/06\/DSC_6690-c\u00f3pia-768x426.jpg 768w, https:\/\/ubanews.com\/site\/wp-content\/uploads\/2018\/06\/DSC_6690-c\u00f3pia-360x200.jpg 360w\" data-sizes=\"(max-width: 800px) 100vw, 800px\" src=\"data:image\/svg+xml;base64,PHN2ZyB3aWR0aD0iMSIgaGVpZ2h0PSIxIiB4bWxucz0iaHR0cDovL3d3dy53My5vcmcvMjAwMC9zdmciPjwvc3ZnPg==\" style=\"--smush-placeholder-width: 800px; --smush-placeholder-aspect-ratio: 800\/444;\" \/> <img decoding=\"async\" class=\"alignnone size-full wp-image-4662 lazyload\" data-src=\"https:\/\/ubanews.com\/site\/wp-content\/uploads\/2018\/06\/DSC_6692-c\u00f3pia.jpg\" alt=\"\" width=\"800\" height=\"444\" data-srcset=\"https:\/\/ubanews.com\/site\/wp-content\/uploads\/2018\/06\/DSC_6692-c\u00f3pia.jpg 800w, https:\/\/ubanews.com\/site\/wp-content\/uploads\/2018\/06\/DSC_6692-c\u00f3pia-300x167.jpg 300w, https:\/\/ubanews.com\/site\/wp-content\/uploads\/2018\/06\/DSC_6692-c\u00f3pia-768x426.jpg 768w, https:\/\/ubanews.com\/site\/wp-content\/uploads\/2018\/06\/DSC_6692-c\u00f3pia-360x200.jpg 360w\" data-sizes=\"(max-width: 800px) 100vw, 800px\" src=\"data:image\/svg+xml;base64,PHN2ZyB3aWR0aD0iMSIgaGVpZ2h0PSIxIiB4bWxucz0iaHR0cDovL3d3dy53My5vcmcvMjAwMC9zdmciPjwvc3ZnPg==\" style=\"--smush-placeholder-width: 800px; --smush-placeholder-aspect-ratio: 800\/444;\" \/> <img decoding=\"async\" class=\"alignnone size-full wp-image-4663 lazyload\" data-src=\"https:\/\/ubanews.com\/site\/wp-content\/uploads\/2018\/06\/DSC_6695-c\u00f3pia.jpg\" alt=\"\" width=\"800\" height=\"444\" data-srcset=\"https:\/\/ubanews.com\/site\/wp-content\/uploads\/2018\/06\/DSC_6695-c\u00f3pia.jpg 800w, https:\/\/ubanews.com\/site\/wp-content\/uploads\/2018\/06\/DSC_6695-c\u00f3pia-300x167.jpg 300w, https:\/\/ubanews.com\/site\/wp-content\/uploads\/2018\/06\/DSC_6695-c\u00f3pia-768x426.jpg 768w, https:\/\/ubanews.com\/site\/wp-content\/uploads\/2018\/06\/DSC_6695-c\u00f3pia-360x200.jpg 360w\" data-sizes=\"(max-width: 800px) 100vw, 800px\" src=\"data:image\/svg+xml;base64,PHN2ZyB3aWR0aD0iMSIgaGVpZ2h0PSIxIiB4bWxucz0iaHR0cDovL3d3dy53My5vcmcvMjAwMC9zdmciPjwvc3ZnPg==\" style=\"--smush-placeholder-width: 800px; --smush-placeholder-aspect-ratio: 800\/444;\" \/> <img decoding=\"async\" class=\"alignnone size-full wp-image-4664 lazyload\" data-src=\"https:\/\/ubanews.com\/site\/wp-content\/uploads\/2018\/06\/DSC_6624-c\u00f3pia.jpg\" alt=\"\" width=\"800\" height=\"444\" data-srcset=\"https:\/\/ubanews.com\/site\/wp-content\/uploads\/2018\/06\/DSC_6624-c\u00f3pia.jpg 800w, https:\/\/ubanews.com\/site\/wp-content\/uploads\/2018\/06\/DSC_6624-c\u00f3pia-300x167.jpg 300w, https:\/\/ubanews.com\/site\/wp-content\/uploads\/2018\/06\/DSC_6624-c\u00f3pia-768x426.jpg 768w, https:\/\/ubanews.com\/site\/wp-content\/uploads\/2018\/06\/DSC_6624-c\u00f3pia-360x200.jpg 360w\" data-sizes=\"(max-width: 800px) 100vw, 800px\" src=\"data:image\/svg+xml;base64,PHN2ZyB3aWR0aD0iMSIgaGVpZ2h0PSIxIiB4bWxucz0iaHR0cDovL3d3dy53My5vcmcvMjAwMC9zdmciPjwvc3ZnPg==\" style=\"--smush-placeholder-width: 800px; --smush-placeholder-aspect-ratio: 800\/444;\" \/><\/p>\n<p>O pr\u00e9-candidato ao Governo de Minas nas elei\u00e7\u00f5es de 07 outubro Romeu Zema (Partido NOVO 30) esteve em Ub\u00e1 nesta quarta-feira (13), onde depois de visitar v\u00e1rias empresas e conversar com a popula\u00e7\u00e3o, passeando pelo centro da cidade, \u00e0 noite foi recebido pelo presidente do Intersind \u2013 Sindicato Intermunicipal das Ind\u00fastrias do Mobili\u00e1rio de Ub\u00e1, \u00c1ureo Cal\u00e7ado Barbosa. \u00c1ureo, al\u00e9m de apresentar as novas depend\u00eancias do Intersind a Romeu Zema, instaladas a Rodovia MGT 265 \u2013 KM 83 (Parque de Exposi\u00e7\u00f5es Irineu Gomes Filho) fez uma viagem, apontando os muitos problemas vividos pelo Brasil e o povo brasileiro. Por fim, o presidente do Intersind informou sobre a Segunda Amostra de M\u00f3veis em Ub\u00e1 de 29 a 31 de janeiro de 2019, no Horto Florestal. Romeu Zema assumiu \u00e0 frente da plateia logo ap\u00f3s a apresenta\u00e7\u00e3o do presidente do Intersind.&nbsp;<\/p>\n<p>Romeu Zema fez uma breve apresenta\u00e7\u00e3o do hist\u00f3rico da Fam\u00edlia Zema no Brasil, vinda da It\u00e1lia para o Brasil no final do S\u00e9culo XIX. O pr\u00e9-candidato do NOVO Romeu Zema chegou em Ub\u00e1 \u00e0s 8h, chegando de Vi\u00e7osa, onde teve um compromisso nesta ter\u00e7a-feira (12), portanto, pernoitando por l\u00e1. Assim que chegou em solo ubaense, foi recebido pela presidente da C\u00e2mara Municipal Ros\u00e2ngela Alfenas. \u00c0s 11h concedeu entrevista \u00e0 imprensa local e \u00e0 noite e, finalizando os compromissos em Ub\u00e1 falou para um grupo seleto, na sua maioria de empres\u00e1rio no audit\u00f3rio do Intersind. No total oitenta pessoas participaram da palestra ministrada por Romeu Zema.<\/p>\n<div style=\"position: relative; height: 0; padding-bottom: 56.25%;\"><iframe style=\"position: absolute; width: 100%; height: 100%; left: 0;\" data-src=\"https:\/\/www.youtube.com\/embed\/555G8zljdro?ecver=2\" width=\"640\" height=\"360\" frameborder=\"0\" allowfullscreen=\"allowfullscreen\" src=\"data:image\/svg+xml;base64,PHN2ZyB3aWR0aD0iMSIgaGVpZ2h0PSIxIiB4bWxucz0iaHR0cDovL3d3dy53My5vcmcvMjAwMC9zdmciPjwvc3ZnPg==\" class=\"lazyload\" data-load-mode=\"1\"><\/iframe><\/div>\n<p>&nbsp;<\/p>\n","protected":false},"excerpt":{"rendered":"<p>O pr\u00e9-candidato ao Governo de Minas nas elei\u00e7\u00f5es de 07<\/p>\n","protected":false},"author":2,"featured_media":4660,"comment_status":"open","ping_status":"open","sticky":false,"template":"","format":"standard","meta":{"footnotes":""},"categories":[19],"tags":[],"class_list":["post-4654","post","type-post","status-publish","format-standard","has-post-thumbnail","hentry","category-politica"],"yoast_head":"<!-- This site is optimized with the Yoast SEO plugin v27.2 - https:\/\/yoast.com\/product\/yoast-seo-wordpress\/ -->\n<title>DESAFIOS DE EMPREENDER NO BRASIL FOI O TEMA DA PALESTRA DO PR\u00c9-CANDIDATO AO GOVERNO DE MINAS NO INTERSIND - Ub\u00e1 News<\/title>\n<meta name=\"robots\" content=\"index, follow, max-snippet:-1, max-image-preview:large, max-video-preview:-1\" \/>\n<link rel=\"canonical\" href=\"https:\/\/ubanews.com\/site\/2018\/06\/14\/desafios-de-empreender-no-brasil-foi-o-tema-da-palestra-do-pre-candidato-ao-governo-de-minas-no-intersind\/\" \/>\n<meta property=\"og:locale\" content=\"pt_BR\" \/>\n<meta property=\"og:type\" content=\"article\" \/>\n<meta property=\"og:title\" content=\"DESAFIOS DE EMPREENDER NO BRASIL FOI O TEMA DA PALESTRA DO PR\u00c9-CANDIDATO AO GOVERNO DE MINAS NO INTERSIND - Ub\u00e1 News\" \/>\n<meta property=\"og:description\" content=\"O pr\u00e9-candidato ao Governo de Minas nas elei\u00e7\u00f5es de 07\" \/>\n<meta property=\"og:url\" content=\"https:\/\/ubanews.com\/site\/2018\/06\/14\/desafios-de-empreender-no-brasil-foi-o-tema-da-palestra-do-pre-candidato-ao-governo-de-minas-no-intersind\/\" \/>\n<meta property=\"og:site_name\" content=\"Ub\u00e1 News\" \/>\n<meta property=\"article:publisher\" content=\"https:\/\/www.facebook.com\/Ub%c3%a1News-Carlos-Roberto-Sodr%c3%a9-418778301977370\" \/>\n<meta property=\"article:author\" content=\"https:\/\/www.facebook.com\/carosroberto.sodre.5\/\" \/>\n<meta property=\"article:published_time\" content=\"2018-06-14T11:17:46+00:00\" \/>\n<meta property=\"article:modified_time\" content=\"2018-06-19T11:54:05+00:00\" \/>\n<meta property=\"og:image\" content=\"https:\/\/ubanews.com\/site\/wp-content\/uploads\/2018\/06\/DSC_6685-c\u00f3pia.jpg\" \/>\n\t<meta property=\"og:image:width\" content=\"800\" \/>\n\t<meta property=\"og:image:height\" content=\"444\" \/>\n\t<meta property=\"og:image:type\" content=\"image\/jpeg\" \/>\n<meta name=\"author\" content=\"Sodr\u00e9\" \/>\n<meta name=\"twitter:card\" content=\"summary_large_image\" \/>\n<meta name=\"twitter:label1\" content=\"Escrito por\" \/>\n\t<meta name=\"twitter:data1\" content=\"Sodr\u00e9\" \/>\n\t<meta name=\"twitter:label2\" content=\"Est. tempo de leitura\" \/>\n\t<meta name=\"twitter:data2\" content=\"1 minuto\" \/>\n<script type=\"application\/ld+json\" class=\"yoast-schema-graph\">{\"@context\":\"https:\/\/schema.org\",\"@graph\":[{\"@type\":\"Article\",\"@id\":\"https:\/\/ubanews.com\/site\/2018\/06\/14\/desafios-de-empreender-no-brasil-foi-o-tema-da-palestra-do-pre-candidato-ao-governo-de-minas-no-intersind\/#article\",\"isPartOf\":{\"@id\":\"https:\/\/ubanews.com\/site\/2018\/06\/14\/desafios-de-empreender-no-brasil-foi-o-tema-da-palestra-do-pre-candidato-ao-governo-de-minas-no-intersind\/\"},\"author\":{\"name\":\"Sodr\u00e9\",\"@id\":\"https:\/\/ubanews.com\/site\/#\/schema\/person\/d90c9e47252fbb63dcc969fe4c8b9d10\"},\"headline\":\"DESAFIOS DE EMPREENDER NO BRASIL FOI O TEMA DA PALESTRA DO PR\u00c9-CANDIDATO AO GOVERNO DE MINAS NO INTERSIND\",\"datePublished\":\"2018-06-14T11:17:46+00:00\",\"dateModified\":\"2018-06-19T11:54:05+00:00\",\"mainEntityOfPage\":{\"@id\":\"https:\/\/ubanews.com\/site\/2018\/06\/14\/desafios-de-empreender-no-brasil-foi-o-tema-da-palestra-do-pre-candidato-ao-governo-de-minas-no-intersind\/\"},\"wordCount\":275,\"commentCount\":1,\"publisher\":{\"@id\":\"https:\/\/ubanews.com\/site\/#organization\"},\"image\":{\"@id\":\"https:\/\/ubanews.com\/site\/2018\/06\/14\/desafios-de-empreender-no-brasil-foi-o-tema-da-palestra-do-pre-candidato-ao-governo-de-minas-no-intersind\/#primaryimage\"},\"thumbnailUrl\":\"https:\/\/ubanews.com\/site\/wp-content\/uploads\/2018\/06\/DSC_6685-c\u00f3pia.jpg\",\"articleSection\":[\"Pol\u00edtica\"],\"inLanguage\":\"pt-BR\",\"potentialAction\":[{\"@type\":\"CommentAction\",\"name\":\"Comment\",\"target\":[\"https:\/\/ubanews.com\/site\/2018\/06\/14\/desafios-de-empreender-no-brasil-foi-o-tema-da-palestra-do-pre-candidato-ao-governo-de-minas-no-intersind\/#respond\"]}]},{\"@type\":\"WebPage\",\"@id\":\"https:\/\/ubanews.com\/site\/2018\/06\/14\/desafios-de-empreender-no-brasil-foi-o-tema-da-palestra-do-pre-candidato-ao-governo-de-minas-no-intersind\/\",\"url\":\"https:\/\/ubanews.com\/site\/2018\/06\/14\/desafios-de-empreender-no-brasil-foi-o-tema-da-palestra-do-pre-candidato-ao-governo-de-minas-no-intersind\/\",\"name\":\"DESAFIOS DE EMPREENDER NO BRASIL FOI O TEMA DA PALESTRA DO PR\u00c9-CANDIDATO AO GOVERNO DE MINAS NO INTERSIND - Ub\u00e1 News\",\"isPartOf\":{\"@id\":\"https:\/\/ubanews.com\/site\/#website\"},\"primaryImageOfPage\":{\"@id\":\"https:\/\/ubanews.com\/site\/2018\/06\/14\/desafios-de-empreender-no-brasil-foi-o-tema-da-palestra-do-pre-candidato-ao-governo-de-minas-no-intersind\/#primaryimage\"},\"image\":{\"@id\":\"https:\/\/ubanews.com\/site\/2018\/06\/14\/desafios-de-empreender-no-brasil-foi-o-tema-da-palestra-do-pre-candidato-ao-governo-de-minas-no-intersind\/#primaryimage\"},\"thumbnailUrl\":\"https:\/\/ubanews.com\/site\/wp-content\/uploads\/2018\/06\/DSC_6685-c\u00f3pia.jpg\",\"datePublished\":\"2018-06-14T11:17:46+00:00\",\"dateModified\":\"2018-06-19T11:54:05+00:00\",\"breadcrumb\":{\"@id\":\"https:\/\/ubanews.com\/site\/2018\/06\/14\/desafios-de-empreender-no-brasil-foi-o-tema-da-palestra-do-pre-candidato-ao-governo-de-minas-no-intersind\/#breadcrumb\"},\"inLanguage\":\"pt-BR\",\"potentialAction\":[{\"@type\":\"ReadAction\",\"target\":[\"https:\/\/ubanews.com\/site\/2018\/06\/14\/desafios-de-empreender-no-brasil-foi-o-tema-da-palestra-do-pre-candidato-ao-governo-de-minas-no-intersind\/\"]}]},{\"@type\":\"ImageObject\",\"inLanguage\":\"pt-BR\",\"@id\":\"https:\/\/ubanews.com\/site\/2018\/06\/14\/desafios-de-empreender-no-brasil-foi-o-tema-da-palestra-do-pre-candidato-ao-governo-de-minas-no-intersind\/#primaryimage\",\"url\":\"https:\/\/ubanews.com\/site\/wp-content\/uploads\/2018\/06\/DSC_6685-c\u00f3pia.jpg\",\"contentUrl\":\"https:\/\/ubanews.com\/site\/wp-content\/uploads\/2018\/06\/DSC_6685-c\u00f3pia.jpg\",\"width\":800,\"height\":444},{\"@type\":\"BreadcrumbList\",\"@id\":\"https:\/\/ubanews.com\/site\/2018\/06\/14\/desafios-de-empreender-no-brasil-foi-o-tema-da-palestra-do-pre-candidato-ao-governo-de-minas-no-intersind\/#breadcrumb\",\"itemListElement\":[{\"@type\":\"ListItem\",\"position\":1,\"name\":\"Home\",\"item\":\"https:\/\/ubanews.com\/site\/\"},{\"@type\":\"ListItem\",\"position\":2,\"name\":\"DESAFIOS DE EMPREENDER NO BRASIL FOI O TEMA DA PALESTRA DO PR\u00c9-CANDIDATO AO GOVERNO DE MINAS NO INTERSIND\"}]},{\"@type\":\"WebSite\",\"@id\":\"https:\/\/ubanews.com\/site\/#website\",\"url\":\"https:\/\/ubanews.com\/site\/\",\"name\":\"Ub\u00e1 News\",\"description\":\"\",\"publisher\":{\"@id\":\"https:\/\/ubanews.com\/site\/#organization\"},\"potentialAction\":[{\"@type\":\"SearchAction\",\"target\":{\"@type\":\"EntryPoint\",\"urlTemplate\":\"https:\/\/ubanews.com\/site\/?s={search_term_string}\"},\"query-input\":{\"@type\":\"PropertyValueSpecification\",\"valueRequired\":true,\"valueName\":\"search_term_string\"}}],\"inLanguage\":\"pt-BR\"},{\"@type\":\"Organization\",\"@id\":\"https:\/\/ubanews.com\/site\/#organization\",\"name\":\"Ub\u00e1 News\",\"url\":\"https:\/\/ubanews.com\/site\/\",\"logo\":{\"@type\":\"ImageObject\",\"inLanguage\":\"pt-BR\",\"@id\":\"https:\/\/ubanews.com\/site\/#\/schema\/logo\/image\/\",\"url\":\"https:\/\/ubanews.com\/site\/wp-content\/uploads\/2018\/01\/logoubanews.png\",\"contentUrl\":\"https:\/\/ubanews.com\/site\/wp-content\/uploads\/2018\/01\/logoubanews.png\",\"width\":261,\"height\":99,\"caption\":\"Ub\u00e1 News\"},\"image\":{\"@id\":\"https:\/\/ubanews.com\/site\/#\/schema\/logo\/image\/\"},\"sameAs\":[\"https:\/\/www.facebook.com\/Ub\u00e1News-Carlos-Roberto-Sodr\u00e9-418778301977370\"]},{\"@type\":\"Person\",\"@id\":\"https:\/\/ubanews.com\/site\/#\/schema\/person\/d90c9e47252fbb63dcc969fe4c8b9d10\",\"name\":\"Sodr\u00e9\",\"image\":{\"@type\":\"ImageObject\",\"inLanguage\":\"pt-BR\",\"@id\":\"https:\/\/secure.gravatar.com\/avatar\/5ba2793f0590b9dbfad3fdec4ee714485b3eef211c9b32ee53d414060454a56c?s=96&d=mm&r=g\",\"url\":\"https:\/\/secure.gravatar.com\/avatar\/5ba2793f0590b9dbfad3fdec4ee714485b3eef211c9b32ee53d414060454a56c?s=96&d=mm&r=g\",\"contentUrl\":\"https:\/\/secure.gravatar.com\/avatar\/5ba2793f0590b9dbfad3fdec4ee714485b3eef211c9b32ee53d414060454a56c?s=96&d=mm&r=g\",\"caption\":\"Sodr\u00e9\"},\"sameAs\":[\"https:\/\/www.facebook.com\/carosroberto.sodre.5\/\"],\"url\":\"https:\/\/ubanews.com\/site\/author\/felipe\/\"}]}<\/script>\n<!-- \/ Yoast SEO plugin. -->","yoast_head_json":{"title":"DESAFIOS DE EMPREENDER NO BRASIL FOI O TEMA DA PALESTRA DO PR\u00c9-CANDIDATO AO GOVERNO DE MINAS NO INTERSIND - Ub\u00e1 News","robots":{"index":"index","follow":"follow","max-snippet":"max-snippet:-1","max-image-preview":"max-image-preview:large","max-video-preview":"max-video-preview:-1"},"canonical":"https:\/\/ubanews.com\/site\/2018\/06\/14\/desafios-de-empreender-no-brasil-foi-o-tema-da-palestra-do-pre-candidato-ao-governo-de-minas-no-intersind\/","og_locale":"pt_BR","og_type":"article","og_title":"DESAFIOS DE EMPREENDER NO BRASIL FOI O TEMA DA PALESTRA DO PR\u00c9-CANDIDATO AO GOVERNO DE MINAS NO INTERSIND - Ub\u00e1 News","og_description":"O pr\u00e9-candidato ao Governo de Minas nas elei\u00e7\u00f5es de 07","og_url":"https:\/\/ubanews.com\/site\/2018\/06\/14\/desafios-de-empreender-no-brasil-foi-o-tema-da-palestra-do-pre-candidato-ao-governo-de-minas-no-intersind\/","og_site_name":"Ub\u00e1 News","article_publisher":"https:\/\/www.facebook.com\/Ub%c3%a1News-Carlos-Roberto-Sodr%c3%a9-418778301977370","article_author":"https:\/\/www.facebook.com\/carosroberto.sodre.5\/","article_published_time":"2018-06-14T11:17:46+00:00","article_modified_time":"2018-06-19T11:54:05+00:00","og_image":[{"width":800,"height":444,"url":"https:\/\/ubanews.com\/site\/wp-content\/uploads\/2018\/06\/DSC_6685-c\u00f3pia.jpg","type":"image\/jpeg"}],"author":"Sodr\u00e9","twitter_card":"summary_large_image","twitter_misc":{"Escrito por":"Sodr\u00e9","Est. tempo de leitura":"1 minuto"},"schema":{"@context":"https:\/\/schema.org","@graph":[{"@type":"Article","@id":"https:\/\/ubanews.com\/site\/2018\/06\/14\/desafios-de-empreender-no-brasil-foi-o-tema-da-palestra-do-pre-candidato-ao-governo-de-minas-no-intersind\/#article","isPartOf":{"@id":"https:\/\/ubanews.com\/site\/2018\/06\/14\/desafios-de-empreender-no-brasil-foi-o-tema-da-palestra-do-pre-candidato-ao-governo-de-minas-no-intersind\/"},"author":{"name":"Sodr\u00e9","@id":"https:\/\/ubanews.com\/site\/#\/schema\/person\/d90c9e47252fbb63dcc969fe4c8b9d10"},"headline":"DESAFIOS DE EMPREENDER NO BRASIL FOI O TEMA DA PALESTRA DO PR\u00c9-CANDIDATO AO GOVERNO DE MINAS NO INTERSIND","datePublished":"2018-06-14T11:17:46+00:00","dateModified":"2018-06-19T11:54:05+00:00","mainEntityOfPage":{"@id":"https:\/\/ubanews.com\/site\/2018\/06\/14\/desafios-de-empreender-no-brasil-foi-o-tema-da-palestra-do-pre-candidato-ao-governo-de-minas-no-intersind\/"},"wordCount":275,"commentCount":1,"publisher":{"@id":"https:\/\/ubanews.com\/site\/#organization"},"image":{"@id":"https:\/\/ubanews.com\/site\/2018\/06\/14\/desafios-de-empreender-no-brasil-foi-o-tema-da-palestra-do-pre-candidato-ao-governo-de-minas-no-intersind\/#primaryimage"},"thumbnailUrl":"https:\/\/ubanews.com\/site\/wp-content\/uploads\/2018\/06\/DSC_6685-c\u00f3pia.jpg","articleSection":["Pol\u00edtica"],"inLanguage":"pt-BR","potentialAction":[{"@type":"CommentAction","name":"Comment","target":["https:\/\/ubanews.com\/site\/2018\/06\/14\/desafios-de-empreender-no-brasil-foi-o-tema-da-palestra-do-pre-candidato-ao-governo-de-minas-no-intersind\/#respond"]}]},{"@type":"WebPage","@id":"https:\/\/ubanews.com\/site\/2018\/06\/14\/desafios-de-empreender-no-brasil-foi-o-tema-da-palestra-do-pre-candidato-ao-governo-de-minas-no-intersind\/","url":"https:\/\/ubanews.com\/site\/2018\/06\/14\/desafios-de-empreender-no-brasil-foi-o-tema-da-palestra-do-pre-candidato-ao-governo-de-minas-no-intersind\/","name":"DESAFIOS DE EMPREENDER NO BRASIL FOI O TEMA DA PALESTRA DO PR\u00c9-CANDIDATO AO GOVERNO DE MINAS NO INTERSIND - Ub\u00e1 News","isPartOf":{"@id":"https:\/\/ubanews.com\/site\/#website"},"primaryImageOfPage":{"@id":"https:\/\/ubanews.com\/site\/2018\/06\/14\/desafios-de-empreender-no-brasil-foi-o-tema-da-palestra-do-pre-candidato-ao-governo-de-minas-no-intersind\/#primaryimage"},"image":{"@id":"https:\/\/ubanews.com\/site\/2018\/06\/14\/desafios-de-empreender-no-brasil-foi-o-tema-da-palestra-do-pre-candidato-ao-governo-de-minas-no-intersind\/#primaryimage"},"thumbnailUrl":"https:\/\/ubanews.com\/site\/wp-content\/uploads\/2018\/06\/DSC_6685-c\u00f3pia.jpg","datePublished":"2018-06-14T11:17:46+00:00","dateModified":"2018-06-19T11:54:05+00:00","breadcrumb":{"@id":"https:\/\/ubanews.com\/site\/2018\/06\/14\/desafios-de-empreender-no-brasil-foi-o-tema-da-palestra-do-pre-candidato-ao-governo-de-minas-no-intersind\/#breadcrumb"},"inLanguage":"pt-BR","potentialAction":[{"@type":"ReadAction","target":["https:\/\/ubanews.com\/site\/2018\/06\/14\/desafios-de-empreender-no-brasil-foi-o-tema-da-palestra-do-pre-candidato-ao-governo-de-minas-no-intersind\/"]}]},{"@type":"ImageObject","inLanguage":"pt-BR","@id":"https:\/\/ubanews.com\/site\/2018\/06\/14\/desafios-de-empreender-no-brasil-foi-o-tema-da-palestra-do-pre-candidato-ao-governo-de-minas-no-intersind\/#primaryimage","url":"https:\/\/ubanews.com\/site\/wp-content\/uploads\/2018\/06\/DSC_6685-c\u00f3pia.jpg","contentUrl":"https:\/\/ubanews.com\/site\/wp-content\/uploads\/2018\/06\/DSC_6685-c\u00f3pia.jpg","width":800,"height":444},{"@type":"BreadcrumbList","@id":"https:\/\/ubanews.com\/site\/2018\/06\/14\/desafios-de-empreender-no-brasil-foi-o-tema-da-palestra-do-pre-candidato-ao-governo-de-minas-no-intersind\/#breadcrumb","itemListElement":[{"@type":"ListItem","position":1,"name":"Home","item":"https:\/\/ubanews.com\/site\/"},{"@type":"ListItem","position":2,"name":"DESAFIOS DE EMPREENDER NO BRASIL FOI O TEMA DA PALESTRA DO PR\u00c9-CANDIDATO AO GOVERNO DE MINAS NO INTERSIND"}]},{"@type":"WebSite","@id":"https:\/\/ubanews.com\/site\/#website","url":"https:\/\/ubanews.com\/site\/","name":"Ub\u00e1 News","description":"","publisher":{"@id":"https:\/\/ubanews.com\/site\/#organization"},"potentialAction":[{"@type":"SearchAction","target":{"@type":"EntryPoint","urlTemplate":"https:\/\/ubanews.com\/site\/?s={search_term_string}"},"query-input":{"@type":"PropertyValueSpecification","valueRequired":true,"valueName":"search_term_string"}}],"inLanguage":"pt-BR"},{"@type":"Organization","@id":"https:\/\/ubanews.com\/site\/#organization","name":"Ub\u00e1 News","url":"https:\/\/ubanews.com\/site\/","logo":{"@type":"ImageObject","inLanguage":"pt-BR","@id":"https:\/\/ubanews.com\/site\/#\/schema\/logo\/image\/","url":"https:\/\/ubanews.com\/site\/wp-content\/uploads\/2018\/01\/logoubanews.png","contentUrl":"https:\/\/ubanews.com\/site\/wp-content\/uploads\/2018\/01\/logoubanews.png","width":261,"height":99,"caption":"Ub\u00e1 News"},"image":{"@id":"https:\/\/ubanews.com\/site\/#\/schema\/logo\/image\/"},"sameAs":["https:\/\/www.facebook.com\/Ub\u00e1News-Carlos-Roberto-Sodr\u00e9-418778301977370"]},{"@type":"Person","@id":"https:\/\/ubanews.com\/site\/#\/schema\/person\/d90c9e47252fbb63dcc969fe4c8b9d10","name":"Sodr\u00e9","image":{"@type":"ImageObject","inLanguage":"pt-BR","@id":"https:\/\/secure.gravatar.com\/avatar\/5ba2793f0590b9dbfad3fdec4ee714485b3eef211c9b32ee53d414060454a56c?s=96&d=mm&r=g","url":"https:\/\/secure.gravatar.com\/avatar\/5ba2793f0590b9dbfad3fdec4ee714485b3eef211c9b32ee53d414060454a56c?s=96&d=mm&r=g","contentUrl":"https:\/\/secure.gravatar.com\/avatar\/5ba2793f0590b9dbfad3fdec4ee714485b3eef211c9b32ee53d414060454a56c?s=96&d=mm&r=g","caption":"Sodr\u00e9"},"sameAs":["https:\/\/www.facebook.com\/carosroberto.sodre.5\/"],"url":"https:\/\/ubanews.com\/site\/author\/felipe\/"}]}},"_links":{"self":[{"href":"https:\/\/ubanews.com\/site\/wp-json\/wp\/v2\/posts\/4654","targetHints":{"allow":["GET"]}}],"collection":[{"href":"https:\/\/ubanews.com\/site\/wp-json\/wp\/v2\/posts"}],"about":[{"href":"https:\/\/ubanews.com\/site\/wp-json\/wp\/v2\/types\/post"}],"author":[{"embeddable":true,"href":"https:\/\/ubanews.com\/site\/wp-json\/wp\/v2\/users\/2"}],"replies":[{"embeddable":true,"href":"https:\/\/ubanews.com\/site\/wp-json\/wp\/v2\/comments?post=4654"}],"version-history":[{"count":0,"href":"https:\/\/ubanews.com\/site\/wp-json\/wp\/v2\/posts\/4654\/revisions"}],"wp:featuredmedia":[{"embeddable":true,"href":"https:\/\/ubanews.com\/site\/wp-json\/wp\/v2\/media\/4660"}],"wp:attachment":[{"href":"https:\/\/ubanews.com\/site\/wp-json\/wp\/v2\/media?parent=4654"}],"wp:term":[{"taxonomy":"category","embeddable":true,"href":"https:\/\/ubanews.com\/site\/wp-json\/wp\/v2\/categories?post=4654"},{"taxonomy":"post_tag","embeddable":true,"href":"https:\/\/ubanews.com\/site\/wp-json\/wp\/v2\/tags?post=4654"}],"curies":[{"name":"wp","href":"https:\/\/api.w.org\/{rel}","templated":true}]}}