{"id":4572,"date":"2018-06-11T15:44:37","date_gmt":"2018-06-11T18:44:37","guid":{"rendered":"http:\/\/ubanews.com\/site\/?p=4572"},"modified":"2018-06-11T15:46:08","modified_gmt":"2018-06-11T18:46:08","slug":"foram-tres-apreensoes-de-drogas-no-final-de-semana-em-uba","status":"publish","type":"post","link":"https:\/\/ubanews.com\/site\/2018\/06\/11\/foram-tres-apreensoes-de-drogas-no-final-de-semana-em-uba\/","title":{"rendered":"APREENS\u00d5ES DE DROGAS FEITAS FINAL DE SEMANA EM UB\u00c1"},"content":{"rendered":"<p>No dia 09 de junho, por volta das 05h 10min, policias militares em patrulhamento pela Rua Padre Gailhac, Centro, abordaram o ve\u00edculo VW Fox 1.6, cor preta, ano 2013, placa OQO-8812 de Ub\u00e1. No momento da abordagem o autom\u00f3vel era conduzido pelo autor Yuri Luz Felipe, 30 anos, o qual apresentava sintomas de embriaguez.<\/p>\n<p>Foi realizada busca no interior ve\u00edculo abordado e os policiais localizaram em um compartimento debaixo do banco do motorista, quatro tabletes pequenos e um tablete fracionado de uma subst\u00e2ncia an\u00e1loga \u00e0 maconha.<\/p>\n<p>Diante do fato, o ve\u00edculo foi apreendido e encaminhado ao p\u00e1tio do autossocorro de plant\u00e3o. Yuri foi preso em flagrante por tr\u00e1fico de drogas e por embriaguez ao volante, sendo encaminhado \u00e0 DPJ, juntamente com as drogas apreendidas, para demais provid\u00eancias.<\/p>\n<p>No dia 09 de junho, por volta das 18h 50min, policiais militares compareceram \u00e0 Pra\u00e7a Guido Marliere, Centro, onde, conforme imagens do sistema de monitoramento \u201cOlho Vivo\u201d, foi avistado dois indiv\u00edduos realizando trafico de drogas.<\/p>\n<p>Os autores Orlando de Paula Neto da Costa, 18 anos, e Edmar Welerson Calixto Fernandes, 22 anos, foram abordados pelos policiais e submetidos \u00e0 Busca pessoal. Com eles, ap\u00f3s as buscas, os policiais localizaram 16 pinos pl\u00e1sticos de subst\u00e2ncia an\u00e1loga \u00e0 coca\u00edna, a quantia de R$ 44,70 em dinheiro e um telefone celular.<\/p>\n<p>Diante do fato, os autores foram presos e conduzidos \u00e0 DPJ, juntamente com os materiais apreendidos, para demais provid\u00eancias.<\/p>\n<p>No dia 08 de junho, por volta das 21h 20min, ap\u00f3s den\u00fancia an\u00f4nima de tr\u00e1fico de drogas, policias militares compareceram \u00e0 Rua Eliza Amaral Peron, Bairro Agroceres, onde abordaram os autores Gabriel Roque, 18 anos, Gustavao Cezar Dionisio Geraldo, 21 anos, e Luiz Henrique Lopes, 23 anos.<\/p>\n<p>Os abordados foram submetidos \u00e0 busca pessoal e, com eles, os policiais apreenderam sete buchas de subst\u00e2ncia semelhante \u00e0 maconha, cento e dezesseis pinos com subst\u00e2ncia semelhante \u00e0 coca\u00edna, dezoito pedras da subst\u00e2ncia an\u00e1logas \u00e0 crack, uma pedra bruta de subst\u00e2ncia an\u00e1loga \u00e0 crack, al\u00e9m de materiais utilizados para acondicionamento de drogas e a quantia de R$ 637,15.<\/p>\n<p>Diante do exposto, os autores foram presos e conduzidos \u00e0 DPJ para as demais provid\u00eancias, juntamente com os materiais apreendidos.<\/p>\n","protected":false},"excerpt":{"rendered":"<p>No dia 09 de junho, por volta das 05h 10min,<\/p>\n","protected":false},"author":2,"featured_media":4579,"comment_status":"open","ping_status":"open","sticky":false,"template":"","format":"standard","meta":{"footnotes":""},"categories":[13],"tags":[],"class_list":["post-4572","post","type-post","status-publish","format-standard","has-post-thumbnail","hentry","category-sintese-das-ocorrencias"],"yoast_head":"<!-- This site is optimized with the Yoast SEO plugin v27.2 - https:\/\/yoast.com\/product\/yoast-seo-wordpress\/ -->\n<title>APREENS\u00d5ES DE DROGAS FEITAS FINAL DE SEMANA EM UB\u00c1 - Ub\u00e1 News<\/title>\n<meta name=\"robots\" content=\"index, follow, max-snippet:-1, max-image-preview:large, max-video-preview:-1\" \/>\n<link rel=\"canonical\" href=\"https:\/\/ubanews.com\/site\/2018\/06\/11\/foram-tres-apreensoes-de-drogas-no-final-de-semana-em-uba\/\" \/>\n<meta property=\"og:locale\" content=\"pt_BR\" \/>\n<meta property=\"og:type\" content=\"article\" \/>\n<meta property=\"og:title\" content=\"APREENS\u00d5ES DE DROGAS FEITAS FINAL DE SEMANA EM UB\u00c1 - Ub\u00e1 News\" \/>\n<meta property=\"og:description\" content=\"No dia 09 de junho, por volta das 05h 10min,\" \/>\n<meta property=\"og:url\" content=\"https:\/\/ubanews.com\/site\/2018\/06\/11\/foram-tres-apreensoes-de-drogas-no-final-de-semana-em-uba\/\" \/>\n<meta property=\"og:site_name\" content=\"Ub\u00e1 News\" \/>\n<meta property=\"article:publisher\" content=\"https:\/\/www.facebook.com\/Ub%c3%a1News-Carlos-Roberto-Sodr%c3%a9-418778301977370\" \/>\n<meta property=\"article:author\" content=\"https:\/\/www.facebook.com\/carosroberto.sodre.5\/\" \/>\n<meta property=\"article:published_time\" content=\"2018-06-11T18:44:37+00:00\" \/>\n<meta property=\"article:modified_time\" content=\"2018-06-11T18:46:08+00:00\" \/>\n<meta property=\"og:image\" content=\"https:\/\/ubanews.com\/site\/wp-content\/uploads\/2018\/06\/Tr\u00e1fico-de-Drogas.jpg\" \/>\n\t<meta property=\"og:image:width\" content=\"800\" \/>\n\t<meta property=\"og:image:height\" content=\"445\" \/>\n\t<meta property=\"og:image:type\" content=\"image\/jpeg\" \/>\n<meta name=\"author\" content=\"Sodr\u00e9\" \/>\n<meta name=\"twitter:card\" content=\"summary_large_image\" \/>\n<meta name=\"twitter:label1\" content=\"Escrito por\" \/>\n\t<meta name=\"twitter:data1\" content=\"Sodr\u00e9\" \/>\n\t<meta name=\"twitter:label2\" content=\"Est. tempo de leitura\" \/>\n\t<meta name=\"twitter:data2\" content=\"2 minutos\" \/>\n<script type=\"application\/ld+json\" class=\"yoast-schema-graph\">{\"@context\":\"https:\/\/schema.org\",\"@graph\":[{\"@type\":\"Article\",\"@id\":\"https:\/\/ubanews.com\/site\/2018\/06\/11\/foram-tres-apreensoes-de-drogas-no-final-de-semana-em-uba\/#article\",\"isPartOf\":{\"@id\":\"https:\/\/ubanews.com\/site\/2018\/06\/11\/foram-tres-apreensoes-de-drogas-no-final-de-semana-em-uba\/\"},\"author\":{\"name\":\"Sodr\u00e9\",\"@id\":\"https:\/\/ubanews.com\/site\/#\/schema\/person\/d90c9e47252fbb63dcc969fe4c8b9d10\"},\"headline\":\"APREENS\u00d5ES DE DROGAS FEITAS FINAL DE SEMANA EM UB\u00c1\",\"datePublished\":\"2018-06-11T18:44:37+00:00\",\"dateModified\":\"2018-06-11T18:46:08+00:00\",\"mainEntityOfPage\":{\"@id\":\"https:\/\/ubanews.com\/site\/2018\/06\/11\/foram-tres-apreensoes-de-drogas-no-final-de-semana-em-uba\/\"},\"wordCount\":373,\"commentCount\":0,\"publisher\":{\"@id\":\"https:\/\/ubanews.com\/site\/#organization\"},\"image\":{\"@id\":\"https:\/\/ubanews.com\/site\/2018\/06\/11\/foram-tres-apreensoes-de-drogas-no-final-de-semana-em-uba\/#primaryimage\"},\"thumbnailUrl\":\"https:\/\/ubanews.com\/site\/wp-content\/uploads\/2018\/06\/Tr\u00e1fico-de-Drogas.jpg\",\"articleSection\":[\"S\u00edntese das Ocorr\u00eancias\"],\"inLanguage\":\"pt-BR\",\"potentialAction\":[{\"@type\":\"CommentAction\",\"name\":\"Comment\",\"target\":[\"https:\/\/ubanews.com\/site\/2018\/06\/11\/foram-tres-apreensoes-de-drogas-no-final-de-semana-em-uba\/#respond\"]}]},{\"@type\":\"WebPage\",\"@id\":\"https:\/\/ubanews.com\/site\/2018\/06\/11\/foram-tres-apreensoes-de-drogas-no-final-de-semana-em-uba\/\",\"url\":\"https:\/\/ubanews.com\/site\/2018\/06\/11\/foram-tres-apreensoes-de-drogas-no-final-de-semana-em-uba\/\",\"name\":\"APREENS\u00d5ES DE DROGAS FEITAS FINAL DE SEMANA EM UB\u00c1 - Ub\u00e1 News\",\"isPartOf\":{\"@id\":\"https:\/\/ubanews.com\/site\/#website\"},\"primaryImageOfPage\":{\"@id\":\"https:\/\/ubanews.com\/site\/2018\/06\/11\/foram-tres-apreensoes-de-drogas-no-final-de-semana-em-uba\/#primaryimage\"},\"image\":{\"@id\":\"https:\/\/ubanews.com\/site\/2018\/06\/11\/foram-tres-apreensoes-de-drogas-no-final-de-semana-em-uba\/#primaryimage\"},\"thumbnailUrl\":\"https:\/\/ubanews.com\/site\/wp-content\/uploads\/2018\/06\/Tr\u00e1fico-de-Drogas.jpg\",\"datePublished\":\"2018-06-11T18:44:37+00:00\",\"dateModified\":\"2018-06-11T18:46:08+00:00\",\"breadcrumb\":{\"@id\":\"https:\/\/ubanews.com\/site\/2018\/06\/11\/foram-tres-apreensoes-de-drogas-no-final-de-semana-em-uba\/#breadcrumb\"},\"inLanguage\":\"pt-BR\",\"potentialAction\":[{\"@type\":\"ReadAction\",\"target\":[\"https:\/\/ubanews.com\/site\/2018\/06\/11\/foram-tres-apreensoes-de-drogas-no-final-de-semana-em-uba\/\"]}]},{\"@type\":\"ImageObject\",\"inLanguage\":\"pt-BR\",\"@id\":\"https:\/\/ubanews.com\/site\/2018\/06\/11\/foram-tres-apreensoes-de-drogas-no-final-de-semana-em-uba\/#primaryimage\",\"url\":\"https:\/\/ubanews.com\/site\/wp-content\/uploads\/2018\/06\/Tr\u00e1fico-de-Drogas.jpg\",\"contentUrl\":\"https:\/\/ubanews.com\/site\/wp-content\/uploads\/2018\/06\/Tr\u00e1fico-de-Drogas.jpg\",\"width\":800,\"height\":445},{\"@type\":\"BreadcrumbList\",\"@id\":\"https:\/\/ubanews.com\/site\/2018\/06\/11\/foram-tres-apreensoes-de-drogas-no-final-de-semana-em-uba\/#breadcrumb\",\"itemListElement\":[{\"@type\":\"ListItem\",\"position\":1,\"name\":\"Home\",\"item\":\"https:\/\/ubanews.com\/site\/\"},{\"@type\":\"ListItem\",\"position\":2,\"name\":\"APREENS\u00d5ES DE DROGAS FEITAS FINAL DE SEMANA EM UB\u00c1\"}]},{\"@type\":\"WebSite\",\"@id\":\"https:\/\/ubanews.com\/site\/#website\",\"url\":\"https:\/\/ubanews.com\/site\/\",\"name\":\"Ub\u00e1 News\",\"description\":\"\",\"publisher\":{\"@id\":\"https:\/\/ubanews.com\/site\/#organization\"},\"potentialAction\":[{\"@type\":\"SearchAction\",\"target\":{\"@type\":\"EntryPoint\",\"urlTemplate\":\"https:\/\/ubanews.com\/site\/?s={search_term_string}\"},\"query-input\":{\"@type\":\"PropertyValueSpecification\",\"valueRequired\":true,\"valueName\":\"search_term_string\"}}],\"inLanguage\":\"pt-BR\"},{\"@type\":\"Organization\",\"@id\":\"https:\/\/ubanews.com\/site\/#organization\",\"name\":\"Ub\u00e1 News\",\"url\":\"https:\/\/ubanews.com\/site\/\",\"logo\":{\"@type\":\"ImageObject\",\"inLanguage\":\"pt-BR\",\"@id\":\"https:\/\/ubanews.com\/site\/#\/schema\/logo\/image\/\",\"url\":\"https:\/\/ubanews.com\/site\/wp-content\/uploads\/2018\/01\/logoubanews.png\",\"contentUrl\":\"https:\/\/ubanews.com\/site\/wp-content\/uploads\/2018\/01\/logoubanews.png\",\"width\":261,\"height\":99,\"caption\":\"Ub\u00e1 News\"},\"image\":{\"@id\":\"https:\/\/ubanews.com\/site\/#\/schema\/logo\/image\/\"},\"sameAs\":[\"https:\/\/www.facebook.com\/Ub\u00e1News-Carlos-Roberto-Sodr\u00e9-418778301977370\"]},{\"@type\":\"Person\",\"@id\":\"https:\/\/ubanews.com\/site\/#\/schema\/person\/d90c9e47252fbb63dcc969fe4c8b9d10\",\"name\":\"Sodr\u00e9\",\"image\":{\"@type\":\"ImageObject\",\"inLanguage\":\"pt-BR\",\"@id\":\"https:\/\/secure.gravatar.com\/avatar\/5ba2793f0590b9dbfad3fdec4ee714485b3eef211c9b32ee53d414060454a56c?s=96&d=mm&r=g\",\"url\":\"https:\/\/secure.gravatar.com\/avatar\/5ba2793f0590b9dbfad3fdec4ee714485b3eef211c9b32ee53d414060454a56c?s=96&d=mm&r=g\",\"contentUrl\":\"https:\/\/secure.gravatar.com\/avatar\/5ba2793f0590b9dbfad3fdec4ee714485b3eef211c9b32ee53d414060454a56c?s=96&d=mm&r=g\",\"caption\":\"Sodr\u00e9\"},\"sameAs\":[\"https:\/\/www.facebook.com\/carosroberto.sodre.5\/\"],\"url\":\"https:\/\/ubanews.com\/site\/author\/felipe\/\"}]}<\/script>\n<!-- \/ Yoast SEO plugin. -->","yoast_head_json":{"title":"APREENS\u00d5ES DE DROGAS FEITAS FINAL DE SEMANA EM UB\u00c1 - Ub\u00e1 News","robots":{"index":"index","follow":"follow","max-snippet":"max-snippet:-1","max-image-preview":"max-image-preview:large","max-video-preview":"max-video-preview:-1"},"canonical":"https:\/\/ubanews.com\/site\/2018\/06\/11\/foram-tres-apreensoes-de-drogas-no-final-de-semana-em-uba\/","og_locale":"pt_BR","og_type":"article","og_title":"APREENS\u00d5ES DE DROGAS FEITAS FINAL DE SEMANA EM UB\u00c1 - Ub\u00e1 News","og_description":"No dia 09 de junho, por volta das 05h 10min,","og_url":"https:\/\/ubanews.com\/site\/2018\/06\/11\/foram-tres-apreensoes-de-drogas-no-final-de-semana-em-uba\/","og_site_name":"Ub\u00e1 News","article_publisher":"https:\/\/www.facebook.com\/Ub%c3%a1News-Carlos-Roberto-Sodr%c3%a9-418778301977370","article_author":"https:\/\/www.facebook.com\/carosroberto.sodre.5\/","article_published_time":"2018-06-11T18:44:37+00:00","article_modified_time":"2018-06-11T18:46:08+00:00","og_image":[{"width":800,"height":445,"url":"https:\/\/ubanews.com\/site\/wp-content\/uploads\/2018\/06\/Tr\u00e1fico-de-Drogas.jpg","type":"image\/jpeg"}],"author":"Sodr\u00e9","twitter_card":"summary_large_image","twitter_misc":{"Escrito por":"Sodr\u00e9","Est. tempo de leitura":"2 minutos"},"schema":{"@context":"https:\/\/schema.org","@graph":[{"@type":"Article","@id":"https:\/\/ubanews.com\/site\/2018\/06\/11\/foram-tres-apreensoes-de-drogas-no-final-de-semana-em-uba\/#article","isPartOf":{"@id":"https:\/\/ubanews.com\/site\/2018\/06\/11\/foram-tres-apreensoes-de-drogas-no-final-de-semana-em-uba\/"},"author":{"name":"Sodr\u00e9","@id":"https:\/\/ubanews.com\/site\/#\/schema\/person\/d90c9e47252fbb63dcc969fe4c8b9d10"},"headline":"APREENS\u00d5ES DE DROGAS FEITAS FINAL DE SEMANA EM UB\u00c1","datePublished":"2018-06-11T18:44:37+00:00","dateModified":"2018-06-11T18:46:08+00:00","mainEntityOfPage":{"@id":"https:\/\/ubanews.com\/site\/2018\/06\/11\/foram-tres-apreensoes-de-drogas-no-final-de-semana-em-uba\/"},"wordCount":373,"commentCount":0,"publisher":{"@id":"https:\/\/ubanews.com\/site\/#organization"},"image":{"@id":"https:\/\/ubanews.com\/site\/2018\/06\/11\/foram-tres-apreensoes-de-drogas-no-final-de-semana-em-uba\/#primaryimage"},"thumbnailUrl":"https:\/\/ubanews.com\/site\/wp-content\/uploads\/2018\/06\/Tr\u00e1fico-de-Drogas.jpg","articleSection":["S\u00edntese das Ocorr\u00eancias"],"inLanguage":"pt-BR","potentialAction":[{"@type":"CommentAction","name":"Comment","target":["https:\/\/ubanews.com\/site\/2018\/06\/11\/foram-tres-apreensoes-de-drogas-no-final-de-semana-em-uba\/#respond"]}]},{"@type":"WebPage","@id":"https:\/\/ubanews.com\/site\/2018\/06\/11\/foram-tres-apreensoes-de-drogas-no-final-de-semana-em-uba\/","url":"https:\/\/ubanews.com\/site\/2018\/06\/11\/foram-tres-apreensoes-de-drogas-no-final-de-semana-em-uba\/","name":"APREENS\u00d5ES DE DROGAS FEITAS FINAL DE SEMANA EM UB\u00c1 - Ub\u00e1 News","isPartOf":{"@id":"https:\/\/ubanews.com\/site\/#website"},"primaryImageOfPage":{"@id":"https:\/\/ubanews.com\/site\/2018\/06\/11\/foram-tres-apreensoes-de-drogas-no-final-de-semana-em-uba\/#primaryimage"},"image":{"@id":"https:\/\/ubanews.com\/site\/2018\/06\/11\/foram-tres-apreensoes-de-drogas-no-final-de-semana-em-uba\/#primaryimage"},"thumbnailUrl":"https:\/\/ubanews.com\/site\/wp-content\/uploads\/2018\/06\/Tr\u00e1fico-de-Drogas.jpg","datePublished":"2018-06-11T18:44:37+00:00","dateModified":"2018-06-11T18:46:08+00:00","breadcrumb":{"@id":"https:\/\/ubanews.com\/site\/2018\/06\/11\/foram-tres-apreensoes-de-drogas-no-final-de-semana-em-uba\/#breadcrumb"},"inLanguage":"pt-BR","potentialAction":[{"@type":"ReadAction","target":["https:\/\/ubanews.com\/site\/2018\/06\/11\/foram-tres-apreensoes-de-drogas-no-final-de-semana-em-uba\/"]}]},{"@type":"ImageObject","inLanguage":"pt-BR","@id":"https:\/\/ubanews.com\/site\/2018\/06\/11\/foram-tres-apreensoes-de-drogas-no-final-de-semana-em-uba\/#primaryimage","url":"https:\/\/ubanews.com\/site\/wp-content\/uploads\/2018\/06\/Tr\u00e1fico-de-Drogas.jpg","contentUrl":"https:\/\/ubanews.com\/site\/wp-content\/uploads\/2018\/06\/Tr\u00e1fico-de-Drogas.jpg","width":800,"height":445},{"@type":"BreadcrumbList","@id":"https:\/\/ubanews.com\/site\/2018\/06\/11\/foram-tres-apreensoes-de-drogas-no-final-de-semana-em-uba\/#breadcrumb","itemListElement":[{"@type":"ListItem","position":1,"name":"Home","item":"https:\/\/ubanews.com\/site\/"},{"@type":"ListItem","position":2,"name":"APREENS\u00d5ES DE DROGAS FEITAS FINAL DE SEMANA EM UB\u00c1"}]},{"@type":"WebSite","@id":"https:\/\/ubanews.com\/site\/#website","url":"https:\/\/ubanews.com\/site\/","name":"Ub\u00e1 News","description":"","publisher":{"@id":"https:\/\/ubanews.com\/site\/#organization"},"potentialAction":[{"@type":"SearchAction","target":{"@type":"EntryPoint","urlTemplate":"https:\/\/ubanews.com\/site\/?s={search_term_string}"},"query-input":{"@type":"PropertyValueSpecification","valueRequired":true,"valueName":"search_term_string"}}],"inLanguage":"pt-BR"},{"@type":"Organization","@id":"https:\/\/ubanews.com\/site\/#organization","name":"Ub\u00e1 News","url":"https:\/\/ubanews.com\/site\/","logo":{"@type":"ImageObject","inLanguage":"pt-BR","@id":"https:\/\/ubanews.com\/site\/#\/schema\/logo\/image\/","url":"https:\/\/ubanews.com\/site\/wp-content\/uploads\/2018\/01\/logoubanews.png","contentUrl":"https:\/\/ubanews.com\/site\/wp-content\/uploads\/2018\/01\/logoubanews.png","width":261,"height":99,"caption":"Ub\u00e1 News"},"image":{"@id":"https:\/\/ubanews.com\/site\/#\/schema\/logo\/image\/"},"sameAs":["https:\/\/www.facebook.com\/Ub\u00e1News-Carlos-Roberto-Sodr\u00e9-418778301977370"]},{"@type":"Person","@id":"https:\/\/ubanews.com\/site\/#\/schema\/person\/d90c9e47252fbb63dcc969fe4c8b9d10","name":"Sodr\u00e9","image":{"@type":"ImageObject","inLanguage":"pt-BR","@id":"https:\/\/secure.gravatar.com\/avatar\/5ba2793f0590b9dbfad3fdec4ee714485b3eef211c9b32ee53d414060454a56c?s=96&d=mm&r=g","url":"https:\/\/secure.gravatar.com\/avatar\/5ba2793f0590b9dbfad3fdec4ee714485b3eef211c9b32ee53d414060454a56c?s=96&d=mm&r=g","contentUrl":"https:\/\/secure.gravatar.com\/avatar\/5ba2793f0590b9dbfad3fdec4ee714485b3eef211c9b32ee53d414060454a56c?s=96&d=mm&r=g","caption":"Sodr\u00e9"},"sameAs":["https:\/\/www.facebook.com\/carosroberto.sodre.5\/"],"url":"https:\/\/ubanews.com\/site\/author\/felipe\/"}]}},"_links":{"self":[{"href":"https:\/\/ubanews.com\/site\/wp-json\/wp\/v2\/posts\/4572","targetHints":{"allow":["GET"]}}],"collection":[{"href":"https:\/\/ubanews.com\/site\/wp-json\/wp\/v2\/posts"}],"about":[{"href":"https:\/\/ubanews.com\/site\/wp-json\/wp\/v2\/types\/post"}],"author":[{"embeddable":true,"href":"https:\/\/ubanews.com\/site\/wp-json\/wp\/v2\/users\/2"}],"replies":[{"embeddable":true,"href":"https:\/\/ubanews.com\/site\/wp-json\/wp\/v2\/comments?post=4572"}],"version-history":[{"count":0,"href":"https:\/\/ubanews.com\/site\/wp-json\/wp\/v2\/posts\/4572\/revisions"}],"wp:featuredmedia":[{"embeddable":true,"href":"https:\/\/ubanews.com\/site\/wp-json\/wp\/v2\/media\/4579"}],"wp:attachment":[{"href":"https:\/\/ubanews.com\/site\/wp-json\/wp\/v2\/media?parent=4572"}],"wp:term":[{"taxonomy":"category","embeddable":true,"href":"https:\/\/ubanews.com\/site\/wp-json\/wp\/v2\/categories?post=4572"},{"taxonomy":"post_tag","embeddable":true,"href":"https:\/\/ubanews.com\/site\/wp-json\/wp\/v2\/tags?post=4572"}],"curies":[{"name":"wp","href":"https:\/\/api.w.org\/{rel}","templated":true}]}}