{"id":4561,"date":"2018-06-11T15:41:10","date_gmt":"2018-06-11T18:41:10","guid":{"rendered":"http:\/\/ubanews.com\/site\/?p=4561"},"modified":"2018-06-25T09:42:15","modified_gmt":"2018-06-25T12:42:15","slug":"o-mangueiras-country-clube-o-lazer-verde-da-cidade-tem-novo-presidente","status":"publish","type":"post","link":"https:\/\/ubanews.com\/site\/2018\/06\/11\/o-mangueiras-country-clube-o-lazer-verde-da-cidade-tem-novo-presidente\/","title":{"rendered":"O MANGUEIRAS COUNTRY CLUBE O LAZER VERDE DA CIDADE TEM NOVO PRESIDENTE."},"content":{"rendered":"<p><img decoding=\"async\" class=\"alignnone size-full wp-image-4565 lazyload\" data-src=\"https:\/\/ubanews.com\/site\/wp-content\/uploads\/2018\/06\/DSC_6365-c\u00f3pia.jpg\" alt=\"\" width=\"800\" height=\"444\" data-srcset=\"https:\/\/ubanews.com\/site\/wp-content\/uploads\/2018\/06\/DSC_6365-c\u00f3pia.jpg 800w, https:\/\/ubanews.com\/site\/wp-content\/uploads\/2018\/06\/DSC_6365-c\u00f3pia-300x167.jpg 300w, https:\/\/ubanews.com\/site\/wp-content\/uploads\/2018\/06\/DSC_6365-c\u00f3pia-768x426.jpg 768w, https:\/\/ubanews.com\/site\/wp-content\/uploads\/2018\/06\/DSC_6365-c\u00f3pia-360x200.jpg 360w\" data-sizes=\"(max-width: 800px) 100vw, 800px\" src=\"data:image\/svg+xml;base64,PHN2ZyB3aWR0aD0iMSIgaGVpZ2h0PSIxIiB4bWxucz0iaHR0cDovL3d3dy53My5vcmcvMjAwMC9zdmciPjwvc3ZnPg==\" style=\"--smush-placeholder-width: 800px; --smush-placeholder-aspect-ratio: 800\/444;\" \/> <img decoding=\"async\" class=\"alignnone size-full wp-image-4566 lazyload\" data-src=\"https:\/\/ubanews.com\/site\/wp-content\/uploads\/2018\/06\/DSC_6370-c\u00f3pia.jpg\" alt=\"\" width=\"800\" height=\"444\" data-srcset=\"https:\/\/ubanews.com\/site\/wp-content\/uploads\/2018\/06\/DSC_6370-c\u00f3pia.jpg 800w, https:\/\/ubanews.com\/site\/wp-content\/uploads\/2018\/06\/DSC_6370-c\u00f3pia-300x167.jpg 300w, https:\/\/ubanews.com\/site\/wp-content\/uploads\/2018\/06\/DSC_6370-c\u00f3pia-768x426.jpg 768w, https:\/\/ubanews.com\/site\/wp-content\/uploads\/2018\/06\/DSC_6370-c\u00f3pia-360x200.jpg 360w\" data-sizes=\"(max-width: 800px) 100vw, 800px\" src=\"data:image\/svg+xml;base64,PHN2ZyB3aWR0aD0iMSIgaGVpZ2h0PSIxIiB4bWxucz0iaHR0cDovL3d3dy53My5vcmcvMjAwMC9zdmciPjwvc3ZnPg==\" style=\"--smush-placeholder-width: 800px; --smush-placeholder-aspect-ratio: 800\/444;\" \/> <img decoding=\"async\" class=\"alignnone size-full wp-image-4567 lazyload\" data-src=\"https:\/\/ubanews.com\/site\/wp-content\/uploads\/2018\/06\/DSC_6393-c\u00f3pia.jpg\" alt=\"\" width=\"800\" height=\"444\" data-srcset=\"https:\/\/ubanews.com\/site\/wp-content\/uploads\/2018\/06\/DSC_6393-c\u00f3pia.jpg 800w, https:\/\/ubanews.com\/site\/wp-content\/uploads\/2018\/06\/DSC_6393-c\u00f3pia-300x167.jpg 300w, https:\/\/ubanews.com\/site\/wp-content\/uploads\/2018\/06\/DSC_6393-c\u00f3pia-768x426.jpg 768w, https:\/\/ubanews.com\/site\/wp-content\/uploads\/2018\/06\/DSC_6393-c\u00f3pia-360x200.jpg 360w\" data-sizes=\"(max-width: 800px) 100vw, 800px\" src=\"data:image\/svg+xml;base64,PHN2ZyB3aWR0aD0iMSIgaGVpZ2h0PSIxIiB4bWxucz0iaHR0cDovL3d3dy53My5vcmcvMjAwMC9zdmciPjwvc3ZnPg==\" style=\"--smush-placeholder-width: 800px; --smush-placeholder-aspect-ratio: 800\/444;\" \/><\/p>\n<p class=\"MsoNormal\" style=\"text-align: justify;\"><span style=\"font-family: 'Times New Roman', serif; font-size: 14pt;\">Com 220 votos favor\u00e1veis, a dupla Paulo Henrique Pires Andrade e Agostinho da Silveira foi a grande vencedora das elei\u00e7\u00f5es, para o bi\u00eanio 2018\/2020, de um dos mais tradicionais clubes da cidade, o Mangueiras. Tamb\u00e9m conhecido como o lazer verde de Ub\u00e1. A disputa foi acirrada, por\u00e9m com muito respeito entre os candidatos. A chapa vencedora concorreu \u00e0s elei\u00e7\u00f5es com mais duas duplas: Beralnir (presidente) e Sandro (Vice-presidente) e Marcelo (presidente) e Kiko Schettino (vice-presidente).<\/span><\/p>\n<p class=\"MsoNormal\" style=\"text-align: justify;\"><span style=\"font-size: 14.0pt; line-height: 115%; font-family: 'Times New Roman','serif';\">Paulo Henrique e Agostinho falam em seriedade e muita responsabilidade, na dire\u00e7\u00e3o do clube. N\u00e3o abrem m\u00e3o disso. \u201cTemos que ressaltar o clima ordeiro durante a disputa; um pleito com pessoas inteligentes e civilizadas que amam o clube e a gente preza por isso e vamos buscar a partir de agora dar sequencia a bom trabalho foi deixado &#8230;\u201d. Assim, foram as primeiras palavras de Paulinho como o novo presidente!!!<\/span><\/p>\n<p class=\"MsoNormal\" style=\"text-align: justify;\"><span style=\"font-size: 14.0pt; line-height: 115%; font-family: 'Times New Roman','serif';\">Desejamos sucesso aos vencedores na condu\u00e7\u00e3o dos trabalhos no clube!!!<\/span><\/p>\n<div style=\"position: relative; height: 0; padding-bottom: 56.25%;\"><iframe style=\"position: absolute; width: 100%; height: 100%; left: 0;\" data-src=\"https:\/\/www.youtube.com\/embed\/2yg2N8zpkwg?ecver=2\" width=\"640\" height=\"360\" frameborder=\"0\" allowfullscreen=\"allowfullscreen\" src=\"data:image\/svg+xml;base64,PHN2ZyB3aWR0aD0iMSIgaGVpZ2h0PSIxIiB4bWxucz0iaHR0cDovL3d3dy53My5vcmcvMjAwMC9zdmciPjwvc3ZnPg==\" class=\"lazyload\" data-load-mode=\"1\"><\/iframe><\/div>\n<p>&nbsp;<\/p>\n","protected":false},"excerpt":{"rendered":"<p>Com 220 votos favor\u00e1veis, a dupla Paulo Henrique Pires Andrade<\/p>\n","protected":false},"author":2,"featured_media":4564,"comment_status":"open","ping_status":"open","sticky":false,"template":"","format":"standard","meta":{"footnotes":""},"categories":[1],"tags":[],"class_list":["post-4561","post","type-post","status-publish","format-standard","has-post-thumbnail","hentry","category-sem-categoria"],"yoast_head":"<!-- This site is optimized with the Yoast SEO plugin v27.2 - https:\/\/yoast.com\/product\/yoast-seo-wordpress\/ -->\n<title>O MANGUEIRAS COUNTRY CLUBE O LAZER VERDE DA CIDADE TEM NOVO PRESIDENTE. - Ub\u00e1 News<\/title>\n<meta name=\"robots\" content=\"index, follow, max-snippet:-1, max-image-preview:large, max-video-preview:-1\" \/>\n<link rel=\"canonical\" href=\"https:\/\/ubanews.com\/site\/2018\/06\/11\/o-mangueiras-country-clube-o-lazer-verde-da-cidade-tem-novo-presidente\/\" \/>\n<meta property=\"og:locale\" content=\"pt_BR\" \/>\n<meta property=\"og:type\" content=\"article\" \/>\n<meta property=\"og:title\" content=\"O MANGUEIRAS COUNTRY CLUBE O LAZER VERDE DA CIDADE TEM NOVO PRESIDENTE. - Ub\u00e1 News\" \/>\n<meta property=\"og:description\" content=\"Com 220 votos favor\u00e1veis, a dupla Paulo Henrique Pires Andrade\" \/>\n<meta property=\"og:url\" content=\"https:\/\/ubanews.com\/site\/2018\/06\/11\/o-mangueiras-country-clube-o-lazer-verde-da-cidade-tem-novo-presidente\/\" \/>\n<meta property=\"og:site_name\" content=\"Ub\u00e1 News\" \/>\n<meta property=\"article:publisher\" content=\"https:\/\/www.facebook.com\/Ub%c3%a1News-Carlos-Roberto-Sodr%c3%a9-418778301977370\" \/>\n<meta property=\"article:author\" content=\"https:\/\/www.facebook.com\/carosroberto.sodre.5\/\" \/>\n<meta property=\"article:published_time\" content=\"2018-06-11T18:41:10+00:00\" \/>\n<meta property=\"article:modified_time\" content=\"2018-06-25T12:42:15+00:00\" \/>\n<meta property=\"og:image\" content=\"https:\/\/ubanews.com\/site\/wp-content\/uploads\/2018\/06\/0001-c\u00f3pia.jpg\" \/>\n\t<meta property=\"og:image:width\" content=\"800\" \/>\n\t<meta property=\"og:image:height\" content=\"445\" \/>\n\t<meta property=\"og:image:type\" content=\"image\/jpeg\" \/>\n<meta name=\"author\" content=\"Sodr\u00e9\" \/>\n<meta name=\"twitter:card\" content=\"summary_large_image\" \/>\n<meta name=\"twitter:label1\" content=\"Escrito por\" \/>\n\t<meta name=\"twitter:data1\" content=\"Sodr\u00e9\" \/>\n\t<meta name=\"twitter:label2\" content=\"Est. tempo de leitura\" \/>\n\t<meta name=\"twitter:data2\" content=\"1 minuto\" \/>\n<script type=\"application\/ld+json\" class=\"yoast-schema-graph\">{\"@context\":\"https:\/\/schema.org\",\"@graph\":[{\"@type\":\"Article\",\"@id\":\"https:\/\/ubanews.com\/site\/2018\/06\/11\/o-mangueiras-country-clube-o-lazer-verde-da-cidade-tem-novo-presidente\/#article\",\"isPartOf\":{\"@id\":\"https:\/\/ubanews.com\/site\/2018\/06\/11\/o-mangueiras-country-clube-o-lazer-verde-da-cidade-tem-novo-presidente\/\"},\"author\":{\"name\":\"Sodr\u00e9\",\"@id\":\"https:\/\/ubanews.com\/site\/#\/schema\/person\/d90c9e47252fbb63dcc969fe4c8b9d10\"},\"headline\":\"O MANGUEIRAS COUNTRY CLUBE O LAZER VERDE DA CIDADE TEM NOVO PRESIDENTE.\",\"datePublished\":\"2018-06-11T18:41:10+00:00\",\"dateModified\":\"2018-06-25T12:42:15+00:00\",\"mainEntityOfPage\":{\"@id\":\"https:\/\/ubanews.com\/site\/2018\/06\/11\/o-mangueiras-country-clube-o-lazer-verde-da-cidade-tem-novo-presidente\/\"},\"wordCount\":175,\"commentCount\":1,\"publisher\":{\"@id\":\"https:\/\/ubanews.com\/site\/#organization\"},\"image\":{\"@id\":\"https:\/\/ubanews.com\/site\/2018\/06\/11\/o-mangueiras-country-clube-o-lazer-verde-da-cidade-tem-novo-presidente\/#primaryimage\"},\"thumbnailUrl\":\"https:\/\/ubanews.com\/site\/wp-content\/uploads\/2018\/06\/0001-c\u00f3pia.jpg\",\"articleSection\":[\"Geral\"],\"inLanguage\":\"pt-BR\",\"potentialAction\":[{\"@type\":\"CommentAction\",\"name\":\"Comment\",\"target\":[\"https:\/\/ubanews.com\/site\/2018\/06\/11\/o-mangueiras-country-clube-o-lazer-verde-da-cidade-tem-novo-presidente\/#respond\"]}]},{\"@type\":\"WebPage\",\"@id\":\"https:\/\/ubanews.com\/site\/2018\/06\/11\/o-mangueiras-country-clube-o-lazer-verde-da-cidade-tem-novo-presidente\/\",\"url\":\"https:\/\/ubanews.com\/site\/2018\/06\/11\/o-mangueiras-country-clube-o-lazer-verde-da-cidade-tem-novo-presidente\/\",\"name\":\"O MANGUEIRAS COUNTRY CLUBE O LAZER VERDE DA CIDADE TEM NOVO PRESIDENTE. - Ub\u00e1 News\",\"isPartOf\":{\"@id\":\"https:\/\/ubanews.com\/site\/#website\"},\"primaryImageOfPage\":{\"@id\":\"https:\/\/ubanews.com\/site\/2018\/06\/11\/o-mangueiras-country-clube-o-lazer-verde-da-cidade-tem-novo-presidente\/#primaryimage\"},\"image\":{\"@id\":\"https:\/\/ubanews.com\/site\/2018\/06\/11\/o-mangueiras-country-clube-o-lazer-verde-da-cidade-tem-novo-presidente\/#primaryimage\"},\"thumbnailUrl\":\"https:\/\/ubanews.com\/site\/wp-content\/uploads\/2018\/06\/0001-c\u00f3pia.jpg\",\"datePublished\":\"2018-06-11T18:41:10+00:00\",\"dateModified\":\"2018-06-25T12:42:15+00:00\",\"breadcrumb\":{\"@id\":\"https:\/\/ubanews.com\/site\/2018\/06\/11\/o-mangueiras-country-clube-o-lazer-verde-da-cidade-tem-novo-presidente\/#breadcrumb\"},\"inLanguage\":\"pt-BR\",\"potentialAction\":[{\"@type\":\"ReadAction\",\"target\":[\"https:\/\/ubanews.com\/site\/2018\/06\/11\/o-mangueiras-country-clube-o-lazer-verde-da-cidade-tem-novo-presidente\/\"]}]},{\"@type\":\"ImageObject\",\"inLanguage\":\"pt-BR\",\"@id\":\"https:\/\/ubanews.com\/site\/2018\/06\/11\/o-mangueiras-country-clube-o-lazer-verde-da-cidade-tem-novo-presidente\/#primaryimage\",\"url\":\"https:\/\/ubanews.com\/site\/wp-content\/uploads\/2018\/06\/0001-c\u00f3pia.jpg\",\"contentUrl\":\"https:\/\/ubanews.com\/site\/wp-content\/uploads\/2018\/06\/0001-c\u00f3pia.jpg\",\"width\":800,\"height\":445},{\"@type\":\"BreadcrumbList\",\"@id\":\"https:\/\/ubanews.com\/site\/2018\/06\/11\/o-mangueiras-country-clube-o-lazer-verde-da-cidade-tem-novo-presidente\/#breadcrumb\",\"itemListElement\":[{\"@type\":\"ListItem\",\"position\":1,\"name\":\"Home\",\"item\":\"https:\/\/ubanews.com\/site\/\"},{\"@type\":\"ListItem\",\"position\":2,\"name\":\"O MANGUEIRAS COUNTRY CLUBE O LAZER VERDE DA CIDADE TEM NOVO PRESIDENTE.\"}]},{\"@type\":\"WebSite\",\"@id\":\"https:\/\/ubanews.com\/site\/#website\",\"url\":\"https:\/\/ubanews.com\/site\/\",\"name\":\"Ub\u00e1 News\",\"description\":\"\",\"publisher\":{\"@id\":\"https:\/\/ubanews.com\/site\/#organization\"},\"potentialAction\":[{\"@type\":\"SearchAction\",\"target\":{\"@type\":\"EntryPoint\",\"urlTemplate\":\"https:\/\/ubanews.com\/site\/?s={search_term_string}\"},\"query-input\":{\"@type\":\"PropertyValueSpecification\",\"valueRequired\":true,\"valueName\":\"search_term_string\"}}],\"inLanguage\":\"pt-BR\"},{\"@type\":\"Organization\",\"@id\":\"https:\/\/ubanews.com\/site\/#organization\",\"name\":\"Ub\u00e1 News\",\"url\":\"https:\/\/ubanews.com\/site\/\",\"logo\":{\"@type\":\"ImageObject\",\"inLanguage\":\"pt-BR\",\"@id\":\"https:\/\/ubanews.com\/site\/#\/schema\/logo\/image\/\",\"url\":\"https:\/\/ubanews.com\/site\/wp-content\/uploads\/2018\/01\/logoubanews.png\",\"contentUrl\":\"https:\/\/ubanews.com\/site\/wp-content\/uploads\/2018\/01\/logoubanews.png\",\"width\":261,\"height\":99,\"caption\":\"Ub\u00e1 News\"},\"image\":{\"@id\":\"https:\/\/ubanews.com\/site\/#\/schema\/logo\/image\/\"},\"sameAs\":[\"https:\/\/www.facebook.com\/Ub\u00e1News-Carlos-Roberto-Sodr\u00e9-418778301977370\"]},{\"@type\":\"Person\",\"@id\":\"https:\/\/ubanews.com\/site\/#\/schema\/person\/d90c9e47252fbb63dcc969fe4c8b9d10\",\"name\":\"Sodr\u00e9\",\"image\":{\"@type\":\"ImageObject\",\"inLanguage\":\"pt-BR\",\"@id\":\"https:\/\/secure.gravatar.com\/avatar\/5ba2793f0590b9dbfad3fdec4ee714485b3eef211c9b32ee53d414060454a56c?s=96&d=mm&r=g\",\"url\":\"https:\/\/secure.gravatar.com\/avatar\/5ba2793f0590b9dbfad3fdec4ee714485b3eef211c9b32ee53d414060454a56c?s=96&d=mm&r=g\",\"contentUrl\":\"https:\/\/secure.gravatar.com\/avatar\/5ba2793f0590b9dbfad3fdec4ee714485b3eef211c9b32ee53d414060454a56c?s=96&d=mm&r=g\",\"caption\":\"Sodr\u00e9\"},\"sameAs\":[\"https:\/\/www.facebook.com\/carosroberto.sodre.5\/\"],\"url\":\"https:\/\/ubanews.com\/site\/author\/felipe\/\"}]}<\/script>\n<!-- \/ Yoast SEO plugin. -->","yoast_head_json":{"title":"O MANGUEIRAS COUNTRY CLUBE O LAZER VERDE DA CIDADE TEM NOVO PRESIDENTE. - Ub\u00e1 News","robots":{"index":"index","follow":"follow","max-snippet":"max-snippet:-1","max-image-preview":"max-image-preview:large","max-video-preview":"max-video-preview:-1"},"canonical":"https:\/\/ubanews.com\/site\/2018\/06\/11\/o-mangueiras-country-clube-o-lazer-verde-da-cidade-tem-novo-presidente\/","og_locale":"pt_BR","og_type":"article","og_title":"O MANGUEIRAS COUNTRY CLUBE O LAZER VERDE DA CIDADE TEM NOVO PRESIDENTE. - Ub\u00e1 News","og_description":"Com 220 votos favor\u00e1veis, a dupla Paulo Henrique Pires Andrade","og_url":"https:\/\/ubanews.com\/site\/2018\/06\/11\/o-mangueiras-country-clube-o-lazer-verde-da-cidade-tem-novo-presidente\/","og_site_name":"Ub\u00e1 News","article_publisher":"https:\/\/www.facebook.com\/Ub%c3%a1News-Carlos-Roberto-Sodr%c3%a9-418778301977370","article_author":"https:\/\/www.facebook.com\/carosroberto.sodre.5\/","article_published_time":"2018-06-11T18:41:10+00:00","article_modified_time":"2018-06-25T12:42:15+00:00","og_image":[{"width":800,"height":445,"url":"https:\/\/ubanews.com\/site\/wp-content\/uploads\/2018\/06\/0001-c\u00f3pia.jpg","type":"image\/jpeg"}],"author":"Sodr\u00e9","twitter_card":"summary_large_image","twitter_misc":{"Escrito por":"Sodr\u00e9","Est. tempo de leitura":"1 minuto"},"schema":{"@context":"https:\/\/schema.org","@graph":[{"@type":"Article","@id":"https:\/\/ubanews.com\/site\/2018\/06\/11\/o-mangueiras-country-clube-o-lazer-verde-da-cidade-tem-novo-presidente\/#article","isPartOf":{"@id":"https:\/\/ubanews.com\/site\/2018\/06\/11\/o-mangueiras-country-clube-o-lazer-verde-da-cidade-tem-novo-presidente\/"},"author":{"name":"Sodr\u00e9","@id":"https:\/\/ubanews.com\/site\/#\/schema\/person\/d90c9e47252fbb63dcc969fe4c8b9d10"},"headline":"O MANGUEIRAS COUNTRY CLUBE O LAZER VERDE DA CIDADE TEM NOVO PRESIDENTE.","datePublished":"2018-06-11T18:41:10+00:00","dateModified":"2018-06-25T12:42:15+00:00","mainEntityOfPage":{"@id":"https:\/\/ubanews.com\/site\/2018\/06\/11\/o-mangueiras-country-clube-o-lazer-verde-da-cidade-tem-novo-presidente\/"},"wordCount":175,"commentCount":1,"publisher":{"@id":"https:\/\/ubanews.com\/site\/#organization"},"image":{"@id":"https:\/\/ubanews.com\/site\/2018\/06\/11\/o-mangueiras-country-clube-o-lazer-verde-da-cidade-tem-novo-presidente\/#primaryimage"},"thumbnailUrl":"https:\/\/ubanews.com\/site\/wp-content\/uploads\/2018\/06\/0001-c\u00f3pia.jpg","articleSection":["Geral"],"inLanguage":"pt-BR","potentialAction":[{"@type":"CommentAction","name":"Comment","target":["https:\/\/ubanews.com\/site\/2018\/06\/11\/o-mangueiras-country-clube-o-lazer-verde-da-cidade-tem-novo-presidente\/#respond"]}]},{"@type":"WebPage","@id":"https:\/\/ubanews.com\/site\/2018\/06\/11\/o-mangueiras-country-clube-o-lazer-verde-da-cidade-tem-novo-presidente\/","url":"https:\/\/ubanews.com\/site\/2018\/06\/11\/o-mangueiras-country-clube-o-lazer-verde-da-cidade-tem-novo-presidente\/","name":"O MANGUEIRAS COUNTRY CLUBE O LAZER VERDE DA CIDADE TEM NOVO PRESIDENTE. - Ub\u00e1 News","isPartOf":{"@id":"https:\/\/ubanews.com\/site\/#website"},"primaryImageOfPage":{"@id":"https:\/\/ubanews.com\/site\/2018\/06\/11\/o-mangueiras-country-clube-o-lazer-verde-da-cidade-tem-novo-presidente\/#primaryimage"},"image":{"@id":"https:\/\/ubanews.com\/site\/2018\/06\/11\/o-mangueiras-country-clube-o-lazer-verde-da-cidade-tem-novo-presidente\/#primaryimage"},"thumbnailUrl":"https:\/\/ubanews.com\/site\/wp-content\/uploads\/2018\/06\/0001-c\u00f3pia.jpg","datePublished":"2018-06-11T18:41:10+00:00","dateModified":"2018-06-25T12:42:15+00:00","breadcrumb":{"@id":"https:\/\/ubanews.com\/site\/2018\/06\/11\/o-mangueiras-country-clube-o-lazer-verde-da-cidade-tem-novo-presidente\/#breadcrumb"},"inLanguage":"pt-BR","potentialAction":[{"@type":"ReadAction","target":["https:\/\/ubanews.com\/site\/2018\/06\/11\/o-mangueiras-country-clube-o-lazer-verde-da-cidade-tem-novo-presidente\/"]}]},{"@type":"ImageObject","inLanguage":"pt-BR","@id":"https:\/\/ubanews.com\/site\/2018\/06\/11\/o-mangueiras-country-clube-o-lazer-verde-da-cidade-tem-novo-presidente\/#primaryimage","url":"https:\/\/ubanews.com\/site\/wp-content\/uploads\/2018\/06\/0001-c\u00f3pia.jpg","contentUrl":"https:\/\/ubanews.com\/site\/wp-content\/uploads\/2018\/06\/0001-c\u00f3pia.jpg","width":800,"height":445},{"@type":"BreadcrumbList","@id":"https:\/\/ubanews.com\/site\/2018\/06\/11\/o-mangueiras-country-clube-o-lazer-verde-da-cidade-tem-novo-presidente\/#breadcrumb","itemListElement":[{"@type":"ListItem","position":1,"name":"Home","item":"https:\/\/ubanews.com\/site\/"},{"@type":"ListItem","position":2,"name":"O MANGUEIRAS COUNTRY CLUBE O LAZER VERDE DA CIDADE TEM NOVO PRESIDENTE."}]},{"@type":"WebSite","@id":"https:\/\/ubanews.com\/site\/#website","url":"https:\/\/ubanews.com\/site\/","name":"Ub\u00e1 News","description":"","publisher":{"@id":"https:\/\/ubanews.com\/site\/#organization"},"potentialAction":[{"@type":"SearchAction","target":{"@type":"EntryPoint","urlTemplate":"https:\/\/ubanews.com\/site\/?s={search_term_string}"},"query-input":{"@type":"PropertyValueSpecification","valueRequired":true,"valueName":"search_term_string"}}],"inLanguage":"pt-BR"},{"@type":"Organization","@id":"https:\/\/ubanews.com\/site\/#organization","name":"Ub\u00e1 News","url":"https:\/\/ubanews.com\/site\/","logo":{"@type":"ImageObject","inLanguage":"pt-BR","@id":"https:\/\/ubanews.com\/site\/#\/schema\/logo\/image\/","url":"https:\/\/ubanews.com\/site\/wp-content\/uploads\/2018\/01\/logoubanews.png","contentUrl":"https:\/\/ubanews.com\/site\/wp-content\/uploads\/2018\/01\/logoubanews.png","width":261,"height":99,"caption":"Ub\u00e1 News"},"image":{"@id":"https:\/\/ubanews.com\/site\/#\/schema\/logo\/image\/"},"sameAs":["https:\/\/www.facebook.com\/Ub\u00e1News-Carlos-Roberto-Sodr\u00e9-418778301977370"]},{"@type":"Person","@id":"https:\/\/ubanews.com\/site\/#\/schema\/person\/d90c9e47252fbb63dcc969fe4c8b9d10","name":"Sodr\u00e9","image":{"@type":"ImageObject","inLanguage":"pt-BR","@id":"https:\/\/secure.gravatar.com\/avatar\/5ba2793f0590b9dbfad3fdec4ee714485b3eef211c9b32ee53d414060454a56c?s=96&d=mm&r=g","url":"https:\/\/secure.gravatar.com\/avatar\/5ba2793f0590b9dbfad3fdec4ee714485b3eef211c9b32ee53d414060454a56c?s=96&d=mm&r=g","contentUrl":"https:\/\/secure.gravatar.com\/avatar\/5ba2793f0590b9dbfad3fdec4ee714485b3eef211c9b32ee53d414060454a56c?s=96&d=mm&r=g","caption":"Sodr\u00e9"},"sameAs":["https:\/\/www.facebook.com\/carosroberto.sodre.5\/"],"url":"https:\/\/ubanews.com\/site\/author\/felipe\/"}]}},"_links":{"self":[{"href":"https:\/\/ubanews.com\/site\/wp-json\/wp\/v2\/posts\/4561","targetHints":{"allow":["GET"]}}],"collection":[{"href":"https:\/\/ubanews.com\/site\/wp-json\/wp\/v2\/posts"}],"about":[{"href":"https:\/\/ubanews.com\/site\/wp-json\/wp\/v2\/types\/post"}],"author":[{"embeddable":true,"href":"https:\/\/ubanews.com\/site\/wp-json\/wp\/v2\/users\/2"}],"replies":[{"embeddable":true,"href":"https:\/\/ubanews.com\/site\/wp-json\/wp\/v2\/comments?post=4561"}],"version-history":[{"count":0,"href":"https:\/\/ubanews.com\/site\/wp-json\/wp\/v2\/posts\/4561\/revisions"}],"wp:featuredmedia":[{"embeddable":true,"href":"https:\/\/ubanews.com\/site\/wp-json\/wp\/v2\/media\/4564"}],"wp:attachment":[{"href":"https:\/\/ubanews.com\/site\/wp-json\/wp\/v2\/media?parent=4561"}],"wp:term":[{"taxonomy":"category","embeddable":true,"href":"https:\/\/ubanews.com\/site\/wp-json\/wp\/v2\/categories?post=4561"},{"taxonomy":"post_tag","embeddable":true,"href":"https:\/\/ubanews.com\/site\/wp-json\/wp\/v2\/tags?post=4561"}],"curies":[{"name":"wp","href":"https:\/\/api.w.org\/{rel}","templated":true}]}}