{"id":4480,"date":"2018-06-08T21:00:06","date_gmt":"2018-06-09T00:00:06","guid":{"rendered":"http:\/\/ubanews.com\/site\/?p=4480"},"modified":"2018-06-08T17:36:17","modified_gmt":"2018-06-08T20:36:17","slug":"feira-de-economia-solidaria-cooperacao-solidariedade-e-sustentabilidade","status":"publish","type":"post","link":"https:\/\/ubanews.com\/site\/2018\/06\/08\/feira-de-economia-solidaria-cooperacao-solidariedade-e-sustentabilidade\/","title":{"rendered":"Feira de Economia Solid\u00e1ria, coopera\u00e7\u00e3o, solidariedade e sustentabilidade."},"content":{"rendered":"<p style=\"margin: 0cm; margin-bottom: .0001pt; background: white;\"><span style=\"font-size: 11.0pt; font-family: 'Arial','sans-serif'; color: #1d2129;\"><img decoding=\"async\" class=\"alignnone size-full wp-image-4482 lazyload\" data-src=\"https:\/\/ubanews.com\/site\/wp-content\/uploads\/2018\/06\/DSC_6030-c\u00f3pia.jpg\" alt=\"\" width=\"800\" height=\"444\" data-srcset=\"https:\/\/ubanews.com\/site\/wp-content\/uploads\/2018\/06\/DSC_6030-c\u00f3pia.jpg 800w, https:\/\/ubanews.com\/site\/wp-content\/uploads\/2018\/06\/DSC_6030-c\u00f3pia-300x167.jpg 300w, https:\/\/ubanews.com\/site\/wp-content\/uploads\/2018\/06\/DSC_6030-c\u00f3pia-768x426.jpg 768w, https:\/\/ubanews.com\/site\/wp-content\/uploads\/2018\/06\/DSC_6030-c\u00f3pia-360x200.jpg 360w\" data-sizes=\"(max-width: 800px) 100vw, 800px\" src=\"data:image\/svg+xml;base64,PHN2ZyB3aWR0aD0iMSIgaGVpZ2h0PSIxIiB4bWxucz0iaHR0cDovL3d3dy53My5vcmcvMjAwMC9zdmciPjwvc3ZnPg==\" style=\"--smush-placeholder-width: 800px; --smush-placeholder-aspect-ratio: 800\/444;\" \/> <img decoding=\"async\" class=\"alignnone size-full wp-image-4483 lazyload\" data-src=\"https:\/\/ubanews.com\/site\/wp-content\/uploads\/2018\/06\/DSC_6031-c\u00f3pia.jpg\" alt=\"\" width=\"800\" height=\"444\" data-srcset=\"https:\/\/ubanews.com\/site\/wp-content\/uploads\/2018\/06\/DSC_6031-c\u00f3pia.jpg 800w, https:\/\/ubanews.com\/site\/wp-content\/uploads\/2018\/06\/DSC_6031-c\u00f3pia-300x167.jpg 300w, https:\/\/ubanews.com\/site\/wp-content\/uploads\/2018\/06\/DSC_6031-c\u00f3pia-768x426.jpg 768w, https:\/\/ubanews.com\/site\/wp-content\/uploads\/2018\/06\/DSC_6031-c\u00f3pia-360x200.jpg 360w\" data-sizes=\"(max-width: 800px) 100vw, 800px\" src=\"data:image\/svg+xml;base64,PHN2ZyB3aWR0aD0iMSIgaGVpZ2h0PSIxIiB4bWxucz0iaHR0cDovL3d3dy53My5vcmcvMjAwMC9zdmciPjwvc3ZnPg==\" style=\"--smush-placeholder-width: 800px; --smush-placeholder-aspect-ratio: 800\/444;\" \/> <img decoding=\"async\" class=\"alignnone size-full wp-image-4484 lazyload\" data-src=\"https:\/\/ubanews.com\/site\/wp-content\/uploads\/2018\/06\/DSC_6032-c\u00f3pia.jpg\" alt=\"\" width=\"800\" height=\"444\" data-srcset=\"https:\/\/ubanews.com\/site\/wp-content\/uploads\/2018\/06\/DSC_6032-c\u00f3pia.jpg 800w, https:\/\/ubanews.com\/site\/wp-content\/uploads\/2018\/06\/DSC_6032-c\u00f3pia-300x167.jpg 300w, https:\/\/ubanews.com\/site\/wp-content\/uploads\/2018\/06\/DSC_6032-c\u00f3pia-768x426.jpg 768w, https:\/\/ubanews.com\/site\/wp-content\/uploads\/2018\/06\/DSC_6032-c\u00f3pia-360x200.jpg 360w\" data-sizes=\"(max-width: 800px) 100vw, 800px\" src=\"data:image\/svg+xml;base64,PHN2ZyB3aWR0aD0iMSIgaGVpZ2h0PSIxIiB4bWxucz0iaHR0cDovL3d3dy53My5vcmcvMjAwMC9zdmciPjwvc3ZnPg==\" style=\"--smush-placeholder-width: 800px; --smush-placeholder-aspect-ratio: 800\/444;\" \/> <img decoding=\"async\" class=\"alignnone size-full wp-image-4485 lazyload\" data-src=\"https:\/\/ubanews.com\/site\/wp-content\/uploads\/2018\/06\/DSC_6034-c\u00f3pia.jpg\" alt=\"\" width=\"800\" height=\"444\" data-srcset=\"https:\/\/ubanews.com\/site\/wp-content\/uploads\/2018\/06\/DSC_6034-c\u00f3pia.jpg 800w, https:\/\/ubanews.com\/site\/wp-content\/uploads\/2018\/06\/DSC_6034-c\u00f3pia-300x167.jpg 300w, https:\/\/ubanews.com\/site\/wp-content\/uploads\/2018\/06\/DSC_6034-c\u00f3pia-768x426.jpg 768w, https:\/\/ubanews.com\/site\/wp-content\/uploads\/2018\/06\/DSC_6034-c\u00f3pia-360x200.jpg 360w\" data-sizes=\"(max-width: 800px) 100vw, 800px\" src=\"data:image\/svg+xml;base64,PHN2ZyB3aWR0aD0iMSIgaGVpZ2h0PSIxIiB4bWxucz0iaHR0cDovL3d3dy53My5vcmcvMjAwMC9zdmciPjwvc3ZnPg==\" style=\"--smush-placeholder-width: 800px; --smush-placeholder-aspect-ratio: 800\/444;\" \/> <img decoding=\"async\" class=\"alignnone size-full wp-image-4486 lazyload\" data-src=\"https:\/\/ubanews.com\/site\/wp-content\/uploads\/2018\/06\/DSC_6035-c\u00f3pia.jpg\" alt=\"\" width=\"800\" height=\"444\" data-srcset=\"https:\/\/ubanews.com\/site\/wp-content\/uploads\/2018\/06\/DSC_6035-c\u00f3pia.jpg 800w, https:\/\/ubanews.com\/site\/wp-content\/uploads\/2018\/06\/DSC_6035-c\u00f3pia-300x167.jpg 300w, https:\/\/ubanews.com\/site\/wp-content\/uploads\/2018\/06\/DSC_6035-c\u00f3pia-768x426.jpg 768w, https:\/\/ubanews.com\/site\/wp-content\/uploads\/2018\/06\/DSC_6035-c\u00f3pia-360x200.jpg 360w\" data-sizes=\"(max-width: 800px) 100vw, 800px\" src=\"data:image\/svg+xml;base64,PHN2ZyB3aWR0aD0iMSIgaGVpZ2h0PSIxIiB4bWxucz0iaHR0cDovL3d3dy53My5vcmcvMjAwMC9zdmciPjwvc3ZnPg==\" style=\"--smush-placeholder-width: 800px; --smush-placeholder-aspect-ratio: 800\/444;\" \/> <img decoding=\"async\" class=\"alignnone size-full wp-image-4487 lazyload\" data-src=\"https:\/\/ubanews.com\/site\/wp-content\/uploads\/2018\/06\/DSC_6036-c\u00f3pia.jpg\" alt=\"\" width=\"800\" height=\"444\" data-srcset=\"https:\/\/ubanews.com\/site\/wp-content\/uploads\/2018\/06\/DSC_6036-c\u00f3pia.jpg 800w, https:\/\/ubanews.com\/site\/wp-content\/uploads\/2018\/06\/DSC_6036-c\u00f3pia-300x167.jpg 300w, https:\/\/ubanews.com\/site\/wp-content\/uploads\/2018\/06\/DSC_6036-c\u00f3pia-768x426.jpg 768w, https:\/\/ubanews.com\/site\/wp-content\/uploads\/2018\/06\/DSC_6036-c\u00f3pia-360x200.jpg 360w\" data-sizes=\"(max-width: 800px) 100vw, 800px\" src=\"data:image\/svg+xml;base64,PHN2ZyB3aWR0aD0iMSIgaGVpZ2h0PSIxIiB4bWxucz0iaHR0cDovL3d3dy53My5vcmcvMjAwMC9zdmciPjwvc3ZnPg==\" style=\"--smush-placeholder-width: 800px; --smush-placeholder-aspect-ratio: 800\/444;\" \/> <img decoding=\"async\" class=\"alignnone size-full wp-image-4488 lazyload\" data-src=\"https:\/\/ubanews.com\/site\/wp-content\/uploads\/2018\/06\/DSC_6039-c\u00f3pia.jpg\" alt=\"\" width=\"800\" height=\"444\" data-srcset=\"https:\/\/ubanews.com\/site\/wp-content\/uploads\/2018\/06\/DSC_6039-c\u00f3pia.jpg 800w, https:\/\/ubanews.com\/site\/wp-content\/uploads\/2018\/06\/DSC_6039-c\u00f3pia-300x167.jpg 300w, https:\/\/ubanews.com\/site\/wp-content\/uploads\/2018\/06\/DSC_6039-c\u00f3pia-768x426.jpg 768w, https:\/\/ubanews.com\/site\/wp-content\/uploads\/2018\/06\/DSC_6039-c\u00f3pia-360x200.jpg 360w\" data-sizes=\"(max-width: 800px) 100vw, 800px\" src=\"data:image\/svg+xml;base64,PHN2ZyB3aWR0aD0iMSIgaGVpZ2h0PSIxIiB4bWxucz0iaHR0cDovL3d3dy53My5vcmcvMjAwMC9zdmciPjwvc3ZnPg==\" style=\"--smush-placeholder-width: 800px; --smush-placeholder-aspect-ratio: 800\/444;\" \/> <img decoding=\"async\" class=\"alignnone size-full wp-image-4489 lazyload\" data-src=\"https:\/\/ubanews.com\/site\/wp-content\/uploads\/2018\/06\/DSC_6041-c\u00f3pia.jpg\" alt=\"\" width=\"800\" height=\"444\" data-srcset=\"https:\/\/ubanews.com\/site\/wp-content\/uploads\/2018\/06\/DSC_6041-c\u00f3pia.jpg 800w, https:\/\/ubanews.com\/site\/wp-content\/uploads\/2018\/06\/DSC_6041-c\u00f3pia-300x167.jpg 300w, https:\/\/ubanews.com\/site\/wp-content\/uploads\/2018\/06\/DSC_6041-c\u00f3pia-768x426.jpg 768w, https:\/\/ubanews.com\/site\/wp-content\/uploads\/2018\/06\/DSC_6041-c\u00f3pia-360x200.jpg 360w\" data-sizes=\"(max-width: 800px) 100vw, 800px\" src=\"data:image\/svg+xml;base64,PHN2ZyB3aWR0aD0iMSIgaGVpZ2h0PSIxIiB4bWxucz0iaHR0cDovL3d3dy53My5vcmcvMjAwMC9zdmciPjwvc3ZnPg==\" style=\"--smush-placeholder-width: 800px; --smush-placeholder-aspect-ratio: 800\/444;\" \/> <img decoding=\"async\" class=\"alignnone size-full wp-image-4490 lazyload\" data-src=\"https:\/\/ubanews.com\/site\/wp-content\/uploads\/2018\/06\/DSC_6043-c\u00f3pia.jpg\" alt=\"\" width=\"800\" height=\"444\" data-srcset=\"https:\/\/ubanews.com\/site\/wp-content\/uploads\/2018\/06\/DSC_6043-c\u00f3pia.jpg 800w, https:\/\/ubanews.com\/site\/wp-content\/uploads\/2018\/06\/DSC_6043-c\u00f3pia-300x167.jpg 300w, https:\/\/ubanews.com\/site\/wp-content\/uploads\/2018\/06\/DSC_6043-c\u00f3pia-768x426.jpg 768w, https:\/\/ubanews.com\/site\/wp-content\/uploads\/2018\/06\/DSC_6043-c\u00f3pia-360x200.jpg 360w\" data-sizes=\"(max-width: 800px) 100vw, 800px\" src=\"data:image\/svg+xml;base64,PHN2ZyB3aWR0aD0iMSIgaGVpZ2h0PSIxIiB4bWxucz0iaHR0cDovL3d3dy53My5vcmcvMjAwMC9zdmciPjwvc3ZnPg==\" style=\"--smush-placeholder-width: 800px; --smush-placeholder-aspect-ratio: 800\/444;\" \/> <img decoding=\"async\" class=\"alignnone size-full wp-image-4491 lazyload\" data-src=\"https:\/\/ubanews.com\/site\/wp-content\/uploads\/2018\/06\/DSC_6045-c\u00f3pia.jpg\" alt=\"\" width=\"800\" height=\"444\" data-srcset=\"https:\/\/ubanews.com\/site\/wp-content\/uploads\/2018\/06\/DSC_6045-c\u00f3pia.jpg 800w, https:\/\/ubanews.com\/site\/wp-content\/uploads\/2018\/06\/DSC_6045-c\u00f3pia-300x167.jpg 300w, https:\/\/ubanews.com\/site\/wp-content\/uploads\/2018\/06\/DSC_6045-c\u00f3pia-768x426.jpg 768w, https:\/\/ubanews.com\/site\/wp-content\/uploads\/2018\/06\/DSC_6045-c\u00f3pia-360x200.jpg 360w\" data-sizes=\"(max-width: 800px) 100vw, 800px\" src=\"data:image\/svg+xml;base64,PHN2ZyB3aWR0aD0iMSIgaGVpZ2h0PSIxIiB4bWxucz0iaHR0cDovL3d3dy53My5vcmcvMjAwMC9zdmciPjwvc3ZnPg==\" style=\"--smush-placeholder-width: 800px; --smush-placeholder-aspect-ratio: 800\/444;\" \/> <img decoding=\"async\" class=\"alignnone size-full wp-image-4492 lazyload\" data-src=\"https:\/\/ubanews.com\/site\/wp-content\/uploads\/2018\/06\/DSC_6028-c\u00f3pia.jpg\" alt=\"\" width=\"800\" height=\"444\" data-srcset=\"https:\/\/ubanews.com\/site\/wp-content\/uploads\/2018\/06\/DSC_6028-c\u00f3pia.jpg 800w, https:\/\/ubanews.com\/site\/wp-content\/uploads\/2018\/06\/DSC_6028-c\u00f3pia-300x167.jpg 300w, https:\/\/ubanews.com\/site\/wp-content\/uploads\/2018\/06\/DSC_6028-c\u00f3pia-768x426.jpg 768w, https:\/\/ubanews.com\/site\/wp-content\/uploads\/2018\/06\/DSC_6028-c\u00f3pia-360x200.jpg 360w\" data-sizes=\"(max-width: 800px) 100vw, 800px\" src=\"data:image\/svg+xml;base64,PHN2ZyB3aWR0aD0iMSIgaGVpZ2h0PSIxIiB4bWxucz0iaHR0cDovL3d3dy53My5vcmcvMjAwMC9zdmciPjwvc3ZnPg==\" style=\"--smush-placeholder-width: 800px; --smush-placeholder-aspect-ratio: 800\/444;\" \/>&nbsp;<\/span><\/p>\n<p style=\"margin: 0cm; margin-bottom: .0001pt; background: white;\"><span style=\"font-size: 11.0pt; font-family: 'Arial','sans-serif'; color: #1d2129;\">A Secretaria de Desenvolvimento Social realizou no dia 08 de junho, sexta-feira, entre o hor\u00e1rio 15 \u00e0s 19h, a Feira de Economia Solid\u00e1ria. O evento tem o objetivo de proporcionar um espa\u00e7o coletivo de trabalho e gera\u00e7\u00e3o de renda, contando com a participa\u00e7\u00e3o de usu\u00e1rios dos Centros de Refer\u00eancia de Assist\u00eancia Social (CRAS) que participam das oficinas de gera\u00e7\u00e3o de renda, disponibilizando os produtos confeccionados nos equipamentos.<\/span><\/p>\n<p style=\"margin: 0cm; margin-bottom: .0001pt; background: white;\"><span style=\"font-size: 11.0pt; font-family: 'Arial','sans-serif'; color: #1d2129;\">&nbsp;<\/span><\/p>\n<p style=\"margin: 0cm; margin-bottom: .0001pt; background: white;\"><span style=\"font-size: 11.0pt; font-family: 'Arial','sans-serif'; color: #1d2129;\">Agricultores familiares encaminhad<span class=\"textexposedshow\">os pelo Banco de Alimentos tamb\u00e9m estiveram presentes. Quem chegou at\u00e9 nos artes\u00e3os, encontrou artesanatos em geral, bolos, biscoitos e doces da agricultura familiar.<\/span><br \/>\n<span class=\"textexposedshow\">E para ficar melhor este evento, a participa\u00e7\u00e3o musical da dupla Nana e Nega.<\/span><\/span><\/p>\n","protected":false},"excerpt":{"rendered":"<p>&nbsp; A Secretaria de Desenvolvimento Social realizou no dia 08<\/p>\n","protected":false},"author":2,"featured_media":4488,"comment_status":"open","ping_status":"open","sticky":false,"template":"","format":"standard","meta":{"footnotes":""},"categories":[1],"tags":[],"class_list":["post-4480","post","type-post","status-publish","format-standard","has-post-thumbnail","hentry","category-sem-categoria"],"yoast_head":"<!-- This site is optimized with the Yoast SEO plugin v27.2 - https:\/\/yoast.com\/product\/yoast-seo-wordpress\/ -->\n<title>Feira de Economia Solid\u00e1ria, coopera\u00e7\u00e3o, solidariedade e sustentabilidade. - Ub\u00e1 News<\/title>\n<meta name=\"robots\" content=\"index, follow, max-snippet:-1, max-image-preview:large, max-video-preview:-1\" \/>\n<link rel=\"canonical\" href=\"https:\/\/ubanews.com\/site\/2018\/06\/08\/feira-de-economia-solidaria-cooperacao-solidariedade-e-sustentabilidade\/\" \/>\n<meta property=\"og:locale\" content=\"pt_BR\" \/>\n<meta property=\"og:type\" content=\"article\" \/>\n<meta property=\"og:title\" content=\"Feira de Economia Solid\u00e1ria, coopera\u00e7\u00e3o, solidariedade e sustentabilidade. - Ub\u00e1 News\" \/>\n<meta property=\"og:description\" content=\"&nbsp; A Secretaria de Desenvolvimento Social realizou no dia 08\" \/>\n<meta property=\"og:url\" content=\"https:\/\/ubanews.com\/site\/2018\/06\/08\/feira-de-economia-solidaria-cooperacao-solidariedade-e-sustentabilidade\/\" \/>\n<meta property=\"og:site_name\" content=\"Ub\u00e1 News\" \/>\n<meta property=\"article:publisher\" content=\"https:\/\/www.facebook.com\/Ub%c3%a1News-Carlos-Roberto-Sodr%c3%a9-418778301977370\" \/>\n<meta property=\"article:author\" content=\"https:\/\/www.facebook.com\/carosroberto.sodre.5\/\" \/>\n<meta property=\"article:published_time\" content=\"2018-06-09T00:00:06+00:00\" \/>\n<meta property=\"og:image\" content=\"https:\/\/ubanews.com\/site\/wp-content\/uploads\/2018\/06\/DSC_6039-c\u00f3pia.jpg\" \/>\n\t<meta property=\"og:image:width\" content=\"800\" \/>\n\t<meta property=\"og:image:height\" content=\"444\" \/>\n\t<meta property=\"og:image:type\" content=\"image\/jpeg\" \/>\n<meta name=\"author\" content=\"Sodr\u00e9\" \/>\n<meta name=\"twitter:card\" content=\"summary_large_image\" \/>\n<meta name=\"twitter:label1\" content=\"Escrito por\" \/>\n\t<meta name=\"twitter:data1\" content=\"Sodr\u00e9\" \/>\n\t<meta name=\"twitter:label2\" content=\"Est. tempo de leitura\" \/>\n\t<meta name=\"twitter:data2\" content=\"1 minuto\" \/>\n<script type=\"application\/ld+json\" class=\"yoast-schema-graph\">{\"@context\":\"https:\/\/schema.org\",\"@graph\":[{\"@type\":\"Article\",\"@id\":\"https:\/\/ubanews.com\/site\/2018\/06\/08\/feira-de-economia-solidaria-cooperacao-solidariedade-e-sustentabilidade\/#article\",\"isPartOf\":{\"@id\":\"https:\/\/ubanews.com\/site\/2018\/06\/08\/feira-de-economia-solidaria-cooperacao-solidariedade-e-sustentabilidade\/\"},\"author\":{\"name\":\"Sodr\u00e9\",\"@id\":\"https:\/\/ubanews.com\/site\/#\/schema\/person\/d90c9e47252fbb63dcc969fe4c8b9d10\"},\"headline\":\"Feira de Economia Solid\u00e1ria, coopera\u00e7\u00e3o, solidariedade e sustentabilidade.\",\"datePublished\":\"2018-06-09T00:00:06+00:00\",\"mainEntityOfPage\":{\"@id\":\"https:\/\/ubanews.com\/site\/2018\/06\/08\/feira-de-economia-solidaria-cooperacao-solidariedade-e-sustentabilidade\/\"},\"wordCount\":129,\"commentCount\":0,\"publisher\":{\"@id\":\"https:\/\/ubanews.com\/site\/#organization\"},\"image\":{\"@id\":\"https:\/\/ubanews.com\/site\/2018\/06\/08\/feira-de-economia-solidaria-cooperacao-solidariedade-e-sustentabilidade\/#primaryimage\"},\"thumbnailUrl\":\"https:\/\/ubanews.com\/site\/wp-content\/uploads\/2018\/06\/DSC_6039-c\u00f3pia.jpg\",\"articleSection\":[\"Geral\"],\"inLanguage\":\"pt-BR\",\"potentialAction\":[{\"@type\":\"CommentAction\",\"name\":\"Comment\",\"target\":[\"https:\/\/ubanews.com\/site\/2018\/06\/08\/feira-de-economia-solidaria-cooperacao-solidariedade-e-sustentabilidade\/#respond\"]}]},{\"@type\":\"WebPage\",\"@id\":\"https:\/\/ubanews.com\/site\/2018\/06\/08\/feira-de-economia-solidaria-cooperacao-solidariedade-e-sustentabilidade\/\",\"url\":\"https:\/\/ubanews.com\/site\/2018\/06\/08\/feira-de-economia-solidaria-cooperacao-solidariedade-e-sustentabilidade\/\",\"name\":\"Feira de Economia Solid\u00e1ria, coopera\u00e7\u00e3o, solidariedade e sustentabilidade. - Ub\u00e1 News\",\"isPartOf\":{\"@id\":\"https:\/\/ubanews.com\/site\/#website\"},\"primaryImageOfPage\":{\"@id\":\"https:\/\/ubanews.com\/site\/2018\/06\/08\/feira-de-economia-solidaria-cooperacao-solidariedade-e-sustentabilidade\/#primaryimage\"},\"image\":{\"@id\":\"https:\/\/ubanews.com\/site\/2018\/06\/08\/feira-de-economia-solidaria-cooperacao-solidariedade-e-sustentabilidade\/#primaryimage\"},\"thumbnailUrl\":\"https:\/\/ubanews.com\/site\/wp-content\/uploads\/2018\/06\/DSC_6039-c\u00f3pia.jpg\",\"datePublished\":\"2018-06-09T00:00:06+00:00\",\"breadcrumb\":{\"@id\":\"https:\/\/ubanews.com\/site\/2018\/06\/08\/feira-de-economia-solidaria-cooperacao-solidariedade-e-sustentabilidade\/#breadcrumb\"},\"inLanguage\":\"pt-BR\",\"potentialAction\":[{\"@type\":\"ReadAction\",\"target\":[\"https:\/\/ubanews.com\/site\/2018\/06\/08\/feira-de-economia-solidaria-cooperacao-solidariedade-e-sustentabilidade\/\"]}]},{\"@type\":\"ImageObject\",\"inLanguage\":\"pt-BR\",\"@id\":\"https:\/\/ubanews.com\/site\/2018\/06\/08\/feira-de-economia-solidaria-cooperacao-solidariedade-e-sustentabilidade\/#primaryimage\",\"url\":\"https:\/\/ubanews.com\/site\/wp-content\/uploads\/2018\/06\/DSC_6039-c\u00f3pia.jpg\",\"contentUrl\":\"https:\/\/ubanews.com\/site\/wp-content\/uploads\/2018\/06\/DSC_6039-c\u00f3pia.jpg\",\"width\":800,\"height\":444},{\"@type\":\"BreadcrumbList\",\"@id\":\"https:\/\/ubanews.com\/site\/2018\/06\/08\/feira-de-economia-solidaria-cooperacao-solidariedade-e-sustentabilidade\/#breadcrumb\",\"itemListElement\":[{\"@type\":\"ListItem\",\"position\":1,\"name\":\"Home\",\"item\":\"https:\/\/ubanews.com\/site\/\"},{\"@type\":\"ListItem\",\"position\":2,\"name\":\"Feira de Economia Solid\u00e1ria, coopera\u00e7\u00e3o, solidariedade e sustentabilidade.\"}]},{\"@type\":\"WebSite\",\"@id\":\"https:\/\/ubanews.com\/site\/#website\",\"url\":\"https:\/\/ubanews.com\/site\/\",\"name\":\"Ub\u00e1 News\",\"description\":\"\",\"publisher\":{\"@id\":\"https:\/\/ubanews.com\/site\/#organization\"},\"potentialAction\":[{\"@type\":\"SearchAction\",\"target\":{\"@type\":\"EntryPoint\",\"urlTemplate\":\"https:\/\/ubanews.com\/site\/?s={search_term_string}\"},\"query-input\":{\"@type\":\"PropertyValueSpecification\",\"valueRequired\":true,\"valueName\":\"search_term_string\"}}],\"inLanguage\":\"pt-BR\"},{\"@type\":\"Organization\",\"@id\":\"https:\/\/ubanews.com\/site\/#organization\",\"name\":\"Ub\u00e1 News\",\"url\":\"https:\/\/ubanews.com\/site\/\",\"logo\":{\"@type\":\"ImageObject\",\"inLanguage\":\"pt-BR\",\"@id\":\"https:\/\/ubanews.com\/site\/#\/schema\/logo\/image\/\",\"url\":\"https:\/\/ubanews.com\/site\/wp-content\/uploads\/2018\/01\/logoubanews.png\",\"contentUrl\":\"https:\/\/ubanews.com\/site\/wp-content\/uploads\/2018\/01\/logoubanews.png\",\"width\":261,\"height\":99,\"caption\":\"Ub\u00e1 News\"},\"image\":{\"@id\":\"https:\/\/ubanews.com\/site\/#\/schema\/logo\/image\/\"},\"sameAs\":[\"https:\/\/www.facebook.com\/Ub\u00e1News-Carlos-Roberto-Sodr\u00e9-418778301977370\"]},{\"@type\":\"Person\",\"@id\":\"https:\/\/ubanews.com\/site\/#\/schema\/person\/d90c9e47252fbb63dcc969fe4c8b9d10\",\"name\":\"Sodr\u00e9\",\"image\":{\"@type\":\"ImageObject\",\"inLanguage\":\"pt-BR\",\"@id\":\"https:\/\/secure.gravatar.com\/avatar\/5ba2793f0590b9dbfad3fdec4ee714485b3eef211c9b32ee53d414060454a56c?s=96&d=mm&r=g\",\"url\":\"https:\/\/secure.gravatar.com\/avatar\/5ba2793f0590b9dbfad3fdec4ee714485b3eef211c9b32ee53d414060454a56c?s=96&d=mm&r=g\",\"contentUrl\":\"https:\/\/secure.gravatar.com\/avatar\/5ba2793f0590b9dbfad3fdec4ee714485b3eef211c9b32ee53d414060454a56c?s=96&d=mm&r=g\",\"caption\":\"Sodr\u00e9\"},\"sameAs\":[\"https:\/\/www.facebook.com\/carosroberto.sodre.5\/\"],\"url\":\"https:\/\/ubanews.com\/site\/author\/felipe\/\"}]}<\/script>\n<!-- \/ Yoast SEO plugin. -->","yoast_head_json":{"title":"Feira de Economia Solid\u00e1ria, coopera\u00e7\u00e3o, solidariedade e sustentabilidade. - Ub\u00e1 News","robots":{"index":"index","follow":"follow","max-snippet":"max-snippet:-1","max-image-preview":"max-image-preview:large","max-video-preview":"max-video-preview:-1"},"canonical":"https:\/\/ubanews.com\/site\/2018\/06\/08\/feira-de-economia-solidaria-cooperacao-solidariedade-e-sustentabilidade\/","og_locale":"pt_BR","og_type":"article","og_title":"Feira de Economia Solid\u00e1ria, coopera\u00e7\u00e3o, solidariedade e sustentabilidade. - Ub\u00e1 News","og_description":"&nbsp; A Secretaria de Desenvolvimento Social realizou no dia 08","og_url":"https:\/\/ubanews.com\/site\/2018\/06\/08\/feira-de-economia-solidaria-cooperacao-solidariedade-e-sustentabilidade\/","og_site_name":"Ub\u00e1 News","article_publisher":"https:\/\/www.facebook.com\/Ub%c3%a1News-Carlos-Roberto-Sodr%c3%a9-418778301977370","article_author":"https:\/\/www.facebook.com\/carosroberto.sodre.5\/","article_published_time":"2018-06-09T00:00:06+00:00","og_image":[{"width":800,"height":444,"url":"https:\/\/ubanews.com\/site\/wp-content\/uploads\/2018\/06\/DSC_6039-c\u00f3pia.jpg","type":"image\/jpeg"}],"author":"Sodr\u00e9","twitter_card":"summary_large_image","twitter_misc":{"Escrito por":"Sodr\u00e9","Est. tempo de leitura":"1 minuto"},"schema":{"@context":"https:\/\/schema.org","@graph":[{"@type":"Article","@id":"https:\/\/ubanews.com\/site\/2018\/06\/08\/feira-de-economia-solidaria-cooperacao-solidariedade-e-sustentabilidade\/#article","isPartOf":{"@id":"https:\/\/ubanews.com\/site\/2018\/06\/08\/feira-de-economia-solidaria-cooperacao-solidariedade-e-sustentabilidade\/"},"author":{"name":"Sodr\u00e9","@id":"https:\/\/ubanews.com\/site\/#\/schema\/person\/d90c9e47252fbb63dcc969fe4c8b9d10"},"headline":"Feira de Economia Solid\u00e1ria, coopera\u00e7\u00e3o, solidariedade e sustentabilidade.","datePublished":"2018-06-09T00:00:06+00:00","mainEntityOfPage":{"@id":"https:\/\/ubanews.com\/site\/2018\/06\/08\/feira-de-economia-solidaria-cooperacao-solidariedade-e-sustentabilidade\/"},"wordCount":129,"commentCount":0,"publisher":{"@id":"https:\/\/ubanews.com\/site\/#organization"},"image":{"@id":"https:\/\/ubanews.com\/site\/2018\/06\/08\/feira-de-economia-solidaria-cooperacao-solidariedade-e-sustentabilidade\/#primaryimage"},"thumbnailUrl":"https:\/\/ubanews.com\/site\/wp-content\/uploads\/2018\/06\/DSC_6039-c\u00f3pia.jpg","articleSection":["Geral"],"inLanguage":"pt-BR","potentialAction":[{"@type":"CommentAction","name":"Comment","target":["https:\/\/ubanews.com\/site\/2018\/06\/08\/feira-de-economia-solidaria-cooperacao-solidariedade-e-sustentabilidade\/#respond"]}]},{"@type":"WebPage","@id":"https:\/\/ubanews.com\/site\/2018\/06\/08\/feira-de-economia-solidaria-cooperacao-solidariedade-e-sustentabilidade\/","url":"https:\/\/ubanews.com\/site\/2018\/06\/08\/feira-de-economia-solidaria-cooperacao-solidariedade-e-sustentabilidade\/","name":"Feira de Economia Solid\u00e1ria, coopera\u00e7\u00e3o, solidariedade e sustentabilidade. - Ub\u00e1 News","isPartOf":{"@id":"https:\/\/ubanews.com\/site\/#website"},"primaryImageOfPage":{"@id":"https:\/\/ubanews.com\/site\/2018\/06\/08\/feira-de-economia-solidaria-cooperacao-solidariedade-e-sustentabilidade\/#primaryimage"},"image":{"@id":"https:\/\/ubanews.com\/site\/2018\/06\/08\/feira-de-economia-solidaria-cooperacao-solidariedade-e-sustentabilidade\/#primaryimage"},"thumbnailUrl":"https:\/\/ubanews.com\/site\/wp-content\/uploads\/2018\/06\/DSC_6039-c\u00f3pia.jpg","datePublished":"2018-06-09T00:00:06+00:00","breadcrumb":{"@id":"https:\/\/ubanews.com\/site\/2018\/06\/08\/feira-de-economia-solidaria-cooperacao-solidariedade-e-sustentabilidade\/#breadcrumb"},"inLanguage":"pt-BR","potentialAction":[{"@type":"ReadAction","target":["https:\/\/ubanews.com\/site\/2018\/06\/08\/feira-de-economia-solidaria-cooperacao-solidariedade-e-sustentabilidade\/"]}]},{"@type":"ImageObject","inLanguage":"pt-BR","@id":"https:\/\/ubanews.com\/site\/2018\/06\/08\/feira-de-economia-solidaria-cooperacao-solidariedade-e-sustentabilidade\/#primaryimage","url":"https:\/\/ubanews.com\/site\/wp-content\/uploads\/2018\/06\/DSC_6039-c\u00f3pia.jpg","contentUrl":"https:\/\/ubanews.com\/site\/wp-content\/uploads\/2018\/06\/DSC_6039-c\u00f3pia.jpg","width":800,"height":444},{"@type":"BreadcrumbList","@id":"https:\/\/ubanews.com\/site\/2018\/06\/08\/feira-de-economia-solidaria-cooperacao-solidariedade-e-sustentabilidade\/#breadcrumb","itemListElement":[{"@type":"ListItem","position":1,"name":"Home","item":"https:\/\/ubanews.com\/site\/"},{"@type":"ListItem","position":2,"name":"Feira de Economia Solid\u00e1ria, coopera\u00e7\u00e3o, solidariedade e sustentabilidade."}]},{"@type":"WebSite","@id":"https:\/\/ubanews.com\/site\/#website","url":"https:\/\/ubanews.com\/site\/","name":"Ub\u00e1 News","description":"","publisher":{"@id":"https:\/\/ubanews.com\/site\/#organization"},"potentialAction":[{"@type":"SearchAction","target":{"@type":"EntryPoint","urlTemplate":"https:\/\/ubanews.com\/site\/?s={search_term_string}"},"query-input":{"@type":"PropertyValueSpecification","valueRequired":true,"valueName":"search_term_string"}}],"inLanguage":"pt-BR"},{"@type":"Organization","@id":"https:\/\/ubanews.com\/site\/#organization","name":"Ub\u00e1 News","url":"https:\/\/ubanews.com\/site\/","logo":{"@type":"ImageObject","inLanguage":"pt-BR","@id":"https:\/\/ubanews.com\/site\/#\/schema\/logo\/image\/","url":"https:\/\/ubanews.com\/site\/wp-content\/uploads\/2018\/01\/logoubanews.png","contentUrl":"https:\/\/ubanews.com\/site\/wp-content\/uploads\/2018\/01\/logoubanews.png","width":261,"height":99,"caption":"Ub\u00e1 News"},"image":{"@id":"https:\/\/ubanews.com\/site\/#\/schema\/logo\/image\/"},"sameAs":["https:\/\/www.facebook.com\/Ub\u00e1News-Carlos-Roberto-Sodr\u00e9-418778301977370"]},{"@type":"Person","@id":"https:\/\/ubanews.com\/site\/#\/schema\/person\/d90c9e47252fbb63dcc969fe4c8b9d10","name":"Sodr\u00e9","image":{"@type":"ImageObject","inLanguage":"pt-BR","@id":"https:\/\/secure.gravatar.com\/avatar\/5ba2793f0590b9dbfad3fdec4ee714485b3eef211c9b32ee53d414060454a56c?s=96&d=mm&r=g","url":"https:\/\/secure.gravatar.com\/avatar\/5ba2793f0590b9dbfad3fdec4ee714485b3eef211c9b32ee53d414060454a56c?s=96&d=mm&r=g","contentUrl":"https:\/\/secure.gravatar.com\/avatar\/5ba2793f0590b9dbfad3fdec4ee714485b3eef211c9b32ee53d414060454a56c?s=96&d=mm&r=g","caption":"Sodr\u00e9"},"sameAs":["https:\/\/www.facebook.com\/carosroberto.sodre.5\/"],"url":"https:\/\/ubanews.com\/site\/author\/felipe\/"}]}},"_links":{"self":[{"href":"https:\/\/ubanews.com\/site\/wp-json\/wp\/v2\/posts\/4480","targetHints":{"allow":["GET"]}}],"collection":[{"href":"https:\/\/ubanews.com\/site\/wp-json\/wp\/v2\/posts"}],"about":[{"href":"https:\/\/ubanews.com\/site\/wp-json\/wp\/v2\/types\/post"}],"author":[{"embeddable":true,"href":"https:\/\/ubanews.com\/site\/wp-json\/wp\/v2\/users\/2"}],"replies":[{"embeddable":true,"href":"https:\/\/ubanews.com\/site\/wp-json\/wp\/v2\/comments?post=4480"}],"version-history":[{"count":0,"href":"https:\/\/ubanews.com\/site\/wp-json\/wp\/v2\/posts\/4480\/revisions"}],"wp:featuredmedia":[{"embeddable":true,"href":"https:\/\/ubanews.com\/site\/wp-json\/wp\/v2\/media\/4488"}],"wp:attachment":[{"href":"https:\/\/ubanews.com\/site\/wp-json\/wp\/v2\/media?parent=4480"}],"wp:term":[{"taxonomy":"category","embeddable":true,"href":"https:\/\/ubanews.com\/site\/wp-json\/wp\/v2\/categories?post=4480"},{"taxonomy":"post_tag","embeddable":true,"href":"https:\/\/ubanews.com\/site\/wp-json\/wp\/v2\/tags?post=4480"}],"curies":[{"name":"wp","href":"https:\/\/api.w.org\/{rel}","templated":true}]}}