{"id":4468,"date":"2018-06-08T13:18:00","date_gmt":"2018-06-08T16:18:00","guid":{"rendered":"http:\/\/ubanews.com\/site\/?p=4468"},"modified":"2018-06-19T09:13:22","modified_gmt":"2018-06-19T12:13:22","slug":"eletro-almeida-recebe-premio-por-excelencia-no-atendimento-nos-40-anos-de-existencia","status":"publish","type":"post","link":"https:\/\/ubanews.com\/site\/2018\/06\/08\/eletro-almeida-recebe-premio-por-excelencia-no-atendimento-nos-40-anos-de-existencia\/","title":{"rendered":"Eletro Almeida recebe pr\u00eamio por excel\u00eancia no atendimento nos 40 anos de exist\u00eancia"},"content":{"rendered":"<p class=\"MsoNoSpacing\" style=\"text-align: justify; text-justify: inter-ideograph; text-indent: 35.45pt; line-height: 150%;\"><span style=\"font-family: Calibri, sans-serif;\"><img decoding=\"async\" class=\"aligncenter wp-image-4471 size-full lazyload\" data-src=\"https:\/\/ubanews.com\/site\/wp-content\/uploads\/2018\/06\/AVATAR-c\u00f3pia.jpg\" alt=\"\" width=\"600\" height=\"600\" data-srcset=\"https:\/\/ubanews.com\/site\/wp-content\/uploads\/2018\/06\/AVATAR-c\u00f3pia.jpg 600w, https:\/\/ubanews.com\/site\/wp-content\/uploads\/2018\/06\/AVATAR-c\u00f3pia-150x150.jpg 150w, https:\/\/ubanews.com\/site\/wp-content\/uploads\/2018\/06\/AVATAR-c\u00f3pia-300x300.jpg 300w\" data-sizes=\"(max-width: 600px) 100vw, 600px\" src=\"data:image\/svg+xml;base64,PHN2ZyB3aWR0aD0iMSIgaGVpZ2h0PSIxIiB4bWxucz0iaHR0cDovL3d3dy53My5vcmcvMjAwMC9zdmciPjwvc3ZnPg==\" style=\"--smush-placeholder-width: 600px; --smush-placeholder-aspect-ratio: 600\/600;\" \/>&nbsp; &nbsp; &nbsp; &nbsp; &nbsp; &nbsp;<\/span><span style=\"font-size: 12.0pt; line-height: 150%; font-family: 'Arial','sans-serif';\">A trajet\u00f3ria da empresa que, completa 40 anos de hist\u00f3ria em 2018, come\u00e7ou em 16 de julho de 1978, em uma garagem da Rua J\u00falia Alvim, na cidade de Ub\u00e1-MG. Fundada pelo Sr. Paulo Silas de Almeida, a empresa iniciou suas atividades com o fornecimento de pe\u00e7as e equipamento de tubo de imagem.<\/span><\/p>\n<p class=\"MsoNoSpacing\" style=\"text-align: justify; text-justify: inter-ideograph; text-indent: 35.45pt; line-height: 150%;\"><strong><span style=\"font-size: 12.0pt; line-height: 150%; font-family: 'Arial','sans-serif';\">Hoje, <\/span><\/strong><span style=\"font-size: 12.0pt; line-height: 150%; font-family: 'Arial','sans-serif';\">a Eletro Almeida \u00e9 uma empresa solida e reconhecida no mercado de venda e presta\u00e7\u00e3o de servi\u00e7o de telecomunica\u00e7\u00f5es na zona da mata mineira. Com sua sede na cidade de Ub\u00e1 (MG), ainda conta com tr\u00eas filiais, nas cidades de Visconde do Rio Branco, Cataguases e Vi\u00e7osa e uma equipe com os melhores profissionais da regi\u00e3o.<b style=\"mso-bidi-font-weight: normal;\"><\/b><\/span><\/p>\n<p class=\"MsoNoSpacing\" style=\"text-align: justify; text-justify: inter-ideograph; text-indent: 35.45pt; line-height: 150%;\"><span style=\"font-size: 12.0pt; line-height: 150%; font-family: 'Arial','sans-serif';\">Mesmo com a expans\u00e3o a empresa n\u00e3o perdeu seu car\u00e1ter familiar, e atualmente a administra\u00e7\u00e3o da varejista \u00e9 realizada por toda a fam\u00edlia Almeida, composta pelo seu fundador Paulo Silas, sua esposa W\u00e2nia Braga, e seus filhos Thiago, Gustavo e Henrique Almeida.<\/span><\/p>\n<p class=\"MsoNoSpacing\" style=\"text-align: justify; text-justify: inter-ideograph; text-indent: 35.45pt; line-height: 150%;\"><span style=\"font-size: 12.0pt; line-height: 150%; font-family: 'Arial','sans-serif';\"><span style=\"font-family: Calibri, sans-serif;\"><img decoding=\"async\" class=\"aligncenter wp-image-4470 size-full lazyload\" data-src=\"https:\/\/ubanews.com\/site\/wp-content\/uploads\/2018\/06\/2-c\u00f3pia.jpg\" alt=\"\" width=\"600\" height=\"600\" data-srcset=\"https:\/\/ubanews.com\/site\/wp-content\/uploads\/2018\/06\/2-c\u00f3pia.jpg 600w, https:\/\/ubanews.com\/site\/wp-content\/uploads\/2018\/06\/2-c\u00f3pia-150x150.jpg 150w, https:\/\/ubanews.com\/site\/wp-content\/uploads\/2018\/06\/2-c\u00f3pia-300x300.jpg 300w\" data-sizes=\"(max-width: 600px) 100vw, 600px\" src=\"data:image\/svg+xml;base64,PHN2ZyB3aWR0aD0iMSIgaGVpZ2h0PSIxIiB4bWxucz0iaHR0cDovL3d3dy53My5vcmcvMjAwMC9zdmciPjwvc3ZnPg==\" style=\"--smush-placeholder-width: 600px; --smush-placeholder-aspect-ratio: 600\/600;\" \/><\/span><\/span><\/p>\n<p class=\"MsoNoSpacing\" style=\"text-align: justify; text-justify: inter-ideograph; text-indent: 35.45pt; line-height: 150%;\"><strong><span style=\"font-size: 12.0pt; line-height: 150%; font-family: 'Arial','sans-serif';\">A Hist\u00f3ria<\/span><\/strong><\/p>\n<p class=\"MsoNoSpacing\" style=\"text-align: justify; text-justify: inter-ideograph; text-indent: 35.45pt; line-height: 150%;\"><span style=\"font-size: 12.0pt; line-height: 150%; font-family: 'Arial','sans-serif';\">Com a premissa de oferecer qualidade com pre\u00e7o justo a Eletro Almeida abriu suas portas pela primeira vez na cidade de Ub\u00e1, em 16 de julho de 1978, com o nome de Eletro Tubos Almeida, na garagem da casa dos pais do fundador Paulo Silas de Almeida.<\/span><\/p>\n<p class=\"MsoNoSpacing\" style=\"text-align: justify; text-justify: inter-ideograph; text-indent: 35.45pt; line-height: 150%;\"><span style=\"font-size: 12.0pt; line-height: 150%; font-family: 'Arial','sans-serif';\">Inicialmente trabalhava-se com equipamentos de tubo de imagem e componentes eletr\u00f4nicos. J\u00e1 no princ\u00edpio da d\u00e9cada de 80, inaugurou sua primeira loja e ampliou seu cat\u00e1logo com a venda e instala\u00e7\u00e3o das antenas espinha de peixe. Na metade da d\u00e9cada tornou-se pioneira na zona da mata no fornecimento de equipamentos e m\u00e3o de obra qualificada para antenas parab\u00f3licas.<\/span><\/p>\n<p class=\"MsoNoSpacing\" style=\"text-align: justify; text-justify: inter-ideograph; text-indent: 35.45pt; line-height: 150%;\"><span style=\"font-size: 12.0pt; line-height: 150%; font-family: 'Arial','sans-serif';\">Com trabalho duro, produtos e servi\u00e7os de alta qualidade e respeito com o consumidor, a Eletro Tubos Almeida se tornou refer\u00eancia e em toda regi\u00e3o. Tal fato chamou aten\u00e7\u00e3o, em 1993, tamb\u00e9m da pioneira GloboSat, que ofereceu o posto de parceiro credenciado a lojista ubaense.<\/span><\/p>\n<p class=\"MsoNoSpacing\" style=\"text-align: justify; text-justify: inter-ideograph; text-indent: 35.45pt; line-height: 150%;\"><span style=\"font-size: 12.0pt; line-height: 150%; font-family: 'Arial','sans-serif';\">Nesse mesmo ano a Eletro Tubos Almeida executou sua primeira estrat\u00e9gia de marketing, junto a GloboSat, e levou a diversos bares e restaurantes da cidade carinho exibi\u00e7\u00f5es de jogos dos principais campeonatos do pais, ao vivo e com a melhor qualidade e sinal fornecida at\u00e9 aquela data.<\/span><\/p>\n<p class=\"MsoNoSpacing\" style=\"text-align: justify; text-justify: inter-ideograph; text-indent: 35.45pt; line-height: 150%;\"><span style=\"font-size: 12.0pt; line-height: 150%; font-family: 'Arial','sans-serif';\">Em 1996 a GloboSat passou por reformula\u00e7\u00f5es e se transformou em SKY, e hoje \u00e9 uma das maiores operadoras de TV por assinatura do pa\u00eds. Entretanto, mesmo com a reestrutura\u00e7\u00e3o manteve a parceria de sucesso com a empresa ubaense.<\/span><\/p>\n<p class=\"MsoNoSpacing\" style=\"text-align: justify; text-justify: inter-ideograph; text-indent: 35.45pt; line-height: 150%;\"><span style=\"font-size: 12.0pt; line-height: 150%; font-family: 'Arial','sans-serif';\">Durante um per\u00edodo da sua hist\u00f3ria, a Eletro Tubos Almeida atuou em diversos seguimentos de mercado, como movelarias e venda de eletrodom\u00e9sticos. No princ\u00edpio dos anos 2000, a Eletro Tubos Almeida, retira o \u201cTubos\u201d de seu nome e passa a se apresentar ao p\u00fablico com Eletro Almeida, e retoma o seu foco no segmento de TV\u2019s. <\/span><\/p>\n<p class=\"MsoNoSpacing\" style=\"text-align: justify; text-justify: inter-ideograph; text-indent: 35.45pt; line-height: 150%;\"><span style=\"font-size: 12.0pt; line-height: 150%; font-family: 'Arial','sans-serif';\">Determinada a manter o seu padr\u00e3o de qualidade para com os seus clientes, e melhorar o seu tempo de atendimento em presta\u00e7\u00e3o de servi\u00e7os, a Eletro Almeida, estabelece a sua rede de atendimento, que hoje conta com quatro lojas, sendo a matriz na cidade de Ub\u00e1, e suas filiais nas cidades de Visconde do Rio Branco, Cataguases e Vi\u00e7osa.<\/span><\/p>\n<p>&nbsp;<\/p>\n<p><strong>&nbsp; &nbsp; &nbsp; &nbsp; &nbsp;Novidades da nova idade<\/strong><\/p>\n<p class=\"MsoNoSpacing\" style=\"text-align: justify; text-justify: inter-ideograph; text-indent: 35.45pt; line-height: 150%;\"><span style=\"font-size: 12.0pt; line-height: 150%; font-family: 'Arial','sans-serif';\">Todo o empenho na busca da satisfa\u00e7\u00e3o do seu cliente trouxe diversas premia\u00e7\u00f5es e reconhecimentos \u00e0 empresa ao longo de sua vida. E para abrir as comemora\u00e7\u00f5es de seus 40 anos, mais uma premia\u00e7\u00e3o foi oferecido a Eletro Almeida, o reconhecimento de excel\u00eancia em atendimento e servi\u00e7os entregue pela SKY, no in\u00edcio deste ano.<\/span><\/p>\n<p><span style=\"font-family: Calibri, sans-serif;\"><img decoding=\"async\" class=\"aligncenter wp-image-4469 size-full lazyload\" data-src=\"https:\/\/ubanews.com\/site\/wp-content\/uploads\/2018\/06\/1-c\u00f3pia.jpg\" alt=\"\" width=\"600\" height=\"600\" data-srcset=\"https:\/\/ubanews.com\/site\/wp-content\/uploads\/2018\/06\/1-c\u00f3pia.jpg 600w, https:\/\/ubanews.com\/site\/wp-content\/uploads\/2018\/06\/1-c\u00f3pia-150x150.jpg 150w, https:\/\/ubanews.com\/site\/wp-content\/uploads\/2018\/06\/1-c\u00f3pia-300x300.jpg 300w\" data-sizes=\"(max-width: 600px) 100vw, 600px\" src=\"data:image\/svg+xml;base64,PHN2ZyB3aWR0aD0iMSIgaGVpZ2h0PSIxIiB4bWxucz0iaHR0cDovL3d3dy53My5vcmcvMjAwMC9zdmciPjwvc3ZnPg==\" style=\"--smush-placeholder-width: 600px; --smush-placeholder-aspect-ratio: 600\/600;\" \/><\/span><\/p>\n<p class=\"MsoNoSpacing\" style=\"text-align: justify; text-justify: inter-ideograph; text-indent: 35.45pt; line-height: 150%;\"><span style=\"font-size: 12.0pt; line-height: 150%; font-family: 'Arial','sans-serif';\">Outra novidade que marca o anivers\u00e1rio da varejista \u00e9 sua inser\u00e7\u00e3o no mercado digital. Em junho de 2018, a Eletro Almeida lan\u00e7a sua plataforma de venda online (<\/span><a href=\"http:\/\/www.eletroalmeida.com.br\/\"><span style=\"font-size: 12.0pt; line-height: 150%; font-family: 'Arial','sans-serif';\">www.eletroalmeida.com.br<\/span><\/a><span style=\"font-size: 12.0pt; line-height: 150%; font-family: 'Arial','sans-serif';\">), e promete fazer com que seu ideal de levar qualidade e satisfa\u00e7\u00e3o a seus clientes chegue a todo o Brasil.<\/span><\/p>\n<p class=\"MsoNoSpacing\" style=\"text-align: justify; text-justify: inter-ideograph; text-indent: 35.45pt; line-height: 150%;\"><span style=\"font-size: 12.0pt; line-height: 150%; font-family: 'Arial','sans-serif';\">&nbsp;<\/span><\/p>\n","protected":false},"excerpt":{"rendered":"<p>&nbsp; &nbsp; &nbsp; &nbsp; &nbsp; &nbsp;A trajet\u00f3ria da empresa que,<\/p>\n","protected":false},"author":2,"featured_media":4472,"comment_status":"open","ping_status":"open","sticky":false,"template":"","format":"standard","meta":{"footnotes":""},"categories":[1],"tags":[],"class_list":["post-4468","post","type-post","status-publish","format-standard","has-post-thumbnail","hentry","category-sem-categoria"],"yoast_head":"<!-- This site is optimized with the Yoast SEO plugin v27.2 - https:\/\/yoast.com\/product\/yoast-seo-wordpress\/ -->\n<title>Eletro Almeida recebe pr\u00eamio por excel\u00eancia no atendimento nos 40 anos de exist\u00eancia - Ub\u00e1 News<\/title>\n<meta name=\"robots\" content=\"index, follow, max-snippet:-1, max-image-preview:large, max-video-preview:-1\" \/>\n<link rel=\"canonical\" href=\"https:\/\/ubanews.com\/site\/2018\/06\/08\/eletro-almeida-recebe-premio-por-excelencia-no-atendimento-nos-40-anos-de-existencia\/\" \/>\n<meta property=\"og:locale\" content=\"pt_BR\" \/>\n<meta property=\"og:type\" content=\"article\" \/>\n<meta property=\"og:title\" content=\"Eletro Almeida recebe pr\u00eamio por excel\u00eancia no atendimento nos 40 anos de exist\u00eancia - Ub\u00e1 News\" \/>\n<meta property=\"og:description\" content=\"&nbsp; &nbsp; &nbsp; &nbsp; &nbsp; &nbsp;A trajet\u00f3ria da empresa que,\" \/>\n<meta property=\"og:url\" content=\"https:\/\/ubanews.com\/site\/2018\/06\/08\/eletro-almeida-recebe-premio-por-excelencia-no-atendimento-nos-40-anos-de-existencia\/\" \/>\n<meta property=\"og:site_name\" content=\"Ub\u00e1 News\" \/>\n<meta property=\"article:publisher\" content=\"https:\/\/www.facebook.com\/Ub%c3%a1News-Carlos-Roberto-Sodr%c3%a9-418778301977370\" \/>\n<meta property=\"article:author\" content=\"https:\/\/www.facebook.com\/carosroberto.sodre.5\/\" \/>\n<meta property=\"article:published_time\" content=\"2018-06-08T16:18:00+00:00\" \/>\n<meta property=\"article:modified_time\" content=\"2018-06-19T12:13:22+00:00\" \/>\n<meta property=\"og:image\" content=\"https:\/\/ubanews.com\/site\/wp-content\/uploads\/2018\/06\/Capa-face-c\u00f3pia.jpg\" \/>\n\t<meta property=\"og:image:width\" content=\"800\" \/>\n\t<meta property=\"og:image:height\" content=\"444\" \/>\n\t<meta property=\"og:image:type\" content=\"image\/jpeg\" \/>\n<meta name=\"author\" content=\"Sodr\u00e9\" \/>\n<meta name=\"twitter:card\" content=\"summary_large_image\" \/>\n<meta name=\"twitter:label1\" content=\"Escrito por\" \/>\n\t<meta name=\"twitter:data1\" content=\"Sodr\u00e9\" \/>\n\t<meta name=\"twitter:label2\" content=\"Est. tempo de leitura\" \/>\n\t<meta name=\"twitter:data2\" content=\"3 minutos\" \/>\n<script type=\"application\/ld+json\" class=\"yoast-schema-graph\">{\"@context\":\"https:\/\/schema.org\",\"@graph\":[{\"@type\":\"Article\",\"@id\":\"https:\/\/ubanews.com\/site\/2018\/06\/08\/eletro-almeida-recebe-premio-por-excelencia-no-atendimento-nos-40-anos-de-existencia\/#article\",\"isPartOf\":{\"@id\":\"https:\/\/ubanews.com\/site\/2018\/06\/08\/eletro-almeida-recebe-premio-por-excelencia-no-atendimento-nos-40-anos-de-existencia\/\"},\"author\":{\"name\":\"Sodr\u00e9\",\"@id\":\"https:\/\/ubanews.com\/site\/#\/schema\/person\/d90c9e47252fbb63dcc969fe4c8b9d10\"},\"headline\":\"Eletro Almeida recebe pr\u00eamio por excel\u00eancia no atendimento nos 40 anos de exist\u00eancia\",\"datePublished\":\"2018-06-08T16:18:00+00:00\",\"dateModified\":\"2018-06-19T12:13:22+00:00\",\"mainEntityOfPage\":{\"@id\":\"https:\/\/ubanews.com\/site\/2018\/06\/08\/eletro-almeida-recebe-premio-por-excelencia-no-atendimento-nos-40-anos-de-existencia\/\"},\"wordCount\":684,\"commentCount\":1,\"publisher\":{\"@id\":\"https:\/\/ubanews.com\/site\/#organization\"},\"image\":{\"@id\":\"https:\/\/ubanews.com\/site\/2018\/06\/08\/eletro-almeida-recebe-premio-por-excelencia-no-atendimento-nos-40-anos-de-existencia\/#primaryimage\"},\"thumbnailUrl\":\"https:\/\/ubanews.com\/site\/wp-content\/uploads\/2018\/06\/Capa-face-c\u00f3pia.jpg\",\"articleSection\":[\"Geral\"],\"inLanguage\":\"pt-BR\",\"potentialAction\":[{\"@type\":\"CommentAction\",\"name\":\"Comment\",\"target\":[\"https:\/\/ubanews.com\/site\/2018\/06\/08\/eletro-almeida-recebe-premio-por-excelencia-no-atendimento-nos-40-anos-de-existencia\/#respond\"]}]},{\"@type\":\"WebPage\",\"@id\":\"https:\/\/ubanews.com\/site\/2018\/06\/08\/eletro-almeida-recebe-premio-por-excelencia-no-atendimento-nos-40-anos-de-existencia\/\",\"url\":\"https:\/\/ubanews.com\/site\/2018\/06\/08\/eletro-almeida-recebe-premio-por-excelencia-no-atendimento-nos-40-anos-de-existencia\/\",\"name\":\"Eletro Almeida recebe pr\u00eamio por excel\u00eancia no atendimento nos 40 anos de exist\u00eancia - Ub\u00e1 News\",\"isPartOf\":{\"@id\":\"https:\/\/ubanews.com\/site\/#website\"},\"primaryImageOfPage\":{\"@id\":\"https:\/\/ubanews.com\/site\/2018\/06\/08\/eletro-almeida-recebe-premio-por-excelencia-no-atendimento-nos-40-anos-de-existencia\/#primaryimage\"},\"image\":{\"@id\":\"https:\/\/ubanews.com\/site\/2018\/06\/08\/eletro-almeida-recebe-premio-por-excelencia-no-atendimento-nos-40-anos-de-existencia\/#primaryimage\"},\"thumbnailUrl\":\"https:\/\/ubanews.com\/site\/wp-content\/uploads\/2018\/06\/Capa-face-c\u00f3pia.jpg\",\"datePublished\":\"2018-06-08T16:18:00+00:00\",\"dateModified\":\"2018-06-19T12:13:22+00:00\",\"breadcrumb\":{\"@id\":\"https:\/\/ubanews.com\/site\/2018\/06\/08\/eletro-almeida-recebe-premio-por-excelencia-no-atendimento-nos-40-anos-de-existencia\/#breadcrumb\"},\"inLanguage\":\"pt-BR\",\"potentialAction\":[{\"@type\":\"ReadAction\",\"target\":[\"https:\/\/ubanews.com\/site\/2018\/06\/08\/eletro-almeida-recebe-premio-por-excelencia-no-atendimento-nos-40-anos-de-existencia\/\"]}]},{\"@type\":\"ImageObject\",\"inLanguage\":\"pt-BR\",\"@id\":\"https:\/\/ubanews.com\/site\/2018\/06\/08\/eletro-almeida-recebe-premio-por-excelencia-no-atendimento-nos-40-anos-de-existencia\/#primaryimage\",\"url\":\"https:\/\/ubanews.com\/site\/wp-content\/uploads\/2018\/06\/Capa-face-c\u00f3pia.jpg\",\"contentUrl\":\"https:\/\/ubanews.com\/site\/wp-content\/uploads\/2018\/06\/Capa-face-c\u00f3pia.jpg\",\"width\":800,\"height\":444},{\"@type\":\"BreadcrumbList\",\"@id\":\"https:\/\/ubanews.com\/site\/2018\/06\/08\/eletro-almeida-recebe-premio-por-excelencia-no-atendimento-nos-40-anos-de-existencia\/#breadcrumb\",\"itemListElement\":[{\"@type\":\"ListItem\",\"position\":1,\"name\":\"Home\",\"item\":\"https:\/\/ubanews.com\/site\/\"},{\"@type\":\"ListItem\",\"position\":2,\"name\":\"Eletro Almeida recebe pr\u00eamio por excel\u00eancia no atendimento nos 40 anos de exist\u00eancia\"}]},{\"@type\":\"WebSite\",\"@id\":\"https:\/\/ubanews.com\/site\/#website\",\"url\":\"https:\/\/ubanews.com\/site\/\",\"name\":\"Ub\u00e1 News\",\"description\":\"\",\"publisher\":{\"@id\":\"https:\/\/ubanews.com\/site\/#organization\"},\"potentialAction\":[{\"@type\":\"SearchAction\",\"target\":{\"@type\":\"EntryPoint\",\"urlTemplate\":\"https:\/\/ubanews.com\/site\/?s={search_term_string}\"},\"query-input\":{\"@type\":\"PropertyValueSpecification\",\"valueRequired\":true,\"valueName\":\"search_term_string\"}}],\"inLanguage\":\"pt-BR\"},{\"@type\":\"Organization\",\"@id\":\"https:\/\/ubanews.com\/site\/#organization\",\"name\":\"Ub\u00e1 News\",\"url\":\"https:\/\/ubanews.com\/site\/\",\"logo\":{\"@type\":\"ImageObject\",\"inLanguage\":\"pt-BR\",\"@id\":\"https:\/\/ubanews.com\/site\/#\/schema\/logo\/image\/\",\"url\":\"https:\/\/ubanews.com\/site\/wp-content\/uploads\/2018\/01\/logoubanews.png\",\"contentUrl\":\"https:\/\/ubanews.com\/site\/wp-content\/uploads\/2018\/01\/logoubanews.png\",\"width\":261,\"height\":99,\"caption\":\"Ub\u00e1 News\"},\"image\":{\"@id\":\"https:\/\/ubanews.com\/site\/#\/schema\/logo\/image\/\"},\"sameAs\":[\"https:\/\/www.facebook.com\/Ub\u00e1News-Carlos-Roberto-Sodr\u00e9-418778301977370\"]},{\"@type\":\"Person\",\"@id\":\"https:\/\/ubanews.com\/site\/#\/schema\/person\/d90c9e47252fbb63dcc969fe4c8b9d10\",\"name\":\"Sodr\u00e9\",\"image\":{\"@type\":\"ImageObject\",\"inLanguage\":\"pt-BR\",\"@id\":\"https:\/\/secure.gravatar.com\/avatar\/5ba2793f0590b9dbfad3fdec4ee714485b3eef211c9b32ee53d414060454a56c?s=96&d=mm&r=g\",\"url\":\"https:\/\/secure.gravatar.com\/avatar\/5ba2793f0590b9dbfad3fdec4ee714485b3eef211c9b32ee53d414060454a56c?s=96&d=mm&r=g\",\"contentUrl\":\"https:\/\/secure.gravatar.com\/avatar\/5ba2793f0590b9dbfad3fdec4ee714485b3eef211c9b32ee53d414060454a56c?s=96&d=mm&r=g\",\"caption\":\"Sodr\u00e9\"},\"sameAs\":[\"https:\/\/www.facebook.com\/carosroberto.sodre.5\/\"],\"url\":\"https:\/\/ubanews.com\/site\/author\/felipe\/\"}]}<\/script>\n<!-- \/ Yoast SEO plugin. -->","yoast_head_json":{"title":"Eletro Almeida recebe pr\u00eamio por excel\u00eancia no atendimento nos 40 anos de exist\u00eancia - Ub\u00e1 News","robots":{"index":"index","follow":"follow","max-snippet":"max-snippet:-1","max-image-preview":"max-image-preview:large","max-video-preview":"max-video-preview:-1"},"canonical":"https:\/\/ubanews.com\/site\/2018\/06\/08\/eletro-almeida-recebe-premio-por-excelencia-no-atendimento-nos-40-anos-de-existencia\/","og_locale":"pt_BR","og_type":"article","og_title":"Eletro Almeida recebe pr\u00eamio por excel\u00eancia no atendimento nos 40 anos de exist\u00eancia - Ub\u00e1 News","og_description":"&nbsp; &nbsp; &nbsp; &nbsp; &nbsp; &nbsp;A trajet\u00f3ria da empresa que,","og_url":"https:\/\/ubanews.com\/site\/2018\/06\/08\/eletro-almeida-recebe-premio-por-excelencia-no-atendimento-nos-40-anos-de-existencia\/","og_site_name":"Ub\u00e1 News","article_publisher":"https:\/\/www.facebook.com\/Ub%c3%a1News-Carlos-Roberto-Sodr%c3%a9-418778301977370","article_author":"https:\/\/www.facebook.com\/carosroberto.sodre.5\/","article_published_time":"2018-06-08T16:18:00+00:00","article_modified_time":"2018-06-19T12:13:22+00:00","og_image":[{"width":800,"height":444,"url":"https:\/\/ubanews.com\/site\/wp-content\/uploads\/2018\/06\/Capa-face-c\u00f3pia.jpg","type":"image\/jpeg"}],"author":"Sodr\u00e9","twitter_card":"summary_large_image","twitter_misc":{"Escrito por":"Sodr\u00e9","Est. tempo de leitura":"3 minutos"},"schema":{"@context":"https:\/\/schema.org","@graph":[{"@type":"Article","@id":"https:\/\/ubanews.com\/site\/2018\/06\/08\/eletro-almeida-recebe-premio-por-excelencia-no-atendimento-nos-40-anos-de-existencia\/#article","isPartOf":{"@id":"https:\/\/ubanews.com\/site\/2018\/06\/08\/eletro-almeida-recebe-premio-por-excelencia-no-atendimento-nos-40-anos-de-existencia\/"},"author":{"name":"Sodr\u00e9","@id":"https:\/\/ubanews.com\/site\/#\/schema\/person\/d90c9e47252fbb63dcc969fe4c8b9d10"},"headline":"Eletro Almeida recebe pr\u00eamio por excel\u00eancia no atendimento nos 40 anos de exist\u00eancia","datePublished":"2018-06-08T16:18:00+00:00","dateModified":"2018-06-19T12:13:22+00:00","mainEntityOfPage":{"@id":"https:\/\/ubanews.com\/site\/2018\/06\/08\/eletro-almeida-recebe-premio-por-excelencia-no-atendimento-nos-40-anos-de-existencia\/"},"wordCount":684,"commentCount":1,"publisher":{"@id":"https:\/\/ubanews.com\/site\/#organization"},"image":{"@id":"https:\/\/ubanews.com\/site\/2018\/06\/08\/eletro-almeida-recebe-premio-por-excelencia-no-atendimento-nos-40-anos-de-existencia\/#primaryimage"},"thumbnailUrl":"https:\/\/ubanews.com\/site\/wp-content\/uploads\/2018\/06\/Capa-face-c\u00f3pia.jpg","articleSection":["Geral"],"inLanguage":"pt-BR","potentialAction":[{"@type":"CommentAction","name":"Comment","target":["https:\/\/ubanews.com\/site\/2018\/06\/08\/eletro-almeida-recebe-premio-por-excelencia-no-atendimento-nos-40-anos-de-existencia\/#respond"]}]},{"@type":"WebPage","@id":"https:\/\/ubanews.com\/site\/2018\/06\/08\/eletro-almeida-recebe-premio-por-excelencia-no-atendimento-nos-40-anos-de-existencia\/","url":"https:\/\/ubanews.com\/site\/2018\/06\/08\/eletro-almeida-recebe-premio-por-excelencia-no-atendimento-nos-40-anos-de-existencia\/","name":"Eletro Almeida recebe pr\u00eamio por excel\u00eancia no atendimento nos 40 anos de exist\u00eancia - Ub\u00e1 News","isPartOf":{"@id":"https:\/\/ubanews.com\/site\/#website"},"primaryImageOfPage":{"@id":"https:\/\/ubanews.com\/site\/2018\/06\/08\/eletro-almeida-recebe-premio-por-excelencia-no-atendimento-nos-40-anos-de-existencia\/#primaryimage"},"image":{"@id":"https:\/\/ubanews.com\/site\/2018\/06\/08\/eletro-almeida-recebe-premio-por-excelencia-no-atendimento-nos-40-anos-de-existencia\/#primaryimage"},"thumbnailUrl":"https:\/\/ubanews.com\/site\/wp-content\/uploads\/2018\/06\/Capa-face-c\u00f3pia.jpg","datePublished":"2018-06-08T16:18:00+00:00","dateModified":"2018-06-19T12:13:22+00:00","breadcrumb":{"@id":"https:\/\/ubanews.com\/site\/2018\/06\/08\/eletro-almeida-recebe-premio-por-excelencia-no-atendimento-nos-40-anos-de-existencia\/#breadcrumb"},"inLanguage":"pt-BR","potentialAction":[{"@type":"ReadAction","target":["https:\/\/ubanews.com\/site\/2018\/06\/08\/eletro-almeida-recebe-premio-por-excelencia-no-atendimento-nos-40-anos-de-existencia\/"]}]},{"@type":"ImageObject","inLanguage":"pt-BR","@id":"https:\/\/ubanews.com\/site\/2018\/06\/08\/eletro-almeida-recebe-premio-por-excelencia-no-atendimento-nos-40-anos-de-existencia\/#primaryimage","url":"https:\/\/ubanews.com\/site\/wp-content\/uploads\/2018\/06\/Capa-face-c\u00f3pia.jpg","contentUrl":"https:\/\/ubanews.com\/site\/wp-content\/uploads\/2018\/06\/Capa-face-c\u00f3pia.jpg","width":800,"height":444},{"@type":"BreadcrumbList","@id":"https:\/\/ubanews.com\/site\/2018\/06\/08\/eletro-almeida-recebe-premio-por-excelencia-no-atendimento-nos-40-anos-de-existencia\/#breadcrumb","itemListElement":[{"@type":"ListItem","position":1,"name":"Home","item":"https:\/\/ubanews.com\/site\/"},{"@type":"ListItem","position":2,"name":"Eletro Almeida recebe pr\u00eamio por excel\u00eancia no atendimento nos 40 anos de exist\u00eancia"}]},{"@type":"WebSite","@id":"https:\/\/ubanews.com\/site\/#website","url":"https:\/\/ubanews.com\/site\/","name":"Ub\u00e1 News","description":"","publisher":{"@id":"https:\/\/ubanews.com\/site\/#organization"},"potentialAction":[{"@type":"SearchAction","target":{"@type":"EntryPoint","urlTemplate":"https:\/\/ubanews.com\/site\/?s={search_term_string}"},"query-input":{"@type":"PropertyValueSpecification","valueRequired":true,"valueName":"search_term_string"}}],"inLanguage":"pt-BR"},{"@type":"Organization","@id":"https:\/\/ubanews.com\/site\/#organization","name":"Ub\u00e1 News","url":"https:\/\/ubanews.com\/site\/","logo":{"@type":"ImageObject","inLanguage":"pt-BR","@id":"https:\/\/ubanews.com\/site\/#\/schema\/logo\/image\/","url":"https:\/\/ubanews.com\/site\/wp-content\/uploads\/2018\/01\/logoubanews.png","contentUrl":"https:\/\/ubanews.com\/site\/wp-content\/uploads\/2018\/01\/logoubanews.png","width":261,"height":99,"caption":"Ub\u00e1 News"},"image":{"@id":"https:\/\/ubanews.com\/site\/#\/schema\/logo\/image\/"},"sameAs":["https:\/\/www.facebook.com\/Ub\u00e1News-Carlos-Roberto-Sodr\u00e9-418778301977370"]},{"@type":"Person","@id":"https:\/\/ubanews.com\/site\/#\/schema\/person\/d90c9e47252fbb63dcc969fe4c8b9d10","name":"Sodr\u00e9","image":{"@type":"ImageObject","inLanguage":"pt-BR","@id":"https:\/\/secure.gravatar.com\/avatar\/5ba2793f0590b9dbfad3fdec4ee714485b3eef211c9b32ee53d414060454a56c?s=96&d=mm&r=g","url":"https:\/\/secure.gravatar.com\/avatar\/5ba2793f0590b9dbfad3fdec4ee714485b3eef211c9b32ee53d414060454a56c?s=96&d=mm&r=g","contentUrl":"https:\/\/secure.gravatar.com\/avatar\/5ba2793f0590b9dbfad3fdec4ee714485b3eef211c9b32ee53d414060454a56c?s=96&d=mm&r=g","caption":"Sodr\u00e9"},"sameAs":["https:\/\/www.facebook.com\/carosroberto.sodre.5\/"],"url":"https:\/\/ubanews.com\/site\/author\/felipe\/"}]}},"_links":{"self":[{"href":"https:\/\/ubanews.com\/site\/wp-json\/wp\/v2\/posts\/4468","targetHints":{"allow":["GET"]}}],"collection":[{"href":"https:\/\/ubanews.com\/site\/wp-json\/wp\/v2\/posts"}],"about":[{"href":"https:\/\/ubanews.com\/site\/wp-json\/wp\/v2\/types\/post"}],"author":[{"embeddable":true,"href":"https:\/\/ubanews.com\/site\/wp-json\/wp\/v2\/users\/2"}],"replies":[{"embeddable":true,"href":"https:\/\/ubanews.com\/site\/wp-json\/wp\/v2\/comments?post=4468"}],"version-history":[{"count":0,"href":"https:\/\/ubanews.com\/site\/wp-json\/wp\/v2\/posts\/4468\/revisions"}],"wp:featuredmedia":[{"embeddable":true,"href":"https:\/\/ubanews.com\/site\/wp-json\/wp\/v2\/media\/4472"}],"wp:attachment":[{"href":"https:\/\/ubanews.com\/site\/wp-json\/wp\/v2\/media?parent=4468"}],"wp:term":[{"taxonomy":"category","embeddable":true,"href":"https:\/\/ubanews.com\/site\/wp-json\/wp\/v2\/categories?post=4468"},{"taxonomy":"post_tag","embeddable":true,"href":"https:\/\/ubanews.com\/site\/wp-json\/wp\/v2\/tags?post=4468"}],"curies":[{"name":"wp","href":"https:\/\/api.w.org\/{rel}","templated":true}]}}