{"id":4415,"date":"2018-06-07T10:44:31","date_gmt":"2018-06-07T13:44:31","guid":{"rendered":"http:\/\/ubanews.com\/site\/?p=4415"},"modified":"2018-06-07T10:44:31","modified_gmt":"2018-06-07T13:44:31","slug":"prestacao-de-contas-do-primeiro-quadrimestre-de-2018-e-apresentada-em-audiencia-publica-na-camara","status":"publish","type":"post","link":"https:\/\/ubanews.com\/site\/2018\/06\/07\/prestacao-de-contas-do-primeiro-quadrimestre-de-2018-e-apresentada-em-audiencia-publica-na-camara\/","title":{"rendered":"PRESTA\u00c7\u00c3O DE CONTAS DO PRIMEIRO QUADRIMESTRE DE 2018 \u00c9 APRESENTADA EM AUDI\u00caNCIA P\u00daBLICA NA C\u00c2MARA"},"content":{"rendered":"<p><img decoding=\"async\" class=\"alignnone size-full wp-image-4416 lazyload\" data-src=\"https:\/\/ubanews.com\/site\/wp-content\/uploads\/2018\/06\/3-1.jpg\" alt=\"\" width=\"800\" height=\"600\" data-srcset=\"https:\/\/ubanews.com\/site\/wp-content\/uploads\/2018\/06\/3-1.jpg 800w, https:\/\/ubanews.com\/site\/wp-content\/uploads\/2018\/06\/3-1-300x225.jpg 300w, https:\/\/ubanews.com\/site\/wp-content\/uploads\/2018\/06\/3-1-768x576.jpg 768w\" data-sizes=\"(max-width: 800px) 100vw, 800px\" src=\"data:image\/svg+xml;base64,PHN2ZyB3aWR0aD0iMSIgaGVpZ2h0PSIxIiB4bWxucz0iaHR0cDovL3d3dy53My5vcmcvMjAwMC9zdmciPjwvc3ZnPg==\" style=\"--smush-placeholder-width: 800px; --smush-placeholder-aspect-ratio: 800\/600;\" \/> <img decoding=\"async\" class=\"alignnone size-full wp-image-4417 lazyload\" data-src=\"https:\/\/ubanews.com\/site\/wp-content\/uploads\/2018\/06\/1.jpg\" alt=\"\" width=\"800\" height=\"600\" data-srcset=\"https:\/\/ubanews.com\/site\/wp-content\/uploads\/2018\/06\/1.jpg 800w, https:\/\/ubanews.com\/site\/wp-content\/uploads\/2018\/06\/1-300x225.jpg 300w, https:\/\/ubanews.com\/site\/wp-content\/uploads\/2018\/06\/1-768x576.jpg 768w\" data-sizes=\"(max-width: 800px) 100vw, 800px\" src=\"data:image\/svg+xml;base64,PHN2ZyB3aWR0aD0iMSIgaGVpZ2h0PSIxIiB4bWxucz0iaHR0cDovL3d3dy53My5vcmcvMjAwMC9zdmciPjwvc3ZnPg==\" style=\"--smush-placeholder-width: 800px; --smush-placeholder-aspect-ratio: 800\/600;\" \/>A Comiss\u00e3o de Or\u00e7amento, Finan\u00e7as e Tomada de Contas (COFTC) da C\u00e2mara Municipal de Ub\u00e1 (CMU), presidida pelo vereador Jos\u00e9 Roberto Reis Filgueiras, recebeu em 28 de maio, na CMU, os representantes da Prefeitura para presta\u00e7\u00e3o de contas do Munic\u00edpio, referente ao primeiro quadrimestre de 2018, em atendimento ao disposto no par\u00e1grafo 4\u00ba do artigo 9\u00ba da Lei de Responsabilidade Fisc<span class=\"text_exposed_show\">al (Lei 101\/2000).<\/span><\/p>\n<div class=\"text_exposed_show\">\n<p>Al\u00e9m do presidente da COFTC, e da presidente da C\u00e2mara, vereadora Ros\u00e2ngela Maria Alfenas de Andrade, compuseram a mesa os vereadores integrantes da Comiss\u00e3o: Jane Cristina Lacerda Pinto, Jorge Cust\u00f3dio Gerv\u00e1sio e os suplentes Luis Carlos Teixeira Ribeiro e Edeir Pacheco da Costa. Participaram tamb\u00e9m os vereador Darci Pires da Silva e o chefe de divis\u00e3o cont\u00e1bil da C\u00e2mara, Silv\u00e9rio Dias Maciel.<br \/>\nRepresentando a Prefeitura compareceram o Controlador Geral e Auditor Interno do Munic\u00edpio, Marcelo Corr\u00eaa Paiva, acompanhado pelo Gerente de Divis\u00e3o, Ant\u00f4nio Carlos Moreira. Marcelo fez uma ampla an\u00e1lise comparativa de receitas e despesas do ano de 2017 e 2018, nos respectivos per\u00edodos de janeiro a abril.<\/p>\n<p>Durante a apresenta\u00e7\u00e3o foi demonstrada, tamb\u00e9m, a evolu\u00e7\u00e3o e o cen\u00e1rio das Receitas Tribut\u00e1rias (IPTU, ISSQN, ITBI, IR, entre outras). Com uma receita de R$57.592,44 e uma despesa de R$44.128,54, o Executivo realizou 76,6% da receita.<\/p>\n<p>Quanto \u00e0s despesas, o Controlador Interno apresentou de Gasto com Pessoal, o percentual de 46,24%, abaixo do limite de 54%. Neste quadrimestre, os percentuais aplicados na Educa\u00e7\u00e3o (24%) e na Sa\u00fade (21,1%) ficaram abaixo dos m\u00ednimos constitucionais de 25% (Educa\u00e7\u00e3o) e acima dos m\u00ednimos constitucionais de 15% (Sa\u00fade).<\/p>\n<p>SALDO<br \/>\nOs t\u00e9cnicos da Prefeitura informaram ainda que o saldo banc\u00e1rio do primeiro quadrimestre de 2018, entre recursos pr\u00f3prios e vinculados, \u00e9 de R$ 48.457.063,00, formado por R$12.080.792,00 de recursos vinculados e R$ 36.376.272,00 de recursos pr\u00f3prios. J\u00e1 em 2017, no mesmo per\u00edodo, o saldo total era de R$ 36.939.860,00.<\/p>\n<\/div>\n<p>&nbsp;<\/p>\n<p><strong>Assessoria de comunica\u00e7\u00e3o C\u00e2mara Municipal de Ub\u00e1<\/strong><\/p>\n","protected":false},"excerpt":{"rendered":"<p>A Comiss\u00e3o de Or\u00e7amento, Finan\u00e7as e Tomada de Contas (COFTC)<\/p>\n","protected":false},"author":2,"featured_media":4418,"comment_status":"open","ping_status":"open","sticky":false,"template":"","format":"standard","meta":{"footnotes":""},"categories":[16],"tags":[],"class_list":["post-4415","post","type-post","status-publish","format-standard","has-post-thumbnail","hentry","category-camara-municipal"],"yoast_head":"<!-- This site is optimized with the Yoast SEO plugin v27.2 - https:\/\/yoast.com\/product\/yoast-seo-wordpress\/ -->\n<title>PRESTA\u00c7\u00c3O DE CONTAS DO PRIMEIRO QUADRIMESTRE DE 2018 \u00c9 APRESENTADA EM AUDI\u00caNCIA P\u00daBLICA NA C\u00c2MARA - Ub\u00e1 News<\/title>\n<meta name=\"robots\" content=\"index, follow, max-snippet:-1, max-image-preview:large, max-video-preview:-1\" \/>\n<link rel=\"canonical\" href=\"https:\/\/ubanews.com\/site\/2018\/06\/07\/prestacao-de-contas-do-primeiro-quadrimestre-de-2018-e-apresentada-em-audiencia-publica-na-camara\/\" \/>\n<meta property=\"og:locale\" content=\"pt_BR\" \/>\n<meta property=\"og:type\" content=\"article\" \/>\n<meta property=\"og:title\" content=\"PRESTA\u00c7\u00c3O DE CONTAS DO PRIMEIRO QUADRIMESTRE DE 2018 \u00c9 APRESENTADA EM AUDI\u00caNCIA P\u00daBLICA NA C\u00c2MARA - Ub\u00e1 News\" \/>\n<meta property=\"og:description\" content=\"A Comiss\u00e3o de Or\u00e7amento, Finan\u00e7as e Tomada de Contas (COFTC)\" \/>\n<meta property=\"og:url\" content=\"https:\/\/ubanews.com\/site\/2018\/06\/07\/prestacao-de-contas-do-primeiro-quadrimestre-de-2018-e-apresentada-em-audiencia-publica-na-camara\/\" \/>\n<meta property=\"og:site_name\" content=\"Ub\u00e1 News\" \/>\n<meta property=\"article:publisher\" content=\"https:\/\/www.facebook.com\/Ub%c3%a1News-Carlos-Roberto-Sodr%c3%a9-418778301977370\" \/>\n<meta property=\"article:author\" content=\"https:\/\/www.facebook.com\/carosroberto.sodre.5\/\" \/>\n<meta property=\"article:published_time\" content=\"2018-06-07T13:44:31+00:00\" \/>\n<meta property=\"og:image\" content=\"https:\/\/ubanews.com\/site\/wp-content\/uploads\/2018\/06\/2.jpg\" \/>\n\t<meta property=\"og:image:width\" content=\"800\" \/>\n\t<meta property=\"og:image:height\" content=\"600\" \/>\n\t<meta property=\"og:image:type\" content=\"image\/jpeg\" \/>\n<meta name=\"author\" content=\"Sodr\u00e9\" \/>\n<meta name=\"twitter:card\" content=\"summary_large_image\" \/>\n<meta name=\"twitter:label1\" content=\"Escrito por\" \/>\n\t<meta name=\"twitter:data1\" content=\"Sodr\u00e9\" \/>\n\t<meta name=\"twitter:label2\" content=\"Est. tempo de leitura\" \/>\n\t<meta name=\"twitter:data2\" content=\"2 minutos\" \/>\n<script type=\"application\/ld+json\" class=\"yoast-schema-graph\">{\"@context\":\"https:\/\/schema.org\",\"@graph\":[{\"@type\":\"Article\",\"@id\":\"https:\/\/ubanews.com\/site\/2018\/06\/07\/prestacao-de-contas-do-primeiro-quadrimestre-de-2018-e-apresentada-em-audiencia-publica-na-camara\/#article\",\"isPartOf\":{\"@id\":\"https:\/\/ubanews.com\/site\/2018\/06\/07\/prestacao-de-contas-do-primeiro-quadrimestre-de-2018-e-apresentada-em-audiencia-publica-na-camara\/\"},\"author\":{\"name\":\"Sodr\u00e9\",\"@id\":\"https:\/\/ubanews.com\/site\/#\/schema\/person\/d90c9e47252fbb63dcc969fe4c8b9d10\"},\"headline\":\"PRESTA\u00c7\u00c3O DE CONTAS DO PRIMEIRO QUADRIMESTRE DE 2018 \u00c9 APRESENTADA EM AUDI\u00caNCIA P\u00daBLICA NA C\u00c2MARA\",\"datePublished\":\"2018-06-07T13:44:31+00:00\",\"mainEntityOfPage\":{\"@id\":\"https:\/\/ubanews.com\/site\/2018\/06\/07\/prestacao-de-contas-do-primeiro-quadrimestre-de-2018-e-apresentada-em-audiencia-publica-na-camara\/\"},\"wordCount\":352,\"commentCount\":0,\"publisher\":{\"@id\":\"https:\/\/ubanews.com\/site\/#organization\"},\"image\":{\"@id\":\"https:\/\/ubanews.com\/site\/2018\/06\/07\/prestacao-de-contas-do-primeiro-quadrimestre-de-2018-e-apresentada-em-audiencia-publica-na-camara\/#primaryimage\"},\"thumbnailUrl\":\"https:\/\/ubanews.com\/site\/wp-content\/uploads\/2018\/06\/2.jpg\",\"articleSection\":[\"C\u00e2mara Municipal\"],\"inLanguage\":\"pt-BR\",\"potentialAction\":[{\"@type\":\"CommentAction\",\"name\":\"Comment\",\"target\":[\"https:\/\/ubanews.com\/site\/2018\/06\/07\/prestacao-de-contas-do-primeiro-quadrimestre-de-2018-e-apresentada-em-audiencia-publica-na-camara\/#respond\"]}]},{\"@type\":\"WebPage\",\"@id\":\"https:\/\/ubanews.com\/site\/2018\/06\/07\/prestacao-de-contas-do-primeiro-quadrimestre-de-2018-e-apresentada-em-audiencia-publica-na-camara\/\",\"url\":\"https:\/\/ubanews.com\/site\/2018\/06\/07\/prestacao-de-contas-do-primeiro-quadrimestre-de-2018-e-apresentada-em-audiencia-publica-na-camara\/\",\"name\":\"PRESTA\u00c7\u00c3O DE CONTAS DO PRIMEIRO QUADRIMESTRE DE 2018 \u00c9 APRESENTADA EM AUDI\u00caNCIA P\u00daBLICA NA C\u00c2MARA - Ub\u00e1 News\",\"isPartOf\":{\"@id\":\"https:\/\/ubanews.com\/site\/#website\"},\"primaryImageOfPage\":{\"@id\":\"https:\/\/ubanews.com\/site\/2018\/06\/07\/prestacao-de-contas-do-primeiro-quadrimestre-de-2018-e-apresentada-em-audiencia-publica-na-camara\/#primaryimage\"},\"image\":{\"@id\":\"https:\/\/ubanews.com\/site\/2018\/06\/07\/prestacao-de-contas-do-primeiro-quadrimestre-de-2018-e-apresentada-em-audiencia-publica-na-camara\/#primaryimage\"},\"thumbnailUrl\":\"https:\/\/ubanews.com\/site\/wp-content\/uploads\/2018\/06\/2.jpg\",\"datePublished\":\"2018-06-07T13:44:31+00:00\",\"breadcrumb\":{\"@id\":\"https:\/\/ubanews.com\/site\/2018\/06\/07\/prestacao-de-contas-do-primeiro-quadrimestre-de-2018-e-apresentada-em-audiencia-publica-na-camara\/#breadcrumb\"},\"inLanguage\":\"pt-BR\",\"potentialAction\":[{\"@type\":\"ReadAction\",\"target\":[\"https:\/\/ubanews.com\/site\/2018\/06\/07\/prestacao-de-contas-do-primeiro-quadrimestre-de-2018-e-apresentada-em-audiencia-publica-na-camara\/\"]}]},{\"@type\":\"ImageObject\",\"inLanguage\":\"pt-BR\",\"@id\":\"https:\/\/ubanews.com\/site\/2018\/06\/07\/prestacao-de-contas-do-primeiro-quadrimestre-de-2018-e-apresentada-em-audiencia-publica-na-camara\/#primaryimage\",\"url\":\"https:\/\/ubanews.com\/site\/wp-content\/uploads\/2018\/06\/2.jpg\",\"contentUrl\":\"https:\/\/ubanews.com\/site\/wp-content\/uploads\/2018\/06\/2.jpg\",\"width\":800,\"height\":600},{\"@type\":\"BreadcrumbList\",\"@id\":\"https:\/\/ubanews.com\/site\/2018\/06\/07\/prestacao-de-contas-do-primeiro-quadrimestre-de-2018-e-apresentada-em-audiencia-publica-na-camara\/#breadcrumb\",\"itemListElement\":[{\"@type\":\"ListItem\",\"position\":1,\"name\":\"Home\",\"item\":\"https:\/\/ubanews.com\/site\/\"},{\"@type\":\"ListItem\",\"position\":2,\"name\":\"PRESTA\u00c7\u00c3O DE CONTAS DO PRIMEIRO QUADRIMESTRE DE 2018 \u00c9 APRESENTADA EM AUDI\u00caNCIA P\u00daBLICA NA C\u00c2MARA\"}]},{\"@type\":\"WebSite\",\"@id\":\"https:\/\/ubanews.com\/site\/#website\",\"url\":\"https:\/\/ubanews.com\/site\/\",\"name\":\"Ub\u00e1 News\",\"description\":\"\",\"publisher\":{\"@id\":\"https:\/\/ubanews.com\/site\/#organization\"},\"potentialAction\":[{\"@type\":\"SearchAction\",\"target\":{\"@type\":\"EntryPoint\",\"urlTemplate\":\"https:\/\/ubanews.com\/site\/?s={search_term_string}\"},\"query-input\":{\"@type\":\"PropertyValueSpecification\",\"valueRequired\":true,\"valueName\":\"search_term_string\"}}],\"inLanguage\":\"pt-BR\"},{\"@type\":\"Organization\",\"@id\":\"https:\/\/ubanews.com\/site\/#organization\",\"name\":\"Ub\u00e1 News\",\"url\":\"https:\/\/ubanews.com\/site\/\",\"logo\":{\"@type\":\"ImageObject\",\"inLanguage\":\"pt-BR\",\"@id\":\"https:\/\/ubanews.com\/site\/#\/schema\/logo\/image\/\",\"url\":\"https:\/\/ubanews.com\/site\/wp-content\/uploads\/2018\/01\/logoubanews.png\",\"contentUrl\":\"https:\/\/ubanews.com\/site\/wp-content\/uploads\/2018\/01\/logoubanews.png\",\"width\":261,\"height\":99,\"caption\":\"Ub\u00e1 News\"},\"image\":{\"@id\":\"https:\/\/ubanews.com\/site\/#\/schema\/logo\/image\/\"},\"sameAs\":[\"https:\/\/www.facebook.com\/Ub\u00e1News-Carlos-Roberto-Sodr\u00e9-418778301977370\"]},{\"@type\":\"Person\",\"@id\":\"https:\/\/ubanews.com\/site\/#\/schema\/person\/d90c9e47252fbb63dcc969fe4c8b9d10\",\"name\":\"Sodr\u00e9\",\"image\":{\"@type\":\"ImageObject\",\"inLanguage\":\"pt-BR\",\"@id\":\"https:\/\/secure.gravatar.com\/avatar\/5ba2793f0590b9dbfad3fdec4ee714485b3eef211c9b32ee53d414060454a56c?s=96&d=mm&r=g\",\"url\":\"https:\/\/secure.gravatar.com\/avatar\/5ba2793f0590b9dbfad3fdec4ee714485b3eef211c9b32ee53d414060454a56c?s=96&d=mm&r=g\",\"contentUrl\":\"https:\/\/secure.gravatar.com\/avatar\/5ba2793f0590b9dbfad3fdec4ee714485b3eef211c9b32ee53d414060454a56c?s=96&d=mm&r=g\",\"caption\":\"Sodr\u00e9\"},\"sameAs\":[\"https:\/\/www.facebook.com\/carosroberto.sodre.5\/\"],\"url\":\"https:\/\/ubanews.com\/site\/author\/felipe\/\"}]}<\/script>\n<!-- \/ Yoast SEO plugin. -->","yoast_head_json":{"title":"PRESTA\u00c7\u00c3O DE CONTAS DO PRIMEIRO QUADRIMESTRE DE 2018 \u00c9 APRESENTADA EM AUDI\u00caNCIA P\u00daBLICA NA C\u00c2MARA - Ub\u00e1 News","robots":{"index":"index","follow":"follow","max-snippet":"max-snippet:-1","max-image-preview":"max-image-preview:large","max-video-preview":"max-video-preview:-1"},"canonical":"https:\/\/ubanews.com\/site\/2018\/06\/07\/prestacao-de-contas-do-primeiro-quadrimestre-de-2018-e-apresentada-em-audiencia-publica-na-camara\/","og_locale":"pt_BR","og_type":"article","og_title":"PRESTA\u00c7\u00c3O DE CONTAS DO PRIMEIRO QUADRIMESTRE DE 2018 \u00c9 APRESENTADA EM AUDI\u00caNCIA P\u00daBLICA NA C\u00c2MARA - Ub\u00e1 News","og_description":"A Comiss\u00e3o de Or\u00e7amento, Finan\u00e7as e Tomada de Contas (COFTC)","og_url":"https:\/\/ubanews.com\/site\/2018\/06\/07\/prestacao-de-contas-do-primeiro-quadrimestre-de-2018-e-apresentada-em-audiencia-publica-na-camara\/","og_site_name":"Ub\u00e1 News","article_publisher":"https:\/\/www.facebook.com\/Ub%c3%a1News-Carlos-Roberto-Sodr%c3%a9-418778301977370","article_author":"https:\/\/www.facebook.com\/carosroberto.sodre.5\/","article_published_time":"2018-06-07T13:44:31+00:00","og_image":[{"width":800,"height":600,"url":"https:\/\/ubanews.com\/site\/wp-content\/uploads\/2018\/06\/2.jpg","type":"image\/jpeg"}],"author":"Sodr\u00e9","twitter_card":"summary_large_image","twitter_misc":{"Escrito por":"Sodr\u00e9","Est. tempo de leitura":"2 minutos"},"schema":{"@context":"https:\/\/schema.org","@graph":[{"@type":"Article","@id":"https:\/\/ubanews.com\/site\/2018\/06\/07\/prestacao-de-contas-do-primeiro-quadrimestre-de-2018-e-apresentada-em-audiencia-publica-na-camara\/#article","isPartOf":{"@id":"https:\/\/ubanews.com\/site\/2018\/06\/07\/prestacao-de-contas-do-primeiro-quadrimestre-de-2018-e-apresentada-em-audiencia-publica-na-camara\/"},"author":{"name":"Sodr\u00e9","@id":"https:\/\/ubanews.com\/site\/#\/schema\/person\/d90c9e47252fbb63dcc969fe4c8b9d10"},"headline":"PRESTA\u00c7\u00c3O DE CONTAS DO PRIMEIRO QUADRIMESTRE DE 2018 \u00c9 APRESENTADA EM AUDI\u00caNCIA P\u00daBLICA NA C\u00c2MARA","datePublished":"2018-06-07T13:44:31+00:00","mainEntityOfPage":{"@id":"https:\/\/ubanews.com\/site\/2018\/06\/07\/prestacao-de-contas-do-primeiro-quadrimestre-de-2018-e-apresentada-em-audiencia-publica-na-camara\/"},"wordCount":352,"commentCount":0,"publisher":{"@id":"https:\/\/ubanews.com\/site\/#organization"},"image":{"@id":"https:\/\/ubanews.com\/site\/2018\/06\/07\/prestacao-de-contas-do-primeiro-quadrimestre-de-2018-e-apresentada-em-audiencia-publica-na-camara\/#primaryimage"},"thumbnailUrl":"https:\/\/ubanews.com\/site\/wp-content\/uploads\/2018\/06\/2.jpg","articleSection":["C\u00e2mara Municipal"],"inLanguage":"pt-BR","potentialAction":[{"@type":"CommentAction","name":"Comment","target":["https:\/\/ubanews.com\/site\/2018\/06\/07\/prestacao-de-contas-do-primeiro-quadrimestre-de-2018-e-apresentada-em-audiencia-publica-na-camara\/#respond"]}]},{"@type":"WebPage","@id":"https:\/\/ubanews.com\/site\/2018\/06\/07\/prestacao-de-contas-do-primeiro-quadrimestre-de-2018-e-apresentada-em-audiencia-publica-na-camara\/","url":"https:\/\/ubanews.com\/site\/2018\/06\/07\/prestacao-de-contas-do-primeiro-quadrimestre-de-2018-e-apresentada-em-audiencia-publica-na-camara\/","name":"PRESTA\u00c7\u00c3O DE CONTAS DO PRIMEIRO QUADRIMESTRE DE 2018 \u00c9 APRESENTADA EM AUDI\u00caNCIA P\u00daBLICA NA C\u00c2MARA - Ub\u00e1 News","isPartOf":{"@id":"https:\/\/ubanews.com\/site\/#website"},"primaryImageOfPage":{"@id":"https:\/\/ubanews.com\/site\/2018\/06\/07\/prestacao-de-contas-do-primeiro-quadrimestre-de-2018-e-apresentada-em-audiencia-publica-na-camara\/#primaryimage"},"image":{"@id":"https:\/\/ubanews.com\/site\/2018\/06\/07\/prestacao-de-contas-do-primeiro-quadrimestre-de-2018-e-apresentada-em-audiencia-publica-na-camara\/#primaryimage"},"thumbnailUrl":"https:\/\/ubanews.com\/site\/wp-content\/uploads\/2018\/06\/2.jpg","datePublished":"2018-06-07T13:44:31+00:00","breadcrumb":{"@id":"https:\/\/ubanews.com\/site\/2018\/06\/07\/prestacao-de-contas-do-primeiro-quadrimestre-de-2018-e-apresentada-em-audiencia-publica-na-camara\/#breadcrumb"},"inLanguage":"pt-BR","potentialAction":[{"@type":"ReadAction","target":["https:\/\/ubanews.com\/site\/2018\/06\/07\/prestacao-de-contas-do-primeiro-quadrimestre-de-2018-e-apresentada-em-audiencia-publica-na-camara\/"]}]},{"@type":"ImageObject","inLanguage":"pt-BR","@id":"https:\/\/ubanews.com\/site\/2018\/06\/07\/prestacao-de-contas-do-primeiro-quadrimestre-de-2018-e-apresentada-em-audiencia-publica-na-camara\/#primaryimage","url":"https:\/\/ubanews.com\/site\/wp-content\/uploads\/2018\/06\/2.jpg","contentUrl":"https:\/\/ubanews.com\/site\/wp-content\/uploads\/2018\/06\/2.jpg","width":800,"height":600},{"@type":"BreadcrumbList","@id":"https:\/\/ubanews.com\/site\/2018\/06\/07\/prestacao-de-contas-do-primeiro-quadrimestre-de-2018-e-apresentada-em-audiencia-publica-na-camara\/#breadcrumb","itemListElement":[{"@type":"ListItem","position":1,"name":"Home","item":"https:\/\/ubanews.com\/site\/"},{"@type":"ListItem","position":2,"name":"PRESTA\u00c7\u00c3O DE CONTAS DO PRIMEIRO QUADRIMESTRE DE 2018 \u00c9 APRESENTADA EM AUDI\u00caNCIA P\u00daBLICA NA C\u00c2MARA"}]},{"@type":"WebSite","@id":"https:\/\/ubanews.com\/site\/#website","url":"https:\/\/ubanews.com\/site\/","name":"Ub\u00e1 News","description":"","publisher":{"@id":"https:\/\/ubanews.com\/site\/#organization"},"potentialAction":[{"@type":"SearchAction","target":{"@type":"EntryPoint","urlTemplate":"https:\/\/ubanews.com\/site\/?s={search_term_string}"},"query-input":{"@type":"PropertyValueSpecification","valueRequired":true,"valueName":"search_term_string"}}],"inLanguage":"pt-BR"},{"@type":"Organization","@id":"https:\/\/ubanews.com\/site\/#organization","name":"Ub\u00e1 News","url":"https:\/\/ubanews.com\/site\/","logo":{"@type":"ImageObject","inLanguage":"pt-BR","@id":"https:\/\/ubanews.com\/site\/#\/schema\/logo\/image\/","url":"https:\/\/ubanews.com\/site\/wp-content\/uploads\/2018\/01\/logoubanews.png","contentUrl":"https:\/\/ubanews.com\/site\/wp-content\/uploads\/2018\/01\/logoubanews.png","width":261,"height":99,"caption":"Ub\u00e1 News"},"image":{"@id":"https:\/\/ubanews.com\/site\/#\/schema\/logo\/image\/"},"sameAs":["https:\/\/www.facebook.com\/Ub\u00e1News-Carlos-Roberto-Sodr\u00e9-418778301977370"]},{"@type":"Person","@id":"https:\/\/ubanews.com\/site\/#\/schema\/person\/d90c9e47252fbb63dcc969fe4c8b9d10","name":"Sodr\u00e9","image":{"@type":"ImageObject","inLanguage":"pt-BR","@id":"https:\/\/secure.gravatar.com\/avatar\/5ba2793f0590b9dbfad3fdec4ee714485b3eef211c9b32ee53d414060454a56c?s=96&d=mm&r=g","url":"https:\/\/secure.gravatar.com\/avatar\/5ba2793f0590b9dbfad3fdec4ee714485b3eef211c9b32ee53d414060454a56c?s=96&d=mm&r=g","contentUrl":"https:\/\/secure.gravatar.com\/avatar\/5ba2793f0590b9dbfad3fdec4ee714485b3eef211c9b32ee53d414060454a56c?s=96&d=mm&r=g","caption":"Sodr\u00e9"},"sameAs":["https:\/\/www.facebook.com\/carosroberto.sodre.5\/"],"url":"https:\/\/ubanews.com\/site\/author\/felipe\/"}]}},"_links":{"self":[{"href":"https:\/\/ubanews.com\/site\/wp-json\/wp\/v2\/posts\/4415","targetHints":{"allow":["GET"]}}],"collection":[{"href":"https:\/\/ubanews.com\/site\/wp-json\/wp\/v2\/posts"}],"about":[{"href":"https:\/\/ubanews.com\/site\/wp-json\/wp\/v2\/types\/post"}],"author":[{"embeddable":true,"href":"https:\/\/ubanews.com\/site\/wp-json\/wp\/v2\/users\/2"}],"replies":[{"embeddable":true,"href":"https:\/\/ubanews.com\/site\/wp-json\/wp\/v2\/comments?post=4415"}],"version-history":[{"count":0,"href":"https:\/\/ubanews.com\/site\/wp-json\/wp\/v2\/posts\/4415\/revisions"}],"wp:featuredmedia":[{"embeddable":true,"href":"https:\/\/ubanews.com\/site\/wp-json\/wp\/v2\/media\/4418"}],"wp:attachment":[{"href":"https:\/\/ubanews.com\/site\/wp-json\/wp\/v2\/media?parent=4415"}],"wp:term":[{"taxonomy":"category","embeddable":true,"href":"https:\/\/ubanews.com\/site\/wp-json\/wp\/v2\/categories?post=4415"},{"taxonomy":"post_tag","embeddable":true,"href":"https:\/\/ubanews.com\/site\/wp-json\/wp\/v2\/tags?post=4415"}],"curies":[{"name":"wp","href":"https:\/\/api.w.org\/{rel}","templated":true}]}}