{"id":4289,"date":"2018-06-03T07:00:47","date_gmt":"2018-06-03T10:00:47","guid":{"rendered":"http:\/\/ubanews.com\/site\/?p=4289"},"modified":"2018-06-07T08:18:17","modified_gmt":"2018-06-07T11:18:17","slug":"vereador-reclama-de-atendimento-da-ambulancia","status":"publish","type":"post","link":"https:\/\/ubanews.com\/site\/2018\/06\/03\/vereador-reclama-de-atendimento-da-ambulancia\/","title":{"rendered":"VEREADOR RECLAMA DE ATENDIMENTO DA AMBUL\u00c2NCIA"},"content":{"rendered":"<p>&nbsp;&nbsp;&nbsp;&nbsp;&nbsp;&nbsp;&nbsp;&nbsp; O vereador Joseli An\u00edsio Pinto (PC do B) nos procurou para reclamar quanto ao atendimento a uma paciente que necessita de transporte semanalmente para Muria\u00e9 para tratamento de sua sa\u00fade. Segundo o vereador, a pessoa n\u00e3o pode viajar no \u00f4nibus da prefeitura, pois ela precisa parar v\u00e1rias vezes durante a viagem. Houve um desencontro de informa\u00e7\u00f5es e ela acabou indo em um carro que faz a linha Ub\u00e1 a Muria\u00e9. O vereador conversou conosco e n\u00f3s estamos publicando a nota enviada pela assessoria de imprensa da Prefeitura Municipal de Ub\u00e1.<\/p>\n<p><iframe data-src=\"https:\/\/www.youtube.com\/embed\/hU-7fNaM5vM\" width=\"560\" height=\"315\" frameborder=\"0\" allowfullscreen=\"allowfullscreen\" src=\"data:image\/svg+xml;base64,PHN2ZyB3aWR0aD0iMSIgaGVpZ2h0PSIxIiB4bWxucz0iaHR0cDovL3d3dy53My5vcmcvMjAwMC9zdmciPjwvc3ZnPg==\" class=\"lazyload\" data-load-mode=\"1\"><\/iframe>&nbsp;<\/p>\n<p>A respeito da reclama\u00e7\u00e3o do Vereador, a Prefeitura de Ub\u00e1 informa que em raz\u00e3o da falta de combust\u00edvel gerada pelos protestos dos caminhoneiros em todo pa\u00eds, diversos esfor\u00e7os foram feitos para a manuten\u00e7\u00e3o dos servi\u00e7os de transporte assistenciais. O transporte para pacientes em tratamento em Juiz de Fora, por exemplo, precisou ser suspenso. J\u00e1 o de pacientes para Muria\u00e9 foi mantido atrav\u00e9s de contrato com a empresa de \u00f4nibus terceirizada, que ainda possu\u00eda estoque de combust\u00edvel.<\/p>\n<p>Ressalta-se que tal informa\u00e7\u00e3o foi repassada pela atendente do setor para a senhora que solicitou o transporte, por\u00e9m a senhora recusou o transporte no \u00f4nibus fornecido pela Prefeitura alegando que a paciente n\u00e3o poderia ter contato com outras pessoas.<\/p>\n<p>Na manh\u00e3 de quarta-feira (30), a senhora que fez a reclama\u00e7\u00e3o j\u00e1 esteve no setor para esclarecer os fatos e informou que encaminhou a paciente em \u00f4nibus comercial, por decis\u00e3o pr\u00f3pria, para Muria\u00e9. O respons\u00e1vel pelo setor a informou que a mesma ter\u00e1 o valor das passagens ressarcido.<\/p>\n<p>Atrav\u00e9s de diversas notas divulgadas pela Prefeitura nos \u00faltimos dias foi informado a toda popula\u00e7\u00e3o e a imprensa dos esfor\u00e7os que est\u00e3o sendo feitos para a manuten\u00e7\u00e3o dos servi\u00e7os que envolvem transporte em raz\u00e3o da falta de combust\u00edvel gerada pela greve. Contamos com a compreens\u00e3o de todos.<\/p>\n","protected":false},"excerpt":{"rendered":"<p>&nbsp;&nbsp;&nbsp;&nbsp;&nbsp;&nbsp;&nbsp;&nbsp; O vereador Joseli An\u00edsio Pinto (PC do B) nos<\/p>\n","protected":false},"author":2,"featured_media":4290,"comment_status":"open","ping_status":"open","sticky":false,"template":"","format":"standard","meta":{"footnotes":""},"categories":[1],"tags":[],"class_list":["post-4289","post","type-post","status-publish","format-standard","has-post-thumbnail","hentry","category-sem-categoria"],"yoast_head":"<!-- This site is optimized with the Yoast SEO plugin v27.2 - https:\/\/yoast.com\/product\/yoast-seo-wordpress\/ -->\n<title>VEREADOR RECLAMA DE ATENDIMENTO DA AMBUL\u00c2NCIA - Ub\u00e1 News<\/title>\n<meta name=\"robots\" content=\"index, follow, max-snippet:-1, max-image-preview:large, max-video-preview:-1\" \/>\n<link rel=\"canonical\" href=\"https:\/\/ubanews.com\/site\/2018\/06\/03\/vereador-reclama-de-atendimento-da-ambulancia\/\" \/>\n<meta property=\"og:locale\" content=\"pt_BR\" \/>\n<meta property=\"og:type\" content=\"article\" \/>\n<meta property=\"og:title\" content=\"VEREADOR RECLAMA DE ATENDIMENTO DA AMBUL\u00c2NCIA - Ub\u00e1 News\" \/>\n<meta property=\"og:description\" content=\"&nbsp;&nbsp;&nbsp;&nbsp;&nbsp;&nbsp;&nbsp;&nbsp; O vereador Joseli An\u00edsio Pinto (PC do B) nos\" \/>\n<meta property=\"og:url\" content=\"https:\/\/ubanews.com\/site\/2018\/06\/03\/vereador-reclama-de-atendimento-da-ambulancia\/\" \/>\n<meta property=\"og:site_name\" content=\"Ub\u00e1 News\" \/>\n<meta property=\"article:publisher\" content=\"https:\/\/www.facebook.com\/Ub%c3%a1News-Carlos-Roberto-Sodr%c3%a9-418778301977370\" \/>\n<meta property=\"article:author\" content=\"https:\/\/www.facebook.com\/carosroberto.sodre.5\/\" \/>\n<meta property=\"article:published_time\" content=\"2018-06-03T10:00:47+00:00\" \/>\n<meta property=\"article:modified_time\" content=\"2018-06-07T11:18:17+00:00\" \/>\n<meta property=\"og:image\" content=\"https:\/\/ubanews.com\/site\/wp-content\/uploads\/2018\/06\/DSC_4870.00_00_53_07.Quadro001.jpg\" \/>\n\t<meta property=\"og:image:width\" content=\"800\" \/>\n\t<meta property=\"og:image:height\" content=\"450\" \/>\n\t<meta property=\"og:image:type\" content=\"image\/jpeg\" \/>\n<meta name=\"author\" content=\"Sodr\u00e9\" \/>\n<meta name=\"twitter:card\" content=\"summary_large_image\" \/>\n<meta name=\"twitter:label1\" content=\"Escrito por\" \/>\n\t<meta name=\"twitter:data1\" content=\"Sodr\u00e9\" \/>\n\t<meta name=\"twitter:label2\" content=\"Est. tempo de leitura\" \/>\n\t<meta name=\"twitter:data2\" content=\"2 minutos\" \/>\n<script type=\"application\/ld+json\" class=\"yoast-schema-graph\">{\"@context\":\"https:\/\/schema.org\",\"@graph\":[{\"@type\":\"Article\",\"@id\":\"https:\/\/ubanews.com\/site\/2018\/06\/03\/vereador-reclama-de-atendimento-da-ambulancia\/#article\",\"isPartOf\":{\"@id\":\"https:\/\/ubanews.com\/site\/2018\/06\/03\/vereador-reclama-de-atendimento-da-ambulancia\/\"},\"author\":{\"name\":\"Sodr\u00e9\",\"@id\":\"https:\/\/ubanews.com\/site\/#\/schema\/person\/d90c9e47252fbb63dcc969fe4c8b9d10\"},\"headline\":\"VEREADOR RECLAMA DE ATENDIMENTO DA AMBUL\u00c2NCIA\",\"datePublished\":\"2018-06-03T10:00:47+00:00\",\"dateModified\":\"2018-06-07T11:18:17+00:00\",\"mainEntityOfPage\":{\"@id\":\"https:\/\/ubanews.com\/site\/2018\/06\/03\/vereador-reclama-de-atendimento-da-ambulancia\/\"},\"wordCount\":347,\"commentCount\":0,\"publisher\":{\"@id\":\"https:\/\/ubanews.com\/site\/#organization\"},\"image\":{\"@id\":\"https:\/\/ubanews.com\/site\/2018\/06\/03\/vereador-reclama-de-atendimento-da-ambulancia\/#primaryimage\"},\"thumbnailUrl\":\"https:\/\/ubanews.com\/site\/wp-content\/uploads\/2018\/06\/DSC_4870.00_00_53_07.Quadro001.jpg\",\"articleSection\":[\"Geral\"],\"inLanguage\":\"pt-BR\",\"potentialAction\":[{\"@type\":\"CommentAction\",\"name\":\"Comment\",\"target\":[\"https:\/\/ubanews.com\/site\/2018\/06\/03\/vereador-reclama-de-atendimento-da-ambulancia\/#respond\"]}]},{\"@type\":\"WebPage\",\"@id\":\"https:\/\/ubanews.com\/site\/2018\/06\/03\/vereador-reclama-de-atendimento-da-ambulancia\/\",\"url\":\"https:\/\/ubanews.com\/site\/2018\/06\/03\/vereador-reclama-de-atendimento-da-ambulancia\/\",\"name\":\"VEREADOR RECLAMA DE ATENDIMENTO DA AMBUL\u00c2NCIA - Ub\u00e1 News\",\"isPartOf\":{\"@id\":\"https:\/\/ubanews.com\/site\/#website\"},\"primaryImageOfPage\":{\"@id\":\"https:\/\/ubanews.com\/site\/2018\/06\/03\/vereador-reclama-de-atendimento-da-ambulancia\/#primaryimage\"},\"image\":{\"@id\":\"https:\/\/ubanews.com\/site\/2018\/06\/03\/vereador-reclama-de-atendimento-da-ambulancia\/#primaryimage\"},\"thumbnailUrl\":\"https:\/\/ubanews.com\/site\/wp-content\/uploads\/2018\/06\/DSC_4870.00_00_53_07.Quadro001.jpg\",\"datePublished\":\"2018-06-03T10:00:47+00:00\",\"dateModified\":\"2018-06-07T11:18:17+00:00\",\"breadcrumb\":{\"@id\":\"https:\/\/ubanews.com\/site\/2018\/06\/03\/vereador-reclama-de-atendimento-da-ambulancia\/#breadcrumb\"},\"inLanguage\":\"pt-BR\",\"potentialAction\":[{\"@type\":\"ReadAction\",\"target\":[\"https:\/\/ubanews.com\/site\/2018\/06\/03\/vereador-reclama-de-atendimento-da-ambulancia\/\"]}]},{\"@type\":\"ImageObject\",\"inLanguage\":\"pt-BR\",\"@id\":\"https:\/\/ubanews.com\/site\/2018\/06\/03\/vereador-reclama-de-atendimento-da-ambulancia\/#primaryimage\",\"url\":\"https:\/\/ubanews.com\/site\/wp-content\/uploads\/2018\/06\/DSC_4870.00_00_53_07.Quadro001.jpg\",\"contentUrl\":\"https:\/\/ubanews.com\/site\/wp-content\/uploads\/2018\/06\/DSC_4870.00_00_53_07.Quadro001.jpg\",\"width\":800,\"height\":450},{\"@type\":\"BreadcrumbList\",\"@id\":\"https:\/\/ubanews.com\/site\/2018\/06\/03\/vereador-reclama-de-atendimento-da-ambulancia\/#breadcrumb\",\"itemListElement\":[{\"@type\":\"ListItem\",\"position\":1,\"name\":\"Home\",\"item\":\"https:\/\/ubanews.com\/site\/\"},{\"@type\":\"ListItem\",\"position\":2,\"name\":\"VEREADOR RECLAMA DE ATENDIMENTO DA AMBUL\u00c2NCIA\"}]},{\"@type\":\"WebSite\",\"@id\":\"https:\/\/ubanews.com\/site\/#website\",\"url\":\"https:\/\/ubanews.com\/site\/\",\"name\":\"Ub\u00e1 News\",\"description\":\"\",\"publisher\":{\"@id\":\"https:\/\/ubanews.com\/site\/#organization\"},\"potentialAction\":[{\"@type\":\"SearchAction\",\"target\":{\"@type\":\"EntryPoint\",\"urlTemplate\":\"https:\/\/ubanews.com\/site\/?s={search_term_string}\"},\"query-input\":{\"@type\":\"PropertyValueSpecification\",\"valueRequired\":true,\"valueName\":\"search_term_string\"}}],\"inLanguage\":\"pt-BR\"},{\"@type\":\"Organization\",\"@id\":\"https:\/\/ubanews.com\/site\/#organization\",\"name\":\"Ub\u00e1 News\",\"url\":\"https:\/\/ubanews.com\/site\/\",\"logo\":{\"@type\":\"ImageObject\",\"inLanguage\":\"pt-BR\",\"@id\":\"https:\/\/ubanews.com\/site\/#\/schema\/logo\/image\/\",\"url\":\"https:\/\/ubanews.com\/site\/wp-content\/uploads\/2018\/01\/logoubanews.png\",\"contentUrl\":\"https:\/\/ubanews.com\/site\/wp-content\/uploads\/2018\/01\/logoubanews.png\",\"width\":261,\"height\":99,\"caption\":\"Ub\u00e1 News\"},\"image\":{\"@id\":\"https:\/\/ubanews.com\/site\/#\/schema\/logo\/image\/\"},\"sameAs\":[\"https:\/\/www.facebook.com\/Ub\u00e1News-Carlos-Roberto-Sodr\u00e9-418778301977370\"]},{\"@type\":\"Person\",\"@id\":\"https:\/\/ubanews.com\/site\/#\/schema\/person\/d90c9e47252fbb63dcc969fe4c8b9d10\",\"name\":\"Sodr\u00e9\",\"image\":{\"@type\":\"ImageObject\",\"inLanguage\":\"pt-BR\",\"@id\":\"https:\/\/secure.gravatar.com\/avatar\/5ba2793f0590b9dbfad3fdec4ee714485b3eef211c9b32ee53d414060454a56c?s=96&d=mm&r=g\",\"url\":\"https:\/\/secure.gravatar.com\/avatar\/5ba2793f0590b9dbfad3fdec4ee714485b3eef211c9b32ee53d414060454a56c?s=96&d=mm&r=g\",\"contentUrl\":\"https:\/\/secure.gravatar.com\/avatar\/5ba2793f0590b9dbfad3fdec4ee714485b3eef211c9b32ee53d414060454a56c?s=96&d=mm&r=g\",\"caption\":\"Sodr\u00e9\"},\"sameAs\":[\"https:\/\/www.facebook.com\/carosroberto.sodre.5\/\"],\"url\":\"https:\/\/ubanews.com\/site\/author\/felipe\/\"}]}<\/script>\n<!-- \/ Yoast SEO plugin. -->","yoast_head_json":{"title":"VEREADOR RECLAMA DE ATENDIMENTO DA AMBUL\u00c2NCIA - Ub\u00e1 News","robots":{"index":"index","follow":"follow","max-snippet":"max-snippet:-1","max-image-preview":"max-image-preview:large","max-video-preview":"max-video-preview:-1"},"canonical":"https:\/\/ubanews.com\/site\/2018\/06\/03\/vereador-reclama-de-atendimento-da-ambulancia\/","og_locale":"pt_BR","og_type":"article","og_title":"VEREADOR RECLAMA DE ATENDIMENTO DA AMBUL\u00c2NCIA - Ub\u00e1 News","og_description":"&nbsp;&nbsp;&nbsp;&nbsp;&nbsp;&nbsp;&nbsp;&nbsp; O vereador Joseli An\u00edsio Pinto (PC do B) nos","og_url":"https:\/\/ubanews.com\/site\/2018\/06\/03\/vereador-reclama-de-atendimento-da-ambulancia\/","og_site_name":"Ub\u00e1 News","article_publisher":"https:\/\/www.facebook.com\/Ub%c3%a1News-Carlos-Roberto-Sodr%c3%a9-418778301977370","article_author":"https:\/\/www.facebook.com\/carosroberto.sodre.5\/","article_published_time":"2018-06-03T10:00:47+00:00","article_modified_time":"2018-06-07T11:18:17+00:00","og_image":[{"width":800,"height":450,"url":"https:\/\/ubanews.com\/site\/wp-content\/uploads\/2018\/06\/DSC_4870.00_00_53_07.Quadro001.jpg","type":"image\/jpeg"}],"author":"Sodr\u00e9","twitter_card":"summary_large_image","twitter_misc":{"Escrito por":"Sodr\u00e9","Est. tempo de leitura":"2 minutos"},"schema":{"@context":"https:\/\/schema.org","@graph":[{"@type":"Article","@id":"https:\/\/ubanews.com\/site\/2018\/06\/03\/vereador-reclama-de-atendimento-da-ambulancia\/#article","isPartOf":{"@id":"https:\/\/ubanews.com\/site\/2018\/06\/03\/vereador-reclama-de-atendimento-da-ambulancia\/"},"author":{"name":"Sodr\u00e9","@id":"https:\/\/ubanews.com\/site\/#\/schema\/person\/d90c9e47252fbb63dcc969fe4c8b9d10"},"headline":"VEREADOR RECLAMA DE ATENDIMENTO DA AMBUL\u00c2NCIA","datePublished":"2018-06-03T10:00:47+00:00","dateModified":"2018-06-07T11:18:17+00:00","mainEntityOfPage":{"@id":"https:\/\/ubanews.com\/site\/2018\/06\/03\/vereador-reclama-de-atendimento-da-ambulancia\/"},"wordCount":347,"commentCount":0,"publisher":{"@id":"https:\/\/ubanews.com\/site\/#organization"},"image":{"@id":"https:\/\/ubanews.com\/site\/2018\/06\/03\/vereador-reclama-de-atendimento-da-ambulancia\/#primaryimage"},"thumbnailUrl":"https:\/\/ubanews.com\/site\/wp-content\/uploads\/2018\/06\/DSC_4870.00_00_53_07.Quadro001.jpg","articleSection":["Geral"],"inLanguage":"pt-BR","potentialAction":[{"@type":"CommentAction","name":"Comment","target":["https:\/\/ubanews.com\/site\/2018\/06\/03\/vereador-reclama-de-atendimento-da-ambulancia\/#respond"]}]},{"@type":"WebPage","@id":"https:\/\/ubanews.com\/site\/2018\/06\/03\/vereador-reclama-de-atendimento-da-ambulancia\/","url":"https:\/\/ubanews.com\/site\/2018\/06\/03\/vereador-reclama-de-atendimento-da-ambulancia\/","name":"VEREADOR RECLAMA DE ATENDIMENTO DA AMBUL\u00c2NCIA - Ub\u00e1 News","isPartOf":{"@id":"https:\/\/ubanews.com\/site\/#website"},"primaryImageOfPage":{"@id":"https:\/\/ubanews.com\/site\/2018\/06\/03\/vereador-reclama-de-atendimento-da-ambulancia\/#primaryimage"},"image":{"@id":"https:\/\/ubanews.com\/site\/2018\/06\/03\/vereador-reclama-de-atendimento-da-ambulancia\/#primaryimage"},"thumbnailUrl":"https:\/\/ubanews.com\/site\/wp-content\/uploads\/2018\/06\/DSC_4870.00_00_53_07.Quadro001.jpg","datePublished":"2018-06-03T10:00:47+00:00","dateModified":"2018-06-07T11:18:17+00:00","breadcrumb":{"@id":"https:\/\/ubanews.com\/site\/2018\/06\/03\/vereador-reclama-de-atendimento-da-ambulancia\/#breadcrumb"},"inLanguage":"pt-BR","potentialAction":[{"@type":"ReadAction","target":["https:\/\/ubanews.com\/site\/2018\/06\/03\/vereador-reclama-de-atendimento-da-ambulancia\/"]}]},{"@type":"ImageObject","inLanguage":"pt-BR","@id":"https:\/\/ubanews.com\/site\/2018\/06\/03\/vereador-reclama-de-atendimento-da-ambulancia\/#primaryimage","url":"https:\/\/ubanews.com\/site\/wp-content\/uploads\/2018\/06\/DSC_4870.00_00_53_07.Quadro001.jpg","contentUrl":"https:\/\/ubanews.com\/site\/wp-content\/uploads\/2018\/06\/DSC_4870.00_00_53_07.Quadro001.jpg","width":800,"height":450},{"@type":"BreadcrumbList","@id":"https:\/\/ubanews.com\/site\/2018\/06\/03\/vereador-reclama-de-atendimento-da-ambulancia\/#breadcrumb","itemListElement":[{"@type":"ListItem","position":1,"name":"Home","item":"https:\/\/ubanews.com\/site\/"},{"@type":"ListItem","position":2,"name":"VEREADOR RECLAMA DE ATENDIMENTO DA AMBUL\u00c2NCIA"}]},{"@type":"WebSite","@id":"https:\/\/ubanews.com\/site\/#website","url":"https:\/\/ubanews.com\/site\/","name":"Ub\u00e1 News","description":"","publisher":{"@id":"https:\/\/ubanews.com\/site\/#organization"},"potentialAction":[{"@type":"SearchAction","target":{"@type":"EntryPoint","urlTemplate":"https:\/\/ubanews.com\/site\/?s={search_term_string}"},"query-input":{"@type":"PropertyValueSpecification","valueRequired":true,"valueName":"search_term_string"}}],"inLanguage":"pt-BR"},{"@type":"Organization","@id":"https:\/\/ubanews.com\/site\/#organization","name":"Ub\u00e1 News","url":"https:\/\/ubanews.com\/site\/","logo":{"@type":"ImageObject","inLanguage":"pt-BR","@id":"https:\/\/ubanews.com\/site\/#\/schema\/logo\/image\/","url":"https:\/\/ubanews.com\/site\/wp-content\/uploads\/2018\/01\/logoubanews.png","contentUrl":"https:\/\/ubanews.com\/site\/wp-content\/uploads\/2018\/01\/logoubanews.png","width":261,"height":99,"caption":"Ub\u00e1 News"},"image":{"@id":"https:\/\/ubanews.com\/site\/#\/schema\/logo\/image\/"},"sameAs":["https:\/\/www.facebook.com\/Ub\u00e1News-Carlos-Roberto-Sodr\u00e9-418778301977370"]},{"@type":"Person","@id":"https:\/\/ubanews.com\/site\/#\/schema\/person\/d90c9e47252fbb63dcc969fe4c8b9d10","name":"Sodr\u00e9","image":{"@type":"ImageObject","inLanguage":"pt-BR","@id":"https:\/\/secure.gravatar.com\/avatar\/5ba2793f0590b9dbfad3fdec4ee714485b3eef211c9b32ee53d414060454a56c?s=96&d=mm&r=g","url":"https:\/\/secure.gravatar.com\/avatar\/5ba2793f0590b9dbfad3fdec4ee714485b3eef211c9b32ee53d414060454a56c?s=96&d=mm&r=g","contentUrl":"https:\/\/secure.gravatar.com\/avatar\/5ba2793f0590b9dbfad3fdec4ee714485b3eef211c9b32ee53d414060454a56c?s=96&d=mm&r=g","caption":"Sodr\u00e9"},"sameAs":["https:\/\/www.facebook.com\/carosroberto.sodre.5\/"],"url":"https:\/\/ubanews.com\/site\/author\/felipe\/"}]}},"_links":{"self":[{"href":"https:\/\/ubanews.com\/site\/wp-json\/wp\/v2\/posts\/4289","targetHints":{"allow":["GET"]}}],"collection":[{"href":"https:\/\/ubanews.com\/site\/wp-json\/wp\/v2\/posts"}],"about":[{"href":"https:\/\/ubanews.com\/site\/wp-json\/wp\/v2\/types\/post"}],"author":[{"embeddable":true,"href":"https:\/\/ubanews.com\/site\/wp-json\/wp\/v2\/users\/2"}],"replies":[{"embeddable":true,"href":"https:\/\/ubanews.com\/site\/wp-json\/wp\/v2\/comments?post=4289"}],"version-history":[{"count":0,"href":"https:\/\/ubanews.com\/site\/wp-json\/wp\/v2\/posts\/4289\/revisions"}],"wp:featuredmedia":[{"embeddable":true,"href":"https:\/\/ubanews.com\/site\/wp-json\/wp\/v2\/media\/4290"}],"wp:attachment":[{"href":"https:\/\/ubanews.com\/site\/wp-json\/wp\/v2\/media?parent=4289"}],"wp:term":[{"taxonomy":"category","embeddable":true,"href":"https:\/\/ubanews.com\/site\/wp-json\/wp\/v2\/categories?post=4289"},{"taxonomy":"post_tag","embeddable":true,"href":"https:\/\/ubanews.com\/site\/wp-json\/wp\/v2\/tags?post=4289"}],"curies":[{"name":"wp","href":"https:\/\/api.w.org\/{rel}","templated":true}]}}