{"id":4268,"date":"2018-06-01T16:18:14","date_gmt":"2018-06-01T19:18:14","guid":{"rendered":"http:\/\/ubanews.com\/site\/?p=4268"},"modified":"2018-06-09T16:22:03","modified_gmt":"2018-06-09T19:22:03","slug":"postos-vivem-dias-de-incertezas-por-falta-de-combustivel","status":"publish","type":"post","link":"https:\/\/ubanews.com\/site\/2018\/06\/01\/postos-vivem-dias-de-incertezas-por-falta-de-combustivel\/","title":{"rendered":"Postos vivem dias de incertezas por falta de combust\u00edvel"},"content":{"rendered":"<p>Bombas paradas. Frentistas de folga. Caminh\u00f5es nas estradas. Tem sido assim a rotina nos 15 postos de combust\u00edveis de Ub\u00e1. Em conversa com o Silvano Fortunato de Oliveira, gerente do Posto Abastesso, Avenida Beira Rio, ao lado da Policl\u00ednica Regional, ele nos disse que \u00e9 dif\u00edcil at\u00e9 para manter a escala dos colaboradores. \u00c0s vezes \u00e9 necess\u00e1rio dar folga, por falta de servi\u00e7o, mas de repente o caminh\u00e3o chega carregado de combust\u00edvel. Nesse momento ele chama todos de volta. Enquanto isso o trabalhador n\u00e3o sabe o que fazer. Nesse posto a gasolina acabou \u00e0s 2h da madrugada dessa sexta-feira (01), o \u00e1lcool \u00e0s 10h e o diesel logo em seguida. O telefone toca sem parar. E a pergunta \u00e9 sempre a mesma: se tem previs\u00e3o para a chegada dos combust\u00edveis. A resposta \u00e9 sempre a mesma. Ningu\u00e9m sabe responder. Pode chegar agora, daqui a uma hora ou nos pr\u00f3ximos dias.<\/p>\n<div style=\"position: relative; height: 0; padding-bottom: 56.25%;\"><iframe style=\"position: absolute; width: 100%; height: 100%; left: 0;\" data-src=\"https:\/\/www.youtube.com\/embed\/JIjPtHTpRV0?ecver=2\" width=\"640\" height=\"360\" frameborder=\"0\" allowfullscreen=\"allowfullscreen\" src=\"data:image\/svg+xml;base64,PHN2ZyB3aWR0aD0iMSIgaGVpZ2h0PSIxIiB4bWxucz0iaHR0cDovL3d3dy53My5vcmcvMjAwMC9zdmciPjwvc3ZnPg==\" class=\"lazyload\" data-load-mode=\"1\"><\/iframe><\/div>\n","protected":false},"excerpt":{"rendered":"<p>Bombas paradas. Frentistas de folga. Caminh\u00f5es nas estradas. Tem sido<\/p>\n","protected":false},"author":2,"featured_media":4269,"comment_status":"open","ping_status":"open","sticky":false,"template":"","format":"standard","meta":{"footnotes":""},"categories":[1],"tags":[],"class_list":["post-4268","post","type-post","status-publish","format-standard","has-post-thumbnail","hentry","category-sem-categoria"],"yoast_head":"<!-- This site is optimized with the Yoast SEO plugin v27.2 - https:\/\/yoast.com\/product\/yoast-seo-wordpress\/ -->\n<title>Postos vivem dias de incertezas por falta de combust\u00edvel - Ub\u00e1 News<\/title>\n<meta name=\"robots\" content=\"index, follow, max-snippet:-1, max-image-preview:large, max-video-preview:-1\" \/>\n<link rel=\"canonical\" href=\"https:\/\/ubanews.com\/site\/2018\/06\/01\/postos-vivem-dias-de-incertezas-por-falta-de-combustivel\/\" \/>\n<meta property=\"og:locale\" content=\"pt_BR\" \/>\n<meta property=\"og:type\" content=\"article\" \/>\n<meta property=\"og:title\" content=\"Postos vivem dias de incertezas por falta de combust\u00edvel - Ub\u00e1 News\" \/>\n<meta property=\"og:description\" content=\"Bombas paradas. Frentistas de folga. Caminh\u00f5es nas estradas. Tem sido\" \/>\n<meta property=\"og:url\" content=\"https:\/\/ubanews.com\/site\/2018\/06\/01\/postos-vivem-dias-de-incertezas-por-falta-de-combustivel\/\" \/>\n<meta property=\"og:site_name\" content=\"Ub\u00e1 News\" \/>\n<meta property=\"article:publisher\" content=\"https:\/\/www.facebook.com\/Ub%c3%a1News-Carlos-Roberto-Sodr%c3%a9-418778301977370\" \/>\n<meta property=\"article:author\" content=\"https:\/\/www.facebook.com\/carosroberto.sodre.5\/\" \/>\n<meta property=\"article:published_time\" content=\"2018-06-01T19:18:14+00:00\" \/>\n<meta property=\"article:modified_time\" content=\"2018-06-09T19:22:03+00:00\" \/>\n<meta property=\"og:image\" content=\"https:\/\/ubanews.com\/site\/wp-content\/uploads\/2018\/06\/DSC_5151-c\u00f3pia.jpg\" \/>\n\t<meta property=\"og:image:width\" content=\"800\" \/>\n\t<meta property=\"og:image:height\" content=\"444\" \/>\n\t<meta property=\"og:image:type\" content=\"image\/jpeg\" \/>\n<meta name=\"author\" content=\"Sodr\u00e9\" \/>\n<meta name=\"twitter:card\" content=\"summary_large_image\" \/>\n<meta name=\"twitter:label1\" content=\"Escrito por\" \/>\n\t<meta name=\"twitter:data1\" content=\"Sodr\u00e9\" \/>\n\t<meta name=\"twitter:label2\" content=\"Est. tempo de leitura\" \/>\n\t<meta name=\"twitter:data2\" content=\"1 minuto\" \/>\n<script type=\"application\/ld+json\" class=\"yoast-schema-graph\">{\"@context\":\"https:\/\/schema.org\",\"@graph\":[{\"@type\":\"Article\",\"@id\":\"https:\/\/ubanews.com\/site\/2018\/06\/01\/postos-vivem-dias-de-incertezas-por-falta-de-combustivel\/#article\",\"isPartOf\":{\"@id\":\"https:\/\/ubanews.com\/site\/2018\/06\/01\/postos-vivem-dias-de-incertezas-por-falta-de-combustivel\/\"},\"author\":{\"name\":\"Sodr\u00e9\",\"@id\":\"https:\/\/ubanews.com\/site\/#\/schema\/person\/d90c9e47252fbb63dcc969fe4c8b9d10\"},\"headline\":\"Postos vivem dias de incertezas por falta de combust\u00edvel\",\"datePublished\":\"2018-06-01T19:18:14+00:00\",\"dateModified\":\"2018-06-09T19:22:03+00:00\",\"mainEntityOfPage\":{\"@id\":\"https:\/\/ubanews.com\/site\/2018\/06\/01\/postos-vivem-dias-de-incertezas-por-falta-de-combustivel\/\"},\"wordCount\":167,\"commentCount\":0,\"publisher\":{\"@id\":\"https:\/\/ubanews.com\/site\/#organization\"},\"image\":{\"@id\":\"https:\/\/ubanews.com\/site\/2018\/06\/01\/postos-vivem-dias-de-incertezas-por-falta-de-combustivel\/#primaryimage\"},\"thumbnailUrl\":\"https:\/\/ubanews.com\/site\/wp-content\/uploads\/2018\/06\/DSC_5151-c\u00f3pia.jpg\",\"articleSection\":[\"Geral\"],\"inLanguage\":\"pt-BR\",\"potentialAction\":[{\"@type\":\"CommentAction\",\"name\":\"Comment\",\"target\":[\"https:\/\/ubanews.com\/site\/2018\/06\/01\/postos-vivem-dias-de-incertezas-por-falta-de-combustivel\/#respond\"]}]},{\"@type\":\"WebPage\",\"@id\":\"https:\/\/ubanews.com\/site\/2018\/06\/01\/postos-vivem-dias-de-incertezas-por-falta-de-combustivel\/\",\"url\":\"https:\/\/ubanews.com\/site\/2018\/06\/01\/postos-vivem-dias-de-incertezas-por-falta-de-combustivel\/\",\"name\":\"Postos vivem dias de incertezas por falta de combust\u00edvel - Ub\u00e1 News\",\"isPartOf\":{\"@id\":\"https:\/\/ubanews.com\/site\/#website\"},\"primaryImageOfPage\":{\"@id\":\"https:\/\/ubanews.com\/site\/2018\/06\/01\/postos-vivem-dias-de-incertezas-por-falta-de-combustivel\/#primaryimage\"},\"image\":{\"@id\":\"https:\/\/ubanews.com\/site\/2018\/06\/01\/postos-vivem-dias-de-incertezas-por-falta-de-combustivel\/#primaryimage\"},\"thumbnailUrl\":\"https:\/\/ubanews.com\/site\/wp-content\/uploads\/2018\/06\/DSC_5151-c\u00f3pia.jpg\",\"datePublished\":\"2018-06-01T19:18:14+00:00\",\"dateModified\":\"2018-06-09T19:22:03+00:00\",\"breadcrumb\":{\"@id\":\"https:\/\/ubanews.com\/site\/2018\/06\/01\/postos-vivem-dias-de-incertezas-por-falta-de-combustivel\/#breadcrumb\"},\"inLanguage\":\"pt-BR\",\"potentialAction\":[{\"@type\":\"ReadAction\",\"target\":[\"https:\/\/ubanews.com\/site\/2018\/06\/01\/postos-vivem-dias-de-incertezas-por-falta-de-combustivel\/\"]}]},{\"@type\":\"ImageObject\",\"inLanguage\":\"pt-BR\",\"@id\":\"https:\/\/ubanews.com\/site\/2018\/06\/01\/postos-vivem-dias-de-incertezas-por-falta-de-combustivel\/#primaryimage\",\"url\":\"https:\/\/ubanews.com\/site\/wp-content\/uploads\/2018\/06\/DSC_5151-c\u00f3pia.jpg\",\"contentUrl\":\"https:\/\/ubanews.com\/site\/wp-content\/uploads\/2018\/06\/DSC_5151-c\u00f3pia.jpg\",\"width\":800,\"height\":444},{\"@type\":\"BreadcrumbList\",\"@id\":\"https:\/\/ubanews.com\/site\/2018\/06\/01\/postos-vivem-dias-de-incertezas-por-falta-de-combustivel\/#breadcrumb\",\"itemListElement\":[{\"@type\":\"ListItem\",\"position\":1,\"name\":\"Home\",\"item\":\"https:\/\/ubanews.com\/site\/\"},{\"@type\":\"ListItem\",\"position\":2,\"name\":\"Postos vivem dias de incertezas por falta de combust\u00edvel\"}]},{\"@type\":\"WebSite\",\"@id\":\"https:\/\/ubanews.com\/site\/#website\",\"url\":\"https:\/\/ubanews.com\/site\/\",\"name\":\"Ub\u00e1 News\",\"description\":\"\",\"publisher\":{\"@id\":\"https:\/\/ubanews.com\/site\/#organization\"},\"potentialAction\":[{\"@type\":\"SearchAction\",\"target\":{\"@type\":\"EntryPoint\",\"urlTemplate\":\"https:\/\/ubanews.com\/site\/?s={search_term_string}\"},\"query-input\":{\"@type\":\"PropertyValueSpecification\",\"valueRequired\":true,\"valueName\":\"search_term_string\"}}],\"inLanguage\":\"pt-BR\"},{\"@type\":\"Organization\",\"@id\":\"https:\/\/ubanews.com\/site\/#organization\",\"name\":\"Ub\u00e1 News\",\"url\":\"https:\/\/ubanews.com\/site\/\",\"logo\":{\"@type\":\"ImageObject\",\"inLanguage\":\"pt-BR\",\"@id\":\"https:\/\/ubanews.com\/site\/#\/schema\/logo\/image\/\",\"url\":\"https:\/\/ubanews.com\/site\/wp-content\/uploads\/2018\/01\/logoubanews.png\",\"contentUrl\":\"https:\/\/ubanews.com\/site\/wp-content\/uploads\/2018\/01\/logoubanews.png\",\"width\":261,\"height\":99,\"caption\":\"Ub\u00e1 News\"},\"image\":{\"@id\":\"https:\/\/ubanews.com\/site\/#\/schema\/logo\/image\/\"},\"sameAs\":[\"https:\/\/www.facebook.com\/Ub\u00e1News-Carlos-Roberto-Sodr\u00e9-418778301977370\"]},{\"@type\":\"Person\",\"@id\":\"https:\/\/ubanews.com\/site\/#\/schema\/person\/d90c9e47252fbb63dcc969fe4c8b9d10\",\"name\":\"Sodr\u00e9\",\"image\":{\"@type\":\"ImageObject\",\"inLanguage\":\"pt-BR\",\"@id\":\"https:\/\/secure.gravatar.com\/avatar\/5ba2793f0590b9dbfad3fdec4ee714485b3eef211c9b32ee53d414060454a56c?s=96&d=mm&r=g\",\"url\":\"https:\/\/secure.gravatar.com\/avatar\/5ba2793f0590b9dbfad3fdec4ee714485b3eef211c9b32ee53d414060454a56c?s=96&d=mm&r=g\",\"contentUrl\":\"https:\/\/secure.gravatar.com\/avatar\/5ba2793f0590b9dbfad3fdec4ee714485b3eef211c9b32ee53d414060454a56c?s=96&d=mm&r=g\",\"caption\":\"Sodr\u00e9\"},\"sameAs\":[\"https:\/\/www.facebook.com\/carosroberto.sodre.5\/\"],\"url\":\"https:\/\/ubanews.com\/site\/author\/felipe\/\"}]}<\/script>\n<!-- \/ Yoast SEO plugin. -->","yoast_head_json":{"title":"Postos vivem dias de incertezas por falta de combust\u00edvel - Ub\u00e1 News","robots":{"index":"index","follow":"follow","max-snippet":"max-snippet:-1","max-image-preview":"max-image-preview:large","max-video-preview":"max-video-preview:-1"},"canonical":"https:\/\/ubanews.com\/site\/2018\/06\/01\/postos-vivem-dias-de-incertezas-por-falta-de-combustivel\/","og_locale":"pt_BR","og_type":"article","og_title":"Postos vivem dias de incertezas por falta de combust\u00edvel - Ub\u00e1 News","og_description":"Bombas paradas. Frentistas de folga. Caminh\u00f5es nas estradas. Tem sido","og_url":"https:\/\/ubanews.com\/site\/2018\/06\/01\/postos-vivem-dias-de-incertezas-por-falta-de-combustivel\/","og_site_name":"Ub\u00e1 News","article_publisher":"https:\/\/www.facebook.com\/Ub%c3%a1News-Carlos-Roberto-Sodr%c3%a9-418778301977370","article_author":"https:\/\/www.facebook.com\/carosroberto.sodre.5\/","article_published_time":"2018-06-01T19:18:14+00:00","article_modified_time":"2018-06-09T19:22:03+00:00","og_image":[{"width":800,"height":444,"url":"https:\/\/ubanews.com\/site\/wp-content\/uploads\/2018\/06\/DSC_5151-c\u00f3pia.jpg","type":"image\/jpeg"}],"author":"Sodr\u00e9","twitter_card":"summary_large_image","twitter_misc":{"Escrito por":"Sodr\u00e9","Est. tempo de leitura":"1 minuto"},"schema":{"@context":"https:\/\/schema.org","@graph":[{"@type":"Article","@id":"https:\/\/ubanews.com\/site\/2018\/06\/01\/postos-vivem-dias-de-incertezas-por-falta-de-combustivel\/#article","isPartOf":{"@id":"https:\/\/ubanews.com\/site\/2018\/06\/01\/postos-vivem-dias-de-incertezas-por-falta-de-combustivel\/"},"author":{"name":"Sodr\u00e9","@id":"https:\/\/ubanews.com\/site\/#\/schema\/person\/d90c9e47252fbb63dcc969fe4c8b9d10"},"headline":"Postos vivem dias de incertezas por falta de combust\u00edvel","datePublished":"2018-06-01T19:18:14+00:00","dateModified":"2018-06-09T19:22:03+00:00","mainEntityOfPage":{"@id":"https:\/\/ubanews.com\/site\/2018\/06\/01\/postos-vivem-dias-de-incertezas-por-falta-de-combustivel\/"},"wordCount":167,"commentCount":0,"publisher":{"@id":"https:\/\/ubanews.com\/site\/#organization"},"image":{"@id":"https:\/\/ubanews.com\/site\/2018\/06\/01\/postos-vivem-dias-de-incertezas-por-falta-de-combustivel\/#primaryimage"},"thumbnailUrl":"https:\/\/ubanews.com\/site\/wp-content\/uploads\/2018\/06\/DSC_5151-c\u00f3pia.jpg","articleSection":["Geral"],"inLanguage":"pt-BR","potentialAction":[{"@type":"CommentAction","name":"Comment","target":["https:\/\/ubanews.com\/site\/2018\/06\/01\/postos-vivem-dias-de-incertezas-por-falta-de-combustivel\/#respond"]}]},{"@type":"WebPage","@id":"https:\/\/ubanews.com\/site\/2018\/06\/01\/postos-vivem-dias-de-incertezas-por-falta-de-combustivel\/","url":"https:\/\/ubanews.com\/site\/2018\/06\/01\/postos-vivem-dias-de-incertezas-por-falta-de-combustivel\/","name":"Postos vivem dias de incertezas por falta de combust\u00edvel - Ub\u00e1 News","isPartOf":{"@id":"https:\/\/ubanews.com\/site\/#website"},"primaryImageOfPage":{"@id":"https:\/\/ubanews.com\/site\/2018\/06\/01\/postos-vivem-dias-de-incertezas-por-falta-de-combustivel\/#primaryimage"},"image":{"@id":"https:\/\/ubanews.com\/site\/2018\/06\/01\/postos-vivem-dias-de-incertezas-por-falta-de-combustivel\/#primaryimage"},"thumbnailUrl":"https:\/\/ubanews.com\/site\/wp-content\/uploads\/2018\/06\/DSC_5151-c\u00f3pia.jpg","datePublished":"2018-06-01T19:18:14+00:00","dateModified":"2018-06-09T19:22:03+00:00","breadcrumb":{"@id":"https:\/\/ubanews.com\/site\/2018\/06\/01\/postos-vivem-dias-de-incertezas-por-falta-de-combustivel\/#breadcrumb"},"inLanguage":"pt-BR","potentialAction":[{"@type":"ReadAction","target":["https:\/\/ubanews.com\/site\/2018\/06\/01\/postos-vivem-dias-de-incertezas-por-falta-de-combustivel\/"]}]},{"@type":"ImageObject","inLanguage":"pt-BR","@id":"https:\/\/ubanews.com\/site\/2018\/06\/01\/postos-vivem-dias-de-incertezas-por-falta-de-combustivel\/#primaryimage","url":"https:\/\/ubanews.com\/site\/wp-content\/uploads\/2018\/06\/DSC_5151-c\u00f3pia.jpg","contentUrl":"https:\/\/ubanews.com\/site\/wp-content\/uploads\/2018\/06\/DSC_5151-c\u00f3pia.jpg","width":800,"height":444},{"@type":"BreadcrumbList","@id":"https:\/\/ubanews.com\/site\/2018\/06\/01\/postos-vivem-dias-de-incertezas-por-falta-de-combustivel\/#breadcrumb","itemListElement":[{"@type":"ListItem","position":1,"name":"Home","item":"https:\/\/ubanews.com\/site\/"},{"@type":"ListItem","position":2,"name":"Postos vivem dias de incertezas por falta de combust\u00edvel"}]},{"@type":"WebSite","@id":"https:\/\/ubanews.com\/site\/#website","url":"https:\/\/ubanews.com\/site\/","name":"Ub\u00e1 News","description":"","publisher":{"@id":"https:\/\/ubanews.com\/site\/#organization"},"potentialAction":[{"@type":"SearchAction","target":{"@type":"EntryPoint","urlTemplate":"https:\/\/ubanews.com\/site\/?s={search_term_string}"},"query-input":{"@type":"PropertyValueSpecification","valueRequired":true,"valueName":"search_term_string"}}],"inLanguage":"pt-BR"},{"@type":"Organization","@id":"https:\/\/ubanews.com\/site\/#organization","name":"Ub\u00e1 News","url":"https:\/\/ubanews.com\/site\/","logo":{"@type":"ImageObject","inLanguage":"pt-BR","@id":"https:\/\/ubanews.com\/site\/#\/schema\/logo\/image\/","url":"https:\/\/ubanews.com\/site\/wp-content\/uploads\/2018\/01\/logoubanews.png","contentUrl":"https:\/\/ubanews.com\/site\/wp-content\/uploads\/2018\/01\/logoubanews.png","width":261,"height":99,"caption":"Ub\u00e1 News"},"image":{"@id":"https:\/\/ubanews.com\/site\/#\/schema\/logo\/image\/"},"sameAs":["https:\/\/www.facebook.com\/Ub\u00e1News-Carlos-Roberto-Sodr\u00e9-418778301977370"]},{"@type":"Person","@id":"https:\/\/ubanews.com\/site\/#\/schema\/person\/d90c9e47252fbb63dcc969fe4c8b9d10","name":"Sodr\u00e9","image":{"@type":"ImageObject","inLanguage":"pt-BR","@id":"https:\/\/secure.gravatar.com\/avatar\/5ba2793f0590b9dbfad3fdec4ee714485b3eef211c9b32ee53d414060454a56c?s=96&d=mm&r=g","url":"https:\/\/secure.gravatar.com\/avatar\/5ba2793f0590b9dbfad3fdec4ee714485b3eef211c9b32ee53d414060454a56c?s=96&d=mm&r=g","contentUrl":"https:\/\/secure.gravatar.com\/avatar\/5ba2793f0590b9dbfad3fdec4ee714485b3eef211c9b32ee53d414060454a56c?s=96&d=mm&r=g","caption":"Sodr\u00e9"},"sameAs":["https:\/\/www.facebook.com\/carosroberto.sodre.5\/"],"url":"https:\/\/ubanews.com\/site\/author\/felipe\/"}]}},"_links":{"self":[{"href":"https:\/\/ubanews.com\/site\/wp-json\/wp\/v2\/posts\/4268","targetHints":{"allow":["GET"]}}],"collection":[{"href":"https:\/\/ubanews.com\/site\/wp-json\/wp\/v2\/posts"}],"about":[{"href":"https:\/\/ubanews.com\/site\/wp-json\/wp\/v2\/types\/post"}],"author":[{"embeddable":true,"href":"https:\/\/ubanews.com\/site\/wp-json\/wp\/v2\/users\/2"}],"replies":[{"embeddable":true,"href":"https:\/\/ubanews.com\/site\/wp-json\/wp\/v2\/comments?post=4268"}],"version-history":[{"count":0,"href":"https:\/\/ubanews.com\/site\/wp-json\/wp\/v2\/posts\/4268\/revisions"}],"wp:featuredmedia":[{"embeddable":true,"href":"https:\/\/ubanews.com\/site\/wp-json\/wp\/v2\/media\/4269"}],"wp:attachment":[{"href":"https:\/\/ubanews.com\/site\/wp-json\/wp\/v2\/media?parent=4268"}],"wp:term":[{"taxonomy":"category","embeddable":true,"href":"https:\/\/ubanews.com\/site\/wp-json\/wp\/v2\/categories?post=4268"},{"taxonomy":"post_tag","embeddable":true,"href":"https:\/\/ubanews.com\/site\/wp-json\/wp\/v2\/tags?post=4268"}],"curies":[{"name":"wp","href":"https:\/\/api.w.org\/{rel}","templated":true}]}}