{"id":4242,"date":"2018-05-31T19:27:13","date_gmt":"2018-05-31T22:27:13","guid":{"rendered":"http:\/\/ubanews.com\/site\/?p=4242"},"modified":"2018-06-09T16:26:23","modified_gmt":"2018-06-09T19:26:23","slug":"lider-da-paralisacao-dos-caminhoneiros-se-mostra-abatido-com-o-fim-da-greve","status":"publish","type":"post","link":"https:\/\/ubanews.com\/site\/2018\/05\/31\/lider-da-paralisacao-dos-caminhoneiros-se-mostra-abatido-com-o-fim-da-greve\/","title":{"rendered":"L\u00edder da paralisa\u00e7\u00e3o dos caminhoneiros se mostra abatido com o fim da greve"},"content":{"rendered":"<p>Reinaldo Gon\u00e7alves Modesto (Argentino) apareceu para uma entrevista exclusiva gripado e com cara de poucos amigos. Ele nos confidenciou que ficou muito triste com o fim da paralisa\u00e7\u00e3o (poucos locais caminhoneiros ainda resistem \u00e0 paralisa\u00e7\u00e3o), dizendo inclusive que alguns colegas chegaram \u00e0s l\u00e1grimas com os momentos derradeiros do movimento. Contudo, Argentino diz que valeu. Na sua opini\u00e3o, deu para o presidente Michel Temer notar a for\u00e7a que tem a categoria. Mas poderia e deveria ter ido bem mais longe. Declarou o supervisor da Coopertruni, Empresa de Cooperativa de Transportes de motoristas instalada em Visconde do Rio Branco. Acompanhe com exclusividade o que o Argentino conversou conosco.<\/p>\n<div style=\"position: relative; height: 0; padding-bottom: 56.25%;\"><iframe style=\"position: absolute; width: 100%; height: 100%; left: 0;\" data-src=\"https:\/\/www.youtube.com\/embed\/ccym38449R4?ecver=2\" width=\"640\" height=\"360\" frameborder=\"0\" allowfullscreen=\"allowfullscreen\" src=\"data:image\/svg+xml;base64,PHN2ZyB3aWR0aD0iMSIgaGVpZ2h0PSIxIiB4bWxucz0iaHR0cDovL3d3dy53My5vcmcvMjAwMC9zdmciPjwvc3ZnPg==\" class=\"lazyload\" data-load-mode=\"1\"><\/iframe><\/div>\n","protected":false},"excerpt":{"rendered":"<p>Reinaldo Gon\u00e7alves Modesto (Argentino) apareceu para uma entrevista exclusiva gripado<\/p>\n","protected":false},"author":2,"featured_media":4243,"comment_status":"open","ping_status":"open","sticky":false,"template":"","format":"standard","meta":{"footnotes":""},"categories":[1],"tags":[],"class_list":["post-4242","post","type-post","status-publish","format-standard","has-post-thumbnail","hentry","category-sem-categoria"],"yoast_head":"<!-- This site is optimized with the Yoast SEO plugin v27.2 - https:\/\/yoast.com\/product\/yoast-seo-wordpress\/ -->\n<title>L\u00edder da paralisa\u00e7\u00e3o dos caminhoneiros se mostra abatido com o fim da greve - Ub\u00e1 News<\/title>\n<meta name=\"robots\" content=\"index, follow, max-snippet:-1, max-image-preview:large, max-video-preview:-1\" \/>\n<link rel=\"canonical\" href=\"https:\/\/ubanews.com\/site\/2018\/05\/31\/lider-da-paralisacao-dos-caminhoneiros-se-mostra-abatido-com-o-fim-da-greve\/\" \/>\n<meta property=\"og:locale\" content=\"pt_BR\" \/>\n<meta property=\"og:type\" content=\"article\" \/>\n<meta property=\"og:title\" content=\"L\u00edder da paralisa\u00e7\u00e3o dos caminhoneiros se mostra abatido com o fim da greve - Ub\u00e1 News\" \/>\n<meta property=\"og:description\" content=\"Reinaldo Gon\u00e7alves Modesto (Argentino) apareceu para uma entrevista exclusiva gripado\" \/>\n<meta property=\"og:url\" content=\"https:\/\/ubanews.com\/site\/2018\/05\/31\/lider-da-paralisacao-dos-caminhoneiros-se-mostra-abatido-com-o-fim-da-greve\/\" \/>\n<meta property=\"og:site_name\" content=\"Ub\u00e1 News\" \/>\n<meta property=\"article:publisher\" content=\"https:\/\/www.facebook.com\/Ub%c3%a1News-Carlos-Roberto-Sodr%c3%a9-418778301977370\" \/>\n<meta property=\"article:author\" content=\"https:\/\/www.facebook.com\/carosroberto.sodre.5\/\" \/>\n<meta property=\"article:published_time\" content=\"2018-05-31T22:27:13+00:00\" \/>\n<meta property=\"article:modified_time\" content=\"2018-06-09T19:26:23+00:00\" \/>\n<meta property=\"og:image\" content=\"https:\/\/ubanews.com\/site\/wp-content\/uploads\/2018\/05\/DSC_4870.00_02_01_05.jpg\" \/>\n\t<meta property=\"og:image:width\" content=\"800\" \/>\n\t<meta property=\"og:image:height\" content=\"445\" \/>\n\t<meta property=\"og:image:type\" content=\"image\/jpeg\" \/>\n<meta name=\"author\" content=\"Sodr\u00e9\" \/>\n<meta name=\"twitter:card\" content=\"summary_large_image\" \/>\n<meta name=\"twitter:label1\" content=\"Escrito por\" \/>\n\t<meta name=\"twitter:data1\" content=\"Sodr\u00e9\" \/>\n\t<meta name=\"twitter:label2\" content=\"Est. tempo de leitura\" \/>\n\t<meta name=\"twitter:data2\" content=\"1 minuto\" \/>\n<script type=\"application\/ld+json\" class=\"yoast-schema-graph\">{\"@context\":\"https:\/\/schema.org\",\"@graph\":[{\"@type\":\"Article\",\"@id\":\"https:\/\/ubanews.com\/site\/2018\/05\/31\/lider-da-paralisacao-dos-caminhoneiros-se-mostra-abatido-com-o-fim-da-greve\/#article\",\"isPartOf\":{\"@id\":\"https:\/\/ubanews.com\/site\/2018\/05\/31\/lider-da-paralisacao-dos-caminhoneiros-se-mostra-abatido-com-o-fim-da-greve\/\"},\"author\":{\"name\":\"Sodr\u00e9\",\"@id\":\"https:\/\/ubanews.com\/site\/#\/schema\/person\/d90c9e47252fbb63dcc969fe4c8b9d10\"},\"headline\":\"L\u00edder da paralisa\u00e7\u00e3o dos caminhoneiros se mostra abatido com o fim da greve\",\"datePublished\":\"2018-05-31T22:27:13+00:00\",\"dateModified\":\"2018-06-09T19:26:23+00:00\",\"mainEntityOfPage\":{\"@id\":\"https:\/\/ubanews.com\/site\/2018\/05\/31\/lider-da-paralisacao-dos-caminhoneiros-se-mostra-abatido-com-o-fim-da-greve\/\"},\"wordCount\":126,\"commentCount\":1,\"publisher\":{\"@id\":\"https:\/\/ubanews.com\/site\/#organization\"},\"image\":{\"@id\":\"https:\/\/ubanews.com\/site\/2018\/05\/31\/lider-da-paralisacao-dos-caminhoneiros-se-mostra-abatido-com-o-fim-da-greve\/#primaryimage\"},\"thumbnailUrl\":\"https:\/\/ubanews.com\/site\/wp-content\/uploads\/2018\/05\/DSC_4870.00_02_01_05.jpg\",\"articleSection\":[\"Geral\"],\"inLanguage\":\"pt-BR\",\"potentialAction\":[{\"@type\":\"CommentAction\",\"name\":\"Comment\",\"target\":[\"https:\/\/ubanews.com\/site\/2018\/05\/31\/lider-da-paralisacao-dos-caminhoneiros-se-mostra-abatido-com-o-fim-da-greve\/#respond\"]}]},{\"@type\":\"WebPage\",\"@id\":\"https:\/\/ubanews.com\/site\/2018\/05\/31\/lider-da-paralisacao-dos-caminhoneiros-se-mostra-abatido-com-o-fim-da-greve\/\",\"url\":\"https:\/\/ubanews.com\/site\/2018\/05\/31\/lider-da-paralisacao-dos-caminhoneiros-se-mostra-abatido-com-o-fim-da-greve\/\",\"name\":\"L\u00edder da paralisa\u00e7\u00e3o dos caminhoneiros se mostra abatido com o fim da greve - Ub\u00e1 News\",\"isPartOf\":{\"@id\":\"https:\/\/ubanews.com\/site\/#website\"},\"primaryImageOfPage\":{\"@id\":\"https:\/\/ubanews.com\/site\/2018\/05\/31\/lider-da-paralisacao-dos-caminhoneiros-se-mostra-abatido-com-o-fim-da-greve\/#primaryimage\"},\"image\":{\"@id\":\"https:\/\/ubanews.com\/site\/2018\/05\/31\/lider-da-paralisacao-dos-caminhoneiros-se-mostra-abatido-com-o-fim-da-greve\/#primaryimage\"},\"thumbnailUrl\":\"https:\/\/ubanews.com\/site\/wp-content\/uploads\/2018\/05\/DSC_4870.00_02_01_05.jpg\",\"datePublished\":\"2018-05-31T22:27:13+00:00\",\"dateModified\":\"2018-06-09T19:26:23+00:00\",\"breadcrumb\":{\"@id\":\"https:\/\/ubanews.com\/site\/2018\/05\/31\/lider-da-paralisacao-dos-caminhoneiros-se-mostra-abatido-com-o-fim-da-greve\/#breadcrumb\"},\"inLanguage\":\"pt-BR\",\"potentialAction\":[{\"@type\":\"ReadAction\",\"target\":[\"https:\/\/ubanews.com\/site\/2018\/05\/31\/lider-da-paralisacao-dos-caminhoneiros-se-mostra-abatido-com-o-fim-da-greve\/\"]}]},{\"@type\":\"ImageObject\",\"inLanguage\":\"pt-BR\",\"@id\":\"https:\/\/ubanews.com\/site\/2018\/05\/31\/lider-da-paralisacao-dos-caminhoneiros-se-mostra-abatido-com-o-fim-da-greve\/#primaryimage\",\"url\":\"https:\/\/ubanews.com\/site\/wp-content\/uploads\/2018\/05\/DSC_4870.00_02_01_05.jpg\",\"contentUrl\":\"https:\/\/ubanews.com\/site\/wp-content\/uploads\/2018\/05\/DSC_4870.00_02_01_05.jpg\",\"width\":800,\"height\":445},{\"@type\":\"BreadcrumbList\",\"@id\":\"https:\/\/ubanews.com\/site\/2018\/05\/31\/lider-da-paralisacao-dos-caminhoneiros-se-mostra-abatido-com-o-fim-da-greve\/#breadcrumb\",\"itemListElement\":[{\"@type\":\"ListItem\",\"position\":1,\"name\":\"Home\",\"item\":\"https:\/\/ubanews.com\/site\/\"},{\"@type\":\"ListItem\",\"position\":2,\"name\":\"L\u00edder da paralisa\u00e7\u00e3o dos caminhoneiros se mostra abatido com o fim da greve\"}]},{\"@type\":\"WebSite\",\"@id\":\"https:\/\/ubanews.com\/site\/#website\",\"url\":\"https:\/\/ubanews.com\/site\/\",\"name\":\"Ub\u00e1 News\",\"description\":\"\",\"publisher\":{\"@id\":\"https:\/\/ubanews.com\/site\/#organization\"},\"potentialAction\":[{\"@type\":\"SearchAction\",\"target\":{\"@type\":\"EntryPoint\",\"urlTemplate\":\"https:\/\/ubanews.com\/site\/?s={search_term_string}\"},\"query-input\":{\"@type\":\"PropertyValueSpecification\",\"valueRequired\":true,\"valueName\":\"search_term_string\"}}],\"inLanguage\":\"pt-BR\"},{\"@type\":\"Organization\",\"@id\":\"https:\/\/ubanews.com\/site\/#organization\",\"name\":\"Ub\u00e1 News\",\"url\":\"https:\/\/ubanews.com\/site\/\",\"logo\":{\"@type\":\"ImageObject\",\"inLanguage\":\"pt-BR\",\"@id\":\"https:\/\/ubanews.com\/site\/#\/schema\/logo\/image\/\",\"url\":\"https:\/\/ubanews.com\/site\/wp-content\/uploads\/2018\/01\/logoubanews.png\",\"contentUrl\":\"https:\/\/ubanews.com\/site\/wp-content\/uploads\/2018\/01\/logoubanews.png\",\"width\":261,\"height\":99,\"caption\":\"Ub\u00e1 News\"},\"image\":{\"@id\":\"https:\/\/ubanews.com\/site\/#\/schema\/logo\/image\/\"},\"sameAs\":[\"https:\/\/www.facebook.com\/Ub\u00e1News-Carlos-Roberto-Sodr\u00e9-418778301977370\"]},{\"@type\":\"Person\",\"@id\":\"https:\/\/ubanews.com\/site\/#\/schema\/person\/d90c9e47252fbb63dcc969fe4c8b9d10\",\"name\":\"Sodr\u00e9\",\"image\":{\"@type\":\"ImageObject\",\"inLanguage\":\"pt-BR\",\"@id\":\"https:\/\/secure.gravatar.com\/avatar\/5ba2793f0590b9dbfad3fdec4ee714485b3eef211c9b32ee53d414060454a56c?s=96&d=mm&r=g\",\"url\":\"https:\/\/secure.gravatar.com\/avatar\/5ba2793f0590b9dbfad3fdec4ee714485b3eef211c9b32ee53d414060454a56c?s=96&d=mm&r=g\",\"contentUrl\":\"https:\/\/secure.gravatar.com\/avatar\/5ba2793f0590b9dbfad3fdec4ee714485b3eef211c9b32ee53d414060454a56c?s=96&d=mm&r=g\",\"caption\":\"Sodr\u00e9\"},\"sameAs\":[\"https:\/\/www.facebook.com\/carosroberto.sodre.5\/\"],\"url\":\"https:\/\/ubanews.com\/site\/author\/felipe\/\"}]}<\/script>\n<!-- \/ Yoast SEO plugin. -->","yoast_head_json":{"title":"L\u00edder da paralisa\u00e7\u00e3o dos caminhoneiros se mostra abatido com o fim da greve - Ub\u00e1 News","robots":{"index":"index","follow":"follow","max-snippet":"max-snippet:-1","max-image-preview":"max-image-preview:large","max-video-preview":"max-video-preview:-1"},"canonical":"https:\/\/ubanews.com\/site\/2018\/05\/31\/lider-da-paralisacao-dos-caminhoneiros-se-mostra-abatido-com-o-fim-da-greve\/","og_locale":"pt_BR","og_type":"article","og_title":"L\u00edder da paralisa\u00e7\u00e3o dos caminhoneiros se mostra abatido com o fim da greve - Ub\u00e1 News","og_description":"Reinaldo Gon\u00e7alves Modesto (Argentino) apareceu para uma entrevista exclusiva gripado","og_url":"https:\/\/ubanews.com\/site\/2018\/05\/31\/lider-da-paralisacao-dos-caminhoneiros-se-mostra-abatido-com-o-fim-da-greve\/","og_site_name":"Ub\u00e1 News","article_publisher":"https:\/\/www.facebook.com\/Ub%c3%a1News-Carlos-Roberto-Sodr%c3%a9-418778301977370","article_author":"https:\/\/www.facebook.com\/carosroberto.sodre.5\/","article_published_time":"2018-05-31T22:27:13+00:00","article_modified_time":"2018-06-09T19:26:23+00:00","og_image":[{"width":800,"height":445,"url":"https:\/\/ubanews.com\/site\/wp-content\/uploads\/2018\/05\/DSC_4870.00_02_01_05.jpg","type":"image\/jpeg"}],"author":"Sodr\u00e9","twitter_card":"summary_large_image","twitter_misc":{"Escrito por":"Sodr\u00e9","Est. tempo de leitura":"1 minuto"},"schema":{"@context":"https:\/\/schema.org","@graph":[{"@type":"Article","@id":"https:\/\/ubanews.com\/site\/2018\/05\/31\/lider-da-paralisacao-dos-caminhoneiros-se-mostra-abatido-com-o-fim-da-greve\/#article","isPartOf":{"@id":"https:\/\/ubanews.com\/site\/2018\/05\/31\/lider-da-paralisacao-dos-caminhoneiros-se-mostra-abatido-com-o-fim-da-greve\/"},"author":{"name":"Sodr\u00e9","@id":"https:\/\/ubanews.com\/site\/#\/schema\/person\/d90c9e47252fbb63dcc969fe4c8b9d10"},"headline":"L\u00edder da paralisa\u00e7\u00e3o dos caminhoneiros se mostra abatido com o fim da greve","datePublished":"2018-05-31T22:27:13+00:00","dateModified":"2018-06-09T19:26:23+00:00","mainEntityOfPage":{"@id":"https:\/\/ubanews.com\/site\/2018\/05\/31\/lider-da-paralisacao-dos-caminhoneiros-se-mostra-abatido-com-o-fim-da-greve\/"},"wordCount":126,"commentCount":1,"publisher":{"@id":"https:\/\/ubanews.com\/site\/#organization"},"image":{"@id":"https:\/\/ubanews.com\/site\/2018\/05\/31\/lider-da-paralisacao-dos-caminhoneiros-se-mostra-abatido-com-o-fim-da-greve\/#primaryimage"},"thumbnailUrl":"https:\/\/ubanews.com\/site\/wp-content\/uploads\/2018\/05\/DSC_4870.00_02_01_05.jpg","articleSection":["Geral"],"inLanguage":"pt-BR","potentialAction":[{"@type":"CommentAction","name":"Comment","target":["https:\/\/ubanews.com\/site\/2018\/05\/31\/lider-da-paralisacao-dos-caminhoneiros-se-mostra-abatido-com-o-fim-da-greve\/#respond"]}]},{"@type":"WebPage","@id":"https:\/\/ubanews.com\/site\/2018\/05\/31\/lider-da-paralisacao-dos-caminhoneiros-se-mostra-abatido-com-o-fim-da-greve\/","url":"https:\/\/ubanews.com\/site\/2018\/05\/31\/lider-da-paralisacao-dos-caminhoneiros-se-mostra-abatido-com-o-fim-da-greve\/","name":"L\u00edder da paralisa\u00e7\u00e3o dos caminhoneiros se mostra abatido com o fim da greve - Ub\u00e1 News","isPartOf":{"@id":"https:\/\/ubanews.com\/site\/#website"},"primaryImageOfPage":{"@id":"https:\/\/ubanews.com\/site\/2018\/05\/31\/lider-da-paralisacao-dos-caminhoneiros-se-mostra-abatido-com-o-fim-da-greve\/#primaryimage"},"image":{"@id":"https:\/\/ubanews.com\/site\/2018\/05\/31\/lider-da-paralisacao-dos-caminhoneiros-se-mostra-abatido-com-o-fim-da-greve\/#primaryimage"},"thumbnailUrl":"https:\/\/ubanews.com\/site\/wp-content\/uploads\/2018\/05\/DSC_4870.00_02_01_05.jpg","datePublished":"2018-05-31T22:27:13+00:00","dateModified":"2018-06-09T19:26:23+00:00","breadcrumb":{"@id":"https:\/\/ubanews.com\/site\/2018\/05\/31\/lider-da-paralisacao-dos-caminhoneiros-se-mostra-abatido-com-o-fim-da-greve\/#breadcrumb"},"inLanguage":"pt-BR","potentialAction":[{"@type":"ReadAction","target":["https:\/\/ubanews.com\/site\/2018\/05\/31\/lider-da-paralisacao-dos-caminhoneiros-se-mostra-abatido-com-o-fim-da-greve\/"]}]},{"@type":"ImageObject","inLanguage":"pt-BR","@id":"https:\/\/ubanews.com\/site\/2018\/05\/31\/lider-da-paralisacao-dos-caminhoneiros-se-mostra-abatido-com-o-fim-da-greve\/#primaryimage","url":"https:\/\/ubanews.com\/site\/wp-content\/uploads\/2018\/05\/DSC_4870.00_02_01_05.jpg","contentUrl":"https:\/\/ubanews.com\/site\/wp-content\/uploads\/2018\/05\/DSC_4870.00_02_01_05.jpg","width":800,"height":445},{"@type":"BreadcrumbList","@id":"https:\/\/ubanews.com\/site\/2018\/05\/31\/lider-da-paralisacao-dos-caminhoneiros-se-mostra-abatido-com-o-fim-da-greve\/#breadcrumb","itemListElement":[{"@type":"ListItem","position":1,"name":"Home","item":"https:\/\/ubanews.com\/site\/"},{"@type":"ListItem","position":2,"name":"L\u00edder da paralisa\u00e7\u00e3o dos caminhoneiros se mostra abatido com o fim da greve"}]},{"@type":"WebSite","@id":"https:\/\/ubanews.com\/site\/#website","url":"https:\/\/ubanews.com\/site\/","name":"Ub\u00e1 News","description":"","publisher":{"@id":"https:\/\/ubanews.com\/site\/#organization"},"potentialAction":[{"@type":"SearchAction","target":{"@type":"EntryPoint","urlTemplate":"https:\/\/ubanews.com\/site\/?s={search_term_string}"},"query-input":{"@type":"PropertyValueSpecification","valueRequired":true,"valueName":"search_term_string"}}],"inLanguage":"pt-BR"},{"@type":"Organization","@id":"https:\/\/ubanews.com\/site\/#organization","name":"Ub\u00e1 News","url":"https:\/\/ubanews.com\/site\/","logo":{"@type":"ImageObject","inLanguage":"pt-BR","@id":"https:\/\/ubanews.com\/site\/#\/schema\/logo\/image\/","url":"https:\/\/ubanews.com\/site\/wp-content\/uploads\/2018\/01\/logoubanews.png","contentUrl":"https:\/\/ubanews.com\/site\/wp-content\/uploads\/2018\/01\/logoubanews.png","width":261,"height":99,"caption":"Ub\u00e1 News"},"image":{"@id":"https:\/\/ubanews.com\/site\/#\/schema\/logo\/image\/"},"sameAs":["https:\/\/www.facebook.com\/Ub\u00e1News-Carlos-Roberto-Sodr\u00e9-418778301977370"]},{"@type":"Person","@id":"https:\/\/ubanews.com\/site\/#\/schema\/person\/d90c9e47252fbb63dcc969fe4c8b9d10","name":"Sodr\u00e9","image":{"@type":"ImageObject","inLanguage":"pt-BR","@id":"https:\/\/secure.gravatar.com\/avatar\/5ba2793f0590b9dbfad3fdec4ee714485b3eef211c9b32ee53d414060454a56c?s=96&d=mm&r=g","url":"https:\/\/secure.gravatar.com\/avatar\/5ba2793f0590b9dbfad3fdec4ee714485b3eef211c9b32ee53d414060454a56c?s=96&d=mm&r=g","contentUrl":"https:\/\/secure.gravatar.com\/avatar\/5ba2793f0590b9dbfad3fdec4ee714485b3eef211c9b32ee53d414060454a56c?s=96&d=mm&r=g","caption":"Sodr\u00e9"},"sameAs":["https:\/\/www.facebook.com\/carosroberto.sodre.5\/"],"url":"https:\/\/ubanews.com\/site\/author\/felipe\/"}]}},"_links":{"self":[{"href":"https:\/\/ubanews.com\/site\/wp-json\/wp\/v2\/posts\/4242","targetHints":{"allow":["GET"]}}],"collection":[{"href":"https:\/\/ubanews.com\/site\/wp-json\/wp\/v2\/posts"}],"about":[{"href":"https:\/\/ubanews.com\/site\/wp-json\/wp\/v2\/types\/post"}],"author":[{"embeddable":true,"href":"https:\/\/ubanews.com\/site\/wp-json\/wp\/v2\/users\/2"}],"replies":[{"embeddable":true,"href":"https:\/\/ubanews.com\/site\/wp-json\/wp\/v2\/comments?post=4242"}],"version-history":[{"count":0,"href":"https:\/\/ubanews.com\/site\/wp-json\/wp\/v2\/posts\/4242\/revisions"}],"wp:featuredmedia":[{"embeddable":true,"href":"https:\/\/ubanews.com\/site\/wp-json\/wp\/v2\/media\/4243"}],"wp:attachment":[{"href":"https:\/\/ubanews.com\/site\/wp-json\/wp\/v2\/media?parent=4242"}],"wp:term":[{"taxonomy":"category","embeddable":true,"href":"https:\/\/ubanews.com\/site\/wp-json\/wp\/v2\/categories?post=4242"},{"taxonomy":"post_tag","embeddable":true,"href":"https:\/\/ubanews.com\/site\/wp-json\/wp\/v2\/tags?post=4242"}],"curies":[{"name":"wp","href":"https:\/\/api.w.org\/{rel}","templated":true}]}}