{"id":416,"date":"2018-03-03T12:51:39","date_gmt":"2018-03-03T15:51:39","guid":{"rendered":"http:\/\/ubanews.com\/site\/?p=416"},"modified":"2018-03-06T08:12:22","modified_gmt":"2018-03-06T11:12:22","slug":"a-comunidade-escolar-atendeu-ao-convite-e-veio-para-fortalecer-a-educacao-de-seus-filhos-no-dia-da-familia-na-escola","status":"publish","type":"post","link":"https:\/\/ubanews.com\/site\/2018\/03\/03\/a-comunidade-escolar-atendeu-ao-convite-e-veio-para-fortalecer-a-educacao-de-seus-filhos-no-dia-da-familia-na-escola\/","title":{"rendered":"A comunidade escolar atendeu ao convite e veio para fortalecer \u00e0 educa\u00e7\u00e3o de seus filhos no dia da Fam\u00edlia na escola"},"content":{"rendered":"<p><img decoding=\"async\" class=\"alignnone size-full wp-image-422 lazyload\" data-src=\"https:\/\/ubanews.com\/site\/wp-content\/uploads\/2018\/03\/2-5.jpg\" alt=\"\" width=\"4272\" height=\"2480\" data-srcset=\"https:\/\/ubanews.com\/site\/wp-content\/uploads\/2018\/03\/2-5.jpg 800w, https:\/\/ubanews.com\/site\/wp-content\/uploads\/2018\/03\/2-5-300x174.jpg 300w, https:\/\/ubanews.com\/site\/wp-content\/uploads\/2018\/03\/2-5-768x446.jpg 768w, https:\/\/ubanews.com\/site\/wp-content\/uploads\/2018\/03\/2-5-1024x594.jpg 1024w\" data-sizes=\"(max-width: 4272px) 100vw, 4272px\" src=\"data:image\/svg+xml;base64,PHN2ZyB3aWR0aD0iMSIgaGVpZ2h0PSIxIiB4bWxucz0iaHR0cDovL3d3dy53My5vcmcvMjAwMC9zdmciPjwvc3ZnPg==\" style=\"--smush-placeholder-width: 4272px; --smush-placeholder-aspect-ratio: 4272\/2480;\" \/><\/p>\n<p><img decoding=\"async\" class=\"alignnone size-full wp-image-423 lazyload\" data-src=\"https:\/\/ubanews.com\/site\/wp-content\/uploads\/2018\/03\/3-5.jpg\" alt=\"\" width=\"4272\" height=\"2480\" data-srcset=\"https:\/\/ubanews.com\/site\/wp-content\/uploads\/2018\/03\/3-5.jpg 800w, https:\/\/ubanews.com\/site\/wp-content\/uploads\/2018\/03\/3-5-300x174.jpg 300w, https:\/\/ubanews.com\/site\/wp-content\/uploads\/2018\/03\/3-5-768x446.jpg 768w, https:\/\/ubanews.com\/site\/wp-content\/uploads\/2018\/03\/3-5-1024x594.jpg 1024w\" data-sizes=\"(max-width: 4272px) 100vw, 4272px\" src=\"data:image\/svg+xml;base64,PHN2ZyB3aWR0aD0iMSIgaGVpZ2h0PSIxIiB4bWxucz0iaHR0cDovL3d3dy53My5vcmcvMjAwMC9zdmciPjwvc3ZnPg==\" style=\"--smush-placeholder-width: 4272px; --smush-placeholder-aspect-ratio: 4272\/2480;\" \/><\/p>\n<p>Assim como as demais escolas da Rede Estadual, a Escola Estadual Raul Soares recebeu pais e respons\u00e1veis para o primeiro s\u00e1bado letivo do ano, denominado, \u201cFam\u00edlia na Escola\u201d. O principal gestor do Raulz\u00e3o, professor Salom\u00e3o J\u00fanior Curi, iniciou sua fala, apresentando \u00e0 escola, \u00e0 comunidade presente, destacando a import\u00e2ncia dessa parceria: \u2018\u2019\u00e9 uma satisfa\u00e7\u00e3o falar desse gigante que \u00e9 a nossa escola, justamente no momento em que comemoramos os 90 anos de sua exist\u00eancia; por aqui passaram pessoas de sucesso, como o Patrono Raul Soares, por exemplo; todos os anos daqui saem alunos muito bem preparados, com aprova\u00e7\u00e3o nas principais faculdades e universidades do pa\u00eds; todo esse \u00eaxito \u00e9 gra\u00e7as ao trabalho entre Comunidade Escolar, Classe Docente e Discente, as autoridades locais que nos apoiam sempre que necessitamos; os nossos colaboradores, esses s\u00e3o imprescind\u00edveis em nossa caminhada e em nossas conquistas; a Trig\u00e9sima Oitava Superintend\u00eancia Regional de Ensino de Ub\u00e1; um destaque especial \u00e0 equipe, composta de profissionais comprometidos e dedicados\u2019\u2019. Concluiu Salom\u00e3o Curi.<\/p>\n<p>&nbsp;<\/p>\n<p><img decoding=\"async\" class=\"alignnone size-full wp-image-436 lazyload\" data-src=\"https:\/\/ubanews.com\/site\/wp-content\/uploads\/2018\/03\/17.jpg\" alt=\"\" width=\"4272\" height=\"2480\" data-srcset=\"https:\/\/ubanews.com\/site\/wp-content\/uploads\/2018\/03\/17.jpg 800w, https:\/\/ubanews.com\/site\/wp-content\/uploads\/2018\/03\/17-300x174.jpg 300w, https:\/\/ubanews.com\/site\/wp-content\/uploads\/2018\/03\/17-768x446.jpg 768w, https:\/\/ubanews.com\/site\/wp-content\/uploads\/2018\/03\/17-1024x594.jpg 1024w\" data-sizes=\"(max-width: 4272px) 100vw, 4272px\" src=\"data:image\/svg+xml;base64,PHN2ZyB3aWR0aD0iMSIgaGVpZ2h0PSIxIiB4bWxucz0iaHR0cDovL3d3dy53My5vcmcvMjAwMC9zdmciPjwvc3ZnPg==\" style=\"--smush-placeholder-width: 4272px; --smush-placeholder-aspect-ratio: 4272\/2480;\" \/><\/p>\n<p>A vice-diretora do turno da manh\u00e3, professora Marieta de Castro Barbosa Trevizano tamb\u00e9m falou \u00e0 nossa reportagem, elogiando a todos os presentes: \u2018\u2019\u00e9 uma grande alegria para n\u00f3s ver esse espa\u00e7o repleto de pessoas comprometidas com o nosso projeto, hoje n\u00e3o esper\u00e1vamos tantos pais, por\u00e9m fomos surpreendidos positivamente com tantos pais e respons\u00e1veis, por isso, temos a alegria de acordar bem cedinho todos os dias e vir para o Raul cumprir a nossa miss\u00e3o\u201d. Concluiu a professora Marieta.<\/p>\n<p>&nbsp;<\/p>\n<p><img decoding=\"async\" class=\"alignnone size-full wp-image-434 lazyload\" data-src=\"https:\/\/ubanews.com\/site\/wp-content\/uploads\/2018\/03\/16.jpg\" alt=\"\" width=\"4272\" height=\"2480\" data-srcset=\"https:\/\/ubanews.com\/site\/wp-content\/uploads\/2018\/03\/16.jpg 800w, https:\/\/ubanews.com\/site\/wp-content\/uploads\/2018\/03\/16-300x174.jpg 300w, https:\/\/ubanews.com\/site\/wp-content\/uploads\/2018\/03\/16-768x446.jpg 768w, https:\/\/ubanews.com\/site\/wp-content\/uploads\/2018\/03\/16-1024x594.jpg 1024w\" data-sizes=\"(max-width: 4272px) 100vw, 4272px\" src=\"data:image\/svg+xml;base64,PHN2ZyB3aWR0aD0iMSIgaGVpZ2h0PSIxIiB4bWxucz0iaHR0cDovL3d3dy53My5vcmcvMjAwMC9zdmciPjwvc3ZnPg==\" style=\"--smush-placeholder-width: 4272px; --smush-placeholder-aspect-ratio: 4272\/2480;\" \/><\/p>\n<p><img decoding=\"async\" class=\"alignnone size-full wp-image-432 lazyload\" data-src=\"https:\/\/ubanews.com\/site\/wp-content\/uploads\/2018\/03\/13-1.jpg\" alt=\"\" width=\"4272\" height=\"2480\" data-srcset=\"https:\/\/ubanews.com\/site\/wp-content\/uploads\/2018\/03\/13-1.jpg 800w, https:\/\/ubanews.com\/site\/wp-content\/uploads\/2018\/03\/13-1-300x174.jpg 300w, https:\/\/ubanews.com\/site\/wp-content\/uploads\/2018\/03\/13-1-768x446.jpg 768w, https:\/\/ubanews.com\/site\/wp-content\/uploads\/2018\/03\/13-1-1024x594.jpg 1024w\" data-sizes=\"(max-width: 4272px) 100vw, 4272px\" src=\"data:image\/svg+xml;base64,PHN2ZyB3aWR0aD0iMSIgaGVpZ2h0PSIxIiB4bWxucz0iaHR0cDovL3d3dy53My5vcmcvMjAwMC9zdmciPjwvc3ZnPg==\" style=\"--smush-placeholder-width: 4272px; --smush-placeholder-aspect-ratio: 4272\/2480;\" \/><\/p>\n<p>Alexandre de Souza Ribeiro e Marcus Vin\u00edcius Borges s\u00e3o dois nomes de sucesso que conclu\u00edram o ensino m\u00e9dio, iniciando uma nova etapa no ensino superior, Alexandre e Marcus Vin\u00edcius compartilham da mesma opini\u00e3o sobre a Escola Estadual Raul Soares: \u2018\u2019certamente, ap\u00f3s alcan\u00e7ar nossos objetivos devemos agradecer muito a escola Raul Soares pelo apoio e incentivo que nos deram, foram 3 anos de aprendizagem crescendo como aluno e como cidad\u00e3o, afinal aqui aprendemos que o importante n\u00e3o \u00e9 apenas passar no vestibular, e sim enfrentar essa e outras fases da vida\u201d.<\/p>\n<p>&nbsp;<\/p>\n<p><img decoding=\"async\" class=\"alignnone size-full wp-image-431 lazyload\" data-src=\"https:\/\/ubanews.com\/site\/wp-content\/uploads\/2018\/03\/15.jpg\" alt=\"\" width=\"4272\" height=\"2480\" data-srcset=\"https:\/\/ubanews.com\/site\/wp-content\/uploads\/2018\/03\/15.jpg 800w, https:\/\/ubanews.com\/site\/wp-content\/uploads\/2018\/03\/15-300x174.jpg 300w, https:\/\/ubanews.com\/site\/wp-content\/uploads\/2018\/03\/15-768x446.jpg 768w, https:\/\/ubanews.com\/site\/wp-content\/uploads\/2018\/03\/15-1024x594.jpg 1024w\" data-sizes=\"(max-width: 4272px) 100vw, 4272px\" src=\"data:image\/svg+xml;base64,PHN2ZyB3aWR0aD0iMSIgaGVpZ2h0PSIxIiB4bWxucz0iaHR0cDovL3d3dy53My5vcmcvMjAwMC9zdmciPjwvc3ZnPg==\" style=\"--smush-placeholder-width: 4272px; --smush-placeholder-aspect-ratio: 4272\/2480;\" \/><\/p>\n<p>Sebasti\u00e3o Carlos Viana, o Ti\u00e3o Viana tamb\u00e9m reiterou a import\u00e2ncia da escola na vida de seus filhos: \u2018\u2019sou grato por tudo que essa institui\u00e7\u00e3o fez e faz por meus filhos e netos, aqui somos felizes e eu s\u00f3 tenho a agradecer a todos e, principalmente o meu amigo, pessoa que admiro muito, Salom\u00e3o Curi.\u201d Assim concluiu Ti\u00e3o Viana.<\/p>\n<p>&nbsp;<\/p>\n<p><img decoding=\"async\" class=\"alignnone size-full wp-image-426 lazyload\" data-src=\"https:\/\/ubanews.com\/site\/wp-content\/uploads\/2018\/03\/6-3.jpg\" alt=\"\" width=\"4272\" height=\"2480\" data-srcset=\"https:\/\/ubanews.com\/site\/wp-content\/uploads\/2018\/03\/6-3.jpg 800w, https:\/\/ubanews.com\/site\/wp-content\/uploads\/2018\/03\/6-3-300x174.jpg 300w, https:\/\/ubanews.com\/site\/wp-content\/uploads\/2018\/03\/6-3-768x446.jpg 768w, https:\/\/ubanews.com\/site\/wp-content\/uploads\/2018\/03\/6-3-1024x594.jpg 1024w\" data-sizes=\"(max-width: 4272px) 100vw, 4272px\" src=\"data:image\/svg+xml;base64,PHN2ZyB3aWR0aD0iMSIgaGVpZ2h0PSIxIiB4bWxucz0iaHR0cDovL3d3dy53My5vcmcvMjAwMC9zdmciPjwvc3ZnPg==\" style=\"--smush-placeholder-width: 4272px; --smush-placeholder-aspect-ratio: 4272\/2480;\" \/><\/p>\n<p><img decoding=\"async\" class=\"alignnone size-full wp-image-429 lazyload\" data-src=\"https:\/\/ubanews.com\/site\/wp-content\/uploads\/2018\/03\/9-3.jpg\" alt=\"\" width=\"4272\" height=\"2480\" data-srcset=\"https:\/\/ubanews.com\/site\/wp-content\/uploads\/2018\/03\/9-3.jpg 800w, https:\/\/ubanews.com\/site\/wp-content\/uploads\/2018\/03\/9-3-300x174.jpg 300w, https:\/\/ubanews.com\/site\/wp-content\/uploads\/2018\/03\/9-3-768x446.jpg 768w, https:\/\/ubanews.com\/site\/wp-content\/uploads\/2018\/03\/9-3-1024x594.jpg 1024w\" data-sizes=\"(max-width: 4272px) 100vw, 4272px\" src=\"data:image\/svg+xml;base64,PHN2ZyB3aWR0aD0iMSIgaGVpZ2h0PSIxIiB4bWxucz0iaHR0cDovL3d3dy53My5vcmcvMjAwMC9zdmciPjwvc3ZnPg==\" style=\"--smush-placeholder-width: 4272px; --smush-placeholder-aspect-ratio: 4272\/2480;\" \/><\/p>\n<p><img decoding=\"async\" class=\"alignnone size-full wp-image-437 lazyload\" data-src=\"https:\/\/ubanews.com\/site\/wp-content\/uploads\/2018\/03\/18.jpg\" alt=\"\" width=\"4272\" height=\"2480\" data-srcset=\"https:\/\/ubanews.com\/site\/wp-content\/uploads\/2018\/03\/18.jpg 800w, https:\/\/ubanews.com\/site\/wp-content\/uploads\/2018\/03\/18-300x174.jpg 300w, https:\/\/ubanews.com\/site\/wp-content\/uploads\/2018\/03\/18-768x446.jpg 768w, https:\/\/ubanews.com\/site\/wp-content\/uploads\/2018\/03\/18-1024x594.jpg 1024w\" data-sizes=\"(max-width: 4272px) 100vw, 4272px\" src=\"data:image\/svg+xml;base64,PHN2ZyB3aWR0aD0iMSIgaGVpZ2h0PSIxIiB4bWxucz0iaHR0cDovL3d3dy53My5vcmcvMjAwMC9zdmciPjwvc3ZnPg==\" style=\"--smush-placeholder-width: 4272px; --smush-placeholder-aspect-ratio: 4272\/2480;\" \/><\/p>\n<p>Como atra\u00e7\u00e3o, tivemos ainda a Fanfarra da Escola Raul Soares conduzida pelo Professor Edvaldo.<br \/>\nE ainda o aluno Marlos com uma bel\u00edssima apresenta\u00e7\u00e3o no teclado.<\/p>\n<p>&nbsp;<\/p>\n<p><img decoding=\"async\" class=\"alignnone size-full wp-image-425 lazyload\" style=\"--smush-placeholder-width: 4272px; --smush-placeholder-aspect-ratio: 4272\/2480;font-size: 1.0625rem;\" data-src=\"https:\/\/ubanews.com\/site\/wp-content\/uploads\/2018\/03\/5-3.jpg\" alt=\"\" width=\"4272\" height=\"2480\" data-srcset=\"https:\/\/ubanews.com\/site\/wp-content\/uploads\/2018\/03\/5-3.jpg 800w, https:\/\/ubanews.com\/site\/wp-content\/uploads\/2018\/03\/5-3-300x174.jpg 300w, https:\/\/ubanews.com\/site\/wp-content\/uploads\/2018\/03\/5-3-768x446.jpg 768w, https:\/\/ubanews.com\/site\/wp-content\/uploads\/2018\/03\/5-3-1024x594.jpg 1024w\" data-sizes=\"(max-width: 4272px) 100vw, 4272px\" src=\"data:image\/svg+xml;base64,PHN2ZyB3aWR0aD0iMSIgaGVpZ2h0PSIxIiB4bWxucz0iaHR0cDovL3d3dy53My5vcmcvMjAwMC9zdmciPjwvc3ZnPg==\" \/><img decoding=\"async\" class=\"alignnone size-full wp-image-428 lazyload\" data-src=\"https:\/\/ubanews.com\/site\/wp-content\/uploads\/2018\/03\/8-3.jpg\" alt=\"\" width=\"4272\" height=\"2480\" data-srcset=\"https:\/\/ubanews.com\/site\/wp-content\/uploads\/2018\/03\/8-3.jpg 800w, https:\/\/ubanews.com\/site\/wp-content\/uploads\/2018\/03\/8-3-300x174.jpg 300w, https:\/\/ubanews.com\/site\/wp-content\/uploads\/2018\/03\/8-3-768x446.jpg 768w, https:\/\/ubanews.com\/site\/wp-content\/uploads\/2018\/03\/8-3-1024x594.jpg 1024w\" data-sizes=\"(max-width: 4272px) 100vw, 4272px\" src=\"data:image\/svg+xml;base64,PHN2ZyB3aWR0aD0iMSIgaGVpZ2h0PSIxIiB4bWxucz0iaHR0cDovL3d3dy53My5vcmcvMjAwMC9zdmciPjwvc3ZnPg==\" style=\"--smush-placeholder-width: 4272px; --smush-placeholder-aspect-ratio: 4272\/2480;\" \/> <img decoding=\"async\" class=\"alignnone size-full wp-image-427 lazyload\" data-src=\"https:\/\/ubanews.com\/site\/wp-content\/uploads\/2018\/03\/7-3.jpg\" alt=\"\" width=\"4272\" height=\"2480\" data-srcset=\"https:\/\/ubanews.com\/site\/wp-content\/uploads\/2018\/03\/7-3.jpg 800w, https:\/\/ubanews.com\/site\/wp-content\/uploads\/2018\/03\/7-3-300x174.jpg 300w, https:\/\/ubanews.com\/site\/wp-content\/uploads\/2018\/03\/7-3-768x446.jpg 768w, https:\/\/ubanews.com\/site\/wp-content\/uploads\/2018\/03\/7-3-1024x594.jpg 1024w\" data-sizes=\"(max-width: 4272px) 100vw, 4272px\" src=\"data:image\/svg+xml;base64,PHN2ZyB3aWR0aD0iMSIgaGVpZ2h0PSIxIiB4bWxucz0iaHR0cDovL3d3dy53My5vcmcvMjAwMC9zdmciPjwvc3ZnPg==\" style=\"--smush-placeholder-width: 4272px; --smush-placeholder-aspect-ratio: 4272\/2480;\" \/> &nbsp;&nbsp;&nbsp;&nbsp;&nbsp;<\/p>\n<div style=\"position: relative; height: 0; padding-bottom: 56.25%;\"><iframe style=\"position: absolute; width: 100%; height: 100%; left: 0;\" data-src=\"https:\/\/www.youtube.com\/embed\/pLLYTB5AvQY?ecver=2\" width=\"640\" height=\"360\" frameborder=\"0\" allowfullscreen=\"allowfullscreen\" src=\"data:image\/svg+xml;base64,PHN2ZyB3aWR0aD0iMSIgaGVpZ2h0PSIxIiB4bWxucz0iaHR0cDovL3d3dy53My5vcmcvMjAwMC9zdmciPjwvc3ZnPg==\" class=\"lazyload\" data-load-mode=\"1\"><\/iframe><\/div>\n","protected":false},"excerpt":{"rendered":"<p>Assim como as demais escolas da Rede Estadual, a Escola<\/p>\n","protected":false},"author":2,"featured_media":430,"comment_status":"open","ping_status":"open","sticky":false,"template":"","format":"standard","meta":{"footnotes":""},"categories":[1],"tags":[],"class_list":["post-416","post","type-post","status-publish","format-standard","has-post-thumbnail","hentry","category-sem-categoria"],"yoast_head":"<!-- This site is optimized with the Yoast SEO plugin v27.2 - https:\/\/yoast.com\/product\/yoast-seo-wordpress\/ -->\n<title>A comunidade escolar atendeu ao convite e veio para fortalecer \u00e0 educa\u00e7\u00e3o de seus filhos no dia da Fam\u00edlia na escola - Ub\u00e1 News<\/title>\n<meta name=\"robots\" content=\"index, follow, max-snippet:-1, max-image-preview:large, max-video-preview:-1\" \/>\n<link rel=\"canonical\" href=\"https:\/\/ubanews.com\/site\/2018\/03\/03\/a-comunidade-escolar-atendeu-ao-convite-e-veio-para-fortalecer-a-educacao-de-seus-filhos-no-dia-da-familia-na-escola\/\" \/>\n<meta property=\"og:locale\" content=\"pt_BR\" \/>\n<meta property=\"og:type\" content=\"article\" \/>\n<meta property=\"og:title\" content=\"A comunidade escolar atendeu ao convite e veio para fortalecer \u00e0 educa\u00e7\u00e3o de seus filhos no dia da Fam\u00edlia na escola - Ub\u00e1 News\" \/>\n<meta property=\"og:description\" content=\"Assim como as demais escolas da Rede Estadual, a Escola\" \/>\n<meta property=\"og:url\" content=\"https:\/\/ubanews.com\/site\/2018\/03\/03\/a-comunidade-escolar-atendeu-ao-convite-e-veio-para-fortalecer-a-educacao-de-seus-filhos-no-dia-da-familia-na-escola\/\" \/>\n<meta property=\"og:site_name\" content=\"Ub\u00e1 News\" \/>\n<meta property=\"article:publisher\" content=\"https:\/\/www.facebook.com\/Ub%c3%a1News-Carlos-Roberto-Sodr%c3%a9-418778301977370\" \/>\n<meta property=\"article:author\" content=\"https:\/\/www.facebook.com\/carosroberto.sodre.5\/\" \/>\n<meta property=\"article:published_time\" content=\"2018-03-03T15:51:39+00:00\" \/>\n<meta property=\"article:modified_time\" content=\"2018-03-06T11:12:22+00:00\" \/>\n<meta property=\"og:image\" content=\"https:\/\/ubanews.com\/site\/wp-content\/uploads\/2018\/03\/1-4.jpg\" \/>\n\t<meta property=\"og:image:width\" content=\"800\" \/>\n\t<meta property=\"og:image:height\" content=\"464\" \/>\n\t<meta property=\"og:image:type\" content=\"image\/jpeg\" \/>\n<meta name=\"author\" content=\"Sodr\u00e9\" \/>\n<meta name=\"twitter:card\" content=\"summary_large_image\" \/>\n<meta name=\"twitter:label1\" content=\"Escrito por\" \/>\n\t<meta name=\"twitter:data1\" content=\"Sodr\u00e9\" \/>\n\t<meta name=\"twitter:label2\" content=\"Est. tempo de leitura\" \/>\n\t<meta name=\"twitter:data2\" content=\"2 minutos\" \/>\n<script type=\"application\/ld+json\" class=\"yoast-schema-graph\">{\"@context\":\"https:\/\/schema.org\",\"@graph\":[{\"@type\":\"Article\",\"@id\":\"https:\/\/ubanews.com\/site\/2018\/03\/03\/a-comunidade-escolar-atendeu-ao-convite-e-veio-para-fortalecer-a-educacao-de-seus-filhos-no-dia-da-familia-na-escola\/#article\",\"isPartOf\":{\"@id\":\"https:\/\/ubanews.com\/site\/2018\/03\/03\/a-comunidade-escolar-atendeu-ao-convite-e-veio-para-fortalecer-a-educacao-de-seus-filhos-no-dia-da-familia-na-escola\/\"},\"author\":{\"name\":\"Sodr\u00e9\",\"@id\":\"https:\/\/ubanews.com\/site\/#\/schema\/person\/d90c9e47252fbb63dcc969fe4c8b9d10\"},\"headline\":\"A comunidade escolar atendeu ao convite e veio para fortalecer \u00e0 educa\u00e7\u00e3o de seus filhos no dia da Fam\u00edlia na escola\",\"datePublished\":\"2018-03-03T15:51:39+00:00\",\"dateModified\":\"2018-03-06T11:12:22+00:00\",\"mainEntityOfPage\":{\"@id\":\"https:\/\/ubanews.com\/site\/2018\/03\/03\/a-comunidade-escolar-atendeu-ao-convite-e-veio-para-fortalecer-a-educacao-de-seus-filhos-no-dia-da-familia-na-escola\/\"},\"wordCount\":481,\"commentCount\":2,\"publisher\":{\"@id\":\"https:\/\/ubanews.com\/site\/#organization\"},\"image\":{\"@id\":\"https:\/\/ubanews.com\/site\/2018\/03\/03\/a-comunidade-escolar-atendeu-ao-convite-e-veio-para-fortalecer-a-educacao-de-seus-filhos-no-dia-da-familia-na-escola\/#primaryimage\"},\"thumbnailUrl\":\"https:\/\/ubanews.com\/site\/wp-content\/uploads\/2018\/03\/1-4.jpg\",\"articleSection\":[\"Geral\"],\"inLanguage\":\"pt-BR\",\"potentialAction\":[{\"@type\":\"CommentAction\",\"name\":\"Comment\",\"target\":[\"https:\/\/ubanews.com\/site\/2018\/03\/03\/a-comunidade-escolar-atendeu-ao-convite-e-veio-para-fortalecer-a-educacao-de-seus-filhos-no-dia-da-familia-na-escola\/#respond\"]}]},{\"@type\":\"WebPage\",\"@id\":\"https:\/\/ubanews.com\/site\/2018\/03\/03\/a-comunidade-escolar-atendeu-ao-convite-e-veio-para-fortalecer-a-educacao-de-seus-filhos-no-dia-da-familia-na-escola\/\",\"url\":\"https:\/\/ubanews.com\/site\/2018\/03\/03\/a-comunidade-escolar-atendeu-ao-convite-e-veio-para-fortalecer-a-educacao-de-seus-filhos-no-dia-da-familia-na-escola\/\",\"name\":\"A comunidade escolar atendeu ao convite e veio para fortalecer \u00e0 educa\u00e7\u00e3o de seus filhos no dia da Fam\u00edlia na escola - Ub\u00e1 News\",\"isPartOf\":{\"@id\":\"https:\/\/ubanews.com\/site\/#website\"},\"primaryImageOfPage\":{\"@id\":\"https:\/\/ubanews.com\/site\/2018\/03\/03\/a-comunidade-escolar-atendeu-ao-convite-e-veio-para-fortalecer-a-educacao-de-seus-filhos-no-dia-da-familia-na-escola\/#primaryimage\"},\"image\":{\"@id\":\"https:\/\/ubanews.com\/site\/2018\/03\/03\/a-comunidade-escolar-atendeu-ao-convite-e-veio-para-fortalecer-a-educacao-de-seus-filhos-no-dia-da-familia-na-escola\/#primaryimage\"},\"thumbnailUrl\":\"https:\/\/ubanews.com\/site\/wp-content\/uploads\/2018\/03\/1-4.jpg\",\"datePublished\":\"2018-03-03T15:51:39+00:00\",\"dateModified\":\"2018-03-06T11:12:22+00:00\",\"breadcrumb\":{\"@id\":\"https:\/\/ubanews.com\/site\/2018\/03\/03\/a-comunidade-escolar-atendeu-ao-convite-e-veio-para-fortalecer-a-educacao-de-seus-filhos-no-dia-da-familia-na-escola\/#breadcrumb\"},\"inLanguage\":\"pt-BR\",\"potentialAction\":[{\"@type\":\"ReadAction\",\"target\":[\"https:\/\/ubanews.com\/site\/2018\/03\/03\/a-comunidade-escolar-atendeu-ao-convite-e-veio-para-fortalecer-a-educacao-de-seus-filhos-no-dia-da-familia-na-escola\/\"]}]},{\"@type\":\"ImageObject\",\"inLanguage\":\"pt-BR\",\"@id\":\"https:\/\/ubanews.com\/site\/2018\/03\/03\/a-comunidade-escolar-atendeu-ao-convite-e-veio-para-fortalecer-a-educacao-de-seus-filhos-no-dia-da-familia-na-escola\/#primaryimage\",\"url\":\"https:\/\/ubanews.com\/site\/wp-content\/uploads\/2018\/03\/1-4.jpg\",\"contentUrl\":\"https:\/\/ubanews.com\/site\/wp-content\/uploads\/2018\/03\/1-4.jpg\",\"width\":800,\"height\":464},{\"@type\":\"BreadcrumbList\",\"@id\":\"https:\/\/ubanews.com\/site\/2018\/03\/03\/a-comunidade-escolar-atendeu-ao-convite-e-veio-para-fortalecer-a-educacao-de-seus-filhos-no-dia-da-familia-na-escola\/#breadcrumb\",\"itemListElement\":[{\"@type\":\"ListItem\",\"position\":1,\"name\":\"Home\",\"item\":\"https:\/\/ubanews.com\/site\/\"},{\"@type\":\"ListItem\",\"position\":2,\"name\":\"A comunidade escolar atendeu ao convite e veio para fortalecer \u00e0 educa\u00e7\u00e3o de seus filhos no dia da Fam\u00edlia na escola\"}]},{\"@type\":\"WebSite\",\"@id\":\"https:\/\/ubanews.com\/site\/#website\",\"url\":\"https:\/\/ubanews.com\/site\/\",\"name\":\"Ub\u00e1 News\",\"description\":\"\",\"publisher\":{\"@id\":\"https:\/\/ubanews.com\/site\/#organization\"},\"potentialAction\":[{\"@type\":\"SearchAction\",\"target\":{\"@type\":\"EntryPoint\",\"urlTemplate\":\"https:\/\/ubanews.com\/site\/?s={search_term_string}\"},\"query-input\":{\"@type\":\"PropertyValueSpecification\",\"valueRequired\":true,\"valueName\":\"search_term_string\"}}],\"inLanguage\":\"pt-BR\"},{\"@type\":\"Organization\",\"@id\":\"https:\/\/ubanews.com\/site\/#organization\",\"name\":\"Ub\u00e1 News\",\"url\":\"https:\/\/ubanews.com\/site\/\",\"logo\":{\"@type\":\"ImageObject\",\"inLanguage\":\"pt-BR\",\"@id\":\"https:\/\/ubanews.com\/site\/#\/schema\/logo\/image\/\",\"url\":\"https:\/\/ubanews.com\/site\/wp-content\/uploads\/2018\/01\/logoubanews.png\",\"contentUrl\":\"https:\/\/ubanews.com\/site\/wp-content\/uploads\/2018\/01\/logoubanews.png\",\"width\":261,\"height\":99,\"caption\":\"Ub\u00e1 News\"},\"image\":{\"@id\":\"https:\/\/ubanews.com\/site\/#\/schema\/logo\/image\/\"},\"sameAs\":[\"https:\/\/www.facebook.com\/Ub\u00e1News-Carlos-Roberto-Sodr\u00e9-418778301977370\"]},{\"@type\":\"Person\",\"@id\":\"https:\/\/ubanews.com\/site\/#\/schema\/person\/d90c9e47252fbb63dcc969fe4c8b9d10\",\"name\":\"Sodr\u00e9\",\"image\":{\"@type\":\"ImageObject\",\"inLanguage\":\"pt-BR\",\"@id\":\"https:\/\/secure.gravatar.com\/avatar\/5ba2793f0590b9dbfad3fdec4ee714485b3eef211c9b32ee53d414060454a56c?s=96&d=mm&r=g\",\"url\":\"https:\/\/secure.gravatar.com\/avatar\/5ba2793f0590b9dbfad3fdec4ee714485b3eef211c9b32ee53d414060454a56c?s=96&d=mm&r=g\",\"contentUrl\":\"https:\/\/secure.gravatar.com\/avatar\/5ba2793f0590b9dbfad3fdec4ee714485b3eef211c9b32ee53d414060454a56c?s=96&d=mm&r=g\",\"caption\":\"Sodr\u00e9\"},\"sameAs\":[\"https:\/\/www.facebook.com\/carosroberto.sodre.5\/\"],\"url\":\"https:\/\/ubanews.com\/site\/author\/felipe\/\"}]}<\/script>\n<!-- \/ Yoast SEO plugin. -->","yoast_head_json":{"title":"A comunidade escolar atendeu ao convite e veio para fortalecer \u00e0 educa\u00e7\u00e3o de seus filhos no dia da Fam\u00edlia na escola - Ub\u00e1 News","robots":{"index":"index","follow":"follow","max-snippet":"max-snippet:-1","max-image-preview":"max-image-preview:large","max-video-preview":"max-video-preview:-1"},"canonical":"https:\/\/ubanews.com\/site\/2018\/03\/03\/a-comunidade-escolar-atendeu-ao-convite-e-veio-para-fortalecer-a-educacao-de-seus-filhos-no-dia-da-familia-na-escola\/","og_locale":"pt_BR","og_type":"article","og_title":"A comunidade escolar atendeu ao convite e veio para fortalecer \u00e0 educa\u00e7\u00e3o de seus filhos no dia da Fam\u00edlia na escola - Ub\u00e1 News","og_description":"Assim como as demais escolas da Rede Estadual, a Escola","og_url":"https:\/\/ubanews.com\/site\/2018\/03\/03\/a-comunidade-escolar-atendeu-ao-convite-e-veio-para-fortalecer-a-educacao-de-seus-filhos-no-dia-da-familia-na-escola\/","og_site_name":"Ub\u00e1 News","article_publisher":"https:\/\/www.facebook.com\/Ub%c3%a1News-Carlos-Roberto-Sodr%c3%a9-418778301977370","article_author":"https:\/\/www.facebook.com\/carosroberto.sodre.5\/","article_published_time":"2018-03-03T15:51:39+00:00","article_modified_time":"2018-03-06T11:12:22+00:00","og_image":[{"width":800,"height":464,"url":"https:\/\/ubanews.com\/site\/wp-content\/uploads\/2018\/03\/1-4.jpg","type":"image\/jpeg"}],"author":"Sodr\u00e9","twitter_card":"summary_large_image","twitter_misc":{"Escrito por":"Sodr\u00e9","Est. tempo de leitura":"2 minutos"},"schema":{"@context":"https:\/\/schema.org","@graph":[{"@type":"Article","@id":"https:\/\/ubanews.com\/site\/2018\/03\/03\/a-comunidade-escolar-atendeu-ao-convite-e-veio-para-fortalecer-a-educacao-de-seus-filhos-no-dia-da-familia-na-escola\/#article","isPartOf":{"@id":"https:\/\/ubanews.com\/site\/2018\/03\/03\/a-comunidade-escolar-atendeu-ao-convite-e-veio-para-fortalecer-a-educacao-de-seus-filhos-no-dia-da-familia-na-escola\/"},"author":{"name":"Sodr\u00e9","@id":"https:\/\/ubanews.com\/site\/#\/schema\/person\/d90c9e47252fbb63dcc969fe4c8b9d10"},"headline":"A comunidade escolar atendeu ao convite e veio para fortalecer \u00e0 educa\u00e7\u00e3o de seus filhos no dia da Fam\u00edlia na escola","datePublished":"2018-03-03T15:51:39+00:00","dateModified":"2018-03-06T11:12:22+00:00","mainEntityOfPage":{"@id":"https:\/\/ubanews.com\/site\/2018\/03\/03\/a-comunidade-escolar-atendeu-ao-convite-e-veio-para-fortalecer-a-educacao-de-seus-filhos-no-dia-da-familia-na-escola\/"},"wordCount":481,"commentCount":2,"publisher":{"@id":"https:\/\/ubanews.com\/site\/#organization"},"image":{"@id":"https:\/\/ubanews.com\/site\/2018\/03\/03\/a-comunidade-escolar-atendeu-ao-convite-e-veio-para-fortalecer-a-educacao-de-seus-filhos-no-dia-da-familia-na-escola\/#primaryimage"},"thumbnailUrl":"https:\/\/ubanews.com\/site\/wp-content\/uploads\/2018\/03\/1-4.jpg","articleSection":["Geral"],"inLanguage":"pt-BR","potentialAction":[{"@type":"CommentAction","name":"Comment","target":["https:\/\/ubanews.com\/site\/2018\/03\/03\/a-comunidade-escolar-atendeu-ao-convite-e-veio-para-fortalecer-a-educacao-de-seus-filhos-no-dia-da-familia-na-escola\/#respond"]}]},{"@type":"WebPage","@id":"https:\/\/ubanews.com\/site\/2018\/03\/03\/a-comunidade-escolar-atendeu-ao-convite-e-veio-para-fortalecer-a-educacao-de-seus-filhos-no-dia-da-familia-na-escola\/","url":"https:\/\/ubanews.com\/site\/2018\/03\/03\/a-comunidade-escolar-atendeu-ao-convite-e-veio-para-fortalecer-a-educacao-de-seus-filhos-no-dia-da-familia-na-escola\/","name":"A comunidade escolar atendeu ao convite e veio para fortalecer \u00e0 educa\u00e7\u00e3o de seus filhos no dia da Fam\u00edlia na escola - Ub\u00e1 News","isPartOf":{"@id":"https:\/\/ubanews.com\/site\/#website"},"primaryImageOfPage":{"@id":"https:\/\/ubanews.com\/site\/2018\/03\/03\/a-comunidade-escolar-atendeu-ao-convite-e-veio-para-fortalecer-a-educacao-de-seus-filhos-no-dia-da-familia-na-escola\/#primaryimage"},"image":{"@id":"https:\/\/ubanews.com\/site\/2018\/03\/03\/a-comunidade-escolar-atendeu-ao-convite-e-veio-para-fortalecer-a-educacao-de-seus-filhos-no-dia-da-familia-na-escola\/#primaryimage"},"thumbnailUrl":"https:\/\/ubanews.com\/site\/wp-content\/uploads\/2018\/03\/1-4.jpg","datePublished":"2018-03-03T15:51:39+00:00","dateModified":"2018-03-06T11:12:22+00:00","breadcrumb":{"@id":"https:\/\/ubanews.com\/site\/2018\/03\/03\/a-comunidade-escolar-atendeu-ao-convite-e-veio-para-fortalecer-a-educacao-de-seus-filhos-no-dia-da-familia-na-escola\/#breadcrumb"},"inLanguage":"pt-BR","potentialAction":[{"@type":"ReadAction","target":["https:\/\/ubanews.com\/site\/2018\/03\/03\/a-comunidade-escolar-atendeu-ao-convite-e-veio-para-fortalecer-a-educacao-de-seus-filhos-no-dia-da-familia-na-escola\/"]}]},{"@type":"ImageObject","inLanguage":"pt-BR","@id":"https:\/\/ubanews.com\/site\/2018\/03\/03\/a-comunidade-escolar-atendeu-ao-convite-e-veio-para-fortalecer-a-educacao-de-seus-filhos-no-dia-da-familia-na-escola\/#primaryimage","url":"https:\/\/ubanews.com\/site\/wp-content\/uploads\/2018\/03\/1-4.jpg","contentUrl":"https:\/\/ubanews.com\/site\/wp-content\/uploads\/2018\/03\/1-4.jpg","width":800,"height":464},{"@type":"BreadcrumbList","@id":"https:\/\/ubanews.com\/site\/2018\/03\/03\/a-comunidade-escolar-atendeu-ao-convite-e-veio-para-fortalecer-a-educacao-de-seus-filhos-no-dia-da-familia-na-escola\/#breadcrumb","itemListElement":[{"@type":"ListItem","position":1,"name":"Home","item":"https:\/\/ubanews.com\/site\/"},{"@type":"ListItem","position":2,"name":"A comunidade escolar atendeu ao convite e veio para fortalecer \u00e0 educa\u00e7\u00e3o de seus filhos no dia da Fam\u00edlia na escola"}]},{"@type":"WebSite","@id":"https:\/\/ubanews.com\/site\/#website","url":"https:\/\/ubanews.com\/site\/","name":"Ub\u00e1 News","description":"","publisher":{"@id":"https:\/\/ubanews.com\/site\/#organization"},"potentialAction":[{"@type":"SearchAction","target":{"@type":"EntryPoint","urlTemplate":"https:\/\/ubanews.com\/site\/?s={search_term_string}"},"query-input":{"@type":"PropertyValueSpecification","valueRequired":true,"valueName":"search_term_string"}}],"inLanguage":"pt-BR"},{"@type":"Organization","@id":"https:\/\/ubanews.com\/site\/#organization","name":"Ub\u00e1 News","url":"https:\/\/ubanews.com\/site\/","logo":{"@type":"ImageObject","inLanguage":"pt-BR","@id":"https:\/\/ubanews.com\/site\/#\/schema\/logo\/image\/","url":"https:\/\/ubanews.com\/site\/wp-content\/uploads\/2018\/01\/logoubanews.png","contentUrl":"https:\/\/ubanews.com\/site\/wp-content\/uploads\/2018\/01\/logoubanews.png","width":261,"height":99,"caption":"Ub\u00e1 News"},"image":{"@id":"https:\/\/ubanews.com\/site\/#\/schema\/logo\/image\/"},"sameAs":["https:\/\/www.facebook.com\/Ub\u00e1News-Carlos-Roberto-Sodr\u00e9-418778301977370"]},{"@type":"Person","@id":"https:\/\/ubanews.com\/site\/#\/schema\/person\/d90c9e47252fbb63dcc969fe4c8b9d10","name":"Sodr\u00e9","image":{"@type":"ImageObject","inLanguage":"pt-BR","@id":"https:\/\/secure.gravatar.com\/avatar\/5ba2793f0590b9dbfad3fdec4ee714485b3eef211c9b32ee53d414060454a56c?s=96&d=mm&r=g","url":"https:\/\/secure.gravatar.com\/avatar\/5ba2793f0590b9dbfad3fdec4ee714485b3eef211c9b32ee53d414060454a56c?s=96&d=mm&r=g","contentUrl":"https:\/\/secure.gravatar.com\/avatar\/5ba2793f0590b9dbfad3fdec4ee714485b3eef211c9b32ee53d414060454a56c?s=96&d=mm&r=g","caption":"Sodr\u00e9"},"sameAs":["https:\/\/www.facebook.com\/carosroberto.sodre.5\/"],"url":"https:\/\/ubanews.com\/site\/author\/felipe\/"}]}},"_links":{"self":[{"href":"https:\/\/ubanews.com\/site\/wp-json\/wp\/v2\/posts\/416","targetHints":{"allow":["GET"]}}],"collection":[{"href":"https:\/\/ubanews.com\/site\/wp-json\/wp\/v2\/posts"}],"about":[{"href":"https:\/\/ubanews.com\/site\/wp-json\/wp\/v2\/types\/post"}],"author":[{"embeddable":true,"href":"https:\/\/ubanews.com\/site\/wp-json\/wp\/v2\/users\/2"}],"replies":[{"embeddable":true,"href":"https:\/\/ubanews.com\/site\/wp-json\/wp\/v2\/comments?post=416"}],"version-history":[{"count":0,"href":"https:\/\/ubanews.com\/site\/wp-json\/wp\/v2\/posts\/416\/revisions"}],"wp:featuredmedia":[{"embeddable":true,"href":"https:\/\/ubanews.com\/site\/wp-json\/wp\/v2\/media\/430"}],"wp:attachment":[{"href":"https:\/\/ubanews.com\/site\/wp-json\/wp\/v2\/media?parent=416"}],"wp:term":[{"taxonomy":"category","embeddable":true,"href":"https:\/\/ubanews.com\/site\/wp-json\/wp\/v2\/categories?post=416"},{"taxonomy":"post_tag","embeddable":true,"href":"https:\/\/ubanews.com\/site\/wp-json\/wp\/v2\/tags?post=416"}],"curies":[{"name":"wp","href":"https:\/\/api.w.org\/{rel}","templated":true}]}}