{"id":4060,"date":"2018-05-25T19:25:19","date_gmt":"2018-05-25T22:25:19","guid":{"rendered":"http:\/\/ubanews.com\/site\/?p=4060"},"modified":"2018-05-31T19:48:37","modified_gmt":"2018-05-31T22:48:37","slug":"artesaos-que-querem-regularizar-a-sua-situacao-tem-ate-o-dia-oito-de-junho-para-se-cadastrarem","status":"publish","type":"post","link":"https:\/\/ubanews.com\/site\/2018\/05\/25\/artesaos-que-querem-regularizar-a-sua-situacao-tem-ate-o-dia-oito-de-junho-para-se-cadastrarem\/","title":{"rendered":"Artes\u00e3os que querem regularizar a sua situa\u00e7\u00e3o t\u00eam at\u00e9 o dia oito de junho para se cadastrarem"},"content":{"rendered":"<p><span style=\"color: #000000;\">A Prefeitura de Ub\u00e1 atrav\u00e9s da&nbsp;Secretaria Municipal de Cultura, Turismo e Lazer promovem o cadastramento de artes\u00e3os e trabalhadores manuais. Para se cadastrarem, os interessados devem retirar o formul\u00e1rio e entreg\u00e1-lo preenchido, at\u00e9 o dia 8 de junho, no F\u00f3rum Cultural (<a style=\"color: #000000;\" href=\"https:\/\/maps.google.com\/?q=Pra%C3%A7a+S%C3%A3o+Janu%C3%A1rio,+28&amp;entry=gmail&amp;source=g\">Pra\u00e7a S\u00e3o Janu\u00e1rio, 28<\/a>, Centro).<\/span><\/p>\n<p><span style=\"color: #000000;\">A a\u00e7\u00e3o tem como o<\/span>bjetivos: favorecer a reorganiza\u00e7\u00e3o do setor em Ub\u00e1 e regi\u00e3o, incentivar a cadeia produtiva de artesanato e promover o acesso do profissional \u00e0 Carteira Nacional do Artes\u00e3o.<\/p>\n<p>Emitida pelo Governo Federal, a&nbsp;carteira de artes\u00e3o&nbsp;e de&nbsp;trabalhador manual&nbsp; \u00e9 totalmente gratuita, sem anuidades nem taxa de ades\u00e3o, e confere diversas vantagens, como:<\/p>\n<p>&#8211; Possibilidade de participa\u00e7\u00e3o em feiras de artesanato nacionais e internacionais;<\/p>\n<p>&#8211; Possibilidade de participa\u00e7\u00e3o em oficinas e cursos de artesanato;<\/p>\n<p>&#8211; Acesso a incentivos fiscais (benef\u00edcio dado somente em alguns estados);<\/p>\n<p>&#8211; Isen\u00e7\u00e3o do ICMS na comercializa\u00e7\u00e3o dos produtos;<\/p>\n<p>&#8211; Facilidade de acesso ao microcr\u00e9dito (empr\u00e9stimo de pequeno valor a microempreendedores formais e informais);<\/p>\n<p>&#8211; Acesso \u00e0 nota fiscal avulsa de Emiss\u00e3o Eletr\u00f4nica (e-NFA);<\/p>\n<p>&#8211; Possibilidade de ser contribuinte aut\u00f4nomo para fins previdenci\u00e1rios.<\/p>\n<p>&nbsp;<\/p>\n","protected":false},"excerpt":{"rendered":"<p>A Prefeitura de Ub\u00e1 atrav\u00e9s da&nbsp;Secretaria Municipal de Cultura, Turismo<\/p>\n","protected":false},"author":2,"featured_media":4061,"comment_status":"open","ping_status":"open","sticky":false,"template":"","format":"standard","meta":{"footnotes":""},"categories":[1],"tags":[],"class_list":["post-4060","post","type-post","status-publish","format-standard","has-post-thumbnail","hentry","category-sem-categoria"],"yoast_head":"<!-- This site is optimized with the Yoast SEO plugin v27.2 - https:\/\/yoast.com\/product\/yoast-seo-wordpress\/ -->\n<title>Artes\u00e3os que querem regularizar a sua situa\u00e7\u00e3o t\u00eam at\u00e9 o dia oito de junho para se cadastrarem - Ub\u00e1 News<\/title>\n<meta name=\"robots\" content=\"index, follow, max-snippet:-1, max-image-preview:large, max-video-preview:-1\" \/>\n<link rel=\"canonical\" href=\"https:\/\/ubanews.com\/site\/2018\/05\/25\/artesaos-que-querem-regularizar-a-sua-situacao-tem-ate-o-dia-oito-de-junho-para-se-cadastrarem\/\" \/>\n<meta property=\"og:locale\" content=\"pt_BR\" \/>\n<meta property=\"og:type\" content=\"article\" \/>\n<meta property=\"og:title\" content=\"Artes\u00e3os que querem regularizar a sua situa\u00e7\u00e3o t\u00eam at\u00e9 o dia oito de junho para se cadastrarem - Ub\u00e1 News\" \/>\n<meta property=\"og:description\" content=\"A Prefeitura de Ub\u00e1 atrav\u00e9s da&nbsp;Secretaria Municipal de Cultura, Turismo\" \/>\n<meta property=\"og:url\" content=\"https:\/\/ubanews.com\/site\/2018\/05\/25\/artesaos-que-querem-regularizar-a-sua-situacao-tem-ate-o-dia-oito-de-junho-para-se-cadastrarem\/\" \/>\n<meta property=\"og:site_name\" content=\"Ub\u00e1 News\" \/>\n<meta property=\"article:publisher\" content=\"https:\/\/www.facebook.com\/Ub%c3%a1News-Carlos-Roberto-Sodr%c3%a9-418778301977370\" \/>\n<meta property=\"article:author\" content=\"https:\/\/www.facebook.com\/carosroberto.sodre.5\/\" \/>\n<meta property=\"article:published_time\" content=\"2018-05-25T22:25:19+00:00\" \/>\n<meta property=\"article:modified_time\" content=\"2018-05-31T22:48:37+00:00\" \/>\n<meta property=\"og:image\" content=\"https:\/\/ubanews.com\/site\/wp-content\/uploads\/2018\/05\/artes\u00e3o.jpg\" \/>\n\t<meta property=\"og:image:width\" content=\"800\" \/>\n\t<meta property=\"og:image:height\" content=\"450\" \/>\n\t<meta property=\"og:image:type\" content=\"image\/jpeg\" \/>\n<meta name=\"author\" content=\"Sodr\u00e9\" \/>\n<meta name=\"twitter:card\" content=\"summary_large_image\" \/>\n<meta name=\"twitter:label1\" content=\"Escrito por\" \/>\n\t<meta name=\"twitter:data1\" content=\"Sodr\u00e9\" \/>\n\t<meta name=\"twitter:label2\" content=\"Est. tempo de leitura\" \/>\n\t<meta name=\"twitter:data2\" content=\"1 minuto\" \/>\n<script type=\"application\/ld+json\" class=\"yoast-schema-graph\">{\"@context\":\"https:\/\/schema.org\",\"@graph\":[{\"@type\":\"Article\",\"@id\":\"https:\/\/ubanews.com\/site\/2018\/05\/25\/artesaos-que-querem-regularizar-a-sua-situacao-tem-ate-o-dia-oito-de-junho-para-se-cadastrarem\/#article\",\"isPartOf\":{\"@id\":\"https:\/\/ubanews.com\/site\/2018\/05\/25\/artesaos-que-querem-regularizar-a-sua-situacao-tem-ate-o-dia-oito-de-junho-para-se-cadastrarem\/\"},\"author\":{\"name\":\"Sodr\u00e9\",\"@id\":\"https:\/\/ubanews.com\/site\/#\/schema\/person\/d90c9e47252fbb63dcc969fe4c8b9d10\"},\"headline\":\"Artes\u00e3os que querem regularizar a sua situa\u00e7\u00e3o t\u00eam at\u00e9 o dia oito de junho para se cadastrarem\",\"datePublished\":\"2018-05-25T22:25:19+00:00\",\"dateModified\":\"2018-05-31T22:48:37+00:00\",\"mainEntityOfPage\":{\"@id\":\"https:\/\/ubanews.com\/site\/2018\/05\/25\/artesaos-que-querem-regularizar-a-sua-situacao-tem-ate-o-dia-oito-de-junho-para-se-cadastrarem\/\"},\"wordCount\":224,\"commentCount\":0,\"publisher\":{\"@id\":\"https:\/\/ubanews.com\/site\/#organization\"},\"image\":{\"@id\":\"https:\/\/ubanews.com\/site\/2018\/05\/25\/artesaos-que-querem-regularizar-a-sua-situacao-tem-ate-o-dia-oito-de-junho-para-se-cadastrarem\/#primaryimage\"},\"thumbnailUrl\":\"https:\/\/ubanews.com\/site\/wp-content\/uploads\/2018\/05\/artes\u00e3o.jpg\",\"articleSection\":[\"Geral\"],\"inLanguage\":\"pt-BR\",\"potentialAction\":[{\"@type\":\"CommentAction\",\"name\":\"Comment\",\"target\":[\"https:\/\/ubanews.com\/site\/2018\/05\/25\/artesaos-que-querem-regularizar-a-sua-situacao-tem-ate-o-dia-oito-de-junho-para-se-cadastrarem\/#respond\"]}]},{\"@type\":\"WebPage\",\"@id\":\"https:\/\/ubanews.com\/site\/2018\/05\/25\/artesaos-que-querem-regularizar-a-sua-situacao-tem-ate-o-dia-oito-de-junho-para-se-cadastrarem\/\",\"url\":\"https:\/\/ubanews.com\/site\/2018\/05\/25\/artesaos-que-querem-regularizar-a-sua-situacao-tem-ate-o-dia-oito-de-junho-para-se-cadastrarem\/\",\"name\":\"Artes\u00e3os que querem regularizar a sua situa\u00e7\u00e3o t\u00eam at\u00e9 o dia oito de junho para se cadastrarem - Ub\u00e1 News\",\"isPartOf\":{\"@id\":\"https:\/\/ubanews.com\/site\/#website\"},\"primaryImageOfPage\":{\"@id\":\"https:\/\/ubanews.com\/site\/2018\/05\/25\/artesaos-que-querem-regularizar-a-sua-situacao-tem-ate-o-dia-oito-de-junho-para-se-cadastrarem\/#primaryimage\"},\"image\":{\"@id\":\"https:\/\/ubanews.com\/site\/2018\/05\/25\/artesaos-que-querem-regularizar-a-sua-situacao-tem-ate-o-dia-oito-de-junho-para-se-cadastrarem\/#primaryimage\"},\"thumbnailUrl\":\"https:\/\/ubanews.com\/site\/wp-content\/uploads\/2018\/05\/artes\u00e3o.jpg\",\"datePublished\":\"2018-05-25T22:25:19+00:00\",\"dateModified\":\"2018-05-31T22:48:37+00:00\",\"breadcrumb\":{\"@id\":\"https:\/\/ubanews.com\/site\/2018\/05\/25\/artesaos-que-querem-regularizar-a-sua-situacao-tem-ate-o-dia-oito-de-junho-para-se-cadastrarem\/#breadcrumb\"},\"inLanguage\":\"pt-BR\",\"potentialAction\":[{\"@type\":\"ReadAction\",\"target\":[\"https:\/\/ubanews.com\/site\/2018\/05\/25\/artesaos-que-querem-regularizar-a-sua-situacao-tem-ate-o-dia-oito-de-junho-para-se-cadastrarem\/\"]}]},{\"@type\":\"ImageObject\",\"inLanguage\":\"pt-BR\",\"@id\":\"https:\/\/ubanews.com\/site\/2018\/05\/25\/artesaos-que-querem-regularizar-a-sua-situacao-tem-ate-o-dia-oito-de-junho-para-se-cadastrarem\/#primaryimage\",\"url\":\"https:\/\/ubanews.com\/site\/wp-content\/uploads\/2018\/05\/artes\u00e3o.jpg\",\"contentUrl\":\"https:\/\/ubanews.com\/site\/wp-content\/uploads\/2018\/05\/artes\u00e3o.jpg\",\"width\":800,\"height\":450},{\"@type\":\"BreadcrumbList\",\"@id\":\"https:\/\/ubanews.com\/site\/2018\/05\/25\/artesaos-que-querem-regularizar-a-sua-situacao-tem-ate-o-dia-oito-de-junho-para-se-cadastrarem\/#breadcrumb\",\"itemListElement\":[{\"@type\":\"ListItem\",\"position\":1,\"name\":\"Home\",\"item\":\"https:\/\/ubanews.com\/site\/\"},{\"@type\":\"ListItem\",\"position\":2,\"name\":\"Artes\u00e3os que querem regularizar a sua situa\u00e7\u00e3o t\u00eam at\u00e9 o dia oito de junho para se cadastrarem\"}]},{\"@type\":\"WebSite\",\"@id\":\"https:\/\/ubanews.com\/site\/#website\",\"url\":\"https:\/\/ubanews.com\/site\/\",\"name\":\"Ub\u00e1 News\",\"description\":\"\",\"publisher\":{\"@id\":\"https:\/\/ubanews.com\/site\/#organization\"},\"potentialAction\":[{\"@type\":\"SearchAction\",\"target\":{\"@type\":\"EntryPoint\",\"urlTemplate\":\"https:\/\/ubanews.com\/site\/?s={search_term_string}\"},\"query-input\":{\"@type\":\"PropertyValueSpecification\",\"valueRequired\":true,\"valueName\":\"search_term_string\"}}],\"inLanguage\":\"pt-BR\"},{\"@type\":\"Organization\",\"@id\":\"https:\/\/ubanews.com\/site\/#organization\",\"name\":\"Ub\u00e1 News\",\"url\":\"https:\/\/ubanews.com\/site\/\",\"logo\":{\"@type\":\"ImageObject\",\"inLanguage\":\"pt-BR\",\"@id\":\"https:\/\/ubanews.com\/site\/#\/schema\/logo\/image\/\",\"url\":\"https:\/\/ubanews.com\/site\/wp-content\/uploads\/2018\/01\/logoubanews.png\",\"contentUrl\":\"https:\/\/ubanews.com\/site\/wp-content\/uploads\/2018\/01\/logoubanews.png\",\"width\":261,\"height\":99,\"caption\":\"Ub\u00e1 News\"},\"image\":{\"@id\":\"https:\/\/ubanews.com\/site\/#\/schema\/logo\/image\/\"},\"sameAs\":[\"https:\/\/www.facebook.com\/Ub\u00e1News-Carlos-Roberto-Sodr\u00e9-418778301977370\"]},{\"@type\":\"Person\",\"@id\":\"https:\/\/ubanews.com\/site\/#\/schema\/person\/d90c9e47252fbb63dcc969fe4c8b9d10\",\"name\":\"Sodr\u00e9\",\"image\":{\"@type\":\"ImageObject\",\"inLanguage\":\"pt-BR\",\"@id\":\"https:\/\/secure.gravatar.com\/avatar\/5ba2793f0590b9dbfad3fdec4ee714485b3eef211c9b32ee53d414060454a56c?s=96&d=mm&r=g\",\"url\":\"https:\/\/secure.gravatar.com\/avatar\/5ba2793f0590b9dbfad3fdec4ee714485b3eef211c9b32ee53d414060454a56c?s=96&d=mm&r=g\",\"contentUrl\":\"https:\/\/secure.gravatar.com\/avatar\/5ba2793f0590b9dbfad3fdec4ee714485b3eef211c9b32ee53d414060454a56c?s=96&d=mm&r=g\",\"caption\":\"Sodr\u00e9\"},\"sameAs\":[\"https:\/\/www.facebook.com\/carosroberto.sodre.5\/\"],\"url\":\"https:\/\/ubanews.com\/site\/author\/felipe\/\"}]}<\/script>\n<!-- \/ Yoast SEO plugin. -->","yoast_head_json":{"title":"Artes\u00e3os que querem regularizar a sua situa\u00e7\u00e3o t\u00eam at\u00e9 o dia oito de junho para se cadastrarem - Ub\u00e1 News","robots":{"index":"index","follow":"follow","max-snippet":"max-snippet:-1","max-image-preview":"max-image-preview:large","max-video-preview":"max-video-preview:-1"},"canonical":"https:\/\/ubanews.com\/site\/2018\/05\/25\/artesaos-que-querem-regularizar-a-sua-situacao-tem-ate-o-dia-oito-de-junho-para-se-cadastrarem\/","og_locale":"pt_BR","og_type":"article","og_title":"Artes\u00e3os que querem regularizar a sua situa\u00e7\u00e3o t\u00eam at\u00e9 o dia oito de junho para se cadastrarem - Ub\u00e1 News","og_description":"A Prefeitura de Ub\u00e1 atrav\u00e9s da&nbsp;Secretaria Municipal de Cultura, Turismo","og_url":"https:\/\/ubanews.com\/site\/2018\/05\/25\/artesaos-que-querem-regularizar-a-sua-situacao-tem-ate-o-dia-oito-de-junho-para-se-cadastrarem\/","og_site_name":"Ub\u00e1 News","article_publisher":"https:\/\/www.facebook.com\/Ub%c3%a1News-Carlos-Roberto-Sodr%c3%a9-418778301977370","article_author":"https:\/\/www.facebook.com\/carosroberto.sodre.5\/","article_published_time":"2018-05-25T22:25:19+00:00","article_modified_time":"2018-05-31T22:48:37+00:00","og_image":[{"width":800,"height":450,"url":"https:\/\/ubanews.com\/site\/wp-content\/uploads\/2018\/05\/artes\u00e3o.jpg","type":"image\/jpeg"}],"author":"Sodr\u00e9","twitter_card":"summary_large_image","twitter_misc":{"Escrito por":"Sodr\u00e9","Est. tempo de leitura":"1 minuto"},"schema":{"@context":"https:\/\/schema.org","@graph":[{"@type":"Article","@id":"https:\/\/ubanews.com\/site\/2018\/05\/25\/artesaos-que-querem-regularizar-a-sua-situacao-tem-ate-o-dia-oito-de-junho-para-se-cadastrarem\/#article","isPartOf":{"@id":"https:\/\/ubanews.com\/site\/2018\/05\/25\/artesaos-que-querem-regularizar-a-sua-situacao-tem-ate-o-dia-oito-de-junho-para-se-cadastrarem\/"},"author":{"name":"Sodr\u00e9","@id":"https:\/\/ubanews.com\/site\/#\/schema\/person\/d90c9e47252fbb63dcc969fe4c8b9d10"},"headline":"Artes\u00e3os que querem regularizar a sua situa\u00e7\u00e3o t\u00eam at\u00e9 o dia oito de junho para se cadastrarem","datePublished":"2018-05-25T22:25:19+00:00","dateModified":"2018-05-31T22:48:37+00:00","mainEntityOfPage":{"@id":"https:\/\/ubanews.com\/site\/2018\/05\/25\/artesaos-que-querem-regularizar-a-sua-situacao-tem-ate-o-dia-oito-de-junho-para-se-cadastrarem\/"},"wordCount":224,"commentCount":0,"publisher":{"@id":"https:\/\/ubanews.com\/site\/#organization"},"image":{"@id":"https:\/\/ubanews.com\/site\/2018\/05\/25\/artesaos-que-querem-regularizar-a-sua-situacao-tem-ate-o-dia-oito-de-junho-para-se-cadastrarem\/#primaryimage"},"thumbnailUrl":"https:\/\/ubanews.com\/site\/wp-content\/uploads\/2018\/05\/artes\u00e3o.jpg","articleSection":["Geral"],"inLanguage":"pt-BR","potentialAction":[{"@type":"CommentAction","name":"Comment","target":["https:\/\/ubanews.com\/site\/2018\/05\/25\/artesaos-que-querem-regularizar-a-sua-situacao-tem-ate-o-dia-oito-de-junho-para-se-cadastrarem\/#respond"]}]},{"@type":"WebPage","@id":"https:\/\/ubanews.com\/site\/2018\/05\/25\/artesaos-que-querem-regularizar-a-sua-situacao-tem-ate-o-dia-oito-de-junho-para-se-cadastrarem\/","url":"https:\/\/ubanews.com\/site\/2018\/05\/25\/artesaos-que-querem-regularizar-a-sua-situacao-tem-ate-o-dia-oito-de-junho-para-se-cadastrarem\/","name":"Artes\u00e3os que querem regularizar a sua situa\u00e7\u00e3o t\u00eam at\u00e9 o dia oito de junho para se cadastrarem - Ub\u00e1 News","isPartOf":{"@id":"https:\/\/ubanews.com\/site\/#website"},"primaryImageOfPage":{"@id":"https:\/\/ubanews.com\/site\/2018\/05\/25\/artesaos-que-querem-regularizar-a-sua-situacao-tem-ate-o-dia-oito-de-junho-para-se-cadastrarem\/#primaryimage"},"image":{"@id":"https:\/\/ubanews.com\/site\/2018\/05\/25\/artesaos-que-querem-regularizar-a-sua-situacao-tem-ate-o-dia-oito-de-junho-para-se-cadastrarem\/#primaryimage"},"thumbnailUrl":"https:\/\/ubanews.com\/site\/wp-content\/uploads\/2018\/05\/artes\u00e3o.jpg","datePublished":"2018-05-25T22:25:19+00:00","dateModified":"2018-05-31T22:48:37+00:00","breadcrumb":{"@id":"https:\/\/ubanews.com\/site\/2018\/05\/25\/artesaos-que-querem-regularizar-a-sua-situacao-tem-ate-o-dia-oito-de-junho-para-se-cadastrarem\/#breadcrumb"},"inLanguage":"pt-BR","potentialAction":[{"@type":"ReadAction","target":["https:\/\/ubanews.com\/site\/2018\/05\/25\/artesaos-que-querem-regularizar-a-sua-situacao-tem-ate-o-dia-oito-de-junho-para-se-cadastrarem\/"]}]},{"@type":"ImageObject","inLanguage":"pt-BR","@id":"https:\/\/ubanews.com\/site\/2018\/05\/25\/artesaos-que-querem-regularizar-a-sua-situacao-tem-ate-o-dia-oito-de-junho-para-se-cadastrarem\/#primaryimage","url":"https:\/\/ubanews.com\/site\/wp-content\/uploads\/2018\/05\/artes\u00e3o.jpg","contentUrl":"https:\/\/ubanews.com\/site\/wp-content\/uploads\/2018\/05\/artes\u00e3o.jpg","width":800,"height":450},{"@type":"BreadcrumbList","@id":"https:\/\/ubanews.com\/site\/2018\/05\/25\/artesaos-que-querem-regularizar-a-sua-situacao-tem-ate-o-dia-oito-de-junho-para-se-cadastrarem\/#breadcrumb","itemListElement":[{"@type":"ListItem","position":1,"name":"Home","item":"https:\/\/ubanews.com\/site\/"},{"@type":"ListItem","position":2,"name":"Artes\u00e3os que querem regularizar a sua situa\u00e7\u00e3o t\u00eam at\u00e9 o dia oito de junho para se cadastrarem"}]},{"@type":"WebSite","@id":"https:\/\/ubanews.com\/site\/#website","url":"https:\/\/ubanews.com\/site\/","name":"Ub\u00e1 News","description":"","publisher":{"@id":"https:\/\/ubanews.com\/site\/#organization"},"potentialAction":[{"@type":"SearchAction","target":{"@type":"EntryPoint","urlTemplate":"https:\/\/ubanews.com\/site\/?s={search_term_string}"},"query-input":{"@type":"PropertyValueSpecification","valueRequired":true,"valueName":"search_term_string"}}],"inLanguage":"pt-BR"},{"@type":"Organization","@id":"https:\/\/ubanews.com\/site\/#organization","name":"Ub\u00e1 News","url":"https:\/\/ubanews.com\/site\/","logo":{"@type":"ImageObject","inLanguage":"pt-BR","@id":"https:\/\/ubanews.com\/site\/#\/schema\/logo\/image\/","url":"https:\/\/ubanews.com\/site\/wp-content\/uploads\/2018\/01\/logoubanews.png","contentUrl":"https:\/\/ubanews.com\/site\/wp-content\/uploads\/2018\/01\/logoubanews.png","width":261,"height":99,"caption":"Ub\u00e1 News"},"image":{"@id":"https:\/\/ubanews.com\/site\/#\/schema\/logo\/image\/"},"sameAs":["https:\/\/www.facebook.com\/Ub\u00e1News-Carlos-Roberto-Sodr\u00e9-418778301977370"]},{"@type":"Person","@id":"https:\/\/ubanews.com\/site\/#\/schema\/person\/d90c9e47252fbb63dcc969fe4c8b9d10","name":"Sodr\u00e9","image":{"@type":"ImageObject","inLanguage":"pt-BR","@id":"https:\/\/secure.gravatar.com\/avatar\/5ba2793f0590b9dbfad3fdec4ee714485b3eef211c9b32ee53d414060454a56c?s=96&d=mm&r=g","url":"https:\/\/secure.gravatar.com\/avatar\/5ba2793f0590b9dbfad3fdec4ee714485b3eef211c9b32ee53d414060454a56c?s=96&d=mm&r=g","contentUrl":"https:\/\/secure.gravatar.com\/avatar\/5ba2793f0590b9dbfad3fdec4ee714485b3eef211c9b32ee53d414060454a56c?s=96&d=mm&r=g","caption":"Sodr\u00e9"},"sameAs":["https:\/\/www.facebook.com\/carosroberto.sodre.5\/"],"url":"https:\/\/ubanews.com\/site\/author\/felipe\/"}]}},"_links":{"self":[{"href":"https:\/\/ubanews.com\/site\/wp-json\/wp\/v2\/posts\/4060","targetHints":{"allow":["GET"]}}],"collection":[{"href":"https:\/\/ubanews.com\/site\/wp-json\/wp\/v2\/posts"}],"about":[{"href":"https:\/\/ubanews.com\/site\/wp-json\/wp\/v2\/types\/post"}],"author":[{"embeddable":true,"href":"https:\/\/ubanews.com\/site\/wp-json\/wp\/v2\/users\/2"}],"replies":[{"embeddable":true,"href":"https:\/\/ubanews.com\/site\/wp-json\/wp\/v2\/comments?post=4060"}],"version-history":[{"count":0,"href":"https:\/\/ubanews.com\/site\/wp-json\/wp\/v2\/posts\/4060\/revisions"}],"wp:featuredmedia":[{"embeddable":true,"href":"https:\/\/ubanews.com\/site\/wp-json\/wp\/v2\/media\/4061"}],"wp:attachment":[{"href":"https:\/\/ubanews.com\/site\/wp-json\/wp\/v2\/media?parent=4060"}],"wp:term":[{"taxonomy":"category","embeddable":true,"href":"https:\/\/ubanews.com\/site\/wp-json\/wp\/v2\/categories?post=4060"},{"taxonomy":"post_tag","embeddable":true,"href":"https:\/\/ubanews.com\/site\/wp-json\/wp\/v2\/tags?post=4060"}],"curies":[{"name":"wp","href":"https:\/\/api.w.org\/{rel}","templated":true}]}}