{"id":400,"date":"2018-03-02T23:57:44","date_gmt":"2018-03-03T02:57:44","guid":{"rendered":"http:\/\/ubanews.com\/site\/?p=400"},"modified":"2018-03-05T07:52:32","modified_gmt":"2018-03-05T10:52:32","slug":"queda-de-arvore-mata-motorista-que-voltava-do-trabalho-para-casa","status":"publish","type":"post","link":"https:\/\/ubanews.com\/site\/2018\/03\/02\/queda-de-arvore-mata-motorista-que-voltava-do-trabalho-para-casa\/","title":{"rendered":"Queda de \u00e1rvore mata motorista que voltava do trabalho para casa"},"content":{"rendered":"<p><img decoding=\"async\" class=\"alignnone size-full wp-image-402 lazyload\" data-src=\"https:\/\/ubanews.com\/site\/wp-content\/uploads\/2018\/03\/2-4.jpg\" alt=\"\" width=\"4272\" height=\"2480\" data-srcset=\"https:\/\/ubanews.com\/site\/wp-content\/uploads\/2018\/03\/2-4.jpg 800w, https:\/\/ubanews.com\/site\/wp-content\/uploads\/2018\/03\/2-4-300x174.jpg 300w, https:\/\/ubanews.com\/site\/wp-content\/uploads\/2018\/03\/2-4-768x446.jpg 768w, https:\/\/ubanews.com\/site\/wp-content\/uploads\/2018\/03\/2-4-1024x594.jpg 1024w\" data-sizes=\"(max-width: 4272px) 100vw, 4272px\" src=\"data:image\/svg+xml;base64,PHN2ZyB3aWR0aD0iMSIgaGVpZ2h0PSIxIiB4bWxucz0iaHR0cDovL3d3dy53My5vcmcvMjAwMC9zdmciPjwvc3ZnPg==\" style=\"--smush-placeholder-width: 4272px; --smush-placeholder-aspect-ratio: 4272\/2480;\" \/> <img decoding=\"async\" class=\"alignnone size-full wp-image-403 lazyload\" data-src=\"https:\/\/ubanews.com\/site\/wp-content\/uploads\/2018\/03\/3-4.jpg\" alt=\"\" width=\"4272\" height=\"2480\" data-srcset=\"https:\/\/ubanews.com\/site\/wp-content\/uploads\/2018\/03\/3-4.jpg 800w, https:\/\/ubanews.com\/site\/wp-content\/uploads\/2018\/03\/3-4-300x174.jpg 300w, https:\/\/ubanews.com\/site\/wp-content\/uploads\/2018\/03\/3-4-768x446.jpg 768w, https:\/\/ubanews.com\/site\/wp-content\/uploads\/2018\/03\/3-4-1024x594.jpg 1024w\" data-sizes=\"(max-width: 4272px) 100vw, 4272px\" src=\"data:image\/svg+xml;base64,PHN2ZyB3aWR0aD0iMSIgaGVpZ2h0PSIxIiB4bWxucz0iaHR0cDovL3d3dy53My5vcmcvMjAwMC9zdmciPjwvc3ZnPg==\" style=\"--smush-placeholder-width: 4272px; --smush-placeholder-aspect-ratio: 4272\/2480;\" \/> <img decoding=\"async\" class=\"alignnone size-full wp-image-404 lazyload\" data-src=\"https:\/\/ubanews.com\/site\/wp-content\/uploads\/2018\/03\/4-4.jpg\" alt=\"\" width=\"4272\" height=\"2480\" data-srcset=\"https:\/\/ubanews.com\/site\/wp-content\/uploads\/2018\/03\/4-4.jpg 800w, https:\/\/ubanews.com\/site\/wp-content\/uploads\/2018\/03\/4-4-300x174.jpg 300w, https:\/\/ubanews.com\/site\/wp-content\/uploads\/2018\/03\/4-4-768x446.jpg 768w, https:\/\/ubanews.com\/site\/wp-content\/uploads\/2018\/03\/4-4-1024x594.jpg 1024w\" data-sizes=\"(max-width: 4272px) 100vw, 4272px\" src=\"data:image\/svg+xml;base64,PHN2ZyB3aWR0aD0iMSIgaGVpZ2h0PSIxIiB4bWxucz0iaHR0cDovL3d3dy53My5vcmcvMjAwMC9zdmciPjwvc3ZnPg==\" style=\"--smush-placeholder-width: 4272px; --smush-placeholder-aspect-ratio: 4272\/2480;\" \/> <img decoding=\"async\" class=\"alignnone size-full wp-image-405 lazyload\" data-src=\"https:\/\/ubanews.com\/site\/wp-content\/uploads\/2018\/03\/5-2.jpg\" alt=\"\" width=\"4272\" height=\"2480\" data-srcset=\"https:\/\/ubanews.com\/site\/wp-content\/uploads\/2018\/03\/5-2.jpg 800w, https:\/\/ubanews.com\/site\/wp-content\/uploads\/2018\/03\/5-2-300x174.jpg 300w, https:\/\/ubanews.com\/site\/wp-content\/uploads\/2018\/03\/5-2-768x446.jpg 768w, https:\/\/ubanews.com\/site\/wp-content\/uploads\/2018\/03\/5-2-1024x594.jpg 1024w\" data-sizes=\"(max-width: 4272px) 100vw, 4272px\" src=\"data:image\/svg+xml;base64,PHN2ZyB3aWR0aD0iMSIgaGVpZ2h0PSIxIiB4bWxucz0iaHR0cDovL3d3dy53My5vcmcvMjAwMC9zdmciPjwvc3ZnPg==\" style=\"--smush-placeholder-width: 4272px; --smush-placeholder-aspect-ratio: 4272\/2480;\" \/> <img decoding=\"async\" class=\"alignnone size-full wp-image-406 lazyload\" data-src=\"https:\/\/ubanews.com\/site\/wp-content\/uploads\/2018\/03\/6-2.jpg\" alt=\"\" width=\"4272\" height=\"2480\" data-srcset=\"https:\/\/ubanews.com\/site\/wp-content\/uploads\/2018\/03\/6-2.jpg 800w, https:\/\/ubanews.com\/site\/wp-content\/uploads\/2018\/03\/6-2-300x174.jpg 300w, https:\/\/ubanews.com\/site\/wp-content\/uploads\/2018\/03\/6-2-768x446.jpg 768w, https:\/\/ubanews.com\/site\/wp-content\/uploads\/2018\/03\/6-2-1024x594.jpg 1024w\" data-sizes=\"(max-width: 4272px) 100vw, 4272px\" src=\"data:image\/svg+xml;base64,PHN2ZyB3aWR0aD0iMSIgaGVpZ2h0PSIxIiB4bWxucz0iaHR0cDovL3d3dy53My5vcmcvMjAwMC9zdmciPjwvc3ZnPg==\" style=\"--smush-placeholder-width: 4272px; --smush-placeholder-aspect-ratio: 4272\/2480;\" \/> <img decoding=\"async\" class=\"alignnone size-full wp-image-407 lazyload\" data-src=\"https:\/\/ubanews.com\/site\/wp-content\/uploads\/2018\/03\/7-2.jpg\" alt=\"\" width=\"4272\" height=\"2480\" data-srcset=\"https:\/\/ubanews.com\/site\/wp-content\/uploads\/2018\/03\/7-2.jpg 800w, https:\/\/ubanews.com\/site\/wp-content\/uploads\/2018\/03\/7-2-300x174.jpg 300w, https:\/\/ubanews.com\/site\/wp-content\/uploads\/2018\/03\/7-2-768x446.jpg 768w, https:\/\/ubanews.com\/site\/wp-content\/uploads\/2018\/03\/7-2-1024x594.jpg 1024w\" data-sizes=\"(max-width: 4272px) 100vw, 4272px\" src=\"data:image\/svg+xml;base64,PHN2ZyB3aWR0aD0iMSIgaGVpZ2h0PSIxIiB4bWxucz0iaHR0cDovL3d3dy53My5vcmcvMjAwMC9zdmciPjwvc3ZnPg==\" style=\"--smush-placeholder-width: 4272px; --smush-placeholder-aspect-ratio: 4272\/2480;\" \/> <img decoding=\"async\" class=\"alignnone size-full wp-image-408 lazyload\" data-src=\"https:\/\/ubanews.com\/site\/wp-content\/uploads\/2018\/03\/8-2.jpg\" alt=\"\" width=\"4272\" height=\"2480\" data-srcset=\"https:\/\/ubanews.com\/site\/wp-content\/uploads\/2018\/03\/8-2.jpg 800w, https:\/\/ubanews.com\/site\/wp-content\/uploads\/2018\/03\/8-2-300x174.jpg 300w, https:\/\/ubanews.com\/site\/wp-content\/uploads\/2018\/03\/8-2-768x446.jpg 768w, https:\/\/ubanews.com\/site\/wp-content\/uploads\/2018\/03\/8-2-1024x594.jpg 1024w\" data-sizes=\"(max-width: 4272px) 100vw, 4272px\" src=\"data:image\/svg+xml;base64,PHN2ZyB3aWR0aD0iMSIgaGVpZ2h0PSIxIiB4bWxucz0iaHR0cDovL3d3dy53My5vcmcvMjAwMC9zdmciPjwvc3ZnPg==\" style=\"--smush-placeholder-width: 4272px; --smush-placeholder-aspect-ratio: 4272\/2480;\" \/> <img decoding=\"async\" class=\"alignnone size-full wp-image-409 lazyload\" data-src=\"https:\/\/ubanews.com\/site\/wp-content\/uploads\/2018\/03\/9-2.jpg\" alt=\"\" width=\"4272\" height=\"2480\" data-srcset=\"https:\/\/ubanews.com\/site\/wp-content\/uploads\/2018\/03\/9-2.jpg 800w, https:\/\/ubanews.com\/site\/wp-content\/uploads\/2018\/03\/9-2-300x174.jpg 300w, https:\/\/ubanews.com\/site\/wp-content\/uploads\/2018\/03\/9-2-768x446.jpg 768w, https:\/\/ubanews.com\/site\/wp-content\/uploads\/2018\/03\/9-2-1024x594.jpg 1024w\" data-sizes=\"(max-width: 4272px) 100vw, 4272px\" src=\"data:image\/svg+xml;base64,PHN2ZyB3aWR0aD0iMSIgaGVpZ2h0PSIxIiB4bWxucz0iaHR0cDovL3d3dy53My5vcmcvMjAwMC9zdmciPjwvc3ZnPg==\" style=\"--smush-placeholder-width: 4272px; --smush-placeholder-aspect-ratio: 4272\/2480;\" \/> <img decoding=\"async\" class=\"alignnone size-full wp-image-410 lazyload\" data-src=\"https:\/\/ubanews.com\/site\/wp-content\/uploads\/2018\/03\/10-1.jpg\" alt=\"\" width=\"4272\" height=\"2480\" data-srcset=\"https:\/\/ubanews.com\/site\/wp-content\/uploads\/2018\/03\/10-1.jpg 800w, https:\/\/ubanews.com\/site\/wp-content\/uploads\/2018\/03\/10-1-300x174.jpg 300w, https:\/\/ubanews.com\/site\/wp-content\/uploads\/2018\/03\/10-1-768x446.jpg 768w, https:\/\/ubanews.com\/site\/wp-content\/uploads\/2018\/03\/10-1-1024x594.jpg 1024w\" data-sizes=\"(max-width: 4272px) 100vw, 4272px\" src=\"data:image\/svg+xml;base64,PHN2ZyB3aWR0aD0iMSIgaGVpZ2h0PSIxIiB4bWxucz0iaHR0cDovL3d3dy53My5vcmcvMjAwMC9zdmciPjwvc3ZnPg==\" style=\"--smush-placeholder-width: 4272px; --smush-placeholder-aspect-ratio: 4272\/2480;\" \/> <img decoding=\"async\" class=\"alignnone size-full wp-image-411 lazyload\" data-src=\"https:\/\/ubanews.com\/site\/wp-content\/uploads\/2018\/03\/11.jpg\" alt=\"\" width=\"4272\" height=\"2480\" data-srcset=\"https:\/\/ubanews.com\/site\/wp-content\/uploads\/2018\/03\/11.jpg 800w, https:\/\/ubanews.com\/site\/wp-content\/uploads\/2018\/03\/11-300x174.jpg 300w, https:\/\/ubanews.com\/site\/wp-content\/uploads\/2018\/03\/11-768x446.jpg 768w, https:\/\/ubanews.com\/site\/wp-content\/uploads\/2018\/03\/11-1024x594.jpg 1024w\" data-sizes=\"(max-width: 4272px) 100vw, 4272px\" src=\"data:image\/svg+xml;base64,PHN2ZyB3aWR0aD0iMSIgaGVpZ2h0PSIxIiB4bWxucz0iaHR0cDovL3d3dy53My5vcmcvMjAwMC9zdmciPjwvc3ZnPg==\" style=\"--smush-placeholder-width: 4272px; --smush-placeholder-aspect-ratio: 4272\/2480;\" \/> <img decoding=\"async\" class=\"alignnone size-full wp-image-412 lazyload\" data-src=\"https:\/\/ubanews.com\/site\/wp-content\/uploads\/2018\/03\/12.jpg\" alt=\"\" width=\"4272\" height=\"2480\" data-srcset=\"https:\/\/ubanews.com\/site\/wp-content\/uploads\/2018\/03\/12.jpg 800w, https:\/\/ubanews.com\/site\/wp-content\/uploads\/2018\/03\/12-300x174.jpg 300w, https:\/\/ubanews.com\/site\/wp-content\/uploads\/2018\/03\/12-768x446.jpg 768w, https:\/\/ubanews.com\/site\/wp-content\/uploads\/2018\/03\/12-1024x594.jpg 1024w\" data-sizes=\"(max-width: 4272px) 100vw, 4272px\" src=\"data:image\/svg+xml;base64,PHN2ZyB3aWR0aD0iMSIgaGVpZ2h0PSIxIiB4bWxucz0iaHR0cDovL3d3dy53My5vcmcvMjAwMC9zdmciPjwvc3ZnPg==\" style=\"--smush-placeholder-width: 4272px; --smush-placeholder-aspect-ratio: 4272\/2480;\" \/><\/p>\n<p>&nbsp; &nbsp; &nbsp; &nbsp; &nbsp; &nbsp;Jos\u00e9 Mariano da Silva (51) seguia de Rodeiro com destino a Pira\u00faba debaixo de um forte temporal, quando na altura do KM17, Rodovia LMG 850, houve a queda de um eucalipto no momento em que ele passava, conduzindo o ve\u00edculo um Celta cinza, placa HIR 8082 \u2013 Pira\u00faba MG. Jos\u00e9 Mariano morreu no local, enquanto os dois passageiros que seguiam em sua companhia que s\u00e3o eles: Antonio Carlos Mariano (41) e Geraldo Tavares Mariano (43) sofreram apenas ferimentos leves. Ambos foram socorridos para o hospital de Pira\u00faba, onde permanecem internados em observa\u00e7\u00e3o. As vitimas s\u00e3o da cidade de Pira\u00faba. A Pol\u00edcia Rodoviaria Estadual, o Corpo de Bombeiros, SAMU e a Per\u00edcia T\u00e9cnica estiveram no local realizando o trabalho de praxe.<\/p>\n<p>&nbsp;&nbsp;&nbsp;&nbsp;&nbsp;&nbsp;&nbsp;&nbsp;&nbsp;&nbsp;&nbsp;&nbsp; Fonte: Pol\u00edcia Rodovi\u00e1ria Estadual.<\/p>\n","protected":false},"excerpt":{"rendered":"<p>&nbsp; &nbsp; &nbsp; &nbsp; &nbsp; &nbsp;Jos\u00e9 Mariano da Silva (51)<\/p>\n","protected":false},"author":2,"featured_media":401,"comment_status":"open","ping_status":"open","sticky":false,"template":"","format":"standard","meta":{"footnotes":""},"categories":[1],"tags":[],"class_list":["post-400","post","type-post","status-publish","format-standard","has-post-thumbnail","hentry","category-sem-categoria"],"yoast_head":"<!-- This site is optimized with the Yoast SEO plugin v27.2 - https:\/\/yoast.com\/product\/yoast-seo-wordpress\/ -->\n<title>Queda de \u00e1rvore mata motorista que voltava do trabalho para casa - Ub\u00e1 News<\/title>\n<meta name=\"robots\" content=\"index, follow, max-snippet:-1, max-image-preview:large, max-video-preview:-1\" \/>\n<link rel=\"canonical\" href=\"https:\/\/ubanews.com\/site\/2018\/03\/02\/queda-de-arvore-mata-motorista-que-voltava-do-trabalho-para-casa\/\" \/>\n<meta property=\"og:locale\" content=\"pt_BR\" \/>\n<meta property=\"og:type\" content=\"article\" \/>\n<meta property=\"og:title\" content=\"Queda de \u00e1rvore mata motorista que voltava do trabalho para casa - Ub\u00e1 News\" \/>\n<meta property=\"og:description\" content=\"&nbsp; &nbsp; &nbsp; &nbsp; &nbsp; &nbsp;Jos\u00e9 Mariano da Silva (51)\" \/>\n<meta property=\"og:url\" content=\"https:\/\/ubanews.com\/site\/2018\/03\/02\/queda-de-arvore-mata-motorista-que-voltava-do-trabalho-para-casa\/\" \/>\n<meta property=\"og:site_name\" content=\"Ub\u00e1 News\" \/>\n<meta property=\"article:publisher\" content=\"https:\/\/www.facebook.com\/Ub%c3%a1News-Carlos-Roberto-Sodr%c3%a9-418778301977370\" \/>\n<meta property=\"article:author\" content=\"https:\/\/www.facebook.com\/carosroberto.sodre.5\/\" \/>\n<meta property=\"article:published_time\" content=\"2018-03-03T02:57:44+00:00\" \/>\n<meta property=\"article:modified_time\" content=\"2018-03-05T10:52:32+00:00\" \/>\n<meta property=\"og:image\" content=\"https:\/\/ubanews.com\/site\/wp-content\/uploads\/2018\/03\/1-3.jpg\" \/>\n\t<meta property=\"og:image:width\" content=\"800\" \/>\n\t<meta property=\"og:image:height\" content=\"464\" \/>\n\t<meta property=\"og:image:type\" content=\"image\/jpeg\" \/>\n<meta name=\"author\" content=\"Sodr\u00e9\" \/>\n<meta name=\"twitter:card\" content=\"summary_large_image\" \/>\n<meta name=\"twitter:label1\" content=\"Escrito por\" \/>\n\t<meta name=\"twitter:data1\" content=\"Sodr\u00e9\" \/>\n\t<meta name=\"twitter:label2\" content=\"Est. tempo de leitura\" \/>\n\t<meta name=\"twitter:data2\" content=\"1 minuto\" \/>\n<script type=\"application\/ld+json\" class=\"yoast-schema-graph\">{\"@context\":\"https:\/\/schema.org\",\"@graph\":[{\"@type\":\"Article\",\"@id\":\"https:\/\/ubanews.com\/site\/2018\/03\/02\/queda-de-arvore-mata-motorista-que-voltava-do-trabalho-para-casa\/#article\",\"isPartOf\":{\"@id\":\"https:\/\/ubanews.com\/site\/2018\/03\/02\/queda-de-arvore-mata-motorista-que-voltava-do-trabalho-para-casa\/\"},\"author\":{\"name\":\"Sodr\u00e9\",\"@id\":\"https:\/\/ubanews.com\/site\/#\/schema\/person\/d90c9e47252fbb63dcc969fe4c8b9d10\"},\"headline\":\"Queda de \u00e1rvore mata motorista que voltava do trabalho para casa\",\"datePublished\":\"2018-03-03T02:57:44+00:00\",\"dateModified\":\"2018-03-05T10:52:32+00:00\",\"mainEntityOfPage\":{\"@id\":\"https:\/\/ubanews.com\/site\/2018\/03\/02\/queda-de-arvore-mata-motorista-que-voltava-do-trabalho-para-casa\/\"},\"wordCount\":160,\"commentCount\":0,\"publisher\":{\"@id\":\"https:\/\/ubanews.com\/site\/#organization\"},\"image\":{\"@id\":\"https:\/\/ubanews.com\/site\/2018\/03\/02\/queda-de-arvore-mata-motorista-que-voltava-do-trabalho-para-casa\/#primaryimage\"},\"thumbnailUrl\":\"https:\/\/ubanews.com\/site\/wp-content\/uploads\/2018\/03\/1-3.jpg\",\"articleSection\":[\"Geral\"],\"inLanguage\":\"pt-BR\",\"potentialAction\":[{\"@type\":\"CommentAction\",\"name\":\"Comment\",\"target\":[\"https:\/\/ubanews.com\/site\/2018\/03\/02\/queda-de-arvore-mata-motorista-que-voltava-do-trabalho-para-casa\/#respond\"]}]},{\"@type\":\"WebPage\",\"@id\":\"https:\/\/ubanews.com\/site\/2018\/03\/02\/queda-de-arvore-mata-motorista-que-voltava-do-trabalho-para-casa\/\",\"url\":\"https:\/\/ubanews.com\/site\/2018\/03\/02\/queda-de-arvore-mata-motorista-que-voltava-do-trabalho-para-casa\/\",\"name\":\"Queda de \u00e1rvore mata motorista que voltava do trabalho para casa - Ub\u00e1 News\",\"isPartOf\":{\"@id\":\"https:\/\/ubanews.com\/site\/#website\"},\"primaryImageOfPage\":{\"@id\":\"https:\/\/ubanews.com\/site\/2018\/03\/02\/queda-de-arvore-mata-motorista-que-voltava-do-trabalho-para-casa\/#primaryimage\"},\"image\":{\"@id\":\"https:\/\/ubanews.com\/site\/2018\/03\/02\/queda-de-arvore-mata-motorista-que-voltava-do-trabalho-para-casa\/#primaryimage\"},\"thumbnailUrl\":\"https:\/\/ubanews.com\/site\/wp-content\/uploads\/2018\/03\/1-3.jpg\",\"datePublished\":\"2018-03-03T02:57:44+00:00\",\"dateModified\":\"2018-03-05T10:52:32+00:00\",\"breadcrumb\":{\"@id\":\"https:\/\/ubanews.com\/site\/2018\/03\/02\/queda-de-arvore-mata-motorista-que-voltava-do-trabalho-para-casa\/#breadcrumb\"},\"inLanguage\":\"pt-BR\",\"potentialAction\":[{\"@type\":\"ReadAction\",\"target\":[\"https:\/\/ubanews.com\/site\/2018\/03\/02\/queda-de-arvore-mata-motorista-que-voltava-do-trabalho-para-casa\/\"]}]},{\"@type\":\"ImageObject\",\"inLanguage\":\"pt-BR\",\"@id\":\"https:\/\/ubanews.com\/site\/2018\/03\/02\/queda-de-arvore-mata-motorista-que-voltava-do-trabalho-para-casa\/#primaryimage\",\"url\":\"https:\/\/ubanews.com\/site\/wp-content\/uploads\/2018\/03\/1-3.jpg\",\"contentUrl\":\"https:\/\/ubanews.com\/site\/wp-content\/uploads\/2018\/03\/1-3.jpg\",\"width\":800,\"height\":464},{\"@type\":\"BreadcrumbList\",\"@id\":\"https:\/\/ubanews.com\/site\/2018\/03\/02\/queda-de-arvore-mata-motorista-que-voltava-do-trabalho-para-casa\/#breadcrumb\",\"itemListElement\":[{\"@type\":\"ListItem\",\"position\":1,\"name\":\"Home\",\"item\":\"https:\/\/ubanews.com\/site\/\"},{\"@type\":\"ListItem\",\"position\":2,\"name\":\"Queda de \u00e1rvore mata motorista que voltava do trabalho para casa\"}]},{\"@type\":\"WebSite\",\"@id\":\"https:\/\/ubanews.com\/site\/#website\",\"url\":\"https:\/\/ubanews.com\/site\/\",\"name\":\"Ub\u00e1 News\",\"description\":\"\",\"publisher\":{\"@id\":\"https:\/\/ubanews.com\/site\/#organization\"},\"potentialAction\":[{\"@type\":\"SearchAction\",\"target\":{\"@type\":\"EntryPoint\",\"urlTemplate\":\"https:\/\/ubanews.com\/site\/?s={search_term_string}\"},\"query-input\":{\"@type\":\"PropertyValueSpecification\",\"valueRequired\":true,\"valueName\":\"search_term_string\"}}],\"inLanguage\":\"pt-BR\"},{\"@type\":\"Organization\",\"@id\":\"https:\/\/ubanews.com\/site\/#organization\",\"name\":\"Ub\u00e1 News\",\"url\":\"https:\/\/ubanews.com\/site\/\",\"logo\":{\"@type\":\"ImageObject\",\"inLanguage\":\"pt-BR\",\"@id\":\"https:\/\/ubanews.com\/site\/#\/schema\/logo\/image\/\",\"url\":\"https:\/\/ubanews.com\/site\/wp-content\/uploads\/2018\/01\/logoubanews.png\",\"contentUrl\":\"https:\/\/ubanews.com\/site\/wp-content\/uploads\/2018\/01\/logoubanews.png\",\"width\":261,\"height\":99,\"caption\":\"Ub\u00e1 News\"},\"image\":{\"@id\":\"https:\/\/ubanews.com\/site\/#\/schema\/logo\/image\/\"},\"sameAs\":[\"https:\/\/www.facebook.com\/Ub\u00e1News-Carlos-Roberto-Sodr\u00e9-418778301977370\"]},{\"@type\":\"Person\",\"@id\":\"https:\/\/ubanews.com\/site\/#\/schema\/person\/d90c9e47252fbb63dcc969fe4c8b9d10\",\"name\":\"Sodr\u00e9\",\"image\":{\"@type\":\"ImageObject\",\"inLanguage\":\"pt-BR\",\"@id\":\"https:\/\/secure.gravatar.com\/avatar\/5ba2793f0590b9dbfad3fdec4ee714485b3eef211c9b32ee53d414060454a56c?s=96&d=mm&r=g\",\"url\":\"https:\/\/secure.gravatar.com\/avatar\/5ba2793f0590b9dbfad3fdec4ee714485b3eef211c9b32ee53d414060454a56c?s=96&d=mm&r=g\",\"contentUrl\":\"https:\/\/secure.gravatar.com\/avatar\/5ba2793f0590b9dbfad3fdec4ee714485b3eef211c9b32ee53d414060454a56c?s=96&d=mm&r=g\",\"caption\":\"Sodr\u00e9\"},\"sameAs\":[\"https:\/\/www.facebook.com\/carosroberto.sodre.5\/\"],\"url\":\"https:\/\/ubanews.com\/site\/author\/felipe\/\"}]}<\/script>\n<!-- \/ Yoast SEO plugin. -->","yoast_head_json":{"title":"Queda de \u00e1rvore mata motorista que voltava do trabalho para casa - Ub\u00e1 News","robots":{"index":"index","follow":"follow","max-snippet":"max-snippet:-1","max-image-preview":"max-image-preview:large","max-video-preview":"max-video-preview:-1"},"canonical":"https:\/\/ubanews.com\/site\/2018\/03\/02\/queda-de-arvore-mata-motorista-que-voltava-do-trabalho-para-casa\/","og_locale":"pt_BR","og_type":"article","og_title":"Queda de \u00e1rvore mata motorista que voltava do trabalho para casa - Ub\u00e1 News","og_description":"&nbsp; &nbsp; &nbsp; &nbsp; &nbsp; &nbsp;Jos\u00e9 Mariano da Silva (51)","og_url":"https:\/\/ubanews.com\/site\/2018\/03\/02\/queda-de-arvore-mata-motorista-que-voltava-do-trabalho-para-casa\/","og_site_name":"Ub\u00e1 News","article_publisher":"https:\/\/www.facebook.com\/Ub%c3%a1News-Carlos-Roberto-Sodr%c3%a9-418778301977370","article_author":"https:\/\/www.facebook.com\/carosroberto.sodre.5\/","article_published_time":"2018-03-03T02:57:44+00:00","article_modified_time":"2018-03-05T10:52:32+00:00","og_image":[{"width":800,"height":464,"url":"https:\/\/ubanews.com\/site\/wp-content\/uploads\/2018\/03\/1-3.jpg","type":"image\/jpeg"}],"author":"Sodr\u00e9","twitter_card":"summary_large_image","twitter_misc":{"Escrito por":"Sodr\u00e9","Est. tempo de leitura":"1 minuto"},"schema":{"@context":"https:\/\/schema.org","@graph":[{"@type":"Article","@id":"https:\/\/ubanews.com\/site\/2018\/03\/02\/queda-de-arvore-mata-motorista-que-voltava-do-trabalho-para-casa\/#article","isPartOf":{"@id":"https:\/\/ubanews.com\/site\/2018\/03\/02\/queda-de-arvore-mata-motorista-que-voltava-do-trabalho-para-casa\/"},"author":{"name":"Sodr\u00e9","@id":"https:\/\/ubanews.com\/site\/#\/schema\/person\/d90c9e47252fbb63dcc969fe4c8b9d10"},"headline":"Queda de \u00e1rvore mata motorista que voltava do trabalho para casa","datePublished":"2018-03-03T02:57:44+00:00","dateModified":"2018-03-05T10:52:32+00:00","mainEntityOfPage":{"@id":"https:\/\/ubanews.com\/site\/2018\/03\/02\/queda-de-arvore-mata-motorista-que-voltava-do-trabalho-para-casa\/"},"wordCount":160,"commentCount":0,"publisher":{"@id":"https:\/\/ubanews.com\/site\/#organization"},"image":{"@id":"https:\/\/ubanews.com\/site\/2018\/03\/02\/queda-de-arvore-mata-motorista-que-voltava-do-trabalho-para-casa\/#primaryimage"},"thumbnailUrl":"https:\/\/ubanews.com\/site\/wp-content\/uploads\/2018\/03\/1-3.jpg","articleSection":["Geral"],"inLanguage":"pt-BR","potentialAction":[{"@type":"CommentAction","name":"Comment","target":["https:\/\/ubanews.com\/site\/2018\/03\/02\/queda-de-arvore-mata-motorista-que-voltava-do-trabalho-para-casa\/#respond"]}]},{"@type":"WebPage","@id":"https:\/\/ubanews.com\/site\/2018\/03\/02\/queda-de-arvore-mata-motorista-que-voltava-do-trabalho-para-casa\/","url":"https:\/\/ubanews.com\/site\/2018\/03\/02\/queda-de-arvore-mata-motorista-que-voltava-do-trabalho-para-casa\/","name":"Queda de \u00e1rvore mata motorista que voltava do trabalho para casa - Ub\u00e1 News","isPartOf":{"@id":"https:\/\/ubanews.com\/site\/#website"},"primaryImageOfPage":{"@id":"https:\/\/ubanews.com\/site\/2018\/03\/02\/queda-de-arvore-mata-motorista-que-voltava-do-trabalho-para-casa\/#primaryimage"},"image":{"@id":"https:\/\/ubanews.com\/site\/2018\/03\/02\/queda-de-arvore-mata-motorista-que-voltava-do-trabalho-para-casa\/#primaryimage"},"thumbnailUrl":"https:\/\/ubanews.com\/site\/wp-content\/uploads\/2018\/03\/1-3.jpg","datePublished":"2018-03-03T02:57:44+00:00","dateModified":"2018-03-05T10:52:32+00:00","breadcrumb":{"@id":"https:\/\/ubanews.com\/site\/2018\/03\/02\/queda-de-arvore-mata-motorista-que-voltava-do-trabalho-para-casa\/#breadcrumb"},"inLanguage":"pt-BR","potentialAction":[{"@type":"ReadAction","target":["https:\/\/ubanews.com\/site\/2018\/03\/02\/queda-de-arvore-mata-motorista-que-voltava-do-trabalho-para-casa\/"]}]},{"@type":"ImageObject","inLanguage":"pt-BR","@id":"https:\/\/ubanews.com\/site\/2018\/03\/02\/queda-de-arvore-mata-motorista-que-voltava-do-trabalho-para-casa\/#primaryimage","url":"https:\/\/ubanews.com\/site\/wp-content\/uploads\/2018\/03\/1-3.jpg","contentUrl":"https:\/\/ubanews.com\/site\/wp-content\/uploads\/2018\/03\/1-3.jpg","width":800,"height":464},{"@type":"BreadcrumbList","@id":"https:\/\/ubanews.com\/site\/2018\/03\/02\/queda-de-arvore-mata-motorista-que-voltava-do-trabalho-para-casa\/#breadcrumb","itemListElement":[{"@type":"ListItem","position":1,"name":"Home","item":"https:\/\/ubanews.com\/site\/"},{"@type":"ListItem","position":2,"name":"Queda de \u00e1rvore mata motorista que voltava do trabalho para casa"}]},{"@type":"WebSite","@id":"https:\/\/ubanews.com\/site\/#website","url":"https:\/\/ubanews.com\/site\/","name":"Ub\u00e1 News","description":"","publisher":{"@id":"https:\/\/ubanews.com\/site\/#organization"},"potentialAction":[{"@type":"SearchAction","target":{"@type":"EntryPoint","urlTemplate":"https:\/\/ubanews.com\/site\/?s={search_term_string}"},"query-input":{"@type":"PropertyValueSpecification","valueRequired":true,"valueName":"search_term_string"}}],"inLanguage":"pt-BR"},{"@type":"Organization","@id":"https:\/\/ubanews.com\/site\/#organization","name":"Ub\u00e1 News","url":"https:\/\/ubanews.com\/site\/","logo":{"@type":"ImageObject","inLanguage":"pt-BR","@id":"https:\/\/ubanews.com\/site\/#\/schema\/logo\/image\/","url":"https:\/\/ubanews.com\/site\/wp-content\/uploads\/2018\/01\/logoubanews.png","contentUrl":"https:\/\/ubanews.com\/site\/wp-content\/uploads\/2018\/01\/logoubanews.png","width":261,"height":99,"caption":"Ub\u00e1 News"},"image":{"@id":"https:\/\/ubanews.com\/site\/#\/schema\/logo\/image\/"},"sameAs":["https:\/\/www.facebook.com\/Ub\u00e1News-Carlos-Roberto-Sodr\u00e9-418778301977370"]},{"@type":"Person","@id":"https:\/\/ubanews.com\/site\/#\/schema\/person\/d90c9e47252fbb63dcc969fe4c8b9d10","name":"Sodr\u00e9","image":{"@type":"ImageObject","inLanguage":"pt-BR","@id":"https:\/\/secure.gravatar.com\/avatar\/5ba2793f0590b9dbfad3fdec4ee714485b3eef211c9b32ee53d414060454a56c?s=96&d=mm&r=g","url":"https:\/\/secure.gravatar.com\/avatar\/5ba2793f0590b9dbfad3fdec4ee714485b3eef211c9b32ee53d414060454a56c?s=96&d=mm&r=g","contentUrl":"https:\/\/secure.gravatar.com\/avatar\/5ba2793f0590b9dbfad3fdec4ee714485b3eef211c9b32ee53d414060454a56c?s=96&d=mm&r=g","caption":"Sodr\u00e9"},"sameAs":["https:\/\/www.facebook.com\/carosroberto.sodre.5\/"],"url":"https:\/\/ubanews.com\/site\/author\/felipe\/"}]}},"_links":{"self":[{"href":"https:\/\/ubanews.com\/site\/wp-json\/wp\/v2\/posts\/400","targetHints":{"allow":["GET"]}}],"collection":[{"href":"https:\/\/ubanews.com\/site\/wp-json\/wp\/v2\/posts"}],"about":[{"href":"https:\/\/ubanews.com\/site\/wp-json\/wp\/v2\/types\/post"}],"author":[{"embeddable":true,"href":"https:\/\/ubanews.com\/site\/wp-json\/wp\/v2\/users\/2"}],"replies":[{"embeddable":true,"href":"https:\/\/ubanews.com\/site\/wp-json\/wp\/v2\/comments?post=400"}],"version-history":[{"count":0,"href":"https:\/\/ubanews.com\/site\/wp-json\/wp\/v2\/posts\/400\/revisions"}],"wp:featuredmedia":[{"embeddable":true,"href":"https:\/\/ubanews.com\/site\/wp-json\/wp\/v2\/media\/401"}],"wp:attachment":[{"href":"https:\/\/ubanews.com\/site\/wp-json\/wp\/v2\/media?parent=400"}],"wp:term":[{"taxonomy":"category","embeddable":true,"href":"https:\/\/ubanews.com\/site\/wp-json\/wp\/v2\/categories?post=400"},{"taxonomy":"post_tag","embeddable":true,"href":"https:\/\/ubanews.com\/site\/wp-json\/wp\/v2\/tags?post=400"}],"curies":[{"name":"wp","href":"https:\/\/api.w.org\/{rel}","templated":true}]}}