{"id":3913,"date":"2018-05-22T16:19:13","date_gmt":"2018-05-22T19:19:13","guid":{"rendered":"http:\/\/ubanews.com\/site\/?p=3913"},"modified":"2018-05-24T12:27:59","modified_gmt":"2018-05-24T15:27:59","slug":"uba-comemora-hoje-120-anos-da-banda-22-de-maio-1898_2018","status":"publish","type":"post","link":"https:\/\/ubanews.com\/site\/2018\/05\/22\/uba-comemora-hoje-120-anos-da-banda-22-de-maio-1898_2018\/","title":{"rendered":"Ub\u00e1 comemora hoje 120 anos da Banda 22 de Maio (1898_2018)"},"content":{"rendered":"<p><img decoding=\"async\" class=\"alignnone size-full wp-image-3914 lazyload\" data-src=\"https:\/\/ubanews.com\/site\/wp-content\/uploads\/2018\/05\/1-4.jpeg\" alt=\"\" width=\"720\" height=\"558\" data-srcset=\"https:\/\/ubanews.com\/site\/wp-content\/uploads\/2018\/05\/1-4.jpeg 720w, https:\/\/ubanews.com\/site\/wp-content\/uploads\/2018\/05\/1-4-300x233.jpeg 300w\" data-sizes=\"(max-width: 720px) 100vw, 720px\" src=\"data:image\/svg+xml;base64,PHN2ZyB3aWR0aD0iMSIgaGVpZ2h0PSIxIiB4bWxucz0iaHR0cDovL3d3dy53My5vcmcvMjAwMC9zdmciPjwvc3ZnPg==\" style=\"--smush-placeholder-width: 720px; --smush-placeholder-aspect-ratio: 720\/558;\" \/> <img decoding=\"async\" class=\"alignnone size-full wp-image-3915 lazyload\" data-src=\"https:\/\/ubanews.com\/site\/wp-content\/uploads\/2018\/05\/2-4.jpeg\" alt=\"\" width=\"640\" height=\"471\" data-srcset=\"https:\/\/ubanews.com\/site\/wp-content\/uploads\/2018\/05\/2-4.jpeg 640w, https:\/\/ubanews.com\/site\/wp-content\/uploads\/2018\/05\/2-4-300x221.jpeg 300w\" data-sizes=\"(max-width: 640px) 100vw, 640px\" src=\"data:image\/svg+xml;base64,PHN2ZyB3aWR0aD0iMSIgaGVpZ2h0PSIxIiB4bWxucz0iaHR0cDovL3d3dy53My5vcmcvMjAwMC9zdmciPjwvc3ZnPg==\" style=\"--smush-placeholder-width: 640px; --smush-placeholder-aspect-ratio: 640\/471;\" \/> <img decoding=\"async\" class=\"alignnone size-full wp-image-3917 lazyload\" data-src=\"https:\/\/ubanews.com\/site\/wp-content\/uploads\/2018\/05\/4.jpeg\" alt=\"\" width=\"720\" height=\"489\" data-srcset=\"https:\/\/ubanews.com\/site\/wp-content\/uploads\/2018\/05\/4.jpeg 720w, https:\/\/ubanews.com\/site\/wp-content\/uploads\/2018\/05\/4-300x204.jpeg 300w\" data-sizes=\"(max-width: 720px) 100vw, 720px\" src=\"data:image\/svg+xml;base64,PHN2ZyB3aWR0aD0iMSIgaGVpZ2h0PSIxIiB4bWxucz0iaHR0cDovL3d3dy53My5vcmcvMjAwMC9zdmciPjwvc3ZnPg==\" style=\"--smush-placeholder-width: 720px; --smush-placeholder-aspect-ratio: 720\/489;\" \/><\/p>\n<p>Considerada Patrim\u00f4nio Cultural de Ub\u00e1,&nbsp; A Sociedade Musical e Cultura 22 de Maio faz parte dos bons momentos de gera\u00e7\u00f5es de Ubaenses.<\/p>\n<p>Do per\u00edodo Carnaval, passando pelas Coroacoes \u00e0 Nossa Senhora,&nbsp; no m\u00eas de Maio, desfilando na Semana Da P\u00e1tria e abrilhantado as prociss\u00f5es dos nossos Padroeiros S\u00e3o Janu\u00e1rio&nbsp; (19 de setembro) e Nossa Senhora do Ros\u00e1rio&nbsp; (07 de outubro), a centen\u00e1ria Banda 22 de Maio sempre alegrou os cora\u00e7\u00f5es do povo Ubaense!<\/p>\n<p>Sua historia \u00e9 recheada de trof\u00e9us e RETRETA s, atrav\u00e9s dos grandes Encontros de Bandas.<\/p>\n<p>De Ary Barroso a VALOZ David, centenas de nomes importantes de m\u00fasicos ajudaram e ajudam escrever a brilhante hist\u00f3ria Cultural desta importante Corpora\u00e7\u00e3o Musical Ubaense!<\/p>\n<p>Hoje n\u00e3o ouvi a tradicional Alvorada musical. Mesmo sem festa, n\u00f3s Ubaenses devemos e temos orgulho de aplaudir o Anivers\u00e1rio de 120 anos da Banda 22 de Maio _Patrim\u00f4nio Cultural do munic\u00edpio de Ub\u00e1!<\/p>\n<p>Que Santa Cec\u00edlia _ Patroeira da M\u00fasica, juntamente com nossos Padroeiros S\u00e3o Janu\u00c1rio e Nossa Senhora do ROS\u00c1RIO aben\u00e7oe \u00e0 TODOS desta linda Fam\u00edlia de m\u00fasicos da Banda 22 de Maio!<\/p>\n<p>VIVA a gloriosa Banda 22 de Maio!<\/p>\n<p><strong>Texto: Levindo Barros<\/strong><\/p>\n<p><strong>Fotos: Arquivos Historicos<\/strong><\/p>\n","protected":false},"excerpt":{"rendered":"<p>Considerada Patrim\u00f4nio Cultural de Ub\u00e1,&nbsp; A Sociedade Musical e Cultura<\/p>\n","protected":false},"author":2,"featured_media":3916,"comment_status":"open","ping_status":"open","sticky":false,"template":"","format":"standard","meta":{"footnotes":""},"categories":[1],"tags":[],"class_list":["post-3913","post","type-post","status-publish","format-standard","has-post-thumbnail","hentry","category-sem-categoria"],"yoast_head":"<!-- This site is optimized with the Yoast SEO plugin v27.2 - https:\/\/yoast.com\/product\/yoast-seo-wordpress\/ -->\n<title>Ub\u00e1 comemora hoje 120 anos da Banda 22 de Maio (1898_2018) - Ub\u00e1 News<\/title>\n<meta name=\"robots\" content=\"index, follow, max-snippet:-1, max-image-preview:large, max-video-preview:-1\" \/>\n<link rel=\"canonical\" href=\"https:\/\/ubanews.com\/site\/2018\/05\/22\/uba-comemora-hoje-120-anos-da-banda-22-de-maio-1898_2018\/\" \/>\n<meta property=\"og:locale\" content=\"pt_BR\" \/>\n<meta property=\"og:type\" content=\"article\" \/>\n<meta property=\"og:title\" content=\"Ub\u00e1 comemora hoje 120 anos da Banda 22 de Maio (1898_2018) - Ub\u00e1 News\" \/>\n<meta property=\"og:description\" content=\"Considerada Patrim\u00f4nio Cultural de Ub\u00e1,&nbsp; A Sociedade Musical e Cultura\" \/>\n<meta property=\"og:url\" content=\"https:\/\/ubanews.com\/site\/2018\/05\/22\/uba-comemora-hoje-120-anos-da-banda-22-de-maio-1898_2018\/\" \/>\n<meta property=\"og:site_name\" content=\"Ub\u00e1 News\" \/>\n<meta property=\"article:publisher\" content=\"https:\/\/www.facebook.com\/Ub%c3%a1News-Carlos-Roberto-Sodr%c3%a9-418778301977370\" \/>\n<meta property=\"article:author\" content=\"https:\/\/www.facebook.com\/carosroberto.sodre.5\/\" \/>\n<meta property=\"article:published_time\" content=\"2018-05-22T19:19:13+00:00\" \/>\n<meta property=\"article:modified_time\" content=\"2018-05-24T15:27:59+00:00\" \/>\n<meta property=\"og:image\" content=\"https:\/\/ubanews.com\/site\/wp-content\/uploads\/2018\/05\/3-1.jpeg\" \/>\n\t<meta property=\"og:image:width\" content=\"720\" \/>\n\t<meta property=\"og:image:height\" content=\"521\" \/>\n\t<meta property=\"og:image:type\" content=\"image\/jpeg\" \/>\n<meta name=\"author\" content=\"Sodr\u00e9\" \/>\n<meta name=\"twitter:card\" content=\"summary_large_image\" \/>\n<meta name=\"twitter:label1\" content=\"Escrito por\" \/>\n\t<meta name=\"twitter:data1\" content=\"Sodr\u00e9\" \/>\n\t<meta name=\"twitter:label2\" content=\"Est. tempo de leitura\" \/>\n\t<meta name=\"twitter:data2\" content=\"1 minuto\" \/>\n<script type=\"application\/ld+json\" class=\"yoast-schema-graph\">{\"@context\":\"https:\/\/schema.org\",\"@graph\":[{\"@type\":\"Article\",\"@id\":\"https:\/\/ubanews.com\/site\/2018\/05\/22\/uba-comemora-hoje-120-anos-da-banda-22-de-maio-1898_2018\/#article\",\"isPartOf\":{\"@id\":\"https:\/\/ubanews.com\/site\/2018\/05\/22\/uba-comemora-hoje-120-anos-da-banda-22-de-maio-1898_2018\/\"},\"author\":{\"name\":\"Sodr\u00e9\",\"@id\":\"https:\/\/ubanews.com\/site\/#\/schema\/person\/d90c9e47252fbb63dcc969fe4c8b9d10\"},\"headline\":\"Ub\u00e1 comemora hoje 120 anos da Banda 22 de Maio (1898_2018)\",\"datePublished\":\"2018-05-22T19:19:13+00:00\",\"dateModified\":\"2018-05-24T15:27:59+00:00\",\"mainEntityOfPage\":{\"@id\":\"https:\/\/ubanews.com\/site\/2018\/05\/22\/uba-comemora-hoje-120-anos-da-banda-22-de-maio-1898_2018\/\"},\"wordCount\":220,\"commentCount\":1,\"publisher\":{\"@id\":\"https:\/\/ubanews.com\/site\/#organization\"},\"image\":{\"@id\":\"https:\/\/ubanews.com\/site\/2018\/05\/22\/uba-comemora-hoje-120-anos-da-banda-22-de-maio-1898_2018\/#primaryimage\"},\"thumbnailUrl\":\"https:\/\/ubanews.com\/site\/wp-content\/uploads\/2018\/05\/3-1.jpeg\",\"articleSection\":[\"Geral\"],\"inLanguage\":\"pt-BR\",\"potentialAction\":[{\"@type\":\"CommentAction\",\"name\":\"Comment\",\"target\":[\"https:\/\/ubanews.com\/site\/2018\/05\/22\/uba-comemora-hoje-120-anos-da-banda-22-de-maio-1898_2018\/#respond\"]}]},{\"@type\":\"WebPage\",\"@id\":\"https:\/\/ubanews.com\/site\/2018\/05\/22\/uba-comemora-hoje-120-anos-da-banda-22-de-maio-1898_2018\/\",\"url\":\"https:\/\/ubanews.com\/site\/2018\/05\/22\/uba-comemora-hoje-120-anos-da-banda-22-de-maio-1898_2018\/\",\"name\":\"Ub\u00e1 comemora hoje 120 anos da Banda 22 de Maio (1898_2018) - Ub\u00e1 News\",\"isPartOf\":{\"@id\":\"https:\/\/ubanews.com\/site\/#website\"},\"primaryImageOfPage\":{\"@id\":\"https:\/\/ubanews.com\/site\/2018\/05\/22\/uba-comemora-hoje-120-anos-da-banda-22-de-maio-1898_2018\/#primaryimage\"},\"image\":{\"@id\":\"https:\/\/ubanews.com\/site\/2018\/05\/22\/uba-comemora-hoje-120-anos-da-banda-22-de-maio-1898_2018\/#primaryimage\"},\"thumbnailUrl\":\"https:\/\/ubanews.com\/site\/wp-content\/uploads\/2018\/05\/3-1.jpeg\",\"datePublished\":\"2018-05-22T19:19:13+00:00\",\"dateModified\":\"2018-05-24T15:27:59+00:00\",\"breadcrumb\":{\"@id\":\"https:\/\/ubanews.com\/site\/2018\/05\/22\/uba-comemora-hoje-120-anos-da-banda-22-de-maio-1898_2018\/#breadcrumb\"},\"inLanguage\":\"pt-BR\",\"potentialAction\":[{\"@type\":\"ReadAction\",\"target\":[\"https:\/\/ubanews.com\/site\/2018\/05\/22\/uba-comemora-hoje-120-anos-da-banda-22-de-maio-1898_2018\/\"]}]},{\"@type\":\"ImageObject\",\"inLanguage\":\"pt-BR\",\"@id\":\"https:\/\/ubanews.com\/site\/2018\/05\/22\/uba-comemora-hoje-120-anos-da-banda-22-de-maio-1898_2018\/#primaryimage\",\"url\":\"https:\/\/ubanews.com\/site\/wp-content\/uploads\/2018\/05\/3-1.jpeg\",\"contentUrl\":\"https:\/\/ubanews.com\/site\/wp-content\/uploads\/2018\/05\/3-1.jpeg\",\"width\":720,\"height\":521},{\"@type\":\"BreadcrumbList\",\"@id\":\"https:\/\/ubanews.com\/site\/2018\/05\/22\/uba-comemora-hoje-120-anos-da-banda-22-de-maio-1898_2018\/#breadcrumb\",\"itemListElement\":[{\"@type\":\"ListItem\",\"position\":1,\"name\":\"Home\",\"item\":\"https:\/\/ubanews.com\/site\/\"},{\"@type\":\"ListItem\",\"position\":2,\"name\":\"Ub\u00e1 comemora hoje 120 anos da Banda 22 de Maio (1898_2018)\"}]},{\"@type\":\"WebSite\",\"@id\":\"https:\/\/ubanews.com\/site\/#website\",\"url\":\"https:\/\/ubanews.com\/site\/\",\"name\":\"Ub\u00e1 News\",\"description\":\"\",\"publisher\":{\"@id\":\"https:\/\/ubanews.com\/site\/#organization\"},\"potentialAction\":[{\"@type\":\"SearchAction\",\"target\":{\"@type\":\"EntryPoint\",\"urlTemplate\":\"https:\/\/ubanews.com\/site\/?s={search_term_string}\"},\"query-input\":{\"@type\":\"PropertyValueSpecification\",\"valueRequired\":true,\"valueName\":\"search_term_string\"}}],\"inLanguage\":\"pt-BR\"},{\"@type\":\"Organization\",\"@id\":\"https:\/\/ubanews.com\/site\/#organization\",\"name\":\"Ub\u00e1 News\",\"url\":\"https:\/\/ubanews.com\/site\/\",\"logo\":{\"@type\":\"ImageObject\",\"inLanguage\":\"pt-BR\",\"@id\":\"https:\/\/ubanews.com\/site\/#\/schema\/logo\/image\/\",\"url\":\"https:\/\/ubanews.com\/site\/wp-content\/uploads\/2018\/01\/logoubanews.png\",\"contentUrl\":\"https:\/\/ubanews.com\/site\/wp-content\/uploads\/2018\/01\/logoubanews.png\",\"width\":261,\"height\":99,\"caption\":\"Ub\u00e1 News\"},\"image\":{\"@id\":\"https:\/\/ubanews.com\/site\/#\/schema\/logo\/image\/\"},\"sameAs\":[\"https:\/\/www.facebook.com\/Ub\u00e1News-Carlos-Roberto-Sodr\u00e9-418778301977370\"]},{\"@type\":\"Person\",\"@id\":\"https:\/\/ubanews.com\/site\/#\/schema\/person\/d90c9e47252fbb63dcc969fe4c8b9d10\",\"name\":\"Sodr\u00e9\",\"image\":{\"@type\":\"ImageObject\",\"inLanguage\":\"pt-BR\",\"@id\":\"https:\/\/secure.gravatar.com\/avatar\/5ba2793f0590b9dbfad3fdec4ee714485b3eef211c9b32ee53d414060454a56c?s=96&d=mm&r=g\",\"url\":\"https:\/\/secure.gravatar.com\/avatar\/5ba2793f0590b9dbfad3fdec4ee714485b3eef211c9b32ee53d414060454a56c?s=96&d=mm&r=g\",\"contentUrl\":\"https:\/\/secure.gravatar.com\/avatar\/5ba2793f0590b9dbfad3fdec4ee714485b3eef211c9b32ee53d414060454a56c?s=96&d=mm&r=g\",\"caption\":\"Sodr\u00e9\"},\"sameAs\":[\"https:\/\/www.facebook.com\/carosroberto.sodre.5\/\"],\"url\":\"https:\/\/ubanews.com\/site\/author\/felipe\/\"}]}<\/script>\n<!-- \/ Yoast SEO plugin. -->","yoast_head_json":{"title":"Ub\u00e1 comemora hoje 120 anos da Banda 22 de Maio (1898_2018) - Ub\u00e1 News","robots":{"index":"index","follow":"follow","max-snippet":"max-snippet:-1","max-image-preview":"max-image-preview:large","max-video-preview":"max-video-preview:-1"},"canonical":"https:\/\/ubanews.com\/site\/2018\/05\/22\/uba-comemora-hoje-120-anos-da-banda-22-de-maio-1898_2018\/","og_locale":"pt_BR","og_type":"article","og_title":"Ub\u00e1 comemora hoje 120 anos da Banda 22 de Maio (1898_2018) - Ub\u00e1 News","og_description":"Considerada Patrim\u00f4nio Cultural de Ub\u00e1,&nbsp; A Sociedade Musical e Cultura","og_url":"https:\/\/ubanews.com\/site\/2018\/05\/22\/uba-comemora-hoje-120-anos-da-banda-22-de-maio-1898_2018\/","og_site_name":"Ub\u00e1 News","article_publisher":"https:\/\/www.facebook.com\/Ub%c3%a1News-Carlos-Roberto-Sodr%c3%a9-418778301977370","article_author":"https:\/\/www.facebook.com\/carosroberto.sodre.5\/","article_published_time":"2018-05-22T19:19:13+00:00","article_modified_time":"2018-05-24T15:27:59+00:00","og_image":[{"width":720,"height":521,"url":"https:\/\/ubanews.com\/site\/wp-content\/uploads\/2018\/05\/3-1.jpeg","type":"image\/jpeg"}],"author":"Sodr\u00e9","twitter_card":"summary_large_image","twitter_misc":{"Escrito por":"Sodr\u00e9","Est. tempo de leitura":"1 minuto"},"schema":{"@context":"https:\/\/schema.org","@graph":[{"@type":"Article","@id":"https:\/\/ubanews.com\/site\/2018\/05\/22\/uba-comemora-hoje-120-anos-da-banda-22-de-maio-1898_2018\/#article","isPartOf":{"@id":"https:\/\/ubanews.com\/site\/2018\/05\/22\/uba-comemora-hoje-120-anos-da-banda-22-de-maio-1898_2018\/"},"author":{"name":"Sodr\u00e9","@id":"https:\/\/ubanews.com\/site\/#\/schema\/person\/d90c9e47252fbb63dcc969fe4c8b9d10"},"headline":"Ub\u00e1 comemora hoje 120 anos da Banda 22 de Maio (1898_2018)","datePublished":"2018-05-22T19:19:13+00:00","dateModified":"2018-05-24T15:27:59+00:00","mainEntityOfPage":{"@id":"https:\/\/ubanews.com\/site\/2018\/05\/22\/uba-comemora-hoje-120-anos-da-banda-22-de-maio-1898_2018\/"},"wordCount":220,"commentCount":1,"publisher":{"@id":"https:\/\/ubanews.com\/site\/#organization"},"image":{"@id":"https:\/\/ubanews.com\/site\/2018\/05\/22\/uba-comemora-hoje-120-anos-da-banda-22-de-maio-1898_2018\/#primaryimage"},"thumbnailUrl":"https:\/\/ubanews.com\/site\/wp-content\/uploads\/2018\/05\/3-1.jpeg","articleSection":["Geral"],"inLanguage":"pt-BR","potentialAction":[{"@type":"CommentAction","name":"Comment","target":["https:\/\/ubanews.com\/site\/2018\/05\/22\/uba-comemora-hoje-120-anos-da-banda-22-de-maio-1898_2018\/#respond"]}]},{"@type":"WebPage","@id":"https:\/\/ubanews.com\/site\/2018\/05\/22\/uba-comemora-hoje-120-anos-da-banda-22-de-maio-1898_2018\/","url":"https:\/\/ubanews.com\/site\/2018\/05\/22\/uba-comemora-hoje-120-anos-da-banda-22-de-maio-1898_2018\/","name":"Ub\u00e1 comemora hoje 120 anos da Banda 22 de Maio (1898_2018) - Ub\u00e1 News","isPartOf":{"@id":"https:\/\/ubanews.com\/site\/#website"},"primaryImageOfPage":{"@id":"https:\/\/ubanews.com\/site\/2018\/05\/22\/uba-comemora-hoje-120-anos-da-banda-22-de-maio-1898_2018\/#primaryimage"},"image":{"@id":"https:\/\/ubanews.com\/site\/2018\/05\/22\/uba-comemora-hoje-120-anos-da-banda-22-de-maio-1898_2018\/#primaryimage"},"thumbnailUrl":"https:\/\/ubanews.com\/site\/wp-content\/uploads\/2018\/05\/3-1.jpeg","datePublished":"2018-05-22T19:19:13+00:00","dateModified":"2018-05-24T15:27:59+00:00","breadcrumb":{"@id":"https:\/\/ubanews.com\/site\/2018\/05\/22\/uba-comemora-hoje-120-anos-da-banda-22-de-maio-1898_2018\/#breadcrumb"},"inLanguage":"pt-BR","potentialAction":[{"@type":"ReadAction","target":["https:\/\/ubanews.com\/site\/2018\/05\/22\/uba-comemora-hoje-120-anos-da-banda-22-de-maio-1898_2018\/"]}]},{"@type":"ImageObject","inLanguage":"pt-BR","@id":"https:\/\/ubanews.com\/site\/2018\/05\/22\/uba-comemora-hoje-120-anos-da-banda-22-de-maio-1898_2018\/#primaryimage","url":"https:\/\/ubanews.com\/site\/wp-content\/uploads\/2018\/05\/3-1.jpeg","contentUrl":"https:\/\/ubanews.com\/site\/wp-content\/uploads\/2018\/05\/3-1.jpeg","width":720,"height":521},{"@type":"BreadcrumbList","@id":"https:\/\/ubanews.com\/site\/2018\/05\/22\/uba-comemora-hoje-120-anos-da-banda-22-de-maio-1898_2018\/#breadcrumb","itemListElement":[{"@type":"ListItem","position":1,"name":"Home","item":"https:\/\/ubanews.com\/site\/"},{"@type":"ListItem","position":2,"name":"Ub\u00e1 comemora hoje 120 anos da Banda 22 de Maio (1898_2018)"}]},{"@type":"WebSite","@id":"https:\/\/ubanews.com\/site\/#website","url":"https:\/\/ubanews.com\/site\/","name":"Ub\u00e1 News","description":"","publisher":{"@id":"https:\/\/ubanews.com\/site\/#organization"},"potentialAction":[{"@type":"SearchAction","target":{"@type":"EntryPoint","urlTemplate":"https:\/\/ubanews.com\/site\/?s={search_term_string}"},"query-input":{"@type":"PropertyValueSpecification","valueRequired":true,"valueName":"search_term_string"}}],"inLanguage":"pt-BR"},{"@type":"Organization","@id":"https:\/\/ubanews.com\/site\/#organization","name":"Ub\u00e1 News","url":"https:\/\/ubanews.com\/site\/","logo":{"@type":"ImageObject","inLanguage":"pt-BR","@id":"https:\/\/ubanews.com\/site\/#\/schema\/logo\/image\/","url":"https:\/\/ubanews.com\/site\/wp-content\/uploads\/2018\/01\/logoubanews.png","contentUrl":"https:\/\/ubanews.com\/site\/wp-content\/uploads\/2018\/01\/logoubanews.png","width":261,"height":99,"caption":"Ub\u00e1 News"},"image":{"@id":"https:\/\/ubanews.com\/site\/#\/schema\/logo\/image\/"},"sameAs":["https:\/\/www.facebook.com\/Ub\u00e1News-Carlos-Roberto-Sodr\u00e9-418778301977370"]},{"@type":"Person","@id":"https:\/\/ubanews.com\/site\/#\/schema\/person\/d90c9e47252fbb63dcc969fe4c8b9d10","name":"Sodr\u00e9","image":{"@type":"ImageObject","inLanguage":"pt-BR","@id":"https:\/\/secure.gravatar.com\/avatar\/5ba2793f0590b9dbfad3fdec4ee714485b3eef211c9b32ee53d414060454a56c?s=96&d=mm&r=g","url":"https:\/\/secure.gravatar.com\/avatar\/5ba2793f0590b9dbfad3fdec4ee714485b3eef211c9b32ee53d414060454a56c?s=96&d=mm&r=g","contentUrl":"https:\/\/secure.gravatar.com\/avatar\/5ba2793f0590b9dbfad3fdec4ee714485b3eef211c9b32ee53d414060454a56c?s=96&d=mm&r=g","caption":"Sodr\u00e9"},"sameAs":["https:\/\/www.facebook.com\/carosroberto.sodre.5\/"],"url":"https:\/\/ubanews.com\/site\/author\/felipe\/"}]}},"_links":{"self":[{"href":"https:\/\/ubanews.com\/site\/wp-json\/wp\/v2\/posts\/3913","targetHints":{"allow":["GET"]}}],"collection":[{"href":"https:\/\/ubanews.com\/site\/wp-json\/wp\/v2\/posts"}],"about":[{"href":"https:\/\/ubanews.com\/site\/wp-json\/wp\/v2\/types\/post"}],"author":[{"embeddable":true,"href":"https:\/\/ubanews.com\/site\/wp-json\/wp\/v2\/users\/2"}],"replies":[{"embeddable":true,"href":"https:\/\/ubanews.com\/site\/wp-json\/wp\/v2\/comments?post=3913"}],"version-history":[{"count":0,"href":"https:\/\/ubanews.com\/site\/wp-json\/wp\/v2\/posts\/3913\/revisions"}],"wp:featuredmedia":[{"embeddable":true,"href":"https:\/\/ubanews.com\/site\/wp-json\/wp\/v2\/media\/3916"}],"wp:attachment":[{"href":"https:\/\/ubanews.com\/site\/wp-json\/wp\/v2\/media?parent=3913"}],"wp:term":[{"taxonomy":"category","embeddable":true,"href":"https:\/\/ubanews.com\/site\/wp-json\/wp\/v2\/categories?post=3913"},{"taxonomy":"post_tag","embeddable":true,"href":"https:\/\/ubanews.com\/site\/wp-json\/wp\/v2\/tags?post=3913"}],"curies":[{"name":"wp","href":"https:\/\/api.w.org\/{rel}","templated":true}]}}