{"id":3870,"date":"2018-05-21T10:17:30","date_gmt":"2018-05-21T13:17:30","guid":{"rendered":"http:\/\/ubanews.com\/site\/?p=3870"},"modified":"2018-05-21T10:21:49","modified_gmt":"2018-05-21T13:21:49","slug":"policia-militar-apreende-autor-de-furto-tentado","status":"publish","type":"post","link":"https:\/\/ubanews.com\/site\/2018\/05\/21\/policia-militar-apreende-autor-de-furto-tentado\/","title":{"rendered":"POL\u00cdCIA MILITAR APREENDE AUTOR DE FURTO TENTADO"},"content":{"rendered":"<p>No dia 20 de maio, a v\u00edtima relatou a PM que, por volta das 13h 45min, quando ela transitava pela Avenida Trajano Viana, Vila Trajano Viana, foi abordada por um indiv\u00edduo em uma motocicleta de cor azul, tipo 50 cc, que lhe segurou pelo bra\u00e7o, exigindo que ela entregasse seu telefone celular.<\/p>\n<p>A v\u00edtima resistiu \u00e0 a\u00e7\u00e3o do autor e conseguiu evadir do local, tendo o autor tamb\u00e9m evadido na referida motocicleta tomando sentido ignorado.<\/p>\n<p>Em rastreamento para localizar o autor, um adolescente com 17 anos de idade, este foi abordado na localidade conhecida como Vargem Alegre, onde recebeu voz de apreens\u00e3o em flagrante delito.<\/p>\n<p>&nbsp;O ve\u00edculo que o infrator conduzia foi apreendido por pratica de crime e estava cm o CRLV em atraso, sendo apreendido e removido pelo autossocorro de plant\u00e3o.<\/p>\n<p><strong>A<\/strong><strong>SSESSORIA DE COMUNICA\u00c7\u00c3O ORGANIZACIONAL<\/strong><\/p>\n<p><strong><em>Vig\u00e9simo Primeiro Batalh\u00e3o de Pol\u00edcia Militar <\/em><\/strong><\/p>\n","protected":false},"excerpt":{"rendered":"<p>No dia 20 de maio, a v\u00edtima relatou a PM<\/p>\n","protected":false},"author":2,"featured_media":284,"comment_status":"open","ping_status":"open","sticky":false,"template":"","format":"standard","meta":{"footnotes":""},"categories":[1],"tags":[],"class_list":["post-3870","post","type-post","status-publish","format-standard","has-post-thumbnail","hentry","category-sem-categoria"],"yoast_head":"<!-- This site is optimized with the Yoast SEO plugin v27.2 - https:\/\/yoast.com\/product\/yoast-seo-wordpress\/ -->\n<title>POL\u00cdCIA MILITAR APREENDE AUTOR DE FURTO TENTADO - Ub\u00e1 News<\/title>\n<meta name=\"robots\" content=\"index, follow, max-snippet:-1, max-image-preview:large, max-video-preview:-1\" \/>\n<link rel=\"canonical\" href=\"https:\/\/ubanews.com\/site\/2018\/05\/21\/policia-militar-apreende-autor-de-furto-tentado\/\" \/>\n<meta property=\"og:locale\" content=\"pt_BR\" \/>\n<meta property=\"og:type\" content=\"article\" \/>\n<meta property=\"og:title\" content=\"POL\u00cdCIA MILITAR APREENDE AUTOR DE FURTO TENTADO - Ub\u00e1 News\" \/>\n<meta property=\"og:description\" content=\"No dia 20 de maio, a v\u00edtima relatou a PM\" \/>\n<meta property=\"og:url\" content=\"https:\/\/ubanews.com\/site\/2018\/05\/21\/policia-militar-apreende-autor-de-furto-tentado\/\" \/>\n<meta property=\"og:site_name\" content=\"Ub\u00e1 News\" \/>\n<meta property=\"article:publisher\" content=\"https:\/\/www.facebook.com\/Ub%c3%a1News-Carlos-Roberto-Sodr%c3%a9-418778301977370\" \/>\n<meta property=\"article:author\" content=\"https:\/\/www.facebook.com\/carosroberto.sodre.5\/\" \/>\n<meta property=\"article:published_time\" content=\"2018-05-21T13:17:30+00:00\" \/>\n<meta property=\"article:modified_time\" content=\"2018-05-21T13:21:49+00:00\" \/>\n<meta property=\"og:image\" content=\"https:\/\/ubanews.com\/site\/wp-content\/uploads\/2018\/02\/Policia-Militar-de-Minas-Gerais-190-Plantao-Foto-Guia-Muriae-300x225.jpg\" \/>\n\t<meta property=\"og:image:width\" content=\"300\" \/>\n\t<meta property=\"og:image:height\" content=\"225\" \/>\n\t<meta property=\"og:image:type\" content=\"image\/jpeg\" \/>\n<meta name=\"author\" content=\"Sodr\u00e9\" \/>\n<meta name=\"twitter:card\" content=\"summary_large_image\" \/>\n<meta name=\"twitter:label1\" content=\"Escrito por\" \/>\n\t<meta name=\"twitter:data1\" content=\"Sodr\u00e9\" \/>\n\t<meta name=\"twitter:label2\" content=\"Est. tempo de leitura\" \/>\n\t<meta name=\"twitter:data2\" content=\"1 minuto\" \/>\n<script type=\"application\/ld+json\" class=\"yoast-schema-graph\">{\"@context\":\"https:\/\/schema.org\",\"@graph\":[{\"@type\":\"Article\",\"@id\":\"https:\/\/ubanews.com\/site\/2018\/05\/21\/policia-militar-apreende-autor-de-furto-tentado\/#article\",\"isPartOf\":{\"@id\":\"https:\/\/ubanews.com\/site\/2018\/05\/21\/policia-militar-apreende-autor-de-furto-tentado\/\"},\"author\":{\"name\":\"Sodr\u00e9\",\"@id\":\"https:\/\/ubanews.com\/site\/#\/schema\/person\/d90c9e47252fbb63dcc969fe4c8b9d10\"},\"headline\":\"POL\u00cdCIA MILITAR APREENDE AUTOR DE FURTO TENTADO\",\"datePublished\":\"2018-05-21T13:17:30+00:00\",\"dateModified\":\"2018-05-21T13:21:49+00:00\",\"mainEntityOfPage\":{\"@id\":\"https:\/\/ubanews.com\/site\/2018\/05\/21\/policia-militar-apreende-autor-de-furto-tentado\/\"},\"wordCount\":161,\"commentCount\":0,\"publisher\":{\"@id\":\"https:\/\/ubanews.com\/site\/#organization\"},\"image\":{\"@id\":\"https:\/\/ubanews.com\/site\/2018\/05\/21\/policia-militar-apreende-autor-de-furto-tentado\/#primaryimage\"},\"thumbnailUrl\":\"https:\/\/ubanews.com\/site\/wp-content\/uploads\/2018\/02\/Policia-Militar-de-Minas-Gerais-190-Plantao-Foto-Guia-Muriae-300x225.jpg\",\"articleSection\":[\"Geral\"],\"inLanguage\":\"pt-BR\",\"potentialAction\":[{\"@type\":\"CommentAction\",\"name\":\"Comment\",\"target\":[\"https:\/\/ubanews.com\/site\/2018\/05\/21\/policia-militar-apreende-autor-de-furto-tentado\/#respond\"]}]},{\"@type\":\"WebPage\",\"@id\":\"https:\/\/ubanews.com\/site\/2018\/05\/21\/policia-militar-apreende-autor-de-furto-tentado\/\",\"url\":\"https:\/\/ubanews.com\/site\/2018\/05\/21\/policia-militar-apreende-autor-de-furto-tentado\/\",\"name\":\"POL\u00cdCIA MILITAR APREENDE AUTOR DE FURTO TENTADO - Ub\u00e1 News\",\"isPartOf\":{\"@id\":\"https:\/\/ubanews.com\/site\/#website\"},\"primaryImageOfPage\":{\"@id\":\"https:\/\/ubanews.com\/site\/2018\/05\/21\/policia-militar-apreende-autor-de-furto-tentado\/#primaryimage\"},\"image\":{\"@id\":\"https:\/\/ubanews.com\/site\/2018\/05\/21\/policia-militar-apreende-autor-de-furto-tentado\/#primaryimage\"},\"thumbnailUrl\":\"https:\/\/ubanews.com\/site\/wp-content\/uploads\/2018\/02\/Policia-Militar-de-Minas-Gerais-190-Plantao-Foto-Guia-Muriae-300x225.jpg\",\"datePublished\":\"2018-05-21T13:17:30+00:00\",\"dateModified\":\"2018-05-21T13:21:49+00:00\",\"breadcrumb\":{\"@id\":\"https:\/\/ubanews.com\/site\/2018\/05\/21\/policia-militar-apreende-autor-de-furto-tentado\/#breadcrumb\"},\"inLanguage\":\"pt-BR\",\"potentialAction\":[{\"@type\":\"ReadAction\",\"target\":[\"https:\/\/ubanews.com\/site\/2018\/05\/21\/policia-militar-apreende-autor-de-furto-tentado\/\"]}]},{\"@type\":\"ImageObject\",\"inLanguage\":\"pt-BR\",\"@id\":\"https:\/\/ubanews.com\/site\/2018\/05\/21\/policia-militar-apreende-autor-de-furto-tentado\/#primaryimage\",\"url\":\"https:\/\/ubanews.com\/site\/wp-content\/uploads\/2018\/02\/Policia-Militar-de-Minas-Gerais-190-Plantao-Foto-Guia-Muriae-300x225.jpg\",\"contentUrl\":\"https:\/\/ubanews.com\/site\/wp-content\/uploads\/2018\/02\/Policia-Militar-de-Minas-Gerais-190-Plantao-Foto-Guia-Muriae-300x225.jpg\",\"width\":300,\"height\":225},{\"@type\":\"BreadcrumbList\",\"@id\":\"https:\/\/ubanews.com\/site\/2018\/05\/21\/policia-militar-apreende-autor-de-furto-tentado\/#breadcrumb\",\"itemListElement\":[{\"@type\":\"ListItem\",\"position\":1,\"name\":\"Home\",\"item\":\"https:\/\/ubanews.com\/site\/\"},{\"@type\":\"ListItem\",\"position\":2,\"name\":\"POL\u00cdCIA MILITAR APREENDE AUTOR DE FURTO TENTADO\"}]},{\"@type\":\"WebSite\",\"@id\":\"https:\/\/ubanews.com\/site\/#website\",\"url\":\"https:\/\/ubanews.com\/site\/\",\"name\":\"Ub\u00e1 News\",\"description\":\"\",\"publisher\":{\"@id\":\"https:\/\/ubanews.com\/site\/#organization\"},\"potentialAction\":[{\"@type\":\"SearchAction\",\"target\":{\"@type\":\"EntryPoint\",\"urlTemplate\":\"https:\/\/ubanews.com\/site\/?s={search_term_string}\"},\"query-input\":{\"@type\":\"PropertyValueSpecification\",\"valueRequired\":true,\"valueName\":\"search_term_string\"}}],\"inLanguage\":\"pt-BR\"},{\"@type\":\"Organization\",\"@id\":\"https:\/\/ubanews.com\/site\/#organization\",\"name\":\"Ub\u00e1 News\",\"url\":\"https:\/\/ubanews.com\/site\/\",\"logo\":{\"@type\":\"ImageObject\",\"inLanguage\":\"pt-BR\",\"@id\":\"https:\/\/ubanews.com\/site\/#\/schema\/logo\/image\/\",\"url\":\"https:\/\/ubanews.com\/site\/wp-content\/uploads\/2018\/01\/logoubanews.png\",\"contentUrl\":\"https:\/\/ubanews.com\/site\/wp-content\/uploads\/2018\/01\/logoubanews.png\",\"width\":261,\"height\":99,\"caption\":\"Ub\u00e1 News\"},\"image\":{\"@id\":\"https:\/\/ubanews.com\/site\/#\/schema\/logo\/image\/\"},\"sameAs\":[\"https:\/\/www.facebook.com\/Ub\u00e1News-Carlos-Roberto-Sodr\u00e9-418778301977370\"]},{\"@type\":\"Person\",\"@id\":\"https:\/\/ubanews.com\/site\/#\/schema\/person\/d90c9e47252fbb63dcc969fe4c8b9d10\",\"name\":\"Sodr\u00e9\",\"image\":{\"@type\":\"ImageObject\",\"inLanguage\":\"pt-BR\",\"@id\":\"https:\/\/secure.gravatar.com\/avatar\/5ba2793f0590b9dbfad3fdec4ee714485b3eef211c9b32ee53d414060454a56c?s=96&d=mm&r=g\",\"url\":\"https:\/\/secure.gravatar.com\/avatar\/5ba2793f0590b9dbfad3fdec4ee714485b3eef211c9b32ee53d414060454a56c?s=96&d=mm&r=g\",\"contentUrl\":\"https:\/\/secure.gravatar.com\/avatar\/5ba2793f0590b9dbfad3fdec4ee714485b3eef211c9b32ee53d414060454a56c?s=96&d=mm&r=g\",\"caption\":\"Sodr\u00e9\"},\"sameAs\":[\"https:\/\/www.facebook.com\/carosroberto.sodre.5\/\"],\"url\":\"https:\/\/ubanews.com\/site\/author\/felipe\/\"}]}<\/script>\n<!-- \/ Yoast SEO plugin. -->","yoast_head_json":{"title":"POL\u00cdCIA MILITAR APREENDE AUTOR DE FURTO TENTADO - Ub\u00e1 News","robots":{"index":"index","follow":"follow","max-snippet":"max-snippet:-1","max-image-preview":"max-image-preview:large","max-video-preview":"max-video-preview:-1"},"canonical":"https:\/\/ubanews.com\/site\/2018\/05\/21\/policia-militar-apreende-autor-de-furto-tentado\/","og_locale":"pt_BR","og_type":"article","og_title":"POL\u00cdCIA MILITAR APREENDE AUTOR DE FURTO TENTADO - Ub\u00e1 News","og_description":"No dia 20 de maio, a v\u00edtima relatou a PM","og_url":"https:\/\/ubanews.com\/site\/2018\/05\/21\/policia-militar-apreende-autor-de-furto-tentado\/","og_site_name":"Ub\u00e1 News","article_publisher":"https:\/\/www.facebook.com\/Ub%c3%a1News-Carlos-Roberto-Sodr%c3%a9-418778301977370","article_author":"https:\/\/www.facebook.com\/carosroberto.sodre.5\/","article_published_time":"2018-05-21T13:17:30+00:00","article_modified_time":"2018-05-21T13:21:49+00:00","og_image":[{"width":300,"height":225,"url":"https:\/\/ubanews.com\/site\/wp-content\/uploads\/2018\/02\/Policia-Militar-de-Minas-Gerais-190-Plantao-Foto-Guia-Muriae-300x225.jpg","type":"image\/jpeg"}],"author":"Sodr\u00e9","twitter_card":"summary_large_image","twitter_misc":{"Escrito por":"Sodr\u00e9","Est. tempo de leitura":"1 minuto"},"schema":{"@context":"https:\/\/schema.org","@graph":[{"@type":"Article","@id":"https:\/\/ubanews.com\/site\/2018\/05\/21\/policia-militar-apreende-autor-de-furto-tentado\/#article","isPartOf":{"@id":"https:\/\/ubanews.com\/site\/2018\/05\/21\/policia-militar-apreende-autor-de-furto-tentado\/"},"author":{"name":"Sodr\u00e9","@id":"https:\/\/ubanews.com\/site\/#\/schema\/person\/d90c9e47252fbb63dcc969fe4c8b9d10"},"headline":"POL\u00cdCIA MILITAR APREENDE AUTOR DE FURTO TENTADO","datePublished":"2018-05-21T13:17:30+00:00","dateModified":"2018-05-21T13:21:49+00:00","mainEntityOfPage":{"@id":"https:\/\/ubanews.com\/site\/2018\/05\/21\/policia-militar-apreende-autor-de-furto-tentado\/"},"wordCount":161,"commentCount":0,"publisher":{"@id":"https:\/\/ubanews.com\/site\/#organization"},"image":{"@id":"https:\/\/ubanews.com\/site\/2018\/05\/21\/policia-militar-apreende-autor-de-furto-tentado\/#primaryimage"},"thumbnailUrl":"https:\/\/ubanews.com\/site\/wp-content\/uploads\/2018\/02\/Policia-Militar-de-Minas-Gerais-190-Plantao-Foto-Guia-Muriae-300x225.jpg","articleSection":["Geral"],"inLanguage":"pt-BR","potentialAction":[{"@type":"CommentAction","name":"Comment","target":["https:\/\/ubanews.com\/site\/2018\/05\/21\/policia-militar-apreende-autor-de-furto-tentado\/#respond"]}]},{"@type":"WebPage","@id":"https:\/\/ubanews.com\/site\/2018\/05\/21\/policia-militar-apreende-autor-de-furto-tentado\/","url":"https:\/\/ubanews.com\/site\/2018\/05\/21\/policia-militar-apreende-autor-de-furto-tentado\/","name":"POL\u00cdCIA MILITAR APREENDE AUTOR DE FURTO TENTADO - Ub\u00e1 News","isPartOf":{"@id":"https:\/\/ubanews.com\/site\/#website"},"primaryImageOfPage":{"@id":"https:\/\/ubanews.com\/site\/2018\/05\/21\/policia-militar-apreende-autor-de-furto-tentado\/#primaryimage"},"image":{"@id":"https:\/\/ubanews.com\/site\/2018\/05\/21\/policia-militar-apreende-autor-de-furto-tentado\/#primaryimage"},"thumbnailUrl":"https:\/\/ubanews.com\/site\/wp-content\/uploads\/2018\/02\/Policia-Militar-de-Minas-Gerais-190-Plantao-Foto-Guia-Muriae-300x225.jpg","datePublished":"2018-05-21T13:17:30+00:00","dateModified":"2018-05-21T13:21:49+00:00","breadcrumb":{"@id":"https:\/\/ubanews.com\/site\/2018\/05\/21\/policia-militar-apreende-autor-de-furto-tentado\/#breadcrumb"},"inLanguage":"pt-BR","potentialAction":[{"@type":"ReadAction","target":["https:\/\/ubanews.com\/site\/2018\/05\/21\/policia-militar-apreende-autor-de-furto-tentado\/"]}]},{"@type":"ImageObject","inLanguage":"pt-BR","@id":"https:\/\/ubanews.com\/site\/2018\/05\/21\/policia-militar-apreende-autor-de-furto-tentado\/#primaryimage","url":"https:\/\/ubanews.com\/site\/wp-content\/uploads\/2018\/02\/Policia-Militar-de-Minas-Gerais-190-Plantao-Foto-Guia-Muriae-300x225.jpg","contentUrl":"https:\/\/ubanews.com\/site\/wp-content\/uploads\/2018\/02\/Policia-Militar-de-Minas-Gerais-190-Plantao-Foto-Guia-Muriae-300x225.jpg","width":300,"height":225},{"@type":"BreadcrumbList","@id":"https:\/\/ubanews.com\/site\/2018\/05\/21\/policia-militar-apreende-autor-de-furto-tentado\/#breadcrumb","itemListElement":[{"@type":"ListItem","position":1,"name":"Home","item":"https:\/\/ubanews.com\/site\/"},{"@type":"ListItem","position":2,"name":"POL\u00cdCIA MILITAR APREENDE AUTOR DE FURTO TENTADO"}]},{"@type":"WebSite","@id":"https:\/\/ubanews.com\/site\/#website","url":"https:\/\/ubanews.com\/site\/","name":"Ub\u00e1 News","description":"","publisher":{"@id":"https:\/\/ubanews.com\/site\/#organization"},"potentialAction":[{"@type":"SearchAction","target":{"@type":"EntryPoint","urlTemplate":"https:\/\/ubanews.com\/site\/?s={search_term_string}"},"query-input":{"@type":"PropertyValueSpecification","valueRequired":true,"valueName":"search_term_string"}}],"inLanguage":"pt-BR"},{"@type":"Organization","@id":"https:\/\/ubanews.com\/site\/#organization","name":"Ub\u00e1 News","url":"https:\/\/ubanews.com\/site\/","logo":{"@type":"ImageObject","inLanguage":"pt-BR","@id":"https:\/\/ubanews.com\/site\/#\/schema\/logo\/image\/","url":"https:\/\/ubanews.com\/site\/wp-content\/uploads\/2018\/01\/logoubanews.png","contentUrl":"https:\/\/ubanews.com\/site\/wp-content\/uploads\/2018\/01\/logoubanews.png","width":261,"height":99,"caption":"Ub\u00e1 News"},"image":{"@id":"https:\/\/ubanews.com\/site\/#\/schema\/logo\/image\/"},"sameAs":["https:\/\/www.facebook.com\/Ub\u00e1News-Carlos-Roberto-Sodr\u00e9-418778301977370"]},{"@type":"Person","@id":"https:\/\/ubanews.com\/site\/#\/schema\/person\/d90c9e47252fbb63dcc969fe4c8b9d10","name":"Sodr\u00e9","image":{"@type":"ImageObject","inLanguage":"pt-BR","@id":"https:\/\/secure.gravatar.com\/avatar\/5ba2793f0590b9dbfad3fdec4ee714485b3eef211c9b32ee53d414060454a56c?s=96&d=mm&r=g","url":"https:\/\/secure.gravatar.com\/avatar\/5ba2793f0590b9dbfad3fdec4ee714485b3eef211c9b32ee53d414060454a56c?s=96&d=mm&r=g","contentUrl":"https:\/\/secure.gravatar.com\/avatar\/5ba2793f0590b9dbfad3fdec4ee714485b3eef211c9b32ee53d414060454a56c?s=96&d=mm&r=g","caption":"Sodr\u00e9"},"sameAs":["https:\/\/www.facebook.com\/carosroberto.sodre.5\/"],"url":"https:\/\/ubanews.com\/site\/author\/felipe\/"}]}},"_links":{"self":[{"href":"https:\/\/ubanews.com\/site\/wp-json\/wp\/v2\/posts\/3870","targetHints":{"allow":["GET"]}}],"collection":[{"href":"https:\/\/ubanews.com\/site\/wp-json\/wp\/v2\/posts"}],"about":[{"href":"https:\/\/ubanews.com\/site\/wp-json\/wp\/v2\/types\/post"}],"author":[{"embeddable":true,"href":"https:\/\/ubanews.com\/site\/wp-json\/wp\/v2\/users\/2"}],"replies":[{"embeddable":true,"href":"https:\/\/ubanews.com\/site\/wp-json\/wp\/v2\/comments?post=3870"}],"version-history":[{"count":0,"href":"https:\/\/ubanews.com\/site\/wp-json\/wp\/v2\/posts\/3870\/revisions"}],"wp:featuredmedia":[{"embeddable":true,"href":"https:\/\/ubanews.com\/site\/wp-json\/wp\/v2\/media\/284"}],"wp:attachment":[{"href":"https:\/\/ubanews.com\/site\/wp-json\/wp\/v2\/media?parent=3870"}],"wp:term":[{"taxonomy":"category","embeddable":true,"href":"https:\/\/ubanews.com\/site\/wp-json\/wp\/v2\/categories?post=3870"},{"taxonomy":"post_tag","embeddable":true,"href":"https:\/\/ubanews.com\/site\/wp-json\/wp\/v2\/tags?post=3870"}],"curies":[{"name":"wp","href":"https:\/\/api.w.org\/{rel}","templated":true}]}}