{"id":3861,"date":"2018-05-21T09:56:17","date_gmt":"2018-05-21T12:56:17","guid":{"rendered":"http:\/\/ubanews.com\/site\/?p=3861"},"modified":"2018-05-24T12:27:39","modified_gmt":"2018-05-24T15:27:39","slug":"aos-86-anos-dos-quais-36-foram-dedicados-ao-hospital-sao-vicente-de-paulo","status":"publish","type":"post","link":"https:\/\/ubanews.com\/site\/2018\/05\/21\/aos-86-anos-dos-quais-36-foram-dedicados-ao-hospital-sao-vicente-de-paulo\/","title":{"rendered":"AOS 86 ANOS, DOS QUAIS, 36 FORAM DEDICADOS AO HOSPITAL S\u00c3O VICENTE DE PAULO."},"content":{"rendered":"<p><strong>&nbsp; &nbsp; &nbsp; &nbsp; &nbsp;<\/strong>Esta semana vamos entrar na intimidade do senhor Wilson Gon\u00e7alves. Nascido aqui no munic\u00edpio de Ub\u00e1 em 19 de abril de 1936. Este ano ele chegou aos 82 anos. Casado com a senhora Maria Jos\u00e9 Gon\u00e7alves, eles constitu\u00edram uma fam\u00edlia muito bonita e tiveram tr\u00eas filhas, sendo duas biol\u00f3gicas e uma adotiva. Gosta de futebol e \u00e9 torcedor do Clube de Regatas Vasco da Gama, declarando-se cat\u00f3lico e devoto de Nossa Senhora Aparecida. Senhor Wilson ficou \u00f3rf\u00e3o de sua m\u00e3e muito cedo, tendo que ir morar com a fam\u00edlia Gravina. Recebeu toda aten\u00e7\u00e3o e carinho do senhor Jo\u00e3o de Souza Gravina e a senhora Nadir de Souza Gravina. Ele fala com tristeza da morte de sua genitora, mas com carinho sobre a fam\u00edlia que o acolheu, saindo de l\u00e1 s\u00f3 para se casar.<\/p>\n<p>&nbsp;&nbsp;&nbsp;&nbsp;&nbsp;&nbsp;&nbsp;&nbsp; Convidado pela Irm\u00e3 Maria de Lourdes, o senhor Wilson Gon\u00e7alves iniciou suas atividades profissionais no Hospital S\u00e3o Vicente de Paulo aos 36 anos de vida. Por um tempo igual ele passou na portaria, vivendo diversas experi\u00eancias que ele mesmo vai nos contar. Ele concorda com o m\u00e9dico doutor Itamar dos Santos, afirmando que os moradores da Ub\u00e1, com boas exce\u00e7\u00f5es, est\u00e3o mais violentos que antigamente.<\/p>\n<p>&nbsp;&nbsp;&nbsp;&nbsp;&nbsp;&nbsp;&nbsp;&nbsp; Uma hist\u00f3ria interessante que o senhor Wilson Gon\u00e7alves vai nos contar com exclusividade no v\u00eddeo abaixo.<\/p>\n<p><iframe data-src=\"https:\/\/www.youtube.com\/embed\/hrpGoaNbPvo\" width=\"560\" height=\"315\" frameborder=\"0\" allowfullscreen=\"allowfullscreen\" src=\"data:image\/svg+xml;base64,PHN2ZyB3aWR0aD0iMSIgaGVpZ2h0PSIxIiB4bWxucz0iaHR0cDovL3d3dy53My5vcmcvMjAwMC9zdmciPjwvc3ZnPg==\" class=\"lazyload\" data-load-mode=\"1\"><\/iframe>&nbsp;<\/p>\n","protected":false},"excerpt":{"rendered":"<p>&nbsp; &nbsp; &nbsp; &nbsp; &nbsp;Esta semana vamos entrar na intimidade<\/p>\n","protected":false},"author":2,"featured_media":3863,"comment_status":"open","ping_status":"open","sticky":false,"template":"","format":"standard","meta":{"footnotes":""},"categories":[1],"tags":[],"class_list":["post-3861","post","type-post","status-publish","format-standard","has-post-thumbnail","hentry","category-sem-categoria"],"yoast_head":"<!-- This site is optimized with the Yoast SEO plugin v27.2 - https:\/\/yoast.com\/product\/yoast-seo-wordpress\/ -->\n<title>AOS 86 ANOS, DOS QUAIS, 36 FORAM DEDICADOS AO HOSPITAL S\u00c3O VICENTE DE PAULO. - Ub\u00e1 News<\/title>\n<meta name=\"robots\" content=\"index, follow, max-snippet:-1, max-image-preview:large, max-video-preview:-1\" \/>\n<link rel=\"canonical\" href=\"https:\/\/ubanews.com\/site\/2018\/05\/21\/aos-86-anos-dos-quais-36-foram-dedicados-ao-hospital-sao-vicente-de-paulo\/\" \/>\n<meta property=\"og:locale\" content=\"pt_BR\" \/>\n<meta property=\"og:type\" content=\"article\" \/>\n<meta property=\"og:title\" content=\"AOS 86 ANOS, DOS QUAIS, 36 FORAM DEDICADOS AO HOSPITAL S\u00c3O VICENTE DE PAULO. - Ub\u00e1 News\" \/>\n<meta property=\"og:description\" content=\"&nbsp; &nbsp; &nbsp; &nbsp; &nbsp;Esta semana vamos entrar na intimidade\" \/>\n<meta property=\"og:url\" content=\"https:\/\/ubanews.com\/site\/2018\/05\/21\/aos-86-anos-dos-quais-36-foram-dedicados-ao-hospital-sao-vicente-de-paulo\/\" \/>\n<meta property=\"og:site_name\" content=\"Ub\u00e1 News\" \/>\n<meta property=\"article:publisher\" content=\"https:\/\/www.facebook.com\/Ub%c3%a1News-Carlos-Roberto-Sodr%c3%a9-418778301977370\" \/>\n<meta property=\"article:author\" content=\"https:\/\/www.facebook.com\/carosroberto.sodre.5\/\" \/>\n<meta property=\"article:published_time\" content=\"2018-05-21T12:56:17+00:00\" \/>\n<meta property=\"article:modified_time\" content=\"2018-05-24T15:27:39+00:00\" \/>\n<meta property=\"og:image\" content=\"https:\/\/ubanews.com\/site\/wp-content\/uploads\/2018\/05\/DSC08362-c\u00f3pia.jpg\" \/>\n\t<meta property=\"og:image:width\" content=\"800\" \/>\n\t<meta property=\"og:image:height\" content=\"457\" \/>\n\t<meta property=\"og:image:type\" content=\"image\/jpeg\" \/>\n<meta name=\"author\" content=\"Sodr\u00e9\" \/>\n<meta name=\"twitter:card\" content=\"summary_large_image\" \/>\n<meta name=\"twitter:label1\" content=\"Escrito por\" \/>\n\t<meta name=\"twitter:data1\" content=\"Sodr\u00e9\" \/>\n\t<meta name=\"twitter:label2\" content=\"Est. tempo de leitura\" \/>\n\t<meta name=\"twitter:data2\" content=\"1 minuto\" \/>\n<script type=\"application\/ld+json\" class=\"yoast-schema-graph\">{\"@context\":\"https:\/\/schema.org\",\"@graph\":[{\"@type\":\"Article\",\"@id\":\"https:\/\/ubanews.com\/site\/2018\/05\/21\/aos-86-anos-dos-quais-36-foram-dedicados-ao-hospital-sao-vicente-de-paulo\/#article\",\"isPartOf\":{\"@id\":\"https:\/\/ubanews.com\/site\/2018\/05\/21\/aos-86-anos-dos-quais-36-foram-dedicados-ao-hospital-sao-vicente-de-paulo\/\"},\"author\":{\"name\":\"Sodr\u00e9\",\"@id\":\"https:\/\/ubanews.com\/site\/#\/schema\/person\/d90c9e47252fbb63dcc969fe4c8b9d10\"},\"headline\":\"AOS 86 ANOS, DOS QUAIS, 36 FORAM DEDICADOS AO HOSPITAL S\u00c3O VICENTE DE PAULO.\",\"datePublished\":\"2018-05-21T12:56:17+00:00\",\"dateModified\":\"2018-05-24T15:27:39+00:00\",\"mainEntityOfPage\":{\"@id\":\"https:\/\/ubanews.com\/site\/2018\/05\/21\/aos-86-anos-dos-quais-36-foram-dedicados-ao-hospital-sao-vicente-de-paulo\/\"},\"wordCount\":267,\"commentCount\":2,\"publisher\":{\"@id\":\"https:\/\/ubanews.com\/site\/#organization\"},\"image\":{\"@id\":\"https:\/\/ubanews.com\/site\/2018\/05\/21\/aos-86-anos-dos-quais-36-foram-dedicados-ao-hospital-sao-vicente-de-paulo\/#primaryimage\"},\"thumbnailUrl\":\"https:\/\/ubanews.com\/site\/wp-content\/uploads\/2018\/05\/DSC08362-c\u00f3pia.jpg\",\"articleSection\":[\"Geral\"],\"inLanguage\":\"pt-BR\",\"potentialAction\":[{\"@type\":\"CommentAction\",\"name\":\"Comment\",\"target\":[\"https:\/\/ubanews.com\/site\/2018\/05\/21\/aos-86-anos-dos-quais-36-foram-dedicados-ao-hospital-sao-vicente-de-paulo\/#respond\"]}]},{\"@type\":\"WebPage\",\"@id\":\"https:\/\/ubanews.com\/site\/2018\/05\/21\/aos-86-anos-dos-quais-36-foram-dedicados-ao-hospital-sao-vicente-de-paulo\/\",\"url\":\"https:\/\/ubanews.com\/site\/2018\/05\/21\/aos-86-anos-dos-quais-36-foram-dedicados-ao-hospital-sao-vicente-de-paulo\/\",\"name\":\"AOS 86 ANOS, DOS QUAIS, 36 FORAM DEDICADOS AO HOSPITAL S\u00c3O VICENTE DE PAULO. - Ub\u00e1 News\",\"isPartOf\":{\"@id\":\"https:\/\/ubanews.com\/site\/#website\"},\"primaryImageOfPage\":{\"@id\":\"https:\/\/ubanews.com\/site\/2018\/05\/21\/aos-86-anos-dos-quais-36-foram-dedicados-ao-hospital-sao-vicente-de-paulo\/#primaryimage\"},\"image\":{\"@id\":\"https:\/\/ubanews.com\/site\/2018\/05\/21\/aos-86-anos-dos-quais-36-foram-dedicados-ao-hospital-sao-vicente-de-paulo\/#primaryimage\"},\"thumbnailUrl\":\"https:\/\/ubanews.com\/site\/wp-content\/uploads\/2018\/05\/DSC08362-c\u00f3pia.jpg\",\"datePublished\":\"2018-05-21T12:56:17+00:00\",\"dateModified\":\"2018-05-24T15:27:39+00:00\",\"breadcrumb\":{\"@id\":\"https:\/\/ubanews.com\/site\/2018\/05\/21\/aos-86-anos-dos-quais-36-foram-dedicados-ao-hospital-sao-vicente-de-paulo\/#breadcrumb\"},\"inLanguage\":\"pt-BR\",\"potentialAction\":[{\"@type\":\"ReadAction\",\"target\":[\"https:\/\/ubanews.com\/site\/2018\/05\/21\/aos-86-anos-dos-quais-36-foram-dedicados-ao-hospital-sao-vicente-de-paulo\/\"]}]},{\"@type\":\"ImageObject\",\"inLanguage\":\"pt-BR\",\"@id\":\"https:\/\/ubanews.com\/site\/2018\/05\/21\/aos-86-anos-dos-quais-36-foram-dedicados-ao-hospital-sao-vicente-de-paulo\/#primaryimage\",\"url\":\"https:\/\/ubanews.com\/site\/wp-content\/uploads\/2018\/05\/DSC08362-c\u00f3pia.jpg\",\"contentUrl\":\"https:\/\/ubanews.com\/site\/wp-content\/uploads\/2018\/05\/DSC08362-c\u00f3pia.jpg\",\"width\":800,\"height\":457},{\"@type\":\"BreadcrumbList\",\"@id\":\"https:\/\/ubanews.com\/site\/2018\/05\/21\/aos-86-anos-dos-quais-36-foram-dedicados-ao-hospital-sao-vicente-de-paulo\/#breadcrumb\",\"itemListElement\":[{\"@type\":\"ListItem\",\"position\":1,\"name\":\"Home\",\"item\":\"https:\/\/ubanews.com\/site\/\"},{\"@type\":\"ListItem\",\"position\":2,\"name\":\"AOS 86 ANOS, DOS QUAIS, 36 FORAM DEDICADOS AO HOSPITAL S\u00c3O VICENTE DE PAULO.\"}]},{\"@type\":\"WebSite\",\"@id\":\"https:\/\/ubanews.com\/site\/#website\",\"url\":\"https:\/\/ubanews.com\/site\/\",\"name\":\"Ub\u00e1 News\",\"description\":\"\",\"publisher\":{\"@id\":\"https:\/\/ubanews.com\/site\/#organization\"},\"potentialAction\":[{\"@type\":\"SearchAction\",\"target\":{\"@type\":\"EntryPoint\",\"urlTemplate\":\"https:\/\/ubanews.com\/site\/?s={search_term_string}\"},\"query-input\":{\"@type\":\"PropertyValueSpecification\",\"valueRequired\":true,\"valueName\":\"search_term_string\"}}],\"inLanguage\":\"pt-BR\"},{\"@type\":\"Organization\",\"@id\":\"https:\/\/ubanews.com\/site\/#organization\",\"name\":\"Ub\u00e1 News\",\"url\":\"https:\/\/ubanews.com\/site\/\",\"logo\":{\"@type\":\"ImageObject\",\"inLanguage\":\"pt-BR\",\"@id\":\"https:\/\/ubanews.com\/site\/#\/schema\/logo\/image\/\",\"url\":\"https:\/\/ubanews.com\/site\/wp-content\/uploads\/2018\/01\/logoubanews.png\",\"contentUrl\":\"https:\/\/ubanews.com\/site\/wp-content\/uploads\/2018\/01\/logoubanews.png\",\"width\":261,\"height\":99,\"caption\":\"Ub\u00e1 News\"},\"image\":{\"@id\":\"https:\/\/ubanews.com\/site\/#\/schema\/logo\/image\/\"},\"sameAs\":[\"https:\/\/www.facebook.com\/Ub\u00e1News-Carlos-Roberto-Sodr\u00e9-418778301977370\"]},{\"@type\":\"Person\",\"@id\":\"https:\/\/ubanews.com\/site\/#\/schema\/person\/d90c9e47252fbb63dcc969fe4c8b9d10\",\"name\":\"Sodr\u00e9\",\"image\":{\"@type\":\"ImageObject\",\"inLanguage\":\"pt-BR\",\"@id\":\"https:\/\/secure.gravatar.com\/avatar\/5ba2793f0590b9dbfad3fdec4ee714485b3eef211c9b32ee53d414060454a56c?s=96&d=mm&r=g\",\"url\":\"https:\/\/secure.gravatar.com\/avatar\/5ba2793f0590b9dbfad3fdec4ee714485b3eef211c9b32ee53d414060454a56c?s=96&d=mm&r=g\",\"contentUrl\":\"https:\/\/secure.gravatar.com\/avatar\/5ba2793f0590b9dbfad3fdec4ee714485b3eef211c9b32ee53d414060454a56c?s=96&d=mm&r=g\",\"caption\":\"Sodr\u00e9\"},\"sameAs\":[\"https:\/\/www.facebook.com\/carosroberto.sodre.5\/\"],\"url\":\"https:\/\/ubanews.com\/site\/author\/felipe\/\"}]}<\/script>\n<!-- \/ Yoast SEO plugin. -->","yoast_head_json":{"title":"AOS 86 ANOS, DOS QUAIS, 36 FORAM DEDICADOS AO HOSPITAL S\u00c3O VICENTE DE PAULO. - Ub\u00e1 News","robots":{"index":"index","follow":"follow","max-snippet":"max-snippet:-1","max-image-preview":"max-image-preview:large","max-video-preview":"max-video-preview:-1"},"canonical":"https:\/\/ubanews.com\/site\/2018\/05\/21\/aos-86-anos-dos-quais-36-foram-dedicados-ao-hospital-sao-vicente-de-paulo\/","og_locale":"pt_BR","og_type":"article","og_title":"AOS 86 ANOS, DOS QUAIS, 36 FORAM DEDICADOS AO HOSPITAL S\u00c3O VICENTE DE PAULO. - Ub\u00e1 News","og_description":"&nbsp; &nbsp; &nbsp; &nbsp; &nbsp;Esta semana vamos entrar na intimidade","og_url":"https:\/\/ubanews.com\/site\/2018\/05\/21\/aos-86-anos-dos-quais-36-foram-dedicados-ao-hospital-sao-vicente-de-paulo\/","og_site_name":"Ub\u00e1 News","article_publisher":"https:\/\/www.facebook.com\/Ub%c3%a1News-Carlos-Roberto-Sodr%c3%a9-418778301977370","article_author":"https:\/\/www.facebook.com\/carosroberto.sodre.5\/","article_published_time":"2018-05-21T12:56:17+00:00","article_modified_time":"2018-05-24T15:27:39+00:00","og_image":[{"width":800,"height":457,"url":"https:\/\/ubanews.com\/site\/wp-content\/uploads\/2018\/05\/DSC08362-c\u00f3pia.jpg","type":"image\/jpeg"}],"author":"Sodr\u00e9","twitter_card":"summary_large_image","twitter_misc":{"Escrito por":"Sodr\u00e9","Est. tempo de leitura":"1 minuto"},"schema":{"@context":"https:\/\/schema.org","@graph":[{"@type":"Article","@id":"https:\/\/ubanews.com\/site\/2018\/05\/21\/aos-86-anos-dos-quais-36-foram-dedicados-ao-hospital-sao-vicente-de-paulo\/#article","isPartOf":{"@id":"https:\/\/ubanews.com\/site\/2018\/05\/21\/aos-86-anos-dos-quais-36-foram-dedicados-ao-hospital-sao-vicente-de-paulo\/"},"author":{"name":"Sodr\u00e9","@id":"https:\/\/ubanews.com\/site\/#\/schema\/person\/d90c9e47252fbb63dcc969fe4c8b9d10"},"headline":"AOS 86 ANOS, DOS QUAIS, 36 FORAM DEDICADOS AO HOSPITAL S\u00c3O VICENTE DE PAULO.","datePublished":"2018-05-21T12:56:17+00:00","dateModified":"2018-05-24T15:27:39+00:00","mainEntityOfPage":{"@id":"https:\/\/ubanews.com\/site\/2018\/05\/21\/aos-86-anos-dos-quais-36-foram-dedicados-ao-hospital-sao-vicente-de-paulo\/"},"wordCount":267,"commentCount":2,"publisher":{"@id":"https:\/\/ubanews.com\/site\/#organization"},"image":{"@id":"https:\/\/ubanews.com\/site\/2018\/05\/21\/aos-86-anos-dos-quais-36-foram-dedicados-ao-hospital-sao-vicente-de-paulo\/#primaryimage"},"thumbnailUrl":"https:\/\/ubanews.com\/site\/wp-content\/uploads\/2018\/05\/DSC08362-c\u00f3pia.jpg","articleSection":["Geral"],"inLanguage":"pt-BR","potentialAction":[{"@type":"CommentAction","name":"Comment","target":["https:\/\/ubanews.com\/site\/2018\/05\/21\/aos-86-anos-dos-quais-36-foram-dedicados-ao-hospital-sao-vicente-de-paulo\/#respond"]}]},{"@type":"WebPage","@id":"https:\/\/ubanews.com\/site\/2018\/05\/21\/aos-86-anos-dos-quais-36-foram-dedicados-ao-hospital-sao-vicente-de-paulo\/","url":"https:\/\/ubanews.com\/site\/2018\/05\/21\/aos-86-anos-dos-quais-36-foram-dedicados-ao-hospital-sao-vicente-de-paulo\/","name":"AOS 86 ANOS, DOS QUAIS, 36 FORAM DEDICADOS AO HOSPITAL S\u00c3O VICENTE DE PAULO. - Ub\u00e1 News","isPartOf":{"@id":"https:\/\/ubanews.com\/site\/#website"},"primaryImageOfPage":{"@id":"https:\/\/ubanews.com\/site\/2018\/05\/21\/aos-86-anos-dos-quais-36-foram-dedicados-ao-hospital-sao-vicente-de-paulo\/#primaryimage"},"image":{"@id":"https:\/\/ubanews.com\/site\/2018\/05\/21\/aos-86-anos-dos-quais-36-foram-dedicados-ao-hospital-sao-vicente-de-paulo\/#primaryimage"},"thumbnailUrl":"https:\/\/ubanews.com\/site\/wp-content\/uploads\/2018\/05\/DSC08362-c\u00f3pia.jpg","datePublished":"2018-05-21T12:56:17+00:00","dateModified":"2018-05-24T15:27:39+00:00","breadcrumb":{"@id":"https:\/\/ubanews.com\/site\/2018\/05\/21\/aos-86-anos-dos-quais-36-foram-dedicados-ao-hospital-sao-vicente-de-paulo\/#breadcrumb"},"inLanguage":"pt-BR","potentialAction":[{"@type":"ReadAction","target":["https:\/\/ubanews.com\/site\/2018\/05\/21\/aos-86-anos-dos-quais-36-foram-dedicados-ao-hospital-sao-vicente-de-paulo\/"]}]},{"@type":"ImageObject","inLanguage":"pt-BR","@id":"https:\/\/ubanews.com\/site\/2018\/05\/21\/aos-86-anos-dos-quais-36-foram-dedicados-ao-hospital-sao-vicente-de-paulo\/#primaryimage","url":"https:\/\/ubanews.com\/site\/wp-content\/uploads\/2018\/05\/DSC08362-c\u00f3pia.jpg","contentUrl":"https:\/\/ubanews.com\/site\/wp-content\/uploads\/2018\/05\/DSC08362-c\u00f3pia.jpg","width":800,"height":457},{"@type":"BreadcrumbList","@id":"https:\/\/ubanews.com\/site\/2018\/05\/21\/aos-86-anos-dos-quais-36-foram-dedicados-ao-hospital-sao-vicente-de-paulo\/#breadcrumb","itemListElement":[{"@type":"ListItem","position":1,"name":"Home","item":"https:\/\/ubanews.com\/site\/"},{"@type":"ListItem","position":2,"name":"AOS 86 ANOS, DOS QUAIS, 36 FORAM DEDICADOS AO HOSPITAL S\u00c3O VICENTE DE PAULO."}]},{"@type":"WebSite","@id":"https:\/\/ubanews.com\/site\/#website","url":"https:\/\/ubanews.com\/site\/","name":"Ub\u00e1 News","description":"","publisher":{"@id":"https:\/\/ubanews.com\/site\/#organization"},"potentialAction":[{"@type":"SearchAction","target":{"@type":"EntryPoint","urlTemplate":"https:\/\/ubanews.com\/site\/?s={search_term_string}"},"query-input":{"@type":"PropertyValueSpecification","valueRequired":true,"valueName":"search_term_string"}}],"inLanguage":"pt-BR"},{"@type":"Organization","@id":"https:\/\/ubanews.com\/site\/#organization","name":"Ub\u00e1 News","url":"https:\/\/ubanews.com\/site\/","logo":{"@type":"ImageObject","inLanguage":"pt-BR","@id":"https:\/\/ubanews.com\/site\/#\/schema\/logo\/image\/","url":"https:\/\/ubanews.com\/site\/wp-content\/uploads\/2018\/01\/logoubanews.png","contentUrl":"https:\/\/ubanews.com\/site\/wp-content\/uploads\/2018\/01\/logoubanews.png","width":261,"height":99,"caption":"Ub\u00e1 News"},"image":{"@id":"https:\/\/ubanews.com\/site\/#\/schema\/logo\/image\/"},"sameAs":["https:\/\/www.facebook.com\/Ub\u00e1News-Carlos-Roberto-Sodr\u00e9-418778301977370"]},{"@type":"Person","@id":"https:\/\/ubanews.com\/site\/#\/schema\/person\/d90c9e47252fbb63dcc969fe4c8b9d10","name":"Sodr\u00e9","image":{"@type":"ImageObject","inLanguage":"pt-BR","@id":"https:\/\/secure.gravatar.com\/avatar\/5ba2793f0590b9dbfad3fdec4ee714485b3eef211c9b32ee53d414060454a56c?s=96&d=mm&r=g","url":"https:\/\/secure.gravatar.com\/avatar\/5ba2793f0590b9dbfad3fdec4ee714485b3eef211c9b32ee53d414060454a56c?s=96&d=mm&r=g","contentUrl":"https:\/\/secure.gravatar.com\/avatar\/5ba2793f0590b9dbfad3fdec4ee714485b3eef211c9b32ee53d414060454a56c?s=96&d=mm&r=g","caption":"Sodr\u00e9"},"sameAs":["https:\/\/www.facebook.com\/carosroberto.sodre.5\/"],"url":"https:\/\/ubanews.com\/site\/author\/felipe\/"}]}},"_links":{"self":[{"href":"https:\/\/ubanews.com\/site\/wp-json\/wp\/v2\/posts\/3861","targetHints":{"allow":["GET"]}}],"collection":[{"href":"https:\/\/ubanews.com\/site\/wp-json\/wp\/v2\/posts"}],"about":[{"href":"https:\/\/ubanews.com\/site\/wp-json\/wp\/v2\/types\/post"}],"author":[{"embeddable":true,"href":"https:\/\/ubanews.com\/site\/wp-json\/wp\/v2\/users\/2"}],"replies":[{"embeddable":true,"href":"https:\/\/ubanews.com\/site\/wp-json\/wp\/v2\/comments?post=3861"}],"version-history":[{"count":0,"href":"https:\/\/ubanews.com\/site\/wp-json\/wp\/v2\/posts\/3861\/revisions"}],"wp:featuredmedia":[{"embeddable":true,"href":"https:\/\/ubanews.com\/site\/wp-json\/wp\/v2\/media\/3863"}],"wp:attachment":[{"href":"https:\/\/ubanews.com\/site\/wp-json\/wp\/v2\/media?parent=3861"}],"wp:term":[{"taxonomy":"category","embeddable":true,"href":"https:\/\/ubanews.com\/site\/wp-json\/wp\/v2\/categories?post=3861"},{"taxonomy":"post_tag","embeddable":true,"href":"https:\/\/ubanews.com\/site\/wp-json\/wp\/v2\/tags?post=3861"}],"curies":[{"name":"wp","href":"https:\/\/api.w.org\/{rel}","templated":true}]}}