{"id":3831,"date":"2018-05-20T17:07:34","date_gmt":"2018-05-20T20:07:34","guid":{"rendered":"http:\/\/ubanews.com\/site\/?p=3831"},"modified":"2018-05-24T12:27:04","modified_gmt":"2018-05-24T15:27:04","slug":"o-colunista-social-orlando-silva-prestigiou-o-badalado-papo-de-buteco-em-sua-quarta-edicao","status":"publish","type":"post","link":"https:\/\/ubanews.com\/site\/2018\/05\/20\/o-colunista-social-orlando-silva-prestigiou-o-badalado-papo-de-buteco-em-sua-quarta-edicao\/","title":{"rendered":"O COLUNISTA SOCIAL ORLANDO SILVA PRESTIGIOU O BADALADO PAPO DE BUTECO EM SUA QUARTA EDI\u00c7\u00c3O"},"content":{"rendered":"<p>O Colunista Social Orlando Silva prestigiou na tarde\/noite deste s\u00e1bado (19), no Espa\u00e7o de Festas do Parthenon, Rodovia Ub\u00e1\/Visconde do Rio Branco, a Quarta Edi\u00e7\u00e3o do Papo de Buteco, promovido pelos empres\u00e1rios Br\u00e1ulio de Paula e Juliana Campos (Revista Fato). Com o seu jeito elegante e bem-humorado, Orland\u00edssimo Silva atendeu nossa reportagem, enaltecendo o evento, al\u00e9m de destacar o trabalho de Br\u00e1ulio e Juliana. Orlando lembrou que s\u00e3o eventos, cujo os quais ele j\u00e1 promoveu no passado. Por\u00e9m, fica feliz por ter feito escola aqui na cidade de Ub\u00e1. Orlando, com seus mais de 25 anos de Colunismo Social, respeitado e sempre com um foco na qualidade e carinho para com os seus cliente e amigos, visa agora a n\u00e3o menos badalada Feijoada Society.<\/p>\n<div style=\"position:relative;height:0;padding-bottom:56.25%\"><iframe data-src=\"https:\/\/www.youtube.com\/embed\/VsEviF_KRK4?ecver=2\" width=\"640\" height=\"360\" frameborder=\"0\" allow=\"autoplay; encrypted-media\" style=\"position:absolute;width:100%;height:100%;left:0\" allowfullscreen src=\"data:image\/svg+xml;base64,PHN2ZyB3aWR0aD0iMSIgaGVpZ2h0PSIxIiB4bWxucz0iaHR0cDovL3d3dy53My5vcmcvMjAwMC9zdmciPjwvc3ZnPg==\" class=\"lazyload\" data-load-mode=\"1\"><\/iframe><\/div>\n<p>&nbsp;<\/p>\n","protected":false},"excerpt":{"rendered":"<p>O Colunista Social Orlando Silva prestigiou na tarde\/noite deste s\u00e1bado<\/p>\n","protected":false},"author":2,"featured_media":3670,"comment_status":"open","ping_status":"open","sticky":false,"template":"","format":"standard","meta":{"footnotes":""},"categories":[1],"tags":[],"class_list":["post-3831","post","type-post","status-publish","format-standard","has-post-thumbnail","hentry","category-sem-categoria"],"yoast_head":"<!-- This site is optimized with the Yoast SEO plugin v27.2 - https:\/\/yoast.com\/product\/yoast-seo-wordpress\/ -->\n<title>O COLUNISTA SOCIAL ORLANDO SILVA PRESTIGIOU O BADALADO PAPO DE BUTECO EM SUA QUARTA EDI\u00c7\u00c3O - Ub\u00e1 News<\/title>\n<meta name=\"robots\" content=\"index, follow, max-snippet:-1, max-image-preview:large, max-video-preview:-1\" \/>\n<link rel=\"canonical\" href=\"https:\/\/ubanews.com\/site\/2018\/05\/20\/o-colunista-social-orlando-silva-prestigiou-o-badalado-papo-de-buteco-em-sua-quarta-edicao\/\" \/>\n<meta property=\"og:locale\" content=\"pt_BR\" \/>\n<meta property=\"og:type\" content=\"article\" \/>\n<meta property=\"og:title\" content=\"O COLUNISTA SOCIAL ORLANDO SILVA PRESTIGIOU O BADALADO PAPO DE BUTECO EM SUA QUARTA EDI\u00c7\u00c3O - Ub\u00e1 News\" \/>\n<meta property=\"og:description\" content=\"O Colunista Social Orlando Silva prestigiou na tarde\/noite deste s\u00e1bado\" \/>\n<meta property=\"og:url\" content=\"https:\/\/ubanews.com\/site\/2018\/05\/20\/o-colunista-social-orlando-silva-prestigiou-o-badalado-papo-de-buteco-em-sua-quarta-edicao\/\" \/>\n<meta property=\"og:site_name\" content=\"Ub\u00e1 News\" \/>\n<meta property=\"article:publisher\" content=\"https:\/\/www.facebook.com\/Ub%c3%a1News-Carlos-Roberto-Sodr%c3%a9-418778301977370\" \/>\n<meta property=\"article:author\" content=\"https:\/\/www.facebook.com\/carosroberto.sodre.5\/\" \/>\n<meta property=\"article:published_time\" content=\"2018-05-20T20:07:34+00:00\" \/>\n<meta property=\"article:modified_time\" content=\"2018-05-24T15:27:04+00:00\" \/>\n<meta property=\"og:image\" content=\"https:\/\/ubanews.com\/site\/wp-content\/uploads\/2018\/05\/DSC_4230-c\u00f3pia.jpg\" \/>\n\t<meta property=\"og:image:width\" content=\"800\" \/>\n\t<meta property=\"og:image:height\" content=\"457\" \/>\n\t<meta property=\"og:image:type\" content=\"image\/jpeg\" \/>\n<meta name=\"author\" content=\"Sodr\u00e9\" \/>\n<meta name=\"twitter:card\" content=\"summary_large_image\" \/>\n<meta name=\"twitter:label1\" content=\"Escrito por\" \/>\n\t<meta name=\"twitter:data1\" content=\"Sodr\u00e9\" \/>\n\t<meta name=\"twitter:label2\" content=\"Est. tempo de leitura\" \/>\n\t<meta name=\"twitter:data2\" content=\"1 minuto\" \/>\n<script type=\"application\/ld+json\" class=\"yoast-schema-graph\">{\"@context\":\"https:\/\/schema.org\",\"@graph\":[{\"@type\":\"Article\",\"@id\":\"https:\/\/ubanews.com\/site\/2018\/05\/20\/o-colunista-social-orlando-silva-prestigiou-o-badalado-papo-de-buteco-em-sua-quarta-edicao\/#article\",\"isPartOf\":{\"@id\":\"https:\/\/ubanews.com\/site\/2018\/05\/20\/o-colunista-social-orlando-silva-prestigiou-o-badalado-papo-de-buteco-em-sua-quarta-edicao\/\"},\"author\":{\"name\":\"Sodr\u00e9\",\"@id\":\"https:\/\/ubanews.com\/site\/#\/schema\/person\/d90c9e47252fbb63dcc969fe4c8b9d10\"},\"headline\":\"O COLUNISTA SOCIAL ORLANDO SILVA PRESTIGIOU O BADALADO PAPO DE BUTECO EM SUA QUARTA EDI\u00c7\u00c3O\",\"datePublished\":\"2018-05-20T20:07:34+00:00\",\"dateModified\":\"2018-05-24T15:27:04+00:00\",\"mainEntityOfPage\":{\"@id\":\"https:\/\/ubanews.com\/site\/2018\/05\/20\/o-colunista-social-orlando-silva-prestigiou-o-badalado-papo-de-buteco-em-sua-quarta-edicao\/\"},\"wordCount\":152,\"commentCount\":0,\"publisher\":{\"@id\":\"https:\/\/ubanews.com\/site\/#organization\"},\"image\":{\"@id\":\"https:\/\/ubanews.com\/site\/2018\/05\/20\/o-colunista-social-orlando-silva-prestigiou-o-badalado-papo-de-buteco-em-sua-quarta-edicao\/#primaryimage\"},\"thumbnailUrl\":\"https:\/\/ubanews.com\/site\/wp-content\/uploads\/2018\/05\/DSC_4230-c\u00f3pia.jpg\",\"articleSection\":[\"Geral\"],\"inLanguage\":\"pt-BR\",\"potentialAction\":[{\"@type\":\"CommentAction\",\"name\":\"Comment\",\"target\":[\"https:\/\/ubanews.com\/site\/2018\/05\/20\/o-colunista-social-orlando-silva-prestigiou-o-badalado-papo-de-buteco-em-sua-quarta-edicao\/#respond\"]}]},{\"@type\":\"WebPage\",\"@id\":\"https:\/\/ubanews.com\/site\/2018\/05\/20\/o-colunista-social-orlando-silva-prestigiou-o-badalado-papo-de-buteco-em-sua-quarta-edicao\/\",\"url\":\"https:\/\/ubanews.com\/site\/2018\/05\/20\/o-colunista-social-orlando-silva-prestigiou-o-badalado-papo-de-buteco-em-sua-quarta-edicao\/\",\"name\":\"O COLUNISTA SOCIAL ORLANDO SILVA PRESTIGIOU O BADALADO PAPO DE BUTECO EM SUA QUARTA EDI\u00c7\u00c3O - Ub\u00e1 News\",\"isPartOf\":{\"@id\":\"https:\/\/ubanews.com\/site\/#website\"},\"primaryImageOfPage\":{\"@id\":\"https:\/\/ubanews.com\/site\/2018\/05\/20\/o-colunista-social-orlando-silva-prestigiou-o-badalado-papo-de-buteco-em-sua-quarta-edicao\/#primaryimage\"},\"image\":{\"@id\":\"https:\/\/ubanews.com\/site\/2018\/05\/20\/o-colunista-social-orlando-silva-prestigiou-o-badalado-papo-de-buteco-em-sua-quarta-edicao\/#primaryimage\"},\"thumbnailUrl\":\"https:\/\/ubanews.com\/site\/wp-content\/uploads\/2018\/05\/DSC_4230-c\u00f3pia.jpg\",\"datePublished\":\"2018-05-20T20:07:34+00:00\",\"dateModified\":\"2018-05-24T15:27:04+00:00\",\"breadcrumb\":{\"@id\":\"https:\/\/ubanews.com\/site\/2018\/05\/20\/o-colunista-social-orlando-silva-prestigiou-o-badalado-papo-de-buteco-em-sua-quarta-edicao\/#breadcrumb\"},\"inLanguage\":\"pt-BR\",\"potentialAction\":[{\"@type\":\"ReadAction\",\"target\":[\"https:\/\/ubanews.com\/site\/2018\/05\/20\/o-colunista-social-orlando-silva-prestigiou-o-badalado-papo-de-buteco-em-sua-quarta-edicao\/\"]}]},{\"@type\":\"ImageObject\",\"inLanguage\":\"pt-BR\",\"@id\":\"https:\/\/ubanews.com\/site\/2018\/05\/20\/o-colunista-social-orlando-silva-prestigiou-o-badalado-papo-de-buteco-em-sua-quarta-edicao\/#primaryimage\",\"url\":\"https:\/\/ubanews.com\/site\/wp-content\/uploads\/2018\/05\/DSC_4230-c\u00f3pia.jpg\",\"contentUrl\":\"https:\/\/ubanews.com\/site\/wp-content\/uploads\/2018\/05\/DSC_4230-c\u00f3pia.jpg\",\"width\":800,\"height\":457},{\"@type\":\"BreadcrumbList\",\"@id\":\"https:\/\/ubanews.com\/site\/2018\/05\/20\/o-colunista-social-orlando-silva-prestigiou-o-badalado-papo-de-buteco-em-sua-quarta-edicao\/#breadcrumb\",\"itemListElement\":[{\"@type\":\"ListItem\",\"position\":1,\"name\":\"Home\",\"item\":\"https:\/\/ubanews.com\/site\/\"},{\"@type\":\"ListItem\",\"position\":2,\"name\":\"O COLUNISTA SOCIAL ORLANDO SILVA PRESTIGIOU O BADALADO PAPO DE BUTECO EM SUA QUARTA EDI\u00c7\u00c3O\"}]},{\"@type\":\"WebSite\",\"@id\":\"https:\/\/ubanews.com\/site\/#website\",\"url\":\"https:\/\/ubanews.com\/site\/\",\"name\":\"Ub\u00e1 News\",\"description\":\"\",\"publisher\":{\"@id\":\"https:\/\/ubanews.com\/site\/#organization\"},\"potentialAction\":[{\"@type\":\"SearchAction\",\"target\":{\"@type\":\"EntryPoint\",\"urlTemplate\":\"https:\/\/ubanews.com\/site\/?s={search_term_string}\"},\"query-input\":{\"@type\":\"PropertyValueSpecification\",\"valueRequired\":true,\"valueName\":\"search_term_string\"}}],\"inLanguage\":\"pt-BR\"},{\"@type\":\"Organization\",\"@id\":\"https:\/\/ubanews.com\/site\/#organization\",\"name\":\"Ub\u00e1 News\",\"url\":\"https:\/\/ubanews.com\/site\/\",\"logo\":{\"@type\":\"ImageObject\",\"inLanguage\":\"pt-BR\",\"@id\":\"https:\/\/ubanews.com\/site\/#\/schema\/logo\/image\/\",\"url\":\"https:\/\/ubanews.com\/site\/wp-content\/uploads\/2018\/01\/logoubanews.png\",\"contentUrl\":\"https:\/\/ubanews.com\/site\/wp-content\/uploads\/2018\/01\/logoubanews.png\",\"width\":261,\"height\":99,\"caption\":\"Ub\u00e1 News\"},\"image\":{\"@id\":\"https:\/\/ubanews.com\/site\/#\/schema\/logo\/image\/\"},\"sameAs\":[\"https:\/\/www.facebook.com\/Ub\u00e1News-Carlos-Roberto-Sodr\u00e9-418778301977370\"]},{\"@type\":\"Person\",\"@id\":\"https:\/\/ubanews.com\/site\/#\/schema\/person\/d90c9e47252fbb63dcc969fe4c8b9d10\",\"name\":\"Sodr\u00e9\",\"image\":{\"@type\":\"ImageObject\",\"inLanguage\":\"pt-BR\",\"@id\":\"https:\/\/secure.gravatar.com\/avatar\/5ba2793f0590b9dbfad3fdec4ee714485b3eef211c9b32ee53d414060454a56c?s=96&d=mm&r=g\",\"url\":\"https:\/\/secure.gravatar.com\/avatar\/5ba2793f0590b9dbfad3fdec4ee714485b3eef211c9b32ee53d414060454a56c?s=96&d=mm&r=g\",\"contentUrl\":\"https:\/\/secure.gravatar.com\/avatar\/5ba2793f0590b9dbfad3fdec4ee714485b3eef211c9b32ee53d414060454a56c?s=96&d=mm&r=g\",\"caption\":\"Sodr\u00e9\"},\"sameAs\":[\"https:\/\/www.facebook.com\/carosroberto.sodre.5\/\"],\"url\":\"https:\/\/ubanews.com\/site\/author\/felipe\/\"}]}<\/script>\n<!-- \/ Yoast SEO plugin. -->","yoast_head_json":{"title":"O COLUNISTA SOCIAL ORLANDO SILVA PRESTIGIOU O BADALADO PAPO DE BUTECO EM SUA QUARTA EDI\u00c7\u00c3O - Ub\u00e1 News","robots":{"index":"index","follow":"follow","max-snippet":"max-snippet:-1","max-image-preview":"max-image-preview:large","max-video-preview":"max-video-preview:-1"},"canonical":"https:\/\/ubanews.com\/site\/2018\/05\/20\/o-colunista-social-orlando-silva-prestigiou-o-badalado-papo-de-buteco-em-sua-quarta-edicao\/","og_locale":"pt_BR","og_type":"article","og_title":"O COLUNISTA SOCIAL ORLANDO SILVA PRESTIGIOU O BADALADO PAPO DE BUTECO EM SUA QUARTA EDI\u00c7\u00c3O - Ub\u00e1 News","og_description":"O Colunista Social Orlando Silva prestigiou na tarde\/noite deste s\u00e1bado","og_url":"https:\/\/ubanews.com\/site\/2018\/05\/20\/o-colunista-social-orlando-silva-prestigiou-o-badalado-papo-de-buteco-em-sua-quarta-edicao\/","og_site_name":"Ub\u00e1 News","article_publisher":"https:\/\/www.facebook.com\/Ub%c3%a1News-Carlos-Roberto-Sodr%c3%a9-418778301977370","article_author":"https:\/\/www.facebook.com\/carosroberto.sodre.5\/","article_published_time":"2018-05-20T20:07:34+00:00","article_modified_time":"2018-05-24T15:27:04+00:00","og_image":[{"width":800,"height":457,"url":"https:\/\/ubanews.com\/site\/wp-content\/uploads\/2018\/05\/DSC_4230-c\u00f3pia.jpg","type":"image\/jpeg"}],"author":"Sodr\u00e9","twitter_card":"summary_large_image","twitter_misc":{"Escrito por":"Sodr\u00e9","Est. tempo de leitura":"1 minuto"},"schema":{"@context":"https:\/\/schema.org","@graph":[{"@type":"Article","@id":"https:\/\/ubanews.com\/site\/2018\/05\/20\/o-colunista-social-orlando-silva-prestigiou-o-badalado-papo-de-buteco-em-sua-quarta-edicao\/#article","isPartOf":{"@id":"https:\/\/ubanews.com\/site\/2018\/05\/20\/o-colunista-social-orlando-silva-prestigiou-o-badalado-papo-de-buteco-em-sua-quarta-edicao\/"},"author":{"name":"Sodr\u00e9","@id":"https:\/\/ubanews.com\/site\/#\/schema\/person\/d90c9e47252fbb63dcc969fe4c8b9d10"},"headline":"O COLUNISTA SOCIAL ORLANDO SILVA PRESTIGIOU O BADALADO PAPO DE BUTECO EM SUA QUARTA EDI\u00c7\u00c3O","datePublished":"2018-05-20T20:07:34+00:00","dateModified":"2018-05-24T15:27:04+00:00","mainEntityOfPage":{"@id":"https:\/\/ubanews.com\/site\/2018\/05\/20\/o-colunista-social-orlando-silva-prestigiou-o-badalado-papo-de-buteco-em-sua-quarta-edicao\/"},"wordCount":152,"commentCount":0,"publisher":{"@id":"https:\/\/ubanews.com\/site\/#organization"},"image":{"@id":"https:\/\/ubanews.com\/site\/2018\/05\/20\/o-colunista-social-orlando-silva-prestigiou-o-badalado-papo-de-buteco-em-sua-quarta-edicao\/#primaryimage"},"thumbnailUrl":"https:\/\/ubanews.com\/site\/wp-content\/uploads\/2018\/05\/DSC_4230-c\u00f3pia.jpg","articleSection":["Geral"],"inLanguage":"pt-BR","potentialAction":[{"@type":"CommentAction","name":"Comment","target":["https:\/\/ubanews.com\/site\/2018\/05\/20\/o-colunista-social-orlando-silva-prestigiou-o-badalado-papo-de-buteco-em-sua-quarta-edicao\/#respond"]}]},{"@type":"WebPage","@id":"https:\/\/ubanews.com\/site\/2018\/05\/20\/o-colunista-social-orlando-silva-prestigiou-o-badalado-papo-de-buteco-em-sua-quarta-edicao\/","url":"https:\/\/ubanews.com\/site\/2018\/05\/20\/o-colunista-social-orlando-silva-prestigiou-o-badalado-papo-de-buteco-em-sua-quarta-edicao\/","name":"O COLUNISTA SOCIAL ORLANDO SILVA PRESTIGIOU O BADALADO PAPO DE BUTECO EM SUA QUARTA EDI\u00c7\u00c3O - Ub\u00e1 News","isPartOf":{"@id":"https:\/\/ubanews.com\/site\/#website"},"primaryImageOfPage":{"@id":"https:\/\/ubanews.com\/site\/2018\/05\/20\/o-colunista-social-orlando-silva-prestigiou-o-badalado-papo-de-buteco-em-sua-quarta-edicao\/#primaryimage"},"image":{"@id":"https:\/\/ubanews.com\/site\/2018\/05\/20\/o-colunista-social-orlando-silva-prestigiou-o-badalado-papo-de-buteco-em-sua-quarta-edicao\/#primaryimage"},"thumbnailUrl":"https:\/\/ubanews.com\/site\/wp-content\/uploads\/2018\/05\/DSC_4230-c\u00f3pia.jpg","datePublished":"2018-05-20T20:07:34+00:00","dateModified":"2018-05-24T15:27:04+00:00","breadcrumb":{"@id":"https:\/\/ubanews.com\/site\/2018\/05\/20\/o-colunista-social-orlando-silva-prestigiou-o-badalado-papo-de-buteco-em-sua-quarta-edicao\/#breadcrumb"},"inLanguage":"pt-BR","potentialAction":[{"@type":"ReadAction","target":["https:\/\/ubanews.com\/site\/2018\/05\/20\/o-colunista-social-orlando-silva-prestigiou-o-badalado-papo-de-buteco-em-sua-quarta-edicao\/"]}]},{"@type":"ImageObject","inLanguage":"pt-BR","@id":"https:\/\/ubanews.com\/site\/2018\/05\/20\/o-colunista-social-orlando-silva-prestigiou-o-badalado-papo-de-buteco-em-sua-quarta-edicao\/#primaryimage","url":"https:\/\/ubanews.com\/site\/wp-content\/uploads\/2018\/05\/DSC_4230-c\u00f3pia.jpg","contentUrl":"https:\/\/ubanews.com\/site\/wp-content\/uploads\/2018\/05\/DSC_4230-c\u00f3pia.jpg","width":800,"height":457},{"@type":"BreadcrumbList","@id":"https:\/\/ubanews.com\/site\/2018\/05\/20\/o-colunista-social-orlando-silva-prestigiou-o-badalado-papo-de-buteco-em-sua-quarta-edicao\/#breadcrumb","itemListElement":[{"@type":"ListItem","position":1,"name":"Home","item":"https:\/\/ubanews.com\/site\/"},{"@type":"ListItem","position":2,"name":"O COLUNISTA SOCIAL ORLANDO SILVA PRESTIGIOU O BADALADO PAPO DE BUTECO EM SUA QUARTA EDI\u00c7\u00c3O"}]},{"@type":"WebSite","@id":"https:\/\/ubanews.com\/site\/#website","url":"https:\/\/ubanews.com\/site\/","name":"Ub\u00e1 News","description":"","publisher":{"@id":"https:\/\/ubanews.com\/site\/#organization"},"potentialAction":[{"@type":"SearchAction","target":{"@type":"EntryPoint","urlTemplate":"https:\/\/ubanews.com\/site\/?s={search_term_string}"},"query-input":{"@type":"PropertyValueSpecification","valueRequired":true,"valueName":"search_term_string"}}],"inLanguage":"pt-BR"},{"@type":"Organization","@id":"https:\/\/ubanews.com\/site\/#organization","name":"Ub\u00e1 News","url":"https:\/\/ubanews.com\/site\/","logo":{"@type":"ImageObject","inLanguage":"pt-BR","@id":"https:\/\/ubanews.com\/site\/#\/schema\/logo\/image\/","url":"https:\/\/ubanews.com\/site\/wp-content\/uploads\/2018\/01\/logoubanews.png","contentUrl":"https:\/\/ubanews.com\/site\/wp-content\/uploads\/2018\/01\/logoubanews.png","width":261,"height":99,"caption":"Ub\u00e1 News"},"image":{"@id":"https:\/\/ubanews.com\/site\/#\/schema\/logo\/image\/"},"sameAs":["https:\/\/www.facebook.com\/Ub\u00e1News-Carlos-Roberto-Sodr\u00e9-418778301977370"]},{"@type":"Person","@id":"https:\/\/ubanews.com\/site\/#\/schema\/person\/d90c9e47252fbb63dcc969fe4c8b9d10","name":"Sodr\u00e9","image":{"@type":"ImageObject","inLanguage":"pt-BR","@id":"https:\/\/secure.gravatar.com\/avatar\/5ba2793f0590b9dbfad3fdec4ee714485b3eef211c9b32ee53d414060454a56c?s=96&d=mm&r=g","url":"https:\/\/secure.gravatar.com\/avatar\/5ba2793f0590b9dbfad3fdec4ee714485b3eef211c9b32ee53d414060454a56c?s=96&d=mm&r=g","contentUrl":"https:\/\/secure.gravatar.com\/avatar\/5ba2793f0590b9dbfad3fdec4ee714485b3eef211c9b32ee53d414060454a56c?s=96&d=mm&r=g","caption":"Sodr\u00e9"},"sameAs":["https:\/\/www.facebook.com\/carosroberto.sodre.5\/"],"url":"https:\/\/ubanews.com\/site\/author\/felipe\/"}]}},"_links":{"self":[{"href":"https:\/\/ubanews.com\/site\/wp-json\/wp\/v2\/posts\/3831","targetHints":{"allow":["GET"]}}],"collection":[{"href":"https:\/\/ubanews.com\/site\/wp-json\/wp\/v2\/posts"}],"about":[{"href":"https:\/\/ubanews.com\/site\/wp-json\/wp\/v2\/types\/post"}],"author":[{"embeddable":true,"href":"https:\/\/ubanews.com\/site\/wp-json\/wp\/v2\/users\/2"}],"replies":[{"embeddable":true,"href":"https:\/\/ubanews.com\/site\/wp-json\/wp\/v2\/comments?post=3831"}],"version-history":[{"count":0,"href":"https:\/\/ubanews.com\/site\/wp-json\/wp\/v2\/posts\/3831\/revisions"}],"wp:featuredmedia":[{"embeddable":true,"href":"https:\/\/ubanews.com\/site\/wp-json\/wp\/v2\/media\/3670"}],"wp:attachment":[{"href":"https:\/\/ubanews.com\/site\/wp-json\/wp\/v2\/media?parent=3831"}],"wp:term":[{"taxonomy":"category","embeddable":true,"href":"https:\/\/ubanews.com\/site\/wp-json\/wp\/v2\/categories?post=3831"},{"taxonomy":"post_tag","embeddable":true,"href":"https:\/\/ubanews.com\/site\/wp-json\/wp\/v2\/tags?post=3831"}],"curies":[{"name":"wp","href":"https:\/\/api.w.org\/{rel}","templated":true}]}}