{"id":374,"date":"2018-03-02T21:29:59","date_gmt":"2018-03-03T00:29:59","guid":{"rendered":"http:\/\/ubanews.com\/site\/?p=374"},"modified":"2018-03-07T13:45:07","modified_gmt":"2018-03-07T16:45:07","slug":"exclusivo-acompanhe-na-integra-a-reuniao-que-pode-traduzir-em-tratamento-oncologico-para-uba-atraves-de-parceria-entre-hospital-sao-vicente-de-paulo-e-a-fundacao-cristiano-varella-primeira-parte","status":"publish","type":"post","link":"https:\/\/ubanews.com\/site\/2018\/03\/02\/exclusivo-acompanhe-na-integra-a-reuniao-que-pode-traduzir-em-tratamento-oncologico-para-uba-atraves-de-parceria-entre-hospital-sao-vicente-de-paulo-e-a-fundacao-cristiano-varella-primeira-parte\/","title":{"rendered":"Exclusivo: Acompanhe na \u00edntegra a reuni\u00e3o que pode traduzir em tratamento oncol\u00f3gico para Ub\u00e1, atrav\u00e9s de parceria entre Hospital S\u00e3o Vicente de Paulo e a Funda\u00e7\u00e3o Cristiano Varella. Primeira parte."},"content":{"rendered":"<p>&nbsp; &nbsp;&nbsp;&nbsp;&nbsp;&nbsp;&nbsp;&nbsp;&nbsp;&nbsp;&nbsp;&nbsp;&nbsp;&nbsp;&nbsp;<img decoding=\"async\" class=\"alignnone size-full wp-image-389 lazyload\" data-src=\"https:\/\/ubanews.com\/site\/wp-content\/uploads\/2018\/03\/7-1.jpg\" alt=\"\" width=\"4272\" height=\"2480\" data-srcset=\"https:\/\/ubanews.com\/site\/wp-content\/uploads\/2018\/03\/7-1.jpg 800w, https:\/\/ubanews.com\/site\/wp-content\/uploads\/2018\/03\/7-1-300x174.jpg 300w, https:\/\/ubanews.com\/site\/wp-content\/uploads\/2018\/03\/7-1-768x446.jpg 768w, https:\/\/ubanews.com\/site\/wp-content\/uploads\/2018\/03\/7-1-1024x594.jpg 1024w\" data-sizes=\"(max-width: 4272px) 100vw, 4272px\" src=\"data:image\/svg+xml;base64,PHN2ZyB3aWR0aD0iMSIgaGVpZ2h0PSIxIiB4bWxucz0iaHR0cDovL3d3dy53My5vcmcvMjAwMC9zdmciPjwvc3ZnPg==\" style=\"--smush-placeholder-width: 4272px; --smush-placeholder-aspect-ratio: 4272\/2480;\" \/> <img decoding=\"async\" class=\"alignnone size-full wp-image-388 lazyload\" data-src=\"https:\/\/ubanews.com\/site\/wp-content\/uploads\/2018\/03\/6-1.jpg\" alt=\"\" width=\"4272\" height=\"2480\" data-srcset=\"https:\/\/ubanews.com\/site\/wp-content\/uploads\/2018\/03\/6-1.jpg 800w, https:\/\/ubanews.com\/site\/wp-content\/uploads\/2018\/03\/6-1-300x174.jpg 300w, https:\/\/ubanews.com\/site\/wp-content\/uploads\/2018\/03\/6-1-768x446.jpg 768w, https:\/\/ubanews.com\/site\/wp-content\/uploads\/2018\/03\/6-1-1024x594.jpg 1024w\" data-sizes=\"(max-width: 4272px) 100vw, 4272px\" src=\"data:image\/svg+xml;base64,PHN2ZyB3aWR0aD0iMSIgaGVpZ2h0PSIxIiB4bWxucz0iaHR0cDovL3d3dy53My5vcmcvMjAwMC9zdmciPjwvc3ZnPg==\" style=\"--smush-placeholder-width: 4272px; --smush-placeholder-aspect-ratio: 4272\/2480;\" \/> <img decoding=\"async\" class=\"alignnone size-full wp-image-386 lazyload\" data-src=\"https:\/\/ubanews.com\/site\/wp-content\/uploads\/2018\/03\/4-3.jpg\" alt=\"\" width=\"4272\" height=\"2480\" data-srcset=\"https:\/\/ubanews.com\/site\/wp-content\/uploads\/2018\/03\/4-3.jpg 800w, https:\/\/ubanews.com\/site\/wp-content\/uploads\/2018\/03\/4-3-300x174.jpg 300w, https:\/\/ubanews.com\/site\/wp-content\/uploads\/2018\/03\/4-3-768x446.jpg 768w, https:\/\/ubanews.com\/site\/wp-content\/uploads\/2018\/03\/4-3-1024x594.jpg 1024w\" data-sizes=\"(max-width: 4272px) 100vw, 4272px\" src=\"data:image\/svg+xml;base64,PHN2ZyB3aWR0aD0iMSIgaGVpZ2h0PSIxIiB4bWxucz0iaHR0cDovL3d3dy53My5vcmcvMjAwMC9zdmciPjwvc3ZnPg==\" style=\"--smush-placeholder-width: 4272px; --smush-placeholder-aspect-ratio: 4272\/2480;\" \/> <img decoding=\"async\" class=\"alignnone size-full wp-image-385 lazyload\" data-src=\"https:\/\/ubanews.com\/site\/wp-content\/uploads\/2018\/03\/3-3.jpg\" alt=\"\" width=\"4272\" height=\"2480\" data-srcset=\"https:\/\/ubanews.com\/site\/wp-content\/uploads\/2018\/03\/3-3.jpg 800w, https:\/\/ubanews.com\/site\/wp-content\/uploads\/2018\/03\/3-3-300x174.jpg 300w, https:\/\/ubanews.com\/site\/wp-content\/uploads\/2018\/03\/3-3-768x446.jpg 768w, https:\/\/ubanews.com\/site\/wp-content\/uploads\/2018\/03\/3-3-1024x594.jpg 1024w\" data-sizes=\"(max-width: 4272px) 100vw, 4272px\" src=\"data:image\/svg+xml;base64,PHN2ZyB3aWR0aD0iMSIgaGVpZ2h0PSIxIiB4bWxucz0iaHR0cDovL3d3dy53My5vcmcvMjAwMC9zdmciPjwvc3ZnPg==\" style=\"--smush-placeholder-width: 4272px; --smush-placeholder-aspect-ratio: 4272\/2480;\" \/> &nbsp;<img decoding=\"async\" class=\"alignnone size-full wp-image-391 lazyload\" data-src=\"https:\/\/ubanews.com\/site\/wp-content\/uploads\/2018\/03\/9-1.jpg\" alt=\"\" width=\"4272\" height=\"2480\" data-srcset=\"https:\/\/ubanews.com\/site\/wp-content\/uploads\/2018\/03\/9-1.jpg 800w, https:\/\/ubanews.com\/site\/wp-content\/uploads\/2018\/03\/9-1-300x174.jpg 300w, https:\/\/ubanews.com\/site\/wp-content\/uploads\/2018\/03\/9-1-768x446.jpg 768w, https:\/\/ubanews.com\/site\/wp-content\/uploads\/2018\/03\/9-1-1024x594.jpg 1024w\" data-sizes=\"(max-width: 4272px) 100vw, 4272px\" src=\"data:image\/svg+xml;base64,PHN2ZyB3aWR0aD0iMSIgaGVpZ2h0PSIxIiB4bWxucz0iaHR0cDovL3d3dy53My5vcmcvMjAwMC9zdmciPjwvc3ZnPg==\" style=\"--smush-placeholder-width: 4272px; --smush-placeholder-aspect-ratio: 4272\/2480;\" \/> <img decoding=\"async\" class=\"alignnone size-full wp-image-392 lazyload\" data-src=\"https:\/\/ubanews.com\/site\/wp-content\/uploads\/2018\/03\/10.jpg\" alt=\"\" width=\"4272\" height=\"2480\" data-srcset=\"https:\/\/ubanews.com\/site\/wp-content\/uploads\/2018\/03\/10.jpg 800w, https:\/\/ubanews.com\/site\/wp-content\/uploads\/2018\/03\/10-300x174.jpg 300w, https:\/\/ubanews.com\/site\/wp-content\/uploads\/2018\/03\/10-768x446.jpg 768w, https:\/\/ubanews.com\/site\/wp-content\/uploads\/2018\/03\/10-1024x594.jpg 1024w\" data-sizes=\"(max-width: 4272px) 100vw, 4272px\" src=\"data:image\/svg+xml;base64,PHN2ZyB3aWR0aD0iMSIgaGVpZ2h0PSIxIiB4bWxucz0iaHR0cDovL3d3dy53My5vcmcvMjAwMC9zdmciPjwvc3ZnPg==\" style=\"--smush-placeholder-width: 4272px; --smush-placeholder-aspect-ratio: 4272\/2480;\" \/> <img decoding=\"async\" class=\"alignnone size-full wp-image-393 lazyload\" data-src=\"https:\/\/ubanews.com\/site\/wp-content\/uploads\/2018\/03\/8-1.jpg\" alt=\"\" width=\"4272\" height=\"2480\" data-srcset=\"https:\/\/ubanews.com\/site\/wp-content\/uploads\/2018\/03\/8-1.jpg 800w, https:\/\/ubanews.com\/site\/wp-content\/uploads\/2018\/03\/8-1-300x174.jpg 300w, https:\/\/ubanews.com\/site\/wp-content\/uploads\/2018\/03\/8-1-768x446.jpg 768w, https:\/\/ubanews.com\/site\/wp-content\/uploads\/2018\/03\/8-1-1024x594.jpg 1024w\" data-sizes=\"(max-width: 4272px) 100vw, 4272px\" src=\"data:image\/svg+xml;base64,PHN2ZyB3aWR0aD0iMSIgaGVpZ2h0PSIxIiB4bWxucz0iaHR0cDovL3d3dy53My5vcmcvMjAwMC9zdmciPjwvc3ZnPg==\" style=\"--smush-placeholder-width: 4272px; --smush-placeholder-aspect-ratio: 4272\/2480;\" \/> <img decoding=\"async\" class=\"alignnone size-full wp-image-390 lazyload\" data-src=\"https:\/\/ubanews.com\/site\/wp-content\/uploads\/2018\/03\/foto-para-postagem.jpg\" alt=\"\" width=\"4272\" height=\"2480\" data-srcset=\"https:\/\/ubanews.com\/site\/wp-content\/uploads\/2018\/03\/foto-para-postagem.jpg 800w, https:\/\/ubanews.com\/site\/wp-content\/uploads\/2018\/03\/foto-para-postagem-300x174.jpg 300w, https:\/\/ubanews.com\/site\/wp-content\/uploads\/2018\/03\/foto-para-postagem-768x446.jpg 768w, https:\/\/ubanews.com\/site\/wp-content\/uploads\/2018\/03\/foto-para-postagem-1024x594.jpg 1024w\" data-sizes=\"(max-width: 4272px) 100vw, 4272px\" src=\"data:image\/svg+xml;base64,PHN2ZyB3aWR0aD0iMSIgaGVpZ2h0PSIxIiB4bWxucz0iaHR0cDovL3d3dy53My5vcmcvMjAwMC9zdmciPjwvc3ZnPg==\" style=\"--smush-placeholder-width: 4272px; --smush-placeholder-aspect-ratio: 4272\/2480;\" \/><\/p>\n<p>&nbsp;<\/p>\n<p>Estiveram reunidos na tarde dessa sexta-feira (02) o provedor do HSVP, Dr. Ronaldo Gomes; Dr. Munir Jacob (diretor t\u00e9cnico); Deputado Estadual Dirceu dos Santos Ribeiro (PHS) e sua esposa senhora S\u00f4nia Ribeiro; Dr. R\u00f4mulo D\u2019avila, conselheiro; Dr. Altivo S\u00e9rgio; Magdala de Almeida, diretora financeiro; Meyre Abrah\u00e3o Saraiva, psic\u00f3loga do hospital; Reginaldo Furtado de Carvalho, representando a Ger\u00eancia Regional de Sa\u00fade; Isa\u00edas Sime\u00e3o, diretor administrativo; Mi\u00facha Trajano, assessora; Roberta Candian, assessora.<\/p>\n<p>Representando a Funda\u00e7\u00e3o Cristiano Varella, o ex Deputado Federal Lael Varella (DEM), em sua companhia esteve o Diretor Geral da Funda\u00e7\u00e3o, S\u00e9rgio Henriques.<\/p>\n<p>&nbsp;&nbsp;&nbsp;&nbsp;&nbsp;&nbsp;&nbsp;&nbsp;&nbsp;&nbsp;&nbsp;&nbsp; Depois de uma hora de reuni\u00e3o representantes do hospital e da funda\u00e7\u00e3o sa\u00edram otimistas e convencidos de que o projeto sai do papel e em breve ser\u00e1 uma grande realidade.<\/p>\n<div style=\"position:relative;height:0;padding-bottom:75.0%\"><iframe data-src=\"https:\/\/www.youtube.com\/embed\/cVCTte9bl1w?ecver=2\" width=\"480\" height=\"360\" frameborder=\"0\" allow=\"autoplay; encrypted-media\" style=\"position:absolute;width:100%;height:100%;left:0\" allowfullscreen src=\"data:image\/svg+xml;base64,PHN2ZyB3aWR0aD0iMSIgaGVpZ2h0PSIxIiB4bWxucz0iaHR0cDovL3d3dy53My5vcmcvMjAwMC9zdmciPjwvc3ZnPg==\" class=\"lazyload\" data-load-mode=\"1\"><\/iframe><\/div>\n<p>&nbsp;<\/p>\n<p>&nbsp;<\/p>\n","protected":false},"excerpt":{"rendered":"<p>&nbsp; &nbsp;&nbsp;&nbsp;&nbsp;&nbsp;&nbsp;&nbsp;&nbsp;&nbsp;&nbsp;&nbsp;&nbsp;&nbsp;&nbsp; &nbsp; &nbsp; Estiveram reunidos na tarde dessa sexta-feira<\/p>\n","protected":false},"author":2,"featured_media":384,"comment_status":"open","ping_status":"open","sticky":false,"template":"","format":"standard","meta":{"footnotes":""},"categories":[1],"tags":[],"class_list":["post-374","post","type-post","status-publish","format-standard","has-post-thumbnail","hentry","category-sem-categoria"],"yoast_head":"<!-- This site is optimized with the Yoast SEO plugin v27.2 - https:\/\/yoast.com\/product\/yoast-seo-wordpress\/ -->\n<title>Exclusivo: Acompanhe na \u00edntegra a reuni\u00e3o que pode traduzir em tratamento oncol\u00f3gico para Ub\u00e1, atrav\u00e9s de parceria entre Hospital S\u00e3o Vicente de Paulo e a Funda\u00e7\u00e3o Cristiano Varella. Primeira parte. - Ub\u00e1 News<\/title>\n<meta name=\"robots\" content=\"index, follow, max-snippet:-1, max-image-preview:large, max-video-preview:-1\" \/>\n<link rel=\"canonical\" href=\"https:\/\/ubanews.com\/site\/2018\/03\/02\/exclusivo-acompanhe-na-integra-a-reuniao-que-pode-traduzir-em-tratamento-oncologico-para-uba-atraves-de-parceria-entre-hospital-sao-vicente-de-paulo-e-a-fundacao-cristiano-varella-primeira-parte\/\" \/>\n<meta property=\"og:locale\" content=\"pt_BR\" \/>\n<meta property=\"og:type\" content=\"article\" \/>\n<meta property=\"og:title\" content=\"Exclusivo: Acompanhe na \u00edntegra a reuni\u00e3o que pode traduzir em tratamento oncol\u00f3gico para Ub\u00e1, atrav\u00e9s de parceria entre Hospital S\u00e3o Vicente de Paulo e a Funda\u00e7\u00e3o Cristiano Varella. Primeira parte. - Ub\u00e1 News\" \/>\n<meta property=\"og:description\" content=\"&nbsp; &nbsp;&nbsp;&nbsp;&nbsp;&nbsp;&nbsp;&nbsp;&nbsp;&nbsp;&nbsp;&nbsp;&nbsp;&nbsp;&nbsp; &nbsp; &nbsp; Estiveram reunidos na tarde dessa sexta-feira\" \/>\n<meta property=\"og:url\" content=\"https:\/\/ubanews.com\/site\/2018\/03\/02\/exclusivo-acompanhe-na-integra-a-reuniao-que-pode-traduzir-em-tratamento-oncologico-para-uba-atraves-de-parceria-entre-hospital-sao-vicente-de-paulo-e-a-fundacao-cristiano-varella-primeira-parte\/\" \/>\n<meta property=\"og:site_name\" content=\"Ub\u00e1 News\" \/>\n<meta property=\"article:publisher\" content=\"https:\/\/www.facebook.com\/Ub%c3%a1News-Carlos-Roberto-Sodr%c3%a9-418778301977370\" \/>\n<meta property=\"article:author\" content=\"https:\/\/www.facebook.com\/carosroberto.sodre.5\/\" \/>\n<meta property=\"article:published_time\" content=\"2018-03-03T00:29:59+00:00\" \/>\n<meta property=\"article:modified_time\" content=\"2018-03-07T16:45:07+00:00\" \/>\n<meta property=\"og:image\" content=\"https:\/\/ubanews.com\/site\/wp-content\/uploads\/2018\/03\/2-3.jpg\" \/>\n\t<meta property=\"og:image:width\" content=\"800\" \/>\n\t<meta property=\"og:image:height\" content=\"464\" \/>\n\t<meta property=\"og:image:type\" content=\"image\/jpeg\" \/>\n<meta name=\"author\" content=\"Sodr\u00e9\" \/>\n<meta name=\"twitter:card\" content=\"summary_large_image\" \/>\n<meta name=\"twitter:label1\" content=\"Escrito por\" \/>\n\t<meta name=\"twitter:data1\" content=\"Sodr\u00e9\" \/>\n\t<meta name=\"twitter:label2\" content=\"Est. tempo de leitura\" \/>\n\t<meta name=\"twitter:data2\" content=\"1 minuto\" \/>\n<script type=\"application\/ld+json\" class=\"yoast-schema-graph\">{\"@context\":\"https:\/\/schema.org\",\"@graph\":[{\"@type\":\"Article\",\"@id\":\"https:\/\/ubanews.com\/site\/2018\/03\/02\/exclusivo-acompanhe-na-integra-a-reuniao-que-pode-traduzir-em-tratamento-oncologico-para-uba-atraves-de-parceria-entre-hospital-sao-vicente-de-paulo-e-a-fundacao-cristiano-varella-primeira-parte\/#article\",\"isPartOf\":{\"@id\":\"https:\/\/ubanews.com\/site\/2018\/03\/02\/exclusivo-acompanhe-na-integra-a-reuniao-que-pode-traduzir-em-tratamento-oncologico-para-uba-atraves-de-parceria-entre-hospital-sao-vicente-de-paulo-e-a-fundacao-cristiano-varella-primeira-parte\/\"},\"author\":{\"name\":\"Sodr\u00e9\",\"@id\":\"https:\/\/ubanews.com\/site\/#\/schema\/person\/d90c9e47252fbb63dcc969fe4c8b9d10\"},\"headline\":\"Exclusivo: Acompanhe na \u00edntegra a reuni\u00e3o que pode traduzir em tratamento oncol\u00f3gico para Ub\u00e1, atrav\u00e9s de parceria entre Hospital S\u00e3o Vicente de Paulo e a Funda\u00e7\u00e3o Cristiano Varella. Primeira parte.\",\"datePublished\":\"2018-03-03T00:29:59+00:00\",\"dateModified\":\"2018-03-07T16:45:07+00:00\",\"mainEntityOfPage\":{\"@id\":\"https:\/\/ubanews.com\/site\/2018\/03\/02\/exclusivo-acompanhe-na-integra-a-reuniao-que-pode-traduzir-em-tratamento-oncologico-para-uba-atraves-de-parceria-entre-hospital-sao-vicente-de-paulo-e-a-fundacao-cristiano-varella-primeira-parte\/\"},\"wordCount\":206,\"commentCount\":0,\"publisher\":{\"@id\":\"https:\/\/ubanews.com\/site\/#organization\"},\"image\":{\"@id\":\"https:\/\/ubanews.com\/site\/2018\/03\/02\/exclusivo-acompanhe-na-integra-a-reuniao-que-pode-traduzir-em-tratamento-oncologico-para-uba-atraves-de-parceria-entre-hospital-sao-vicente-de-paulo-e-a-fundacao-cristiano-varella-primeira-parte\/#primaryimage\"},\"thumbnailUrl\":\"https:\/\/ubanews.com\/site\/wp-content\/uploads\/2018\/03\/2-3.jpg\",\"articleSection\":[\"Geral\"],\"inLanguage\":\"pt-BR\",\"potentialAction\":[{\"@type\":\"CommentAction\",\"name\":\"Comment\",\"target\":[\"https:\/\/ubanews.com\/site\/2018\/03\/02\/exclusivo-acompanhe-na-integra-a-reuniao-que-pode-traduzir-em-tratamento-oncologico-para-uba-atraves-de-parceria-entre-hospital-sao-vicente-de-paulo-e-a-fundacao-cristiano-varella-primeira-parte\/#respond\"]}]},{\"@type\":\"WebPage\",\"@id\":\"https:\/\/ubanews.com\/site\/2018\/03\/02\/exclusivo-acompanhe-na-integra-a-reuniao-que-pode-traduzir-em-tratamento-oncologico-para-uba-atraves-de-parceria-entre-hospital-sao-vicente-de-paulo-e-a-fundacao-cristiano-varella-primeira-parte\/\",\"url\":\"https:\/\/ubanews.com\/site\/2018\/03\/02\/exclusivo-acompanhe-na-integra-a-reuniao-que-pode-traduzir-em-tratamento-oncologico-para-uba-atraves-de-parceria-entre-hospital-sao-vicente-de-paulo-e-a-fundacao-cristiano-varella-primeira-parte\/\",\"name\":\"Exclusivo: Acompanhe na \u00edntegra a reuni\u00e3o que pode traduzir em tratamento oncol\u00f3gico para Ub\u00e1, atrav\u00e9s de parceria entre Hospital S\u00e3o Vicente de Paulo e a Funda\u00e7\u00e3o Cristiano Varella. Primeira parte. - Ub\u00e1 News\",\"isPartOf\":{\"@id\":\"https:\/\/ubanews.com\/site\/#website\"},\"primaryImageOfPage\":{\"@id\":\"https:\/\/ubanews.com\/site\/2018\/03\/02\/exclusivo-acompanhe-na-integra-a-reuniao-que-pode-traduzir-em-tratamento-oncologico-para-uba-atraves-de-parceria-entre-hospital-sao-vicente-de-paulo-e-a-fundacao-cristiano-varella-primeira-parte\/#primaryimage\"},\"image\":{\"@id\":\"https:\/\/ubanews.com\/site\/2018\/03\/02\/exclusivo-acompanhe-na-integra-a-reuniao-que-pode-traduzir-em-tratamento-oncologico-para-uba-atraves-de-parceria-entre-hospital-sao-vicente-de-paulo-e-a-fundacao-cristiano-varella-primeira-parte\/#primaryimage\"},\"thumbnailUrl\":\"https:\/\/ubanews.com\/site\/wp-content\/uploads\/2018\/03\/2-3.jpg\",\"datePublished\":\"2018-03-03T00:29:59+00:00\",\"dateModified\":\"2018-03-07T16:45:07+00:00\",\"breadcrumb\":{\"@id\":\"https:\/\/ubanews.com\/site\/2018\/03\/02\/exclusivo-acompanhe-na-integra-a-reuniao-que-pode-traduzir-em-tratamento-oncologico-para-uba-atraves-de-parceria-entre-hospital-sao-vicente-de-paulo-e-a-fundacao-cristiano-varella-primeira-parte\/#breadcrumb\"},\"inLanguage\":\"pt-BR\",\"potentialAction\":[{\"@type\":\"ReadAction\",\"target\":[\"https:\/\/ubanews.com\/site\/2018\/03\/02\/exclusivo-acompanhe-na-integra-a-reuniao-que-pode-traduzir-em-tratamento-oncologico-para-uba-atraves-de-parceria-entre-hospital-sao-vicente-de-paulo-e-a-fundacao-cristiano-varella-primeira-parte\/\"]}]},{\"@type\":\"ImageObject\",\"inLanguage\":\"pt-BR\",\"@id\":\"https:\/\/ubanews.com\/site\/2018\/03\/02\/exclusivo-acompanhe-na-integra-a-reuniao-que-pode-traduzir-em-tratamento-oncologico-para-uba-atraves-de-parceria-entre-hospital-sao-vicente-de-paulo-e-a-fundacao-cristiano-varella-primeira-parte\/#primaryimage\",\"url\":\"https:\/\/ubanews.com\/site\/wp-content\/uploads\/2018\/03\/2-3.jpg\",\"contentUrl\":\"https:\/\/ubanews.com\/site\/wp-content\/uploads\/2018\/03\/2-3.jpg\",\"width\":800,\"height\":464},{\"@type\":\"BreadcrumbList\",\"@id\":\"https:\/\/ubanews.com\/site\/2018\/03\/02\/exclusivo-acompanhe-na-integra-a-reuniao-que-pode-traduzir-em-tratamento-oncologico-para-uba-atraves-de-parceria-entre-hospital-sao-vicente-de-paulo-e-a-fundacao-cristiano-varella-primeira-parte\/#breadcrumb\",\"itemListElement\":[{\"@type\":\"ListItem\",\"position\":1,\"name\":\"Home\",\"item\":\"https:\/\/ubanews.com\/site\/\"},{\"@type\":\"ListItem\",\"position\":2,\"name\":\"Exclusivo: Acompanhe na \u00edntegra a reuni\u00e3o que pode traduzir em tratamento oncol\u00f3gico para Ub\u00e1, atrav\u00e9s de parceria entre Hospital S\u00e3o Vicente de Paulo e a Funda\u00e7\u00e3o Cristiano Varella. Primeira parte.\"}]},{\"@type\":\"WebSite\",\"@id\":\"https:\/\/ubanews.com\/site\/#website\",\"url\":\"https:\/\/ubanews.com\/site\/\",\"name\":\"Ub\u00e1 News\",\"description\":\"\",\"publisher\":{\"@id\":\"https:\/\/ubanews.com\/site\/#organization\"},\"potentialAction\":[{\"@type\":\"SearchAction\",\"target\":{\"@type\":\"EntryPoint\",\"urlTemplate\":\"https:\/\/ubanews.com\/site\/?s={search_term_string}\"},\"query-input\":{\"@type\":\"PropertyValueSpecification\",\"valueRequired\":true,\"valueName\":\"search_term_string\"}}],\"inLanguage\":\"pt-BR\"},{\"@type\":\"Organization\",\"@id\":\"https:\/\/ubanews.com\/site\/#organization\",\"name\":\"Ub\u00e1 News\",\"url\":\"https:\/\/ubanews.com\/site\/\",\"logo\":{\"@type\":\"ImageObject\",\"inLanguage\":\"pt-BR\",\"@id\":\"https:\/\/ubanews.com\/site\/#\/schema\/logo\/image\/\",\"url\":\"https:\/\/ubanews.com\/site\/wp-content\/uploads\/2018\/01\/logoubanews.png\",\"contentUrl\":\"https:\/\/ubanews.com\/site\/wp-content\/uploads\/2018\/01\/logoubanews.png\",\"width\":261,\"height\":99,\"caption\":\"Ub\u00e1 News\"},\"image\":{\"@id\":\"https:\/\/ubanews.com\/site\/#\/schema\/logo\/image\/\"},\"sameAs\":[\"https:\/\/www.facebook.com\/Ub\u00e1News-Carlos-Roberto-Sodr\u00e9-418778301977370\"]},{\"@type\":\"Person\",\"@id\":\"https:\/\/ubanews.com\/site\/#\/schema\/person\/d90c9e47252fbb63dcc969fe4c8b9d10\",\"name\":\"Sodr\u00e9\",\"image\":{\"@type\":\"ImageObject\",\"inLanguage\":\"pt-BR\",\"@id\":\"https:\/\/secure.gravatar.com\/avatar\/5ba2793f0590b9dbfad3fdec4ee714485b3eef211c9b32ee53d414060454a56c?s=96&d=mm&r=g\",\"url\":\"https:\/\/secure.gravatar.com\/avatar\/5ba2793f0590b9dbfad3fdec4ee714485b3eef211c9b32ee53d414060454a56c?s=96&d=mm&r=g\",\"contentUrl\":\"https:\/\/secure.gravatar.com\/avatar\/5ba2793f0590b9dbfad3fdec4ee714485b3eef211c9b32ee53d414060454a56c?s=96&d=mm&r=g\",\"caption\":\"Sodr\u00e9\"},\"sameAs\":[\"https:\/\/www.facebook.com\/carosroberto.sodre.5\/\"],\"url\":\"https:\/\/ubanews.com\/site\/author\/felipe\/\"}]}<\/script>\n<!-- \/ Yoast SEO plugin. -->","yoast_head_json":{"title":"Exclusivo: Acompanhe na \u00edntegra a reuni\u00e3o que pode traduzir em tratamento oncol\u00f3gico para Ub\u00e1, atrav\u00e9s de parceria entre Hospital S\u00e3o Vicente de Paulo e a Funda\u00e7\u00e3o Cristiano Varella. Primeira parte. - Ub\u00e1 News","robots":{"index":"index","follow":"follow","max-snippet":"max-snippet:-1","max-image-preview":"max-image-preview:large","max-video-preview":"max-video-preview:-1"},"canonical":"https:\/\/ubanews.com\/site\/2018\/03\/02\/exclusivo-acompanhe-na-integra-a-reuniao-que-pode-traduzir-em-tratamento-oncologico-para-uba-atraves-de-parceria-entre-hospital-sao-vicente-de-paulo-e-a-fundacao-cristiano-varella-primeira-parte\/","og_locale":"pt_BR","og_type":"article","og_title":"Exclusivo: Acompanhe na \u00edntegra a reuni\u00e3o que pode traduzir em tratamento oncol\u00f3gico para Ub\u00e1, atrav\u00e9s de parceria entre Hospital S\u00e3o Vicente de Paulo e a Funda\u00e7\u00e3o Cristiano Varella. Primeira parte. - Ub\u00e1 News","og_description":"&nbsp; &nbsp;&nbsp;&nbsp;&nbsp;&nbsp;&nbsp;&nbsp;&nbsp;&nbsp;&nbsp;&nbsp;&nbsp;&nbsp;&nbsp; &nbsp; &nbsp; Estiveram reunidos na tarde dessa sexta-feira","og_url":"https:\/\/ubanews.com\/site\/2018\/03\/02\/exclusivo-acompanhe-na-integra-a-reuniao-que-pode-traduzir-em-tratamento-oncologico-para-uba-atraves-de-parceria-entre-hospital-sao-vicente-de-paulo-e-a-fundacao-cristiano-varella-primeira-parte\/","og_site_name":"Ub\u00e1 News","article_publisher":"https:\/\/www.facebook.com\/Ub%c3%a1News-Carlos-Roberto-Sodr%c3%a9-418778301977370","article_author":"https:\/\/www.facebook.com\/carosroberto.sodre.5\/","article_published_time":"2018-03-03T00:29:59+00:00","article_modified_time":"2018-03-07T16:45:07+00:00","og_image":[{"width":800,"height":464,"url":"https:\/\/ubanews.com\/site\/wp-content\/uploads\/2018\/03\/2-3.jpg","type":"image\/jpeg"}],"author":"Sodr\u00e9","twitter_card":"summary_large_image","twitter_misc":{"Escrito por":"Sodr\u00e9","Est. tempo de leitura":"1 minuto"},"schema":{"@context":"https:\/\/schema.org","@graph":[{"@type":"Article","@id":"https:\/\/ubanews.com\/site\/2018\/03\/02\/exclusivo-acompanhe-na-integra-a-reuniao-que-pode-traduzir-em-tratamento-oncologico-para-uba-atraves-de-parceria-entre-hospital-sao-vicente-de-paulo-e-a-fundacao-cristiano-varella-primeira-parte\/#article","isPartOf":{"@id":"https:\/\/ubanews.com\/site\/2018\/03\/02\/exclusivo-acompanhe-na-integra-a-reuniao-que-pode-traduzir-em-tratamento-oncologico-para-uba-atraves-de-parceria-entre-hospital-sao-vicente-de-paulo-e-a-fundacao-cristiano-varella-primeira-parte\/"},"author":{"name":"Sodr\u00e9","@id":"https:\/\/ubanews.com\/site\/#\/schema\/person\/d90c9e47252fbb63dcc969fe4c8b9d10"},"headline":"Exclusivo: Acompanhe na \u00edntegra a reuni\u00e3o que pode traduzir em tratamento oncol\u00f3gico para Ub\u00e1, atrav\u00e9s de parceria entre Hospital S\u00e3o Vicente de Paulo e a Funda\u00e7\u00e3o Cristiano Varella. Primeira parte.","datePublished":"2018-03-03T00:29:59+00:00","dateModified":"2018-03-07T16:45:07+00:00","mainEntityOfPage":{"@id":"https:\/\/ubanews.com\/site\/2018\/03\/02\/exclusivo-acompanhe-na-integra-a-reuniao-que-pode-traduzir-em-tratamento-oncologico-para-uba-atraves-de-parceria-entre-hospital-sao-vicente-de-paulo-e-a-fundacao-cristiano-varella-primeira-parte\/"},"wordCount":206,"commentCount":0,"publisher":{"@id":"https:\/\/ubanews.com\/site\/#organization"},"image":{"@id":"https:\/\/ubanews.com\/site\/2018\/03\/02\/exclusivo-acompanhe-na-integra-a-reuniao-que-pode-traduzir-em-tratamento-oncologico-para-uba-atraves-de-parceria-entre-hospital-sao-vicente-de-paulo-e-a-fundacao-cristiano-varella-primeira-parte\/#primaryimage"},"thumbnailUrl":"https:\/\/ubanews.com\/site\/wp-content\/uploads\/2018\/03\/2-3.jpg","articleSection":["Geral"],"inLanguage":"pt-BR","potentialAction":[{"@type":"CommentAction","name":"Comment","target":["https:\/\/ubanews.com\/site\/2018\/03\/02\/exclusivo-acompanhe-na-integra-a-reuniao-que-pode-traduzir-em-tratamento-oncologico-para-uba-atraves-de-parceria-entre-hospital-sao-vicente-de-paulo-e-a-fundacao-cristiano-varella-primeira-parte\/#respond"]}]},{"@type":"WebPage","@id":"https:\/\/ubanews.com\/site\/2018\/03\/02\/exclusivo-acompanhe-na-integra-a-reuniao-que-pode-traduzir-em-tratamento-oncologico-para-uba-atraves-de-parceria-entre-hospital-sao-vicente-de-paulo-e-a-fundacao-cristiano-varella-primeira-parte\/","url":"https:\/\/ubanews.com\/site\/2018\/03\/02\/exclusivo-acompanhe-na-integra-a-reuniao-que-pode-traduzir-em-tratamento-oncologico-para-uba-atraves-de-parceria-entre-hospital-sao-vicente-de-paulo-e-a-fundacao-cristiano-varella-primeira-parte\/","name":"Exclusivo: Acompanhe na \u00edntegra a reuni\u00e3o que pode traduzir em tratamento oncol\u00f3gico para Ub\u00e1, atrav\u00e9s de parceria entre Hospital S\u00e3o Vicente de Paulo e a Funda\u00e7\u00e3o Cristiano Varella. Primeira parte. - Ub\u00e1 News","isPartOf":{"@id":"https:\/\/ubanews.com\/site\/#website"},"primaryImageOfPage":{"@id":"https:\/\/ubanews.com\/site\/2018\/03\/02\/exclusivo-acompanhe-na-integra-a-reuniao-que-pode-traduzir-em-tratamento-oncologico-para-uba-atraves-de-parceria-entre-hospital-sao-vicente-de-paulo-e-a-fundacao-cristiano-varella-primeira-parte\/#primaryimage"},"image":{"@id":"https:\/\/ubanews.com\/site\/2018\/03\/02\/exclusivo-acompanhe-na-integra-a-reuniao-que-pode-traduzir-em-tratamento-oncologico-para-uba-atraves-de-parceria-entre-hospital-sao-vicente-de-paulo-e-a-fundacao-cristiano-varella-primeira-parte\/#primaryimage"},"thumbnailUrl":"https:\/\/ubanews.com\/site\/wp-content\/uploads\/2018\/03\/2-3.jpg","datePublished":"2018-03-03T00:29:59+00:00","dateModified":"2018-03-07T16:45:07+00:00","breadcrumb":{"@id":"https:\/\/ubanews.com\/site\/2018\/03\/02\/exclusivo-acompanhe-na-integra-a-reuniao-que-pode-traduzir-em-tratamento-oncologico-para-uba-atraves-de-parceria-entre-hospital-sao-vicente-de-paulo-e-a-fundacao-cristiano-varella-primeira-parte\/#breadcrumb"},"inLanguage":"pt-BR","potentialAction":[{"@type":"ReadAction","target":["https:\/\/ubanews.com\/site\/2018\/03\/02\/exclusivo-acompanhe-na-integra-a-reuniao-que-pode-traduzir-em-tratamento-oncologico-para-uba-atraves-de-parceria-entre-hospital-sao-vicente-de-paulo-e-a-fundacao-cristiano-varella-primeira-parte\/"]}]},{"@type":"ImageObject","inLanguage":"pt-BR","@id":"https:\/\/ubanews.com\/site\/2018\/03\/02\/exclusivo-acompanhe-na-integra-a-reuniao-que-pode-traduzir-em-tratamento-oncologico-para-uba-atraves-de-parceria-entre-hospital-sao-vicente-de-paulo-e-a-fundacao-cristiano-varella-primeira-parte\/#primaryimage","url":"https:\/\/ubanews.com\/site\/wp-content\/uploads\/2018\/03\/2-3.jpg","contentUrl":"https:\/\/ubanews.com\/site\/wp-content\/uploads\/2018\/03\/2-3.jpg","width":800,"height":464},{"@type":"BreadcrumbList","@id":"https:\/\/ubanews.com\/site\/2018\/03\/02\/exclusivo-acompanhe-na-integra-a-reuniao-que-pode-traduzir-em-tratamento-oncologico-para-uba-atraves-de-parceria-entre-hospital-sao-vicente-de-paulo-e-a-fundacao-cristiano-varella-primeira-parte\/#breadcrumb","itemListElement":[{"@type":"ListItem","position":1,"name":"Home","item":"https:\/\/ubanews.com\/site\/"},{"@type":"ListItem","position":2,"name":"Exclusivo: Acompanhe na \u00edntegra a reuni\u00e3o que pode traduzir em tratamento oncol\u00f3gico para Ub\u00e1, atrav\u00e9s de parceria entre Hospital S\u00e3o Vicente de Paulo e a Funda\u00e7\u00e3o Cristiano Varella. Primeira parte."}]},{"@type":"WebSite","@id":"https:\/\/ubanews.com\/site\/#website","url":"https:\/\/ubanews.com\/site\/","name":"Ub\u00e1 News","description":"","publisher":{"@id":"https:\/\/ubanews.com\/site\/#organization"},"potentialAction":[{"@type":"SearchAction","target":{"@type":"EntryPoint","urlTemplate":"https:\/\/ubanews.com\/site\/?s={search_term_string}"},"query-input":{"@type":"PropertyValueSpecification","valueRequired":true,"valueName":"search_term_string"}}],"inLanguage":"pt-BR"},{"@type":"Organization","@id":"https:\/\/ubanews.com\/site\/#organization","name":"Ub\u00e1 News","url":"https:\/\/ubanews.com\/site\/","logo":{"@type":"ImageObject","inLanguage":"pt-BR","@id":"https:\/\/ubanews.com\/site\/#\/schema\/logo\/image\/","url":"https:\/\/ubanews.com\/site\/wp-content\/uploads\/2018\/01\/logoubanews.png","contentUrl":"https:\/\/ubanews.com\/site\/wp-content\/uploads\/2018\/01\/logoubanews.png","width":261,"height":99,"caption":"Ub\u00e1 News"},"image":{"@id":"https:\/\/ubanews.com\/site\/#\/schema\/logo\/image\/"},"sameAs":["https:\/\/www.facebook.com\/Ub\u00e1News-Carlos-Roberto-Sodr\u00e9-418778301977370"]},{"@type":"Person","@id":"https:\/\/ubanews.com\/site\/#\/schema\/person\/d90c9e47252fbb63dcc969fe4c8b9d10","name":"Sodr\u00e9","image":{"@type":"ImageObject","inLanguage":"pt-BR","@id":"https:\/\/secure.gravatar.com\/avatar\/5ba2793f0590b9dbfad3fdec4ee714485b3eef211c9b32ee53d414060454a56c?s=96&d=mm&r=g","url":"https:\/\/secure.gravatar.com\/avatar\/5ba2793f0590b9dbfad3fdec4ee714485b3eef211c9b32ee53d414060454a56c?s=96&d=mm&r=g","contentUrl":"https:\/\/secure.gravatar.com\/avatar\/5ba2793f0590b9dbfad3fdec4ee714485b3eef211c9b32ee53d414060454a56c?s=96&d=mm&r=g","caption":"Sodr\u00e9"},"sameAs":["https:\/\/www.facebook.com\/carosroberto.sodre.5\/"],"url":"https:\/\/ubanews.com\/site\/author\/felipe\/"}]}},"_links":{"self":[{"href":"https:\/\/ubanews.com\/site\/wp-json\/wp\/v2\/posts\/374","targetHints":{"allow":["GET"]}}],"collection":[{"href":"https:\/\/ubanews.com\/site\/wp-json\/wp\/v2\/posts"}],"about":[{"href":"https:\/\/ubanews.com\/site\/wp-json\/wp\/v2\/types\/post"}],"author":[{"embeddable":true,"href":"https:\/\/ubanews.com\/site\/wp-json\/wp\/v2\/users\/2"}],"replies":[{"embeddable":true,"href":"https:\/\/ubanews.com\/site\/wp-json\/wp\/v2\/comments?post=374"}],"version-history":[{"count":0,"href":"https:\/\/ubanews.com\/site\/wp-json\/wp\/v2\/posts\/374\/revisions"}],"wp:featuredmedia":[{"embeddable":true,"href":"https:\/\/ubanews.com\/site\/wp-json\/wp\/v2\/media\/384"}],"wp:attachment":[{"href":"https:\/\/ubanews.com\/site\/wp-json\/wp\/v2\/media?parent=374"}],"wp:term":[{"taxonomy":"category","embeddable":true,"href":"https:\/\/ubanews.com\/site\/wp-json\/wp\/v2\/categories?post=374"},{"taxonomy":"post_tag","embeddable":true,"href":"https:\/\/ubanews.com\/site\/wp-json\/wp\/v2\/tags?post=374"}],"curies":[{"name":"wp","href":"https:\/\/api.w.org\/{rel}","templated":true}]}}