{"id":3534,"date":"2018-05-19T10:14:26","date_gmt":"2018-05-19T13:14:26","guid":{"rendered":"http:\/\/ubanews.com\/site\/?p=3534"},"modified":"2018-05-20T15:54:45","modified_gmt":"2018-05-20T18:54:45","slug":"a-exploracao-de-criancas-e-adolescentes-foi-assunto-em-pauta-tratado-com-relevancia-entre-as-autoridades-do-municipio","status":"publish","type":"post","link":"https:\/\/ubanews.com\/site\/2018\/05\/19\/a-exploracao-de-criancas-e-adolescentes-foi-assunto-em-pauta-tratado-com-relevancia-entre-as-autoridades-do-municipio\/","title":{"rendered":"A explora\u00e7\u00e3o de crian\u00e7as e adolescentes foi assunto em pauta tratado com relev\u00e2ncia entre as autoridades do munic\u00edpio"},"content":{"rendered":"<p><img decoding=\"async\" class=\"alignnone size-full wp-image-3548 lazyload\" data-src=\"https:\/\/ubanews.com\/site\/wp-content\/uploads\/2018\/05\/DSC08269-c\u00f3pia.jpg\" alt=\"\" width=\"800\" height=\"457\" data-srcset=\"https:\/\/ubanews.com\/site\/wp-content\/uploads\/2018\/05\/DSC08269-c\u00f3pia.jpg 800w, https:\/\/ubanews.com\/site\/wp-content\/uploads\/2018\/05\/DSC08269-c\u00f3pia-300x171.jpg 300w, https:\/\/ubanews.com\/site\/wp-content\/uploads\/2018\/05\/DSC08269-c\u00f3pia-768x439.jpg 768w\" data-sizes=\"(max-width: 800px) 100vw, 800px\" src=\"data:image\/svg+xml;base64,PHN2ZyB3aWR0aD0iMSIgaGVpZ2h0PSIxIiB4bWxucz0iaHR0cDovL3d3dy53My5vcmcvMjAwMC9zdmciPjwvc3ZnPg==\" style=\"--smush-placeholder-width: 800px; --smush-placeholder-aspect-ratio: 800\/457;\" \/> <img decoding=\"async\" class=\"alignnone size-full wp-image-3549 lazyload\" data-src=\"https:\/\/ubanews.com\/site\/wp-content\/uploads\/2018\/05\/DSC08276-c\u00f3pia.jpg\" alt=\"\" width=\"800\" height=\"457\" data-srcset=\"https:\/\/ubanews.com\/site\/wp-content\/uploads\/2018\/05\/DSC08276-c\u00f3pia.jpg 800w, https:\/\/ubanews.com\/site\/wp-content\/uploads\/2018\/05\/DSC08276-c\u00f3pia-300x171.jpg 300w, https:\/\/ubanews.com\/site\/wp-content\/uploads\/2018\/05\/DSC08276-c\u00f3pia-768x439.jpg 768w\" data-sizes=\"(max-width: 800px) 100vw, 800px\" src=\"data:image\/svg+xml;base64,PHN2ZyB3aWR0aD0iMSIgaGVpZ2h0PSIxIiB4bWxucz0iaHR0cDovL3d3dy53My5vcmcvMjAwMC9zdmciPjwvc3ZnPg==\" style=\"--smush-placeholder-width: 800px; --smush-placeholder-aspect-ratio: 800\/457;\" \/> <img decoding=\"async\" class=\"alignnone size-full wp-image-3550 lazyload\" data-src=\"https:\/\/ubanews.com\/site\/wp-content\/uploads\/2018\/05\/DSC08281-c\u00f3pia.jpg\" alt=\"\" width=\"800\" height=\"457\" data-srcset=\"https:\/\/ubanews.com\/site\/wp-content\/uploads\/2018\/05\/DSC08281-c\u00f3pia.jpg 800w, https:\/\/ubanews.com\/site\/wp-content\/uploads\/2018\/05\/DSC08281-c\u00f3pia-300x171.jpg 300w, https:\/\/ubanews.com\/site\/wp-content\/uploads\/2018\/05\/DSC08281-c\u00f3pia-768x439.jpg 768w\" data-sizes=\"(max-width: 800px) 100vw, 800px\" src=\"data:image\/svg+xml;base64,PHN2ZyB3aWR0aD0iMSIgaGVpZ2h0PSIxIiB4bWxucz0iaHR0cDovL3d3dy53My5vcmcvMjAwMC9zdmciPjwvc3ZnPg==\" style=\"--smush-placeholder-width: 800px; --smush-placeholder-aspect-ratio: 800\/457;\" \/> <img decoding=\"async\" class=\"alignnone size-full wp-image-3551 lazyload\" data-src=\"https:\/\/ubanews.com\/site\/wp-content\/uploads\/2018\/05\/DSC08284-c\u00f3pia.jpg\" alt=\"\" width=\"800\" height=\"457\" data-srcset=\"https:\/\/ubanews.com\/site\/wp-content\/uploads\/2018\/05\/DSC08284-c\u00f3pia.jpg 800w, https:\/\/ubanews.com\/site\/wp-content\/uploads\/2018\/05\/DSC08284-c\u00f3pia-300x171.jpg 300w, https:\/\/ubanews.com\/site\/wp-content\/uploads\/2018\/05\/DSC08284-c\u00f3pia-768x439.jpg 768w\" data-sizes=\"(max-width: 800px) 100vw, 800px\" src=\"data:image\/svg+xml;base64,PHN2ZyB3aWR0aD0iMSIgaGVpZ2h0PSIxIiB4bWxucz0iaHR0cDovL3d3dy53My5vcmcvMjAwMC9zdmciPjwvc3ZnPg==\" style=\"--smush-placeholder-width: 800px; --smush-placeholder-aspect-ratio: 800\/457;\" \/> <img decoding=\"async\" class=\"alignnone size-full wp-image-3552 lazyload\" data-src=\"https:\/\/ubanews.com\/site\/wp-content\/uploads\/2018\/05\/DSC08286-c\u00f3pia.jpg\" alt=\"\" width=\"800\" height=\"457\" data-srcset=\"https:\/\/ubanews.com\/site\/wp-content\/uploads\/2018\/05\/DSC08286-c\u00f3pia.jpg 800w, https:\/\/ubanews.com\/site\/wp-content\/uploads\/2018\/05\/DSC08286-c\u00f3pia-300x171.jpg 300w, https:\/\/ubanews.com\/site\/wp-content\/uploads\/2018\/05\/DSC08286-c\u00f3pia-768x439.jpg 768w\" data-sizes=\"(max-width: 800px) 100vw, 800px\" src=\"data:image\/svg+xml;base64,PHN2ZyB3aWR0aD0iMSIgaGVpZ2h0PSIxIiB4bWxucz0iaHR0cDovL3d3dy53My5vcmcvMjAwMC9zdmciPjwvc3ZnPg==\" style=\"--smush-placeholder-width: 800px; --smush-placeholder-aspect-ratio: 800\/457;\" \/> <img decoding=\"async\" class=\"alignnone size-full wp-image-3553 lazyload\" data-src=\"https:\/\/ubanews.com\/site\/wp-content\/uploads\/2018\/05\/DSC08287-c\u00f3pia.jpg\" alt=\"\" width=\"800\" height=\"457\" data-srcset=\"https:\/\/ubanews.com\/site\/wp-content\/uploads\/2018\/05\/DSC08287-c\u00f3pia.jpg 800w, https:\/\/ubanews.com\/site\/wp-content\/uploads\/2018\/05\/DSC08287-c\u00f3pia-300x171.jpg 300w, https:\/\/ubanews.com\/site\/wp-content\/uploads\/2018\/05\/DSC08287-c\u00f3pia-768x439.jpg 768w\" data-sizes=\"(max-width: 800px) 100vw, 800px\" src=\"data:image\/svg+xml;base64,PHN2ZyB3aWR0aD0iMSIgaGVpZ2h0PSIxIiB4bWxucz0iaHR0cDovL3d3dy53My5vcmcvMjAwMC9zdmciPjwvc3ZnPg==\" style=\"--smush-placeholder-width: 800px; --smush-placeholder-aspect-ratio: 800\/457;\" \/> <img decoding=\"async\" class=\"alignnone size-full wp-image-3554 lazyload\" data-src=\"https:\/\/ubanews.com\/site\/wp-content\/uploads\/2018\/05\/DSC08300-c\u00f3pia.jpg\" alt=\"\" width=\"800\" height=\"457\" data-srcset=\"https:\/\/ubanews.com\/site\/wp-content\/uploads\/2018\/05\/DSC08300-c\u00f3pia.jpg 800w, https:\/\/ubanews.com\/site\/wp-content\/uploads\/2018\/05\/DSC08300-c\u00f3pia-300x171.jpg 300w, https:\/\/ubanews.com\/site\/wp-content\/uploads\/2018\/05\/DSC08300-c\u00f3pia-768x439.jpg 768w\" data-sizes=\"(max-width: 800px) 100vw, 800px\" src=\"data:image\/svg+xml;base64,PHN2ZyB3aWR0aD0iMSIgaGVpZ2h0PSIxIiB4bWxucz0iaHR0cDovL3d3dy53My5vcmcvMjAwMC9zdmciPjwvc3ZnPg==\" style=\"--smush-placeholder-width: 800px; --smush-placeholder-aspect-ratio: 800\/457;\" \/> <img decoding=\"async\" class=\"alignnone size-full wp-image-3555 lazyload\" data-src=\"https:\/\/ubanews.com\/site\/wp-content\/uploads\/2018\/05\/DSC08307-c\u00f3pia.jpg\" alt=\"\" width=\"800\" height=\"457\" data-srcset=\"https:\/\/ubanews.com\/site\/wp-content\/uploads\/2018\/05\/DSC08307-c\u00f3pia.jpg 800w, https:\/\/ubanews.com\/site\/wp-content\/uploads\/2018\/05\/DSC08307-c\u00f3pia-300x171.jpg 300w, https:\/\/ubanews.com\/site\/wp-content\/uploads\/2018\/05\/DSC08307-c\u00f3pia-768x439.jpg 768w\" data-sizes=\"(max-width: 800px) 100vw, 800px\" src=\"data:image\/svg+xml;base64,PHN2ZyB3aWR0aD0iMSIgaGVpZ2h0PSIxIiB4bWxucz0iaHR0cDovL3d3dy53My5vcmcvMjAwMC9zdmciPjwvc3ZnPg==\" style=\"--smush-placeholder-width: 800px; --smush-placeholder-aspect-ratio: 800\/457;\" \/> <img decoding=\"async\" class=\"alignnone size-full wp-image-3556 lazyload\" data-src=\"https:\/\/ubanews.com\/site\/wp-content\/uploads\/2018\/05\/DSC08309-c\u00f3pia.jpg\" alt=\"\" width=\"800\" height=\"457\" data-srcset=\"https:\/\/ubanews.com\/site\/wp-content\/uploads\/2018\/05\/DSC08309-c\u00f3pia.jpg 800w, https:\/\/ubanews.com\/site\/wp-content\/uploads\/2018\/05\/DSC08309-c\u00f3pia-300x171.jpg 300w, https:\/\/ubanews.com\/site\/wp-content\/uploads\/2018\/05\/DSC08309-c\u00f3pia-768x439.jpg 768w\" data-sizes=\"(max-width: 800px) 100vw, 800px\" src=\"data:image\/svg+xml;base64,PHN2ZyB3aWR0aD0iMSIgaGVpZ2h0PSIxIiB4bWxucz0iaHR0cDovL3d3dy53My5vcmcvMjAwMC9zdmciPjwvc3ZnPg==\" style=\"--smush-placeholder-width: 800px; --smush-placeholder-aspect-ratio: 800\/457;\" \/> <img decoding=\"async\" class=\"alignnone size-full wp-image-3557 lazyload\" data-src=\"https:\/\/ubanews.com\/site\/wp-content\/uploads\/2018\/05\/DSC08311-c\u00f3pia.jpg\" alt=\"\" width=\"800\" height=\"457\" data-srcset=\"https:\/\/ubanews.com\/site\/wp-content\/uploads\/2018\/05\/DSC08311-c\u00f3pia.jpg 800w, https:\/\/ubanews.com\/site\/wp-content\/uploads\/2018\/05\/DSC08311-c\u00f3pia-300x171.jpg 300w, https:\/\/ubanews.com\/site\/wp-content\/uploads\/2018\/05\/DSC08311-c\u00f3pia-768x439.jpg 768w\" data-sizes=\"(max-width: 800px) 100vw, 800px\" src=\"data:image\/svg+xml;base64,PHN2ZyB3aWR0aD0iMSIgaGVpZ2h0PSIxIiB4bWxucz0iaHR0cDovL3d3dy53My5vcmcvMjAwMC9zdmciPjwvc3ZnPg==\" style=\"--smush-placeholder-width: 800px; --smush-placeholder-aspect-ratio: 800\/457;\" \/> <img decoding=\"async\" class=\"alignnone size-full wp-image-3558 lazyload\" data-src=\"https:\/\/ubanews.com\/site\/wp-content\/uploads\/2018\/05\/DSC08315-c\u00f3pia.jpg\" alt=\"\" width=\"800\" height=\"457\" data-srcset=\"https:\/\/ubanews.com\/site\/wp-content\/uploads\/2018\/05\/DSC08315-c\u00f3pia.jpg 800w, https:\/\/ubanews.com\/site\/wp-content\/uploads\/2018\/05\/DSC08315-c\u00f3pia-300x171.jpg 300w, https:\/\/ubanews.com\/site\/wp-content\/uploads\/2018\/05\/DSC08315-c\u00f3pia-768x439.jpg 768w\" data-sizes=\"(max-width: 800px) 100vw, 800px\" src=\"data:image\/svg+xml;base64,PHN2ZyB3aWR0aD0iMSIgaGVpZ2h0PSIxIiB4bWxucz0iaHR0cDovL3d3dy53My5vcmcvMjAwMC9zdmciPjwvc3ZnPg==\" style=\"--smush-placeholder-width: 800px; --smush-placeholder-aspect-ratio: 800\/457;\" \/> <img decoding=\"async\" class=\"alignnone size-full wp-image-3560 lazyload\" data-src=\"https:\/\/ubanews.com\/site\/wp-content\/uploads\/2018\/05\/DSC08274-c\u00f3pia.jpg\" alt=\"\" width=\"800\" height=\"457\" data-srcset=\"https:\/\/ubanews.com\/site\/wp-content\/uploads\/2018\/05\/DSC08274-c\u00f3pia.jpg 800w, https:\/\/ubanews.com\/site\/wp-content\/uploads\/2018\/05\/DSC08274-c\u00f3pia-300x171.jpg 300w, https:\/\/ubanews.com\/site\/wp-content\/uploads\/2018\/05\/DSC08274-c\u00f3pia-768x439.jpg 768w\" data-sizes=\"(max-width: 800px) 100vw, 800px\" src=\"data:image\/svg+xml;base64,PHN2ZyB3aWR0aD0iMSIgaGVpZ2h0PSIxIiB4bWxucz0iaHR0cDovL3d3dy53My5vcmcvMjAwMC9zdmciPjwvc3ZnPg==\" style=\"--smush-placeholder-width: 800px; --smush-placeholder-aspect-ratio: 800\/457;\" \/><\/p>\n<p>A Secretaria Municipal de Desenvolvimento Social, sob a coordena\u00e7\u00e3o de toda a equipe do CREAS, promoveu o I F\u00f3rum Municipal de Combate ao Abuso e Explora\u00e7\u00e3o Sexual Contra Crian\u00e7as e Adolescentes. Reunindo profissionais de v\u00e1rios setores envolvidos nessa luta, o f\u00f3rum antecipou as discuss\u00f5es levantadas em todo o pa\u00eds no dia 18 de maio, data que simboliza o combate contra a viola\u00e7\u00e3o dos direitos sexuais de nossas crian\u00e7as e jovens. Estiveram presentes o prefeito Edson Teixeira Filho; o vice Vin\u00edcius Samor; Dr. Thiago Brega de Assis, Juiz de Direito; Dr. Bruno Guerra de Oliveira, Promotor de Justi\u00e7a; Capit\u00e3o Waltenir, representando as for\u00e7as de Seguran\u00e7a P\u00fablica de Minas Gerais; Samuel Gazolla, da SER; a Assistente Social Shisllene Pedroso e demais autoridades.<br \/>\nImportantes quest\u00f5es foram levantadas, como a necessidade de fortalecer as articula\u00e7\u00f5es de toda a rede do munic\u00edpio para o combate a essas viola\u00e7\u00f5es que infelizmente ocorrem. Cabe aos gestores, profissionais da \u00e1rea, adultos e pessoas conscientes a responsabilidade legal de proteger e defender crian\u00e7as e adolescentes, convocar todos para assumirem o compromisso no enfrentamento da viol\u00eancia sexual para que, quem sabe um dia, n\u00e3o seja mais necess\u00e1rio travar essa luta.<\/p>\n<p>Para marcar o Dia Nacional da Luta Antimanicomial, a Prefeitura de Ub\u00e1, atrav\u00e9s dos setores integrantes da Sa\u00fade Mental no munic\u00edpio, em especial a Coordena\u00e7\u00e3o de Sa\u00fade Mental, promoveu uma semana de a\u00e7\u00f5es caracterizadas pela luta aos direitos das pessoas com sofrimento mental. Diversas atividades incluindo atividades extra-CAPS, aconteceram nesta semana de 14 a 18 de maio, com o principal objetivo de&nbsp; lembrar que, como todos os seres humanos, pacientes com problemas mentais t\u00eam o direito fundamental \u00e0 liberdade, de viver em sociedade e de receber tratamento sem ser privado de seu papel de cidad\u00e3o.<\/p>\n<p>Dentre as a\u00e7\u00f5es promovidas, usu\u00e1rios e colaboradores do CAPS II \u2013 Guida Solero, realizaram, na manh\u00e3 desta sexta-feira, dia 18 de maio, um passeio de trenzinho pelas ruas da cidade para festejar o dia<\/p>\n","protected":false},"excerpt":{"rendered":"<p>A Secretaria Municipal de Desenvolvimento Social, sob a coordena\u00e7\u00e3o de<\/p>\n","protected":false},"author":2,"featured_media":3559,"comment_status":"open","ping_status":"open","sticky":false,"template":"","format":"standard","meta":{"footnotes":""},"categories":[1],"tags":[],"class_list":["post-3534","post","type-post","status-publish","format-standard","has-post-thumbnail","hentry","category-sem-categoria"],"yoast_head":"<!-- This site is optimized with the Yoast SEO plugin v27.2 - https:\/\/yoast.com\/product\/yoast-seo-wordpress\/ -->\n<title>A explora\u00e7\u00e3o de crian\u00e7as e adolescentes foi assunto em pauta tratado com relev\u00e2ncia entre as autoridades do munic\u00edpio - Ub\u00e1 News<\/title>\n<meta name=\"robots\" content=\"index, follow, max-snippet:-1, max-image-preview:large, max-video-preview:-1\" \/>\n<link rel=\"canonical\" href=\"https:\/\/ubanews.com\/site\/2018\/05\/19\/a-exploracao-de-criancas-e-adolescentes-foi-assunto-em-pauta-tratado-com-relevancia-entre-as-autoridades-do-municipio\/\" \/>\n<meta property=\"og:locale\" content=\"pt_BR\" \/>\n<meta property=\"og:type\" content=\"article\" \/>\n<meta property=\"og:title\" content=\"A explora\u00e7\u00e3o de crian\u00e7as e adolescentes foi assunto em pauta tratado com relev\u00e2ncia entre as autoridades do munic\u00edpio - Ub\u00e1 News\" \/>\n<meta property=\"og:description\" content=\"A Secretaria Municipal de Desenvolvimento Social, sob a coordena\u00e7\u00e3o de\" \/>\n<meta property=\"og:url\" content=\"https:\/\/ubanews.com\/site\/2018\/05\/19\/a-exploracao-de-criancas-e-adolescentes-foi-assunto-em-pauta-tratado-com-relevancia-entre-as-autoridades-do-municipio\/\" \/>\n<meta property=\"og:site_name\" content=\"Ub\u00e1 News\" \/>\n<meta property=\"article:publisher\" content=\"https:\/\/www.facebook.com\/Ub%c3%a1News-Carlos-Roberto-Sodr%c3%a9-418778301977370\" \/>\n<meta property=\"article:author\" content=\"https:\/\/www.facebook.com\/carosroberto.sodre.5\/\" \/>\n<meta property=\"article:published_time\" content=\"2018-05-19T13:14:26+00:00\" \/>\n<meta property=\"article:modified_time\" content=\"2018-05-20T18:54:45+00:00\" \/>\n<meta property=\"og:image\" content=\"https:\/\/ubanews.com\/site\/wp-content\/uploads\/2018\/05\/DSC08326-c\u00f3pia.jpg\" \/>\n\t<meta property=\"og:image:width\" content=\"800\" \/>\n\t<meta property=\"og:image:height\" content=\"457\" \/>\n\t<meta property=\"og:image:type\" content=\"image\/jpeg\" \/>\n<meta name=\"author\" content=\"Sodr\u00e9\" \/>\n<meta name=\"twitter:card\" content=\"summary_large_image\" \/>\n<meta name=\"twitter:label1\" content=\"Escrito por\" \/>\n\t<meta name=\"twitter:data1\" content=\"Sodr\u00e9\" \/>\n\t<meta name=\"twitter:label2\" content=\"Est. tempo de leitura\" \/>\n\t<meta name=\"twitter:data2\" content=\"2 minutos\" \/>\n<script type=\"application\/ld+json\" class=\"yoast-schema-graph\">{\"@context\":\"https:\/\/schema.org\",\"@graph\":[{\"@type\":\"Article\",\"@id\":\"https:\/\/ubanews.com\/site\/2018\/05\/19\/a-exploracao-de-criancas-e-adolescentes-foi-assunto-em-pauta-tratado-com-relevancia-entre-as-autoridades-do-municipio\/#article\",\"isPartOf\":{\"@id\":\"https:\/\/ubanews.com\/site\/2018\/05\/19\/a-exploracao-de-criancas-e-adolescentes-foi-assunto-em-pauta-tratado-com-relevancia-entre-as-autoridades-do-municipio\/\"},\"author\":{\"name\":\"Sodr\u00e9\",\"@id\":\"https:\/\/ubanews.com\/site\/#\/schema\/person\/d90c9e47252fbb63dcc969fe4c8b9d10\"},\"headline\":\"A explora\u00e7\u00e3o de crian\u00e7as e adolescentes foi assunto em pauta tratado com relev\u00e2ncia entre as autoridades do munic\u00edpio\",\"datePublished\":\"2018-05-19T13:14:26+00:00\",\"dateModified\":\"2018-05-20T18:54:45+00:00\",\"mainEntityOfPage\":{\"@id\":\"https:\/\/ubanews.com\/site\/2018\/05\/19\/a-exploracao-de-criancas-e-adolescentes-foi-assunto-em-pauta-tratado-com-relevancia-entre-as-autoridades-do-municipio\/\"},\"wordCount\":370,\"commentCount\":0,\"publisher\":{\"@id\":\"https:\/\/ubanews.com\/site\/#organization\"},\"image\":{\"@id\":\"https:\/\/ubanews.com\/site\/2018\/05\/19\/a-exploracao-de-criancas-e-adolescentes-foi-assunto-em-pauta-tratado-com-relevancia-entre-as-autoridades-do-municipio\/#primaryimage\"},\"thumbnailUrl\":\"https:\/\/ubanews.com\/site\/wp-content\/uploads\/2018\/05\/DSC08326-c\u00f3pia.jpg\",\"articleSection\":[\"Geral\"],\"inLanguage\":\"pt-BR\",\"potentialAction\":[{\"@type\":\"CommentAction\",\"name\":\"Comment\",\"target\":[\"https:\/\/ubanews.com\/site\/2018\/05\/19\/a-exploracao-de-criancas-e-adolescentes-foi-assunto-em-pauta-tratado-com-relevancia-entre-as-autoridades-do-municipio\/#respond\"]}]},{\"@type\":\"WebPage\",\"@id\":\"https:\/\/ubanews.com\/site\/2018\/05\/19\/a-exploracao-de-criancas-e-adolescentes-foi-assunto-em-pauta-tratado-com-relevancia-entre-as-autoridades-do-municipio\/\",\"url\":\"https:\/\/ubanews.com\/site\/2018\/05\/19\/a-exploracao-de-criancas-e-adolescentes-foi-assunto-em-pauta-tratado-com-relevancia-entre-as-autoridades-do-municipio\/\",\"name\":\"A explora\u00e7\u00e3o de crian\u00e7as e adolescentes foi assunto em pauta tratado com relev\u00e2ncia entre as autoridades do munic\u00edpio - Ub\u00e1 News\",\"isPartOf\":{\"@id\":\"https:\/\/ubanews.com\/site\/#website\"},\"primaryImageOfPage\":{\"@id\":\"https:\/\/ubanews.com\/site\/2018\/05\/19\/a-exploracao-de-criancas-e-adolescentes-foi-assunto-em-pauta-tratado-com-relevancia-entre-as-autoridades-do-municipio\/#primaryimage\"},\"image\":{\"@id\":\"https:\/\/ubanews.com\/site\/2018\/05\/19\/a-exploracao-de-criancas-e-adolescentes-foi-assunto-em-pauta-tratado-com-relevancia-entre-as-autoridades-do-municipio\/#primaryimage\"},\"thumbnailUrl\":\"https:\/\/ubanews.com\/site\/wp-content\/uploads\/2018\/05\/DSC08326-c\u00f3pia.jpg\",\"datePublished\":\"2018-05-19T13:14:26+00:00\",\"dateModified\":\"2018-05-20T18:54:45+00:00\",\"breadcrumb\":{\"@id\":\"https:\/\/ubanews.com\/site\/2018\/05\/19\/a-exploracao-de-criancas-e-adolescentes-foi-assunto-em-pauta-tratado-com-relevancia-entre-as-autoridades-do-municipio\/#breadcrumb\"},\"inLanguage\":\"pt-BR\",\"potentialAction\":[{\"@type\":\"ReadAction\",\"target\":[\"https:\/\/ubanews.com\/site\/2018\/05\/19\/a-exploracao-de-criancas-e-adolescentes-foi-assunto-em-pauta-tratado-com-relevancia-entre-as-autoridades-do-municipio\/\"]}]},{\"@type\":\"ImageObject\",\"inLanguage\":\"pt-BR\",\"@id\":\"https:\/\/ubanews.com\/site\/2018\/05\/19\/a-exploracao-de-criancas-e-adolescentes-foi-assunto-em-pauta-tratado-com-relevancia-entre-as-autoridades-do-municipio\/#primaryimage\",\"url\":\"https:\/\/ubanews.com\/site\/wp-content\/uploads\/2018\/05\/DSC08326-c\u00f3pia.jpg\",\"contentUrl\":\"https:\/\/ubanews.com\/site\/wp-content\/uploads\/2018\/05\/DSC08326-c\u00f3pia.jpg\",\"width\":800,\"height\":457},{\"@type\":\"BreadcrumbList\",\"@id\":\"https:\/\/ubanews.com\/site\/2018\/05\/19\/a-exploracao-de-criancas-e-adolescentes-foi-assunto-em-pauta-tratado-com-relevancia-entre-as-autoridades-do-municipio\/#breadcrumb\",\"itemListElement\":[{\"@type\":\"ListItem\",\"position\":1,\"name\":\"Home\",\"item\":\"https:\/\/ubanews.com\/site\/\"},{\"@type\":\"ListItem\",\"position\":2,\"name\":\"A explora\u00e7\u00e3o de crian\u00e7as e adolescentes foi assunto em pauta tratado com relev\u00e2ncia entre as autoridades do munic\u00edpio\"}]},{\"@type\":\"WebSite\",\"@id\":\"https:\/\/ubanews.com\/site\/#website\",\"url\":\"https:\/\/ubanews.com\/site\/\",\"name\":\"Ub\u00e1 News\",\"description\":\"\",\"publisher\":{\"@id\":\"https:\/\/ubanews.com\/site\/#organization\"},\"potentialAction\":[{\"@type\":\"SearchAction\",\"target\":{\"@type\":\"EntryPoint\",\"urlTemplate\":\"https:\/\/ubanews.com\/site\/?s={search_term_string}\"},\"query-input\":{\"@type\":\"PropertyValueSpecification\",\"valueRequired\":true,\"valueName\":\"search_term_string\"}}],\"inLanguage\":\"pt-BR\"},{\"@type\":\"Organization\",\"@id\":\"https:\/\/ubanews.com\/site\/#organization\",\"name\":\"Ub\u00e1 News\",\"url\":\"https:\/\/ubanews.com\/site\/\",\"logo\":{\"@type\":\"ImageObject\",\"inLanguage\":\"pt-BR\",\"@id\":\"https:\/\/ubanews.com\/site\/#\/schema\/logo\/image\/\",\"url\":\"https:\/\/ubanews.com\/site\/wp-content\/uploads\/2018\/01\/logoubanews.png\",\"contentUrl\":\"https:\/\/ubanews.com\/site\/wp-content\/uploads\/2018\/01\/logoubanews.png\",\"width\":261,\"height\":99,\"caption\":\"Ub\u00e1 News\"},\"image\":{\"@id\":\"https:\/\/ubanews.com\/site\/#\/schema\/logo\/image\/\"},\"sameAs\":[\"https:\/\/www.facebook.com\/Ub\u00e1News-Carlos-Roberto-Sodr\u00e9-418778301977370\"]},{\"@type\":\"Person\",\"@id\":\"https:\/\/ubanews.com\/site\/#\/schema\/person\/d90c9e47252fbb63dcc969fe4c8b9d10\",\"name\":\"Sodr\u00e9\",\"image\":{\"@type\":\"ImageObject\",\"inLanguage\":\"pt-BR\",\"@id\":\"https:\/\/secure.gravatar.com\/avatar\/5ba2793f0590b9dbfad3fdec4ee714485b3eef211c9b32ee53d414060454a56c?s=96&d=mm&r=g\",\"url\":\"https:\/\/secure.gravatar.com\/avatar\/5ba2793f0590b9dbfad3fdec4ee714485b3eef211c9b32ee53d414060454a56c?s=96&d=mm&r=g\",\"contentUrl\":\"https:\/\/secure.gravatar.com\/avatar\/5ba2793f0590b9dbfad3fdec4ee714485b3eef211c9b32ee53d414060454a56c?s=96&d=mm&r=g\",\"caption\":\"Sodr\u00e9\"},\"sameAs\":[\"https:\/\/www.facebook.com\/carosroberto.sodre.5\/\"],\"url\":\"https:\/\/ubanews.com\/site\/author\/felipe\/\"}]}<\/script>\n<!-- \/ Yoast SEO plugin. -->","yoast_head_json":{"title":"A explora\u00e7\u00e3o de crian\u00e7as e adolescentes foi assunto em pauta tratado com relev\u00e2ncia entre as autoridades do munic\u00edpio - Ub\u00e1 News","robots":{"index":"index","follow":"follow","max-snippet":"max-snippet:-1","max-image-preview":"max-image-preview:large","max-video-preview":"max-video-preview:-1"},"canonical":"https:\/\/ubanews.com\/site\/2018\/05\/19\/a-exploracao-de-criancas-e-adolescentes-foi-assunto-em-pauta-tratado-com-relevancia-entre-as-autoridades-do-municipio\/","og_locale":"pt_BR","og_type":"article","og_title":"A explora\u00e7\u00e3o de crian\u00e7as e adolescentes foi assunto em pauta tratado com relev\u00e2ncia entre as autoridades do munic\u00edpio - Ub\u00e1 News","og_description":"A Secretaria Municipal de Desenvolvimento Social, sob a coordena\u00e7\u00e3o de","og_url":"https:\/\/ubanews.com\/site\/2018\/05\/19\/a-exploracao-de-criancas-e-adolescentes-foi-assunto-em-pauta-tratado-com-relevancia-entre-as-autoridades-do-municipio\/","og_site_name":"Ub\u00e1 News","article_publisher":"https:\/\/www.facebook.com\/Ub%c3%a1News-Carlos-Roberto-Sodr%c3%a9-418778301977370","article_author":"https:\/\/www.facebook.com\/carosroberto.sodre.5\/","article_published_time":"2018-05-19T13:14:26+00:00","article_modified_time":"2018-05-20T18:54:45+00:00","og_image":[{"width":800,"height":457,"url":"https:\/\/ubanews.com\/site\/wp-content\/uploads\/2018\/05\/DSC08326-c\u00f3pia.jpg","type":"image\/jpeg"}],"author":"Sodr\u00e9","twitter_card":"summary_large_image","twitter_misc":{"Escrito por":"Sodr\u00e9","Est. tempo de leitura":"2 minutos"},"schema":{"@context":"https:\/\/schema.org","@graph":[{"@type":"Article","@id":"https:\/\/ubanews.com\/site\/2018\/05\/19\/a-exploracao-de-criancas-e-adolescentes-foi-assunto-em-pauta-tratado-com-relevancia-entre-as-autoridades-do-municipio\/#article","isPartOf":{"@id":"https:\/\/ubanews.com\/site\/2018\/05\/19\/a-exploracao-de-criancas-e-adolescentes-foi-assunto-em-pauta-tratado-com-relevancia-entre-as-autoridades-do-municipio\/"},"author":{"name":"Sodr\u00e9","@id":"https:\/\/ubanews.com\/site\/#\/schema\/person\/d90c9e47252fbb63dcc969fe4c8b9d10"},"headline":"A explora\u00e7\u00e3o de crian\u00e7as e adolescentes foi assunto em pauta tratado com relev\u00e2ncia entre as autoridades do munic\u00edpio","datePublished":"2018-05-19T13:14:26+00:00","dateModified":"2018-05-20T18:54:45+00:00","mainEntityOfPage":{"@id":"https:\/\/ubanews.com\/site\/2018\/05\/19\/a-exploracao-de-criancas-e-adolescentes-foi-assunto-em-pauta-tratado-com-relevancia-entre-as-autoridades-do-municipio\/"},"wordCount":370,"commentCount":0,"publisher":{"@id":"https:\/\/ubanews.com\/site\/#organization"},"image":{"@id":"https:\/\/ubanews.com\/site\/2018\/05\/19\/a-exploracao-de-criancas-e-adolescentes-foi-assunto-em-pauta-tratado-com-relevancia-entre-as-autoridades-do-municipio\/#primaryimage"},"thumbnailUrl":"https:\/\/ubanews.com\/site\/wp-content\/uploads\/2018\/05\/DSC08326-c\u00f3pia.jpg","articleSection":["Geral"],"inLanguage":"pt-BR","potentialAction":[{"@type":"CommentAction","name":"Comment","target":["https:\/\/ubanews.com\/site\/2018\/05\/19\/a-exploracao-de-criancas-e-adolescentes-foi-assunto-em-pauta-tratado-com-relevancia-entre-as-autoridades-do-municipio\/#respond"]}]},{"@type":"WebPage","@id":"https:\/\/ubanews.com\/site\/2018\/05\/19\/a-exploracao-de-criancas-e-adolescentes-foi-assunto-em-pauta-tratado-com-relevancia-entre-as-autoridades-do-municipio\/","url":"https:\/\/ubanews.com\/site\/2018\/05\/19\/a-exploracao-de-criancas-e-adolescentes-foi-assunto-em-pauta-tratado-com-relevancia-entre-as-autoridades-do-municipio\/","name":"A explora\u00e7\u00e3o de crian\u00e7as e adolescentes foi assunto em pauta tratado com relev\u00e2ncia entre as autoridades do munic\u00edpio - Ub\u00e1 News","isPartOf":{"@id":"https:\/\/ubanews.com\/site\/#website"},"primaryImageOfPage":{"@id":"https:\/\/ubanews.com\/site\/2018\/05\/19\/a-exploracao-de-criancas-e-adolescentes-foi-assunto-em-pauta-tratado-com-relevancia-entre-as-autoridades-do-municipio\/#primaryimage"},"image":{"@id":"https:\/\/ubanews.com\/site\/2018\/05\/19\/a-exploracao-de-criancas-e-adolescentes-foi-assunto-em-pauta-tratado-com-relevancia-entre-as-autoridades-do-municipio\/#primaryimage"},"thumbnailUrl":"https:\/\/ubanews.com\/site\/wp-content\/uploads\/2018\/05\/DSC08326-c\u00f3pia.jpg","datePublished":"2018-05-19T13:14:26+00:00","dateModified":"2018-05-20T18:54:45+00:00","breadcrumb":{"@id":"https:\/\/ubanews.com\/site\/2018\/05\/19\/a-exploracao-de-criancas-e-adolescentes-foi-assunto-em-pauta-tratado-com-relevancia-entre-as-autoridades-do-municipio\/#breadcrumb"},"inLanguage":"pt-BR","potentialAction":[{"@type":"ReadAction","target":["https:\/\/ubanews.com\/site\/2018\/05\/19\/a-exploracao-de-criancas-e-adolescentes-foi-assunto-em-pauta-tratado-com-relevancia-entre-as-autoridades-do-municipio\/"]}]},{"@type":"ImageObject","inLanguage":"pt-BR","@id":"https:\/\/ubanews.com\/site\/2018\/05\/19\/a-exploracao-de-criancas-e-adolescentes-foi-assunto-em-pauta-tratado-com-relevancia-entre-as-autoridades-do-municipio\/#primaryimage","url":"https:\/\/ubanews.com\/site\/wp-content\/uploads\/2018\/05\/DSC08326-c\u00f3pia.jpg","contentUrl":"https:\/\/ubanews.com\/site\/wp-content\/uploads\/2018\/05\/DSC08326-c\u00f3pia.jpg","width":800,"height":457},{"@type":"BreadcrumbList","@id":"https:\/\/ubanews.com\/site\/2018\/05\/19\/a-exploracao-de-criancas-e-adolescentes-foi-assunto-em-pauta-tratado-com-relevancia-entre-as-autoridades-do-municipio\/#breadcrumb","itemListElement":[{"@type":"ListItem","position":1,"name":"Home","item":"https:\/\/ubanews.com\/site\/"},{"@type":"ListItem","position":2,"name":"A explora\u00e7\u00e3o de crian\u00e7as e adolescentes foi assunto em pauta tratado com relev\u00e2ncia entre as autoridades do munic\u00edpio"}]},{"@type":"WebSite","@id":"https:\/\/ubanews.com\/site\/#website","url":"https:\/\/ubanews.com\/site\/","name":"Ub\u00e1 News","description":"","publisher":{"@id":"https:\/\/ubanews.com\/site\/#organization"},"potentialAction":[{"@type":"SearchAction","target":{"@type":"EntryPoint","urlTemplate":"https:\/\/ubanews.com\/site\/?s={search_term_string}"},"query-input":{"@type":"PropertyValueSpecification","valueRequired":true,"valueName":"search_term_string"}}],"inLanguage":"pt-BR"},{"@type":"Organization","@id":"https:\/\/ubanews.com\/site\/#organization","name":"Ub\u00e1 News","url":"https:\/\/ubanews.com\/site\/","logo":{"@type":"ImageObject","inLanguage":"pt-BR","@id":"https:\/\/ubanews.com\/site\/#\/schema\/logo\/image\/","url":"https:\/\/ubanews.com\/site\/wp-content\/uploads\/2018\/01\/logoubanews.png","contentUrl":"https:\/\/ubanews.com\/site\/wp-content\/uploads\/2018\/01\/logoubanews.png","width":261,"height":99,"caption":"Ub\u00e1 News"},"image":{"@id":"https:\/\/ubanews.com\/site\/#\/schema\/logo\/image\/"},"sameAs":["https:\/\/www.facebook.com\/Ub\u00e1News-Carlos-Roberto-Sodr\u00e9-418778301977370"]},{"@type":"Person","@id":"https:\/\/ubanews.com\/site\/#\/schema\/person\/d90c9e47252fbb63dcc969fe4c8b9d10","name":"Sodr\u00e9","image":{"@type":"ImageObject","inLanguage":"pt-BR","@id":"https:\/\/secure.gravatar.com\/avatar\/5ba2793f0590b9dbfad3fdec4ee714485b3eef211c9b32ee53d414060454a56c?s=96&d=mm&r=g","url":"https:\/\/secure.gravatar.com\/avatar\/5ba2793f0590b9dbfad3fdec4ee714485b3eef211c9b32ee53d414060454a56c?s=96&d=mm&r=g","contentUrl":"https:\/\/secure.gravatar.com\/avatar\/5ba2793f0590b9dbfad3fdec4ee714485b3eef211c9b32ee53d414060454a56c?s=96&d=mm&r=g","caption":"Sodr\u00e9"},"sameAs":["https:\/\/www.facebook.com\/carosroberto.sodre.5\/"],"url":"https:\/\/ubanews.com\/site\/author\/felipe\/"}]}},"_links":{"self":[{"href":"https:\/\/ubanews.com\/site\/wp-json\/wp\/v2\/posts\/3534","targetHints":{"allow":["GET"]}}],"collection":[{"href":"https:\/\/ubanews.com\/site\/wp-json\/wp\/v2\/posts"}],"about":[{"href":"https:\/\/ubanews.com\/site\/wp-json\/wp\/v2\/types\/post"}],"author":[{"embeddable":true,"href":"https:\/\/ubanews.com\/site\/wp-json\/wp\/v2\/users\/2"}],"replies":[{"embeddable":true,"href":"https:\/\/ubanews.com\/site\/wp-json\/wp\/v2\/comments?post=3534"}],"version-history":[{"count":0,"href":"https:\/\/ubanews.com\/site\/wp-json\/wp\/v2\/posts\/3534\/revisions"}],"wp:featuredmedia":[{"embeddable":true,"href":"https:\/\/ubanews.com\/site\/wp-json\/wp\/v2\/media\/3559"}],"wp:attachment":[{"href":"https:\/\/ubanews.com\/site\/wp-json\/wp\/v2\/media?parent=3534"}],"wp:term":[{"taxonomy":"category","embeddable":true,"href":"https:\/\/ubanews.com\/site\/wp-json\/wp\/v2\/categories?post=3534"},{"taxonomy":"post_tag","embeddable":true,"href":"https:\/\/ubanews.com\/site\/wp-json\/wp\/v2\/tags?post=3534"}],"curies":[{"name":"wp","href":"https:\/\/api.w.org\/{rel}","templated":true}]}}