{"id":3520,"date":"2018-05-18T11:59:39","date_gmt":"2018-05-18T14:59:39","guid":{"rendered":"http:\/\/ubanews.com\/site\/?p=3520"},"modified":"2018-05-20T15:54:40","modified_gmt":"2018-05-20T18:54:40","slug":"carioca-faz-entrevista-na-radio-em-criciuma-nesta-semana","status":"publish","type":"post","link":"https:\/\/ubanews.com\/site\/2018\/05\/18\/carioca-faz-entrevista-na-radio-em-criciuma-nesta-semana\/","title":{"rendered":"Carioca faz entrevista na r\u00e1dio em Crici\u00fama nesta semana"},"content":{"rendered":"<p><img decoding=\"async\" class=\"alignnone size-full wp-image-3521 lazyload\" data-src=\"https:\/\/ubanews.com\/site\/wp-content\/uploads\/2018\/05\/IMG-20180515-WA0014-c\u00f3pia.jpg\" alt=\"\" width=\"800\" height=\"457\" data-srcset=\"https:\/\/ubanews.com\/site\/wp-content\/uploads\/2018\/05\/IMG-20180515-WA0014-c\u00f3pia.jpg 800w, https:\/\/ubanews.com\/site\/wp-content\/uploads\/2018\/05\/IMG-20180515-WA0014-c\u00f3pia-300x171.jpg 300w, https:\/\/ubanews.com\/site\/wp-content\/uploads\/2018\/05\/IMG-20180515-WA0014-c\u00f3pia-768x439.jpg 768w\" data-sizes=\"(max-width: 800px) 100vw, 800px\" src=\"data:image\/svg+xml;base64,PHN2ZyB3aWR0aD0iMSIgaGVpZ2h0PSIxIiB4bWxucz0iaHR0cDovL3d3dy53My5vcmcvMjAwMC9zdmciPjwvc3ZnPg==\" style=\"--smush-placeholder-width: 800px; --smush-placeholder-aspect-ratio: 800\/457;\" \/> <img decoding=\"async\" class=\"alignnone size-full wp-image-3522 lazyload\" data-src=\"https:\/\/ubanews.com\/site\/wp-content\/uploads\/2018\/05\/IMG-20180515-WA0016-c\u00f3pia.jpg\" alt=\"\" width=\"800\" height=\"457\" data-srcset=\"https:\/\/ubanews.com\/site\/wp-content\/uploads\/2018\/05\/IMG-20180515-WA0016-c\u00f3pia.jpg 800w, https:\/\/ubanews.com\/site\/wp-content\/uploads\/2018\/05\/IMG-20180515-WA0016-c\u00f3pia-300x171.jpg 300w, https:\/\/ubanews.com\/site\/wp-content\/uploads\/2018\/05\/IMG-20180515-WA0016-c\u00f3pia-768x439.jpg 768w\" data-sizes=\"(max-width: 800px) 100vw, 800px\" src=\"data:image\/svg+xml;base64,PHN2ZyB3aWR0aD0iMSIgaGVpZ2h0PSIxIiB4bWxucz0iaHR0cDovL3d3dy53My5vcmcvMjAwMC9zdmciPjwvc3ZnPg==\" style=\"--smush-placeholder-width: 800px; --smush-placeholder-aspect-ratio: 800\/457;\" \/> <img decoding=\"async\" class=\"alignnone size-full wp-image-3523 lazyload\" data-src=\"https:\/\/ubanews.com\/site\/wp-content\/uploads\/2018\/05\/IMG-20180515-WA0022-c\u00f3pia.jpg\" alt=\"\" width=\"800\" height=\"457\" data-srcset=\"https:\/\/ubanews.com\/site\/wp-content\/uploads\/2018\/05\/IMG-20180515-WA0022-c\u00f3pia.jpg 800w, https:\/\/ubanews.com\/site\/wp-content\/uploads\/2018\/05\/IMG-20180515-WA0022-c\u00f3pia-300x171.jpg 300w, https:\/\/ubanews.com\/site\/wp-content\/uploads\/2018\/05\/IMG-20180515-WA0022-c\u00f3pia-768x439.jpg 768w\" data-sizes=\"(max-width: 800px) 100vw, 800px\" src=\"data:image\/svg+xml;base64,PHN2ZyB3aWR0aD0iMSIgaGVpZ2h0PSIxIiB4bWxucz0iaHR0cDovL3d3dy53My5vcmcvMjAwMC9zdmciPjwvc3ZnPg==\" style=\"--smush-placeholder-width: 800px; --smush-placeholder-aspect-ratio: 800\/457;\" \/> <img decoding=\"async\" class=\"alignnone size-full wp-image-3524 lazyload\" data-src=\"https:\/\/ubanews.com\/site\/wp-content\/uploads\/2018\/05\/IMG-20180515-WA0039-c\u00f3pia.jpg\" alt=\"\" width=\"800\" height=\"457\" data-srcset=\"https:\/\/ubanews.com\/site\/wp-content\/uploads\/2018\/05\/IMG-20180515-WA0039-c\u00f3pia.jpg 800w, https:\/\/ubanews.com\/site\/wp-content\/uploads\/2018\/05\/IMG-20180515-WA0039-c\u00f3pia-300x171.jpg 300w, https:\/\/ubanews.com\/site\/wp-content\/uploads\/2018\/05\/IMG-20180515-WA0039-c\u00f3pia-768x439.jpg 768w\" data-sizes=\"(max-width: 800px) 100vw, 800px\" src=\"data:image\/svg+xml;base64,PHN2ZyB3aWR0aD0iMSIgaGVpZ2h0PSIxIiB4bWxucz0iaHR0cDovL3d3dy53My5vcmcvMjAwMC9zdmciPjwvc3ZnPg==\" style=\"--smush-placeholder-width: 800px; --smush-placeholder-aspect-ratio: 800\/457;\" \/> <img decoding=\"async\" class=\"alignnone size-full wp-image-3525 lazyload\" data-src=\"https:\/\/ubanews.com\/site\/wp-content\/uploads\/2018\/05\/IMG-20180515-WA0063-c\u00f3pia.jpg\" alt=\"\" width=\"800\" height=\"457\" data-srcset=\"https:\/\/ubanews.com\/site\/wp-content\/uploads\/2018\/05\/IMG-20180515-WA0063-c\u00f3pia.jpg 800w, https:\/\/ubanews.com\/site\/wp-content\/uploads\/2018\/05\/IMG-20180515-WA0063-c\u00f3pia-300x171.jpg 300w, https:\/\/ubanews.com\/site\/wp-content\/uploads\/2018\/05\/IMG-20180515-WA0063-c\u00f3pia-768x439.jpg 768w\" data-sizes=\"(max-width: 800px) 100vw, 800px\" src=\"data:image\/svg+xml;base64,PHN2ZyB3aWR0aD0iMSIgaGVpZ2h0PSIxIiB4bWxucz0iaHR0cDovL3d3dy53My5vcmcvMjAwMC9zdmciPjwvc3ZnPg==\" style=\"--smush-placeholder-width: 800px; --smush-placeholder-aspect-ratio: 800\/457;\" \/> <img decoding=\"async\" class=\"alignnone size-full wp-image-3526 lazyload\" data-src=\"https:\/\/ubanews.com\/site\/wp-content\/uploads\/2018\/05\/IMG-20180515-WA0071-c\u00f3pia.jpg\" alt=\"\" width=\"800\" height=\"457\" data-srcset=\"https:\/\/ubanews.com\/site\/wp-content\/uploads\/2018\/05\/IMG-20180515-WA0071-c\u00f3pia.jpg 800w, https:\/\/ubanews.com\/site\/wp-content\/uploads\/2018\/05\/IMG-20180515-WA0071-c\u00f3pia-300x171.jpg 300w, https:\/\/ubanews.com\/site\/wp-content\/uploads\/2018\/05\/IMG-20180515-WA0071-c\u00f3pia-768x439.jpg 768w\" data-sizes=\"(max-width: 800px) 100vw, 800px\" src=\"data:image\/svg+xml;base64,PHN2ZyB3aWR0aD0iMSIgaGVpZ2h0PSIxIiB4bWxucz0iaHR0cDovL3d3dy53My5vcmcvMjAwMC9zdmciPjwvc3ZnPg==\" style=\"--smush-placeholder-width: 800px; --smush-placeholder-aspect-ratio: 800\/457;\" \/> <img decoding=\"async\" class=\"alignnone size-full wp-image-3527 lazyload\" data-src=\"https:\/\/ubanews.com\/site\/wp-content\/uploads\/2018\/05\/IMG-20180518-WA0003-c\u00f3pia.jpg\" alt=\"\" width=\"800\" height=\"457\" data-srcset=\"https:\/\/ubanews.com\/site\/wp-content\/uploads\/2018\/05\/IMG-20180518-WA0003-c\u00f3pia.jpg 800w, https:\/\/ubanews.com\/site\/wp-content\/uploads\/2018\/05\/IMG-20180518-WA0003-c\u00f3pia-300x171.jpg 300w, https:\/\/ubanews.com\/site\/wp-content\/uploads\/2018\/05\/IMG-20180518-WA0003-c\u00f3pia-768x439.jpg 768w\" data-sizes=\"(max-width: 800px) 100vw, 800px\" src=\"data:image\/svg+xml;base64,PHN2ZyB3aWR0aD0iMSIgaGVpZ2h0PSIxIiB4bWxucz0iaHR0cDovL3d3dy53My5vcmcvMjAwMC9zdmciPjwvc3ZnPg==\" style=\"--smush-placeholder-width: 800px; --smush-placeholder-aspect-ratio: 800\/457;\" \/> <img decoding=\"async\" class=\"alignnone size-full wp-image-3528 lazyload\" data-src=\"https:\/\/ubanews.com\/site\/wp-content\/uploads\/2018\/05\/IMG-20180518-WA0004-c\u00f3pia.jpg\" alt=\"\" width=\"800\" height=\"457\" data-srcset=\"https:\/\/ubanews.com\/site\/wp-content\/uploads\/2018\/05\/IMG-20180518-WA0004-c\u00f3pia.jpg 800w, https:\/\/ubanews.com\/site\/wp-content\/uploads\/2018\/05\/IMG-20180518-WA0004-c\u00f3pia-300x171.jpg 300w, https:\/\/ubanews.com\/site\/wp-content\/uploads\/2018\/05\/IMG-20180518-WA0004-c\u00f3pia-768x439.jpg 768w\" data-sizes=\"(max-width: 800px) 100vw, 800px\" src=\"data:image\/svg+xml;base64,PHN2ZyB3aWR0aD0iMSIgaGVpZ2h0PSIxIiB4bWxucz0iaHR0cDovL3d3dy53My5vcmcvMjAwMC9zdmciPjwvc3ZnPg==\" style=\"--smush-placeholder-width: 800px; --smush-placeholder-aspect-ratio: 800\/457;\" \/> <img decoding=\"async\" class=\"alignnone size-full wp-image-3529 lazyload\" data-src=\"https:\/\/ubanews.com\/site\/wp-content\/uploads\/2018\/05\/IMG-20180518-WA0015-c\u00f3pia.jpg\" alt=\"\" width=\"800\" height=\"457\" data-srcset=\"https:\/\/ubanews.com\/site\/wp-content\/uploads\/2018\/05\/IMG-20180518-WA0015-c\u00f3pia.jpg 800w, https:\/\/ubanews.com\/site\/wp-content\/uploads\/2018\/05\/IMG-20180518-WA0015-c\u00f3pia-300x171.jpg 300w, https:\/\/ubanews.com\/site\/wp-content\/uploads\/2018\/05\/IMG-20180518-WA0015-c\u00f3pia-768x439.jpg 768w\" data-sizes=\"(max-width: 800px) 100vw, 800px\" src=\"data:image\/svg+xml;base64,PHN2ZyB3aWR0aD0iMSIgaGVpZ2h0PSIxIiB4bWxucz0iaHR0cDovL3d3dy53My5vcmcvMjAwMC9zdmciPjwvc3ZnPg==\" style=\"--smush-placeholder-width: 800px; --smush-placeholder-aspect-ratio: 800\/457;\" \/><\/p>\n<p>\u00c0s 6h desta segunda-feira (15), Arnaldo Collares Lage (Carioca), sofreu temperatura de 15\u00baC mesmo com c\u00e9u ensolarado. Depois de tudo pronto e alimentado, \u00e0s 07h e 30min, saiu rumo a Crici\u00fama &#8211; SC, 131 km de dist\u00e2ncia do local de partida. \u00c0s 12h parou para almo\u00e7ar ap\u00f3s completar 70 km, e desta vez n\u00e3o teve parceria, Carioca teve que pagar o almo\u00e7o.<\/p>\n<p>Chegou em Crici\u00fama \u00e0s 17h, e foi direto para o Ibis Hotel onde teve atendimento pelo Sr. Paulo Monteiro, Gerente Geral e sua assistente karin Martins, Sub Gerente. Conversaram sobre o Projeto UBAG\u00c9, tiraram fotos e recebeu um belo e delicioso jantar. A rede de Hoteis Ibis \u00e9 de primeira qualidade em todos os quesitos.&nbsp; O Sr. Andr\u00e9 Casagrande, ligou para uma r\u00e1dio local onde tem amigos e falou sobre o Projeto UBAG\u00c9. Logo entraram em contato, marcando um hor\u00e1rio para uma entrevista.<\/p>\n<p>Na ter\u00e7a-feira (15), Despertou \u00e0s 06h e 30min, com temperatura de 13\u00ba graus, tomou um belo caf\u00e9 e aguardou o Sr. Paulo Monteiro Gerente para tirar mais fotos. Levou a sua bike para uma pequena revis\u00e3o oferecido na Bike Point da &nbsp;cidade Crici\u00fama- SC com o Sr. Everton cunha ( www.bikepointsc.com.br).<\/p>\n<p>Os antigos chefes da Empresa Eagle One, o Sr. Cristian Topanotti e Sr. Eduardo Dalmolin e Rodinei Topanotti, sabendo que encontrava o Carioca na cidade, entrou em contato com os jornais local e a rep\u00f3rter Rafaela Cust\u00f3dio do Portal Engeplus de Crici\u00fama- SC entrou em contato e marcaram uma entrevista \u00e0s 10h da manh\u00e3 no Hotel Ibis,.<\/p>\n<p>O Gerente Geral, Andr\u00e9 Casagrande do ibis Hotel entrou em contato com a R\u00e1dio Som Maior de Crici\u00fama e foi marcado uma grava\u00e7\u00e3o na r\u00e1dio com Mano Dalpont e a Pity Burigo que ir\u00e1 ao ar na pr\u00f3xima semana. Ainda no mesmo local, Carioca foi convidado para o Jornal A Tribuna para algumas foto com o fot\u00f3grafo Sr. Daniel Burigo e logo ap\u00f3s uma entrevista.<\/p>\n<p>Carioca pegou a sua bike \u00e0s 18h, retornou para o hotel para um bom banho e jantar encontrou com meu ex patr\u00e3o dos Estados Unidos, Sr. Cristian Topanotti e junto com Sr. Ney Topanotti, seu irm\u00e3o e deram boas gargalhadas e fotos. No dia seguinte, partiu para Torres &#8211; RS divisa com Santa Catarina e Rio Grande do Sul. Foi alertado quanto a ventos muito forte vindo do Sul, chegando \u00e0 100 km\/h, dificultando assim, a viagem.<\/p>\n<p>A Dra. M\u00f4nica Januzzi de Ub\u00e1 entrou em contato para saber do meu dia-a-dia e ofereceu apoio financeiro para ajudar no PROJETO UBAG\u00c9. O muito obrigado pelo apoio.<\/p>\n","protected":false},"excerpt":{"rendered":"<p>\u00c0s 6h desta segunda-feira (15), Arnaldo Collares Lage (Carioca), sofreu<\/p>\n","protected":false},"author":2,"featured_media":3528,"comment_status":"open","ping_status":"open","sticky":false,"template":"","format":"standard","meta":{"footnotes":""},"categories":[1],"tags":[],"class_list":["post-3520","post","type-post","status-publish","format-standard","has-post-thumbnail","hentry","category-sem-categoria"],"yoast_head":"<!-- This site is optimized with the Yoast SEO plugin v27.2 - https:\/\/yoast.com\/product\/yoast-seo-wordpress\/ -->\n<title>Carioca faz entrevista na r\u00e1dio em Crici\u00fama nesta semana - Ub\u00e1 News<\/title>\n<meta name=\"robots\" content=\"index, follow, max-snippet:-1, max-image-preview:large, max-video-preview:-1\" \/>\n<link rel=\"canonical\" href=\"https:\/\/ubanews.com\/site\/2018\/05\/18\/carioca-faz-entrevista-na-radio-em-criciuma-nesta-semana\/\" \/>\n<meta property=\"og:locale\" content=\"pt_BR\" \/>\n<meta property=\"og:type\" content=\"article\" \/>\n<meta property=\"og:title\" content=\"Carioca faz entrevista na r\u00e1dio em Crici\u00fama nesta semana - Ub\u00e1 News\" \/>\n<meta property=\"og:description\" content=\"\u00c0s 6h desta segunda-feira (15), Arnaldo Collares Lage (Carioca), sofreu\" \/>\n<meta property=\"og:url\" content=\"https:\/\/ubanews.com\/site\/2018\/05\/18\/carioca-faz-entrevista-na-radio-em-criciuma-nesta-semana\/\" \/>\n<meta property=\"og:site_name\" content=\"Ub\u00e1 News\" \/>\n<meta property=\"article:publisher\" content=\"https:\/\/www.facebook.com\/Ub%c3%a1News-Carlos-Roberto-Sodr%c3%a9-418778301977370\" \/>\n<meta property=\"article:author\" content=\"https:\/\/www.facebook.com\/carosroberto.sodre.5\/\" \/>\n<meta property=\"article:published_time\" content=\"2018-05-18T14:59:39+00:00\" \/>\n<meta property=\"article:modified_time\" content=\"2018-05-20T18:54:40+00:00\" \/>\n<meta property=\"og:image\" content=\"https:\/\/ubanews.com\/site\/wp-content\/uploads\/2018\/05\/IMG-20180518-WA0004-c\u00f3pia.jpg\" \/>\n\t<meta property=\"og:image:width\" content=\"800\" \/>\n\t<meta property=\"og:image:height\" content=\"457\" \/>\n\t<meta property=\"og:image:type\" content=\"image\/jpeg\" \/>\n<meta name=\"author\" content=\"Sodr\u00e9\" \/>\n<meta name=\"twitter:card\" content=\"summary_large_image\" \/>\n<meta name=\"twitter:label1\" content=\"Escrito por\" \/>\n\t<meta name=\"twitter:data1\" content=\"Sodr\u00e9\" \/>\n\t<meta name=\"twitter:label2\" content=\"Est. tempo de leitura\" \/>\n\t<meta name=\"twitter:data2\" content=\"2 minutos\" \/>\n<script type=\"application\/ld+json\" class=\"yoast-schema-graph\">{\"@context\":\"https:\/\/schema.org\",\"@graph\":[{\"@type\":\"Article\",\"@id\":\"https:\/\/ubanews.com\/site\/2018\/05\/18\/carioca-faz-entrevista-na-radio-em-criciuma-nesta-semana\/#article\",\"isPartOf\":{\"@id\":\"https:\/\/ubanews.com\/site\/2018\/05\/18\/carioca-faz-entrevista-na-radio-em-criciuma-nesta-semana\/\"},\"author\":{\"name\":\"Sodr\u00e9\",\"@id\":\"https:\/\/ubanews.com\/site\/#\/schema\/person\/d90c9e47252fbb63dcc969fe4c8b9d10\"},\"headline\":\"Carioca faz entrevista na r\u00e1dio em Crici\u00fama nesta semana\",\"datePublished\":\"2018-05-18T14:59:39+00:00\",\"dateModified\":\"2018-05-20T18:54:40+00:00\",\"mainEntityOfPage\":{\"@id\":\"https:\/\/ubanews.com\/site\/2018\/05\/18\/carioca-faz-entrevista-na-radio-em-criciuma-nesta-semana\/\"},\"wordCount\":457,\"commentCount\":0,\"publisher\":{\"@id\":\"https:\/\/ubanews.com\/site\/#organization\"},\"image\":{\"@id\":\"https:\/\/ubanews.com\/site\/2018\/05\/18\/carioca-faz-entrevista-na-radio-em-criciuma-nesta-semana\/#primaryimage\"},\"thumbnailUrl\":\"https:\/\/ubanews.com\/site\/wp-content\/uploads\/2018\/05\/IMG-20180518-WA0004-c\u00f3pia.jpg\",\"articleSection\":[\"Geral\"],\"inLanguage\":\"pt-BR\",\"potentialAction\":[{\"@type\":\"CommentAction\",\"name\":\"Comment\",\"target\":[\"https:\/\/ubanews.com\/site\/2018\/05\/18\/carioca-faz-entrevista-na-radio-em-criciuma-nesta-semana\/#respond\"]}]},{\"@type\":\"WebPage\",\"@id\":\"https:\/\/ubanews.com\/site\/2018\/05\/18\/carioca-faz-entrevista-na-radio-em-criciuma-nesta-semana\/\",\"url\":\"https:\/\/ubanews.com\/site\/2018\/05\/18\/carioca-faz-entrevista-na-radio-em-criciuma-nesta-semana\/\",\"name\":\"Carioca faz entrevista na r\u00e1dio em Crici\u00fama nesta semana - Ub\u00e1 News\",\"isPartOf\":{\"@id\":\"https:\/\/ubanews.com\/site\/#website\"},\"primaryImageOfPage\":{\"@id\":\"https:\/\/ubanews.com\/site\/2018\/05\/18\/carioca-faz-entrevista-na-radio-em-criciuma-nesta-semana\/#primaryimage\"},\"image\":{\"@id\":\"https:\/\/ubanews.com\/site\/2018\/05\/18\/carioca-faz-entrevista-na-radio-em-criciuma-nesta-semana\/#primaryimage\"},\"thumbnailUrl\":\"https:\/\/ubanews.com\/site\/wp-content\/uploads\/2018\/05\/IMG-20180518-WA0004-c\u00f3pia.jpg\",\"datePublished\":\"2018-05-18T14:59:39+00:00\",\"dateModified\":\"2018-05-20T18:54:40+00:00\",\"breadcrumb\":{\"@id\":\"https:\/\/ubanews.com\/site\/2018\/05\/18\/carioca-faz-entrevista-na-radio-em-criciuma-nesta-semana\/#breadcrumb\"},\"inLanguage\":\"pt-BR\",\"potentialAction\":[{\"@type\":\"ReadAction\",\"target\":[\"https:\/\/ubanews.com\/site\/2018\/05\/18\/carioca-faz-entrevista-na-radio-em-criciuma-nesta-semana\/\"]}]},{\"@type\":\"ImageObject\",\"inLanguage\":\"pt-BR\",\"@id\":\"https:\/\/ubanews.com\/site\/2018\/05\/18\/carioca-faz-entrevista-na-radio-em-criciuma-nesta-semana\/#primaryimage\",\"url\":\"https:\/\/ubanews.com\/site\/wp-content\/uploads\/2018\/05\/IMG-20180518-WA0004-c\u00f3pia.jpg\",\"contentUrl\":\"https:\/\/ubanews.com\/site\/wp-content\/uploads\/2018\/05\/IMG-20180518-WA0004-c\u00f3pia.jpg\",\"width\":800,\"height\":457},{\"@type\":\"BreadcrumbList\",\"@id\":\"https:\/\/ubanews.com\/site\/2018\/05\/18\/carioca-faz-entrevista-na-radio-em-criciuma-nesta-semana\/#breadcrumb\",\"itemListElement\":[{\"@type\":\"ListItem\",\"position\":1,\"name\":\"Home\",\"item\":\"https:\/\/ubanews.com\/site\/\"},{\"@type\":\"ListItem\",\"position\":2,\"name\":\"Carioca faz entrevista na r\u00e1dio em Crici\u00fama nesta semana\"}]},{\"@type\":\"WebSite\",\"@id\":\"https:\/\/ubanews.com\/site\/#website\",\"url\":\"https:\/\/ubanews.com\/site\/\",\"name\":\"Ub\u00e1 News\",\"description\":\"\",\"publisher\":{\"@id\":\"https:\/\/ubanews.com\/site\/#organization\"},\"potentialAction\":[{\"@type\":\"SearchAction\",\"target\":{\"@type\":\"EntryPoint\",\"urlTemplate\":\"https:\/\/ubanews.com\/site\/?s={search_term_string}\"},\"query-input\":{\"@type\":\"PropertyValueSpecification\",\"valueRequired\":true,\"valueName\":\"search_term_string\"}}],\"inLanguage\":\"pt-BR\"},{\"@type\":\"Organization\",\"@id\":\"https:\/\/ubanews.com\/site\/#organization\",\"name\":\"Ub\u00e1 News\",\"url\":\"https:\/\/ubanews.com\/site\/\",\"logo\":{\"@type\":\"ImageObject\",\"inLanguage\":\"pt-BR\",\"@id\":\"https:\/\/ubanews.com\/site\/#\/schema\/logo\/image\/\",\"url\":\"https:\/\/ubanews.com\/site\/wp-content\/uploads\/2018\/01\/logoubanews.png\",\"contentUrl\":\"https:\/\/ubanews.com\/site\/wp-content\/uploads\/2018\/01\/logoubanews.png\",\"width\":261,\"height\":99,\"caption\":\"Ub\u00e1 News\"},\"image\":{\"@id\":\"https:\/\/ubanews.com\/site\/#\/schema\/logo\/image\/\"},\"sameAs\":[\"https:\/\/www.facebook.com\/Ub\u00e1News-Carlos-Roberto-Sodr\u00e9-418778301977370\"]},{\"@type\":\"Person\",\"@id\":\"https:\/\/ubanews.com\/site\/#\/schema\/person\/d90c9e47252fbb63dcc969fe4c8b9d10\",\"name\":\"Sodr\u00e9\",\"image\":{\"@type\":\"ImageObject\",\"inLanguage\":\"pt-BR\",\"@id\":\"https:\/\/secure.gravatar.com\/avatar\/5ba2793f0590b9dbfad3fdec4ee714485b3eef211c9b32ee53d414060454a56c?s=96&d=mm&r=g\",\"url\":\"https:\/\/secure.gravatar.com\/avatar\/5ba2793f0590b9dbfad3fdec4ee714485b3eef211c9b32ee53d414060454a56c?s=96&d=mm&r=g\",\"contentUrl\":\"https:\/\/secure.gravatar.com\/avatar\/5ba2793f0590b9dbfad3fdec4ee714485b3eef211c9b32ee53d414060454a56c?s=96&d=mm&r=g\",\"caption\":\"Sodr\u00e9\"},\"sameAs\":[\"https:\/\/www.facebook.com\/carosroberto.sodre.5\/\"],\"url\":\"https:\/\/ubanews.com\/site\/author\/felipe\/\"}]}<\/script>\n<!-- \/ Yoast SEO plugin. -->","yoast_head_json":{"title":"Carioca faz entrevista na r\u00e1dio em Crici\u00fama nesta semana - Ub\u00e1 News","robots":{"index":"index","follow":"follow","max-snippet":"max-snippet:-1","max-image-preview":"max-image-preview:large","max-video-preview":"max-video-preview:-1"},"canonical":"https:\/\/ubanews.com\/site\/2018\/05\/18\/carioca-faz-entrevista-na-radio-em-criciuma-nesta-semana\/","og_locale":"pt_BR","og_type":"article","og_title":"Carioca faz entrevista na r\u00e1dio em Crici\u00fama nesta semana - Ub\u00e1 News","og_description":"\u00c0s 6h desta segunda-feira (15), Arnaldo Collares Lage (Carioca), sofreu","og_url":"https:\/\/ubanews.com\/site\/2018\/05\/18\/carioca-faz-entrevista-na-radio-em-criciuma-nesta-semana\/","og_site_name":"Ub\u00e1 News","article_publisher":"https:\/\/www.facebook.com\/Ub%c3%a1News-Carlos-Roberto-Sodr%c3%a9-418778301977370","article_author":"https:\/\/www.facebook.com\/carosroberto.sodre.5\/","article_published_time":"2018-05-18T14:59:39+00:00","article_modified_time":"2018-05-20T18:54:40+00:00","og_image":[{"width":800,"height":457,"url":"https:\/\/ubanews.com\/site\/wp-content\/uploads\/2018\/05\/IMG-20180518-WA0004-c\u00f3pia.jpg","type":"image\/jpeg"}],"author":"Sodr\u00e9","twitter_card":"summary_large_image","twitter_misc":{"Escrito por":"Sodr\u00e9","Est. tempo de leitura":"2 minutos"},"schema":{"@context":"https:\/\/schema.org","@graph":[{"@type":"Article","@id":"https:\/\/ubanews.com\/site\/2018\/05\/18\/carioca-faz-entrevista-na-radio-em-criciuma-nesta-semana\/#article","isPartOf":{"@id":"https:\/\/ubanews.com\/site\/2018\/05\/18\/carioca-faz-entrevista-na-radio-em-criciuma-nesta-semana\/"},"author":{"name":"Sodr\u00e9","@id":"https:\/\/ubanews.com\/site\/#\/schema\/person\/d90c9e47252fbb63dcc969fe4c8b9d10"},"headline":"Carioca faz entrevista na r\u00e1dio em Crici\u00fama nesta semana","datePublished":"2018-05-18T14:59:39+00:00","dateModified":"2018-05-20T18:54:40+00:00","mainEntityOfPage":{"@id":"https:\/\/ubanews.com\/site\/2018\/05\/18\/carioca-faz-entrevista-na-radio-em-criciuma-nesta-semana\/"},"wordCount":457,"commentCount":0,"publisher":{"@id":"https:\/\/ubanews.com\/site\/#organization"},"image":{"@id":"https:\/\/ubanews.com\/site\/2018\/05\/18\/carioca-faz-entrevista-na-radio-em-criciuma-nesta-semana\/#primaryimage"},"thumbnailUrl":"https:\/\/ubanews.com\/site\/wp-content\/uploads\/2018\/05\/IMG-20180518-WA0004-c\u00f3pia.jpg","articleSection":["Geral"],"inLanguage":"pt-BR","potentialAction":[{"@type":"CommentAction","name":"Comment","target":["https:\/\/ubanews.com\/site\/2018\/05\/18\/carioca-faz-entrevista-na-radio-em-criciuma-nesta-semana\/#respond"]}]},{"@type":"WebPage","@id":"https:\/\/ubanews.com\/site\/2018\/05\/18\/carioca-faz-entrevista-na-radio-em-criciuma-nesta-semana\/","url":"https:\/\/ubanews.com\/site\/2018\/05\/18\/carioca-faz-entrevista-na-radio-em-criciuma-nesta-semana\/","name":"Carioca faz entrevista na r\u00e1dio em Crici\u00fama nesta semana - Ub\u00e1 News","isPartOf":{"@id":"https:\/\/ubanews.com\/site\/#website"},"primaryImageOfPage":{"@id":"https:\/\/ubanews.com\/site\/2018\/05\/18\/carioca-faz-entrevista-na-radio-em-criciuma-nesta-semana\/#primaryimage"},"image":{"@id":"https:\/\/ubanews.com\/site\/2018\/05\/18\/carioca-faz-entrevista-na-radio-em-criciuma-nesta-semana\/#primaryimage"},"thumbnailUrl":"https:\/\/ubanews.com\/site\/wp-content\/uploads\/2018\/05\/IMG-20180518-WA0004-c\u00f3pia.jpg","datePublished":"2018-05-18T14:59:39+00:00","dateModified":"2018-05-20T18:54:40+00:00","breadcrumb":{"@id":"https:\/\/ubanews.com\/site\/2018\/05\/18\/carioca-faz-entrevista-na-radio-em-criciuma-nesta-semana\/#breadcrumb"},"inLanguage":"pt-BR","potentialAction":[{"@type":"ReadAction","target":["https:\/\/ubanews.com\/site\/2018\/05\/18\/carioca-faz-entrevista-na-radio-em-criciuma-nesta-semana\/"]}]},{"@type":"ImageObject","inLanguage":"pt-BR","@id":"https:\/\/ubanews.com\/site\/2018\/05\/18\/carioca-faz-entrevista-na-radio-em-criciuma-nesta-semana\/#primaryimage","url":"https:\/\/ubanews.com\/site\/wp-content\/uploads\/2018\/05\/IMG-20180518-WA0004-c\u00f3pia.jpg","contentUrl":"https:\/\/ubanews.com\/site\/wp-content\/uploads\/2018\/05\/IMG-20180518-WA0004-c\u00f3pia.jpg","width":800,"height":457},{"@type":"BreadcrumbList","@id":"https:\/\/ubanews.com\/site\/2018\/05\/18\/carioca-faz-entrevista-na-radio-em-criciuma-nesta-semana\/#breadcrumb","itemListElement":[{"@type":"ListItem","position":1,"name":"Home","item":"https:\/\/ubanews.com\/site\/"},{"@type":"ListItem","position":2,"name":"Carioca faz entrevista na r\u00e1dio em Crici\u00fama nesta semana"}]},{"@type":"WebSite","@id":"https:\/\/ubanews.com\/site\/#website","url":"https:\/\/ubanews.com\/site\/","name":"Ub\u00e1 News","description":"","publisher":{"@id":"https:\/\/ubanews.com\/site\/#organization"},"potentialAction":[{"@type":"SearchAction","target":{"@type":"EntryPoint","urlTemplate":"https:\/\/ubanews.com\/site\/?s={search_term_string}"},"query-input":{"@type":"PropertyValueSpecification","valueRequired":true,"valueName":"search_term_string"}}],"inLanguage":"pt-BR"},{"@type":"Organization","@id":"https:\/\/ubanews.com\/site\/#organization","name":"Ub\u00e1 News","url":"https:\/\/ubanews.com\/site\/","logo":{"@type":"ImageObject","inLanguage":"pt-BR","@id":"https:\/\/ubanews.com\/site\/#\/schema\/logo\/image\/","url":"https:\/\/ubanews.com\/site\/wp-content\/uploads\/2018\/01\/logoubanews.png","contentUrl":"https:\/\/ubanews.com\/site\/wp-content\/uploads\/2018\/01\/logoubanews.png","width":261,"height":99,"caption":"Ub\u00e1 News"},"image":{"@id":"https:\/\/ubanews.com\/site\/#\/schema\/logo\/image\/"},"sameAs":["https:\/\/www.facebook.com\/Ub\u00e1News-Carlos-Roberto-Sodr\u00e9-418778301977370"]},{"@type":"Person","@id":"https:\/\/ubanews.com\/site\/#\/schema\/person\/d90c9e47252fbb63dcc969fe4c8b9d10","name":"Sodr\u00e9","image":{"@type":"ImageObject","inLanguage":"pt-BR","@id":"https:\/\/secure.gravatar.com\/avatar\/5ba2793f0590b9dbfad3fdec4ee714485b3eef211c9b32ee53d414060454a56c?s=96&d=mm&r=g","url":"https:\/\/secure.gravatar.com\/avatar\/5ba2793f0590b9dbfad3fdec4ee714485b3eef211c9b32ee53d414060454a56c?s=96&d=mm&r=g","contentUrl":"https:\/\/secure.gravatar.com\/avatar\/5ba2793f0590b9dbfad3fdec4ee714485b3eef211c9b32ee53d414060454a56c?s=96&d=mm&r=g","caption":"Sodr\u00e9"},"sameAs":["https:\/\/www.facebook.com\/carosroberto.sodre.5\/"],"url":"https:\/\/ubanews.com\/site\/author\/felipe\/"}]}},"_links":{"self":[{"href":"https:\/\/ubanews.com\/site\/wp-json\/wp\/v2\/posts\/3520","targetHints":{"allow":["GET"]}}],"collection":[{"href":"https:\/\/ubanews.com\/site\/wp-json\/wp\/v2\/posts"}],"about":[{"href":"https:\/\/ubanews.com\/site\/wp-json\/wp\/v2\/types\/post"}],"author":[{"embeddable":true,"href":"https:\/\/ubanews.com\/site\/wp-json\/wp\/v2\/users\/2"}],"replies":[{"embeddable":true,"href":"https:\/\/ubanews.com\/site\/wp-json\/wp\/v2\/comments?post=3520"}],"version-history":[{"count":0,"href":"https:\/\/ubanews.com\/site\/wp-json\/wp\/v2\/posts\/3520\/revisions"}],"wp:featuredmedia":[{"embeddable":true,"href":"https:\/\/ubanews.com\/site\/wp-json\/wp\/v2\/media\/3528"}],"wp:attachment":[{"href":"https:\/\/ubanews.com\/site\/wp-json\/wp\/v2\/media?parent=3520"}],"wp:term":[{"taxonomy":"category","embeddable":true,"href":"https:\/\/ubanews.com\/site\/wp-json\/wp\/v2\/categories?post=3520"},{"taxonomy":"post_tag","embeddable":true,"href":"https:\/\/ubanews.com\/site\/wp-json\/wp\/v2\/tags?post=3520"}],"curies":[{"name":"wp","href":"https:\/\/api.w.org\/{rel}","templated":true}]}}