{"id":3491,"date":"2018-05-17T22:08:17","date_gmt":"2018-05-18T01:08:17","guid":{"rendered":"http:\/\/ubanews.com\/site\/?p=3491"},"modified":"2018-05-20T15:54:31","modified_gmt":"2018-05-20T18:54:31","slug":"a-luta-por-uma-populacao-mais-educada-e-participativa-nas-ruas-de-uba","status":"publish","type":"post","link":"https:\/\/ubanews.com\/site\/2018\/05\/17\/a-luta-por-uma-populacao-mais-educada-e-participativa-nas-ruas-de-uba\/","title":{"rendered":"A luta por uma popula\u00e7\u00e3o mais educada e participativa nas ruas de Ub\u00e1"},"content":{"rendered":"<p><img decoding=\"async\" class=\"alignleft wp-image-3494 lazyload\" data-src=\"https:\/\/ubanews.com\/site\/wp-content\/uploads\/2018\/05\/DSC08147-c\u00f3pia-1.jpg\" alt=\"\" width=\"379\" height=\"444\" src=\"data:image\/svg+xml;base64,PHN2ZyB3aWR0aD0iMSIgaGVpZ2h0PSIxIiB4bWxucz0iaHR0cDovL3d3dy53My5vcmcvMjAwMC9zdmciPjwvc3ZnPg==\" style=\"--smush-placeholder-width: 379px; --smush-placeholder-aspect-ratio: 379\/444;\"><\/p>\n<p>A Engenheira Civil Doutora S\u00f4nia Jacob est\u00e1 inconformada com o que vem acontecendo no Cal\u00e7ad\u00e3o Deputado Ibrahim Jacob. A profissional liberal apontou alguns pontos que demonstram o quanto alguns motoristas, motociclistas e ciclistas fazem com o espa\u00e7o que recebe o nome de vosso pai. Em conversa com a nossa reportagem ela apresentou o decreto de n\u00famero 5.688 do ano de 2015. Esse decreto regulamenta aquele territ\u00f3rio. No entanto, est\u00e1 faltando fiscaliza\u00e7\u00e3o. A antiga Rua S\u00e3o Jos\u00e9, hoje Cal\u00e7ad\u00e3o Deputado Ibrahim Jacob nunca foi respeitado, segundo Doutora S\u00f4nia. Al\u00e9m da quest\u00e3o do tr\u00e2nsito, \u00e9 necess\u00e1rio ainda um cuidado maior com as crian\u00e7as, pois elas ao ver a atitude dos adultos assemelham tudo. O que \u00e9 ruim para o futuro de uma na\u00e7\u00e3o. Com imagens de Felipe Oliveira acompanhe a entrevista.&nbsp;<\/p>\n<p><iframe data-src=\"https:\/\/www.youtube.com\/embed\/IZ5Oejkcjw4\" width=\"560\" height=\"315\" frameborder=\"0\" allowfullscreen=\"allowfullscreen\" src=\"data:image\/svg+xml;base64,PHN2ZyB3aWR0aD0iMSIgaGVpZ2h0PSIxIiB4bWxucz0iaHR0cDovL3d3dy53My5vcmcvMjAwMC9zdmciPjwvc3ZnPg==\" class=\"lazyload\" data-load-mode=\"1\"><\/iframe>&nbsp;<\/p>\n","protected":false},"excerpt":{"rendered":"<p>A Engenheira Civil Doutora S\u00f4nia Jacob est\u00e1 inconformada com o<\/p>\n","protected":false},"author":2,"featured_media":3493,"comment_status":"open","ping_status":"open","sticky":false,"template":"","format":"standard","meta":{"footnotes":""},"categories":[1],"tags":[],"class_list":["post-3491","post","type-post","status-publish","format-standard","has-post-thumbnail","hentry","category-sem-categoria"],"yoast_head":"<!-- This site is optimized with the Yoast SEO plugin v27.2 - https:\/\/yoast.com\/product\/yoast-seo-wordpress\/ -->\n<title>A luta por uma popula\u00e7\u00e3o mais educada e participativa nas ruas de Ub\u00e1 - Ub\u00e1 News<\/title>\n<meta name=\"robots\" content=\"index, follow, max-snippet:-1, max-image-preview:large, max-video-preview:-1\" \/>\n<link rel=\"canonical\" href=\"https:\/\/ubanews.com\/site\/2018\/05\/17\/a-luta-por-uma-populacao-mais-educada-e-participativa-nas-ruas-de-uba\/\" \/>\n<meta property=\"og:locale\" content=\"pt_BR\" \/>\n<meta property=\"og:type\" content=\"article\" \/>\n<meta property=\"og:title\" content=\"A luta por uma popula\u00e7\u00e3o mais educada e participativa nas ruas de Ub\u00e1 - Ub\u00e1 News\" \/>\n<meta property=\"og:description\" content=\"A Engenheira Civil Doutora S\u00f4nia Jacob est\u00e1 inconformada com o\" \/>\n<meta property=\"og:url\" content=\"https:\/\/ubanews.com\/site\/2018\/05\/17\/a-luta-por-uma-populacao-mais-educada-e-participativa-nas-ruas-de-uba\/\" \/>\n<meta property=\"og:site_name\" content=\"Ub\u00e1 News\" \/>\n<meta property=\"article:publisher\" content=\"https:\/\/www.facebook.com\/Ub%c3%a1News-Carlos-Roberto-Sodr%c3%a9-418778301977370\" \/>\n<meta property=\"article:author\" content=\"https:\/\/www.facebook.com\/carosroberto.sodre.5\/\" \/>\n<meta property=\"article:published_time\" content=\"2018-05-18T01:08:17+00:00\" \/>\n<meta property=\"article:modified_time\" content=\"2018-05-20T18:54:31+00:00\" \/>\n<meta property=\"og:image\" content=\"https:\/\/ubanews.com\/site\/wp-content\/uploads\/2018\/05\/DSC08138-c\u00f3pia.jpg\" \/>\n\t<meta property=\"og:image:width\" content=\"800\" \/>\n\t<meta property=\"og:image:height\" content=\"457\" \/>\n\t<meta property=\"og:image:type\" content=\"image\/jpeg\" \/>\n<meta name=\"author\" content=\"Sodr\u00e9\" \/>\n<meta name=\"twitter:card\" content=\"summary_large_image\" \/>\n<meta name=\"twitter:label1\" content=\"Escrito por\" \/>\n\t<meta name=\"twitter:data1\" content=\"Sodr\u00e9\" \/>\n\t<meta name=\"twitter:label2\" content=\"Est. tempo de leitura\" \/>\n\t<meta name=\"twitter:data2\" content=\"1 minuto\" \/>\n<script type=\"application\/ld+json\" class=\"yoast-schema-graph\">{\"@context\":\"https:\/\/schema.org\",\"@graph\":[{\"@type\":\"Article\",\"@id\":\"https:\/\/ubanews.com\/site\/2018\/05\/17\/a-luta-por-uma-populacao-mais-educada-e-participativa-nas-ruas-de-uba\/#article\",\"isPartOf\":{\"@id\":\"https:\/\/ubanews.com\/site\/2018\/05\/17\/a-luta-por-uma-populacao-mais-educada-e-participativa-nas-ruas-de-uba\/\"},\"author\":{\"name\":\"Sodr\u00e9\",\"@id\":\"https:\/\/ubanews.com\/site\/#\/schema\/person\/d90c9e47252fbb63dcc969fe4c8b9d10\"},\"headline\":\"A luta por uma popula\u00e7\u00e3o mais educada e participativa nas ruas de Ub\u00e1\",\"datePublished\":\"2018-05-18T01:08:17+00:00\",\"dateModified\":\"2018-05-20T18:54:31+00:00\",\"mainEntityOfPage\":{\"@id\":\"https:\/\/ubanews.com\/site\/2018\/05\/17\/a-luta-por-uma-populacao-mais-educada-e-participativa-nas-ruas-de-uba\/\"},\"wordCount\":158,\"commentCount\":2,\"publisher\":{\"@id\":\"https:\/\/ubanews.com\/site\/#organization\"},\"image\":{\"@id\":\"https:\/\/ubanews.com\/site\/2018\/05\/17\/a-luta-por-uma-populacao-mais-educada-e-participativa-nas-ruas-de-uba\/#primaryimage\"},\"thumbnailUrl\":\"https:\/\/ubanews.com\/site\/wp-content\/uploads\/2018\/05\/DSC08138-c\u00f3pia.jpg\",\"articleSection\":[\"Geral\"],\"inLanguage\":\"pt-BR\",\"potentialAction\":[{\"@type\":\"CommentAction\",\"name\":\"Comment\",\"target\":[\"https:\/\/ubanews.com\/site\/2018\/05\/17\/a-luta-por-uma-populacao-mais-educada-e-participativa-nas-ruas-de-uba\/#respond\"]}]},{\"@type\":\"WebPage\",\"@id\":\"https:\/\/ubanews.com\/site\/2018\/05\/17\/a-luta-por-uma-populacao-mais-educada-e-participativa-nas-ruas-de-uba\/\",\"url\":\"https:\/\/ubanews.com\/site\/2018\/05\/17\/a-luta-por-uma-populacao-mais-educada-e-participativa-nas-ruas-de-uba\/\",\"name\":\"A luta por uma popula\u00e7\u00e3o mais educada e participativa nas ruas de Ub\u00e1 - Ub\u00e1 News\",\"isPartOf\":{\"@id\":\"https:\/\/ubanews.com\/site\/#website\"},\"primaryImageOfPage\":{\"@id\":\"https:\/\/ubanews.com\/site\/2018\/05\/17\/a-luta-por-uma-populacao-mais-educada-e-participativa-nas-ruas-de-uba\/#primaryimage\"},\"image\":{\"@id\":\"https:\/\/ubanews.com\/site\/2018\/05\/17\/a-luta-por-uma-populacao-mais-educada-e-participativa-nas-ruas-de-uba\/#primaryimage\"},\"thumbnailUrl\":\"https:\/\/ubanews.com\/site\/wp-content\/uploads\/2018\/05\/DSC08138-c\u00f3pia.jpg\",\"datePublished\":\"2018-05-18T01:08:17+00:00\",\"dateModified\":\"2018-05-20T18:54:31+00:00\",\"breadcrumb\":{\"@id\":\"https:\/\/ubanews.com\/site\/2018\/05\/17\/a-luta-por-uma-populacao-mais-educada-e-participativa-nas-ruas-de-uba\/#breadcrumb\"},\"inLanguage\":\"pt-BR\",\"potentialAction\":[{\"@type\":\"ReadAction\",\"target\":[\"https:\/\/ubanews.com\/site\/2018\/05\/17\/a-luta-por-uma-populacao-mais-educada-e-participativa-nas-ruas-de-uba\/\"]}]},{\"@type\":\"ImageObject\",\"inLanguage\":\"pt-BR\",\"@id\":\"https:\/\/ubanews.com\/site\/2018\/05\/17\/a-luta-por-uma-populacao-mais-educada-e-participativa-nas-ruas-de-uba\/#primaryimage\",\"url\":\"https:\/\/ubanews.com\/site\/wp-content\/uploads\/2018\/05\/DSC08138-c\u00f3pia.jpg\",\"contentUrl\":\"https:\/\/ubanews.com\/site\/wp-content\/uploads\/2018\/05\/DSC08138-c\u00f3pia.jpg\",\"width\":800,\"height\":457},{\"@type\":\"BreadcrumbList\",\"@id\":\"https:\/\/ubanews.com\/site\/2018\/05\/17\/a-luta-por-uma-populacao-mais-educada-e-participativa-nas-ruas-de-uba\/#breadcrumb\",\"itemListElement\":[{\"@type\":\"ListItem\",\"position\":1,\"name\":\"Home\",\"item\":\"https:\/\/ubanews.com\/site\/\"},{\"@type\":\"ListItem\",\"position\":2,\"name\":\"A luta por uma popula\u00e7\u00e3o mais educada e participativa nas ruas de Ub\u00e1\"}]},{\"@type\":\"WebSite\",\"@id\":\"https:\/\/ubanews.com\/site\/#website\",\"url\":\"https:\/\/ubanews.com\/site\/\",\"name\":\"Ub\u00e1 News\",\"description\":\"\",\"publisher\":{\"@id\":\"https:\/\/ubanews.com\/site\/#organization\"},\"potentialAction\":[{\"@type\":\"SearchAction\",\"target\":{\"@type\":\"EntryPoint\",\"urlTemplate\":\"https:\/\/ubanews.com\/site\/?s={search_term_string}\"},\"query-input\":{\"@type\":\"PropertyValueSpecification\",\"valueRequired\":true,\"valueName\":\"search_term_string\"}}],\"inLanguage\":\"pt-BR\"},{\"@type\":\"Organization\",\"@id\":\"https:\/\/ubanews.com\/site\/#organization\",\"name\":\"Ub\u00e1 News\",\"url\":\"https:\/\/ubanews.com\/site\/\",\"logo\":{\"@type\":\"ImageObject\",\"inLanguage\":\"pt-BR\",\"@id\":\"https:\/\/ubanews.com\/site\/#\/schema\/logo\/image\/\",\"url\":\"https:\/\/ubanews.com\/site\/wp-content\/uploads\/2018\/01\/logoubanews.png\",\"contentUrl\":\"https:\/\/ubanews.com\/site\/wp-content\/uploads\/2018\/01\/logoubanews.png\",\"width\":261,\"height\":99,\"caption\":\"Ub\u00e1 News\"},\"image\":{\"@id\":\"https:\/\/ubanews.com\/site\/#\/schema\/logo\/image\/\"},\"sameAs\":[\"https:\/\/www.facebook.com\/Ub\u00e1News-Carlos-Roberto-Sodr\u00e9-418778301977370\"]},{\"@type\":\"Person\",\"@id\":\"https:\/\/ubanews.com\/site\/#\/schema\/person\/d90c9e47252fbb63dcc969fe4c8b9d10\",\"name\":\"Sodr\u00e9\",\"image\":{\"@type\":\"ImageObject\",\"inLanguage\":\"pt-BR\",\"@id\":\"https:\/\/secure.gravatar.com\/avatar\/5ba2793f0590b9dbfad3fdec4ee714485b3eef211c9b32ee53d414060454a56c?s=96&d=mm&r=g\",\"url\":\"https:\/\/secure.gravatar.com\/avatar\/5ba2793f0590b9dbfad3fdec4ee714485b3eef211c9b32ee53d414060454a56c?s=96&d=mm&r=g\",\"contentUrl\":\"https:\/\/secure.gravatar.com\/avatar\/5ba2793f0590b9dbfad3fdec4ee714485b3eef211c9b32ee53d414060454a56c?s=96&d=mm&r=g\",\"caption\":\"Sodr\u00e9\"},\"sameAs\":[\"https:\/\/www.facebook.com\/carosroberto.sodre.5\/\"],\"url\":\"https:\/\/ubanews.com\/site\/author\/felipe\/\"}]}<\/script>\n<!-- \/ Yoast SEO plugin. -->","yoast_head_json":{"title":"A luta por uma popula\u00e7\u00e3o mais educada e participativa nas ruas de Ub\u00e1 - Ub\u00e1 News","robots":{"index":"index","follow":"follow","max-snippet":"max-snippet:-1","max-image-preview":"max-image-preview:large","max-video-preview":"max-video-preview:-1"},"canonical":"https:\/\/ubanews.com\/site\/2018\/05\/17\/a-luta-por-uma-populacao-mais-educada-e-participativa-nas-ruas-de-uba\/","og_locale":"pt_BR","og_type":"article","og_title":"A luta por uma popula\u00e7\u00e3o mais educada e participativa nas ruas de Ub\u00e1 - Ub\u00e1 News","og_description":"A Engenheira Civil Doutora S\u00f4nia Jacob est\u00e1 inconformada com o","og_url":"https:\/\/ubanews.com\/site\/2018\/05\/17\/a-luta-por-uma-populacao-mais-educada-e-participativa-nas-ruas-de-uba\/","og_site_name":"Ub\u00e1 News","article_publisher":"https:\/\/www.facebook.com\/Ub%c3%a1News-Carlos-Roberto-Sodr%c3%a9-418778301977370","article_author":"https:\/\/www.facebook.com\/carosroberto.sodre.5\/","article_published_time":"2018-05-18T01:08:17+00:00","article_modified_time":"2018-05-20T18:54:31+00:00","og_image":[{"width":800,"height":457,"url":"https:\/\/ubanews.com\/site\/wp-content\/uploads\/2018\/05\/DSC08138-c\u00f3pia.jpg","type":"image\/jpeg"}],"author":"Sodr\u00e9","twitter_card":"summary_large_image","twitter_misc":{"Escrito por":"Sodr\u00e9","Est. tempo de leitura":"1 minuto"},"schema":{"@context":"https:\/\/schema.org","@graph":[{"@type":"Article","@id":"https:\/\/ubanews.com\/site\/2018\/05\/17\/a-luta-por-uma-populacao-mais-educada-e-participativa-nas-ruas-de-uba\/#article","isPartOf":{"@id":"https:\/\/ubanews.com\/site\/2018\/05\/17\/a-luta-por-uma-populacao-mais-educada-e-participativa-nas-ruas-de-uba\/"},"author":{"name":"Sodr\u00e9","@id":"https:\/\/ubanews.com\/site\/#\/schema\/person\/d90c9e47252fbb63dcc969fe4c8b9d10"},"headline":"A luta por uma popula\u00e7\u00e3o mais educada e participativa nas ruas de Ub\u00e1","datePublished":"2018-05-18T01:08:17+00:00","dateModified":"2018-05-20T18:54:31+00:00","mainEntityOfPage":{"@id":"https:\/\/ubanews.com\/site\/2018\/05\/17\/a-luta-por-uma-populacao-mais-educada-e-participativa-nas-ruas-de-uba\/"},"wordCount":158,"commentCount":2,"publisher":{"@id":"https:\/\/ubanews.com\/site\/#organization"},"image":{"@id":"https:\/\/ubanews.com\/site\/2018\/05\/17\/a-luta-por-uma-populacao-mais-educada-e-participativa-nas-ruas-de-uba\/#primaryimage"},"thumbnailUrl":"https:\/\/ubanews.com\/site\/wp-content\/uploads\/2018\/05\/DSC08138-c\u00f3pia.jpg","articleSection":["Geral"],"inLanguage":"pt-BR","potentialAction":[{"@type":"CommentAction","name":"Comment","target":["https:\/\/ubanews.com\/site\/2018\/05\/17\/a-luta-por-uma-populacao-mais-educada-e-participativa-nas-ruas-de-uba\/#respond"]}]},{"@type":"WebPage","@id":"https:\/\/ubanews.com\/site\/2018\/05\/17\/a-luta-por-uma-populacao-mais-educada-e-participativa-nas-ruas-de-uba\/","url":"https:\/\/ubanews.com\/site\/2018\/05\/17\/a-luta-por-uma-populacao-mais-educada-e-participativa-nas-ruas-de-uba\/","name":"A luta por uma popula\u00e7\u00e3o mais educada e participativa nas ruas de Ub\u00e1 - Ub\u00e1 News","isPartOf":{"@id":"https:\/\/ubanews.com\/site\/#website"},"primaryImageOfPage":{"@id":"https:\/\/ubanews.com\/site\/2018\/05\/17\/a-luta-por-uma-populacao-mais-educada-e-participativa-nas-ruas-de-uba\/#primaryimage"},"image":{"@id":"https:\/\/ubanews.com\/site\/2018\/05\/17\/a-luta-por-uma-populacao-mais-educada-e-participativa-nas-ruas-de-uba\/#primaryimage"},"thumbnailUrl":"https:\/\/ubanews.com\/site\/wp-content\/uploads\/2018\/05\/DSC08138-c\u00f3pia.jpg","datePublished":"2018-05-18T01:08:17+00:00","dateModified":"2018-05-20T18:54:31+00:00","breadcrumb":{"@id":"https:\/\/ubanews.com\/site\/2018\/05\/17\/a-luta-por-uma-populacao-mais-educada-e-participativa-nas-ruas-de-uba\/#breadcrumb"},"inLanguage":"pt-BR","potentialAction":[{"@type":"ReadAction","target":["https:\/\/ubanews.com\/site\/2018\/05\/17\/a-luta-por-uma-populacao-mais-educada-e-participativa-nas-ruas-de-uba\/"]}]},{"@type":"ImageObject","inLanguage":"pt-BR","@id":"https:\/\/ubanews.com\/site\/2018\/05\/17\/a-luta-por-uma-populacao-mais-educada-e-participativa-nas-ruas-de-uba\/#primaryimage","url":"https:\/\/ubanews.com\/site\/wp-content\/uploads\/2018\/05\/DSC08138-c\u00f3pia.jpg","contentUrl":"https:\/\/ubanews.com\/site\/wp-content\/uploads\/2018\/05\/DSC08138-c\u00f3pia.jpg","width":800,"height":457},{"@type":"BreadcrumbList","@id":"https:\/\/ubanews.com\/site\/2018\/05\/17\/a-luta-por-uma-populacao-mais-educada-e-participativa-nas-ruas-de-uba\/#breadcrumb","itemListElement":[{"@type":"ListItem","position":1,"name":"Home","item":"https:\/\/ubanews.com\/site\/"},{"@type":"ListItem","position":2,"name":"A luta por uma popula\u00e7\u00e3o mais educada e participativa nas ruas de Ub\u00e1"}]},{"@type":"WebSite","@id":"https:\/\/ubanews.com\/site\/#website","url":"https:\/\/ubanews.com\/site\/","name":"Ub\u00e1 News","description":"","publisher":{"@id":"https:\/\/ubanews.com\/site\/#organization"},"potentialAction":[{"@type":"SearchAction","target":{"@type":"EntryPoint","urlTemplate":"https:\/\/ubanews.com\/site\/?s={search_term_string}"},"query-input":{"@type":"PropertyValueSpecification","valueRequired":true,"valueName":"search_term_string"}}],"inLanguage":"pt-BR"},{"@type":"Organization","@id":"https:\/\/ubanews.com\/site\/#organization","name":"Ub\u00e1 News","url":"https:\/\/ubanews.com\/site\/","logo":{"@type":"ImageObject","inLanguage":"pt-BR","@id":"https:\/\/ubanews.com\/site\/#\/schema\/logo\/image\/","url":"https:\/\/ubanews.com\/site\/wp-content\/uploads\/2018\/01\/logoubanews.png","contentUrl":"https:\/\/ubanews.com\/site\/wp-content\/uploads\/2018\/01\/logoubanews.png","width":261,"height":99,"caption":"Ub\u00e1 News"},"image":{"@id":"https:\/\/ubanews.com\/site\/#\/schema\/logo\/image\/"},"sameAs":["https:\/\/www.facebook.com\/Ub\u00e1News-Carlos-Roberto-Sodr\u00e9-418778301977370"]},{"@type":"Person","@id":"https:\/\/ubanews.com\/site\/#\/schema\/person\/d90c9e47252fbb63dcc969fe4c8b9d10","name":"Sodr\u00e9","image":{"@type":"ImageObject","inLanguage":"pt-BR","@id":"https:\/\/secure.gravatar.com\/avatar\/5ba2793f0590b9dbfad3fdec4ee714485b3eef211c9b32ee53d414060454a56c?s=96&d=mm&r=g","url":"https:\/\/secure.gravatar.com\/avatar\/5ba2793f0590b9dbfad3fdec4ee714485b3eef211c9b32ee53d414060454a56c?s=96&d=mm&r=g","contentUrl":"https:\/\/secure.gravatar.com\/avatar\/5ba2793f0590b9dbfad3fdec4ee714485b3eef211c9b32ee53d414060454a56c?s=96&d=mm&r=g","caption":"Sodr\u00e9"},"sameAs":["https:\/\/www.facebook.com\/carosroberto.sodre.5\/"],"url":"https:\/\/ubanews.com\/site\/author\/felipe\/"}]}},"_links":{"self":[{"href":"https:\/\/ubanews.com\/site\/wp-json\/wp\/v2\/posts\/3491","targetHints":{"allow":["GET"]}}],"collection":[{"href":"https:\/\/ubanews.com\/site\/wp-json\/wp\/v2\/posts"}],"about":[{"href":"https:\/\/ubanews.com\/site\/wp-json\/wp\/v2\/types\/post"}],"author":[{"embeddable":true,"href":"https:\/\/ubanews.com\/site\/wp-json\/wp\/v2\/users\/2"}],"replies":[{"embeddable":true,"href":"https:\/\/ubanews.com\/site\/wp-json\/wp\/v2\/comments?post=3491"}],"version-history":[{"count":0,"href":"https:\/\/ubanews.com\/site\/wp-json\/wp\/v2\/posts\/3491\/revisions"}],"wp:featuredmedia":[{"embeddable":true,"href":"https:\/\/ubanews.com\/site\/wp-json\/wp\/v2\/media\/3493"}],"wp:attachment":[{"href":"https:\/\/ubanews.com\/site\/wp-json\/wp\/v2\/media?parent=3491"}],"wp:term":[{"taxonomy":"category","embeddable":true,"href":"https:\/\/ubanews.com\/site\/wp-json\/wp\/v2\/categories?post=3491"},{"taxonomy":"post_tag","embeddable":true,"href":"https:\/\/ubanews.com\/site\/wp-json\/wp\/v2\/tags?post=3491"}],"curies":[{"name":"wp","href":"https:\/\/api.w.org\/{rel}","templated":true}]}}