{"id":3466,"date":"2018-05-17T22:06:25","date_gmt":"2018-05-18T01:06:25","guid":{"rendered":"http:\/\/ubanews.com\/site\/?p=3466"},"modified":"2018-05-24T12:26:39","modified_gmt":"2018-05-24T15:26:39","slug":"policia-militar-da-resposta-rapida-e-apreende-adolescente-que-matou-motoboy-na-noite-desta-quarta-feira-16","status":"publish","type":"post","link":"https:\/\/ubanews.com\/site\/2018\/05\/17\/policia-militar-da-resposta-rapida-e-apreende-adolescente-que-matou-motoboy-na-noite-desta-quarta-feira-16\/","title":{"rendered":"Pol\u00edcia Militar da resposta r\u00e1pida e apreende adolescente que matou motoboy na noite desta quarta-feira (16)"},"content":{"rendered":"<p><img decoding=\"async\" class=\"alignnone size-full wp-image-3467 lazyload\" data-src=\"https:\/\/ubanews.com\/site\/wp-content\/uploads\/2018\/05\/DSC08236-c\u00f3pia.jpg\" alt=\"\" width=\"800\" height=\"457\" data-srcset=\"https:\/\/ubanews.com\/site\/wp-content\/uploads\/2018\/05\/DSC08236-c\u00f3pia.jpg 800w, https:\/\/ubanews.com\/site\/wp-content\/uploads\/2018\/05\/DSC08236-c\u00f3pia-300x171.jpg 300w, https:\/\/ubanews.com\/site\/wp-content\/uploads\/2018\/05\/DSC08236-c\u00f3pia-768x439.jpg 768w\" data-sizes=\"(max-width: 800px) 100vw, 800px\" src=\"data:image\/svg+xml;base64,PHN2ZyB3aWR0aD0iMSIgaGVpZ2h0PSIxIiB4bWxucz0iaHR0cDovL3d3dy53My5vcmcvMjAwMC9zdmciPjwvc3ZnPg==\" style=\"--smush-placeholder-width: 800px; --smush-placeholder-aspect-ratio: 800\/457;\" \/> &nbsp;<img decoding=\"async\" class=\"alignnone size-full wp-image-3469 lazyload\" data-src=\"https:\/\/ubanews.com\/site\/wp-content\/uploads\/2018\/05\/DSC08245-c\u00f3pia.jpg\" alt=\"\" width=\"800\" height=\"457\" data-srcset=\"https:\/\/ubanews.com\/site\/wp-content\/uploads\/2018\/05\/DSC08245-c\u00f3pia.jpg 800w, https:\/\/ubanews.com\/site\/wp-content\/uploads\/2018\/05\/DSC08245-c\u00f3pia-300x171.jpg 300w, https:\/\/ubanews.com\/site\/wp-content\/uploads\/2018\/05\/DSC08245-c\u00f3pia-768x439.jpg 768w\" data-sizes=\"(max-width: 800px) 100vw, 800px\" src=\"data:image\/svg+xml;base64,PHN2ZyB3aWR0aD0iMSIgaGVpZ2h0PSIxIiB4bWxucz0iaHR0cDovL3d3dy53My5vcmcvMjAwMC9zdmciPjwvc3ZnPg==\" style=\"--smush-placeholder-width: 800px; --smush-placeholder-aspect-ratio: 800\/457;\" \/> <img decoding=\"async\" class=\"alignnone size-full wp-image-3470 lazyload\" data-src=\"https:\/\/ubanews.com\/site\/wp-content\/uploads\/2018\/05\/DSC08253-c\u00f3pia.jpg\" alt=\"\" width=\"800\" height=\"457\" data-srcset=\"https:\/\/ubanews.com\/site\/wp-content\/uploads\/2018\/05\/DSC08253-c\u00f3pia.jpg 800w, https:\/\/ubanews.com\/site\/wp-content\/uploads\/2018\/05\/DSC08253-c\u00f3pia-300x171.jpg 300w, https:\/\/ubanews.com\/site\/wp-content\/uploads\/2018\/05\/DSC08253-c\u00f3pia-768x439.jpg 768w\" data-sizes=\"(max-width: 800px) 100vw, 800px\" src=\"data:image\/svg+xml;base64,PHN2ZyB3aWR0aD0iMSIgaGVpZ2h0PSIxIiB4bWxucz0iaHR0cDovL3d3dy53My5vcmcvMjAwMC9zdmciPjwvc3ZnPg==\" style=\"--smush-placeholder-width: 800px; --smush-placeholder-aspect-ratio: 800\/457;\" \/> <img decoding=\"async\" class=\"alignnone size-full wp-image-3471 lazyload\" data-src=\"https:\/\/ubanews.com\/site\/wp-content\/uploads\/2018\/05\/DSC08255-c\u00f3pia.jpg\" alt=\"\" width=\"800\" height=\"457\" data-srcset=\"https:\/\/ubanews.com\/site\/wp-content\/uploads\/2018\/05\/DSC08255-c\u00f3pia.jpg 800w, https:\/\/ubanews.com\/site\/wp-content\/uploads\/2018\/05\/DSC08255-c\u00f3pia-300x171.jpg 300w, https:\/\/ubanews.com\/site\/wp-content\/uploads\/2018\/05\/DSC08255-c\u00f3pia-768x439.jpg 768w\" data-sizes=\"(max-width: 800px) 100vw, 800px\" src=\"data:image\/svg+xml;base64,PHN2ZyB3aWR0aD0iMSIgaGVpZ2h0PSIxIiB4bWxucz0iaHR0cDovL3d3dy53My5vcmcvMjAwMC9zdmciPjwvc3ZnPg==\" style=\"--smush-placeholder-width: 800px; --smush-placeholder-aspect-ratio: 800\/457;\" \/><img decoding=\"async\" class=\"alignnone size-full wp-image-3497 lazyload\" data-src=\"https:\/\/ubanews.com\/site\/wp-content\/uploads\/2018\/05\/1-9.jpg\" alt=\"\" width=\"800\" height=\"450\" data-srcset=\"https:\/\/ubanews.com\/site\/wp-content\/uploads\/2018\/05\/1-9.jpg 800w, https:\/\/ubanews.com\/site\/wp-content\/uploads\/2018\/05\/1-9-300x169.jpg 300w, https:\/\/ubanews.com\/site\/wp-content\/uploads\/2018\/05\/1-9-768x432.jpg 768w\" data-sizes=\"(max-width: 800px) 100vw, 800px\" src=\"data:image\/svg+xml;base64,PHN2ZyB3aWR0aD0iMSIgaGVpZ2h0PSIxIiB4bWxucz0iaHR0cDovL3d3dy53My5vcmcvMjAwMC9zdmciPjwvc3ZnPg==\" style=\"--smush-placeholder-width: 800px; --smush-placeholder-aspect-ratio: 800\/450;\" \/><\/p>\n<p>A pol\u00edcia Militar em uma resposta r\u00e1pida aprendeu o adolescente e tamb\u00e9m a arma de fogo, um rev\u00f3lver calibre 22, usada no crime de homic\u00eddio contra a vida do Mototaxista Alexandro Aparecido Barborsa (38), natural de Guiricema. A din\u00e2mica \u00e9 a seguinte: logo ap\u00f3s o ocorrido, o adolescente, com o apoio dos pais, fugiu para a casa de sua namorada na cidade de Rio Pomba.<\/p>\n<p>&nbsp;Como disse o Tenente Rodrigo para a nossa reportagem, logo ap\u00f3s o crime: \u2018\u2019A Pol\u00edcia Militar do Estado de Minas Gerias n\u00e3o vai descansar enquanto n\u00e3o entregar o autor nas m\u00e3os da justi\u00e7a\u2019\u2019. Exatamente o que aconteceu no final da tarde desta quarta-feira (17). Sem demonstrar nenhum tipo de arrependimento, o autor foi recebido no p\u00e1tio da Delegacia Regional por v\u00e1rios colegas de profiss\u00e3o de Alexandro. Havia uma preocupa\u00e7\u00e3o por parte da pol\u00edcia que pudesse acontecer alguma agress\u00e3o ao autor, o que n\u00e3o ocorreu. A manifesta\u00e7\u00e3o dos mototaxistas foi pac\u00edfica o tempo todo. A namorada chegou a agredir \u00e0 Pol\u00edcia Militar no momento em que chegaram para captura-lo. Perda de tempo, pois os militares estavam determinados. Esses realizaram da pol\u00edcia realizaram sua \u00faltima refei\u00e7\u00e3o \u00e0s 10h e 20min da manh\u00e3. Tamanha era a vontade de dar essa resposta \u00e0 popula\u00e7\u00e3o. O autor do crime de 17 anos de idade \u00e9 suspeito de cometer tr\u00eas homic\u00eddios s\u00f3 em 2018.<\/p>\n<p>O Aspirante Felipe esteve \u00e0 frente da ocorr\u00eancia e conversou conosco. Acompanhe nas imagens de Felipe Oliveira. <a href=\"http:\/\/www.ubanews.com\">www.ubanews.com<\/a><\/p>\n<div style=\"position: relative; height: 0; padding-bottom: 56.25%;\"><iframe style=\"position: absolute; width: 100%; height: 100%; left: 0;\" data-src=\"https:\/\/www.youtube.com\/embed\/mqgTmpwLjYU?ecver=2\" width=\"640\" height=\"360\" frameborder=\"0\" allowfullscreen=\"allowfullscreen\" src=\"data:image\/svg+xml;base64,PHN2ZyB3aWR0aD0iMSIgaGVpZ2h0PSIxIiB4bWxucz0iaHR0cDovL3d3dy53My5vcmcvMjAwMC9zdmciPjwvc3ZnPg==\" class=\"lazyload\" data-load-mode=\"1\"><\/iframe><\/div>\n<div style=\"position: relative; height: 0; padding-bottom: 56.25%;\"><iframe style=\"position: absolute; width: 100%; height: 100%; left: 0;\" data-src=\"https:\/\/www.youtube.com\/embed\/PWsM_aSXbeM?ecver=2\" width=\"640\" height=\"360\" frameborder=\"0\" allowfullscreen=\"allowfullscreen\" src=\"data:image\/svg+xml;base64,PHN2ZyB3aWR0aD0iMSIgaGVpZ2h0PSIxIiB4bWxucz0iaHR0cDovL3d3dy53My5vcmcvMjAwMC9zdmciPjwvc3ZnPg==\" class=\"lazyload\" data-load-mode=\"1\"><\/iframe><\/div>\n<p>&nbsp;<\/p>\n","protected":false},"excerpt":{"rendered":"<p>&nbsp; A pol\u00edcia Militar em uma resposta r\u00e1pida aprendeu o<\/p>\n","protected":false},"author":2,"featured_media":3468,"comment_status":"open","ping_status":"open","sticky":false,"template":"","format":"standard","meta":{"footnotes":""},"categories":[1],"tags":[],"class_list":["post-3466","post","type-post","status-publish","format-standard","has-post-thumbnail","hentry","category-sem-categoria"],"yoast_head":"<!-- This site is optimized with the Yoast SEO plugin v27.2 - https:\/\/yoast.com\/product\/yoast-seo-wordpress\/ -->\n<title>Pol\u00edcia Militar da resposta r\u00e1pida e apreende adolescente que matou motoboy na noite desta quarta-feira (16) - Ub\u00e1 News<\/title>\n<meta name=\"robots\" content=\"index, follow, max-snippet:-1, max-image-preview:large, max-video-preview:-1\" \/>\n<link rel=\"canonical\" href=\"https:\/\/ubanews.com\/site\/2018\/05\/17\/policia-militar-da-resposta-rapida-e-apreende-adolescente-que-matou-motoboy-na-noite-desta-quarta-feira-16\/\" \/>\n<meta property=\"og:locale\" content=\"pt_BR\" \/>\n<meta property=\"og:type\" content=\"article\" \/>\n<meta property=\"og:title\" content=\"Pol\u00edcia Militar da resposta r\u00e1pida e apreende adolescente que matou motoboy na noite desta quarta-feira (16) - Ub\u00e1 News\" \/>\n<meta property=\"og:description\" content=\"&nbsp; A pol\u00edcia Militar em uma resposta r\u00e1pida aprendeu o\" \/>\n<meta property=\"og:url\" content=\"https:\/\/ubanews.com\/site\/2018\/05\/17\/policia-militar-da-resposta-rapida-e-apreende-adolescente-que-matou-motoboy-na-noite-desta-quarta-feira-16\/\" \/>\n<meta property=\"og:site_name\" content=\"Ub\u00e1 News\" \/>\n<meta property=\"article:publisher\" content=\"https:\/\/www.facebook.com\/Ub%c3%a1News-Carlos-Roberto-Sodr%c3%a9-418778301977370\" \/>\n<meta property=\"article:author\" content=\"https:\/\/www.facebook.com\/carosroberto.sodre.5\/\" \/>\n<meta property=\"article:published_time\" content=\"2018-05-18T01:06:25+00:00\" \/>\n<meta property=\"article:modified_time\" content=\"2018-05-24T15:26:39+00:00\" \/>\n<meta property=\"og:image\" content=\"https:\/\/ubanews.com\/site\/wp-content\/uploads\/2018\/05\/DSC08239-c\u00f3pia.jpg\" \/>\n\t<meta property=\"og:image:width\" content=\"800\" \/>\n\t<meta property=\"og:image:height\" content=\"457\" \/>\n\t<meta property=\"og:image:type\" content=\"image\/jpeg\" \/>\n<meta name=\"author\" content=\"Sodr\u00e9\" \/>\n<meta name=\"twitter:card\" content=\"summary_large_image\" \/>\n<meta name=\"twitter:label1\" content=\"Escrito por\" \/>\n\t<meta name=\"twitter:data1\" content=\"Sodr\u00e9\" \/>\n\t<meta name=\"twitter:label2\" content=\"Est. tempo de leitura\" \/>\n\t<meta name=\"twitter:data2\" content=\"1 minuto\" \/>\n<script type=\"application\/ld+json\" class=\"yoast-schema-graph\">{\"@context\":\"https:\/\/schema.org\",\"@graph\":[{\"@type\":\"Article\",\"@id\":\"https:\/\/ubanews.com\/site\/2018\/05\/17\/policia-militar-da-resposta-rapida-e-apreende-adolescente-que-matou-motoboy-na-noite-desta-quarta-feira-16\/#article\",\"isPartOf\":{\"@id\":\"https:\/\/ubanews.com\/site\/2018\/05\/17\/policia-militar-da-resposta-rapida-e-apreende-adolescente-que-matou-motoboy-na-noite-desta-quarta-feira-16\/\"},\"author\":{\"name\":\"Sodr\u00e9\",\"@id\":\"https:\/\/ubanews.com\/site\/#\/schema\/person\/d90c9e47252fbb63dcc969fe4c8b9d10\"},\"headline\":\"Pol\u00edcia Militar da resposta r\u00e1pida e apreende adolescente que matou motoboy na noite desta quarta-feira (16)\",\"datePublished\":\"2018-05-18T01:06:25+00:00\",\"dateModified\":\"2018-05-24T15:26:39+00:00\",\"mainEntityOfPage\":{\"@id\":\"https:\/\/ubanews.com\/site\/2018\/05\/17\/policia-militar-da-resposta-rapida-e-apreende-adolescente-que-matou-motoboy-na-noite-desta-quarta-feira-16\/\"},\"wordCount\":282,\"commentCount\":2,\"publisher\":{\"@id\":\"https:\/\/ubanews.com\/site\/#organization\"},\"image\":{\"@id\":\"https:\/\/ubanews.com\/site\/2018\/05\/17\/policia-militar-da-resposta-rapida-e-apreende-adolescente-que-matou-motoboy-na-noite-desta-quarta-feira-16\/#primaryimage\"},\"thumbnailUrl\":\"https:\/\/ubanews.com\/site\/wp-content\/uploads\/2018\/05\/DSC08239-c\u00f3pia.jpg\",\"articleSection\":[\"Geral\"],\"inLanguage\":\"pt-BR\",\"potentialAction\":[{\"@type\":\"CommentAction\",\"name\":\"Comment\",\"target\":[\"https:\/\/ubanews.com\/site\/2018\/05\/17\/policia-militar-da-resposta-rapida-e-apreende-adolescente-que-matou-motoboy-na-noite-desta-quarta-feira-16\/#respond\"]}]},{\"@type\":\"WebPage\",\"@id\":\"https:\/\/ubanews.com\/site\/2018\/05\/17\/policia-militar-da-resposta-rapida-e-apreende-adolescente-que-matou-motoboy-na-noite-desta-quarta-feira-16\/\",\"url\":\"https:\/\/ubanews.com\/site\/2018\/05\/17\/policia-militar-da-resposta-rapida-e-apreende-adolescente-que-matou-motoboy-na-noite-desta-quarta-feira-16\/\",\"name\":\"Pol\u00edcia Militar da resposta r\u00e1pida e apreende adolescente que matou motoboy na noite desta quarta-feira (16) - Ub\u00e1 News\",\"isPartOf\":{\"@id\":\"https:\/\/ubanews.com\/site\/#website\"},\"primaryImageOfPage\":{\"@id\":\"https:\/\/ubanews.com\/site\/2018\/05\/17\/policia-militar-da-resposta-rapida-e-apreende-adolescente-que-matou-motoboy-na-noite-desta-quarta-feira-16\/#primaryimage\"},\"image\":{\"@id\":\"https:\/\/ubanews.com\/site\/2018\/05\/17\/policia-militar-da-resposta-rapida-e-apreende-adolescente-que-matou-motoboy-na-noite-desta-quarta-feira-16\/#primaryimage\"},\"thumbnailUrl\":\"https:\/\/ubanews.com\/site\/wp-content\/uploads\/2018\/05\/DSC08239-c\u00f3pia.jpg\",\"datePublished\":\"2018-05-18T01:06:25+00:00\",\"dateModified\":\"2018-05-24T15:26:39+00:00\",\"breadcrumb\":{\"@id\":\"https:\/\/ubanews.com\/site\/2018\/05\/17\/policia-militar-da-resposta-rapida-e-apreende-adolescente-que-matou-motoboy-na-noite-desta-quarta-feira-16\/#breadcrumb\"},\"inLanguage\":\"pt-BR\",\"potentialAction\":[{\"@type\":\"ReadAction\",\"target\":[\"https:\/\/ubanews.com\/site\/2018\/05\/17\/policia-militar-da-resposta-rapida-e-apreende-adolescente-que-matou-motoboy-na-noite-desta-quarta-feira-16\/\"]}]},{\"@type\":\"ImageObject\",\"inLanguage\":\"pt-BR\",\"@id\":\"https:\/\/ubanews.com\/site\/2018\/05\/17\/policia-militar-da-resposta-rapida-e-apreende-adolescente-que-matou-motoboy-na-noite-desta-quarta-feira-16\/#primaryimage\",\"url\":\"https:\/\/ubanews.com\/site\/wp-content\/uploads\/2018\/05\/DSC08239-c\u00f3pia.jpg\",\"contentUrl\":\"https:\/\/ubanews.com\/site\/wp-content\/uploads\/2018\/05\/DSC08239-c\u00f3pia.jpg\",\"width\":800,\"height\":457},{\"@type\":\"BreadcrumbList\",\"@id\":\"https:\/\/ubanews.com\/site\/2018\/05\/17\/policia-militar-da-resposta-rapida-e-apreende-adolescente-que-matou-motoboy-na-noite-desta-quarta-feira-16\/#breadcrumb\",\"itemListElement\":[{\"@type\":\"ListItem\",\"position\":1,\"name\":\"Home\",\"item\":\"https:\/\/ubanews.com\/site\/\"},{\"@type\":\"ListItem\",\"position\":2,\"name\":\"Pol\u00edcia Militar da resposta r\u00e1pida e apreende adolescente que matou motoboy na noite desta quarta-feira (16)\"}]},{\"@type\":\"WebSite\",\"@id\":\"https:\/\/ubanews.com\/site\/#website\",\"url\":\"https:\/\/ubanews.com\/site\/\",\"name\":\"Ub\u00e1 News\",\"description\":\"\",\"publisher\":{\"@id\":\"https:\/\/ubanews.com\/site\/#organization\"},\"potentialAction\":[{\"@type\":\"SearchAction\",\"target\":{\"@type\":\"EntryPoint\",\"urlTemplate\":\"https:\/\/ubanews.com\/site\/?s={search_term_string}\"},\"query-input\":{\"@type\":\"PropertyValueSpecification\",\"valueRequired\":true,\"valueName\":\"search_term_string\"}}],\"inLanguage\":\"pt-BR\"},{\"@type\":\"Organization\",\"@id\":\"https:\/\/ubanews.com\/site\/#organization\",\"name\":\"Ub\u00e1 News\",\"url\":\"https:\/\/ubanews.com\/site\/\",\"logo\":{\"@type\":\"ImageObject\",\"inLanguage\":\"pt-BR\",\"@id\":\"https:\/\/ubanews.com\/site\/#\/schema\/logo\/image\/\",\"url\":\"https:\/\/ubanews.com\/site\/wp-content\/uploads\/2018\/01\/logoubanews.png\",\"contentUrl\":\"https:\/\/ubanews.com\/site\/wp-content\/uploads\/2018\/01\/logoubanews.png\",\"width\":261,\"height\":99,\"caption\":\"Ub\u00e1 News\"},\"image\":{\"@id\":\"https:\/\/ubanews.com\/site\/#\/schema\/logo\/image\/\"},\"sameAs\":[\"https:\/\/www.facebook.com\/Ub\u00e1News-Carlos-Roberto-Sodr\u00e9-418778301977370\"]},{\"@type\":\"Person\",\"@id\":\"https:\/\/ubanews.com\/site\/#\/schema\/person\/d90c9e47252fbb63dcc969fe4c8b9d10\",\"name\":\"Sodr\u00e9\",\"image\":{\"@type\":\"ImageObject\",\"inLanguage\":\"pt-BR\",\"@id\":\"https:\/\/secure.gravatar.com\/avatar\/5ba2793f0590b9dbfad3fdec4ee714485b3eef211c9b32ee53d414060454a56c?s=96&d=mm&r=g\",\"url\":\"https:\/\/secure.gravatar.com\/avatar\/5ba2793f0590b9dbfad3fdec4ee714485b3eef211c9b32ee53d414060454a56c?s=96&d=mm&r=g\",\"contentUrl\":\"https:\/\/secure.gravatar.com\/avatar\/5ba2793f0590b9dbfad3fdec4ee714485b3eef211c9b32ee53d414060454a56c?s=96&d=mm&r=g\",\"caption\":\"Sodr\u00e9\"},\"sameAs\":[\"https:\/\/www.facebook.com\/carosroberto.sodre.5\/\"],\"url\":\"https:\/\/ubanews.com\/site\/author\/felipe\/\"}]}<\/script>\n<!-- \/ Yoast SEO plugin. -->","yoast_head_json":{"title":"Pol\u00edcia Militar da resposta r\u00e1pida e apreende adolescente que matou motoboy na noite desta quarta-feira (16) - Ub\u00e1 News","robots":{"index":"index","follow":"follow","max-snippet":"max-snippet:-1","max-image-preview":"max-image-preview:large","max-video-preview":"max-video-preview:-1"},"canonical":"https:\/\/ubanews.com\/site\/2018\/05\/17\/policia-militar-da-resposta-rapida-e-apreende-adolescente-que-matou-motoboy-na-noite-desta-quarta-feira-16\/","og_locale":"pt_BR","og_type":"article","og_title":"Pol\u00edcia Militar da resposta r\u00e1pida e apreende adolescente que matou motoboy na noite desta quarta-feira (16) - Ub\u00e1 News","og_description":"&nbsp; A pol\u00edcia Militar em uma resposta r\u00e1pida aprendeu o","og_url":"https:\/\/ubanews.com\/site\/2018\/05\/17\/policia-militar-da-resposta-rapida-e-apreende-adolescente-que-matou-motoboy-na-noite-desta-quarta-feira-16\/","og_site_name":"Ub\u00e1 News","article_publisher":"https:\/\/www.facebook.com\/Ub%c3%a1News-Carlos-Roberto-Sodr%c3%a9-418778301977370","article_author":"https:\/\/www.facebook.com\/carosroberto.sodre.5\/","article_published_time":"2018-05-18T01:06:25+00:00","article_modified_time":"2018-05-24T15:26:39+00:00","og_image":[{"width":800,"height":457,"url":"https:\/\/ubanews.com\/site\/wp-content\/uploads\/2018\/05\/DSC08239-c\u00f3pia.jpg","type":"image\/jpeg"}],"author":"Sodr\u00e9","twitter_card":"summary_large_image","twitter_misc":{"Escrito por":"Sodr\u00e9","Est. tempo de leitura":"1 minuto"},"schema":{"@context":"https:\/\/schema.org","@graph":[{"@type":"Article","@id":"https:\/\/ubanews.com\/site\/2018\/05\/17\/policia-militar-da-resposta-rapida-e-apreende-adolescente-que-matou-motoboy-na-noite-desta-quarta-feira-16\/#article","isPartOf":{"@id":"https:\/\/ubanews.com\/site\/2018\/05\/17\/policia-militar-da-resposta-rapida-e-apreende-adolescente-que-matou-motoboy-na-noite-desta-quarta-feira-16\/"},"author":{"name":"Sodr\u00e9","@id":"https:\/\/ubanews.com\/site\/#\/schema\/person\/d90c9e47252fbb63dcc969fe4c8b9d10"},"headline":"Pol\u00edcia Militar da resposta r\u00e1pida e apreende adolescente que matou motoboy na noite desta quarta-feira (16)","datePublished":"2018-05-18T01:06:25+00:00","dateModified":"2018-05-24T15:26:39+00:00","mainEntityOfPage":{"@id":"https:\/\/ubanews.com\/site\/2018\/05\/17\/policia-militar-da-resposta-rapida-e-apreende-adolescente-que-matou-motoboy-na-noite-desta-quarta-feira-16\/"},"wordCount":282,"commentCount":2,"publisher":{"@id":"https:\/\/ubanews.com\/site\/#organization"},"image":{"@id":"https:\/\/ubanews.com\/site\/2018\/05\/17\/policia-militar-da-resposta-rapida-e-apreende-adolescente-que-matou-motoboy-na-noite-desta-quarta-feira-16\/#primaryimage"},"thumbnailUrl":"https:\/\/ubanews.com\/site\/wp-content\/uploads\/2018\/05\/DSC08239-c\u00f3pia.jpg","articleSection":["Geral"],"inLanguage":"pt-BR","potentialAction":[{"@type":"CommentAction","name":"Comment","target":["https:\/\/ubanews.com\/site\/2018\/05\/17\/policia-militar-da-resposta-rapida-e-apreende-adolescente-que-matou-motoboy-na-noite-desta-quarta-feira-16\/#respond"]}]},{"@type":"WebPage","@id":"https:\/\/ubanews.com\/site\/2018\/05\/17\/policia-militar-da-resposta-rapida-e-apreende-adolescente-que-matou-motoboy-na-noite-desta-quarta-feira-16\/","url":"https:\/\/ubanews.com\/site\/2018\/05\/17\/policia-militar-da-resposta-rapida-e-apreende-adolescente-que-matou-motoboy-na-noite-desta-quarta-feira-16\/","name":"Pol\u00edcia Militar da resposta r\u00e1pida e apreende adolescente que matou motoboy na noite desta quarta-feira (16) - Ub\u00e1 News","isPartOf":{"@id":"https:\/\/ubanews.com\/site\/#website"},"primaryImageOfPage":{"@id":"https:\/\/ubanews.com\/site\/2018\/05\/17\/policia-militar-da-resposta-rapida-e-apreende-adolescente-que-matou-motoboy-na-noite-desta-quarta-feira-16\/#primaryimage"},"image":{"@id":"https:\/\/ubanews.com\/site\/2018\/05\/17\/policia-militar-da-resposta-rapida-e-apreende-adolescente-que-matou-motoboy-na-noite-desta-quarta-feira-16\/#primaryimage"},"thumbnailUrl":"https:\/\/ubanews.com\/site\/wp-content\/uploads\/2018\/05\/DSC08239-c\u00f3pia.jpg","datePublished":"2018-05-18T01:06:25+00:00","dateModified":"2018-05-24T15:26:39+00:00","breadcrumb":{"@id":"https:\/\/ubanews.com\/site\/2018\/05\/17\/policia-militar-da-resposta-rapida-e-apreende-adolescente-que-matou-motoboy-na-noite-desta-quarta-feira-16\/#breadcrumb"},"inLanguage":"pt-BR","potentialAction":[{"@type":"ReadAction","target":["https:\/\/ubanews.com\/site\/2018\/05\/17\/policia-militar-da-resposta-rapida-e-apreende-adolescente-que-matou-motoboy-na-noite-desta-quarta-feira-16\/"]}]},{"@type":"ImageObject","inLanguage":"pt-BR","@id":"https:\/\/ubanews.com\/site\/2018\/05\/17\/policia-militar-da-resposta-rapida-e-apreende-adolescente-que-matou-motoboy-na-noite-desta-quarta-feira-16\/#primaryimage","url":"https:\/\/ubanews.com\/site\/wp-content\/uploads\/2018\/05\/DSC08239-c\u00f3pia.jpg","contentUrl":"https:\/\/ubanews.com\/site\/wp-content\/uploads\/2018\/05\/DSC08239-c\u00f3pia.jpg","width":800,"height":457},{"@type":"BreadcrumbList","@id":"https:\/\/ubanews.com\/site\/2018\/05\/17\/policia-militar-da-resposta-rapida-e-apreende-adolescente-que-matou-motoboy-na-noite-desta-quarta-feira-16\/#breadcrumb","itemListElement":[{"@type":"ListItem","position":1,"name":"Home","item":"https:\/\/ubanews.com\/site\/"},{"@type":"ListItem","position":2,"name":"Pol\u00edcia Militar da resposta r\u00e1pida e apreende adolescente que matou motoboy na noite desta quarta-feira (16)"}]},{"@type":"WebSite","@id":"https:\/\/ubanews.com\/site\/#website","url":"https:\/\/ubanews.com\/site\/","name":"Ub\u00e1 News","description":"","publisher":{"@id":"https:\/\/ubanews.com\/site\/#organization"},"potentialAction":[{"@type":"SearchAction","target":{"@type":"EntryPoint","urlTemplate":"https:\/\/ubanews.com\/site\/?s={search_term_string}"},"query-input":{"@type":"PropertyValueSpecification","valueRequired":true,"valueName":"search_term_string"}}],"inLanguage":"pt-BR"},{"@type":"Organization","@id":"https:\/\/ubanews.com\/site\/#organization","name":"Ub\u00e1 News","url":"https:\/\/ubanews.com\/site\/","logo":{"@type":"ImageObject","inLanguage":"pt-BR","@id":"https:\/\/ubanews.com\/site\/#\/schema\/logo\/image\/","url":"https:\/\/ubanews.com\/site\/wp-content\/uploads\/2018\/01\/logoubanews.png","contentUrl":"https:\/\/ubanews.com\/site\/wp-content\/uploads\/2018\/01\/logoubanews.png","width":261,"height":99,"caption":"Ub\u00e1 News"},"image":{"@id":"https:\/\/ubanews.com\/site\/#\/schema\/logo\/image\/"},"sameAs":["https:\/\/www.facebook.com\/Ub\u00e1News-Carlos-Roberto-Sodr\u00e9-418778301977370"]},{"@type":"Person","@id":"https:\/\/ubanews.com\/site\/#\/schema\/person\/d90c9e47252fbb63dcc969fe4c8b9d10","name":"Sodr\u00e9","image":{"@type":"ImageObject","inLanguage":"pt-BR","@id":"https:\/\/secure.gravatar.com\/avatar\/5ba2793f0590b9dbfad3fdec4ee714485b3eef211c9b32ee53d414060454a56c?s=96&d=mm&r=g","url":"https:\/\/secure.gravatar.com\/avatar\/5ba2793f0590b9dbfad3fdec4ee714485b3eef211c9b32ee53d414060454a56c?s=96&d=mm&r=g","contentUrl":"https:\/\/secure.gravatar.com\/avatar\/5ba2793f0590b9dbfad3fdec4ee714485b3eef211c9b32ee53d414060454a56c?s=96&d=mm&r=g","caption":"Sodr\u00e9"},"sameAs":["https:\/\/www.facebook.com\/carosroberto.sodre.5\/"],"url":"https:\/\/ubanews.com\/site\/author\/felipe\/"}]}},"_links":{"self":[{"href":"https:\/\/ubanews.com\/site\/wp-json\/wp\/v2\/posts\/3466","targetHints":{"allow":["GET"]}}],"collection":[{"href":"https:\/\/ubanews.com\/site\/wp-json\/wp\/v2\/posts"}],"about":[{"href":"https:\/\/ubanews.com\/site\/wp-json\/wp\/v2\/types\/post"}],"author":[{"embeddable":true,"href":"https:\/\/ubanews.com\/site\/wp-json\/wp\/v2\/users\/2"}],"replies":[{"embeddable":true,"href":"https:\/\/ubanews.com\/site\/wp-json\/wp\/v2\/comments?post=3466"}],"version-history":[{"count":0,"href":"https:\/\/ubanews.com\/site\/wp-json\/wp\/v2\/posts\/3466\/revisions"}],"wp:featuredmedia":[{"embeddable":true,"href":"https:\/\/ubanews.com\/site\/wp-json\/wp\/v2\/media\/3468"}],"wp:attachment":[{"href":"https:\/\/ubanews.com\/site\/wp-json\/wp\/v2\/media?parent=3466"}],"wp:term":[{"taxonomy":"category","embeddable":true,"href":"https:\/\/ubanews.com\/site\/wp-json\/wp\/v2\/categories?post=3466"},{"taxonomy":"post_tag","embeddable":true,"href":"https:\/\/ubanews.com\/site\/wp-json\/wp\/v2\/tags?post=3466"}],"curies":[{"name":"wp","href":"https:\/\/api.w.org\/{rel}","templated":true}]}}