{"id":3459,"date":"2018-05-17T01:41:29","date_gmt":"2018-05-17T04:41:29","guid":{"rendered":"http:\/\/ubanews.com\/site\/?p=3459"},"modified":"2018-05-24T12:29:15","modified_gmt":"2018-05-24T15:29:15","slug":"sobe-para-11-o-numero-de-homicidios-na-cidade-de-uba","status":"publish","type":"post","link":"https:\/\/ubanews.com\/site\/2018\/05\/17\/sobe-para-11-o-numero-de-homicidios-na-cidade-de-uba\/","title":{"rendered":"Sobe para 11 o n\u00famero de homic\u00eddios na cidade de Ub\u00e1"},"content":{"rendered":"<p>&nbsp;<img decoding=\"async\" class=\"alignnone size-full wp-image-3461 lazyload\" data-src=\"https:\/\/ubanews.com\/site\/wp-content\/uploads\/2018\/05\/DSC08133-c\u00f3pia.jpg\" alt=\"\" width=\"800\" height=\"457\" data-srcset=\"https:\/\/ubanews.com\/site\/wp-content\/uploads\/2018\/05\/DSC08133-c\u00f3pia.jpg 800w, https:\/\/ubanews.com\/site\/wp-content\/uploads\/2018\/05\/DSC08133-c\u00f3pia-300x171.jpg 300w, https:\/\/ubanews.com\/site\/wp-content\/uploads\/2018\/05\/DSC08133-c\u00f3pia-768x439.jpg 768w\" data-sizes=\"(max-width: 800px) 100vw, 800px\" src=\"data:image\/svg+xml;base64,PHN2ZyB3aWR0aD0iMSIgaGVpZ2h0PSIxIiB4bWxucz0iaHR0cDovL3d3dy53My5vcmcvMjAwMC9zdmciPjwvc3ZnPg==\" style=\"--smush-placeholder-width: 800px; --smush-placeholder-aspect-ratio: 800\/457;\" \/><img decoding=\"async\" class=\"alignleft wp-image-3460 lazyload\" data-src=\"https:\/\/ubanews.com\/site\/wp-content\/uploads\/2018\/05\/1-c\u00f3pia-4.jpg\" alt=\"\" width=\"429\" height=\"489\" data-srcset=\"https:\/\/ubanews.com\/site\/wp-content\/uploads\/2018\/05\/1-c\u00f3pia-4.jpg 502w, https:\/\/ubanews.com\/site\/wp-content\/uploads\/2018\/05\/1-c\u00f3pia-4-263x300.jpg 263w\" data-sizes=\"(max-width: 429px) 100vw, 429px\" src=\"data:image\/svg+xml;base64,PHN2ZyB3aWR0aD0iMSIgaGVpZ2h0PSIxIiB4bWxucz0iaHR0cDovL3d3dy53My5vcmcvMjAwMC9zdmciPjwvc3ZnPg==\" style=\"--smush-placeholder-width: 429px; --smush-placeholder-aspect-ratio: 429\/489;\" \/><\/p>\n<p>&nbsp;&nbsp;&nbsp;&nbsp;&nbsp;&nbsp;&nbsp;&nbsp;&nbsp;&nbsp;&nbsp;&nbsp; O mototaxista Alexandro Aparecido Barbosa (38) morreu depois de ser atingido por disparos de arma de fogo por um suposto passageiro no alto do Morro do Querosene. A v\u00edtima ainda conversou com o Tenente Rodrigo, o primeiro a chegar no local. Assim, o policial pode pegar o m\u00e1ximo de informa\u00e7\u00f5es sobre o ocorrido.<\/p>\n<p>&nbsp;&nbsp;&nbsp;&nbsp;&nbsp;&nbsp;&nbsp;&nbsp;&nbsp;&nbsp;&nbsp;&nbsp; Um homem moreno de estatura mediana, portando uma mochila \u00e0s costas chegou \u00e0 Rodovi\u00e1ria de Ub\u00e1 por volta das 19h e 40 min desta quarta-feira (16). Fez um lanche em um bar ali existente e logo em seguida deslocou-se at\u00e9 aos taxistas, pedindo uma corrida at\u00e9 o alto do Morro do Querosene. No entanto, o motorista abordado desconfiou da situa\u00e7\u00e3o e negou a atender ao cliente. O mesmo perguntou onde ficava um ponto ou uma central de mototaxista. Imediatamente ele obteve as informa\u00e7\u00f5es, deslocando-se para o ponto mais pr\u00f3ximo. Bem ali, ao lado onde ele estava havia a Central 2826.<\/p>\n<p>&nbsp;&nbsp;&nbsp;&nbsp;&nbsp;&nbsp;&nbsp;&nbsp;&nbsp;&nbsp;&nbsp;&nbsp; A princ\u00edpio pediu para deix\u00e1-lo no Bairro Schiavon, por\u00e9m ao chegar no citado bairro mudou de ideia, dizendo para leva-lo um pouco mais acima. Ao aproximar do Morro do Querosene o autor disse que era um assalto, querendo ficar com a moto. Quando tentou imprimir uma velocidade na tentativa de deixar o local, percebeu que o autor disparou tr\u00eas vezes contra ele pelas costas. Mesmo baleado conseguiu chegar at\u00e9 a Avenida Amadeu Jos\u00e9 Schiavon, onde pediu socorro em um bar. Segundo o m\u00e9dico do Hospital Santa Isabel que estava de plant\u00e3o, apenas um disparo atingiu a motoboy. Apesar de todos os esfor\u00e7os ele veio a \u00f3bito, subindo para onze o n\u00famero de homic\u00eddios este ano em Ub\u00e1.<\/p>\n<p>&nbsp;&nbsp;&nbsp;&nbsp;&nbsp;&nbsp;&nbsp;&nbsp;&nbsp;&nbsp;&nbsp;&nbsp; Alexandro era natural de Tuiutinga, mas ultimamente estava residindo e trabalhando em Ub\u00e1. Confira os detalhes na entrevista do Tenente Rodrigo.<\/p>\n<div style=\"position: relative; height: 0; padding-bottom: 56.25%;\"><iframe style=\"position: absolute; width: 100%; height: 100%; left: 0;\" data-src=\"https:\/\/www.youtube.com\/embed\/CHQcKlHANS8?ecver=2\" width=\"640\" height=\"360\" frameborder=\"0\" allowfullscreen=\"allowfullscreen\" src=\"data:image\/svg+xml;base64,PHN2ZyB3aWR0aD0iMSIgaGVpZ2h0PSIxIiB4bWxucz0iaHR0cDovL3d3dy53My5vcmcvMjAwMC9zdmciPjwvc3ZnPg==\" class=\"lazyload\" data-load-mode=\"1\"><\/iframe><\/div>\n<p>&nbsp;<\/p>\n","protected":false},"excerpt":{"rendered":"<p>&nbsp; &nbsp;&nbsp;&nbsp;&nbsp;&nbsp;&nbsp;&nbsp;&nbsp;&nbsp;&nbsp;&nbsp;&nbsp; O mototaxista Alexandro Aparecido Barbosa (38) morreu depois<\/p>\n","protected":false},"author":2,"featured_media":3455,"comment_status":"open","ping_status":"open","sticky":false,"template":"","format":"standard","meta":{"footnotes":""},"categories":[1],"tags":[],"class_list":["post-3459","post","type-post","status-publish","format-standard","has-post-thumbnail","hentry","category-sem-categoria"],"yoast_head":"<!-- This site is optimized with the Yoast SEO plugin v27.2 - https:\/\/yoast.com\/product\/yoast-seo-wordpress\/ -->\n<title>Sobe para 11 o n\u00famero de homic\u00eddios na cidade de Ub\u00e1 - Ub\u00e1 News<\/title>\n<meta name=\"robots\" content=\"index, follow, max-snippet:-1, max-image-preview:large, max-video-preview:-1\" \/>\n<link rel=\"canonical\" href=\"https:\/\/ubanews.com\/site\/2018\/05\/17\/sobe-para-11-o-numero-de-homicidios-na-cidade-de-uba\/\" \/>\n<meta property=\"og:locale\" content=\"pt_BR\" \/>\n<meta property=\"og:type\" content=\"article\" \/>\n<meta property=\"og:title\" content=\"Sobe para 11 o n\u00famero de homic\u00eddios na cidade de Ub\u00e1 - Ub\u00e1 News\" \/>\n<meta property=\"og:description\" content=\"&nbsp; &nbsp;&nbsp;&nbsp;&nbsp;&nbsp;&nbsp;&nbsp;&nbsp;&nbsp;&nbsp;&nbsp;&nbsp; O mototaxista Alexandro Aparecido Barbosa (38) morreu depois\" \/>\n<meta property=\"og:url\" content=\"https:\/\/ubanews.com\/site\/2018\/05\/17\/sobe-para-11-o-numero-de-homicidios-na-cidade-de-uba\/\" \/>\n<meta property=\"og:site_name\" content=\"Ub\u00e1 News\" \/>\n<meta property=\"article:publisher\" content=\"https:\/\/www.facebook.com\/Ub%c3%a1News-Carlos-Roberto-Sodr%c3%a9-418778301977370\" \/>\n<meta property=\"article:author\" content=\"https:\/\/www.facebook.com\/carosroberto.sodre.5\/\" \/>\n<meta property=\"article:published_time\" content=\"2018-05-17T04:41:29+00:00\" \/>\n<meta property=\"article:modified_time\" content=\"2018-05-24T15:29:15+00:00\" \/>\n<meta property=\"og:image\" content=\"https:\/\/ubanews.com\/site\/wp-content\/uploads\/2018\/05\/DSC08135-c\u00f3pia.jpg\" \/>\n\t<meta property=\"og:image:width\" content=\"800\" \/>\n\t<meta property=\"og:image:height\" content=\"457\" \/>\n\t<meta property=\"og:image:type\" content=\"image\/jpeg\" \/>\n<meta name=\"author\" content=\"Sodr\u00e9\" \/>\n<meta name=\"twitter:card\" content=\"summary_large_image\" \/>\n<meta name=\"twitter:label1\" content=\"Escrito por\" \/>\n\t<meta name=\"twitter:data1\" content=\"Sodr\u00e9\" \/>\n\t<meta name=\"twitter:label2\" content=\"Est. tempo de leitura\" \/>\n\t<meta name=\"twitter:data2\" content=\"2 minutos\" \/>\n<script type=\"application\/ld+json\" class=\"yoast-schema-graph\">{\"@context\":\"https:\/\/schema.org\",\"@graph\":[{\"@type\":\"Article\",\"@id\":\"https:\/\/ubanews.com\/site\/2018\/05\/17\/sobe-para-11-o-numero-de-homicidios-na-cidade-de-uba\/#article\",\"isPartOf\":{\"@id\":\"https:\/\/ubanews.com\/site\/2018\/05\/17\/sobe-para-11-o-numero-de-homicidios-na-cidade-de-uba\/\"},\"author\":{\"name\":\"Sodr\u00e9\",\"@id\":\"https:\/\/ubanews.com\/site\/#\/schema\/person\/d90c9e47252fbb63dcc969fe4c8b9d10\"},\"headline\":\"Sobe para 11 o n\u00famero de homic\u00eddios na cidade de Ub\u00e1\",\"datePublished\":\"2018-05-17T04:41:29+00:00\",\"dateModified\":\"2018-05-24T15:29:15+00:00\",\"mainEntityOfPage\":{\"@id\":\"https:\/\/ubanews.com\/site\/2018\/05\/17\/sobe-para-11-o-numero-de-homicidios-na-cidade-de-uba\/\"},\"wordCount\":364,\"commentCount\":3,\"publisher\":{\"@id\":\"https:\/\/ubanews.com\/site\/#organization\"},\"image\":{\"@id\":\"https:\/\/ubanews.com\/site\/2018\/05\/17\/sobe-para-11-o-numero-de-homicidios-na-cidade-de-uba\/#primaryimage\"},\"thumbnailUrl\":\"https:\/\/ubanews.com\/site\/wp-content\/uploads\/2018\/05\/DSC08135-c\u00f3pia.jpg\",\"articleSection\":[\"Geral\"],\"inLanguage\":\"pt-BR\",\"potentialAction\":[{\"@type\":\"CommentAction\",\"name\":\"Comment\",\"target\":[\"https:\/\/ubanews.com\/site\/2018\/05\/17\/sobe-para-11-o-numero-de-homicidios-na-cidade-de-uba\/#respond\"]}]},{\"@type\":\"WebPage\",\"@id\":\"https:\/\/ubanews.com\/site\/2018\/05\/17\/sobe-para-11-o-numero-de-homicidios-na-cidade-de-uba\/\",\"url\":\"https:\/\/ubanews.com\/site\/2018\/05\/17\/sobe-para-11-o-numero-de-homicidios-na-cidade-de-uba\/\",\"name\":\"Sobe para 11 o n\u00famero de homic\u00eddios na cidade de Ub\u00e1 - Ub\u00e1 News\",\"isPartOf\":{\"@id\":\"https:\/\/ubanews.com\/site\/#website\"},\"primaryImageOfPage\":{\"@id\":\"https:\/\/ubanews.com\/site\/2018\/05\/17\/sobe-para-11-o-numero-de-homicidios-na-cidade-de-uba\/#primaryimage\"},\"image\":{\"@id\":\"https:\/\/ubanews.com\/site\/2018\/05\/17\/sobe-para-11-o-numero-de-homicidios-na-cidade-de-uba\/#primaryimage\"},\"thumbnailUrl\":\"https:\/\/ubanews.com\/site\/wp-content\/uploads\/2018\/05\/DSC08135-c\u00f3pia.jpg\",\"datePublished\":\"2018-05-17T04:41:29+00:00\",\"dateModified\":\"2018-05-24T15:29:15+00:00\",\"breadcrumb\":{\"@id\":\"https:\/\/ubanews.com\/site\/2018\/05\/17\/sobe-para-11-o-numero-de-homicidios-na-cidade-de-uba\/#breadcrumb\"},\"inLanguage\":\"pt-BR\",\"potentialAction\":[{\"@type\":\"ReadAction\",\"target\":[\"https:\/\/ubanews.com\/site\/2018\/05\/17\/sobe-para-11-o-numero-de-homicidios-na-cidade-de-uba\/\"]}]},{\"@type\":\"ImageObject\",\"inLanguage\":\"pt-BR\",\"@id\":\"https:\/\/ubanews.com\/site\/2018\/05\/17\/sobe-para-11-o-numero-de-homicidios-na-cidade-de-uba\/#primaryimage\",\"url\":\"https:\/\/ubanews.com\/site\/wp-content\/uploads\/2018\/05\/DSC08135-c\u00f3pia.jpg\",\"contentUrl\":\"https:\/\/ubanews.com\/site\/wp-content\/uploads\/2018\/05\/DSC08135-c\u00f3pia.jpg\",\"width\":800,\"height\":457},{\"@type\":\"BreadcrumbList\",\"@id\":\"https:\/\/ubanews.com\/site\/2018\/05\/17\/sobe-para-11-o-numero-de-homicidios-na-cidade-de-uba\/#breadcrumb\",\"itemListElement\":[{\"@type\":\"ListItem\",\"position\":1,\"name\":\"Home\",\"item\":\"https:\/\/ubanews.com\/site\/\"},{\"@type\":\"ListItem\",\"position\":2,\"name\":\"Sobe para 11 o n\u00famero de homic\u00eddios na cidade de Ub\u00e1\"}]},{\"@type\":\"WebSite\",\"@id\":\"https:\/\/ubanews.com\/site\/#website\",\"url\":\"https:\/\/ubanews.com\/site\/\",\"name\":\"Ub\u00e1 News\",\"description\":\"\",\"publisher\":{\"@id\":\"https:\/\/ubanews.com\/site\/#organization\"},\"potentialAction\":[{\"@type\":\"SearchAction\",\"target\":{\"@type\":\"EntryPoint\",\"urlTemplate\":\"https:\/\/ubanews.com\/site\/?s={search_term_string}\"},\"query-input\":{\"@type\":\"PropertyValueSpecification\",\"valueRequired\":true,\"valueName\":\"search_term_string\"}}],\"inLanguage\":\"pt-BR\"},{\"@type\":\"Organization\",\"@id\":\"https:\/\/ubanews.com\/site\/#organization\",\"name\":\"Ub\u00e1 News\",\"url\":\"https:\/\/ubanews.com\/site\/\",\"logo\":{\"@type\":\"ImageObject\",\"inLanguage\":\"pt-BR\",\"@id\":\"https:\/\/ubanews.com\/site\/#\/schema\/logo\/image\/\",\"url\":\"https:\/\/ubanews.com\/site\/wp-content\/uploads\/2018\/01\/logoubanews.png\",\"contentUrl\":\"https:\/\/ubanews.com\/site\/wp-content\/uploads\/2018\/01\/logoubanews.png\",\"width\":261,\"height\":99,\"caption\":\"Ub\u00e1 News\"},\"image\":{\"@id\":\"https:\/\/ubanews.com\/site\/#\/schema\/logo\/image\/\"},\"sameAs\":[\"https:\/\/www.facebook.com\/Ub\u00e1News-Carlos-Roberto-Sodr\u00e9-418778301977370\"]},{\"@type\":\"Person\",\"@id\":\"https:\/\/ubanews.com\/site\/#\/schema\/person\/d90c9e47252fbb63dcc969fe4c8b9d10\",\"name\":\"Sodr\u00e9\",\"image\":{\"@type\":\"ImageObject\",\"inLanguage\":\"pt-BR\",\"@id\":\"https:\/\/secure.gravatar.com\/avatar\/5ba2793f0590b9dbfad3fdec4ee714485b3eef211c9b32ee53d414060454a56c?s=96&d=mm&r=g\",\"url\":\"https:\/\/secure.gravatar.com\/avatar\/5ba2793f0590b9dbfad3fdec4ee714485b3eef211c9b32ee53d414060454a56c?s=96&d=mm&r=g\",\"contentUrl\":\"https:\/\/secure.gravatar.com\/avatar\/5ba2793f0590b9dbfad3fdec4ee714485b3eef211c9b32ee53d414060454a56c?s=96&d=mm&r=g\",\"caption\":\"Sodr\u00e9\"},\"sameAs\":[\"https:\/\/www.facebook.com\/carosroberto.sodre.5\/\"],\"url\":\"https:\/\/ubanews.com\/site\/author\/felipe\/\"}]}<\/script>\n<!-- \/ Yoast SEO plugin. -->","yoast_head_json":{"title":"Sobe para 11 o n\u00famero de homic\u00eddios na cidade de Ub\u00e1 - Ub\u00e1 News","robots":{"index":"index","follow":"follow","max-snippet":"max-snippet:-1","max-image-preview":"max-image-preview:large","max-video-preview":"max-video-preview:-1"},"canonical":"https:\/\/ubanews.com\/site\/2018\/05\/17\/sobe-para-11-o-numero-de-homicidios-na-cidade-de-uba\/","og_locale":"pt_BR","og_type":"article","og_title":"Sobe para 11 o n\u00famero de homic\u00eddios na cidade de Ub\u00e1 - Ub\u00e1 News","og_description":"&nbsp; &nbsp;&nbsp;&nbsp;&nbsp;&nbsp;&nbsp;&nbsp;&nbsp;&nbsp;&nbsp;&nbsp;&nbsp; O mototaxista Alexandro Aparecido Barbosa (38) morreu depois","og_url":"https:\/\/ubanews.com\/site\/2018\/05\/17\/sobe-para-11-o-numero-de-homicidios-na-cidade-de-uba\/","og_site_name":"Ub\u00e1 News","article_publisher":"https:\/\/www.facebook.com\/Ub%c3%a1News-Carlos-Roberto-Sodr%c3%a9-418778301977370","article_author":"https:\/\/www.facebook.com\/carosroberto.sodre.5\/","article_published_time":"2018-05-17T04:41:29+00:00","article_modified_time":"2018-05-24T15:29:15+00:00","og_image":[{"width":800,"height":457,"url":"https:\/\/ubanews.com\/site\/wp-content\/uploads\/2018\/05\/DSC08135-c\u00f3pia.jpg","type":"image\/jpeg"}],"author":"Sodr\u00e9","twitter_card":"summary_large_image","twitter_misc":{"Escrito por":"Sodr\u00e9","Est. tempo de leitura":"2 minutos"},"schema":{"@context":"https:\/\/schema.org","@graph":[{"@type":"Article","@id":"https:\/\/ubanews.com\/site\/2018\/05\/17\/sobe-para-11-o-numero-de-homicidios-na-cidade-de-uba\/#article","isPartOf":{"@id":"https:\/\/ubanews.com\/site\/2018\/05\/17\/sobe-para-11-o-numero-de-homicidios-na-cidade-de-uba\/"},"author":{"name":"Sodr\u00e9","@id":"https:\/\/ubanews.com\/site\/#\/schema\/person\/d90c9e47252fbb63dcc969fe4c8b9d10"},"headline":"Sobe para 11 o n\u00famero de homic\u00eddios na cidade de Ub\u00e1","datePublished":"2018-05-17T04:41:29+00:00","dateModified":"2018-05-24T15:29:15+00:00","mainEntityOfPage":{"@id":"https:\/\/ubanews.com\/site\/2018\/05\/17\/sobe-para-11-o-numero-de-homicidios-na-cidade-de-uba\/"},"wordCount":364,"commentCount":3,"publisher":{"@id":"https:\/\/ubanews.com\/site\/#organization"},"image":{"@id":"https:\/\/ubanews.com\/site\/2018\/05\/17\/sobe-para-11-o-numero-de-homicidios-na-cidade-de-uba\/#primaryimage"},"thumbnailUrl":"https:\/\/ubanews.com\/site\/wp-content\/uploads\/2018\/05\/DSC08135-c\u00f3pia.jpg","articleSection":["Geral"],"inLanguage":"pt-BR","potentialAction":[{"@type":"CommentAction","name":"Comment","target":["https:\/\/ubanews.com\/site\/2018\/05\/17\/sobe-para-11-o-numero-de-homicidios-na-cidade-de-uba\/#respond"]}]},{"@type":"WebPage","@id":"https:\/\/ubanews.com\/site\/2018\/05\/17\/sobe-para-11-o-numero-de-homicidios-na-cidade-de-uba\/","url":"https:\/\/ubanews.com\/site\/2018\/05\/17\/sobe-para-11-o-numero-de-homicidios-na-cidade-de-uba\/","name":"Sobe para 11 o n\u00famero de homic\u00eddios na cidade de Ub\u00e1 - Ub\u00e1 News","isPartOf":{"@id":"https:\/\/ubanews.com\/site\/#website"},"primaryImageOfPage":{"@id":"https:\/\/ubanews.com\/site\/2018\/05\/17\/sobe-para-11-o-numero-de-homicidios-na-cidade-de-uba\/#primaryimage"},"image":{"@id":"https:\/\/ubanews.com\/site\/2018\/05\/17\/sobe-para-11-o-numero-de-homicidios-na-cidade-de-uba\/#primaryimage"},"thumbnailUrl":"https:\/\/ubanews.com\/site\/wp-content\/uploads\/2018\/05\/DSC08135-c\u00f3pia.jpg","datePublished":"2018-05-17T04:41:29+00:00","dateModified":"2018-05-24T15:29:15+00:00","breadcrumb":{"@id":"https:\/\/ubanews.com\/site\/2018\/05\/17\/sobe-para-11-o-numero-de-homicidios-na-cidade-de-uba\/#breadcrumb"},"inLanguage":"pt-BR","potentialAction":[{"@type":"ReadAction","target":["https:\/\/ubanews.com\/site\/2018\/05\/17\/sobe-para-11-o-numero-de-homicidios-na-cidade-de-uba\/"]}]},{"@type":"ImageObject","inLanguage":"pt-BR","@id":"https:\/\/ubanews.com\/site\/2018\/05\/17\/sobe-para-11-o-numero-de-homicidios-na-cidade-de-uba\/#primaryimage","url":"https:\/\/ubanews.com\/site\/wp-content\/uploads\/2018\/05\/DSC08135-c\u00f3pia.jpg","contentUrl":"https:\/\/ubanews.com\/site\/wp-content\/uploads\/2018\/05\/DSC08135-c\u00f3pia.jpg","width":800,"height":457},{"@type":"BreadcrumbList","@id":"https:\/\/ubanews.com\/site\/2018\/05\/17\/sobe-para-11-o-numero-de-homicidios-na-cidade-de-uba\/#breadcrumb","itemListElement":[{"@type":"ListItem","position":1,"name":"Home","item":"https:\/\/ubanews.com\/site\/"},{"@type":"ListItem","position":2,"name":"Sobe para 11 o n\u00famero de homic\u00eddios na cidade de Ub\u00e1"}]},{"@type":"WebSite","@id":"https:\/\/ubanews.com\/site\/#website","url":"https:\/\/ubanews.com\/site\/","name":"Ub\u00e1 News","description":"","publisher":{"@id":"https:\/\/ubanews.com\/site\/#organization"},"potentialAction":[{"@type":"SearchAction","target":{"@type":"EntryPoint","urlTemplate":"https:\/\/ubanews.com\/site\/?s={search_term_string}"},"query-input":{"@type":"PropertyValueSpecification","valueRequired":true,"valueName":"search_term_string"}}],"inLanguage":"pt-BR"},{"@type":"Organization","@id":"https:\/\/ubanews.com\/site\/#organization","name":"Ub\u00e1 News","url":"https:\/\/ubanews.com\/site\/","logo":{"@type":"ImageObject","inLanguage":"pt-BR","@id":"https:\/\/ubanews.com\/site\/#\/schema\/logo\/image\/","url":"https:\/\/ubanews.com\/site\/wp-content\/uploads\/2018\/01\/logoubanews.png","contentUrl":"https:\/\/ubanews.com\/site\/wp-content\/uploads\/2018\/01\/logoubanews.png","width":261,"height":99,"caption":"Ub\u00e1 News"},"image":{"@id":"https:\/\/ubanews.com\/site\/#\/schema\/logo\/image\/"},"sameAs":["https:\/\/www.facebook.com\/Ub\u00e1News-Carlos-Roberto-Sodr\u00e9-418778301977370"]},{"@type":"Person","@id":"https:\/\/ubanews.com\/site\/#\/schema\/person\/d90c9e47252fbb63dcc969fe4c8b9d10","name":"Sodr\u00e9","image":{"@type":"ImageObject","inLanguage":"pt-BR","@id":"https:\/\/secure.gravatar.com\/avatar\/5ba2793f0590b9dbfad3fdec4ee714485b3eef211c9b32ee53d414060454a56c?s=96&d=mm&r=g","url":"https:\/\/secure.gravatar.com\/avatar\/5ba2793f0590b9dbfad3fdec4ee714485b3eef211c9b32ee53d414060454a56c?s=96&d=mm&r=g","contentUrl":"https:\/\/secure.gravatar.com\/avatar\/5ba2793f0590b9dbfad3fdec4ee714485b3eef211c9b32ee53d414060454a56c?s=96&d=mm&r=g","caption":"Sodr\u00e9"},"sameAs":["https:\/\/www.facebook.com\/carosroberto.sodre.5\/"],"url":"https:\/\/ubanews.com\/site\/author\/felipe\/"}]}},"_links":{"self":[{"href":"https:\/\/ubanews.com\/site\/wp-json\/wp\/v2\/posts\/3459","targetHints":{"allow":["GET"]}}],"collection":[{"href":"https:\/\/ubanews.com\/site\/wp-json\/wp\/v2\/posts"}],"about":[{"href":"https:\/\/ubanews.com\/site\/wp-json\/wp\/v2\/types\/post"}],"author":[{"embeddable":true,"href":"https:\/\/ubanews.com\/site\/wp-json\/wp\/v2\/users\/2"}],"replies":[{"embeddable":true,"href":"https:\/\/ubanews.com\/site\/wp-json\/wp\/v2\/comments?post=3459"}],"version-history":[{"count":0,"href":"https:\/\/ubanews.com\/site\/wp-json\/wp\/v2\/posts\/3459\/revisions"}],"wp:featuredmedia":[{"embeddable":true,"href":"https:\/\/ubanews.com\/site\/wp-json\/wp\/v2\/media\/3455"}],"wp:attachment":[{"href":"https:\/\/ubanews.com\/site\/wp-json\/wp\/v2\/media?parent=3459"}],"wp:term":[{"taxonomy":"category","embeddable":true,"href":"https:\/\/ubanews.com\/site\/wp-json\/wp\/v2\/categories?post=3459"},{"taxonomy":"post_tag","embeddable":true,"href":"https:\/\/ubanews.com\/site\/wp-json\/wp\/v2\/tags?post=3459"}],"curies":[{"name":"wp","href":"https:\/\/api.w.org\/{rel}","templated":true}]}}