{"id":3454,"date":"2018-05-17T01:12:08","date_gmt":"2018-05-17T04:12:08","guid":{"rendered":"http:\/\/ubanews.com\/site\/?p=3454"},"modified":"2018-05-18T11:44:19","modified_gmt":"2018-05-18T14:44:19","slug":"vacinacao-contra-a-gripe-tem-horarios-especiais-em-uba","status":"publish","type":"post","link":"https:\/\/ubanews.com\/site\/2018\/05\/17\/vacinacao-contra-a-gripe-tem-horarios-especiais-em-uba\/","title":{"rendered":"Vacina\u00e7\u00e3o contra a Gripe tem hor\u00e1rios especiais em Ub\u00e1"},"content":{"rendered":"<p><img decoding=\"async\" class=\"alignnone size-full wp-image-3457 lazyload\" data-src=\"https:\/\/ubanews.com\/site\/wp-content\/uploads\/2018\/05\/1-2.jpeg\" alt=\"\" width=\"679\" height=\"600\" data-srcset=\"https:\/\/ubanews.com\/site\/wp-content\/uploads\/2018\/05\/1-2.jpeg 679w, https:\/\/ubanews.com\/site\/wp-content\/uploads\/2018\/05\/1-2-300x265.jpeg 300w\" data-sizes=\"(max-width: 679px) 100vw, 679px\" src=\"data:image\/svg+xml;base64,PHN2ZyB3aWR0aD0iMSIgaGVpZ2h0PSIxIiB4bWxucz0iaHR0cDovL3d3dy53My5vcmcvMjAwMC9zdmciPjwvc3ZnPg==\" style=\"--smush-placeholder-width: 679px; --smush-placeholder-aspect-ratio: 679\/600;\" \/><\/p>\n<p>A Prefeitura de Ub\u00e1, atrav\u00e9s da Secretaria Municipal de Sa\u00fade, est\u00e1 implementando um plant\u00e3o especial de vacina\u00e7\u00e3o contra a gripe na cidade. De 16 at\u00e9 o dia 25 de maio, a Sala de Vacina da Policl\u00ednica Regional ter\u00e1 hor\u00e1rio de funcionamento ampliado para dar mais oportunidades de imuniza\u00e7\u00e3o a todo o p\u00fablico alvo da campanha.<\/p>\n<p>De segunda a sexta-feira (16 a 25 de maio) a Policl\u00ednica estar\u00e1 vacinando de 7h \u00e0s 20 horas. Neste pr\u00f3ximo final de semana a vacina tamb\u00e9m estar\u00e1 dispon\u00edvel na Policl\u00ednica: s\u00e1bado de 8h \u00e0s 17h, e domingo de 7h \u00e0s 12h. Tamb\u00e9m na Pra\u00e7a S\u00e3o Janu\u00e1rio ser\u00e1 instalado um ponto de vacina\u00e7\u00e3o no s\u00e1bado, de 8h \u00e0s 14h, durante o evento \u201cMaio Roxo\u201d.<\/p>\n<p>Equipes da Secretaria Municipal de Sa\u00fade tamb\u00e9m atuar\u00e3o em a\u00e7\u00f5es de conscientiza\u00e7\u00e3o na Feira Livre Municipal neste domingo (20), informando idosos e outras pessoas que perten\u00e7am ao p\u00fablico alvo da campanha e encaminhando aos locais de vacina\u00e7\u00e3o.<\/p>\n<p>A Campanha tem como p\u00fablico alvo crian\u00e7as entre 6 meses e 5 anos de idade, pu\u00e9rperas (mulheres que tiveram filhos em at\u00e9 45 dias), maiores de 60 anos, popula\u00e7\u00e3o privada de liberdade, trabalhadores da \u00e1rea da sa\u00fade e professores. Para receber a dose da vacina \u00e9 importante apresentar o Cart\u00e3o de Vacina. Para o munic\u00edpio de Ub\u00e1 foram destinadas um total de 27 mil doses da vacina e a meta \u00e9 de imunizar 95% deste grupo.<\/p>\n<p>A vacina este ano oferece imuniza\u00e7\u00e3o contra os v\u00edrus H1N1, influenza B e o H3N2, tipo que provocou um aumento significativo de casos e de mortes relacionadas \u00e0 doen\u00e7a no Hemisf\u00e9rio Norte.<\/p>\n","protected":false},"excerpt":{"rendered":"<p>A Prefeitura de Ub\u00e1, atrav\u00e9s da Secretaria Municipal de Sa\u00fade,<\/p>\n","protected":false},"author":2,"featured_media":3456,"comment_status":"open","ping_status":"open","sticky":false,"template":"","format":"standard","meta":{"footnotes":""},"categories":[1],"tags":[],"class_list":["post-3454","post","type-post","status-publish","format-standard","has-post-thumbnail","hentry","category-sem-categoria"],"yoast_head":"<!-- This site is optimized with the Yoast SEO plugin v27.2 - https:\/\/yoast.com\/product\/yoast-seo-wordpress\/ -->\n<title>Vacina\u00e7\u00e3o contra a Gripe tem hor\u00e1rios especiais em Ub\u00e1 - Ub\u00e1 News<\/title>\n<meta name=\"robots\" content=\"index, follow, max-snippet:-1, max-image-preview:large, max-video-preview:-1\" \/>\n<link rel=\"canonical\" href=\"https:\/\/ubanews.com\/site\/2018\/05\/17\/vacinacao-contra-a-gripe-tem-horarios-especiais-em-uba\/\" \/>\n<meta property=\"og:locale\" content=\"pt_BR\" \/>\n<meta property=\"og:type\" content=\"article\" \/>\n<meta property=\"og:title\" content=\"Vacina\u00e7\u00e3o contra a Gripe tem hor\u00e1rios especiais em Ub\u00e1 - Ub\u00e1 News\" \/>\n<meta property=\"og:description\" content=\"A Prefeitura de Ub\u00e1, atrav\u00e9s da Secretaria Municipal de Sa\u00fade,\" \/>\n<meta property=\"og:url\" content=\"https:\/\/ubanews.com\/site\/2018\/05\/17\/vacinacao-contra-a-gripe-tem-horarios-especiais-em-uba\/\" \/>\n<meta property=\"og:site_name\" content=\"Ub\u00e1 News\" \/>\n<meta property=\"article:publisher\" content=\"https:\/\/www.facebook.com\/Ub%c3%a1News-Carlos-Roberto-Sodr%c3%a9-418778301977370\" \/>\n<meta property=\"article:author\" content=\"https:\/\/www.facebook.com\/carosroberto.sodre.5\/\" \/>\n<meta property=\"article:published_time\" content=\"2018-05-17T04:12:08+00:00\" \/>\n<meta property=\"article:modified_time\" content=\"2018-05-18T14:44:19+00:00\" \/>\n<meta property=\"og:image\" content=\"https:\/\/ubanews.com\/site\/wp-content\/uploads\/2018\/05\/1-c\u00f3pia-3.jpg\" \/>\n\t<meta property=\"og:image:width\" content=\"800\" \/>\n\t<meta property=\"og:image:height\" content=\"457\" \/>\n\t<meta property=\"og:image:type\" content=\"image\/jpeg\" \/>\n<meta name=\"author\" content=\"Sodr\u00e9\" \/>\n<meta name=\"twitter:card\" content=\"summary_large_image\" \/>\n<meta name=\"twitter:label1\" content=\"Escrito por\" \/>\n\t<meta name=\"twitter:data1\" content=\"Sodr\u00e9\" \/>\n\t<meta name=\"twitter:label2\" content=\"Est. tempo de leitura\" \/>\n\t<meta name=\"twitter:data2\" content=\"1 minuto\" \/>\n<script type=\"application\/ld+json\" class=\"yoast-schema-graph\">{\"@context\":\"https:\/\/schema.org\",\"@graph\":[{\"@type\":\"Article\",\"@id\":\"https:\/\/ubanews.com\/site\/2018\/05\/17\/vacinacao-contra-a-gripe-tem-horarios-especiais-em-uba\/#article\",\"isPartOf\":{\"@id\":\"https:\/\/ubanews.com\/site\/2018\/05\/17\/vacinacao-contra-a-gripe-tem-horarios-especiais-em-uba\/\"},\"author\":{\"name\":\"Sodr\u00e9\",\"@id\":\"https:\/\/ubanews.com\/site\/#\/schema\/person\/d90c9e47252fbb63dcc969fe4c8b9d10\"},\"headline\":\"Vacina\u00e7\u00e3o contra a Gripe tem hor\u00e1rios especiais em Ub\u00e1\",\"datePublished\":\"2018-05-17T04:12:08+00:00\",\"dateModified\":\"2018-05-18T14:44:19+00:00\",\"mainEntityOfPage\":{\"@id\":\"https:\/\/ubanews.com\/site\/2018\/05\/17\/vacinacao-contra-a-gripe-tem-horarios-especiais-em-uba\/\"},\"wordCount\":300,\"commentCount\":0,\"publisher\":{\"@id\":\"https:\/\/ubanews.com\/site\/#organization\"},\"image\":{\"@id\":\"https:\/\/ubanews.com\/site\/2018\/05\/17\/vacinacao-contra-a-gripe-tem-horarios-especiais-em-uba\/#primaryimage\"},\"thumbnailUrl\":\"https:\/\/ubanews.com\/site\/wp-content\/uploads\/2018\/05\/1-c\u00f3pia-3.jpg\",\"articleSection\":[\"Geral\"],\"inLanguage\":\"pt-BR\",\"potentialAction\":[{\"@type\":\"CommentAction\",\"name\":\"Comment\",\"target\":[\"https:\/\/ubanews.com\/site\/2018\/05\/17\/vacinacao-contra-a-gripe-tem-horarios-especiais-em-uba\/#respond\"]}]},{\"@type\":\"WebPage\",\"@id\":\"https:\/\/ubanews.com\/site\/2018\/05\/17\/vacinacao-contra-a-gripe-tem-horarios-especiais-em-uba\/\",\"url\":\"https:\/\/ubanews.com\/site\/2018\/05\/17\/vacinacao-contra-a-gripe-tem-horarios-especiais-em-uba\/\",\"name\":\"Vacina\u00e7\u00e3o contra a Gripe tem hor\u00e1rios especiais em Ub\u00e1 - Ub\u00e1 News\",\"isPartOf\":{\"@id\":\"https:\/\/ubanews.com\/site\/#website\"},\"primaryImageOfPage\":{\"@id\":\"https:\/\/ubanews.com\/site\/2018\/05\/17\/vacinacao-contra-a-gripe-tem-horarios-especiais-em-uba\/#primaryimage\"},\"image\":{\"@id\":\"https:\/\/ubanews.com\/site\/2018\/05\/17\/vacinacao-contra-a-gripe-tem-horarios-especiais-em-uba\/#primaryimage\"},\"thumbnailUrl\":\"https:\/\/ubanews.com\/site\/wp-content\/uploads\/2018\/05\/1-c\u00f3pia-3.jpg\",\"datePublished\":\"2018-05-17T04:12:08+00:00\",\"dateModified\":\"2018-05-18T14:44:19+00:00\",\"breadcrumb\":{\"@id\":\"https:\/\/ubanews.com\/site\/2018\/05\/17\/vacinacao-contra-a-gripe-tem-horarios-especiais-em-uba\/#breadcrumb\"},\"inLanguage\":\"pt-BR\",\"potentialAction\":[{\"@type\":\"ReadAction\",\"target\":[\"https:\/\/ubanews.com\/site\/2018\/05\/17\/vacinacao-contra-a-gripe-tem-horarios-especiais-em-uba\/\"]}]},{\"@type\":\"ImageObject\",\"inLanguage\":\"pt-BR\",\"@id\":\"https:\/\/ubanews.com\/site\/2018\/05\/17\/vacinacao-contra-a-gripe-tem-horarios-especiais-em-uba\/#primaryimage\",\"url\":\"https:\/\/ubanews.com\/site\/wp-content\/uploads\/2018\/05\/1-c\u00f3pia-3.jpg\",\"contentUrl\":\"https:\/\/ubanews.com\/site\/wp-content\/uploads\/2018\/05\/1-c\u00f3pia-3.jpg\",\"width\":800,\"height\":457},{\"@type\":\"BreadcrumbList\",\"@id\":\"https:\/\/ubanews.com\/site\/2018\/05\/17\/vacinacao-contra-a-gripe-tem-horarios-especiais-em-uba\/#breadcrumb\",\"itemListElement\":[{\"@type\":\"ListItem\",\"position\":1,\"name\":\"Home\",\"item\":\"https:\/\/ubanews.com\/site\/\"},{\"@type\":\"ListItem\",\"position\":2,\"name\":\"Vacina\u00e7\u00e3o contra a Gripe tem hor\u00e1rios especiais em Ub\u00e1\"}]},{\"@type\":\"WebSite\",\"@id\":\"https:\/\/ubanews.com\/site\/#website\",\"url\":\"https:\/\/ubanews.com\/site\/\",\"name\":\"Ub\u00e1 News\",\"description\":\"\",\"publisher\":{\"@id\":\"https:\/\/ubanews.com\/site\/#organization\"},\"potentialAction\":[{\"@type\":\"SearchAction\",\"target\":{\"@type\":\"EntryPoint\",\"urlTemplate\":\"https:\/\/ubanews.com\/site\/?s={search_term_string}\"},\"query-input\":{\"@type\":\"PropertyValueSpecification\",\"valueRequired\":true,\"valueName\":\"search_term_string\"}}],\"inLanguage\":\"pt-BR\"},{\"@type\":\"Organization\",\"@id\":\"https:\/\/ubanews.com\/site\/#organization\",\"name\":\"Ub\u00e1 News\",\"url\":\"https:\/\/ubanews.com\/site\/\",\"logo\":{\"@type\":\"ImageObject\",\"inLanguage\":\"pt-BR\",\"@id\":\"https:\/\/ubanews.com\/site\/#\/schema\/logo\/image\/\",\"url\":\"https:\/\/ubanews.com\/site\/wp-content\/uploads\/2018\/01\/logoubanews.png\",\"contentUrl\":\"https:\/\/ubanews.com\/site\/wp-content\/uploads\/2018\/01\/logoubanews.png\",\"width\":261,\"height\":99,\"caption\":\"Ub\u00e1 News\"},\"image\":{\"@id\":\"https:\/\/ubanews.com\/site\/#\/schema\/logo\/image\/\"},\"sameAs\":[\"https:\/\/www.facebook.com\/Ub\u00e1News-Carlos-Roberto-Sodr\u00e9-418778301977370\"]},{\"@type\":\"Person\",\"@id\":\"https:\/\/ubanews.com\/site\/#\/schema\/person\/d90c9e47252fbb63dcc969fe4c8b9d10\",\"name\":\"Sodr\u00e9\",\"image\":{\"@type\":\"ImageObject\",\"inLanguage\":\"pt-BR\",\"@id\":\"https:\/\/secure.gravatar.com\/avatar\/5ba2793f0590b9dbfad3fdec4ee714485b3eef211c9b32ee53d414060454a56c?s=96&d=mm&r=g\",\"url\":\"https:\/\/secure.gravatar.com\/avatar\/5ba2793f0590b9dbfad3fdec4ee714485b3eef211c9b32ee53d414060454a56c?s=96&d=mm&r=g\",\"contentUrl\":\"https:\/\/secure.gravatar.com\/avatar\/5ba2793f0590b9dbfad3fdec4ee714485b3eef211c9b32ee53d414060454a56c?s=96&d=mm&r=g\",\"caption\":\"Sodr\u00e9\"},\"sameAs\":[\"https:\/\/www.facebook.com\/carosroberto.sodre.5\/\"],\"url\":\"https:\/\/ubanews.com\/site\/author\/felipe\/\"}]}<\/script>\n<!-- \/ Yoast SEO plugin. -->","yoast_head_json":{"title":"Vacina\u00e7\u00e3o contra a Gripe tem hor\u00e1rios especiais em Ub\u00e1 - Ub\u00e1 News","robots":{"index":"index","follow":"follow","max-snippet":"max-snippet:-1","max-image-preview":"max-image-preview:large","max-video-preview":"max-video-preview:-1"},"canonical":"https:\/\/ubanews.com\/site\/2018\/05\/17\/vacinacao-contra-a-gripe-tem-horarios-especiais-em-uba\/","og_locale":"pt_BR","og_type":"article","og_title":"Vacina\u00e7\u00e3o contra a Gripe tem hor\u00e1rios especiais em Ub\u00e1 - Ub\u00e1 News","og_description":"A Prefeitura de Ub\u00e1, atrav\u00e9s da Secretaria Municipal de Sa\u00fade,","og_url":"https:\/\/ubanews.com\/site\/2018\/05\/17\/vacinacao-contra-a-gripe-tem-horarios-especiais-em-uba\/","og_site_name":"Ub\u00e1 News","article_publisher":"https:\/\/www.facebook.com\/Ub%c3%a1News-Carlos-Roberto-Sodr%c3%a9-418778301977370","article_author":"https:\/\/www.facebook.com\/carosroberto.sodre.5\/","article_published_time":"2018-05-17T04:12:08+00:00","article_modified_time":"2018-05-18T14:44:19+00:00","og_image":[{"width":800,"height":457,"url":"https:\/\/ubanews.com\/site\/wp-content\/uploads\/2018\/05\/1-c\u00f3pia-3.jpg","type":"image\/jpeg"}],"author":"Sodr\u00e9","twitter_card":"summary_large_image","twitter_misc":{"Escrito por":"Sodr\u00e9","Est. tempo de leitura":"1 minuto"},"schema":{"@context":"https:\/\/schema.org","@graph":[{"@type":"Article","@id":"https:\/\/ubanews.com\/site\/2018\/05\/17\/vacinacao-contra-a-gripe-tem-horarios-especiais-em-uba\/#article","isPartOf":{"@id":"https:\/\/ubanews.com\/site\/2018\/05\/17\/vacinacao-contra-a-gripe-tem-horarios-especiais-em-uba\/"},"author":{"name":"Sodr\u00e9","@id":"https:\/\/ubanews.com\/site\/#\/schema\/person\/d90c9e47252fbb63dcc969fe4c8b9d10"},"headline":"Vacina\u00e7\u00e3o contra a Gripe tem hor\u00e1rios especiais em Ub\u00e1","datePublished":"2018-05-17T04:12:08+00:00","dateModified":"2018-05-18T14:44:19+00:00","mainEntityOfPage":{"@id":"https:\/\/ubanews.com\/site\/2018\/05\/17\/vacinacao-contra-a-gripe-tem-horarios-especiais-em-uba\/"},"wordCount":300,"commentCount":0,"publisher":{"@id":"https:\/\/ubanews.com\/site\/#organization"},"image":{"@id":"https:\/\/ubanews.com\/site\/2018\/05\/17\/vacinacao-contra-a-gripe-tem-horarios-especiais-em-uba\/#primaryimage"},"thumbnailUrl":"https:\/\/ubanews.com\/site\/wp-content\/uploads\/2018\/05\/1-c\u00f3pia-3.jpg","articleSection":["Geral"],"inLanguage":"pt-BR","potentialAction":[{"@type":"CommentAction","name":"Comment","target":["https:\/\/ubanews.com\/site\/2018\/05\/17\/vacinacao-contra-a-gripe-tem-horarios-especiais-em-uba\/#respond"]}]},{"@type":"WebPage","@id":"https:\/\/ubanews.com\/site\/2018\/05\/17\/vacinacao-contra-a-gripe-tem-horarios-especiais-em-uba\/","url":"https:\/\/ubanews.com\/site\/2018\/05\/17\/vacinacao-contra-a-gripe-tem-horarios-especiais-em-uba\/","name":"Vacina\u00e7\u00e3o contra a Gripe tem hor\u00e1rios especiais em Ub\u00e1 - Ub\u00e1 News","isPartOf":{"@id":"https:\/\/ubanews.com\/site\/#website"},"primaryImageOfPage":{"@id":"https:\/\/ubanews.com\/site\/2018\/05\/17\/vacinacao-contra-a-gripe-tem-horarios-especiais-em-uba\/#primaryimage"},"image":{"@id":"https:\/\/ubanews.com\/site\/2018\/05\/17\/vacinacao-contra-a-gripe-tem-horarios-especiais-em-uba\/#primaryimage"},"thumbnailUrl":"https:\/\/ubanews.com\/site\/wp-content\/uploads\/2018\/05\/1-c\u00f3pia-3.jpg","datePublished":"2018-05-17T04:12:08+00:00","dateModified":"2018-05-18T14:44:19+00:00","breadcrumb":{"@id":"https:\/\/ubanews.com\/site\/2018\/05\/17\/vacinacao-contra-a-gripe-tem-horarios-especiais-em-uba\/#breadcrumb"},"inLanguage":"pt-BR","potentialAction":[{"@type":"ReadAction","target":["https:\/\/ubanews.com\/site\/2018\/05\/17\/vacinacao-contra-a-gripe-tem-horarios-especiais-em-uba\/"]}]},{"@type":"ImageObject","inLanguage":"pt-BR","@id":"https:\/\/ubanews.com\/site\/2018\/05\/17\/vacinacao-contra-a-gripe-tem-horarios-especiais-em-uba\/#primaryimage","url":"https:\/\/ubanews.com\/site\/wp-content\/uploads\/2018\/05\/1-c\u00f3pia-3.jpg","contentUrl":"https:\/\/ubanews.com\/site\/wp-content\/uploads\/2018\/05\/1-c\u00f3pia-3.jpg","width":800,"height":457},{"@type":"BreadcrumbList","@id":"https:\/\/ubanews.com\/site\/2018\/05\/17\/vacinacao-contra-a-gripe-tem-horarios-especiais-em-uba\/#breadcrumb","itemListElement":[{"@type":"ListItem","position":1,"name":"Home","item":"https:\/\/ubanews.com\/site\/"},{"@type":"ListItem","position":2,"name":"Vacina\u00e7\u00e3o contra a Gripe tem hor\u00e1rios especiais em Ub\u00e1"}]},{"@type":"WebSite","@id":"https:\/\/ubanews.com\/site\/#website","url":"https:\/\/ubanews.com\/site\/","name":"Ub\u00e1 News","description":"","publisher":{"@id":"https:\/\/ubanews.com\/site\/#organization"},"potentialAction":[{"@type":"SearchAction","target":{"@type":"EntryPoint","urlTemplate":"https:\/\/ubanews.com\/site\/?s={search_term_string}"},"query-input":{"@type":"PropertyValueSpecification","valueRequired":true,"valueName":"search_term_string"}}],"inLanguage":"pt-BR"},{"@type":"Organization","@id":"https:\/\/ubanews.com\/site\/#organization","name":"Ub\u00e1 News","url":"https:\/\/ubanews.com\/site\/","logo":{"@type":"ImageObject","inLanguage":"pt-BR","@id":"https:\/\/ubanews.com\/site\/#\/schema\/logo\/image\/","url":"https:\/\/ubanews.com\/site\/wp-content\/uploads\/2018\/01\/logoubanews.png","contentUrl":"https:\/\/ubanews.com\/site\/wp-content\/uploads\/2018\/01\/logoubanews.png","width":261,"height":99,"caption":"Ub\u00e1 News"},"image":{"@id":"https:\/\/ubanews.com\/site\/#\/schema\/logo\/image\/"},"sameAs":["https:\/\/www.facebook.com\/Ub\u00e1News-Carlos-Roberto-Sodr\u00e9-418778301977370"]},{"@type":"Person","@id":"https:\/\/ubanews.com\/site\/#\/schema\/person\/d90c9e47252fbb63dcc969fe4c8b9d10","name":"Sodr\u00e9","image":{"@type":"ImageObject","inLanguage":"pt-BR","@id":"https:\/\/secure.gravatar.com\/avatar\/5ba2793f0590b9dbfad3fdec4ee714485b3eef211c9b32ee53d414060454a56c?s=96&d=mm&r=g","url":"https:\/\/secure.gravatar.com\/avatar\/5ba2793f0590b9dbfad3fdec4ee714485b3eef211c9b32ee53d414060454a56c?s=96&d=mm&r=g","contentUrl":"https:\/\/secure.gravatar.com\/avatar\/5ba2793f0590b9dbfad3fdec4ee714485b3eef211c9b32ee53d414060454a56c?s=96&d=mm&r=g","caption":"Sodr\u00e9"},"sameAs":["https:\/\/www.facebook.com\/carosroberto.sodre.5\/"],"url":"https:\/\/ubanews.com\/site\/author\/felipe\/"}]}},"_links":{"self":[{"href":"https:\/\/ubanews.com\/site\/wp-json\/wp\/v2\/posts\/3454","targetHints":{"allow":["GET"]}}],"collection":[{"href":"https:\/\/ubanews.com\/site\/wp-json\/wp\/v2\/posts"}],"about":[{"href":"https:\/\/ubanews.com\/site\/wp-json\/wp\/v2\/types\/post"}],"author":[{"embeddable":true,"href":"https:\/\/ubanews.com\/site\/wp-json\/wp\/v2\/users\/2"}],"replies":[{"embeddable":true,"href":"https:\/\/ubanews.com\/site\/wp-json\/wp\/v2\/comments?post=3454"}],"version-history":[{"count":0,"href":"https:\/\/ubanews.com\/site\/wp-json\/wp\/v2\/posts\/3454\/revisions"}],"wp:featuredmedia":[{"embeddable":true,"href":"https:\/\/ubanews.com\/site\/wp-json\/wp\/v2\/media\/3456"}],"wp:attachment":[{"href":"https:\/\/ubanews.com\/site\/wp-json\/wp\/v2\/media?parent=3454"}],"wp:term":[{"taxonomy":"category","embeddable":true,"href":"https:\/\/ubanews.com\/site\/wp-json\/wp\/v2\/categories?post=3454"},{"taxonomy":"post_tag","embeddable":true,"href":"https:\/\/ubanews.com\/site\/wp-json\/wp\/v2\/tags?post=3454"}],"curies":[{"name":"wp","href":"https:\/\/api.w.org\/{rel}","templated":true}]}}