{"id":3442,"date":"2018-05-16T22:18:30","date_gmt":"2018-05-17T01:18:30","guid":{"rendered":"http:\/\/ubanews.com\/site\/?p=3442"},"modified":"2018-05-18T11:44:10","modified_gmt":"2018-05-18T14:44:10","slug":"dia-do-gari-e-comemorado-em-uba-com-cafe-da-manha-entre-os-gestores-e-os-colaboradores","status":"publish","type":"post","link":"https:\/\/ubanews.com\/site\/2018\/05\/16\/dia-do-gari-e-comemorado-em-uba-com-cafe-da-manha-entre-os-gestores-e-os-colaboradores\/","title":{"rendered":"Dia do Gari \u00e9 comemorado em Ub\u00e1 com caf\u00e9 da manh\u00e3 entre os gestores e os colaboradores."},"content":{"rendered":"<p><img decoding=\"async\" class=\"alignnone size-full wp-image-3443 lazyload\" data-src=\"https:\/\/ubanews.com\/site\/wp-content\/uploads\/2018\/05\/20180516_070918.jpg\" alt=\"\" width=\"800\" height=\"450\" data-srcset=\"https:\/\/ubanews.com\/site\/wp-content\/uploads\/2018\/05\/20180516_070918.jpg 800w, https:\/\/ubanews.com\/site\/wp-content\/uploads\/2018\/05\/20180516_070918-300x169.jpg 300w, https:\/\/ubanews.com\/site\/wp-content\/uploads\/2018\/05\/20180516_070918-768x432.jpg 768w\" data-sizes=\"(max-width: 800px) 100vw, 800px\" src=\"data:image\/svg+xml;base64,PHN2ZyB3aWR0aD0iMSIgaGVpZ2h0PSIxIiB4bWxucz0iaHR0cDovL3d3dy53My5vcmcvMjAwMC9zdmciPjwvc3ZnPg==\" style=\"--smush-placeholder-width: 800px; --smush-placeholder-aspect-ratio: 800\/450;\" \/> &nbsp;<img decoding=\"async\" class=\"alignnone size-full wp-image-3445 lazyload\" data-src=\"https:\/\/ubanews.com\/site\/wp-content\/uploads\/2018\/05\/WhatsApp-Image-2018-05-16-at-09.23.47.jpeg\" alt=\"\" width=\"800\" height=\"600\" data-srcset=\"https:\/\/ubanews.com\/site\/wp-content\/uploads\/2018\/05\/WhatsApp-Image-2018-05-16-at-09.23.47.jpeg 800w, https:\/\/ubanews.com\/site\/wp-content\/uploads\/2018\/05\/WhatsApp-Image-2018-05-16-at-09.23.47-300x225.jpeg 300w, https:\/\/ubanews.com\/site\/wp-content\/uploads\/2018\/05\/WhatsApp-Image-2018-05-16-at-09.23.47-768x576.jpeg 768w\" data-sizes=\"(max-width: 800px) 100vw, 800px\" src=\"data:image\/svg+xml;base64,PHN2ZyB3aWR0aD0iMSIgaGVpZ2h0PSIxIiB4bWxucz0iaHR0cDovL3d3dy53My5vcmcvMjAwMC9zdmciPjwvc3ZnPg==\" style=\"--smush-placeholder-width: 800px; --smush-placeholder-aspect-ratio: 800\/600;\" \/> <img decoding=\"async\" class=\"alignnone size-full wp-image-3446 lazyload\" data-src=\"https:\/\/ubanews.com\/site\/wp-content\/uploads\/2018\/05\/WhatsApp-Image-2018-05-16-at-09.23.50.jpeg\" alt=\"\" width=\"800\" height=\"600\" data-srcset=\"https:\/\/ubanews.com\/site\/wp-content\/uploads\/2018\/05\/WhatsApp-Image-2018-05-16-at-09.23.50.jpeg 800w, https:\/\/ubanews.com\/site\/wp-content\/uploads\/2018\/05\/WhatsApp-Image-2018-05-16-at-09.23.50-300x225.jpeg 300w, https:\/\/ubanews.com\/site\/wp-content\/uploads\/2018\/05\/WhatsApp-Image-2018-05-16-at-09.23.50-768x576.jpeg 768w\" data-sizes=\"(max-width: 800px) 100vw, 800px\" src=\"data:image\/svg+xml;base64,PHN2ZyB3aWR0aD0iMSIgaGVpZ2h0PSIxIiB4bWxucz0iaHR0cDovL3d3dy53My5vcmcvMjAwMC9zdmciPjwvc3ZnPg==\" style=\"--smush-placeholder-width: 800px; --smush-placeholder-aspect-ratio: 800\/600;\" \/> <img decoding=\"async\" class=\"alignnone size-full wp-image-3447 lazyload\" data-src=\"https:\/\/ubanews.com\/site\/wp-content\/uploads\/2018\/05\/WhatsApp-Image-2018-05-16-at-09.24.47-1.jpeg\" alt=\"\" width=\"800\" height=\"600\" data-srcset=\"https:\/\/ubanews.com\/site\/wp-content\/uploads\/2018\/05\/WhatsApp-Image-2018-05-16-at-09.24.47-1.jpeg 800w, https:\/\/ubanews.com\/site\/wp-content\/uploads\/2018\/05\/WhatsApp-Image-2018-05-16-at-09.24.47-1-300x225.jpeg 300w, https:\/\/ubanews.com\/site\/wp-content\/uploads\/2018\/05\/WhatsApp-Image-2018-05-16-at-09.24.47-1-768x576.jpeg 768w\" data-sizes=\"(max-width: 800px) 100vw, 800px\" src=\"data:image\/svg+xml;base64,PHN2ZyB3aWR0aD0iMSIgaGVpZ2h0PSIxIiB4bWxucz0iaHR0cDovL3d3dy53My5vcmcvMjAwMC9zdmciPjwvc3ZnPg==\" style=\"--smush-placeholder-width: 800px; --smush-placeholder-aspect-ratio: 800\/600;\" \/> <img decoding=\"async\" class=\"alignnone size-full wp-image-3448 lazyload\" data-src=\"https:\/\/ubanews.com\/site\/wp-content\/uploads\/2018\/05\/WhatsApp-Image-2018-05-16-at-09.24.47-2.jpeg\" alt=\"\" width=\"800\" height=\"600\" data-srcset=\"https:\/\/ubanews.com\/site\/wp-content\/uploads\/2018\/05\/WhatsApp-Image-2018-05-16-at-09.24.47-2.jpeg 800w, https:\/\/ubanews.com\/site\/wp-content\/uploads\/2018\/05\/WhatsApp-Image-2018-05-16-at-09.24.47-2-300x225.jpeg 300w, https:\/\/ubanews.com\/site\/wp-content\/uploads\/2018\/05\/WhatsApp-Image-2018-05-16-at-09.24.47-2-768x576.jpeg 768w\" data-sizes=\"(max-width: 800px) 100vw, 800px\" src=\"data:image\/svg+xml;base64,PHN2ZyB3aWR0aD0iMSIgaGVpZ2h0PSIxIiB4bWxucz0iaHR0cDovL3d3dy53My5vcmcvMjAwMC9zdmciPjwvc3ZnPg==\" style=\"--smush-placeholder-width: 800px; --smush-placeholder-aspect-ratio: 800\/600;\" \/> <img decoding=\"async\" class=\"alignnone size-full wp-image-3449 lazyload\" data-src=\"https:\/\/ubanews.com\/site\/wp-content\/uploads\/2018\/05\/WhatsApp-Image-2018-05-16-at-09.24.49-1.jpeg\" alt=\"\" width=\"800\" height=\"600\" data-srcset=\"https:\/\/ubanews.com\/site\/wp-content\/uploads\/2018\/05\/WhatsApp-Image-2018-05-16-at-09.24.49-1.jpeg 800w, https:\/\/ubanews.com\/site\/wp-content\/uploads\/2018\/05\/WhatsApp-Image-2018-05-16-at-09.24.49-1-300x225.jpeg 300w, https:\/\/ubanews.com\/site\/wp-content\/uploads\/2018\/05\/WhatsApp-Image-2018-05-16-at-09.24.49-1-768x576.jpeg 768w\" data-sizes=\"(max-width: 800px) 100vw, 800px\" src=\"data:image\/svg+xml;base64,PHN2ZyB3aWR0aD0iMSIgaGVpZ2h0PSIxIiB4bWxucz0iaHR0cDovL3d3dy53My5vcmcvMjAwMC9zdmciPjwvc3ZnPg==\" style=\"--smush-placeholder-width: 800px; --smush-placeholder-aspect-ratio: 800\/600;\" \/> <img decoding=\"async\" class=\"alignnone size-full wp-image-3450 lazyload\" data-src=\"https:\/\/ubanews.com\/site\/wp-content\/uploads\/2018\/05\/WhatsApp-Image-2018-05-16-at-09.24.52-2.jpeg\" alt=\"\" width=\"800\" height=\"600\" data-srcset=\"https:\/\/ubanews.com\/site\/wp-content\/uploads\/2018\/05\/WhatsApp-Image-2018-05-16-at-09.24.52-2.jpeg 800w, https:\/\/ubanews.com\/site\/wp-content\/uploads\/2018\/05\/WhatsApp-Image-2018-05-16-at-09.24.52-2-300x225.jpeg 300w, https:\/\/ubanews.com\/site\/wp-content\/uploads\/2018\/05\/WhatsApp-Image-2018-05-16-at-09.24.52-2-768x576.jpeg 768w\" data-sizes=\"(max-width: 800px) 100vw, 800px\" src=\"data:image\/svg+xml;base64,PHN2ZyB3aWR0aD0iMSIgaGVpZ2h0PSIxIiB4bWxucz0iaHR0cDovL3d3dy53My5vcmcvMjAwMC9zdmciPjwvc3ZnPg==\" style=\"--smush-placeholder-width: 800px; --smush-placeholder-aspect-ratio: 800\/600;\" \/> <img decoding=\"async\" class=\"alignnone size-full wp-image-3451 lazyload\" data-src=\"https:\/\/ubanews.com\/site\/wp-content\/uploads\/2018\/05\/20180516_070817.jpg\" alt=\"\" width=\"800\" height=\"450\" data-srcset=\"https:\/\/ubanews.com\/site\/wp-content\/uploads\/2018\/05\/20180516_070817.jpg 800w, https:\/\/ubanews.com\/site\/wp-content\/uploads\/2018\/05\/20180516_070817-300x169.jpg 300w, https:\/\/ubanews.com\/site\/wp-content\/uploads\/2018\/05\/20180516_070817-768x432.jpg 768w\" data-sizes=\"(max-width: 800px) 100vw, 800px\" src=\"data:image\/svg+xml;base64,PHN2ZyB3aWR0aD0iMSIgaGVpZ2h0PSIxIiB4bWxucz0iaHR0cDovL3d3dy53My5vcmcvMjAwMC9zdmciPjwvc3ZnPg==\" style=\"--smush-placeholder-width: 800px; --smush-placeholder-aspect-ratio: 800\/450;\" \/><img decoding=\"async\" class=\"alignleft wp-image-3444 size-full lazyload\" data-src=\"https:\/\/ubanews.com\/site\/wp-content\/uploads\/2018\/05\/20180516_071844.jpg\" alt=\"\" width=\"338\" height=\"600\" data-srcset=\"https:\/\/ubanews.com\/site\/wp-content\/uploads\/2018\/05\/20180516_071844.jpg 338w, https:\/\/ubanews.com\/site\/wp-content\/uploads\/2018\/05\/20180516_071844-169x300.jpg 169w\" data-sizes=\"(max-width: 338px) 100vw, 338px\" src=\"data:image\/svg+xml;base64,PHN2ZyB3aWR0aD0iMSIgaGVpZ2h0PSIxIiB4bWxucz0iaHR0cDovL3d3dy53My5vcmcvMjAwMC9zdmciPjwvc3ZnPg==\" style=\"--smush-placeholder-width: 338px; --smush-placeholder-aspect-ratio: 338\/600;\" \/>Todos os anos a hist\u00f3ria se repete. Quando aproxima a data de 16 de maio cresce a expectativa do encontro entre os colaboradores e os gestores da ECP Engenharia. Nesta manh\u00e3 de quarta-feira (16) foi exatamente o que aconteceu. Uma mesa farta e muita alegria, Para o coordenador Alexandre Cordeiro s\u00e3o ocasi\u00f5es assim que se aproveita para fortalecer os la\u00e7os entre de amizade. Bom tamb\u00e9m para confraternizar e fortalecer os v\u00ednculos de integra\u00e7\u00e3o profissional, o que faz muito bem para o bom andamento das atividades. \u201c\u00c9 importante ressaltar que quando falamos de Gari n\u00e3o nos referimos apenas aos profissionais homens e mulheres que atuam nas ruas varrendo, mas tamb\u00e9m o capinador, cortador de \u00e1rvores, operador de ro\u00e7adeira, jardineiro, coletor, motoristas, ger\u00eancia\u201d. Concluiu Alexandre Cordeiro. Tamb\u00e9m estiveram prestigiando o momento solene os Servidores da prefeitura Municipal de Ub\u00e1 o senhor Vicente de Paulo Pinto, Secret\u00e1rio do Ambiente e Mobilidade Urbana e S\u00e9rgio Cl\u00f3vis de Aguiar, Gerente de Limpeza Urbana da Secretaria do Meio Ambiente. O encontro sobrou alegria e descontra\u00e7\u00e3o, A ECP Engenharia fica na Rua Quintino Pogiali, 21, Bairro Waldemar de Castro.<\/p>\n<p>Dezesseis de maio \u00e9 Dia do Gari. A palavra&nbsp;gari&nbsp;\u00e9 uma homenagem ao empres\u00e1rio franc\u00eas Pedro Aleixo Gary, que se destacou na hist\u00f3ria da limpeza da cidade do Rio de Janeiro. Em 11 de outubro de 1876, ele assinou um contrato com o Minist\u00e9rio Imperial para organizar o servi\u00e7o de limpeza da cidade, que inclu\u00eda a retirada de lixo de casas e praias e o transporte para a Ilha de Sapucaia, atual bairro Caju. Seu contrato venceu em 1891 e seu primo Luciano Gari o substituiu. A empresa acabou em 1892 e foi criada a Superintend\u00eancia de Limpeza P\u00fablica e Particular da Cidade, cujos servi\u00e7os n\u00e3o eram bons. No ano de 1906, o \u00f3rg\u00e3o tinha somente 1.084 animais de carga para trabalharem na coleta das 560 toneladas de lixo. A partir dessa data, teve in\u00edcio a coleta de lixo com equipamentos mec\u00e2nicos. A data lembra o dia da publica\u00e7\u00e3o da Lei que instituiu a categoria, em 16 de maio de 1962.<\/p>\n<p>&nbsp;<\/p>\n","protected":false},"excerpt":{"rendered":"<p>&nbsp; Todos os anos a hist\u00f3ria se repete. Quando aproxima<\/p>\n","protected":false},"author":2,"featured_media":3451,"comment_status":"open","ping_status":"open","sticky":false,"template":"","format":"standard","meta":{"footnotes":""},"categories":[1],"tags":[],"class_list":["post-3442","post","type-post","status-publish","format-standard","has-post-thumbnail","hentry","category-sem-categoria"],"yoast_head":"<!-- This site is optimized with the Yoast SEO plugin v27.2 - https:\/\/yoast.com\/product\/yoast-seo-wordpress\/ -->\n<title>Dia do Gari \u00e9 comemorado em Ub\u00e1 com caf\u00e9 da manh\u00e3 entre os gestores e os colaboradores. - Ub\u00e1 News<\/title>\n<meta name=\"robots\" content=\"index, follow, max-snippet:-1, max-image-preview:large, max-video-preview:-1\" \/>\n<link rel=\"canonical\" href=\"https:\/\/ubanews.com\/site\/2018\/05\/16\/dia-do-gari-e-comemorado-em-uba-com-cafe-da-manha-entre-os-gestores-e-os-colaboradores\/\" \/>\n<meta property=\"og:locale\" content=\"pt_BR\" \/>\n<meta property=\"og:type\" content=\"article\" \/>\n<meta property=\"og:title\" content=\"Dia do Gari \u00e9 comemorado em Ub\u00e1 com caf\u00e9 da manh\u00e3 entre os gestores e os colaboradores. - Ub\u00e1 News\" \/>\n<meta property=\"og:description\" content=\"&nbsp; Todos os anos a hist\u00f3ria se repete. Quando aproxima\" \/>\n<meta property=\"og:url\" content=\"https:\/\/ubanews.com\/site\/2018\/05\/16\/dia-do-gari-e-comemorado-em-uba-com-cafe-da-manha-entre-os-gestores-e-os-colaboradores\/\" \/>\n<meta property=\"og:site_name\" content=\"Ub\u00e1 News\" \/>\n<meta property=\"article:publisher\" content=\"https:\/\/www.facebook.com\/Ub%c3%a1News-Carlos-Roberto-Sodr%c3%a9-418778301977370\" \/>\n<meta property=\"article:author\" content=\"https:\/\/www.facebook.com\/carosroberto.sodre.5\/\" \/>\n<meta property=\"article:published_time\" content=\"2018-05-17T01:18:30+00:00\" \/>\n<meta property=\"article:modified_time\" content=\"2018-05-18T14:44:10+00:00\" \/>\n<meta property=\"og:image\" content=\"https:\/\/ubanews.com\/site\/wp-content\/uploads\/2018\/05\/20180516_070817.jpg\" \/>\n\t<meta property=\"og:image:width\" content=\"800\" \/>\n\t<meta property=\"og:image:height\" content=\"450\" \/>\n\t<meta property=\"og:image:type\" content=\"image\/jpeg\" \/>\n<meta name=\"author\" content=\"Sodr\u00e9\" \/>\n<meta name=\"twitter:card\" content=\"summary_large_image\" \/>\n<meta name=\"twitter:label1\" content=\"Escrito por\" \/>\n\t<meta name=\"twitter:data1\" content=\"Sodr\u00e9\" \/>\n\t<meta name=\"twitter:label2\" content=\"Est. tempo de leitura\" \/>\n\t<meta name=\"twitter:data2\" content=\"2 minutos\" \/>\n<script type=\"application\/ld+json\" class=\"yoast-schema-graph\">{\"@context\":\"https:\/\/schema.org\",\"@graph\":[{\"@type\":\"Article\",\"@id\":\"https:\/\/ubanews.com\/site\/2018\/05\/16\/dia-do-gari-e-comemorado-em-uba-com-cafe-da-manha-entre-os-gestores-e-os-colaboradores\/#article\",\"isPartOf\":{\"@id\":\"https:\/\/ubanews.com\/site\/2018\/05\/16\/dia-do-gari-e-comemorado-em-uba-com-cafe-da-manha-entre-os-gestores-e-os-colaboradores\/\"},\"author\":{\"name\":\"Sodr\u00e9\",\"@id\":\"https:\/\/ubanews.com\/site\/#\/schema\/person\/d90c9e47252fbb63dcc969fe4c8b9d10\"},\"headline\":\"Dia do Gari \u00e9 comemorado em Ub\u00e1 com caf\u00e9 da manh\u00e3 entre os gestores e os colaboradores.\",\"datePublished\":\"2018-05-17T01:18:30+00:00\",\"dateModified\":\"2018-05-18T14:44:10+00:00\",\"mainEntityOfPage\":{\"@id\":\"https:\/\/ubanews.com\/site\/2018\/05\/16\/dia-do-gari-e-comemorado-em-uba-com-cafe-da-manha-entre-os-gestores-e-os-colaboradores\/\"},\"wordCount\":379,\"commentCount\":0,\"publisher\":{\"@id\":\"https:\/\/ubanews.com\/site\/#organization\"},\"image\":{\"@id\":\"https:\/\/ubanews.com\/site\/2018\/05\/16\/dia-do-gari-e-comemorado-em-uba-com-cafe-da-manha-entre-os-gestores-e-os-colaboradores\/#primaryimage\"},\"thumbnailUrl\":\"https:\/\/ubanews.com\/site\/wp-content\/uploads\/2018\/05\/20180516_070817.jpg\",\"articleSection\":[\"Geral\"],\"inLanguage\":\"pt-BR\",\"potentialAction\":[{\"@type\":\"CommentAction\",\"name\":\"Comment\",\"target\":[\"https:\/\/ubanews.com\/site\/2018\/05\/16\/dia-do-gari-e-comemorado-em-uba-com-cafe-da-manha-entre-os-gestores-e-os-colaboradores\/#respond\"]}]},{\"@type\":\"WebPage\",\"@id\":\"https:\/\/ubanews.com\/site\/2018\/05\/16\/dia-do-gari-e-comemorado-em-uba-com-cafe-da-manha-entre-os-gestores-e-os-colaboradores\/\",\"url\":\"https:\/\/ubanews.com\/site\/2018\/05\/16\/dia-do-gari-e-comemorado-em-uba-com-cafe-da-manha-entre-os-gestores-e-os-colaboradores\/\",\"name\":\"Dia do Gari \u00e9 comemorado em Ub\u00e1 com caf\u00e9 da manh\u00e3 entre os gestores e os colaboradores. - Ub\u00e1 News\",\"isPartOf\":{\"@id\":\"https:\/\/ubanews.com\/site\/#website\"},\"primaryImageOfPage\":{\"@id\":\"https:\/\/ubanews.com\/site\/2018\/05\/16\/dia-do-gari-e-comemorado-em-uba-com-cafe-da-manha-entre-os-gestores-e-os-colaboradores\/#primaryimage\"},\"image\":{\"@id\":\"https:\/\/ubanews.com\/site\/2018\/05\/16\/dia-do-gari-e-comemorado-em-uba-com-cafe-da-manha-entre-os-gestores-e-os-colaboradores\/#primaryimage\"},\"thumbnailUrl\":\"https:\/\/ubanews.com\/site\/wp-content\/uploads\/2018\/05\/20180516_070817.jpg\",\"datePublished\":\"2018-05-17T01:18:30+00:00\",\"dateModified\":\"2018-05-18T14:44:10+00:00\",\"breadcrumb\":{\"@id\":\"https:\/\/ubanews.com\/site\/2018\/05\/16\/dia-do-gari-e-comemorado-em-uba-com-cafe-da-manha-entre-os-gestores-e-os-colaboradores\/#breadcrumb\"},\"inLanguage\":\"pt-BR\",\"potentialAction\":[{\"@type\":\"ReadAction\",\"target\":[\"https:\/\/ubanews.com\/site\/2018\/05\/16\/dia-do-gari-e-comemorado-em-uba-com-cafe-da-manha-entre-os-gestores-e-os-colaboradores\/\"]}]},{\"@type\":\"ImageObject\",\"inLanguage\":\"pt-BR\",\"@id\":\"https:\/\/ubanews.com\/site\/2018\/05\/16\/dia-do-gari-e-comemorado-em-uba-com-cafe-da-manha-entre-os-gestores-e-os-colaboradores\/#primaryimage\",\"url\":\"https:\/\/ubanews.com\/site\/wp-content\/uploads\/2018\/05\/20180516_070817.jpg\",\"contentUrl\":\"https:\/\/ubanews.com\/site\/wp-content\/uploads\/2018\/05\/20180516_070817.jpg\",\"width\":800,\"height\":450},{\"@type\":\"BreadcrumbList\",\"@id\":\"https:\/\/ubanews.com\/site\/2018\/05\/16\/dia-do-gari-e-comemorado-em-uba-com-cafe-da-manha-entre-os-gestores-e-os-colaboradores\/#breadcrumb\",\"itemListElement\":[{\"@type\":\"ListItem\",\"position\":1,\"name\":\"Home\",\"item\":\"https:\/\/ubanews.com\/site\/\"},{\"@type\":\"ListItem\",\"position\":2,\"name\":\"Dia do Gari \u00e9 comemorado em Ub\u00e1 com caf\u00e9 da manh\u00e3 entre os gestores e os colaboradores.\"}]},{\"@type\":\"WebSite\",\"@id\":\"https:\/\/ubanews.com\/site\/#website\",\"url\":\"https:\/\/ubanews.com\/site\/\",\"name\":\"Ub\u00e1 News\",\"description\":\"\",\"publisher\":{\"@id\":\"https:\/\/ubanews.com\/site\/#organization\"},\"potentialAction\":[{\"@type\":\"SearchAction\",\"target\":{\"@type\":\"EntryPoint\",\"urlTemplate\":\"https:\/\/ubanews.com\/site\/?s={search_term_string}\"},\"query-input\":{\"@type\":\"PropertyValueSpecification\",\"valueRequired\":true,\"valueName\":\"search_term_string\"}}],\"inLanguage\":\"pt-BR\"},{\"@type\":\"Organization\",\"@id\":\"https:\/\/ubanews.com\/site\/#organization\",\"name\":\"Ub\u00e1 News\",\"url\":\"https:\/\/ubanews.com\/site\/\",\"logo\":{\"@type\":\"ImageObject\",\"inLanguage\":\"pt-BR\",\"@id\":\"https:\/\/ubanews.com\/site\/#\/schema\/logo\/image\/\",\"url\":\"https:\/\/ubanews.com\/site\/wp-content\/uploads\/2018\/01\/logoubanews.png\",\"contentUrl\":\"https:\/\/ubanews.com\/site\/wp-content\/uploads\/2018\/01\/logoubanews.png\",\"width\":261,\"height\":99,\"caption\":\"Ub\u00e1 News\"},\"image\":{\"@id\":\"https:\/\/ubanews.com\/site\/#\/schema\/logo\/image\/\"},\"sameAs\":[\"https:\/\/www.facebook.com\/Ub\u00e1News-Carlos-Roberto-Sodr\u00e9-418778301977370\"]},{\"@type\":\"Person\",\"@id\":\"https:\/\/ubanews.com\/site\/#\/schema\/person\/d90c9e47252fbb63dcc969fe4c8b9d10\",\"name\":\"Sodr\u00e9\",\"image\":{\"@type\":\"ImageObject\",\"inLanguage\":\"pt-BR\",\"@id\":\"https:\/\/secure.gravatar.com\/avatar\/5ba2793f0590b9dbfad3fdec4ee714485b3eef211c9b32ee53d414060454a56c?s=96&d=mm&r=g\",\"url\":\"https:\/\/secure.gravatar.com\/avatar\/5ba2793f0590b9dbfad3fdec4ee714485b3eef211c9b32ee53d414060454a56c?s=96&d=mm&r=g\",\"contentUrl\":\"https:\/\/secure.gravatar.com\/avatar\/5ba2793f0590b9dbfad3fdec4ee714485b3eef211c9b32ee53d414060454a56c?s=96&d=mm&r=g\",\"caption\":\"Sodr\u00e9\"},\"sameAs\":[\"https:\/\/www.facebook.com\/carosroberto.sodre.5\/\"],\"url\":\"https:\/\/ubanews.com\/site\/author\/felipe\/\"}]}<\/script>\n<!-- \/ Yoast SEO plugin. -->","yoast_head_json":{"title":"Dia do Gari \u00e9 comemorado em Ub\u00e1 com caf\u00e9 da manh\u00e3 entre os gestores e os colaboradores. - Ub\u00e1 News","robots":{"index":"index","follow":"follow","max-snippet":"max-snippet:-1","max-image-preview":"max-image-preview:large","max-video-preview":"max-video-preview:-1"},"canonical":"https:\/\/ubanews.com\/site\/2018\/05\/16\/dia-do-gari-e-comemorado-em-uba-com-cafe-da-manha-entre-os-gestores-e-os-colaboradores\/","og_locale":"pt_BR","og_type":"article","og_title":"Dia do Gari \u00e9 comemorado em Ub\u00e1 com caf\u00e9 da manh\u00e3 entre os gestores e os colaboradores. - Ub\u00e1 News","og_description":"&nbsp; Todos os anos a hist\u00f3ria se repete. Quando aproxima","og_url":"https:\/\/ubanews.com\/site\/2018\/05\/16\/dia-do-gari-e-comemorado-em-uba-com-cafe-da-manha-entre-os-gestores-e-os-colaboradores\/","og_site_name":"Ub\u00e1 News","article_publisher":"https:\/\/www.facebook.com\/Ub%c3%a1News-Carlos-Roberto-Sodr%c3%a9-418778301977370","article_author":"https:\/\/www.facebook.com\/carosroberto.sodre.5\/","article_published_time":"2018-05-17T01:18:30+00:00","article_modified_time":"2018-05-18T14:44:10+00:00","og_image":[{"width":800,"height":450,"url":"https:\/\/ubanews.com\/site\/wp-content\/uploads\/2018\/05\/20180516_070817.jpg","type":"image\/jpeg"}],"author":"Sodr\u00e9","twitter_card":"summary_large_image","twitter_misc":{"Escrito por":"Sodr\u00e9","Est. tempo de leitura":"2 minutos"},"schema":{"@context":"https:\/\/schema.org","@graph":[{"@type":"Article","@id":"https:\/\/ubanews.com\/site\/2018\/05\/16\/dia-do-gari-e-comemorado-em-uba-com-cafe-da-manha-entre-os-gestores-e-os-colaboradores\/#article","isPartOf":{"@id":"https:\/\/ubanews.com\/site\/2018\/05\/16\/dia-do-gari-e-comemorado-em-uba-com-cafe-da-manha-entre-os-gestores-e-os-colaboradores\/"},"author":{"name":"Sodr\u00e9","@id":"https:\/\/ubanews.com\/site\/#\/schema\/person\/d90c9e47252fbb63dcc969fe4c8b9d10"},"headline":"Dia do Gari \u00e9 comemorado em Ub\u00e1 com caf\u00e9 da manh\u00e3 entre os gestores e os colaboradores.","datePublished":"2018-05-17T01:18:30+00:00","dateModified":"2018-05-18T14:44:10+00:00","mainEntityOfPage":{"@id":"https:\/\/ubanews.com\/site\/2018\/05\/16\/dia-do-gari-e-comemorado-em-uba-com-cafe-da-manha-entre-os-gestores-e-os-colaboradores\/"},"wordCount":379,"commentCount":0,"publisher":{"@id":"https:\/\/ubanews.com\/site\/#organization"},"image":{"@id":"https:\/\/ubanews.com\/site\/2018\/05\/16\/dia-do-gari-e-comemorado-em-uba-com-cafe-da-manha-entre-os-gestores-e-os-colaboradores\/#primaryimage"},"thumbnailUrl":"https:\/\/ubanews.com\/site\/wp-content\/uploads\/2018\/05\/20180516_070817.jpg","articleSection":["Geral"],"inLanguage":"pt-BR","potentialAction":[{"@type":"CommentAction","name":"Comment","target":["https:\/\/ubanews.com\/site\/2018\/05\/16\/dia-do-gari-e-comemorado-em-uba-com-cafe-da-manha-entre-os-gestores-e-os-colaboradores\/#respond"]}]},{"@type":"WebPage","@id":"https:\/\/ubanews.com\/site\/2018\/05\/16\/dia-do-gari-e-comemorado-em-uba-com-cafe-da-manha-entre-os-gestores-e-os-colaboradores\/","url":"https:\/\/ubanews.com\/site\/2018\/05\/16\/dia-do-gari-e-comemorado-em-uba-com-cafe-da-manha-entre-os-gestores-e-os-colaboradores\/","name":"Dia do Gari \u00e9 comemorado em Ub\u00e1 com caf\u00e9 da manh\u00e3 entre os gestores e os colaboradores. - Ub\u00e1 News","isPartOf":{"@id":"https:\/\/ubanews.com\/site\/#website"},"primaryImageOfPage":{"@id":"https:\/\/ubanews.com\/site\/2018\/05\/16\/dia-do-gari-e-comemorado-em-uba-com-cafe-da-manha-entre-os-gestores-e-os-colaboradores\/#primaryimage"},"image":{"@id":"https:\/\/ubanews.com\/site\/2018\/05\/16\/dia-do-gari-e-comemorado-em-uba-com-cafe-da-manha-entre-os-gestores-e-os-colaboradores\/#primaryimage"},"thumbnailUrl":"https:\/\/ubanews.com\/site\/wp-content\/uploads\/2018\/05\/20180516_070817.jpg","datePublished":"2018-05-17T01:18:30+00:00","dateModified":"2018-05-18T14:44:10+00:00","breadcrumb":{"@id":"https:\/\/ubanews.com\/site\/2018\/05\/16\/dia-do-gari-e-comemorado-em-uba-com-cafe-da-manha-entre-os-gestores-e-os-colaboradores\/#breadcrumb"},"inLanguage":"pt-BR","potentialAction":[{"@type":"ReadAction","target":["https:\/\/ubanews.com\/site\/2018\/05\/16\/dia-do-gari-e-comemorado-em-uba-com-cafe-da-manha-entre-os-gestores-e-os-colaboradores\/"]}]},{"@type":"ImageObject","inLanguage":"pt-BR","@id":"https:\/\/ubanews.com\/site\/2018\/05\/16\/dia-do-gari-e-comemorado-em-uba-com-cafe-da-manha-entre-os-gestores-e-os-colaboradores\/#primaryimage","url":"https:\/\/ubanews.com\/site\/wp-content\/uploads\/2018\/05\/20180516_070817.jpg","contentUrl":"https:\/\/ubanews.com\/site\/wp-content\/uploads\/2018\/05\/20180516_070817.jpg","width":800,"height":450},{"@type":"BreadcrumbList","@id":"https:\/\/ubanews.com\/site\/2018\/05\/16\/dia-do-gari-e-comemorado-em-uba-com-cafe-da-manha-entre-os-gestores-e-os-colaboradores\/#breadcrumb","itemListElement":[{"@type":"ListItem","position":1,"name":"Home","item":"https:\/\/ubanews.com\/site\/"},{"@type":"ListItem","position":2,"name":"Dia do Gari \u00e9 comemorado em Ub\u00e1 com caf\u00e9 da manh\u00e3 entre os gestores e os colaboradores."}]},{"@type":"WebSite","@id":"https:\/\/ubanews.com\/site\/#website","url":"https:\/\/ubanews.com\/site\/","name":"Ub\u00e1 News","description":"","publisher":{"@id":"https:\/\/ubanews.com\/site\/#organization"},"potentialAction":[{"@type":"SearchAction","target":{"@type":"EntryPoint","urlTemplate":"https:\/\/ubanews.com\/site\/?s={search_term_string}"},"query-input":{"@type":"PropertyValueSpecification","valueRequired":true,"valueName":"search_term_string"}}],"inLanguage":"pt-BR"},{"@type":"Organization","@id":"https:\/\/ubanews.com\/site\/#organization","name":"Ub\u00e1 News","url":"https:\/\/ubanews.com\/site\/","logo":{"@type":"ImageObject","inLanguage":"pt-BR","@id":"https:\/\/ubanews.com\/site\/#\/schema\/logo\/image\/","url":"https:\/\/ubanews.com\/site\/wp-content\/uploads\/2018\/01\/logoubanews.png","contentUrl":"https:\/\/ubanews.com\/site\/wp-content\/uploads\/2018\/01\/logoubanews.png","width":261,"height":99,"caption":"Ub\u00e1 News"},"image":{"@id":"https:\/\/ubanews.com\/site\/#\/schema\/logo\/image\/"},"sameAs":["https:\/\/www.facebook.com\/Ub\u00e1News-Carlos-Roberto-Sodr\u00e9-418778301977370"]},{"@type":"Person","@id":"https:\/\/ubanews.com\/site\/#\/schema\/person\/d90c9e47252fbb63dcc969fe4c8b9d10","name":"Sodr\u00e9","image":{"@type":"ImageObject","inLanguage":"pt-BR","@id":"https:\/\/secure.gravatar.com\/avatar\/5ba2793f0590b9dbfad3fdec4ee714485b3eef211c9b32ee53d414060454a56c?s=96&d=mm&r=g","url":"https:\/\/secure.gravatar.com\/avatar\/5ba2793f0590b9dbfad3fdec4ee714485b3eef211c9b32ee53d414060454a56c?s=96&d=mm&r=g","contentUrl":"https:\/\/secure.gravatar.com\/avatar\/5ba2793f0590b9dbfad3fdec4ee714485b3eef211c9b32ee53d414060454a56c?s=96&d=mm&r=g","caption":"Sodr\u00e9"},"sameAs":["https:\/\/www.facebook.com\/carosroberto.sodre.5\/"],"url":"https:\/\/ubanews.com\/site\/author\/felipe\/"}]}},"_links":{"self":[{"href":"https:\/\/ubanews.com\/site\/wp-json\/wp\/v2\/posts\/3442","targetHints":{"allow":["GET"]}}],"collection":[{"href":"https:\/\/ubanews.com\/site\/wp-json\/wp\/v2\/posts"}],"about":[{"href":"https:\/\/ubanews.com\/site\/wp-json\/wp\/v2\/types\/post"}],"author":[{"embeddable":true,"href":"https:\/\/ubanews.com\/site\/wp-json\/wp\/v2\/users\/2"}],"replies":[{"embeddable":true,"href":"https:\/\/ubanews.com\/site\/wp-json\/wp\/v2\/comments?post=3442"}],"version-history":[{"count":0,"href":"https:\/\/ubanews.com\/site\/wp-json\/wp\/v2\/posts\/3442\/revisions"}],"wp:featuredmedia":[{"embeddable":true,"href":"https:\/\/ubanews.com\/site\/wp-json\/wp\/v2\/media\/3451"}],"wp:attachment":[{"href":"https:\/\/ubanews.com\/site\/wp-json\/wp\/v2\/media?parent=3442"}],"wp:term":[{"taxonomy":"category","embeddable":true,"href":"https:\/\/ubanews.com\/site\/wp-json\/wp\/v2\/categories?post=3442"},{"taxonomy":"post_tag","embeddable":true,"href":"https:\/\/ubanews.com\/site\/wp-json\/wp\/v2\/tags?post=3442"}],"curies":[{"name":"wp","href":"https:\/\/api.w.org\/{rel}","templated":true}]}}