{"id":3430,"date":"2018-05-16T19:16:49","date_gmt":"2018-05-16T22:16:49","guid":{"rendered":"http:\/\/ubanews.com\/site\/?p=3430"},"modified":"2018-05-18T11:44:03","modified_gmt":"2018-05-18T14:44:03","slug":"acidente-envolvendo-um-carro-e-uma-moto-deixa-um-ferido-na-rodovia-uba-rodeiro","status":"publish","type":"post","link":"https:\/\/ubanews.com\/site\/2018\/05\/16\/acidente-envolvendo-um-carro-e-uma-moto-deixa-um-ferido-na-rodovia-uba-rodeiro\/","title":{"rendered":"Acidente envolvendo um carro e uma moto deixa um ferido na Rodovia Ub\u00e1\/Rodeiro"},"content":{"rendered":"<p>&nbsp;<img decoding=\"async\" class=\"alignnone size-full wp-image-3434 lazyload\" data-src=\"https:\/\/ubanews.com\/site\/wp-content\/uploads\/2018\/05\/DSC08117-c\u00f3pia.jpg\" alt=\"\" width=\"800\" height=\"457\" data-srcset=\"https:\/\/ubanews.com\/site\/wp-content\/uploads\/2018\/05\/DSC08117-c\u00f3pia.jpg 800w, https:\/\/ubanews.com\/site\/wp-content\/uploads\/2018\/05\/DSC08117-c\u00f3pia-300x171.jpg 300w, https:\/\/ubanews.com\/site\/wp-content\/uploads\/2018\/05\/DSC08117-c\u00f3pia-768x439.jpg 768w\" data-sizes=\"(max-width: 800px) 100vw, 800px\" src=\"data:image\/svg+xml;base64,PHN2ZyB3aWR0aD0iMSIgaGVpZ2h0PSIxIiB4bWxucz0iaHR0cDovL3d3dy53My5vcmcvMjAwMC9zdmciPjwvc3ZnPg==\" style=\"--smush-placeholder-width: 800px; --smush-placeholder-aspect-ratio: 800\/457;\" \/> <img decoding=\"async\" class=\"alignnone size-full wp-image-3435 lazyload\" data-src=\"https:\/\/ubanews.com\/site\/wp-content\/uploads\/2018\/05\/DSC08121-c\u00f3pia.jpg\" alt=\"\" width=\"800\" height=\"457\" data-srcset=\"https:\/\/ubanews.com\/site\/wp-content\/uploads\/2018\/05\/DSC08121-c\u00f3pia.jpg 800w, https:\/\/ubanews.com\/site\/wp-content\/uploads\/2018\/05\/DSC08121-c\u00f3pia-300x171.jpg 300w, https:\/\/ubanews.com\/site\/wp-content\/uploads\/2018\/05\/DSC08121-c\u00f3pia-768x439.jpg 768w\" data-sizes=\"(max-width: 800px) 100vw, 800px\" src=\"data:image\/svg+xml;base64,PHN2ZyB3aWR0aD0iMSIgaGVpZ2h0PSIxIiB4bWxucz0iaHR0cDovL3d3dy53My5vcmcvMjAwMC9zdmciPjwvc3ZnPg==\" style=\"--smush-placeholder-width: 800px; --smush-placeholder-aspect-ratio: 800\/457;\" \/> <img decoding=\"async\" class=\"alignnone size-full wp-image-3436 lazyload\" data-src=\"https:\/\/ubanews.com\/site\/wp-content\/uploads\/2018\/05\/DSC08126-c\u00f3pia.jpg\" alt=\"\" width=\"800\" height=\"457\" data-srcset=\"https:\/\/ubanews.com\/site\/wp-content\/uploads\/2018\/05\/DSC08126-c\u00f3pia.jpg 800w, https:\/\/ubanews.com\/site\/wp-content\/uploads\/2018\/05\/DSC08126-c\u00f3pia-300x171.jpg 300w, https:\/\/ubanews.com\/site\/wp-content\/uploads\/2018\/05\/DSC08126-c\u00f3pia-768x439.jpg 768w\" data-sizes=\"(max-width: 800px) 100vw, 800px\" src=\"data:image\/svg+xml;base64,PHN2ZyB3aWR0aD0iMSIgaGVpZ2h0PSIxIiB4bWxucz0iaHR0cDovL3d3dy53My5vcmcvMjAwMC9zdmciPjwvc3ZnPg==\" style=\"--smush-placeholder-width: 800px; --smush-placeholder-aspect-ratio: 800\/457;\" \/> <img decoding=\"async\" class=\"alignnone size-full wp-image-3437 lazyload\" data-src=\"https:\/\/ubanews.com\/site\/wp-content\/uploads\/2018\/05\/DSC08129-c\u00f3pia.jpg\" alt=\"\" width=\"800\" height=\"457\" data-srcset=\"https:\/\/ubanews.com\/site\/wp-content\/uploads\/2018\/05\/DSC08129-c\u00f3pia.jpg 800w, https:\/\/ubanews.com\/site\/wp-content\/uploads\/2018\/05\/DSC08129-c\u00f3pia-300x171.jpg 300w, https:\/\/ubanews.com\/site\/wp-content\/uploads\/2018\/05\/DSC08129-c\u00f3pia-768x439.jpg 768w\" data-sizes=\"(max-width: 800px) 100vw, 800px\" src=\"data:image\/svg+xml;base64,PHN2ZyB3aWR0aD0iMSIgaGVpZ2h0PSIxIiB4bWxucz0iaHR0cDovL3d3dy53My5vcmcvMjAwMC9zdmciPjwvc3ZnPg==\" style=\"--smush-placeholder-width: 800px; --smush-placeholder-aspect-ratio: 800\/457;\" \/> <img decoding=\"async\" class=\"alignnone size-full wp-image-3438 lazyload\" data-src=\"https:\/\/ubanews.com\/site\/wp-content\/uploads\/2018\/05\/DSC08131-c\u00f3pia.jpg\" alt=\"\" width=\"800\" height=\"457\" data-srcset=\"https:\/\/ubanews.com\/site\/wp-content\/uploads\/2018\/05\/DSC08131-c\u00f3pia.jpg 800w, https:\/\/ubanews.com\/site\/wp-content\/uploads\/2018\/05\/DSC08131-c\u00f3pia-300x171.jpg 300w, https:\/\/ubanews.com\/site\/wp-content\/uploads\/2018\/05\/DSC08131-c\u00f3pia-768x439.jpg 768w\" data-sizes=\"(max-width: 800px) 100vw, 800px\" src=\"data:image\/svg+xml;base64,PHN2ZyB3aWR0aD0iMSIgaGVpZ2h0PSIxIiB4bWxucz0iaHR0cDovL3d3dy53My5vcmcvMjAwMC9zdmciPjwvc3ZnPg==\" style=\"--smush-placeholder-width: 800px; --smush-placeholder-aspect-ratio: 800\/457;\" \/> <img decoding=\"async\" class=\"alignnone size-full wp-image-3439 lazyload\" data-src=\"https:\/\/ubanews.com\/site\/wp-content\/uploads\/2018\/05\/DSC08110-c\u00f3pia.jpg\" alt=\"\" width=\"800\" height=\"457\" data-srcset=\"https:\/\/ubanews.com\/site\/wp-content\/uploads\/2018\/05\/DSC08110-c\u00f3pia.jpg 800w, https:\/\/ubanews.com\/site\/wp-content\/uploads\/2018\/05\/DSC08110-c\u00f3pia-300x171.jpg 300w, https:\/\/ubanews.com\/site\/wp-content\/uploads\/2018\/05\/DSC08110-c\u00f3pia-768x439.jpg 768w\" data-sizes=\"(max-width: 800px) 100vw, 800px\" src=\"data:image\/svg+xml;base64,PHN2ZyB3aWR0aD0iMSIgaGVpZ2h0PSIxIiB4bWxucz0iaHR0cDovL3d3dy53My5vcmcvMjAwMC9zdmciPjwvc3ZnPg==\" style=\"--smush-placeholder-width: 800px; --smush-placeholder-aspect-ratio: 800\/457;\" \/><\/p>\n<p>Um acidente envolvendo dois ve\u00edculos, sendo uma moto Honda Fan 125cc, placa HKF-9035, cor vermelha, tendo como condutor Claudiomilson Luiz da Silva Faria (26) e um Ford Fiesta , cor preto, placa KYJ-0060, Ub\u00e1 \u2013 MG, tendo em sua dire\u00e7\u00e3o Roberto Bebiano (39). Na altura do trevo da Rodovia LMG-850 que liga os munic\u00edpios de Ub\u00e1 e Rodeiro, Roberto ao deixar uma estrada vicinal, entrando na rodovia n\u00e3o observou que o motociclista vinha de Rodeiro sentido a cidade de Ub\u00e1. A moto bateu na traseira lateral, vindo o motociclista cair ao solo, tendo escoria\u00e7\u00f5es pelo corpo.<\/p>\n<p>O Corpo de Bombeiros esteve no local dando socorro as vitimas. O motociclista que teve sua moto bastante danificada, foi encaminhado ao Hospital Santa Isabel. Segundo os militares ele n\u00e3o corre risco de morte. Enquanto o motorista do Ford Fiesta teve apenas danos materiais em seu ve\u00edculo.<\/p>\n","protected":false},"excerpt":{"rendered":"<p>&nbsp; Um acidente envolvendo dois ve\u00edculos, sendo uma moto Honda<\/p>\n","protected":false},"author":2,"featured_media":3431,"comment_status":"open","ping_status":"open","sticky":false,"template":"","format":"standard","meta":{"footnotes":""},"categories":[1],"tags":[],"class_list":["post-3430","post","type-post","status-publish","format-standard","has-post-thumbnail","hentry","category-sem-categoria"],"yoast_head":"<!-- This site is optimized with the Yoast SEO plugin v27.2 - https:\/\/yoast.com\/product\/yoast-seo-wordpress\/ -->\n<title>Acidente envolvendo um carro e uma moto deixa um ferido na Rodovia Ub\u00e1\/Rodeiro - Ub\u00e1 News<\/title>\n<meta name=\"robots\" content=\"index, follow, max-snippet:-1, max-image-preview:large, max-video-preview:-1\" \/>\n<link rel=\"canonical\" href=\"https:\/\/ubanews.com\/site\/2018\/05\/16\/acidente-envolvendo-um-carro-e-uma-moto-deixa-um-ferido-na-rodovia-uba-rodeiro\/\" \/>\n<meta property=\"og:locale\" content=\"pt_BR\" \/>\n<meta property=\"og:type\" content=\"article\" \/>\n<meta property=\"og:title\" content=\"Acidente envolvendo um carro e uma moto deixa um ferido na Rodovia Ub\u00e1\/Rodeiro - Ub\u00e1 News\" \/>\n<meta property=\"og:description\" content=\"&nbsp; Um acidente envolvendo dois ve\u00edculos, sendo uma moto Honda\" \/>\n<meta property=\"og:url\" content=\"https:\/\/ubanews.com\/site\/2018\/05\/16\/acidente-envolvendo-um-carro-e-uma-moto-deixa-um-ferido-na-rodovia-uba-rodeiro\/\" \/>\n<meta property=\"og:site_name\" content=\"Ub\u00e1 News\" \/>\n<meta property=\"article:publisher\" content=\"https:\/\/www.facebook.com\/Ub%c3%a1News-Carlos-Roberto-Sodr%c3%a9-418778301977370\" \/>\n<meta property=\"article:author\" content=\"https:\/\/www.facebook.com\/carosroberto.sodre.5\/\" \/>\n<meta property=\"article:published_time\" content=\"2018-05-16T22:16:49+00:00\" \/>\n<meta property=\"article:modified_time\" content=\"2018-05-18T14:44:03+00:00\" \/>\n<meta property=\"og:image\" content=\"https:\/\/ubanews.com\/site\/wp-content\/uploads\/2018\/05\/DSC08111-c\u00f3pia.jpg\" \/>\n\t<meta property=\"og:image:width\" content=\"800\" \/>\n\t<meta property=\"og:image:height\" content=\"457\" \/>\n\t<meta property=\"og:image:type\" content=\"image\/jpeg\" \/>\n<meta name=\"author\" content=\"Sodr\u00e9\" \/>\n<meta name=\"twitter:card\" content=\"summary_large_image\" \/>\n<meta name=\"twitter:label1\" content=\"Escrito por\" \/>\n\t<meta name=\"twitter:data1\" content=\"Sodr\u00e9\" \/>\n\t<meta name=\"twitter:label2\" content=\"Est. tempo de leitura\" \/>\n\t<meta name=\"twitter:data2\" content=\"1 minuto\" \/>\n<script type=\"application\/ld+json\" class=\"yoast-schema-graph\">{\"@context\":\"https:\/\/schema.org\",\"@graph\":[{\"@type\":\"Article\",\"@id\":\"https:\/\/ubanews.com\/site\/2018\/05\/16\/acidente-envolvendo-um-carro-e-uma-moto-deixa-um-ferido-na-rodovia-uba-rodeiro\/#article\",\"isPartOf\":{\"@id\":\"https:\/\/ubanews.com\/site\/2018\/05\/16\/acidente-envolvendo-um-carro-e-uma-moto-deixa-um-ferido-na-rodovia-uba-rodeiro\/\"},\"author\":{\"name\":\"Sodr\u00e9\",\"@id\":\"https:\/\/ubanews.com\/site\/#\/schema\/person\/d90c9e47252fbb63dcc969fe4c8b9d10\"},\"headline\":\"Acidente envolvendo um carro e uma moto deixa um ferido na Rodovia Ub\u00e1\/Rodeiro\",\"datePublished\":\"2018-05-16T22:16:49+00:00\",\"dateModified\":\"2018-05-18T14:44:03+00:00\",\"mainEntityOfPage\":{\"@id\":\"https:\/\/ubanews.com\/site\/2018\/05\/16\/acidente-envolvendo-um-carro-e-uma-moto-deixa-um-ferido-na-rodovia-uba-rodeiro\/\"},\"wordCount\":161,\"commentCount\":0,\"publisher\":{\"@id\":\"https:\/\/ubanews.com\/site\/#organization\"},\"image\":{\"@id\":\"https:\/\/ubanews.com\/site\/2018\/05\/16\/acidente-envolvendo-um-carro-e-uma-moto-deixa-um-ferido-na-rodovia-uba-rodeiro\/#primaryimage\"},\"thumbnailUrl\":\"https:\/\/ubanews.com\/site\/wp-content\/uploads\/2018\/05\/DSC08111-c\u00f3pia.jpg\",\"articleSection\":[\"Geral\"],\"inLanguage\":\"pt-BR\",\"potentialAction\":[{\"@type\":\"CommentAction\",\"name\":\"Comment\",\"target\":[\"https:\/\/ubanews.com\/site\/2018\/05\/16\/acidente-envolvendo-um-carro-e-uma-moto-deixa-um-ferido-na-rodovia-uba-rodeiro\/#respond\"]}]},{\"@type\":\"WebPage\",\"@id\":\"https:\/\/ubanews.com\/site\/2018\/05\/16\/acidente-envolvendo-um-carro-e-uma-moto-deixa-um-ferido-na-rodovia-uba-rodeiro\/\",\"url\":\"https:\/\/ubanews.com\/site\/2018\/05\/16\/acidente-envolvendo-um-carro-e-uma-moto-deixa-um-ferido-na-rodovia-uba-rodeiro\/\",\"name\":\"Acidente envolvendo um carro e uma moto deixa um ferido na Rodovia Ub\u00e1\/Rodeiro - Ub\u00e1 News\",\"isPartOf\":{\"@id\":\"https:\/\/ubanews.com\/site\/#website\"},\"primaryImageOfPage\":{\"@id\":\"https:\/\/ubanews.com\/site\/2018\/05\/16\/acidente-envolvendo-um-carro-e-uma-moto-deixa-um-ferido-na-rodovia-uba-rodeiro\/#primaryimage\"},\"image\":{\"@id\":\"https:\/\/ubanews.com\/site\/2018\/05\/16\/acidente-envolvendo-um-carro-e-uma-moto-deixa-um-ferido-na-rodovia-uba-rodeiro\/#primaryimage\"},\"thumbnailUrl\":\"https:\/\/ubanews.com\/site\/wp-content\/uploads\/2018\/05\/DSC08111-c\u00f3pia.jpg\",\"datePublished\":\"2018-05-16T22:16:49+00:00\",\"dateModified\":\"2018-05-18T14:44:03+00:00\",\"breadcrumb\":{\"@id\":\"https:\/\/ubanews.com\/site\/2018\/05\/16\/acidente-envolvendo-um-carro-e-uma-moto-deixa-um-ferido-na-rodovia-uba-rodeiro\/#breadcrumb\"},\"inLanguage\":\"pt-BR\",\"potentialAction\":[{\"@type\":\"ReadAction\",\"target\":[\"https:\/\/ubanews.com\/site\/2018\/05\/16\/acidente-envolvendo-um-carro-e-uma-moto-deixa-um-ferido-na-rodovia-uba-rodeiro\/\"]}]},{\"@type\":\"ImageObject\",\"inLanguage\":\"pt-BR\",\"@id\":\"https:\/\/ubanews.com\/site\/2018\/05\/16\/acidente-envolvendo-um-carro-e-uma-moto-deixa-um-ferido-na-rodovia-uba-rodeiro\/#primaryimage\",\"url\":\"https:\/\/ubanews.com\/site\/wp-content\/uploads\/2018\/05\/DSC08111-c\u00f3pia.jpg\",\"contentUrl\":\"https:\/\/ubanews.com\/site\/wp-content\/uploads\/2018\/05\/DSC08111-c\u00f3pia.jpg\",\"width\":800,\"height\":457},{\"@type\":\"BreadcrumbList\",\"@id\":\"https:\/\/ubanews.com\/site\/2018\/05\/16\/acidente-envolvendo-um-carro-e-uma-moto-deixa-um-ferido-na-rodovia-uba-rodeiro\/#breadcrumb\",\"itemListElement\":[{\"@type\":\"ListItem\",\"position\":1,\"name\":\"Home\",\"item\":\"https:\/\/ubanews.com\/site\/\"},{\"@type\":\"ListItem\",\"position\":2,\"name\":\"Acidente envolvendo um carro e uma moto deixa um ferido na Rodovia Ub\u00e1\/Rodeiro\"}]},{\"@type\":\"WebSite\",\"@id\":\"https:\/\/ubanews.com\/site\/#website\",\"url\":\"https:\/\/ubanews.com\/site\/\",\"name\":\"Ub\u00e1 News\",\"description\":\"\",\"publisher\":{\"@id\":\"https:\/\/ubanews.com\/site\/#organization\"},\"potentialAction\":[{\"@type\":\"SearchAction\",\"target\":{\"@type\":\"EntryPoint\",\"urlTemplate\":\"https:\/\/ubanews.com\/site\/?s={search_term_string}\"},\"query-input\":{\"@type\":\"PropertyValueSpecification\",\"valueRequired\":true,\"valueName\":\"search_term_string\"}}],\"inLanguage\":\"pt-BR\"},{\"@type\":\"Organization\",\"@id\":\"https:\/\/ubanews.com\/site\/#organization\",\"name\":\"Ub\u00e1 News\",\"url\":\"https:\/\/ubanews.com\/site\/\",\"logo\":{\"@type\":\"ImageObject\",\"inLanguage\":\"pt-BR\",\"@id\":\"https:\/\/ubanews.com\/site\/#\/schema\/logo\/image\/\",\"url\":\"https:\/\/ubanews.com\/site\/wp-content\/uploads\/2018\/01\/logoubanews.png\",\"contentUrl\":\"https:\/\/ubanews.com\/site\/wp-content\/uploads\/2018\/01\/logoubanews.png\",\"width\":261,\"height\":99,\"caption\":\"Ub\u00e1 News\"},\"image\":{\"@id\":\"https:\/\/ubanews.com\/site\/#\/schema\/logo\/image\/\"},\"sameAs\":[\"https:\/\/www.facebook.com\/Ub\u00e1News-Carlos-Roberto-Sodr\u00e9-418778301977370\"]},{\"@type\":\"Person\",\"@id\":\"https:\/\/ubanews.com\/site\/#\/schema\/person\/d90c9e47252fbb63dcc969fe4c8b9d10\",\"name\":\"Sodr\u00e9\",\"image\":{\"@type\":\"ImageObject\",\"inLanguage\":\"pt-BR\",\"@id\":\"https:\/\/secure.gravatar.com\/avatar\/5ba2793f0590b9dbfad3fdec4ee714485b3eef211c9b32ee53d414060454a56c?s=96&d=mm&r=g\",\"url\":\"https:\/\/secure.gravatar.com\/avatar\/5ba2793f0590b9dbfad3fdec4ee714485b3eef211c9b32ee53d414060454a56c?s=96&d=mm&r=g\",\"contentUrl\":\"https:\/\/secure.gravatar.com\/avatar\/5ba2793f0590b9dbfad3fdec4ee714485b3eef211c9b32ee53d414060454a56c?s=96&d=mm&r=g\",\"caption\":\"Sodr\u00e9\"},\"sameAs\":[\"https:\/\/www.facebook.com\/carosroberto.sodre.5\/\"],\"url\":\"https:\/\/ubanews.com\/site\/author\/felipe\/\"}]}<\/script>\n<!-- \/ Yoast SEO plugin. -->","yoast_head_json":{"title":"Acidente envolvendo um carro e uma moto deixa um ferido na Rodovia Ub\u00e1\/Rodeiro - Ub\u00e1 News","robots":{"index":"index","follow":"follow","max-snippet":"max-snippet:-1","max-image-preview":"max-image-preview:large","max-video-preview":"max-video-preview:-1"},"canonical":"https:\/\/ubanews.com\/site\/2018\/05\/16\/acidente-envolvendo-um-carro-e-uma-moto-deixa-um-ferido-na-rodovia-uba-rodeiro\/","og_locale":"pt_BR","og_type":"article","og_title":"Acidente envolvendo um carro e uma moto deixa um ferido na Rodovia Ub\u00e1\/Rodeiro - Ub\u00e1 News","og_description":"&nbsp; Um acidente envolvendo dois ve\u00edculos, sendo uma moto Honda","og_url":"https:\/\/ubanews.com\/site\/2018\/05\/16\/acidente-envolvendo-um-carro-e-uma-moto-deixa-um-ferido-na-rodovia-uba-rodeiro\/","og_site_name":"Ub\u00e1 News","article_publisher":"https:\/\/www.facebook.com\/Ub%c3%a1News-Carlos-Roberto-Sodr%c3%a9-418778301977370","article_author":"https:\/\/www.facebook.com\/carosroberto.sodre.5\/","article_published_time":"2018-05-16T22:16:49+00:00","article_modified_time":"2018-05-18T14:44:03+00:00","og_image":[{"width":800,"height":457,"url":"https:\/\/ubanews.com\/site\/wp-content\/uploads\/2018\/05\/DSC08111-c\u00f3pia.jpg","type":"image\/jpeg"}],"author":"Sodr\u00e9","twitter_card":"summary_large_image","twitter_misc":{"Escrito por":"Sodr\u00e9","Est. tempo de leitura":"1 minuto"},"schema":{"@context":"https:\/\/schema.org","@graph":[{"@type":"Article","@id":"https:\/\/ubanews.com\/site\/2018\/05\/16\/acidente-envolvendo-um-carro-e-uma-moto-deixa-um-ferido-na-rodovia-uba-rodeiro\/#article","isPartOf":{"@id":"https:\/\/ubanews.com\/site\/2018\/05\/16\/acidente-envolvendo-um-carro-e-uma-moto-deixa-um-ferido-na-rodovia-uba-rodeiro\/"},"author":{"name":"Sodr\u00e9","@id":"https:\/\/ubanews.com\/site\/#\/schema\/person\/d90c9e47252fbb63dcc969fe4c8b9d10"},"headline":"Acidente envolvendo um carro e uma moto deixa um ferido na Rodovia Ub\u00e1\/Rodeiro","datePublished":"2018-05-16T22:16:49+00:00","dateModified":"2018-05-18T14:44:03+00:00","mainEntityOfPage":{"@id":"https:\/\/ubanews.com\/site\/2018\/05\/16\/acidente-envolvendo-um-carro-e-uma-moto-deixa-um-ferido-na-rodovia-uba-rodeiro\/"},"wordCount":161,"commentCount":0,"publisher":{"@id":"https:\/\/ubanews.com\/site\/#organization"},"image":{"@id":"https:\/\/ubanews.com\/site\/2018\/05\/16\/acidente-envolvendo-um-carro-e-uma-moto-deixa-um-ferido-na-rodovia-uba-rodeiro\/#primaryimage"},"thumbnailUrl":"https:\/\/ubanews.com\/site\/wp-content\/uploads\/2018\/05\/DSC08111-c\u00f3pia.jpg","articleSection":["Geral"],"inLanguage":"pt-BR","potentialAction":[{"@type":"CommentAction","name":"Comment","target":["https:\/\/ubanews.com\/site\/2018\/05\/16\/acidente-envolvendo-um-carro-e-uma-moto-deixa-um-ferido-na-rodovia-uba-rodeiro\/#respond"]}]},{"@type":"WebPage","@id":"https:\/\/ubanews.com\/site\/2018\/05\/16\/acidente-envolvendo-um-carro-e-uma-moto-deixa-um-ferido-na-rodovia-uba-rodeiro\/","url":"https:\/\/ubanews.com\/site\/2018\/05\/16\/acidente-envolvendo-um-carro-e-uma-moto-deixa-um-ferido-na-rodovia-uba-rodeiro\/","name":"Acidente envolvendo um carro e uma moto deixa um ferido na Rodovia Ub\u00e1\/Rodeiro - Ub\u00e1 News","isPartOf":{"@id":"https:\/\/ubanews.com\/site\/#website"},"primaryImageOfPage":{"@id":"https:\/\/ubanews.com\/site\/2018\/05\/16\/acidente-envolvendo-um-carro-e-uma-moto-deixa-um-ferido-na-rodovia-uba-rodeiro\/#primaryimage"},"image":{"@id":"https:\/\/ubanews.com\/site\/2018\/05\/16\/acidente-envolvendo-um-carro-e-uma-moto-deixa-um-ferido-na-rodovia-uba-rodeiro\/#primaryimage"},"thumbnailUrl":"https:\/\/ubanews.com\/site\/wp-content\/uploads\/2018\/05\/DSC08111-c\u00f3pia.jpg","datePublished":"2018-05-16T22:16:49+00:00","dateModified":"2018-05-18T14:44:03+00:00","breadcrumb":{"@id":"https:\/\/ubanews.com\/site\/2018\/05\/16\/acidente-envolvendo-um-carro-e-uma-moto-deixa-um-ferido-na-rodovia-uba-rodeiro\/#breadcrumb"},"inLanguage":"pt-BR","potentialAction":[{"@type":"ReadAction","target":["https:\/\/ubanews.com\/site\/2018\/05\/16\/acidente-envolvendo-um-carro-e-uma-moto-deixa-um-ferido-na-rodovia-uba-rodeiro\/"]}]},{"@type":"ImageObject","inLanguage":"pt-BR","@id":"https:\/\/ubanews.com\/site\/2018\/05\/16\/acidente-envolvendo-um-carro-e-uma-moto-deixa-um-ferido-na-rodovia-uba-rodeiro\/#primaryimage","url":"https:\/\/ubanews.com\/site\/wp-content\/uploads\/2018\/05\/DSC08111-c\u00f3pia.jpg","contentUrl":"https:\/\/ubanews.com\/site\/wp-content\/uploads\/2018\/05\/DSC08111-c\u00f3pia.jpg","width":800,"height":457},{"@type":"BreadcrumbList","@id":"https:\/\/ubanews.com\/site\/2018\/05\/16\/acidente-envolvendo-um-carro-e-uma-moto-deixa-um-ferido-na-rodovia-uba-rodeiro\/#breadcrumb","itemListElement":[{"@type":"ListItem","position":1,"name":"Home","item":"https:\/\/ubanews.com\/site\/"},{"@type":"ListItem","position":2,"name":"Acidente envolvendo um carro e uma moto deixa um ferido na Rodovia Ub\u00e1\/Rodeiro"}]},{"@type":"WebSite","@id":"https:\/\/ubanews.com\/site\/#website","url":"https:\/\/ubanews.com\/site\/","name":"Ub\u00e1 News","description":"","publisher":{"@id":"https:\/\/ubanews.com\/site\/#organization"},"potentialAction":[{"@type":"SearchAction","target":{"@type":"EntryPoint","urlTemplate":"https:\/\/ubanews.com\/site\/?s={search_term_string}"},"query-input":{"@type":"PropertyValueSpecification","valueRequired":true,"valueName":"search_term_string"}}],"inLanguage":"pt-BR"},{"@type":"Organization","@id":"https:\/\/ubanews.com\/site\/#organization","name":"Ub\u00e1 News","url":"https:\/\/ubanews.com\/site\/","logo":{"@type":"ImageObject","inLanguage":"pt-BR","@id":"https:\/\/ubanews.com\/site\/#\/schema\/logo\/image\/","url":"https:\/\/ubanews.com\/site\/wp-content\/uploads\/2018\/01\/logoubanews.png","contentUrl":"https:\/\/ubanews.com\/site\/wp-content\/uploads\/2018\/01\/logoubanews.png","width":261,"height":99,"caption":"Ub\u00e1 News"},"image":{"@id":"https:\/\/ubanews.com\/site\/#\/schema\/logo\/image\/"},"sameAs":["https:\/\/www.facebook.com\/Ub\u00e1News-Carlos-Roberto-Sodr\u00e9-418778301977370"]},{"@type":"Person","@id":"https:\/\/ubanews.com\/site\/#\/schema\/person\/d90c9e47252fbb63dcc969fe4c8b9d10","name":"Sodr\u00e9","image":{"@type":"ImageObject","inLanguage":"pt-BR","@id":"https:\/\/secure.gravatar.com\/avatar\/5ba2793f0590b9dbfad3fdec4ee714485b3eef211c9b32ee53d414060454a56c?s=96&d=mm&r=g","url":"https:\/\/secure.gravatar.com\/avatar\/5ba2793f0590b9dbfad3fdec4ee714485b3eef211c9b32ee53d414060454a56c?s=96&d=mm&r=g","contentUrl":"https:\/\/secure.gravatar.com\/avatar\/5ba2793f0590b9dbfad3fdec4ee714485b3eef211c9b32ee53d414060454a56c?s=96&d=mm&r=g","caption":"Sodr\u00e9"},"sameAs":["https:\/\/www.facebook.com\/carosroberto.sodre.5\/"],"url":"https:\/\/ubanews.com\/site\/author\/felipe\/"}]}},"_links":{"self":[{"href":"https:\/\/ubanews.com\/site\/wp-json\/wp\/v2\/posts\/3430","targetHints":{"allow":["GET"]}}],"collection":[{"href":"https:\/\/ubanews.com\/site\/wp-json\/wp\/v2\/posts"}],"about":[{"href":"https:\/\/ubanews.com\/site\/wp-json\/wp\/v2\/types\/post"}],"author":[{"embeddable":true,"href":"https:\/\/ubanews.com\/site\/wp-json\/wp\/v2\/users\/2"}],"replies":[{"embeddable":true,"href":"https:\/\/ubanews.com\/site\/wp-json\/wp\/v2\/comments?post=3430"}],"version-history":[{"count":0,"href":"https:\/\/ubanews.com\/site\/wp-json\/wp\/v2\/posts\/3430\/revisions"}],"wp:featuredmedia":[{"embeddable":true,"href":"https:\/\/ubanews.com\/site\/wp-json\/wp\/v2\/media\/3431"}],"wp:attachment":[{"href":"https:\/\/ubanews.com\/site\/wp-json\/wp\/v2\/media?parent=3430"}],"wp:term":[{"taxonomy":"category","embeddable":true,"href":"https:\/\/ubanews.com\/site\/wp-json\/wp\/v2\/categories?post=3430"},{"taxonomy":"post_tag","embeddable":true,"href":"https:\/\/ubanews.com\/site\/wp-json\/wp\/v2\/tags?post=3430"}],"curies":[{"name":"wp","href":"https:\/\/api.w.org\/{rel}","templated":true}]}}