{"id":3426,"date":"2018-05-16T16:41:13","date_gmt":"2018-05-16T19:41:13","guid":{"rendered":"http:\/\/ubanews.com\/site\/?p=3426"},"modified":"2018-05-18T11:43:58","modified_gmt":"2018-05-18T14:43:58","slug":"festa-de-pentecostes-vai-ate-domingo-na-igreja-do-divino","status":"publish","type":"post","link":"https:\/\/ubanews.com\/site\/2018\/05\/16\/festa-de-pentecostes-vai-ate-domingo-na-igreja-do-divino\/","title":{"rendered":"FESTA DE PENTECOSTES VAI AT\u00c9 DOMINGO NA IGREJA DO DIVINO"},"content":{"rendered":"<p>A semana de Pentecostes em Ub\u00e1 come\u00e7ou a ser comemorada no \u00faltimo domingo (13) na Par\u00f3quia do Divino Esp\u00edrito Santo, onde o Padre Silas Geraldo e convidados celebram todas as noites, sempre \u00e0s 19h. Ap\u00f3s as celebra\u00e7\u00f5es, acontece no Sal\u00e3o de festas, ao lado da igreja, barraquinhas, bingo, leil\u00e3o salgados, caldos, doces, picol\u00e9s, espetinhos, pasteis, cachorro quente, bebidas, e brincadeiras infantis, tudo isso acompanhado de atra\u00e7\u00f5es musicais. A festa de Pentecostes vai at\u00e9 domingo, encerramento \u00e0s 18h com a Santa Missa solene.<\/p>\n","protected":false},"excerpt":{"rendered":"<p>A semana de Pentecostes em Ub\u00e1 come\u00e7ou a ser comemorada<\/p>\n","protected":false},"author":2,"featured_media":3428,"comment_status":"open","ping_status":"open","sticky":false,"template":"","format":"standard","meta":{"footnotes":""},"categories":[1],"tags":[],"class_list":["post-3426","post","type-post","status-publish","format-standard","has-post-thumbnail","hentry","category-sem-categoria"],"yoast_head":"<!-- This site is optimized with the Yoast SEO plugin v27.2 - https:\/\/yoast.com\/product\/yoast-seo-wordpress\/ -->\n<title>FESTA DE PENTECOSTES VAI AT\u00c9 DOMINGO NA IGREJA DO DIVINO - Ub\u00e1 News<\/title>\n<meta name=\"robots\" content=\"index, follow, max-snippet:-1, max-image-preview:large, max-video-preview:-1\" \/>\n<link rel=\"canonical\" href=\"https:\/\/ubanews.com\/site\/2018\/05\/16\/festa-de-pentecostes-vai-ate-domingo-na-igreja-do-divino\/\" \/>\n<meta property=\"og:locale\" content=\"pt_BR\" \/>\n<meta property=\"og:type\" content=\"article\" \/>\n<meta property=\"og:title\" content=\"FESTA DE PENTECOSTES VAI AT\u00c9 DOMINGO NA IGREJA DO DIVINO - Ub\u00e1 News\" \/>\n<meta property=\"og:description\" content=\"A semana de Pentecostes em Ub\u00e1 come\u00e7ou a ser comemorada\" \/>\n<meta property=\"og:url\" content=\"https:\/\/ubanews.com\/site\/2018\/05\/16\/festa-de-pentecostes-vai-ate-domingo-na-igreja-do-divino\/\" \/>\n<meta property=\"og:site_name\" content=\"Ub\u00e1 News\" \/>\n<meta property=\"article:publisher\" content=\"https:\/\/www.facebook.com\/Ub%c3%a1News-Carlos-Roberto-Sodr%c3%a9-418778301977370\" \/>\n<meta property=\"article:author\" content=\"https:\/\/www.facebook.com\/carosroberto.sodre.5\/\" \/>\n<meta property=\"article:published_time\" content=\"2018-05-16T19:41:13+00:00\" \/>\n<meta property=\"article:modified_time\" content=\"2018-05-18T14:43:58+00:00\" \/>\n<meta property=\"og:image\" content=\"https:\/\/ubanews.com\/site\/wp-content\/uploads\/2018\/05\/20180516_162602.jpg\" \/>\n\t<meta property=\"og:image:width\" content=\"2048\" \/>\n\t<meta property=\"og:image:height\" content=\"1152\" \/>\n\t<meta property=\"og:image:type\" content=\"image\/jpeg\" \/>\n<meta name=\"author\" content=\"Sodr\u00e9\" \/>\n<meta name=\"twitter:card\" content=\"summary_large_image\" \/>\n<meta name=\"twitter:label1\" content=\"Escrito por\" \/>\n\t<meta name=\"twitter:data1\" content=\"Sodr\u00e9\" \/>\n<script type=\"application\/ld+json\" class=\"yoast-schema-graph\">{\"@context\":\"https:\/\/schema.org\",\"@graph\":[{\"@type\":\"Article\",\"@id\":\"https:\/\/ubanews.com\/site\/2018\/05\/16\/festa-de-pentecostes-vai-ate-domingo-na-igreja-do-divino\/#article\",\"isPartOf\":{\"@id\":\"https:\/\/ubanews.com\/site\/2018\/05\/16\/festa-de-pentecostes-vai-ate-domingo-na-igreja-do-divino\/\"},\"author\":{\"name\":\"Sodr\u00e9\",\"@id\":\"https:\/\/ubanews.com\/site\/#\/schema\/person\/d90c9e47252fbb63dcc969fe4c8b9d10\"},\"headline\":\"FESTA DE PENTECOSTES VAI AT\u00c9 DOMINGO NA IGREJA DO DIVINO\",\"datePublished\":\"2018-05-16T19:41:13+00:00\",\"dateModified\":\"2018-05-18T14:43:58+00:00\",\"mainEntityOfPage\":{\"@id\":\"https:\/\/ubanews.com\/site\/2018\/05\/16\/festa-de-pentecostes-vai-ate-domingo-na-igreja-do-divino\/\"},\"wordCount\":100,\"commentCount\":0,\"publisher\":{\"@id\":\"https:\/\/ubanews.com\/site\/#organization\"},\"image\":{\"@id\":\"https:\/\/ubanews.com\/site\/2018\/05\/16\/festa-de-pentecostes-vai-ate-domingo-na-igreja-do-divino\/#primaryimage\"},\"thumbnailUrl\":\"https:\/\/ubanews.com\/site\/wp-content\/uploads\/2018\/05\/20180516_162602.jpg\",\"articleSection\":[\"Geral\"],\"inLanguage\":\"pt-BR\",\"potentialAction\":[{\"@type\":\"CommentAction\",\"name\":\"Comment\",\"target\":[\"https:\/\/ubanews.com\/site\/2018\/05\/16\/festa-de-pentecostes-vai-ate-domingo-na-igreja-do-divino\/#respond\"]}]},{\"@type\":\"WebPage\",\"@id\":\"https:\/\/ubanews.com\/site\/2018\/05\/16\/festa-de-pentecostes-vai-ate-domingo-na-igreja-do-divino\/\",\"url\":\"https:\/\/ubanews.com\/site\/2018\/05\/16\/festa-de-pentecostes-vai-ate-domingo-na-igreja-do-divino\/\",\"name\":\"FESTA DE PENTECOSTES VAI AT\u00c9 DOMINGO NA IGREJA DO DIVINO - Ub\u00e1 News\",\"isPartOf\":{\"@id\":\"https:\/\/ubanews.com\/site\/#website\"},\"primaryImageOfPage\":{\"@id\":\"https:\/\/ubanews.com\/site\/2018\/05\/16\/festa-de-pentecostes-vai-ate-domingo-na-igreja-do-divino\/#primaryimage\"},\"image\":{\"@id\":\"https:\/\/ubanews.com\/site\/2018\/05\/16\/festa-de-pentecostes-vai-ate-domingo-na-igreja-do-divino\/#primaryimage\"},\"thumbnailUrl\":\"https:\/\/ubanews.com\/site\/wp-content\/uploads\/2018\/05\/20180516_162602.jpg\",\"datePublished\":\"2018-05-16T19:41:13+00:00\",\"dateModified\":\"2018-05-18T14:43:58+00:00\",\"breadcrumb\":{\"@id\":\"https:\/\/ubanews.com\/site\/2018\/05\/16\/festa-de-pentecostes-vai-ate-domingo-na-igreja-do-divino\/#breadcrumb\"},\"inLanguage\":\"pt-BR\",\"potentialAction\":[{\"@type\":\"ReadAction\",\"target\":[\"https:\/\/ubanews.com\/site\/2018\/05\/16\/festa-de-pentecostes-vai-ate-domingo-na-igreja-do-divino\/\"]}]},{\"@type\":\"ImageObject\",\"inLanguage\":\"pt-BR\",\"@id\":\"https:\/\/ubanews.com\/site\/2018\/05\/16\/festa-de-pentecostes-vai-ate-domingo-na-igreja-do-divino\/#primaryimage\",\"url\":\"https:\/\/ubanews.com\/site\/wp-content\/uploads\/2018\/05\/20180516_162602.jpg\",\"contentUrl\":\"https:\/\/ubanews.com\/site\/wp-content\/uploads\/2018\/05\/20180516_162602.jpg\",\"width\":2048,\"height\":1152},{\"@type\":\"BreadcrumbList\",\"@id\":\"https:\/\/ubanews.com\/site\/2018\/05\/16\/festa-de-pentecostes-vai-ate-domingo-na-igreja-do-divino\/#breadcrumb\",\"itemListElement\":[{\"@type\":\"ListItem\",\"position\":1,\"name\":\"Home\",\"item\":\"https:\/\/ubanews.com\/site\/\"},{\"@type\":\"ListItem\",\"position\":2,\"name\":\"FESTA DE PENTECOSTES VAI AT\u00c9 DOMINGO NA IGREJA DO DIVINO\"}]},{\"@type\":\"WebSite\",\"@id\":\"https:\/\/ubanews.com\/site\/#website\",\"url\":\"https:\/\/ubanews.com\/site\/\",\"name\":\"Ub\u00e1 News\",\"description\":\"\",\"publisher\":{\"@id\":\"https:\/\/ubanews.com\/site\/#organization\"},\"potentialAction\":[{\"@type\":\"SearchAction\",\"target\":{\"@type\":\"EntryPoint\",\"urlTemplate\":\"https:\/\/ubanews.com\/site\/?s={search_term_string}\"},\"query-input\":{\"@type\":\"PropertyValueSpecification\",\"valueRequired\":true,\"valueName\":\"search_term_string\"}}],\"inLanguage\":\"pt-BR\"},{\"@type\":\"Organization\",\"@id\":\"https:\/\/ubanews.com\/site\/#organization\",\"name\":\"Ub\u00e1 News\",\"url\":\"https:\/\/ubanews.com\/site\/\",\"logo\":{\"@type\":\"ImageObject\",\"inLanguage\":\"pt-BR\",\"@id\":\"https:\/\/ubanews.com\/site\/#\/schema\/logo\/image\/\",\"url\":\"https:\/\/ubanews.com\/site\/wp-content\/uploads\/2018\/01\/logoubanews.png\",\"contentUrl\":\"https:\/\/ubanews.com\/site\/wp-content\/uploads\/2018\/01\/logoubanews.png\",\"width\":261,\"height\":99,\"caption\":\"Ub\u00e1 News\"},\"image\":{\"@id\":\"https:\/\/ubanews.com\/site\/#\/schema\/logo\/image\/\"},\"sameAs\":[\"https:\/\/www.facebook.com\/Ub\u00e1News-Carlos-Roberto-Sodr\u00e9-418778301977370\"]},{\"@type\":\"Person\",\"@id\":\"https:\/\/ubanews.com\/site\/#\/schema\/person\/d90c9e47252fbb63dcc969fe4c8b9d10\",\"name\":\"Sodr\u00e9\",\"image\":{\"@type\":\"ImageObject\",\"inLanguage\":\"pt-BR\",\"@id\":\"https:\/\/secure.gravatar.com\/avatar\/5ba2793f0590b9dbfad3fdec4ee714485b3eef211c9b32ee53d414060454a56c?s=96&d=mm&r=g\",\"url\":\"https:\/\/secure.gravatar.com\/avatar\/5ba2793f0590b9dbfad3fdec4ee714485b3eef211c9b32ee53d414060454a56c?s=96&d=mm&r=g\",\"contentUrl\":\"https:\/\/secure.gravatar.com\/avatar\/5ba2793f0590b9dbfad3fdec4ee714485b3eef211c9b32ee53d414060454a56c?s=96&d=mm&r=g\",\"caption\":\"Sodr\u00e9\"},\"sameAs\":[\"https:\/\/www.facebook.com\/carosroberto.sodre.5\/\"],\"url\":\"https:\/\/ubanews.com\/site\/author\/felipe\/\"}]}<\/script>\n<!-- \/ Yoast SEO plugin. -->","yoast_head_json":{"title":"FESTA DE PENTECOSTES VAI AT\u00c9 DOMINGO NA IGREJA DO DIVINO - Ub\u00e1 News","robots":{"index":"index","follow":"follow","max-snippet":"max-snippet:-1","max-image-preview":"max-image-preview:large","max-video-preview":"max-video-preview:-1"},"canonical":"https:\/\/ubanews.com\/site\/2018\/05\/16\/festa-de-pentecostes-vai-ate-domingo-na-igreja-do-divino\/","og_locale":"pt_BR","og_type":"article","og_title":"FESTA DE PENTECOSTES VAI AT\u00c9 DOMINGO NA IGREJA DO DIVINO - Ub\u00e1 News","og_description":"A semana de Pentecostes em Ub\u00e1 come\u00e7ou a ser comemorada","og_url":"https:\/\/ubanews.com\/site\/2018\/05\/16\/festa-de-pentecostes-vai-ate-domingo-na-igreja-do-divino\/","og_site_name":"Ub\u00e1 News","article_publisher":"https:\/\/www.facebook.com\/Ub%c3%a1News-Carlos-Roberto-Sodr%c3%a9-418778301977370","article_author":"https:\/\/www.facebook.com\/carosroberto.sodre.5\/","article_published_time":"2018-05-16T19:41:13+00:00","article_modified_time":"2018-05-18T14:43:58+00:00","og_image":[{"width":2048,"height":1152,"url":"https:\/\/ubanews.com\/site\/wp-content\/uploads\/2018\/05\/20180516_162602.jpg","type":"image\/jpeg"}],"author":"Sodr\u00e9","twitter_card":"summary_large_image","twitter_misc":{"Escrito por":"Sodr\u00e9"},"schema":{"@context":"https:\/\/schema.org","@graph":[{"@type":"Article","@id":"https:\/\/ubanews.com\/site\/2018\/05\/16\/festa-de-pentecostes-vai-ate-domingo-na-igreja-do-divino\/#article","isPartOf":{"@id":"https:\/\/ubanews.com\/site\/2018\/05\/16\/festa-de-pentecostes-vai-ate-domingo-na-igreja-do-divino\/"},"author":{"name":"Sodr\u00e9","@id":"https:\/\/ubanews.com\/site\/#\/schema\/person\/d90c9e47252fbb63dcc969fe4c8b9d10"},"headline":"FESTA DE PENTECOSTES VAI AT\u00c9 DOMINGO NA IGREJA DO DIVINO","datePublished":"2018-05-16T19:41:13+00:00","dateModified":"2018-05-18T14:43:58+00:00","mainEntityOfPage":{"@id":"https:\/\/ubanews.com\/site\/2018\/05\/16\/festa-de-pentecostes-vai-ate-domingo-na-igreja-do-divino\/"},"wordCount":100,"commentCount":0,"publisher":{"@id":"https:\/\/ubanews.com\/site\/#organization"},"image":{"@id":"https:\/\/ubanews.com\/site\/2018\/05\/16\/festa-de-pentecostes-vai-ate-domingo-na-igreja-do-divino\/#primaryimage"},"thumbnailUrl":"https:\/\/ubanews.com\/site\/wp-content\/uploads\/2018\/05\/20180516_162602.jpg","articleSection":["Geral"],"inLanguage":"pt-BR","potentialAction":[{"@type":"CommentAction","name":"Comment","target":["https:\/\/ubanews.com\/site\/2018\/05\/16\/festa-de-pentecostes-vai-ate-domingo-na-igreja-do-divino\/#respond"]}]},{"@type":"WebPage","@id":"https:\/\/ubanews.com\/site\/2018\/05\/16\/festa-de-pentecostes-vai-ate-domingo-na-igreja-do-divino\/","url":"https:\/\/ubanews.com\/site\/2018\/05\/16\/festa-de-pentecostes-vai-ate-domingo-na-igreja-do-divino\/","name":"FESTA DE PENTECOSTES VAI AT\u00c9 DOMINGO NA IGREJA DO DIVINO - Ub\u00e1 News","isPartOf":{"@id":"https:\/\/ubanews.com\/site\/#website"},"primaryImageOfPage":{"@id":"https:\/\/ubanews.com\/site\/2018\/05\/16\/festa-de-pentecostes-vai-ate-domingo-na-igreja-do-divino\/#primaryimage"},"image":{"@id":"https:\/\/ubanews.com\/site\/2018\/05\/16\/festa-de-pentecostes-vai-ate-domingo-na-igreja-do-divino\/#primaryimage"},"thumbnailUrl":"https:\/\/ubanews.com\/site\/wp-content\/uploads\/2018\/05\/20180516_162602.jpg","datePublished":"2018-05-16T19:41:13+00:00","dateModified":"2018-05-18T14:43:58+00:00","breadcrumb":{"@id":"https:\/\/ubanews.com\/site\/2018\/05\/16\/festa-de-pentecostes-vai-ate-domingo-na-igreja-do-divino\/#breadcrumb"},"inLanguage":"pt-BR","potentialAction":[{"@type":"ReadAction","target":["https:\/\/ubanews.com\/site\/2018\/05\/16\/festa-de-pentecostes-vai-ate-domingo-na-igreja-do-divino\/"]}]},{"@type":"ImageObject","inLanguage":"pt-BR","@id":"https:\/\/ubanews.com\/site\/2018\/05\/16\/festa-de-pentecostes-vai-ate-domingo-na-igreja-do-divino\/#primaryimage","url":"https:\/\/ubanews.com\/site\/wp-content\/uploads\/2018\/05\/20180516_162602.jpg","contentUrl":"https:\/\/ubanews.com\/site\/wp-content\/uploads\/2018\/05\/20180516_162602.jpg","width":2048,"height":1152},{"@type":"BreadcrumbList","@id":"https:\/\/ubanews.com\/site\/2018\/05\/16\/festa-de-pentecostes-vai-ate-domingo-na-igreja-do-divino\/#breadcrumb","itemListElement":[{"@type":"ListItem","position":1,"name":"Home","item":"https:\/\/ubanews.com\/site\/"},{"@type":"ListItem","position":2,"name":"FESTA DE PENTECOSTES VAI AT\u00c9 DOMINGO NA IGREJA DO DIVINO"}]},{"@type":"WebSite","@id":"https:\/\/ubanews.com\/site\/#website","url":"https:\/\/ubanews.com\/site\/","name":"Ub\u00e1 News","description":"","publisher":{"@id":"https:\/\/ubanews.com\/site\/#organization"},"potentialAction":[{"@type":"SearchAction","target":{"@type":"EntryPoint","urlTemplate":"https:\/\/ubanews.com\/site\/?s={search_term_string}"},"query-input":{"@type":"PropertyValueSpecification","valueRequired":true,"valueName":"search_term_string"}}],"inLanguage":"pt-BR"},{"@type":"Organization","@id":"https:\/\/ubanews.com\/site\/#organization","name":"Ub\u00e1 News","url":"https:\/\/ubanews.com\/site\/","logo":{"@type":"ImageObject","inLanguage":"pt-BR","@id":"https:\/\/ubanews.com\/site\/#\/schema\/logo\/image\/","url":"https:\/\/ubanews.com\/site\/wp-content\/uploads\/2018\/01\/logoubanews.png","contentUrl":"https:\/\/ubanews.com\/site\/wp-content\/uploads\/2018\/01\/logoubanews.png","width":261,"height":99,"caption":"Ub\u00e1 News"},"image":{"@id":"https:\/\/ubanews.com\/site\/#\/schema\/logo\/image\/"},"sameAs":["https:\/\/www.facebook.com\/Ub\u00e1News-Carlos-Roberto-Sodr\u00e9-418778301977370"]},{"@type":"Person","@id":"https:\/\/ubanews.com\/site\/#\/schema\/person\/d90c9e47252fbb63dcc969fe4c8b9d10","name":"Sodr\u00e9","image":{"@type":"ImageObject","inLanguage":"pt-BR","@id":"https:\/\/secure.gravatar.com\/avatar\/5ba2793f0590b9dbfad3fdec4ee714485b3eef211c9b32ee53d414060454a56c?s=96&d=mm&r=g","url":"https:\/\/secure.gravatar.com\/avatar\/5ba2793f0590b9dbfad3fdec4ee714485b3eef211c9b32ee53d414060454a56c?s=96&d=mm&r=g","contentUrl":"https:\/\/secure.gravatar.com\/avatar\/5ba2793f0590b9dbfad3fdec4ee714485b3eef211c9b32ee53d414060454a56c?s=96&d=mm&r=g","caption":"Sodr\u00e9"},"sameAs":["https:\/\/www.facebook.com\/carosroberto.sodre.5\/"],"url":"https:\/\/ubanews.com\/site\/author\/felipe\/"}]}},"_links":{"self":[{"href":"https:\/\/ubanews.com\/site\/wp-json\/wp\/v2\/posts\/3426","targetHints":{"allow":["GET"]}}],"collection":[{"href":"https:\/\/ubanews.com\/site\/wp-json\/wp\/v2\/posts"}],"about":[{"href":"https:\/\/ubanews.com\/site\/wp-json\/wp\/v2\/types\/post"}],"author":[{"embeddable":true,"href":"https:\/\/ubanews.com\/site\/wp-json\/wp\/v2\/users\/2"}],"replies":[{"embeddable":true,"href":"https:\/\/ubanews.com\/site\/wp-json\/wp\/v2\/comments?post=3426"}],"version-history":[{"count":0,"href":"https:\/\/ubanews.com\/site\/wp-json\/wp\/v2\/posts\/3426\/revisions"}],"wp:featuredmedia":[{"embeddable":true,"href":"https:\/\/ubanews.com\/site\/wp-json\/wp\/v2\/media\/3428"}],"wp:attachment":[{"href":"https:\/\/ubanews.com\/site\/wp-json\/wp\/v2\/media?parent=3426"}],"wp:term":[{"taxonomy":"category","embeddable":true,"href":"https:\/\/ubanews.com\/site\/wp-json\/wp\/v2\/categories?post=3426"},{"taxonomy":"post_tag","embeddable":true,"href":"https:\/\/ubanews.com\/site\/wp-json\/wp\/v2\/tags?post=3426"}],"curies":[{"name":"wp","href":"https:\/\/api.w.org\/{rel}","templated":true}]}}