{"id":3389,"date":"2018-05-15T15:37:29","date_gmt":"2018-05-15T18:37:29","guid":{"rendered":"http:\/\/ubanews.com\/site\/?p=3389"},"modified":"2018-05-18T11:43:37","modified_gmt":"2018-05-18T14:43:37","slug":"patrulha-apreende-equipamentos-de-roubo-na-comunidade-do-gordura-zona-rural-de-visconde-do-rio-branco","status":"publish","type":"post","link":"https:\/\/ubanews.com\/site\/2018\/05\/15\/patrulha-apreende-equipamentos-de-roubo-na-comunidade-do-gordura-zona-rural-de-visconde-do-rio-branco\/","title":{"rendered":"Patrulha apreende equipamentos de roubo na Comunidade do Gordura Zona Rural de Visconde do Rio Branco."},"content":{"rendered":"<p><img decoding=\"async\" class=\"alignnone size-full wp-image-3390 lazyload\" data-src=\"https:\/\/ubanews.com\/site\/wp-content\/uploads\/2018\/05\/1-1.jpeg\" alt=\"\" width=\"800\" height=\"450\" data-srcset=\"https:\/\/ubanews.com\/site\/wp-content\/uploads\/2018\/05\/1-1.jpeg 800w, https:\/\/ubanews.com\/site\/wp-content\/uploads\/2018\/05\/1-1-300x169.jpeg 300w, https:\/\/ubanews.com\/site\/wp-content\/uploads\/2018\/05\/1-1-768x432.jpeg 768w\" data-sizes=\"(max-width: 800px) 100vw, 800px\" src=\"data:image\/svg+xml;base64,PHN2ZyB3aWR0aD0iMSIgaGVpZ2h0PSIxIiB4bWxucz0iaHR0cDovL3d3dy53My5vcmcvMjAwMC9zdmciPjwvc3ZnPg==\" style=\"--smush-placeholder-width: 800px; --smush-placeholder-aspect-ratio: 800\/450;\" \/> <img decoding=\"async\" class=\"alignleft wp-image-3391 size-full lazyload\" data-src=\"https:\/\/ubanews.com\/site\/wp-content\/uploads\/2018\/05\/2-1.jpeg\" alt=\"\" width=\"338\" height=\"600\" data-srcset=\"https:\/\/ubanews.com\/site\/wp-content\/uploads\/2018\/05\/2-1.jpeg 338w, https:\/\/ubanews.com\/site\/wp-content\/uploads\/2018\/05\/2-1-169x300.jpeg 169w\" data-sizes=\"(max-width: 338px) 100vw, 338px\" src=\"data:image\/svg+xml;base64,PHN2ZyB3aWR0aD0iMSIgaGVpZ2h0PSIxIiB4bWxucz0iaHR0cDovL3d3dy53My5vcmcvMjAwMC9zdmciPjwvc3ZnPg==\" style=\"--smush-placeholder-width: 338px; --smush-placeholder-aspect-ratio: 338\/600;\" \/><\/p>\n<p>Na data de segunda-feira (14), em Patrulhamento pela Zona Rural do Gordura, avistamos na porta de uma casa, um cidad\u00e3o de cor morena, de bon\u00e9 amarelo, camisa azul e bermuda, em p\u00e9 na porta de um c\u00f4modo, de frente para a rua, sendo conhecido no meio policial, este de nome Marcos De Freitas Rezende (19), vulgo Marquinhos. O mesmo ao perceber a presen\u00e7a da viatura, evadiu-se para dentro do citado im\u00f3vel. Ao desembarcar para abordagem, podia perceber que algu\u00e9m havia evadido pelos fundos do im\u00f3vel, pulando cerca de bambu, adentrando em uma mata fechada, quebrando galhos e outros, sendo este algu\u00e9m o foragido da justi\u00e7a \u201cRonan\u201d. Quando os policiais retornaram para o interior do im\u00f3vel avistou com o cunhado \u201cMarquinhos\u201d, sentado em um canto da cozinha, indiv\u00edduo este que segundo denuncias era detentor de uma arma de fogo, (um rev\u00f3lver calibre 38, ou 32), o qual tamb\u00e9m estaria circulando no autom\u00f3vel marca Peugeot 307, cor preta, placa HBU-8598, de Visconde do Rio Branco, praticando roubos e outros crimes, juntamente com seu primo \u201cRonan\u201d. A o dar in\u00edcio as buscas perante testemunhas, no im\u00f3vel de \u201cMarquinhos\u201d, localizou e apreendeu os seguintes mat\u00e9rias\/objetos: Um Bin\u00f3culo; um aparelho celular, marca Sansung, de proced\u00eancia duvidosa, pois &#8220;Marquinhos&#8221; relatou que comprou tal telefone de um indiv\u00edduo desconhecido no valor de cem reais; uma espingarda; um autom\u00f3vel marca Peugeot 307, cor preta, placa HBU-8598, de Visconde do Rio Branco, o qual &#8220;Marquinho, e Ronan\u201d, est\u00e3o utilizando na pratica de delitos, e que tal ve\u00edculo tamb\u00e9m est\u00e1 envolvido em v\u00e1rias transa\u00e7\u00f5es comercial sem a devida legalidade.<\/p>\n<p>Marcos De Freitas Rezende, foi preso em flagrante e conduzido a DPJ de ub\u00e1, juntamente com os materiais apreendidos, para os demais fins.<\/p>\n<p>Ressalta-se que durante a entrevista com o Doutor \u201cBruno\u201d, Delegado de Pol\u00edcia Judici\u00e1ria da cidade de ub\u00e1, este nos relatou que tal arma (Espingarda), ap\u00f3s ser periciada, encontra-se em \u00f3timas condi\u00e7\u00f5es de uso. (Funcionando em perfeitas condi\u00e7\u00f5es).<\/p>\n<p>A pris\u00e3o em flagrante de \u201cMarquinho\u201d, foi ratificada por esta Autoridade de Pol\u00edcia Judici\u00e1ria.<\/p>\n<p>Participantes:<\/p>\n<p>Equipe Charlie:<\/p>\n<p>\u25ba SGT W. DINER, \u00d4 BLAYD.<\/p>\n<p>\u25ba CB CL\u00c9BER, \u00d4 MONTANHA.<\/p>\n<p>EQUIPE P P A:<\/p>\n<p>\u25ba SGT FERREIRA, \u00d4 GRISALHO.<\/p>\n<p>\u25ba SD P\u00c2MELA, A INDOM\u00c1VEL.<\/p>\n<p>EQUIPE R P:<\/p>\n<p>\u25ba CB TAVARES, \u00d4 CONAN.<\/p>\n<p>\u25ba SD COIMBRA, \u00d4 ADVOGADO.<\/p>\n<p>EQUIPE INVASIVELY:<\/p>\n<p>\u25ba SGT NOSLIVOR, \u00d4 INVIS\u00cdVEL.<\/p>\n<p>\u25ba CB SAID LEAFAR, \u00d4 INVIS\u00cdVEL.<\/p>\n","protected":false},"excerpt":{"rendered":"<p>Na data de segunda-feira (14), em Patrulhamento pela Zona Rural<\/p>\n","protected":false},"author":2,"featured_media":3390,"comment_status":"open","ping_status":"open","sticky":false,"template":"","format":"standard","meta":{"footnotes":""},"categories":[1],"tags":[],"class_list":["post-3389","post","type-post","status-publish","format-standard","has-post-thumbnail","hentry","category-sem-categoria"],"yoast_head":"<!-- This site is optimized with the Yoast SEO plugin v27.2 - https:\/\/yoast.com\/product\/yoast-seo-wordpress\/ -->\n<title>Patrulha apreende equipamentos de roubo na Comunidade do Gordura Zona Rural de Visconde do Rio Branco. - Ub\u00e1 News<\/title>\n<meta name=\"robots\" content=\"index, follow, max-snippet:-1, max-image-preview:large, max-video-preview:-1\" \/>\n<link rel=\"canonical\" href=\"https:\/\/ubanews.com\/site\/2018\/05\/15\/patrulha-apreende-equipamentos-de-roubo-na-comunidade-do-gordura-zona-rural-de-visconde-do-rio-branco\/\" \/>\n<meta property=\"og:locale\" content=\"pt_BR\" \/>\n<meta property=\"og:type\" content=\"article\" \/>\n<meta property=\"og:title\" content=\"Patrulha apreende equipamentos de roubo na Comunidade do Gordura Zona Rural de Visconde do Rio Branco. - Ub\u00e1 News\" \/>\n<meta property=\"og:description\" content=\"Na data de segunda-feira (14), em Patrulhamento pela Zona Rural\" \/>\n<meta property=\"og:url\" content=\"https:\/\/ubanews.com\/site\/2018\/05\/15\/patrulha-apreende-equipamentos-de-roubo-na-comunidade-do-gordura-zona-rural-de-visconde-do-rio-branco\/\" \/>\n<meta property=\"og:site_name\" content=\"Ub\u00e1 News\" \/>\n<meta property=\"article:publisher\" content=\"https:\/\/www.facebook.com\/Ub%c3%a1News-Carlos-Roberto-Sodr%c3%a9-418778301977370\" \/>\n<meta property=\"article:author\" content=\"https:\/\/www.facebook.com\/carosroberto.sodre.5\/\" \/>\n<meta property=\"article:published_time\" content=\"2018-05-15T18:37:29+00:00\" \/>\n<meta property=\"article:modified_time\" content=\"2018-05-18T14:43:37+00:00\" \/>\n<meta property=\"og:image\" content=\"https:\/\/ubanews.com\/site\/wp-content\/uploads\/2018\/05\/1-1.jpeg\" \/>\n\t<meta property=\"og:image:width\" content=\"800\" \/>\n\t<meta property=\"og:image:height\" content=\"450\" \/>\n\t<meta property=\"og:image:type\" content=\"image\/jpeg\" \/>\n<meta name=\"author\" content=\"Sodr\u00e9\" \/>\n<meta name=\"twitter:card\" content=\"summary_large_image\" \/>\n<meta name=\"twitter:label1\" content=\"Escrito por\" \/>\n\t<meta name=\"twitter:data1\" content=\"Sodr\u00e9\" \/>\n\t<meta name=\"twitter:label2\" content=\"Est. tempo de leitura\" \/>\n\t<meta name=\"twitter:data2\" content=\"2 minutos\" \/>\n<script type=\"application\/ld+json\" class=\"yoast-schema-graph\">{\"@context\":\"https:\/\/schema.org\",\"@graph\":[{\"@type\":\"Article\",\"@id\":\"https:\/\/ubanews.com\/site\/2018\/05\/15\/patrulha-apreende-equipamentos-de-roubo-na-comunidade-do-gordura-zona-rural-de-visconde-do-rio-branco\/#article\",\"isPartOf\":{\"@id\":\"https:\/\/ubanews.com\/site\/2018\/05\/15\/patrulha-apreende-equipamentos-de-roubo-na-comunidade-do-gordura-zona-rural-de-visconde-do-rio-branco\/\"},\"author\":{\"name\":\"Sodr\u00e9\",\"@id\":\"https:\/\/ubanews.com\/site\/#\/schema\/person\/d90c9e47252fbb63dcc969fe4c8b9d10\"},\"headline\":\"Patrulha apreende equipamentos de roubo na Comunidade do Gordura Zona Rural de Visconde do Rio Branco.\",\"datePublished\":\"2018-05-15T18:37:29+00:00\",\"dateModified\":\"2018-05-18T14:43:37+00:00\",\"mainEntityOfPage\":{\"@id\":\"https:\/\/ubanews.com\/site\/2018\/05\/15\/patrulha-apreende-equipamentos-de-roubo-na-comunidade-do-gordura-zona-rural-de-visconde-do-rio-branco\/\"},\"wordCount\":421,\"commentCount\":0,\"publisher\":{\"@id\":\"https:\/\/ubanews.com\/site\/#organization\"},\"image\":{\"@id\":\"https:\/\/ubanews.com\/site\/2018\/05\/15\/patrulha-apreende-equipamentos-de-roubo-na-comunidade-do-gordura-zona-rural-de-visconde-do-rio-branco\/#primaryimage\"},\"thumbnailUrl\":\"https:\/\/ubanews.com\/site\/wp-content\/uploads\/2018\/05\/1-1.jpeg\",\"articleSection\":[\"Geral\"],\"inLanguage\":\"pt-BR\",\"potentialAction\":[{\"@type\":\"CommentAction\",\"name\":\"Comment\",\"target\":[\"https:\/\/ubanews.com\/site\/2018\/05\/15\/patrulha-apreende-equipamentos-de-roubo-na-comunidade-do-gordura-zona-rural-de-visconde-do-rio-branco\/#respond\"]}]},{\"@type\":\"WebPage\",\"@id\":\"https:\/\/ubanews.com\/site\/2018\/05\/15\/patrulha-apreende-equipamentos-de-roubo-na-comunidade-do-gordura-zona-rural-de-visconde-do-rio-branco\/\",\"url\":\"https:\/\/ubanews.com\/site\/2018\/05\/15\/patrulha-apreende-equipamentos-de-roubo-na-comunidade-do-gordura-zona-rural-de-visconde-do-rio-branco\/\",\"name\":\"Patrulha apreende equipamentos de roubo na Comunidade do Gordura Zona Rural de Visconde do Rio Branco. - Ub\u00e1 News\",\"isPartOf\":{\"@id\":\"https:\/\/ubanews.com\/site\/#website\"},\"primaryImageOfPage\":{\"@id\":\"https:\/\/ubanews.com\/site\/2018\/05\/15\/patrulha-apreende-equipamentos-de-roubo-na-comunidade-do-gordura-zona-rural-de-visconde-do-rio-branco\/#primaryimage\"},\"image\":{\"@id\":\"https:\/\/ubanews.com\/site\/2018\/05\/15\/patrulha-apreende-equipamentos-de-roubo-na-comunidade-do-gordura-zona-rural-de-visconde-do-rio-branco\/#primaryimage\"},\"thumbnailUrl\":\"https:\/\/ubanews.com\/site\/wp-content\/uploads\/2018\/05\/1-1.jpeg\",\"datePublished\":\"2018-05-15T18:37:29+00:00\",\"dateModified\":\"2018-05-18T14:43:37+00:00\",\"breadcrumb\":{\"@id\":\"https:\/\/ubanews.com\/site\/2018\/05\/15\/patrulha-apreende-equipamentos-de-roubo-na-comunidade-do-gordura-zona-rural-de-visconde-do-rio-branco\/#breadcrumb\"},\"inLanguage\":\"pt-BR\",\"potentialAction\":[{\"@type\":\"ReadAction\",\"target\":[\"https:\/\/ubanews.com\/site\/2018\/05\/15\/patrulha-apreende-equipamentos-de-roubo-na-comunidade-do-gordura-zona-rural-de-visconde-do-rio-branco\/\"]}]},{\"@type\":\"ImageObject\",\"inLanguage\":\"pt-BR\",\"@id\":\"https:\/\/ubanews.com\/site\/2018\/05\/15\/patrulha-apreende-equipamentos-de-roubo-na-comunidade-do-gordura-zona-rural-de-visconde-do-rio-branco\/#primaryimage\",\"url\":\"https:\/\/ubanews.com\/site\/wp-content\/uploads\/2018\/05\/1-1.jpeg\",\"contentUrl\":\"https:\/\/ubanews.com\/site\/wp-content\/uploads\/2018\/05\/1-1.jpeg\",\"width\":800,\"height\":450},{\"@type\":\"BreadcrumbList\",\"@id\":\"https:\/\/ubanews.com\/site\/2018\/05\/15\/patrulha-apreende-equipamentos-de-roubo-na-comunidade-do-gordura-zona-rural-de-visconde-do-rio-branco\/#breadcrumb\",\"itemListElement\":[{\"@type\":\"ListItem\",\"position\":1,\"name\":\"Home\",\"item\":\"https:\/\/ubanews.com\/site\/\"},{\"@type\":\"ListItem\",\"position\":2,\"name\":\"Patrulha apreende equipamentos de roubo na Comunidade do Gordura Zona Rural de Visconde do Rio Branco.\"}]},{\"@type\":\"WebSite\",\"@id\":\"https:\/\/ubanews.com\/site\/#website\",\"url\":\"https:\/\/ubanews.com\/site\/\",\"name\":\"Ub\u00e1 News\",\"description\":\"\",\"publisher\":{\"@id\":\"https:\/\/ubanews.com\/site\/#organization\"},\"potentialAction\":[{\"@type\":\"SearchAction\",\"target\":{\"@type\":\"EntryPoint\",\"urlTemplate\":\"https:\/\/ubanews.com\/site\/?s={search_term_string}\"},\"query-input\":{\"@type\":\"PropertyValueSpecification\",\"valueRequired\":true,\"valueName\":\"search_term_string\"}}],\"inLanguage\":\"pt-BR\"},{\"@type\":\"Organization\",\"@id\":\"https:\/\/ubanews.com\/site\/#organization\",\"name\":\"Ub\u00e1 News\",\"url\":\"https:\/\/ubanews.com\/site\/\",\"logo\":{\"@type\":\"ImageObject\",\"inLanguage\":\"pt-BR\",\"@id\":\"https:\/\/ubanews.com\/site\/#\/schema\/logo\/image\/\",\"url\":\"https:\/\/ubanews.com\/site\/wp-content\/uploads\/2018\/01\/logoubanews.png\",\"contentUrl\":\"https:\/\/ubanews.com\/site\/wp-content\/uploads\/2018\/01\/logoubanews.png\",\"width\":261,\"height\":99,\"caption\":\"Ub\u00e1 News\"},\"image\":{\"@id\":\"https:\/\/ubanews.com\/site\/#\/schema\/logo\/image\/\"},\"sameAs\":[\"https:\/\/www.facebook.com\/Ub\u00e1News-Carlos-Roberto-Sodr\u00e9-418778301977370\"]},{\"@type\":\"Person\",\"@id\":\"https:\/\/ubanews.com\/site\/#\/schema\/person\/d90c9e47252fbb63dcc969fe4c8b9d10\",\"name\":\"Sodr\u00e9\",\"image\":{\"@type\":\"ImageObject\",\"inLanguage\":\"pt-BR\",\"@id\":\"https:\/\/secure.gravatar.com\/avatar\/5ba2793f0590b9dbfad3fdec4ee714485b3eef211c9b32ee53d414060454a56c?s=96&d=mm&r=g\",\"url\":\"https:\/\/secure.gravatar.com\/avatar\/5ba2793f0590b9dbfad3fdec4ee714485b3eef211c9b32ee53d414060454a56c?s=96&d=mm&r=g\",\"contentUrl\":\"https:\/\/secure.gravatar.com\/avatar\/5ba2793f0590b9dbfad3fdec4ee714485b3eef211c9b32ee53d414060454a56c?s=96&d=mm&r=g\",\"caption\":\"Sodr\u00e9\"},\"sameAs\":[\"https:\/\/www.facebook.com\/carosroberto.sodre.5\/\"],\"url\":\"https:\/\/ubanews.com\/site\/author\/felipe\/\"}]}<\/script>\n<!-- \/ Yoast SEO plugin. -->","yoast_head_json":{"title":"Patrulha apreende equipamentos de roubo na Comunidade do Gordura Zona Rural de Visconde do Rio Branco. - Ub\u00e1 News","robots":{"index":"index","follow":"follow","max-snippet":"max-snippet:-1","max-image-preview":"max-image-preview:large","max-video-preview":"max-video-preview:-1"},"canonical":"https:\/\/ubanews.com\/site\/2018\/05\/15\/patrulha-apreende-equipamentos-de-roubo-na-comunidade-do-gordura-zona-rural-de-visconde-do-rio-branco\/","og_locale":"pt_BR","og_type":"article","og_title":"Patrulha apreende equipamentos de roubo na Comunidade do Gordura Zona Rural de Visconde do Rio Branco. - Ub\u00e1 News","og_description":"Na data de segunda-feira (14), em Patrulhamento pela Zona Rural","og_url":"https:\/\/ubanews.com\/site\/2018\/05\/15\/patrulha-apreende-equipamentos-de-roubo-na-comunidade-do-gordura-zona-rural-de-visconde-do-rio-branco\/","og_site_name":"Ub\u00e1 News","article_publisher":"https:\/\/www.facebook.com\/Ub%c3%a1News-Carlos-Roberto-Sodr%c3%a9-418778301977370","article_author":"https:\/\/www.facebook.com\/carosroberto.sodre.5\/","article_published_time":"2018-05-15T18:37:29+00:00","article_modified_time":"2018-05-18T14:43:37+00:00","og_image":[{"width":800,"height":450,"url":"https:\/\/ubanews.com\/site\/wp-content\/uploads\/2018\/05\/1-1.jpeg","type":"image\/jpeg"}],"author":"Sodr\u00e9","twitter_card":"summary_large_image","twitter_misc":{"Escrito por":"Sodr\u00e9","Est. tempo de leitura":"2 minutos"},"schema":{"@context":"https:\/\/schema.org","@graph":[{"@type":"Article","@id":"https:\/\/ubanews.com\/site\/2018\/05\/15\/patrulha-apreende-equipamentos-de-roubo-na-comunidade-do-gordura-zona-rural-de-visconde-do-rio-branco\/#article","isPartOf":{"@id":"https:\/\/ubanews.com\/site\/2018\/05\/15\/patrulha-apreende-equipamentos-de-roubo-na-comunidade-do-gordura-zona-rural-de-visconde-do-rio-branco\/"},"author":{"name":"Sodr\u00e9","@id":"https:\/\/ubanews.com\/site\/#\/schema\/person\/d90c9e47252fbb63dcc969fe4c8b9d10"},"headline":"Patrulha apreende equipamentos de roubo na Comunidade do Gordura Zona Rural de Visconde do Rio Branco.","datePublished":"2018-05-15T18:37:29+00:00","dateModified":"2018-05-18T14:43:37+00:00","mainEntityOfPage":{"@id":"https:\/\/ubanews.com\/site\/2018\/05\/15\/patrulha-apreende-equipamentos-de-roubo-na-comunidade-do-gordura-zona-rural-de-visconde-do-rio-branco\/"},"wordCount":421,"commentCount":0,"publisher":{"@id":"https:\/\/ubanews.com\/site\/#organization"},"image":{"@id":"https:\/\/ubanews.com\/site\/2018\/05\/15\/patrulha-apreende-equipamentos-de-roubo-na-comunidade-do-gordura-zona-rural-de-visconde-do-rio-branco\/#primaryimage"},"thumbnailUrl":"https:\/\/ubanews.com\/site\/wp-content\/uploads\/2018\/05\/1-1.jpeg","articleSection":["Geral"],"inLanguage":"pt-BR","potentialAction":[{"@type":"CommentAction","name":"Comment","target":["https:\/\/ubanews.com\/site\/2018\/05\/15\/patrulha-apreende-equipamentos-de-roubo-na-comunidade-do-gordura-zona-rural-de-visconde-do-rio-branco\/#respond"]}]},{"@type":"WebPage","@id":"https:\/\/ubanews.com\/site\/2018\/05\/15\/patrulha-apreende-equipamentos-de-roubo-na-comunidade-do-gordura-zona-rural-de-visconde-do-rio-branco\/","url":"https:\/\/ubanews.com\/site\/2018\/05\/15\/patrulha-apreende-equipamentos-de-roubo-na-comunidade-do-gordura-zona-rural-de-visconde-do-rio-branco\/","name":"Patrulha apreende equipamentos de roubo na Comunidade do Gordura Zona Rural de Visconde do Rio Branco. - Ub\u00e1 News","isPartOf":{"@id":"https:\/\/ubanews.com\/site\/#website"},"primaryImageOfPage":{"@id":"https:\/\/ubanews.com\/site\/2018\/05\/15\/patrulha-apreende-equipamentos-de-roubo-na-comunidade-do-gordura-zona-rural-de-visconde-do-rio-branco\/#primaryimage"},"image":{"@id":"https:\/\/ubanews.com\/site\/2018\/05\/15\/patrulha-apreende-equipamentos-de-roubo-na-comunidade-do-gordura-zona-rural-de-visconde-do-rio-branco\/#primaryimage"},"thumbnailUrl":"https:\/\/ubanews.com\/site\/wp-content\/uploads\/2018\/05\/1-1.jpeg","datePublished":"2018-05-15T18:37:29+00:00","dateModified":"2018-05-18T14:43:37+00:00","breadcrumb":{"@id":"https:\/\/ubanews.com\/site\/2018\/05\/15\/patrulha-apreende-equipamentos-de-roubo-na-comunidade-do-gordura-zona-rural-de-visconde-do-rio-branco\/#breadcrumb"},"inLanguage":"pt-BR","potentialAction":[{"@type":"ReadAction","target":["https:\/\/ubanews.com\/site\/2018\/05\/15\/patrulha-apreende-equipamentos-de-roubo-na-comunidade-do-gordura-zona-rural-de-visconde-do-rio-branco\/"]}]},{"@type":"ImageObject","inLanguage":"pt-BR","@id":"https:\/\/ubanews.com\/site\/2018\/05\/15\/patrulha-apreende-equipamentos-de-roubo-na-comunidade-do-gordura-zona-rural-de-visconde-do-rio-branco\/#primaryimage","url":"https:\/\/ubanews.com\/site\/wp-content\/uploads\/2018\/05\/1-1.jpeg","contentUrl":"https:\/\/ubanews.com\/site\/wp-content\/uploads\/2018\/05\/1-1.jpeg","width":800,"height":450},{"@type":"BreadcrumbList","@id":"https:\/\/ubanews.com\/site\/2018\/05\/15\/patrulha-apreende-equipamentos-de-roubo-na-comunidade-do-gordura-zona-rural-de-visconde-do-rio-branco\/#breadcrumb","itemListElement":[{"@type":"ListItem","position":1,"name":"Home","item":"https:\/\/ubanews.com\/site\/"},{"@type":"ListItem","position":2,"name":"Patrulha apreende equipamentos de roubo na Comunidade do Gordura Zona Rural de Visconde do Rio Branco."}]},{"@type":"WebSite","@id":"https:\/\/ubanews.com\/site\/#website","url":"https:\/\/ubanews.com\/site\/","name":"Ub\u00e1 News","description":"","publisher":{"@id":"https:\/\/ubanews.com\/site\/#organization"},"potentialAction":[{"@type":"SearchAction","target":{"@type":"EntryPoint","urlTemplate":"https:\/\/ubanews.com\/site\/?s={search_term_string}"},"query-input":{"@type":"PropertyValueSpecification","valueRequired":true,"valueName":"search_term_string"}}],"inLanguage":"pt-BR"},{"@type":"Organization","@id":"https:\/\/ubanews.com\/site\/#organization","name":"Ub\u00e1 News","url":"https:\/\/ubanews.com\/site\/","logo":{"@type":"ImageObject","inLanguage":"pt-BR","@id":"https:\/\/ubanews.com\/site\/#\/schema\/logo\/image\/","url":"https:\/\/ubanews.com\/site\/wp-content\/uploads\/2018\/01\/logoubanews.png","contentUrl":"https:\/\/ubanews.com\/site\/wp-content\/uploads\/2018\/01\/logoubanews.png","width":261,"height":99,"caption":"Ub\u00e1 News"},"image":{"@id":"https:\/\/ubanews.com\/site\/#\/schema\/logo\/image\/"},"sameAs":["https:\/\/www.facebook.com\/Ub\u00e1News-Carlos-Roberto-Sodr\u00e9-418778301977370"]},{"@type":"Person","@id":"https:\/\/ubanews.com\/site\/#\/schema\/person\/d90c9e47252fbb63dcc969fe4c8b9d10","name":"Sodr\u00e9","image":{"@type":"ImageObject","inLanguage":"pt-BR","@id":"https:\/\/secure.gravatar.com\/avatar\/5ba2793f0590b9dbfad3fdec4ee714485b3eef211c9b32ee53d414060454a56c?s=96&d=mm&r=g","url":"https:\/\/secure.gravatar.com\/avatar\/5ba2793f0590b9dbfad3fdec4ee714485b3eef211c9b32ee53d414060454a56c?s=96&d=mm&r=g","contentUrl":"https:\/\/secure.gravatar.com\/avatar\/5ba2793f0590b9dbfad3fdec4ee714485b3eef211c9b32ee53d414060454a56c?s=96&d=mm&r=g","caption":"Sodr\u00e9"},"sameAs":["https:\/\/www.facebook.com\/carosroberto.sodre.5\/"],"url":"https:\/\/ubanews.com\/site\/author\/felipe\/"}]}},"_links":{"self":[{"href":"https:\/\/ubanews.com\/site\/wp-json\/wp\/v2\/posts\/3389","targetHints":{"allow":["GET"]}}],"collection":[{"href":"https:\/\/ubanews.com\/site\/wp-json\/wp\/v2\/posts"}],"about":[{"href":"https:\/\/ubanews.com\/site\/wp-json\/wp\/v2\/types\/post"}],"author":[{"embeddable":true,"href":"https:\/\/ubanews.com\/site\/wp-json\/wp\/v2\/users\/2"}],"replies":[{"embeddable":true,"href":"https:\/\/ubanews.com\/site\/wp-json\/wp\/v2\/comments?post=3389"}],"version-history":[{"count":0,"href":"https:\/\/ubanews.com\/site\/wp-json\/wp\/v2\/posts\/3389\/revisions"}],"wp:featuredmedia":[{"embeddable":true,"href":"https:\/\/ubanews.com\/site\/wp-json\/wp\/v2\/media\/3390"}],"wp:attachment":[{"href":"https:\/\/ubanews.com\/site\/wp-json\/wp\/v2\/media?parent=3389"}],"wp:term":[{"taxonomy":"category","embeddable":true,"href":"https:\/\/ubanews.com\/site\/wp-json\/wp\/v2\/categories?post=3389"},{"taxonomy":"post_tag","embeddable":true,"href":"https:\/\/ubanews.com\/site\/wp-json\/wp\/v2\/tags?post=3389"}],"curies":[{"name":"wp","href":"https:\/\/api.w.org\/{rel}","templated":true}]}}