{"id":3340,"date":"2018-05-12T17:16:50","date_gmt":"2018-05-12T20:16:50","guid":{"rendered":"http:\/\/ubanews.com\/site\/?p=3340"},"modified":"2018-05-18T11:42:28","modified_gmt":"2018-05-18T14:42:28","slug":"morre-aos-86-anos-um-dos-maiores-lideres-do-distrito-de-miragaia","status":"publish","type":"post","link":"https:\/\/ubanews.com\/site\/2018\/05\/12\/morre-aos-86-anos-um-dos-maiores-lideres-do-distrito-de-miragaia\/","title":{"rendered":"Morre aos 86 anos um dos maiores l\u00edderes do Distrito de Miragaia"},"content":{"rendered":"<p>&nbsp; &nbsp; &nbsp; &nbsp; &nbsp; A hist\u00f3ria que contamos em 14 de abril de 2018, foi de um casal muito querido da Comunidade da Miragaia, Sebasti\u00e3o Alfenas de Andrade e a senhora Tereza de Paula Alfenas. Ele tem sua origem em Portugal e dona Tereza na It\u00e1lia. A alegria deles \u00e9 quando a casa fica repleta de filhos, netos, bisnetos e os amigos.<\/p>\n<p>&nbsp; &nbsp; &nbsp; &nbsp; &nbsp; T\u00e3ozinho Alfenas era botafoguense. Justamente na semana em que o Botafogo conquistou o Campeonato Carioca, em uma disputa de p\u00eanaltis contra o Vasco da Gama, o nosso anfitri\u00e3o estava todo alegre. Outra paix\u00e3o do senhor T\u00e3ozinho Alfenas \u00e9 a pol\u00edtica. Dedicou sua vida inteira aos interesses de sua comunidade, conforme disse, em um depoimento cheio de palavras convincentes, o seu amigo e admirador, o senhor Elias Jos\u00e9 Le\u00f4ncio. Sua casa sempre foi freq\u00fcentada por pol\u00edticos e formadores de opini\u00e3o. Casados h\u00e1 mais de sessenta anos, eles contam como se fosse ontem o dia em que cada filho nasceu. T\u00e3ozinho Alfenas e a senhora Tereza tiveram quatro filhos: Ros\u00e2ngela Alfenas; Maria da Concei\u00e7\u00e3o (Lindinha); Jos\u00e9 L\u00facio e o Ezequiel.<\/p>\n<p>&nbsp; &nbsp; &nbsp; &nbsp; &nbsp;Aos 86 anos de idade, nascido em 18 de novembro de 1931 T\u00e3ozinho Alfenas morreu nesta manh\u00e3 de s\u00e1bado (12), o corpo est\u00e1 sendo velado no Sal\u00e3o Comunit\u00e1rio de Miragaia, onde o sepultamento se dar\u00e1 neste domingo (13), \u00e0s 10h. Descanse em paz nosso amigo T\u00e3ozinho Alfenas<\/p>\n<p>Confira a reprise da linda hist\u00f3ria no v\u00eddeo a seguir. &nbsp;<br \/>\n<iframe data-src=\"https:\/\/www.youtube.com\/embed\/yDARirS9X9U?rel=0&amp;showinfo=0&amp;start=1\" width=\"560\" height=\"315\" frameborder=\"0\" allowfullscreen=\"allowfullscreen\" src=\"data:image\/svg+xml;base64,PHN2ZyB3aWR0aD0iMSIgaGVpZ2h0PSIxIiB4bWxucz0iaHR0cDovL3d3dy53My5vcmcvMjAwMC9zdmciPjwvc3ZnPg==\" class=\"lazyload\" data-load-mode=\"1\"><\/iframe><\/p>\n","protected":false},"excerpt":{"rendered":"<p>&nbsp; &nbsp; &nbsp; &nbsp; &nbsp; A hist\u00f3ria que contamos em<\/p>\n","protected":false},"author":2,"featured_media":3341,"comment_status":"open","ping_status":"open","sticky":false,"template":"","format":"standard","meta":{"footnotes":""},"categories":[1],"tags":[],"class_list":["post-3340","post","type-post","status-publish","format-standard","has-post-thumbnail","hentry","category-sem-categoria"],"yoast_head":"<!-- This site is optimized with the Yoast SEO plugin v27.2 - https:\/\/yoast.com\/product\/yoast-seo-wordpress\/ -->\n<title>Morre aos 86 anos um dos maiores l\u00edderes do Distrito de Miragaia - Ub\u00e1 News<\/title>\n<meta name=\"robots\" content=\"index, follow, max-snippet:-1, max-image-preview:large, max-video-preview:-1\" \/>\n<link rel=\"canonical\" href=\"https:\/\/ubanews.com\/site\/2018\/05\/12\/morre-aos-86-anos-um-dos-maiores-lideres-do-distrito-de-miragaia\/\" \/>\n<meta property=\"og:locale\" content=\"pt_BR\" \/>\n<meta property=\"og:type\" content=\"article\" \/>\n<meta property=\"og:title\" content=\"Morre aos 86 anos um dos maiores l\u00edderes do Distrito de Miragaia - Ub\u00e1 News\" \/>\n<meta property=\"og:description\" content=\"&nbsp; &nbsp; &nbsp; &nbsp; &nbsp; A hist\u00f3ria que contamos em\" \/>\n<meta property=\"og:url\" content=\"https:\/\/ubanews.com\/site\/2018\/05\/12\/morre-aos-86-anos-um-dos-maiores-lideres-do-distrito-de-miragaia\/\" \/>\n<meta property=\"og:site_name\" content=\"Ub\u00e1 News\" \/>\n<meta property=\"article:publisher\" content=\"https:\/\/www.facebook.com\/Ub%c3%a1News-Carlos-Roberto-Sodr%c3%a9-418778301977370\" \/>\n<meta property=\"article:author\" content=\"https:\/\/www.facebook.com\/carosroberto.sodre.5\/\" \/>\n<meta property=\"article:published_time\" content=\"2018-05-12T20:16:50+00:00\" \/>\n<meta property=\"article:modified_time\" content=\"2018-05-18T14:42:28+00:00\" \/>\n<meta property=\"og:image\" content=\"https:\/\/ubanews.com\/site\/wp-content\/uploads\/2018\/05\/Dia-da-morte-12-05-2018.jpg\" \/>\n\t<meta property=\"og:image:width\" content=\"800\" \/>\n\t<meta property=\"og:image:height\" content=\"457\" \/>\n\t<meta property=\"og:image:type\" content=\"image\/jpeg\" \/>\n<meta name=\"author\" content=\"Sodr\u00e9\" \/>\n<meta name=\"twitter:card\" content=\"summary_large_image\" \/>\n<meta name=\"twitter:label1\" content=\"Escrito por\" \/>\n\t<meta name=\"twitter:data1\" content=\"Sodr\u00e9\" \/>\n\t<meta name=\"twitter:label2\" content=\"Est. tempo de leitura\" \/>\n\t<meta name=\"twitter:data2\" content=\"1 minuto\" \/>\n<script type=\"application\/ld+json\" class=\"yoast-schema-graph\">{\"@context\":\"https:\/\/schema.org\",\"@graph\":[{\"@type\":\"Article\",\"@id\":\"https:\/\/ubanews.com\/site\/2018\/05\/12\/morre-aos-86-anos-um-dos-maiores-lideres-do-distrito-de-miragaia\/#article\",\"isPartOf\":{\"@id\":\"https:\/\/ubanews.com\/site\/2018\/05\/12\/morre-aos-86-anos-um-dos-maiores-lideres-do-distrito-de-miragaia\/\"},\"author\":{\"name\":\"Sodr\u00e9\",\"@id\":\"https:\/\/ubanews.com\/site\/#\/schema\/person\/d90c9e47252fbb63dcc969fe4c8b9d10\"},\"headline\":\"Morre aos 86 anos um dos maiores l\u00edderes do Distrito de Miragaia\",\"datePublished\":\"2018-05-12T20:16:50+00:00\",\"dateModified\":\"2018-05-18T14:42:28+00:00\",\"mainEntityOfPage\":{\"@id\":\"https:\/\/ubanews.com\/site\/2018\/05\/12\/morre-aos-86-anos-um-dos-maiores-lideres-do-distrito-de-miragaia\/\"},\"wordCount\":276,\"commentCount\":0,\"publisher\":{\"@id\":\"https:\/\/ubanews.com\/site\/#organization\"},\"image\":{\"@id\":\"https:\/\/ubanews.com\/site\/2018\/05\/12\/morre-aos-86-anos-um-dos-maiores-lideres-do-distrito-de-miragaia\/#primaryimage\"},\"thumbnailUrl\":\"https:\/\/ubanews.com\/site\/wp-content\/uploads\/2018\/05\/Dia-da-morte-12-05-2018.jpg\",\"articleSection\":[\"Geral\"],\"inLanguage\":\"pt-BR\",\"potentialAction\":[{\"@type\":\"CommentAction\",\"name\":\"Comment\",\"target\":[\"https:\/\/ubanews.com\/site\/2018\/05\/12\/morre-aos-86-anos-um-dos-maiores-lideres-do-distrito-de-miragaia\/#respond\"]}]},{\"@type\":\"WebPage\",\"@id\":\"https:\/\/ubanews.com\/site\/2018\/05\/12\/morre-aos-86-anos-um-dos-maiores-lideres-do-distrito-de-miragaia\/\",\"url\":\"https:\/\/ubanews.com\/site\/2018\/05\/12\/morre-aos-86-anos-um-dos-maiores-lideres-do-distrito-de-miragaia\/\",\"name\":\"Morre aos 86 anos um dos maiores l\u00edderes do Distrito de Miragaia - Ub\u00e1 News\",\"isPartOf\":{\"@id\":\"https:\/\/ubanews.com\/site\/#website\"},\"primaryImageOfPage\":{\"@id\":\"https:\/\/ubanews.com\/site\/2018\/05\/12\/morre-aos-86-anos-um-dos-maiores-lideres-do-distrito-de-miragaia\/#primaryimage\"},\"image\":{\"@id\":\"https:\/\/ubanews.com\/site\/2018\/05\/12\/morre-aos-86-anos-um-dos-maiores-lideres-do-distrito-de-miragaia\/#primaryimage\"},\"thumbnailUrl\":\"https:\/\/ubanews.com\/site\/wp-content\/uploads\/2018\/05\/Dia-da-morte-12-05-2018.jpg\",\"datePublished\":\"2018-05-12T20:16:50+00:00\",\"dateModified\":\"2018-05-18T14:42:28+00:00\",\"breadcrumb\":{\"@id\":\"https:\/\/ubanews.com\/site\/2018\/05\/12\/morre-aos-86-anos-um-dos-maiores-lideres-do-distrito-de-miragaia\/#breadcrumb\"},\"inLanguage\":\"pt-BR\",\"potentialAction\":[{\"@type\":\"ReadAction\",\"target\":[\"https:\/\/ubanews.com\/site\/2018\/05\/12\/morre-aos-86-anos-um-dos-maiores-lideres-do-distrito-de-miragaia\/\"]}]},{\"@type\":\"ImageObject\",\"inLanguage\":\"pt-BR\",\"@id\":\"https:\/\/ubanews.com\/site\/2018\/05\/12\/morre-aos-86-anos-um-dos-maiores-lideres-do-distrito-de-miragaia\/#primaryimage\",\"url\":\"https:\/\/ubanews.com\/site\/wp-content\/uploads\/2018\/05\/Dia-da-morte-12-05-2018.jpg\",\"contentUrl\":\"https:\/\/ubanews.com\/site\/wp-content\/uploads\/2018\/05\/Dia-da-morte-12-05-2018.jpg\",\"width\":800,\"height\":457},{\"@type\":\"BreadcrumbList\",\"@id\":\"https:\/\/ubanews.com\/site\/2018\/05\/12\/morre-aos-86-anos-um-dos-maiores-lideres-do-distrito-de-miragaia\/#breadcrumb\",\"itemListElement\":[{\"@type\":\"ListItem\",\"position\":1,\"name\":\"Home\",\"item\":\"https:\/\/ubanews.com\/site\/\"},{\"@type\":\"ListItem\",\"position\":2,\"name\":\"Morre aos 86 anos um dos maiores l\u00edderes do Distrito de Miragaia\"}]},{\"@type\":\"WebSite\",\"@id\":\"https:\/\/ubanews.com\/site\/#website\",\"url\":\"https:\/\/ubanews.com\/site\/\",\"name\":\"Ub\u00e1 News\",\"description\":\"\",\"publisher\":{\"@id\":\"https:\/\/ubanews.com\/site\/#organization\"},\"potentialAction\":[{\"@type\":\"SearchAction\",\"target\":{\"@type\":\"EntryPoint\",\"urlTemplate\":\"https:\/\/ubanews.com\/site\/?s={search_term_string}\"},\"query-input\":{\"@type\":\"PropertyValueSpecification\",\"valueRequired\":true,\"valueName\":\"search_term_string\"}}],\"inLanguage\":\"pt-BR\"},{\"@type\":\"Organization\",\"@id\":\"https:\/\/ubanews.com\/site\/#organization\",\"name\":\"Ub\u00e1 News\",\"url\":\"https:\/\/ubanews.com\/site\/\",\"logo\":{\"@type\":\"ImageObject\",\"inLanguage\":\"pt-BR\",\"@id\":\"https:\/\/ubanews.com\/site\/#\/schema\/logo\/image\/\",\"url\":\"https:\/\/ubanews.com\/site\/wp-content\/uploads\/2018\/01\/logoubanews.png\",\"contentUrl\":\"https:\/\/ubanews.com\/site\/wp-content\/uploads\/2018\/01\/logoubanews.png\",\"width\":261,\"height\":99,\"caption\":\"Ub\u00e1 News\"},\"image\":{\"@id\":\"https:\/\/ubanews.com\/site\/#\/schema\/logo\/image\/\"},\"sameAs\":[\"https:\/\/www.facebook.com\/Ub\u00e1News-Carlos-Roberto-Sodr\u00e9-418778301977370\"]},{\"@type\":\"Person\",\"@id\":\"https:\/\/ubanews.com\/site\/#\/schema\/person\/d90c9e47252fbb63dcc969fe4c8b9d10\",\"name\":\"Sodr\u00e9\",\"image\":{\"@type\":\"ImageObject\",\"inLanguage\":\"pt-BR\",\"@id\":\"https:\/\/secure.gravatar.com\/avatar\/5ba2793f0590b9dbfad3fdec4ee714485b3eef211c9b32ee53d414060454a56c?s=96&d=mm&r=g\",\"url\":\"https:\/\/secure.gravatar.com\/avatar\/5ba2793f0590b9dbfad3fdec4ee714485b3eef211c9b32ee53d414060454a56c?s=96&d=mm&r=g\",\"contentUrl\":\"https:\/\/secure.gravatar.com\/avatar\/5ba2793f0590b9dbfad3fdec4ee714485b3eef211c9b32ee53d414060454a56c?s=96&d=mm&r=g\",\"caption\":\"Sodr\u00e9\"},\"sameAs\":[\"https:\/\/www.facebook.com\/carosroberto.sodre.5\/\"],\"url\":\"https:\/\/ubanews.com\/site\/author\/felipe\/\"}]}<\/script>\n<!-- \/ Yoast SEO plugin. -->","yoast_head_json":{"title":"Morre aos 86 anos um dos maiores l\u00edderes do Distrito de Miragaia - Ub\u00e1 News","robots":{"index":"index","follow":"follow","max-snippet":"max-snippet:-1","max-image-preview":"max-image-preview:large","max-video-preview":"max-video-preview:-1"},"canonical":"https:\/\/ubanews.com\/site\/2018\/05\/12\/morre-aos-86-anos-um-dos-maiores-lideres-do-distrito-de-miragaia\/","og_locale":"pt_BR","og_type":"article","og_title":"Morre aos 86 anos um dos maiores l\u00edderes do Distrito de Miragaia - Ub\u00e1 News","og_description":"&nbsp; &nbsp; &nbsp; &nbsp; &nbsp; A hist\u00f3ria que contamos em","og_url":"https:\/\/ubanews.com\/site\/2018\/05\/12\/morre-aos-86-anos-um-dos-maiores-lideres-do-distrito-de-miragaia\/","og_site_name":"Ub\u00e1 News","article_publisher":"https:\/\/www.facebook.com\/Ub%c3%a1News-Carlos-Roberto-Sodr%c3%a9-418778301977370","article_author":"https:\/\/www.facebook.com\/carosroberto.sodre.5\/","article_published_time":"2018-05-12T20:16:50+00:00","article_modified_time":"2018-05-18T14:42:28+00:00","og_image":[{"width":800,"height":457,"url":"https:\/\/ubanews.com\/site\/wp-content\/uploads\/2018\/05\/Dia-da-morte-12-05-2018.jpg","type":"image\/jpeg"}],"author":"Sodr\u00e9","twitter_card":"summary_large_image","twitter_misc":{"Escrito por":"Sodr\u00e9","Est. tempo de leitura":"1 minuto"},"schema":{"@context":"https:\/\/schema.org","@graph":[{"@type":"Article","@id":"https:\/\/ubanews.com\/site\/2018\/05\/12\/morre-aos-86-anos-um-dos-maiores-lideres-do-distrito-de-miragaia\/#article","isPartOf":{"@id":"https:\/\/ubanews.com\/site\/2018\/05\/12\/morre-aos-86-anos-um-dos-maiores-lideres-do-distrito-de-miragaia\/"},"author":{"name":"Sodr\u00e9","@id":"https:\/\/ubanews.com\/site\/#\/schema\/person\/d90c9e47252fbb63dcc969fe4c8b9d10"},"headline":"Morre aos 86 anos um dos maiores l\u00edderes do Distrito de Miragaia","datePublished":"2018-05-12T20:16:50+00:00","dateModified":"2018-05-18T14:42:28+00:00","mainEntityOfPage":{"@id":"https:\/\/ubanews.com\/site\/2018\/05\/12\/morre-aos-86-anos-um-dos-maiores-lideres-do-distrito-de-miragaia\/"},"wordCount":276,"commentCount":0,"publisher":{"@id":"https:\/\/ubanews.com\/site\/#organization"},"image":{"@id":"https:\/\/ubanews.com\/site\/2018\/05\/12\/morre-aos-86-anos-um-dos-maiores-lideres-do-distrito-de-miragaia\/#primaryimage"},"thumbnailUrl":"https:\/\/ubanews.com\/site\/wp-content\/uploads\/2018\/05\/Dia-da-morte-12-05-2018.jpg","articleSection":["Geral"],"inLanguage":"pt-BR","potentialAction":[{"@type":"CommentAction","name":"Comment","target":["https:\/\/ubanews.com\/site\/2018\/05\/12\/morre-aos-86-anos-um-dos-maiores-lideres-do-distrito-de-miragaia\/#respond"]}]},{"@type":"WebPage","@id":"https:\/\/ubanews.com\/site\/2018\/05\/12\/morre-aos-86-anos-um-dos-maiores-lideres-do-distrito-de-miragaia\/","url":"https:\/\/ubanews.com\/site\/2018\/05\/12\/morre-aos-86-anos-um-dos-maiores-lideres-do-distrito-de-miragaia\/","name":"Morre aos 86 anos um dos maiores l\u00edderes do Distrito de Miragaia - Ub\u00e1 News","isPartOf":{"@id":"https:\/\/ubanews.com\/site\/#website"},"primaryImageOfPage":{"@id":"https:\/\/ubanews.com\/site\/2018\/05\/12\/morre-aos-86-anos-um-dos-maiores-lideres-do-distrito-de-miragaia\/#primaryimage"},"image":{"@id":"https:\/\/ubanews.com\/site\/2018\/05\/12\/morre-aos-86-anos-um-dos-maiores-lideres-do-distrito-de-miragaia\/#primaryimage"},"thumbnailUrl":"https:\/\/ubanews.com\/site\/wp-content\/uploads\/2018\/05\/Dia-da-morte-12-05-2018.jpg","datePublished":"2018-05-12T20:16:50+00:00","dateModified":"2018-05-18T14:42:28+00:00","breadcrumb":{"@id":"https:\/\/ubanews.com\/site\/2018\/05\/12\/morre-aos-86-anos-um-dos-maiores-lideres-do-distrito-de-miragaia\/#breadcrumb"},"inLanguage":"pt-BR","potentialAction":[{"@type":"ReadAction","target":["https:\/\/ubanews.com\/site\/2018\/05\/12\/morre-aos-86-anos-um-dos-maiores-lideres-do-distrito-de-miragaia\/"]}]},{"@type":"ImageObject","inLanguage":"pt-BR","@id":"https:\/\/ubanews.com\/site\/2018\/05\/12\/morre-aos-86-anos-um-dos-maiores-lideres-do-distrito-de-miragaia\/#primaryimage","url":"https:\/\/ubanews.com\/site\/wp-content\/uploads\/2018\/05\/Dia-da-morte-12-05-2018.jpg","contentUrl":"https:\/\/ubanews.com\/site\/wp-content\/uploads\/2018\/05\/Dia-da-morte-12-05-2018.jpg","width":800,"height":457},{"@type":"BreadcrumbList","@id":"https:\/\/ubanews.com\/site\/2018\/05\/12\/morre-aos-86-anos-um-dos-maiores-lideres-do-distrito-de-miragaia\/#breadcrumb","itemListElement":[{"@type":"ListItem","position":1,"name":"Home","item":"https:\/\/ubanews.com\/site\/"},{"@type":"ListItem","position":2,"name":"Morre aos 86 anos um dos maiores l\u00edderes do Distrito de Miragaia"}]},{"@type":"WebSite","@id":"https:\/\/ubanews.com\/site\/#website","url":"https:\/\/ubanews.com\/site\/","name":"Ub\u00e1 News","description":"","publisher":{"@id":"https:\/\/ubanews.com\/site\/#organization"},"potentialAction":[{"@type":"SearchAction","target":{"@type":"EntryPoint","urlTemplate":"https:\/\/ubanews.com\/site\/?s={search_term_string}"},"query-input":{"@type":"PropertyValueSpecification","valueRequired":true,"valueName":"search_term_string"}}],"inLanguage":"pt-BR"},{"@type":"Organization","@id":"https:\/\/ubanews.com\/site\/#organization","name":"Ub\u00e1 News","url":"https:\/\/ubanews.com\/site\/","logo":{"@type":"ImageObject","inLanguage":"pt-BR","@id":"https:\/\/ubanews.com\/site\/#\/schema\/logo\/image\/","url":"https:\/\/ubanews.com\/site\/wp-content\/uploads\/2018\/01\/logoubanews.png","contentUrl":"https:\/\/ubanews.com\/site\/wp-content\/uploads\/2018\/01\/logoubanews.png","width":261,"height":99,"caption":"Ub\u00e1 News"},"image":{"@id":"https:\/\/ubanews.com\/site\/#\/schema\/logo\/image\/"},"sameAs":["https:\/\/www.facebook.com\/Ub\u00e1News-Carlos-Roberto-Sodr\u00e9-418778301977370"]},{"@type":"Person","@id":"https:\/\/ubanews.com\/site\/#\/schema\/person\/d90c9e47252fbb63dcc969fe4c8b9d10","name":"Sodr\u00e9","image":{"@type":"ImageObject","inLanguage":"pt-BR","@id":"https:\/\/secure.gravatar.com\/avatar\/5ba2793f0590b9dbfad3fdec4ee714485b3eef211c9b32ee53d414060454a56c?s=96&d=mm&r=g","url":"https:\/\/secure.gravatar.com\/avatar\/5ba2793f0590b9dbfad3fdec4ee714485b3eef211c9b32ee53d414060454a56c?s=96&d=mm&r=g","contentUrl":"https:\/\/secure.gravatar.com\/avatar\/5ba2793f0590b9dbfad3fdec4ee714485b3eef211c9b32ee53d414060454a56c?s=96&d=mm&r=g","caption":"Sodr\u00e9"},"sameAs":["https:\/\/www.facebook.com\/carosroberto.sodre.5\/"],"url":"https:\/\/ubanews.com\/site\/author\/felipe\/"}]}},"_links":{"self":[{"href":"https:\/\/ubanews.com\/site\/wp-json\/wp\/v2\/posts\/3340","targetHints":{"allow":["GET"]}}],"collection":[{"href":"https:\/\/ubanews.com\/site\/wp-json\/wp\/v2\/posts"}],"about":[{"href":"https:\/\/ubanews.com\/site\/wp-json\/wp\/v2\/types\/post"}],"author":[{"embeddable":true,"href":"https:\/\/ubanews.com\/site\/wp-json\/wp\/v2\/users\/2"}],"replies":[{"embeddable":true,"href":"https:\/\/ubanews.com\/site\/wp-json\/wp\/v2\/comments?post=3340"}],"version-history":[{"count":0,"href":"https:\/\/ubanews.com\/site\/wp-json\/wp\/v2\/posts\/3340\/revisions"}],"wp:featuredmedia":[{"embeddable":true,"href":"https:\/\/ubanews.com\/site\/wp-json\/wp\/v2\/media\/3341"}],"wp:attachment":[{"href":"https:\/\/ubanews.com\/site\/wp-json\/wp\/v2\/media?parent=3340"}],"wp:term":[{"taxonomy":"category","embeddable":true,"href":"https:\/\/ubanews.com\/site\/wp-json\/wp\/v2\/categories?post=3340"},{"taxonomy":"post_tag","embeddable":true,"href":"https:\/\/ubanews.com\/site\/wp-json\/wp\/v2\/tags?post=3340"}],"curies":[{"name":"wp","href":"https:\/\/api.w.org\/{rel}","templated":true}]}}