{"id":3309,"date":"2018-05-12T16:32:56","date_gmt":"2018-05-12T19:32:56","guid":{"rendered":"http:\/\/ubanews.com\/site\/?p=3309"},"modified":"2018-05-18T11:42:20","modified_gmt":"2018-05-18T14:42:20","slug":"para-manter-a-forma-e-chegar-a-santiago-de-compostela-colinas-rurais-sobe-a-serra-miragaia-ate-divinesia","status":"publish","type":"post","link":"https:\/\/ubanews.com\/site\/2018\/05\/12\/para-manter-a-forma-e-chegar-a-santiago-de-compostela-colinas-rurais-sobe-a-serra-miragaia-ate-divinesia\/","title":{"rendered":"Para manter a forma e chegar a Santiago de Compostela Colinas Rurais sobe a serra Miragaia at\u00e9 Divin\u00e9sia"},"content":{"rendered":"<p><img decoding=\"async\" class=\"alignnone size-full wp-image-3313 lazyload\" data-src=\"https:\/\/ubanews.com\/site\/wp-content\/uploads\/2018\/05\/DSC07954-c\u00f3pia.jpg\" alt=\"\" width=\"800\" height=\"457\" data-srcset=\"https:\/\/ubanews.com\/site\/wp-content\/uploads\/2018\/05\/DSC07954-c\u00f3pia.jpg 800w, https:\/\/ubanews.com\/site\/wp-content\/uploads\/2018\/05\/DSC07954-c\u00f3pia-300x171.jpg 300w, https:\/\/ubanews.com\/site\/wp-content\/uploads\/2018\/05\/DSC07954-c\u00f3pia-768x439.jpg 768w\" data-sizes=\"(max-width: 800px) 100vw, 800px\" src=\"data:image\/svg+xml;base64,PHN2ZyB3aWR0aD0iMSIgaGVpZ2h0PSIxIiB4bWxucz0iaHR0cDovL3d3dy53My5vcmcvMjAwMC9zdmciPjwvc3ZnPg==\" style=\"--smush-placeholder-width: 800px; --smush-placeholder-aspect-ratio: 800\/457;\" \/> <img decoding=\"async\" class=\"alignnone size-full wp-image-3312 lazyload\" data-src=\"https:\/\/ubanews.com\/site\/wp-content\/uploads\/2018\/05\/DSC07953-c\u00f3pia.jpg\" alt=\"\" width=\"800\" height=\"457\" data-srcset=\"https:\/\/ubanews.com\/site\/wp-content\/uploads\/2018\/05\/DSC07953-c\u00f3pia.jpg 800w, https:\/\/ubanews.com\/site\/wp-content\/uploads\/2018\/05\/DSC07953-c\u00f3pia-300x171.jpg 300w, https:\/\/ubanews.com\/site\/wp-content\/uploads\/2018\/05\/DSC07953-c\u00f3pia-768x439.jpg 768w\" data-sizes=\"(max-width: 800px) 100vw, 800px\" src=\"data:image\/svg+xml;base64,PHN2ZyB3aWR0aD0iMSIgaGVpZ2h0PSIxIiB4bWxucz0iaHR0cDovL3d3dy53My5vcmcvMjAwMC9zdmciPjwvc3ZnPg==\" style=\"--smush-placeholder-width: 800px; --smush-placeholder-aspect-ratio: 800\/457;\" \/> <img decoding=\"async\" class=\"alignnone size-full wp-image-3311 lazyload\" data-src=\"https:\/\/ubanews.com\/site\/wp-content\/uploads\/2018\/05\/DSC07943-c\u00f3pia.jpg\" alt=\"\" width=\"800\" height=\"457\" data-srcset=\"https:\/\/ubanews.com\/site\/wp-content\/uploads\/2018\/05\/DSC07943-c\u00f3pia.jpg 800w, https:\/\/ubanews.com\/site\/wp-content\/uploads\/2018\/05\/DSC07943-c\u00f3pia-300x171.jpg 300w, https:\/\/ubanews.com\/site\/wp-content\/uploads\/2018\/05\/DSC07943-c\u00f3pia-768x439.jpg 768w\" data-sizes=\"(max-width: 800px) 100vw, 800px\" src=\"data:image\/svg+xml;base64,PHN2ZyB3aWR0aD0iMSIgaGVpZ2h0PSIxIiB4bWxucz0iaHR0cDovL3d3dy53My5vcmcvMjAwMC9zdmciPjwvc3ZnPg==\" style=\"--smush-placeholder-width: 800px; --smush-placeholder-aspect-ratio: 800\/457;\" \/><img decoding=\"async\" class=\"alignnone size-full wp-image-3315 lazyload\" data-src=\"https:\/\/ubanews.com\/site\/wp-content\/uploads\/2018\/05\/Capa-c\u00f3pia.jpg\" alt=\"\" width=\"800\" height=\"457\" data-srcset=\"https:\/\/ubanews.com\/site\/wp-content\/uploads\/2018\/05\/Capa-c\u00f3pia.jpg 800w, https:\/\/ubanews.com\/site\/wp-content\/uploads\/2018\/05\/Capa-c\u00f3pia-300x171.jpg 300w, https:\/\/ubanews.com\/site\/wp-content\/uploads\/2018\/05\/Capa-c\u00f3pia-768x439.jpg 768w\" data-sizes=\"(max-width: 800px) 100vw, 800px\" src=\"data:image\/svg+xml;base64,PHN2ZyB3aWR0aD0iMSIgaGVpZ2h0PSIxIiB4bWxucz0iaHR0cDovL3d3dy53My5vcmcvMjAwMC9zdmciPjwvc3ZnPg==\" style=\"--smush-placeholder-width: 800px; --smush-placeholder-aspect-ratio: 800\/457;\" \/><\/p>\n<p>&nbsp;&nbsp;&nbsp;&nbsp;&nbsp;&nbsp;&nbsp;&nbsp;&nbsp;&nbsp;&nbsp;&nbsp; Atrav\u00e9s do nosso amigo Manoel Valente J\u00fanior (Armarinho Beira Rio) ficamos sabendo da exist\u00eancia de um grupo de pedal, onde s\u00f3 cabe o belo sexo. Fizemos o primeiro contato com a coordenadora M\u00e1rcia Monteiro, tamb\u00e9m conhecida como Primeira Ministra. A recep\u00e7\u00e3o foi a melhor poss\u00edvel. Ap\u00f3s o primeiro contato, iniciamos as conversa\u00e7\u00f5es no sentido da cobertura do passeio que iria acontecer neste s\u00e1bado (12), \u00e0s 6h e 30min, saindo da Padaria P\u00e3o Gostoso, local de concentra\u00e7\u00e3o. Pegamos \u00e0 estrada bem cedinho, sentido a cidade de Divin\u00e9sia, onde depois de acelerar por tr\u00eas quil\u00f4metros, pegando a volta para ganhar a Serra de Miragaia, chegamos at\u00e9 o s\u00edtio do V\u00f4 Ded\u00e9. Composto por mulheres, cheias de muita energia, o Grupo de Pedal Colinas Rurais foi criado h\u00e1 quatro anos. Ele vem crescendo, contudo, n\u00e3o existe um desejo exacerbado de crescimento, como declarou M\u00e1rcia Monteiro. Nesse grupo s\u00f3 pedala pessoas do sexo feminino. Hoje elas j\u00e1 s\u00e3o mais de oitenta. Valeu a pena acordar cedo para conhecer o pedal Colinas Rurais.<\/p>\n<p>&nbsp;&nbsp;&nbsp;&nbsp;&nbsp;&nbsp;&nbsp;&nbsp;&nbsp;&nbsp;&nbsp;&nbsp; Um agradecimento todo especial ao senhor Manoel Valente. Como um excelente anfitri\u00e3o, nos recepcionou de forma magn\u00edfica.<\/p>\n<p>&nbsp; &nbsp; &nbsp; &nbsp; &nbsp; &nbsp; &nbsp;Acompanhe com exclusividade o v\u00eddeo.<\/p>\n<div style=\"position: relative; height: 0; padding-bottom: 56.25%;\"><iframe style=\"position: absolute; width: 100%; height: 100%; left: 0;\" data-src=\"https:\/\/www.youtube.com\/embed\/LJ4BwnUV6ek?ecver=2\" width=\"640\" height=\"360\" frameborder=\"0\" allowfullscreen=\"allowfullscreen\" src=\"data:image\/svg+xml;base64,PHN2ZyB3aWR0aD0iMSIgaGVpZ2h0PSIxIiB4bWxucz0iaHR0cDovL3d3dy53My5vcmcvMjAwMC9zdmciPjwvc3ZnPg==\" class=\"lazyload\" data-load-mode=\"1\"><\/iframe><\/div>\n<p>&nbsp;<\/p>\n","protected":false},"excerpt":{"rendered":"<p>&nbsp;&nbsp;&nbsp;&nbsp;&nbsp;&nbsp;&nbsp;&nbsp;&nbsp;&nbsp;&nbsp;&nbsp; Atrav\u00e9s do nosso amigo Manoel Valente J\u00fanior (Armarinho Beira<\/p>\n","protected":false},"author":2,"featured_media":3310,"comment_status":"open","ping_status":"open","sticky":false,"template":"","format":"standard","meta":{"footnotes":""},"categories":[1],"tags":[],"class_list":["post-3309","post","type-post","status-publish","format-standard","has-post-thumbnail","hentry","category-sem-categoria"],"yoast_head":"<!-- This site is optimized with the Yoast SEO plugin v27.2 - https:\/\/yoast.com\/product\/yoast-seo-wordpress\/ -->\n<title>Para manter a forma e chegar a Santiago de Compostela Colinas Rurais sobe a serra Miragaia at\u00e9 Divin\u00e9sia - Ub\u00e1 News<\/title>\n<meta name=\"robots\" content=\"index, follow, max-snippet:-1, max-image-preview:large, max-video-preview:-1\" \/>\n<link rel=\"canonical\" href=\"https:\/\/ubanews.com\/site\/2018\/05\/12\/para-manter-a-forma-e-chegar-a-santiago-de-compostela-colinas-rurais-sobe-a-serra-miragaia-ate-divinesia\/\" \/>\n<meta property=\"og:locale\" content=\"pt_BR\" \/>\n<meta property=\"og:type\" content=\"article\" \/>\n<meta property=\"og:title\" content=\"Para manter a forma e chegar a Santiago de Compostela Colinas Rurais sobe a serra Miragaia at\u00e9 Divin\u00e9sia - Ub\u00e1 News\" \/>\n<meta property=\"og:description\" content=\"&nbsp;&nbsp;&nbsp;&nbsp;&nbsp;&nbsp;&nbsp;&nbsp;&nbsp;&nbsp;&nbsp;&nbsp; Atrav\u00e9s do nosso amigo Manoel Valente J\u00fanior (Armarinho Beira\" \/>\n<meta property=\"og:url\" content=\"https:\/\/ubanews.com\/site\/2018\/05\/12\/para-manter-a-forma-e-chegar-a-santiago-de-compostela-colinas-rurais-sobe-a-serra-miragaia-ate-divinesia\/\" \/>\n<meta property=\"og:site_name\" content=\"Ub\u00e1 News\" \/>\n<meta property=\"article:publisher\" content=\"https:\/\/www.facebook.com\/Ub%c3%a1News-Carlos-Roberto-Sodr%c3%a9-418778301977370\" \/>\n<meta property=\"article:author\" content=\"https:\/\/www.facebook.com\/carosroberto.sodre.5\/\" \/>\n<meta property=\"article:published_time\" content=\"2018-05-12T19:32:56+00:00\" \/>\n<meta property=\"article:modified_time\" content=\"2018-05-18T14:42:20+00:00\" \/>\n<meta property=\"og:image\" content=\"https:\/\/ubanews.com\/site\/wp-content\/uploads\/2018\/05\/Capa.jpg\" \/>\n\t<meta property=\"og:image:width\" content=\"800\" \/>\n\t<meta property=\"og:image:height\" content=\"457\" \/>\n\t<meta property=\"og:image:type\" content=\"image\/jpeg\" \/>\n<meta name=\"author\" content=\"Sodr\u00e9\" \/>\n<meta name=\"twitter:card\" content=\"summary_large_image\" \/>\n<meta name=\"twitter:label1\" content=\"Escrito por\" \/>\n\t<meta name=\"twitter:data1\" content=\"Sodr\u00e9\" \/>\n\t<meta name=\"twitter:label2\" content=\"Est. tempo de leitura\" \/>\n\t<meta name=\"twitter:data2\" content=\"1 minuto\" \/>\n<script type=\"application\/ld+json\" class=\"yoast-schema-graph\">{\"@context\":\"https:\/\/schema.org\",\"@graph\":[{\"@type\":\"Article\",\"@id\":\"https:\/\/ubanews.com\/site\/2018\/05\/12\/para-manter-a-forma-e-chegar-a-santiago-de-compostela-colinas-rurais-sobe-a-serra-miragaia-ate-divinesia\/#article\",\"isPartOf\":{\"@id\":\"https:\/\/ubanews.com\/site\/2018\/05\/12\/para-manter-a-forma-e-chegar-a-santiago-de-compostela-colinas-rurais-sobe-a-serra-miragaia-ate-divinesia\/\"},\"author\":{\"name\":\"Sodr\u00e9\",\"@id\":\"https:\/\/ubanews.com\/site\/#\/schema\/person\/d90c9e47252fbb63dcc969fe4c8b9d10\"},\"headline\":\"Para manter a forma e chegar a Santiago de Compostela Colinas Rurais sobe a serra Miragaia at\u00e9 Divin\u00e9sia\",\"datePublished\":\"2018-05-12T19:32:56+00:00\",\"dateModified\":\"2018-05-18T14:42:20+00:00\",\"mainEntityOfPage\":{\"@id\":\"https:\/\/ubanews.com\/site\/2018\/05\/12\/para-manter-a-forma-e-chegar-a-santiago-de-compostela-colinas-rurais-sobe-a-serra-miragaia-ate-divinesia\/\"},\"wordCount\":261,\"commentCount\":9,\"publisher\":{\"@id\":\"https:\/\/ubanews.com\/site\/#organization\"},\"image\":{\"@id\":\"https:\/\/ubanews.com\/site\/2018\/05\/12\/para-manter-a-forma-e-chegar-a-santiago-de-compostela-colinas-rurais-sobe-a-serra-miragaia-ate-divinesia\/#primaryimage\"},\"thumbnailUrl\":\"https:\/\/ubanews.com\/site\/wp-content\/uploads\/2018\/05\/Capa.jpg\",\"articleSection\":[\"Geral\"],\"inLanguage\":\"pt-BR\",\"potentialAction\":[{\"@type\":\"CommentAction\",\"name\":\"Comment\",\"target\":[\"https:\/\/ubanews.com\/site\/2018\/05\/12\/para-manter-a-forma-e-chegar-a-santiago-de-compostela-colinas-rurais-sobe-a-serra-miragaia-ate-divinesia\/#respond\"]}]},{\"@type\":\"WebPage\",\"@id\":\"https:\/\/ubanews.com\/site\/2018\/05\/12\/para-manter-a-forma-e-chegar-a-santiago-de-compostela-colinas-rurais-sobe-a-serra-miragaia-ate-divinesia\/\",\"url\":\"https:\/\/ubanews.com\/site\/2018\/05\/12\/para-manter-a-forma-e-chegar-a-santiago-de-compostela-colinas-rurais-sobe-a-serra-miragaia-ate-divinesia\/\",\"name\":\"Para manter a forma e chegar a Santiago de Compostela Colinas Rurais sobe a serra Miragaia at\u00e9 Divin\u00e9sia - Ub\u00e1 News\",\"isPartOf\":{\"@id\":\"https:\/\/ubanews.com\/site\/#website\"},\"primaryImageOfPage\":{\"@id\":\"https:\/\/ubanews.com\/site\/2018\/05\/12\/para-manter-a-forma-e-chegar-a-santiago-de-compostela-colinas-rurais-sobe-a-serra-miragaia-ate-divinesia\/#primaryimage\"},\"image\":{\"@id\":\"https:\/\/ubanews.com\/site\/2018\/05\/12\/para-manter-a-forma-e-chegar-a-santiago-de-compostela-colinas-rurais-sobe-a-serra-miragaia-ate-divinesia\/#primaryimage\"},\"thumbnailUrl\":\"https:\/\/ubanews.com\/site\/wp-content\/uploads\/2018\/05\/Capa.jpg\",\"datePublished\":\"2018-05-12T19:32:56+00:00\",\"dateModified\":\"2018-05-18T14:42:20+00:00\",\"breadcrumb\":{\"@id\":\"https:\/\/ubanews.com\/site\/2018\/05\/12\/para-manter-a-forma-e-chegar-a-santiago-de-compostela-colinas-rurais-sobe-a-serra-miragaia-ate-divinesia\/#breadcrumb\"},\"inLanguage\":\"pt-BR\",\"potentialAction\":[{\"@type\":\"ReadAction\",\"target\":[\"https:\/\/ubanews.com\/site\/2018\/05\/12\/para-manter-a-forma-e-chegar-a-santiago-de-compostela-colinas-rurais-sobe-a-serra-miragaia-ate-divinesia\/\"]}]},{\"@type\":\"ImageObject\",\"inLanguage\":\"pt-BR\",\"@id\":\"https:\/\/ubanews.com\/site\/2018\/05\/12\/para-manter-a-forma-e-chegar-a-santiago-de-compostela-colinas-rurais-sobe-a-serra-miragaia-ate-divinesia\/#primaryimage\",\"url\":\"https:\/\/ubanews.com\/site\/wp-content\/uploads\/2018\/05\/Capa.jpg\",\"contentUrl\":\"https:\/\/ubanews.com\/site\/wp-content\/uploads\/2018\/05\/Capa.jpg\",\"width\":800,\"height\":457},{\"@type\":\"BreadcrumbList\",\"@id\":\"https:\/\/ubanews.com\/site\/2018\/05\/12\/para-manter-a-forma-e-chegar-a-santiago-de-compostela-colinas-rurais-sobe-a-serra-miragaia-ate-divinesia\/#breadcrumb\",\"itemListElement\":[{\"@type\":\"ListItem\",\"position\":1,\"name\":\"Home\",\"item\":\"https:\/\/ubanews.com\/site\/\"},{\"@type\":\"ListItem\",\"position\":2,\"name\":\"Para manter a forma e chegar a Santiago de Compostela Colinas Rurais sobe a serra Miragaia at\u00e9 Divin\u00e9sia\"}]},{\"@type\":\"WebSite\",\"@id\":\"https:\/\/ubanews.com\/site\/#website\",\"url\":\"https:\/\/ubanews.com\/site\/\",\"name\":\"Ub\u00e1 News\",\"description\":\"\",\"publisher\":{\"@id\":\"https:\/\/ubanews.com\/site\/#organization\"},\"potentialAction\":[{\"@type\":\"SearchAction\",\"target\":{\"@type\":\"EntryPoint\",\"urlTemplate\":\"https:\/\/ubanews.com\/site\/?s={search_term_string}\"},\"query-input\":{\"@type\":\"PropertyValueSpecification\",\"valueRequired\":true,\"valueName\":\"search_term_string\"}}],\"inLanguage\":\"pt-BR\"},{\"@type\":\"Organization\",\"@id\":\"https:\/\/ubanews.com\/site\/#organization\",\"name\":\"Ub\u00e1 News\",\"url\":\"https:\/\/ubanews.com\/site\/\",\"logo\":{\"@type\":\"ImageObject\",\"inLanguage\":\"pt-BR\",\"@id\":\"https:\/\/ubanews.com\/site\/#\/schema\/logo\/image\/\",\"url\":\"https:\/\/ubanews.com\/site\/wp-content\/uploads\/2018\/01\/logoubanews.png\",\"contentUrl\":\"https:\/\/ubanews.com\/site\/wp-content\/uploads\/2018\/01\/logoubanews.png\",\"width\":261,\"height\":99,\"caption\":\"Ub\u00e1 News\"},\"image\":{\"@id\":\"https:\/\/ubanews.com\/site\/#\/schema\/logo\/image\/\"},\"sameAs\":[\"https:\/\/www.facebook.com\/Ub\u00e1News-Carlos-Roberto-Sodr\u00e9-418778301977370\"]},{\"@type\":\"Person\",\"@id\":\"https:\/\/ubanews.com\/site\/#\/schema\/person\/d90c9e47252fbb63dcc969fe4c8b9d10\",\"name\":\"Sodr\u00e9\",\"image\":{\"@type\":\"ImageObject\",\"inLanguage\":\"pt-BR\",\"@id\":\"https:\/\/secure.gravatar.com\/avatar\/5ba2793f0590b9dbfad3fdec4ee714485b3eef211c9b32ee53d414060454a56c?s=96&d=mm&r=g\",\"url\":\"https:\/\/secure.gravatar.com\/avatar\/5ba2793f0590b9dbfad3fdec4ee714485b3eef211c9b32ee53d414060454a56c?s=96&d=mm&r=g\",\"contentUrl\":\"https:\/\/secure.gravatar.com\/avatar\/5ba2793f0590b9dbfad3fdec4ee714485b3eef211c9b32ee53d414060454a56c?s=96&d=mm&r=g\",\"caption\":\"Sodr\u00e9\"},\"sameAs\":[\"https:\/\/www.facebook.com\/carosroberto.sodre.5\/\"],\"url\":\"https:\/\/ubanews.com\/site\/author\/felipe\/\"}]}<\/script>\n<!-- \/ Yoast SEO plugin. -->","yoast_head_json":{"title":"Para manter a forma e chegar a Santiago de Compostela Colinas Rurais sobe a serra Miragaia at\u00e9 Divin\u00e9sia - Ub\u00e1 News","robots":{"index":"index","follow":"follow","max-snippet":"max-snippet:-1","max-image-preview":"max-image-preview:large","max-video-preview":"max-video-preview:-1"},"canonical":"https:\/\/ubanews.com\/site\/2018\/05\/12\/para-manter-a-forma-e-chegar-a-santiago-de-compostela-colinas-rurais-sobe-a-serra-miragaia-ate-divinesia\/","og_locale":"pt_BR","og_type":"article","og_title":"Para manter a forma e chegar a Santiago de Compostela Colinas Rurais sobe a serra Miragaia at\u00e9 Divin\u00e9sia - Ub\u00e1 News","og_description":"&nbsp;&nbsp;&nbsp;&nbsp;&nbsp;&nbsp;&nbsp;&nbsp;&nbsp;&nbsp;&nbsp;&nbsp; Atrav\u00e9s do nosso amigo Manoel Valente J\u00fanior (Armarinho Beira","og_url":"https:\/\/ubanews.com\/site\/2018\/05\/12\/para-manter-a-forma-e-chegar-a-santiago-de-compostela-colinas-rurais-sobe-a-serra-miragaia-ate-divinesia\/","og_site_name":"Ub\u00e1 News","article_publisher":"https:\/\/www.facebook.com\/Ub%c3%a1News-Carlos-Roberto-Sodr%c3%a9-418778301977370","article_author":"https:\/\/www.facebook.com\/carosroberto.sodre.5\/","article_published_time":"2018-05-12T19:32:56+00:00","article_modified_time":"2018-05-18T14:42:20+00:00","og_image":[{"width":800,"height":457,"url":"https:\/\/ubanews.com\/site\/wp-content\/uploads\/2018\/05\/Capa.jpg","type":"image\/jpeg"}],"author":"Sodr\u00e9","twitter_card":"summary_large_image","twitter_misc":{"Escrito por":"Sodr\u00e9","Est. tempo de leitura":"1 minuto"},"schema":{"@context":"https:\/\/schema.org","@graph":[{"@type":"Article","@id":"https:\/\/ubanews.com\/site\/2018\/05\/12\/para-manter-a-forma-e-chegar-a-santiago-de-compostela-colinas-rurais-sobe-a-serra-miragaia-ate-divinesia\/#article","isPartOf":{"@id":"https:\/\/ubanews.com\/site\/2018\/05\/12\/para-manter-a-forma-e-chegar-a-santiago-de-compostela-colinas-rurais-sobe-a-serra-miragaia-ate-divinesia\/"},"author":{"name":"Sodr\u00e9","@id":"https:\/\/ubanews.com\/site\/#\/schema\/person\/d90c9e47252fbb63dcc969fe4c8b9d10"},"headline":"Para manter a forma e chegar a Santiago de Compostela Colinas Rurais sobe a serra Miragaia at\u00e9 Divin\u00e9sia","datePublished":"2018-05-12T19:32:56+00:00","dateModified":"2018-05-18T14:42:20+00:00","mainEntityOfPage":{"@id":"https:\/\/ubanews.com\/site\/2018\/05\/12\/para-manter-a-forma-e-chegar-a-santiago-de-compostela-colinas-rurais-sobe-a-serra-miragaia-ate-divinesia\/"},"wordCount":261,"commentCount":9,"publisher":{"@id":"https:\/\/ubanews.com\/site\/#organization"},"image":{"@id":"https:\/\/ubanews.com\/site\/2018\/05\/12\/para-manter-a-forma-e-chegar-a-santiago-de-compostela-colinas-rurais-sobe-a-serra-miragaia-ate-divinesia\/#primaryimage"},"thumbnailUrl":"https:\/\/ubanews.com\/site\/wp-content\/uploads\/2018\/05\/Capa.jpg","articleSection":["Geral"],"inLanguage":"pt-BR","potentialAction":[{"@type":"CommentAction","name":"Comment","target":["https:\/\/ubanews.com\/site\/2018\/05\/12\/para-manter-a-forma-e-chegar-a-santiago-de-compostela-colinas-rurais-sobe-a-serra-miragaia-ate-divinesia\/#respond"]}]},{"@type":"WebPage","@id":"https:\/\/ubanews.com\/site\/2018\/05\/12\/para-manter-a-forma-e-chegar-a-santiago-de-compostela-colinas-rurais-sobe-a-serra-miragaia-ate-divinesia\/","url":"https:\/\/ubanews.com\/site\/2018\/05\/12\/para-manter-a-forma-e-chegar-a-santiago-de-compostela-colinas-rurais-sobe-a-serra-miragaia-ate-divinesia\/","name":"Para manter a forma e chegar a Santiago de Compostela Colinas Rurais sobe a serra Miragaia at\u00e9 Divin\u00e9sia - Ub\u00e1 News","isPartOf":{"@id":"https:\/\/ubanews.com\/site\/#website"},"primaryImageOfPage":{"@id":"https:\/\/ubanews.com\/site\/2018\/05\/12\/para-manter-a-forma-e-chegar-a-santiago-de-compostela-colinas-rurais-sobe-a-serra-miragaia-ate-divinesia\/#primaryimage"},"image":{"@id":"https:\/\/ubanews.com\/site\/2018\/05\/12\/para-manter-a-forma-e-chegar-a-santiago-de-compostela-colinas-rurais-sobe-a-serra-miragaia-ate-divinesia\/#primaryimage"},"thumbnailUrl":"https:\/\/ubanews.com\/site\/wp-content\/uploads\/2018\/05\/Capa.jpg","datePublished":"2018-05-12T19:32:56+00:00","dateModified":"2018-05-18T14:42:20+00:00","breadcrumb":{"@id":"https:\/\/ubanews.com\/site\/2018\/05\/12\/para-manter-a-forma-e-chegar-a-santiago-de-compostela-colinas-rurais-sobe-a-serra-miragaia-ate-divinesia\/#breadcrumb"},"inLanguage":"pt-BR","potentialAction":[{"@type":"ReadAction","target":["https:\/\/ubanews.com\/site\/2018\/05\/12\/para-manter-a-forma-e-chegar-a-santiago-de-compostela-colinas-rurais-sobe-a-serra-miragaia-ate-divinesia\/"]}]},{"@type":"ImageObject","inLanguage":"pt-BR","@id":"https:\/\/ubanews.com\/site\/2018\/05\/12\/para-manter-a-forma-e-chegar-a-santiago-de-compostela-colinas-rurais-sobe-a-serra-miragaia-ate-divinesia\/#primaryimage","url":"https:\/\/ubanews.com\/site\/wp-content\/uploads\/2018\/05\/Capa.jpg","contentUrl":"https:\/\/ubanews.com\/site\/wp-content\/uploads\/2018\/05\/Capa.jpg","width":800,"height":457},{"@type":"BreadcrumbList","@id":"https:\/\/ubanews.com\/site\/2018\/05\/12\/para-manter-a-forma-e-chegar-a-santiago-de-compostela-colinas-rurais-sobe-a-serra-miragaia-ate-divinesia\/#breadcrumb","itemListElement":[{"@type":"ListItem","position":1,"name":"Home","item":"https:\/\/ubanews.com\/site\/"},{"@type":"ListItem","position":2,"name":"Para manter a forma e chegar a Santiago de Compostela Colinas Rurais sobe a serra Miragaia at\u00e9 Divin\u00e9sia"}]},{"@type":"WebSite","@id":"https:\/\/ubanews.com\/site\/#website","url":"https:\/\/ubanews.com\/site\/","name":"Ub\u00e1 News","description":"","publisher":{"@id":"https:\/\/ubanews.com\/site\/#organization"},"potentialAction":[{"@type":"SearchAction","target":{"@type":"EntryPoint","urlTemplate":"https:\/\/ubanews.com\/site\/?s={search_term_string}"},"query-input":{"@type":"PropertyValueSpecification","valueRequired":true,"valueName":"search_term_string"}}],"inLanguage":"pt-BR"},{"@type":"Organization","@id":"https:\/\/ubanews.com\/site\/#organization","name":"Ub\u00e1 News","url":"https:\/\/ubanews.com\/site\/","logo":{"@type":"ImageObject","inLanguage":"pt-BR","@id":"https:\/\/ubanews.com\/site\/#\/schema\/logo\/image\/","url":"https:\/\/ubanews.com\/site\/wp-content\/uploads\/2018\/01\/logoubanews.png","contentUrl":"https:\/\/ubanews.com\/site\/wp-content\/uploads\/2018\/01\/logoubanews.png","width":261,"height":99,"caption":"Ub\u00e1 News"},"image":{"@id":"https:\/\/ubanews.com\/site\/#\/schema\/logo\/image\/"},"sameAs":["https:\/\/www.facebook.com\/Ub\u00e1News-Carlos-Roberto-Sodr\u00e9-418778301977370"]},{"@type":"Person","@id":"https:\/\/ubanews.com\/site\/#\/schema\/person\/d90c9e47252fbb63dcc969fe4c8b9d10","name":"Sodr\u00e9","image":{"@type":"ImageObject","inLanguage":"pt-BR","@id":"https:\/\/secure.gravatar.com\/avatar\/5ba2793f0590b9dbfad3fdec4ee714485b3eef211c9b32ee53d414060454a56c?s=96&d=mm&r=g","url":"https:\/\/secure.gravatar.com\/avatar\/5ba2793f0590b9dbfad3fdec4ee714485b3eef211c9b32ee53d414060454a56c?s=96&d=mm&r=g","contentUrl":"https:\/\/secure.gravatar.com\/avatar\/5ba2793f0590b9dbfad3fdec4ee714485b3eef211c9b32ee53d414060454a56c?s=96&d=mm&r=g","caption":"Sodr\u00e9"},"sameAs":["https:\/\/www.facebook.com\/carosroberto.sodre.5\/"],"url":"https:\/\/ubanews.com\/site\/author\/felipe\/"}]}},"_links":{"self":[{"href":"https:\/\/ubanews.com\/site\/wp-json\/wp\/v2\/posts\/3309","targetHints":{"allow":["GET"]}}],"collection":[{"href":"https:\/\/ubanews.com\/site\/wp-json\/wp\/v2\/posts"}],"about":[{"href":"https:\/\/ubanews.com\/site\/wp-json\/wp\/v2\/types\/post"}],"author":[{"embeddable":true,"href":"https:\/\/ubanews.com\/site\/wp-json\/wp\/v2\/users\/2"}],"replies":[{"embeddable":true,"href":"https:\/\/ubanews.com\/site\/wp-json\/wp\/v2\/comments?post=3309"}],"version-history":[{"count":0,"href":"https:\/\/ubanews.com\/site\/wp-json\/wp\/v2\/posts\/3309\/revisions"}],"wp:featuredmedia":[{"embeddable":true,"href":"https:\/\/ubanews.com\/site\/wp-json\/wp\/v2\/media\/3310"}],"wp:attachment":[{"href":"https:\/\/ubanews.com\/site\/wp-json\/wp\/v2\/media?parent=3309"}],"wp:term":[{"taxonomy":"category","embeddable":true,"href":"https:\/\/ubanews.com\/site\/wp-json\/wp\/v2\/categories?post=3309"},{"taxonomy":"post_tag","embeddable":true,"href":"https:\/\/ubanews.com\/site\/wp-json\/wp\/v2\/tags?post=3309"}],"curies":[{"name":"wp","href":"https:\/\/api.w.org\/{rel}","templated":true}]}}