{"id":3263,"date":"2018-05-11T14:36:19","date_gmt":"2018-05-11T17:36:19","guid":{"rendered":"http:\/\/ubanews.com\/site\/?p=3263"},"modified":"2018-05-14T14:51:17","modified_gmt":"2018-05-14T17:51:17","slug":"dias-de-frio-e-chuva-para-o-ciclista-carioca","status":"publish","type":"post","link":"https:\/\/ubanews.com\/site\/2018\/05\/11\/dias-de-frio-e-chuva-para-o-ciclista-carioca\/","title":{"rendered":"Dias de frio e chuva para o ciclista Carioca"},"content":{"rendered":"<p><img decoding=\"async\" class=\"alignnone size-full wp-image-3264 lazyload\" data-src=\"https:\/\/ubanews.com\/site\/wp-content\/uploads\/2018\/05\/IMG-20180511-WA0060-c\u00f3pia.jpg\" alt=\"\" width=\"800\" height=\"457\" data-srcset=\"https:\/\/ubanews.com\/site\/wp-content\/uploads\/2018\/05\/IMG-20180511-WA0060-c\u00f3pia.jpg 800w, https:\/\/ubanews.com\/site\/wp-content\/uploads\/2018\/05\/IMG-20180511-WA0060-c\u00f3pia-300x171.jpg 300w, https:\/\/ubanews.com\/site\/wp-content\/uploads\/2018\/05\/IMG-20180511-WA0060-c\u00f3pia-768x439.jpg 768w\" data-sizes=\"(max-width: 800px) 100vw, 800px\" src=\"data:image\/svg+xml;base64,PHN2ZyB3aWR0aD0iMSIgaGVpZ2h0PSIxIiB4bWxucz0iaHR0cDovL3d3dy53My5vcmcvMjAwMC9zdmciPjwvc3ZnPg==\" style=\"--smush-placeholder-width: 800px; --smush-placeholder-aspect-ratio: 800\/457;\" \/> <img decoding=\"async\" class=\"alignnone size-full wp-image-3265 lazyload\" data-src=\"https:\/\/ubanews.com\/site\/wp-content\/uploads\/2018\/05\/IMG-20180511-WA0067-c\u00f3pia.jpg\" alt=\"\" width=\"800\" height=\"457\" data-srcset=\"https:\/\/ubanews.com\/site\/wp-content\/uploads\/2018\/05\/IMG-20180511-WA0067-c\u00f3pia.jpg 800w, https:\/\/ubanews.com\/site\/wp-content\/uploads\/2018\/05\/IMG-20180511-WA0067-c\u00f3pia-300x171.jpg 300w, https:\/\/ubanews.com\/site\/wp-content\/uploads\/2018\/05\/IMG-20180511-WA0067-c\u00f3pia-768x439.jpg 768w\" data-sizes=\"(max-width: 800px) 100vw, 800px\" src=\"data:image\/svg+xml;base64,PHN2ZyB3aWR0aD0iMSIgaGVpZ2h0PSIxIiB4bWxucz0iaHR0cDovL3d3dy53My5vcmcvMjAwMC9zdmciPjwvc3ZnPg==\" style=\"--smush-placeholder-width: 800px; --smush-placeholder-aspect-ratio: 800\/457;\" \/> <img decoding=\"async\" class=\"alignnone size-full wp-image-3266 lazyload\" data-src=\"https:\/\/ubanews.com\/site\/wp-content\/uploads\/2018\/05\/IMG-20180511-WA0073-c\u00f3pia.jpg\" alt=\"\" width=\"800\" height=\"457\" data-srcset=\"https:\/\/ubanews.com\/site\/wp-content\/uploads\/2018\/05\/IMG-20180511-WA0073-c\u00f3pia.jpg 800w, https:\/\/ubanews.com\/site\/wp-content\/uploads\/2018\/05\/IMG-20180511-WA0073-c\u00f3pia-300x171.jpg 300w, https:\/\/ubanews.com\/site\/wp-content\/uploads\/2018\/05\/IMG-20180511-WA0073-c\u00f3pia-768x439.jpg 768w\" data-sizes=\"(max-width: 800px) 100vw, 800px\" src=\"data:image\/svg+xml;base64,PHN2ZyB3aWR0aD0iMSIgaGVpZ2h0PSIxIiB4bWxucz0iaHR0cDovL3d3dy53My5vcmcvMjAwMC9zdmciPjwvc3ZnPg==\" style=\"--smush-placeholder-width: 800px; --smush-placeholder-aspect-ratio: 800\/457;\" \/> <img decoding=\"async\" class=\"alignnone size-full wp-image-3267 lazyload\" data-src=\"https:\/\/ubanews.com\/site\/wp-content\/uploads\/2018\/05\/IMG-20180511-WA0074-c\u00f3pia.jpg\" alt=\"\" width=\"800\" height=\"457\" data-srcset=\"https:\/\/ubanews.com\/site\/wp-content\/uploads\/2018\/05\/IMG-20180511-WA0074-c\u00f3pia.jpg 800w, https:\/\/ubanews.com\/site\/wp-content\/uploads\/2018\/05\/IMG-20180511-WA0074-c\u00f3pia-300x171.jpg 300w, https:\/\/ubanews.com\/site\/wp-content\/uploads\/2018\/05\/IMG-20180511-WA0074-c\u00f3pia-768x439.jpg 768w\" data-sizes=\"(max-width: 800px) 100vw, 800px\" src=\"data:image\/svg+xml;base64,PHN2ZyB3aWR0aD0iMSIgaGVpZ2h0PSIxIiB4bWxucz0iaHR0cDovL3d3dy53My5vcmcvMjAwMC9zdmciPjwvc3ZnPg==\" style=\"--smush-placeholder-width: 800px; --smush-placeholder-aspect-ratio: 800\/457;\" \/> <img decoding=\"async\" class=\"alignnone size-full wp-image-3268 lazyload\" data-src=\"https:\/\/ubanews.com\/site\/wp-content\/uploads\/2018\/05\/IMG-20180511-WA0077-c\u00f3pia.jpg\" alt=\"\" width=\"800\" height=\"457\" data-srcset=\"https:\/\/ubanews.com\/site\/wp-content\/uploads\/2018\/05\/IMG-20180511-WA0077-c\u00f3pia.jpg 800w, https:\/\/ubanews.com\/site\/wp-content\/uploads\/2018\/05\/IMG-20180511-WA0077-c\u00f3pia-300x171.jpg 300w, https:\/\/ubanews.com\/site\/wp-content\/uploads\/2018\/05\/IMG-20180511-WA0077-c\u00f3pia-768x439.jpg 768w\" data-sizes=\"(max-width: 800px) 100vw, 800px\" src=\"data:image\/svg+xml;base64,PHN2ZyB3aWR0aD0iMSIgaGVpZ2h0PSIxIiB4bWxucz0iaHR0cDovL3d3dy53My5vcmcvMjAwMC9zdmciPjwvc3ZnPg==\" style=\"--smush-placeholder-width: 800px; --smush-placeholder-aspect-ratio: 800\/457;\" \/> <img decoding=\"async\" class=\"alignnone size-full wp-image-3270 lazyload\" data-src=\"https:\/\/ubanews.com\/site\/wp-content\/uploads\/2018\/05\/IMG-20180511-WA0082-c\u00f3pia.jpg\" alt=\"\" width=\"450\" height=\"600\" data-srcset=\"https:\/\/ubanews.com\/site\/wp-content\/uploads\/2018\/05\/IMG-20180511-WA0082-c\u00f3pia.jpg 450w, https:\/\/ubanews.com\/site\/wp-content\/uploads\/2018\/05\/IMG-20180511-WA0082-c\u00f3pia-225x300.jpg 225w\" data-sizes=\"(max-width: 450px) 100vw, 450px\" src=\"data:image\/svg+xml;base64,PHN2ZyB3aWR0aD0iMSIgaGVpZ2h0PSIxIiB4bWxucz0iaHR0cDovL3d3dy53My5vcmcvMjAwMC9zdmciPjwvc3ZnPg==\" style=\"--smush-placeholder-width: 450px; --smush-placeholder-aspect-ratio: 450\/600;\" \/> &nbsp;<img decoding=\"async\" class=\"alignnone size-full wp-image-3272 lazyload\" data-src=\"https:\/\/ubanews.com\/site\/wp-content\/uploads\/2018\/05\/IMG-20180509-WA0008-c\u00f3pia.jpg\" alt=\"\" width=\"800\" height=\"457\" data-srcset=\"https:\/\/ubanews.com\/site\/wp-content\/uploads\/2018\/05\/IMG-20180509-WA0008-c\u00f3pia.jpg 800w, https:\/\/ubanews.com\/site\/wp-content\/uploads\/2018\/05\/IMG-20180509-WA0008-c\u00f3pia-300x171.jpg 300w, https:\/\/ubanews.com\/site\/wp-content\/uploads\/2018\/05\/IMG-20180509-WA0008-c\u00f3pia-768x439.jpg 768w\" data-sizes=\"(max-width: 800px) 100vw, 800px\" src=\"data:image\/svg+xml;base64,PHN2ZyB3aWR0aD0iMSIgaGVpZ2h0PSIxIiB4bWxucz0iaHR0cDovL3d3dy53My5vcmcvMjAwMC9zdmciPjwvc3ZnPg==\" style=\"--smush-placeholder-width: 800px; --smush-placeholder-aspect-ratio: 800\/457;\" \/> <img decoding=\"async\" class=\"alignnone size-full wp-image-3274 lazyload\" data-src=\"https:\/\/ubanews.com\/site\/wp-content\/uploads\/2018\/05\/IMG-20180509-WA0016-c\u00f3pia.jpg\" alt=\"\" width=\"800\" height=\"457\" data-srcset=\"https:\/\/ubanews.com\/site\/wp-content\/uploads\/2018\/05\/IMG-20180509-WA0016-c\u00f3pia.jpg 800w, https:\/\/ubanews.com\/site\/wp-content\/uploads\/2018\/05\/IMG-20180509-WA0016-c\u00f3pia-300x171.jpg 300w, https:\/\/ubanews.com\/site\/wp-content\/uploads\/2018\/05\/IMG-20180509-WA0016-c\u00f3pia-768x439.jpg 768w\" data-sizes=\"(max-width: 800px) 100vw, 800px\" src=\"data:image\/svg+xml;base64,PHN2ZyB3aWR0aD0iMSIgaGVpZ2h0PSIxIiB4bWxucz0iaHR0cDovL3d3dy53My5vcmcvMjAwMC9zdmciPjwvc3ZnPg==\" style=\"--smush-placeholder-width: 800px; --smush-placeholder-aspect-ratio: 800\/457;\" \/> <img decoding=\"async\" class=\"alignnone size-full wp-image-3275 lazyload\" data-src=\"https:\/\/ubanews.com\/site\/wp-content\/uploads\/2018\/05\/IMG-20180511-WA0000-c\u00f3pia.jpg\" alt=\"\" width=\"800\" height=\"457\" data-srcset=\"https:\/\/ubanews.com\/site\/wp-content\/uploads\/2018\/05\/IMG-20180511-WA0000-c\u00f3pia.jpg 800w, https:\/\/ubanews.com\/site\/wp-content\/uploads\/2018\/05\/IMG-20180511-WA0000-c\u00f3pia-300x171.jpg 300w, https:\/\/ubanews.com\/site\/wp-content\/uploads\/2018\/05\/IMG-20180511-WA0000-c\u00f3pia-768x439.jpg 768w\" data-sizes=\"(max-width: 800px) 100vw, 800px\" src=\"data:image\/svg+xml;base64,PHN2ZyB3aWR0aD0iMSIgaGVpZ2h0PSIxIiB4bWxucz0iaHR0cDovL3d3dy53My5vcmcvMjAwMC9zdmciPjwvc3ZnPg==\" style=\"--smush-placeholder-width: 800px; --smush-placeholder-aspect-ratio: 800\/457;\" \/> <img decoding=\"async\" class=\"alignnone size-full wp-image-3276 lazyload\" data-src=\"https:\/\/ubanews.com\/site\/wp-content\/uploads\/2018\/05\/IMG-20180511-WA0003-c\u00f3pia.jpg\" alt=\"\" width=\"800\" height=\"457\" data-srcset=\"https:\/\/ubanews.com\/site\/wp-content\/uploads\/2018\/05\/IMG-20180511-WA0003-c\u00f3pia.jpg 800w, https:\/\/ubanews.com\/site\/wp-content\/uploads\/2018\/05\/IMG-20180511-WA0003-c\u00f3pia-300x171.jpg 300w, https:\/\/ubanews.com\/site\/wp-content\/uploads\/2018\/05\/IMG-20180511-WA0003-c\u00f3pia-768x439.jpg 768w\" data-sizes=\"(max-width: 800px) 100vw, 800px\" src=\"data:image\/svg+xml;base64,PHN2ZyB3aWR0aD0iMSIgaGVpZ2h0PSIxIiB4bWxucz0iaHR0cDovL3d3dy53My5vcmcvMjAwMC9zdmciPjwvc3ZnPg==\" style=\"--smush-placeholder-width: 800px; --smush-placeholder-aspect-ratio: 800\/457;\" \/> <img decoding=\"async\" class=\"alignnone size-full wp-image-3277 lazyload\" data-src=\"https:\/\/ubanews.com\/site\/wp-content\/uploads\/2018\/05\/IMG-20180511-WA0007-c\u00f3pia.jpg\" alt=\"\" width=\"800\" height=\"457\" data-srcset=\"https:\/\/ubanews.com\/site\/wp-content\/uploads\/2018\/05\/IMG-20180511-WA0007-c\u00f3pia.jpg 800w, https:\/\/ubanews.com\/site\/wp-content\/uploads\/2018\/05\/IMG-20180511-WA0007-c\u00f3pia-300x171.jpg 300w, https:\/\/ubanews.com\/site\/wp-content\/uploads\/2018\/05\/IMG-20180511-WA0007-c\u00f3pia-768x439.jpg 768w\" data-sizes=\"(max-width: 800px) 100vw, 800px\" src=\"data:image\/svg+xml;base64,PHN2ZyB3aWR0aD0iMSIgaGVpZ2h0PSIxIiB4bWxucz0iaHR0cDovL3d3dy53My5vcmcvMjAwMC9zdmciPjwvc3ZnPg==\" style=\"--smush-placeholder-width: 800px; --smush-placeholder-aspect-ratio: 800\/457;\" \/> <img decoding=\"async\" class=\"alignnone size-full wp-image-3278 lazyload\" data-src=\"https:\/\/ubanews.com\/site\/wp-content\/uploads\/2018\/05\/IMG-20180511-WA0011-c\u00f3pia.jpg\" alt=\"\" width=\"800\" height=\"457\" data-srcset=\"https:\/\/ubanews.com\/site\/wp-content\/uploads\/2018\/05\/IMG-20180511-WA0011-c\u00f3pia.jpg 800w, https:\/\/ubanews.com\/site\/wp-content\/uploads\/2018\/05\/IMG-20180511-WA0011-c\u00f3pia-300x171.jpg 300w, https:\/\/ubanews.com\/site\/wp-content\/uploads\/2018\/05\/IMG-20180511-WA0011-c\u00f3pia-768x439.jpg 768w\" data-sizes=\"(max-width: 800px) 100vw, 800px\" src=\"data:image\/svg+xml;base64,PHN2ZyB3aWR0aD0iMSIgaGVpZ2h0PSIxIiB4bWxucz0iaHR0cDovL3d3dy53My5vcmcvMjAwMC9zdmciPjwvc3ZnPg==\" style=\"--smush-placeholder-width: 800px; --smush-placeholder-aspect-ratio: 800\/457;\" \/> <img decoding=\"async\" class=\"alignnone size-full wp-image-3279 lazyload\" data-src=\"https:\/\/ubanews.com\/site\/wp-content\/uploads\/2018\/05\/IMG-20180511-WA0013-c\u00f3pia.jpg\" alt=\"\" width=\"800\" height=\"457\" data-srcset=\"https:\/\/ubanews.com\/site\/wp-content\/uploads\/2018\/05\/IMG-20180511-WA0013-c\u00f3pia.jpg 800w, https:\/\/ubanews.com\/site\/wp-content\/uploads\/2018\/05\/IMG-20180511-WA0013-c\u00f3pia-300x171.jpg 300w, https:\/\/ubanews.com\/site\/wp-content\/uploads\/2018\/05\/IMG-20180511-WA0013-c\u00f3pia-768x439.jpg 768w\" data-sizes=\"(max-width: 800px) 100vw, 800px\" src=\"data:image\/svg+xml;base64,PHN2ZyB3aWR0aD0iMSIgaGVpZ2h0PSIxIiB4bWxucz0iaHR0cDovL3d3dy53My5vcmcvMjAwMC9zdmciPjwvc3ZnPg==\" style=\"--smush-placeholder-width: 800px; --smush-placeholder-aspect-ratio: 800\/457;\" \/> <img decoding=\"async\" class=\"alignnone size-full wp-image-3280 lazyload\" data-src=\"https:\/\/ubanews.com\/site\/wp-content\/uploads\/2018\/05\/IMG-20180511-WA0016-c\u00f3pia.jpg\" alt=\"\" width=\"800\" height=\"457\" data-srcset=\"https:\/\/ubanews.com\/site\/wp-content\/uploads\/2018\/05\/IMG-20180511-WA0016-c\u00f3pia.jpg 800w, https:\/\/ubanews.com\/site\/wp-content\/uploads\/2018\/05\/IMG-20180511-WA0016-c\u00f3pia-300x171.jpg 300w, https:\/\/ubanews.com\/site\/wp-content\/uploads\/2018\/05\/IMG-20180511-WA0016-c\u00f3pia-768x439.jpg 768w\" data-sizes=\"(max-width: 800px) 100vw, 800px\" src=\"data:image\/svg+xml;base64,PHN2ZyB3aWR0aD0iMSIgaGVpZ2h0PSIxIiB4bWxucz0iaHR0cDovL3d3dy53My5vcmcvMjAwMC9zdmciPjwvc3ZnPg==\" style=\"--smush-placeholder-width: 800px; --smush-placeholder-aspect-ratio: 800\/457;\" \/> <img decoding=\"async\" class=\"alignnone size-full wp-image-3281 lazyload\" data-src=\"https:\/\/ubanews.com\/site\/wp-content\/uploads\/2018\/05\/IMG-20180511-WA0023-c\u00f3pia.jpg\" alt=\"\" width=\"800\" height=\"457\" data-srcset=\"https:\/\/ubanews.com\/site\/wp-content\/uploads\/2018\/05\/IMG-20180511-WA0023-c\u00f3pia.jpg 800w, https:\/\/ubanews.com\/site\/wp-content\/uploads\/2018\/05\/IMG-20180511-WA0023-c\u00f3pia-300x171.jpg 300w, https:\/\/ubanews.com\/site\/wp-content\/uploads\/2018\/05\/IMG-20180511-WA0023-c\u00f3pia-768x439.jpg 768w\" data-sizes=\"(max-width: 800px) 100vw, 800px\" src=\"data:image\/svg+xml;base64,PHN2ZyB3aWR0aD0iMSIgaGVpZ2h0PSIxIiB4bWxucz0iaHR0cDovL3d3dy53My5vcmcvMjAwMC9zdmciPjwvc3ZnPg==\" style=\"--smush-placeholder-width: 800px; --smush-placeholder-aspect-ratio: 800\/457;\" \/> <img decoding=\"async\" class=\"alignnone size-full wp-image-3282 lazyload\" data-src=\"https:\/\/ubanews.com\/site\/wp-content\/uploads\/2018\/05\/IMG-20180511-WA0025-c\u00f3pia.jpg\" alt=\"\" width=\"800\" height=\"457\" data-srcset=\"https:\/\/ubanews.com\/site\/wp-content\/uploads\/2018\/05\/IMG-20180511-WA0025-c\u00f3pia.jpg 800w, https:\/\/ubanews.com\/site\/wp-content\/uploads\/2018\/05\/IMG-20180511-WA0025-c\u00f3pia-300x171.jpg 300w, https:\/\/ubanews.com\/site\/wp-content\/uploads\/2018\/05\/IMG-20180511-WA0025-c\u00f3pia-768x439.jpg 768w\" data-sizes=\"(max-width: 800px) 100vw, 800px\" src=\"data:image\/svg+xml;base64,PHN2ZyB3aWR0aD0iMSIgaGVpZ2h0PSIxIiB4bWxucz0iaHR0cDovL3d3dy53My5vcmcvMjAwMC9zdmciPjwvc3ZnPg==\" style=\"--smush-placeholder-width: 800px; --smush-placeholder-aspect-ratio: 800\/457;\" \/> <img decoding=\"async\" class=\"alignnone size-full wp-image-3283 lazyload\" data-src=\"https:\/\/ubanews.com\/site\/wp-content\/uploads\/2018\/05\/IMG-20180511-WA0028-c\u00f3pia.jpg\" alt=\"\" width=\"800\" height=\"457\" data-srcset=\"https:\/\/ubanews.com\/site\/wp-content\/uploads\/2018\/05\/IMG-20180511-WA0028-c\u00f3pia.jpg 800w, https:\/\/ubanews.com\/site\/wp-content\/uploads\/2018\/05\/IMG-20180511-WA0028-c\u00f3pia-300x171.jpg 300w, https:\/\/ubanews.com\/site\/wp-content\/uploads\/2018\/05\/IMG-20180511-WA0028-c\u00f3pia-768x439.jpg 768w\" data-sizes=\"(max-width: 800px) 100vw, 800px\" src=\"data:image\/svg+xml;base64,PHN2ZyB3aWR0aD0iMSIgaGVpZ2h0PSIxIiB4bWxucz0iaHR0cDovL3d3dy53My5vcmcvMjAwMC9zdmciPjwvc3ZnPg==\" style=\"--smush-placeholder-width: 800px; --smush-placeholder-aspect-ratio: 800\/457;\" \/> <img decoding=\"async\" class=\"alignnone size-full wp-image-3284 lazyload\" data-src=\"https:\/\/ubanews.com\/site\/wp-content\/uploads\/2018\/05\/IMG-20180511-WA0038-c\u00f3pia.jpg\" alt=\"\" width=\"800\" height=\"457\" data-srcset=\"https:\/\/ubanews.com\/site\/wp-content\/uploads\/2018\/05\/IMG-20180511-WA0038-c\u00f3pia.jpg 800w, https:\/\/ubanews.com\/site\/wp-content\/uploads\/2018\/05\/IMG-20180511-WA0038-c\u00f3pia-300x171.jpg 300w, https:\/\/ubanews.com\/site\/wp-content\/uploads\/2018\/05\/IMG-20180511-WA0038-c\u00f3pia-768x439.jpg 768w\" data-sizes=\"(max-width: 800px) 100vw, 800px\" src=\"data:image\/svg+xml;base64,PHN2ZyB3aWR0aD0iMSIgaGVpZ2h0PSIxIiB4bWxucz0iaHR0cDovL3d3dy53My5vcmcvMjAwMC9zdmciPjwvc3ZnPg==\" style=\"--smush-placeholder-width: 800px; --smush-placeholder-aspect-ratio: 800\/457;\" \/> <img decoding=\"async\" class=\"alignnone size-full wp-image-3285 lazyload\" data-src=\"https:\/\/ubanews.com\/site\/wp-content\/uploads\/2018\/05\/IMG-20180511-WA0040-c\u00f3pia.jpg\" alt=\"\" width=\"800\" height=\"457\" data-srcset=\"https:\/\/ubanews.com\/site\/wp-content\/uploads\/2018\/05\/IMG-20180511-WA0040-c\u00f3pia.jpg 800w, https:\/\/ubanews.com\/site\/wp-content\/uploads\/2018\/05\/IMG-20180511-WA0040-c\u00f3pia-300x171.jpg 300w, https:\/\/ubanews.com\/site\/wp-content\/uploads\/2018\/05\/IMG-20180511-WA0040-c\u00f3pia-768x439.jpg 768w\" data-sizes=\"(max-width: 800px) 100vw, 800px\" src=\"data:image\/svg+xml;base64,PHN2ZyB3aWR0aD0iMSIgaGVpZ2h0PSIxIiB4bWxucz0iaHR0cDovL3d3dy53My5vcmcvMjAwMC9zdmciPjwvc3ZnPg==\" style=\"--smush-placeholder-width: 800px; --smush-placeholder-aspect-ratio: 800\/457;\" \/> <img decoding=\"async\" class=\"alignnone size-full wp-image-3286 lazyload\" data-src=\"https:\/\/ubanews.com\/site\/wp-content\/uploads\/2018\/05\/IMG-20180511-WA0045-c\u00f3pia.jpg\" alt=\"\" width=\"800\" height=\"457\" data-srcset=\"https:\/\/ubanews.com\/site\/wp-content\/uploads\/2018\/05\/IMG-20180511-WA0045-c\u00f3pia.jpg 800w, https:\/\/ubanews.com\/site\/wp-content\/uploads\/2018\/05\/IMG-20180511-WA0045-c\u00f3pia-300x171.jpg 300w, https:\/\/ubanews.com\/site\/wp-content\/uploads\/2018\/05\/IMG-20180511-WA0045-c\u00f3pia-768x439.jpg 768w\" data-sizes=\"(max-width: 800px) 100vw, 800px\" src=\"data:image\/svg+xml;base64,PHN2ZyB3aWR0aD0iMSIgaGVpZ2h0PSIxIiB4bWxucz0iaHR0cDovL3d3dy53My5vcmcvMjAwMC9zdmciPjwvc3ZnPg==\" style=\"--smush-placeholder-width: 800px; --smush-placeholder-aspect-ratio: 800\/457;\" \/> <img decoding=\"async\" class=\"alignnone size-full wp-image-3287 lazyload\" data-src=\"https:\/\/ubanews.com\/site\/wp-content\/uploads\/2018\/05\/IMG-20180511-WA0046-c\u00f3pia.jpg\" alt=\"\" width=\"800\" height=\"457\" data-srcset=\"https:\/\/ubanews.com\/site\/wp-content\/uploads\/2018\/05\/IMG-20180511-WA0046-c\u00f3pia.jpg 800w, https:\/\/ubanews.com\/site\/wp-content\/uploads\/2018\/05\/IMG-20180511-WA0046-c\u00f3pia-300x171.jpg 300w, https:\/\/ubanews.com\/site\/wp-content\/uploads\/2018\/05\/IMG-20180511-WA0046-c\u00f3pia-768x439.jpg 768w\" data-sizes=\"(max-width: 800px) 100vw, 800px\" src=\"data:image\/svg+xml;base64,PHN2ZyB3aWR0aD0iMSIgaGVpZ2h0PSIxIiB4bWxucz0iaHR0cDovL3d3dy53My5vcmcvMjAwMC9zdmciPjwvc3ZnPg==\" style=\"--smush-placeholder-width: 800px; --smush-placeholder-aspect-ratio: 800\/457;\" \/> <img decoding=\"async\" class=\"alignnone size-full wp-image-3288 lazyload\" data-src=\"https:\/\/ubanews.com\/site\/wp-content\/uploads\/2018\/05\/IMG-20180511-WA0049-c\u00f3pia.jpg\" alt=\"\" width=\"800\" height=\"457\" data-srcset=\"https:\/\/ubanews.com\/site\/wp-content\/uploads\/2018\/05\/IMG-20180511-WA0049-c\u00f3pia.jpg 800w, https:\/\/ubanews.com\/site\/wp-content\/uploads\/2018\/05\/IMG-20180511-WA0049-c\u00f3pia-300x171.jpg 300w, https:\/\/ubanews.com\/site\/wp-content\/uploads\/2018\/05\/IMG-20180511-WA0049-c\u00f3pia-768x439.jpg 768w\" data-sizes=\"(max-width: 800px) 100vw, 800px\" src=\"data:image\/svg+xml;base64,PHN2ZyB3aWR0aD0iMSIgaGVpZ2h0PSIxIiB4bWxucz0iaHR0cDovL3d3dy53My5vcmcvMjAwMC9zdmciPjwvc3ZnPg==\" style=\"--smush-placeholder-width: 800px; --smush-placeholder-aspect-ratio: 800\/457;\" \/> <img decoding=\"async\" class=\"alignnone size-full wp-image-3269 lazyload\" data-src=\"https:\/\/ubanews.com\/site\/wp-content\/uploads\/2018\/05\/IMG-20180511-WA0080-c\u00f3pia.jpg\" alt=\"\" width=\"800\" height=\"457\" data-srcset=\"https:\/\/ubanews.com\/site\/wp-content\/uploads\/2018\/05\/IMG-20180511-WA0080-c\u00f3pia.jpg 800w, https:\/\/ubanews.com\/site\/wp-content\/uploads\/2018\/05\/IMG-20180511-WA0080-c\u00f3pia-300x171.jpg 300w, https:\/\/ubanews.com\/site\/wp-content\/uploads\/2018\/05\/IMG-20180511-WA0080-c\u00f3pia-768x439.jpg 768w\" data-sizes=\"(max-width: 800px) 100vw, 800px\" src=\"data:image\/svg+xml;base64,PHN2ZyB3aWR0aD0iMSIgaGVpZ2h0PSIxIiB4bWxucz0iaHR0cDovL3d3dy53My5vcmcvMjAwMC9zdmciPjwvc3ZnPg==\" style=\"--smush-placeholder-width: 800px; --smush-placeholder-aspect-ratio: 800\/457;\" \/><\/p>\n<p>O ciclista Arnaldo Collares Lage (Carioca) saiu de Ub\u00e1 no \u00faltimo dia 29 de Abril com destino a Bag\u00e9 \u2013 RS e nesta segunda-feira (7) ele come\u00e7ou muito bem, com temperatura de 18\u00b0 graus e chovendo durante o dia todo. Deixando um recado para os motoristas e apoiadores que o Projeto UBAG\u00c9 consiste na tentativa de se conscientizar, principalmente os motoristas de \u00f4nibus, caminh\u00f5es e ve\u00edculos de passeio para que prestem mais aten\u00e7\u00e3o nas rodovias bem como nas cidades. O projeto ainda visa incentivar o esporte do ciclismo a todas as pessoas, de qualquer faixa et\u00e1ria.<\/p>\n<p>Tenho mantido contato direto com muitas pessoas durante o trajeto explicando sobre o Projeto UBAG\u00c9, na expectativa de que as ideias sejam ent\u00e3o repassadas e multiplicadas dentro de cada regi\u00e3o por onde passei, na emin\u00eancia de que o projeto atinja o \u00e2mbito nacional, para isso foram distribu\u00eddos ao longo da via os adesivos respeite o ciclista!<\/p>\n<p>&#8220;Seja um incentivador&#8221;.&nbsp;&nbsp;&nbsp;&nbsp;&nbsp;<\/p>\n<p>O Gerente Geral do Hotel Ibis Budget de de Curitiba &#8211; PR, Sr. Marcio Kestering telefonou para o Carioca na parte da manh\u00e3 para uma reuni\u00e3o sobre os detalhes do Projeto UBAG\u00c9, indicado pelo amigo e Vereador Sr. Jo\u00e3o da Fazenda da C\u00e2mara Municipal de Tocantins \u2013 MG.<\/p>\n<p>Gentilmente as di\u00e1rias foram restitu\u00eddas pelo Gerente Geral Sr. Kestering que informou que a estadia seria patrocinada pelo Hotel Ibis Budget. At\u00e9 do mais recebeu uma di\u00e1ria adicional at\u00e9 o dia 8 de Maio com caf\u00e9 da manh\u00e3 inclu\u00eddo pelo que agradece imensamente. Lembro a todos que os Hot\u00e9is da Rede Ibis pertencem \u00e0 cadeia de Hot\u00e9is ACCOR com a enorme rede hoteleira nas principais cidades do Brasil bem como do exterior.&nbsp; O Sr. M\u00e1rcio Kestering gentilmente contatou os Gerentes dos demais Hot\u00e9is Ibis Budget nas cidades por onde passar com a finalidade de oferecer adicionais cortesias para pernoite com caf\u00e9 da manh\u00e3 nas respectivas cidades de Joinville &#8211; SC,&nbsp; Florian\u00f3polis &#8211; SC e Crici\u00fama &#8211; SC.<\/p>\n<p>Inicio da manh\u00e3 do dia 08 de maio, com temperatura de 13\u00ba graus e chuva em Curitiba &#8211; PR, \u00e0s 8h, seguiu viagem para Joinville &#8211; SC com dist\u00e2ncias de 120 km passando por muita chuva e frio durante todo do trajeto.<\/p>\n<p>Carioca n\u00e3o pode ficar numa cortesia no Hotel Ibis em Joinville -SC, devido a um evento na cidade e por isso o hotel esteve lotado.<\/p>\n<p>Chegou \u00e0s 17h 50min na cidade de Pirabeiraba &#8211; Joinville &#8211; SC, no Hotel Ervin a 8 km do Centro, todo molhado e com muito frio.<\/p>\n<p>No caminho, carioca foi abordado por um ciclista de nome Willian Sobrinho, pr\u00f3ximo a sua Cidade S\u00e3o Jos\u00e9 dos Pinhais &#8211; PR, conversaram sobre o Projeto UBAG\u00c9, tirou fotos e trocaram contatos.<\/p>\n<p>Mais a frente um caminhoneiro, que estava no acostamento parado, aproveitou a oportunidade e foi at\u00e9 ele para falar do Projeto UBAG\u00c9 e entregar adesivos e tirar fotos.<\/p>\n<p>Na manh\u00e3 de quarta-feira Carioca disse que nunca descansou t\u00e3o bem, foi um sono reparador, as estradas \u00e9 muito tensa, pedala orando o tempo todo. Amanheceu com o tempo fechado e garoando e nessas horas que precisa decidir o que fazer, logo &nbsp;a chuva parou e fui a destino de Itaja\u00ed &#8211; SC, saindo no hotel por volta das 8h.<\/p>\n<p>No caminho ainda a cidade de Pirabeiraba &#8211; SC Carioca encontrou Juarez, um andarilho com sua carro\u00e7a pesada e dois cachorros. Com muitas hist\u00f3rias para contar e fizeram v\u00eddeos, conversaram e tiraram fotos.<\/p>\n<p>Perto do hor\u00e1rio de almo\u00e7ar mais ou menos \u00e0s 12h 45min, parou na Lancheria e Restaurante S\u00edtio, do propriet\u00e1rio Sr. Lucio Mauro Stein em Araquari &#8211; SC. Carioca mostrou o Projeto UBAG\u00c9 e ganhou o almo\u00e7o, por sinal uma del\u00edcia! Descansou um pouco e como era um restaurante cheio de caminhoneiros, come\u00e7ou a falar sobre o projeto entregando os adesivos.<\/p>\n<p>E em viagem, os planos era de parar para dormir em Barra Velha &#8211; SC, mas resolveu entrar na cidade e visitar uma loja Aviz bike do propriet\u00e1rio Sr. Galego nome mais conhecido. Comprou dois adesivos para ajudar e seguiu para pernoitar em Itajai &#8211; SC.<\/p>\n<p>Carioca fez uma liga\u00e7\u00e3o para o amigo Marcio Kestering Gerente Geral do Ibis budget em Curitiba &#8211; PR, o primeiro incentivador do Projeto UBAG\u00c9 e prontamente entrou em contato com a gerente Sabrina Sachet gerente do Hotel Ibis budget de Itaja\u00ed &#8211; SC que mais uma vez teve o privil\u00e9gio de mais uma noite hospedado.<\/p>\n<p>Chegando em Itaja\u00ed \u2013 SC, Carioca foi recepcionado por dois ciclistas e uma crian\u00e7a na cadeirinha, acompanhou at\u00e9 o Hotel Ibis Budget.<\/p>\n","protected":false},"excerpt":{"rendered":"<p>&nbsp; O ciclista Arnaldo Collares Lage (Carioca) saiu de Ub\u00e1<\/p>\n","protected":false},"author":2,"featured_media":3273,"comment_status":"open","ping_status":"open","sticky":false,"template":"","format":"standard","meta":{"footnotes":""},"categories":[1],"tags":[],"class_list":["post-3263","post","type-post","status-publish","format-standard","has-post-thumbnail","hentry","category-sem-categoria"],"yoast_head":"<!-- This site is optimized with the Yoast SEO plugin v27.2 - https:\/\/yoast.com\/product\/yoast-seo-wordpress\/ -->\n<title>Dias de frio e chuva para o ciclista Carioca - Ub\u00e1 News<\/title>\n<meta name=\"robots\" content=\"index, follow, max-snippet:-1, max-image-preview:large, max-video-preview:-1\" \/>\n<link rel=\"canonical\" href=\"https:\/\/ubanews.com\/site\/2018\/05\/11\/dias-de-frio-e-chuva-para-o-ciclista-carioca\/\" \/>\n<meta property=\"og:locale\" content=\"pt_BR\" \/>\n<meta property=\"og:type\" content=\"article\" \/>\n<meta property=\"og:title\" content=\"Dias de frio e chuva para o ciclista Carioca - Ub\u00e1 News\" \/>\n<meta property=\"og:description\" content=\"&nbsp; O ciclista Arnaldo Collares Lage (Carioca) saiu de Ub\u00e1\" \/>\n<meta property=\"og:url\" content=\"https:\/\/ubanews.com\/site\/2018\/05\/11\/dias-de-frio-e-chuva-para-o-ciclista-carioca\/\" \/>\n<meta property=\"og:site_name\" content=\"Ub\u00e1 News\" \/>\n<meta property=\"article:publisher\" content=\"https:\/\/www.facebook.com\/Ub%c3%a1News-Carlos-Roberto-Sodr%c3%a9-418778301977370\" \/>\n<meta property=\"article:author\" content=\"https:\/\/www.facebook.com\/carosroberto.sodre.5\/\" \/>\n<meta property=\"article:published_time\" content=\"2018-05-11T17:36:19+00:00\" \/>\n<meta property=\"article:modified_time\" content=\"2018-05-14T17:51:17+00:00\" \/>\n<meta property=\"og:image\" content=\"https:\/\/ubanews.com\/site\/wp-content\/uploads\/2018\/05\/IMG-20180509-WA0012-c\u00f3pia.jpg\" \/>\n\t<meta property=\"og:image:width\" content=\"800\" \/>\n\t<meta property=\"og:image:height\" content=\"457\" \/>\n\t<meta property=\"og:image:type\" content=\"image\/jpeg\" \/>\n<meta name=\"author\" content=\"Sodr\u00e9\" \/>\n<meta name=\"twitter:card\" content=\"summary_large_image\" \/>\n<meta name=\"twitter:label1\" content=\"Escrito por\" \/>\n\t<meta name=\"twitter:data1\" content=\"Sodr\u00e9\" \/>\n\t<meta name=\"twitter:label2\" content=\"Est. tempo de leitura\" \/>\n\t<meta name=\"twitter:data2\" content=\"4 minutos\" \/>\n<script type=\"application\/ld+json\" class=\"yoast-schema-graph\">{\"@context\":\"https:\/\/schema.org\",\"@graph\":[{\"@type\":\"Article\",\"@id\":\"https:\/\/ubanews.com\/site\/2018\/05\/11\/dias-de-frio-e-chuva-para-o-ciclista-carioca\/#article\",\"isPartOf\":{\"@id\":\"https:\/\/ubanews.com\/site\/2018\/05\/11\/dias-de-frio-e-chuva-para-o-ciclista-carioca\/\"},\"author\":{\"name\":\"Sodr\u00e9\",\"@id\":\"https:\/\/ubanews.com\/site\/#\/schema\/person\/d90c9e47252fbb63dcc969fe4c8b9d10\"},\"headline\":\"Dias de frio e chuva para o ciclista Carioca\",\"datePublished\":\"2018-05-11T17:36:19+00:00\",\"dateModified\":\"2018-05-14T17:51:17+00:00\",\"mainEntityOfPage\":{\"@id\":\"https:\/\/ubanews.com\/site\/2018\/05\/11\/dias-de-frio-e-chuva-para-o-ciclista-carioca\/\"},\"wordCount\":795,\"commentCount\":3,\"publisher\":{\"@id\":\"https:\/\/ubanews.com\/site\/#organization\"},\"image\":{\"@id\":\"https:\/\/ubanews.com\/site\/2018\/05\/11\/dias-de-frio-e-chuva-para-o-ciclista-carioca\/#primaryimage\"},\"thumbnailUrl\":\"https:\/\/ubanews.com\/site\/wp-content\/uploads\/2018\/05\/IMG-20180509-WA0012-c\u00f3pia.jpg\",\"articleSection\":[\"Geral\"],\"inLanguage\":\"pt-BR\",\"potentialAction\":[{\"@type\":\"CommentAction\",\"name\":\"Comment\",\"target\":[\"https:\/\/ubanews.com\/site\/2018\/05\/11\/dias-de-frio-e-chuva-para-o-ciclista-carioca\/#respond\"]}]},{\"@type\":\"WebPage\",\"@id\":\"https:\/\/ubanews.com\/site\/2018\/05\/11\/dias-de-frio-e-chuva-para-o-ciclista-carioca\/\",\"url\":\"https:\/\/ubanews.com\/site\/2018\/05\/11\/dias-de-frio-e-chuva-para-o-ciclista-carioca\/\",\"name\":\"Dias de frio e chuva para o ciclista Carioca - Ub\u00e1 News\",\"isPartOf\":{\"@id\":\"https:\/\/ubanews.com\/site\/#website\"},\"primaryImageOfPage\":{\"@id\":\"https:\/\/ubanews.com\/site\/2018\/05\/11\/dias-de-frio-e-chuva-para-o-ciclista-carioca\/#primaryimage\"},\"image\":{\"@id\":\"https:\/\/ubanews.com\/site\/2018\/05\/11\/dias-de-frio-e-chuva-para-o-ciclista-carioca\/#primaryimage\"},\"thumbnailUrl\":\"https:\/\/ubanews.com\/site\/wp-content\/uploads\/2018\/05\/IMG-20180509-WA0012-c\u00f3pia.jpg\",\"datePublished\":\"2018-05-11T17:36:19+00:00\",\"dateModified\":\"2018-05-14T17:51:17+00:00\",\"breadcrumb\":{\"@id\":\"https:\/\/ubanews.com\/site\/2018\/05\/11\/dias-de-frio-e-chuva-para-o-ciclista-carioca\/#breadcrumb\"},\"inLanguage\":\"pt-BR\",\"potentialAction\":[{\"@type\":\"ReadAction\",\"target\":[\"https:\/\/ubanews.com\/site\/2018\/05\/11\/dias-de-frio-e-chuva-para-o-ciclista-carioca\/\"]}]},{\"@type\":\"ImageObject\",\"inLanguage\":\"pt-BR\",\"@id\":\"https:\/\/ubanews.com\/site\/2018\/05\/11\/dias-de-frio-e-chuva-para-o-ciclista-carioca\/#primaryimage\",\"url\":\"https:\/\/ubanews.com\/site\/wp-content\/uploads\/2018\/05\/IMG-20180509-WA0012-c\u00f3pia.jpg\",\"contentUrl\":\"https:\/\/ubanews.com\/site\/wp-content\/uploads\/2018\/05\/IMG-20180509-WA0012-c\u00f3pia.jpg\",\"width\":800,\"height\":457},{\"@type\":\"BreadcrumbList\",\"@id\":\"https:\/\/ubanews.com\/site\/2018\/05\/11\/dias-de-frio-e-chuva-para-o-ciclista-carioca\/#breadcrumb\",\"itemListElement\":[{\"@type\":\"ListItem\",\"position\":1,\"name\":\"Home\",\"item\":\"https:\/\/ubanews.com\/site\/\"},{\"@type\":\"ListItem\",\"position\":2,\"name\":\"Dias de frio e chuva para o ciclista Carioca\"}]},{\"@type\":\"WebSite\",\"@id\":\"https:\/\/ubanews.com\/site\/#website\",\"url\":\"https:\/\/ubanews.com\/site\/\",\"name\":\"Ub\u00e1 News\",\"description\":\"\",\"publisher\":{\"@id\":\"https:\/\/ubanews.com\/site\/#organization\"},\"potentialAction\":[{\"@type\":\"SearchAction\",\"target\":{\"@type\":\"EntryPoint\",\"urlTemplate\":\"https:\/\/ubanews.com\/site\/?s={search_term_string}\"},\"query-input\":{\"@type\":\"PropertyValueSpecification\",\"valueRequired\":true,\"valueName\":\"search_term_string\"}}],\"inLanguage\":\"pt-BR\"},{\"@type\":\"Organization\",\"@id\":\"https:\/\/ubanews.com\/site\/#organization\",\"name\":\"Ub\u00e1 News\",\"url\":\"https:\/\/ubanews.com\/site\/\",\"logo\":{\"@type\":\"ImageObject\",\"inLanguage\":\"pt-BR\",\"@id\":\"https:\/\/ubanews.com\/site\/#\/schema\/logo\/image\/\",\"url\":\"https:\/\/ubanews.com\/site\/wp-content\/uploads\/2018\/01\/logoubanews.png\",\"contentUrl\":\"https:\/\/ubanews.com\/site\/wp-content\/uploads\/2018\/01\/logoubanews.png\",\"width\":261,\"height\":99,\"caption\":\"Ub\u00e1 News\"},\"image\":{\"@id\":\"https:\/\/ubanews.com\/site\/#\/schema\/logo\/image\/\"},\"sameAs\":[\"https:\/\/www.facebook.com\/Ub\u00e1News-Carlos-Roberto-Sodr\u00e9-418778301977370\"]},{\"@type\":\"Person\",\"@id\":\"https:\/\/ubanews.com\/site\/#\/schema\/person\/d90c9e47252fbb63dcc969fe4c8b9d10\",\"name\":\"Sodr\u00e9\",\"image\":{\"@type\":\"ImageObject\",\"inLanguage\":\"pt-BR\",\"@id\":\"https:\/\/secure.gravatar.com\/avatar\/5ba2793f0590b9dbfad3fdec4ee714485b3eef211c9b32ee53d414060454a56c?s=96&d=mm&r=g\",\"url\":\"https:\/\/secure.gravatar.com\/avatar\/5ba2793f0590b9dbfad3fdec4ee714485b3eef211c9b32ee53d414060454a56c?s=96&d=mm&r=g\",\"contentUrl\":\"https:\/\/secure.gravatar.com\/avatar\/5ba2793f0590b9dbfad3fdec4ee714485b3eef211c9b32ee53d414060454a56c?s=96&d=mm&r=g\",\"caption\":\"Sodr\u00e9\"},\"sameAs\":[\"https:\/\/www.facebook.com\/carosroberto.sodre.5\/\"],\"url\":\"https:\/\/ubanews.com\/site\/author\/felipe\/\"}]}<\/script>\n<!-- \/ Yoast SEO plugin. -->","yoast_head_json":{"title":"Dias de frio e chuva para o ciclista Carioca - Ub\u00e1 News","robots":{"index":"index","follow":"follow","max-snippet":"max-snippet:-1","max-image-preview":"max-image-preview:large","max-video-preview":"max-video-preview:-1"},"canonical":"https:\/\/ubanews.com\/site\/2018\/05\/11\/dias-de-frio-e-chuva-para-o-ciclista-carioca\/","og_locale":"pt_BR","og_type":"article","og_title":"Dias de frio e chuva para o ciclista Carioca - Ub\u00e1 News","og_description":"&nbsp; O ciclista Arnaldo Collares Lage (Carioca) saiu de Ub\u00e1","og_url":"https:\/\/ubanews.com\/site\/2018\/05\/11\/dias-de-frio-e-chuva-para-o-ciclista-carioca\/","og_site_name":"Ub\u00e1 News","article_publisher":"https:\/\/www.facebook.com\/Ub%c3%a1News-Carlos-Roberto-Sodr%c3%a9-418778301977370","article_author":"https:\/\/www.facebook.com\/carosroberto.sodre.5\/","article_published_time":"2018-05-11T17:36:19+00:00","article_modified_time":"2018-05-14T17:51:17+00:00","og_image":[{"width":800,"height":457,"url":"https:\/\/ubanews.com\/site\/wp-content\/uploads\/2018\/05\/IMG-20180509-WA0012-c\u00f3pia.jpg","type":"image\/jpeg"}],"author":"Sodr\u00e9","twitter_card":"summary_large_image","twitter_misc":{"Escrito por":"Sodr\u00e9","Est. tempo de leitura":"4 minutos"},"schema":{"@context":"https:\/\/schema.org","@graph":[{"@type":"Article","@id":"https:\/\/ubanews.com\/site\/2018\/05\/11\/dias-de-frio-e-chuva-para-o-ciclista-carioca\/#article","isPartOf":{"@id":"https:\/\/ubanews.com\/site\/2018\/05\/11\/dias-de-frio-e-chuva-para-o-ciclista-carioca\/"},"author":{"name":"Sodr\u00e9","@id":"https:\/\/ubanews.com\/site\/#\/schema\/person\/d90c9e47252fbb63dcc969fe4c8b9d10"},"headline":"Dias de frio e chuva para o ciclista Carioca","datePublished":"2018-05-11T17:36:19+00:00","dateModified":"2018-05-14T17:51:17+00:00","mainEntityOfPage":{"@id":"https:\/\/ubanews.com\/site\/2018\/05\/11\/dias-de-frio-e-chuva-para-o-ciclista-carioca\/"},"wordCount":795,"commentCount":3,"publisher":{"@id":"https:\/\/ubanews.com\/site\/#organization"},"image":{"@id":"https:\/\/ubanews.com\/site\/2018\/05\/11\/dias-de-frio-e-chuva-para-o-ciclista-carioca\/#primaryimage"},"thumbnailUrl":"https:\/\/ubanews.com\/site\/wp-content\/uploads\/2018\/05\/IMG-20180509-WA0012-c\u00f3pia.jpg","articleSection":["Geral"],"inLanguage":"pt-BR","potentialAction":[{"@type":"CommentAction","name":"Comment","target":["https:\/\/ubanews.com\/site\/2018\/05\/11\/dias-de-frio-e-chuva-para-o-ciclista-carioca\/#respond"]}]},{"@type":"WebPage","@id":"https:\/\/ubanews.com\/site\/2018\/05\/11\/dias-de-frio-e-chuva-para-o-ciclista-carioca\/","url":"https:\/\/ubanews.com\/site\/2018\/05\/11\/dias-de-frio-e-chuva-para-o-ciclista-carioca\/","name":"Dias de frio e chuva para o ciclista Carioca - Ub\u00e1 News","isPartOf":{"@id":"https:\/\/ubanews.com\/site\/#website"},"primaryImageOfPage":{"@id":"https:\/\/ubanews.com\/site\/2018\/05\/11\/dias-de-frio-e-chuva-para-o-ciclista-carioca\/#primaryimage"},"image":{"@id":"https:\/\/ubanews.com\/site\/2018\/05\/11\/dias-de-frio-e-chuva-para-o-ciclista-carioca\/#primaryimage"},"thumbnailUrl":"https:\/\/ubanews.com\/site\/wp-content\/uploads\/2018\/05\/IMG-20180509-WA0012-c\u00f3pia.jpg","datePublished":"2018-05-11T17:36:19+00:00","dateModified":"2018-05-14T17:51:17+00:00","breadcrumb":{"@id":"https:\/\/ubanews.com\/site\/2018\/05\/11\/dias-de-frio-e-chuva-para-o-ciclista-carioca\/#breadcrumb"},"inLanguage":"pt-BR","potentialAction":[{"@type":"ReadAction","target":["https:\/\/ubanews.com\/site\/2018\/05\/11\/dias-de-frio-e-chuva-para-o-ciclista-carioca\/"]}]},{"@type":"ImageObject","inLanguage":"pt-BR","@id":"https:\/\/ubanews.com\/site\/2018\/05\/11\/dias-de-frio-e-chuva-para-o-ciclista-carioca\/#primaryimage","url":"https:\/\/ubanews.com\/site\/wp-content\/uploads\/2018\/05\/IMG-20180509-WA0012-c\u00f3pia.jpg","contentUrl":"https:\/\/ubanews.com\/site\/wp-content\/uploads\/2018\/05\/IMG-20180509-WA0012-c\u00f3pia.jpg","width":800,"height":457},{"@type":"BreadcrumbList","@id":"https:\/\/ubanews.com\/site\/2018\/05\/11\/dias-de-frio-e-chuva-para-o-ciclista-carioca\/#breadcrumb","itemListElement":[{"@type":"ListItem","position":1,"name":"Home","item":"https:\/\/ubanews.com\/site\/"},{"@type":"ListItem","position":2,"name":"Dias de frio e chuva para o ciclista Carioca"}]},{"@type":"WebSite","@id":"https:\/\/ubanews.com\/site\/#website","url":"https:\/\/ubanews.com\/site\/","name":"Ub\u00e1 News","description":"","publisher":{"@id":"https:\/\/ubanews.com\/site\/#organization"},"potentialAction":[{"@type":"SearchAction","target":{"@type":"EntryPoint","urlTemplate":"https:\/\/ubanews.com\/site\/?s={search_term_string}"},"query-input":{"@type":"PropertyValueSpecification","valueRequired":true,"valueName":"search_term_string"}}],"inLanguage":"pt-BR"},{"@type":"Organization","@id":"https:\/\/ubanews.com\/site\/#organization","name":"Ub\u00e1 News","url":"https:\/\/ubanews.com\/site\/","logo":{"@type":"ImageObject","inLanguage":"pt-BR","@id":"https:\/\/ubanews.com\/site\/#\/schema\/logo\/image\/","url":"https:\/\/ubanews.com\/site\/wp-content\/uploads\/2018\/01\/logoubanews.png","contentUrl":"https:\/\/ubanews.com\/site\/wp-content\/uploads\/2018\/01\/logoubanews.png","width":261,"height":99,"caption":"Ub\u00e1 News"},"image":{"@id":"https:\/\/ubanews.com\/site\/#\/schema\/logo\/image\/"},"sameAs":["https:\/\/www.facebook.com\/Ub\u00e1News-Carlos-Roberto-Sodr\u00e9-418778301977370"]},{"@type":"Person","@id":"https:\/\/ubanews.com\/site\/#\/schema\/person\/d90c9e47252fbb63dcc969fe4c8b9d10","name":"Sodr\u00e9","image":{"@type":"ImageObject","inLanguage":"pt-BR","@id":"https:\/\/secure.gravatar.com\/avatar\/5ba2793f0590b9dbfad3fdec4ee714485b3eef211c9b32ee53d414060454a56c?s=96&d=mm&r=g","url":"https:\/\/secure.gravatar.com\/avatar\/5ba2793f0590b9dbfad3fdec4ee714485b3eef211c9b32ee53d414060454a56c?s=96&d=mm&r=g","contentUrl":"https:\/\/secure.gravatar.com\/avatar\/5ba2793f0590b9dbfad3fdec4ee714485b3eef211c9b32ee53d414060454a56c?s=96&d=mm&r=g","caption":"Sodr\u00e9"},"sameAs":["https:\/\/www.facebook.com\/carosroberto.sodre.5\/"],"url":"https:\/\/ubanews.com\/site\/author\/felipe\/"}]}},"_links":{"self":[{"href":"https:\/\/ubanews.com\/site\/wp-json\/wp\/v2\/posts\/3263","targetHints":{"allow":["GET"]}}],"collection":[{"href":"https:\/\/ubanews.com\/site\/wp-json\/wp\/v2\/posts"}],"about":[{"href":"https:\/\/ubanews.com\/site\/wp-json\/wp\/v2\/types\/post"}],"author":[{"embeddable":true,"href":"https:\/\/ubanews.com\/site\/wp-json\/wp\/v2\/users\/2"}],"replies":[{"embeddable":true,"href":"https:\/\/ubanews.com\/site\/wp-json\/wp\/v2\/comments?post=3263"}],"version-history":[{"count":0,"href":"https:\/\/ubanews.com\/site\/wp-json\/wp\/v2\/posts\/3263\/revisions"}],"wp:featuredmedia":[{"embeddable":true,"href":"https:\/\/ubanews.com\/site\/wp-json\/wp\/v2\/media\/3273"}],"wp:attachment":[{"href":"https:\/\/ubanews.com\/site\/wp-json\/wp\/v2\/media?parent=3263"}],"wp:term":[{"taxonomy":"category","embeddable":true,"href":"https:\/\/ubanews.com\/site\/wp-json\/wp\/v2\/categories?post=3263"},{"taxonomy":"post_tag","embeddable":true,"href":"https:\/\/ubanews.com\/site\/wp-json\/wp\/v2\/tags?post=3263"}],"curies":[{"name":"wp","href":"https:\/\/api.w.org\/{rel}","templated":true}]}}