{"id":325,"date":"2018-02-28T17:53:35","date_gmt":"2018-02-28T20:53:35","guid":{"rendered":"http:\/\/ubanews.com\/site\/?p=325"},"modified":"2018-02-28T17:53:35","modified_gmt":"2018-02-28T20:53:35","slug":"familiares-de-aluna-da-apae-comemoram-aniversario-em-forma-de-acao-de-gracas","status":"publish","type":"post","link":"https:\/\/ubanews.com\/site\/2018\/02\/28\/familiares-de-aluna-da-apae-comemoram-aniversario-em-forma-de-acao-de-gracas\/","title":{"rendered":"Familiares de aluna da APAE comemoram anivers\u00e1rio em forma de a\u00e7\u00e3o de gra\u00e7as"},"content":{"rendered":"<p><img decoding=\"async\" class=\"alignnone size-full wp-image-321 lazyload\" style=\"--smush-placeholder-width: 2894px; --smush-placeholder-aspect-ratio: 2894\/1654;font-size: 1.0625rem;\" data-src=\"https:\/\/ubanews.com\/site\/wp-content\/uploads\/2018\/02\/3.jpg\" alt=\"\" width=\"2894\" height=\"1654\" data-srcset=\"https:\/\/ubanews.com\/site\/wp-content\/uploads\/2018\/02\/3.jpg 800w, https:\/\/ubanews.com\/site\/wp-content\/uploads\/2018\/02\/3-300x171.jpg 300w, https:\/\/ubanews.com\/site\/wp-content\/uploads\/2018\/02\/3-768x439.jpg 768w, https:\/\/ubanews.com\/site\/wp-content\/uploads\/2018\/02\/3-1024x585.jpg 1024w\" data-sizes=\"(max-width: 2894px) 100vw, 2894px\" src=\"data:image\/svg+xml;base64,PHN2ZyB3aWR0aD0iMSIgaGVpZ2h0PSIxIiB4bWxucz0iaHR0cDovL3d3dy53My5vcmcvMjAwMC9zdmciPjwvc3ZnPg==\" \/><span style=\"font-size: 1.0625rem;\"><img decoding=\"async\" class=\"alignnone size-full wp-image-320 lazyload\" data-src=\"https:\/\/ubanews.com\/site\/wp-content\/uploads\/2018\/02\/2.jpg\" alt=\"\" width=\"2894\" height=\"1654\" data-srcset=\"https:\/\/ubanews.com\/site\/wp-content\/uploads\/2018\/02\/2.jpg 800w, https:\/\/ubanews.com\/site\/wp-content\/uploads\/2018\/02\/2-300x171.jpg 300w, https:\/\/ubanews.com\/site\/wp-content\/uploads\/2018\/02\/2-768x439.jpg 768w, https:\/\/ubanews.com\/site\/wp-content\/uploads\/2018\/02\/2-1024x585.jpg 1024w\" data-sizes=\"(max-width: 2894px) 100vw, 2894px\" src=\"data:image\/svg+xml;base64,PHN2ZyB3aWR0aD0iMSIgaGVpZ2h0PSIxIiB4bWxucz0iaHR0cDovL3d3dy53My5vcmcvMjAwMC9zdmciPjwvc3ZnPg==\" style=\"--smush-placeholder-width: 2894px; --smush-placeholder-aspect-ratio: 2894\/1654;\" \/><\/span><img decoding=\"async\" class=\"alignnone size-full wp-image-322 lazyload\" style=\"--smush-placeholder-width: 2894px; --smush-placeholder-aspect-ratio: 2894\/1654;font-size: 1.0625rem;\" data-src=\"https:\/\/ubanews.com\/site\/wp-content\/uploads\/2018\/02\/4.jpg\" alt=\"\" width=\"2894\" height=\"1654\" data-srcset=\"https:\/\/ubanews.com\/site\/wp-content\/uploads\/2018\/02\/4.jpg 800w, https:\/\/ubanews.com\/site\/wp-content\/uploads\/2018\/02\/4-300x171.jpg 300w, https:\/\/ubanews.com\/site\/wp-content\/uploads\/2018\/02\/4-768x439.jpg 768w, https:\/\/ubanews.com\/site\/wp-content\/uploads\/2018\/02\/4-1024x585.jpg 1024w\" data-sizes=\"(max-width: 2894px) 100vw, 2894px\" src=\"data:image\/svg+xml;base64,PHN2ZyB3aWR0aD0iMSIgaGVpZ2h0PSIxIiB4bWxucz0iaHR0cDovL3d3dy53My5vcmcvMjAwMC9zdmciPjwvc3ZnPg==\" \/> <img decoding=\"async\" class=\"alignnone size-full wp-image-323 lazyload\" style=\"--smush-placeholder-width: 2894px; --smush-placeholder-aspect-ratio: 2894\/1654;font-size: 1.0625rem;\" data-src=\"https:\/\/ubanews.com\/site\/wp-content\/uploads\/2018\/02\/5.jpg\" alt=\"\" width=\"2894\" height=\"1654\" data-srcset=\"https:\/\/ubanews.com\/site\/wp-content\/uploads\/2018\/02\/5.jpg 800w, https:\/\/ubanews.com\/site\/wp-content\/uploads\/2018\/02\/5-300x171.jpg 300w, https:\/\/ubanews.com\/site\/wp-content\/uploads\/2018\/02\/5-768x439.jpg 768w, https:\/\/ubanews.com\/site\/wp-content\/uploads\/2018\/02\/5-1024x585.jpg 1024w\" data-sizes=\"(max-width: 2894px) 100vw, 2894px\" src=\"data:image\/svg+xml;base64,PHN2ZyB3aWR0aD0iMSIgaGVpZ2h0PSIxIiB4bWxucz0iaHR0cDovL3d3dy53My5vcmcvMjAwMC9zdmciPjwvc3ZnPg==\" \/> <img decoding=\"async\" class=\"alignnone size-full wp-image-324 lazyload\" style=\"--smush-placeholder-width: 2894px; --smush-placeholder-aspect-ratio: 2894\/1654;font-size: 1.0625rem;\" data-src=\"https:\/\/ubanews.com\/site\/wp-content\/uploads\/2018\/02\/6.jpg\" alt=\"\" width=\"2894\" height=\"1654\" data-srcset=\"https:\/\/ubanews.com\/site\/wp-content\/uploads\/2018\/02\/6.jpg 800w, https:\/\/ubanews.com\/site\/wp-content\/uploads\/2018\/02\/6-300x171.jpg 300w, https:\/\/ubanews.com\/site\/wp-content\/uploads\/2018\/02\/6-768x439.jpg 768w, https:\/\/ubanews.com\/site\/wp-content\/uploads\/2018\/02\/6-1024x585.jpg 1024w\" data-sizes=\"(max-width: 2894px) 100vw, 2894px\" src=\"data:image\/svg+xml;base64,PHN2ZyB3aWR0aD0iMSIgaGVpZ2h0PSIxIiB4bWxucz0iaHR0cDovL3d3dy53My5vcmcvMjAwMC9zdmciPjwvc3ZnPg==\" \/><\/p>\n<p>O piso superior da Apae de Ub\u00e1 foi s\u00f3 alegria no final da tarde dessa quarta-feira (28). Familiares, amiguinhos, comunidade apaeana e toda a dire\u00e7\u00e3o cantaram parab\u00e9ns para a filha de Jos\u00e9 Carlos Quirino e Maria Aparecida dos Santos Quirino.<\/p>\n<p>&nbsp;&nbsp;&nbsp;&nbsp;&nbsp;&nbsp;&nbsp;&nbsp;&nbsp;&nbsp;&nbsp;&nbsp; Depois de nove gesta\u00e7\u00f5es interrompidas por problemas de sa\u00fade, os pais de Maria das Gra\u00e7as dos Santos Qurino agradecem a Deus pela vida de sua filha. H\u00e1 12 anos nascia no Hospital S\u00e3o Sebasti\u00e3o em Vi\u00e7osa com apenas seis meses de gesta\u00e7\u00e3o, pesando 650 gramas. Os pais de Maria das Gra\u00e7as compartilham da mesma opini\u00e3o: \u201cessa nossa filha \u00e9 uma gra\u00e7a de Deus, por isso, recebeu esse nome. Essa alegria que estamos sentindo merece ser dividida com todos os nossos amigos (a)\u201d.<\/p>\n","protected":false},"excerpt":{"rendered":"<p>O piso superior da Apae de Ub\u00e1 foi s\u00f3 alegria<\/p>\n","protected":false},"author":2,"featured_media":319,"comment_status":"open","ping_status":"open","sticky":false,"template":"","format":"standard","meta":{"footnotes":""},"categories":[1],"tags":[],"class_list":["post-325","post","type-post","status-publish","format-standard","has-post-thumbnail","hentry","category-sem-categoria"],"yoast_head":"<!-- This site is optimized with the Yoast SEO plugin v27.2 - https:\/\/yoast.com\/product\/yoast-seo-wordpress\/ -->\n<title>Familiares de aluna da APAE comemoram anivers\u00e1rio em forma de a\u00e7\u00e3o de gra\u00e7as - Ub\u00e1 News<\/title>\n<meta name=\"robots\" content=\"index, follow, max-snippet:-1, max-image-preview:large, max-video-preview:-1\" \/>\n<link rel=\"canonical\" href=\"https:\/\/ubanews.com\/site\/2018\/02\/28\/familiares-de-aluna-da-apae-comemoram-aniversario-em-forma-de-acao-de-gracas\/\" \/>\n<meta property=\"og:locale\" content=\"pt_BR\" \/>\n<meta property=\"og:type\" content=\"article\" \/>\n<meta property=\"og:title\" content=\"Familiares de aluna da APAE comemoram anivers\u00e1rio em forma de a\u00e7\u00e3o de gra\u00e7as - Ub\u00e1 News\" \/>\n<meta property=\"og:description\" content=\"O piso superior da Apae de Ub\u00e1 foi s\u00f3 alegria\" \/>\n<meta property=\"og:url\" content=\"https:\/\/ubanews.com\/site\/2018\/02\/28\/familiares-de-aluna-da-apae-comemoram-aniversario-em-forma-de-acao-de-gracas\/\" \/>\n<meta property=\"og:site_name\" content=\"Ub\u00e1 News\" \/>\n<meta property=\"article:publisher\" content=\"https:\/\/www.facebook.com\/Ub%c3%a1News-Carlos-Roberto-Sodr%c3%a9-418778301977370\" \/>\n<meta property=\"article:author\" content=\"https:\/\/www.facebook.com\/carosroberto.sodre.5\/\" \/>\n<meta property=\"article:published_time\" content=\"2018-02-28T20:53:35+00:00\" \/>\n<meta property=\"og:image\" content=\"https:\/\/ubanews.com\/site\/wp-content\/uploads\/2018\/02\/1.jpg\" \/>\n\t<meta property=\"og:image:width\" content=\"800\" \/>\n\t<meta property=\"og:image:height\" content=\"457\" \/>\n\t<meta property=\"og:image:type\" content=\"image\/jpeg\" \/>\n<meta name=\"author\" content=\"Sodr\u00e9\" \/>\n<meta name=\"twitter:card\" content=\"summary_large_image\" \/>\n<meta name=\"twitter:label1\" content=\"Escrito por\" \/>\n\t<meta name=\"twitter:data1\" content=\"Sodr\u00e9\" \/>\n\t<meta name=\"twitter:label2\" content=\"Est. tempo de leitura\" \/>\n\t<meta name=\"twitter:data2\" content=\"1 minuto\" \/>\n<script type=\"application\/ld+json\" class=\"yoast-schema-graph\">{\"@context\":\"https:\/\/schema.org\",\"@graph\":[{\"@type\":\"Article\",\"@id\":\"https:\/\/ubanews.com\/site\/2018\/02\/28\/familiares-de-aluna-da-apae-comemoram-aniversario-em-forma-de-acao-de-gracas\/#article\",\"isPartOf\":{\"@id\":\"https:\/\/ubanews.com\/site\/2018\/02\/28\/familiares-de-aluna-da-apae-comemoram-aniversario-em-forma-de-acao-de-gracas\/\"},\"author\":{\"name\":\"Sodr\u00e9\",\"@id\":\"https:\/\/ubanews.com\/site\/#\/schema\/person\/d90c9e47252fbb63dcc969fe4c8b9d10\"},\"headline\":\"Familiares de aluna da APAE comemoram anivers\u00e1rio em forma de a\u00e7\u00e3o de gra\u00e7as\",\"datePublished\":\"2018-02-28T20:53:35+00:00\",\"mainEntityOfPage\":{\"@id\":\"https:\/\/ubanews.com\/site\/2018\/02\/28\/familiares-de-aluna-da-apae-comemoram-aniversario-em-forma-de-acao-de-gracas\/\"},\"wordCount\":158,\"commentCount\":2,\"publisher\":{\"@id\":\"https:\/\/ubanews.com\/site\/#organization\"},\"image\":{\"@id\":\"https:\/\/ubanews.com\/site\/2018\/02\/28\/familiares-de-aluna-da-apae-comemoram-aniversario-em-forma-de-acao-de-gracas\/#primaryimage\"},\"thumbnailUrl\":\"https:\/\/ubanews.com\/site\/wp-content\/uploads\/2018\/02\/1.jpg\",\"articleSection\":[\"Geral\"],\"inLanguage\":\"pt-BR\",\"potentialAction\":[{\"@type\":\"CommentAction\",\"name\":\"Comment\",\"target\":[\"https:\/\/ubanews.com\/site\/2018\/02\/28\/familiares-de-aluna-da-apae-comemoram-aniversario-em-forma-de-acao-de-gracas\/#respond\"]}]},{\"@type\":\"WebPage\",\"@id\":\"https:\/\/ubanews.com\/site\/2018\/02\/28\/familiares-de-aluna-da-apae-comemoram-aniversario-em-forma-de-acao-de-gracas\/\",\"url\":\"https:\/\/ubanews.com\/site\/2018\/02\/28\/familiares-de-aluna-da-apae-comemoram-aniversario-em-forma-de-acao-de-gracas\/\",\"name\":\"Familiares de aluna da APAE comemoram anivers\u00e1rio em forma de a\u00e7\u00e3o de gra\u00e7as - Ub\u00e1 News\",\"isPartOf\":{\"@id\":\"https:\/\/ubanews.com\/site\/#website\"},\"primaryImageOfPage\":{\"@id\":\"https:\/\/ubanews.com\/site\/2018\/02\/28\/familiares-de-aluna-da-apae-comemoram-aniversario-em-forma-de-acao-de-gracas\/#primaryimage\"},\"image\":{\"@id\":\"https:\/\/ubanews.com\/site\/2018\/02\/28\/familiares-de-aluna-da-apae-comemoram-aniversario-em-forma-de-acao-de-gracas\/#primaryimage\"},\"thumbnailUrl\":\"https:\/\/ubanews.com\/site\/wp-content\/uploads\/2018\/02\/1.jpg\",\"datePublished\":\"2018-02-28T20:53:35+00:00\",\"breadcrumb\":{\"@id\":\"https:\/\/ubanews.com\/site\/2018\/02\/28\/familiares-de-aluna-da-apae-comemoram-aniversario-em-forma-de-acao-de-gracas\/#breadcrumb\"},\"inLanguage\":\"pt-BR\",\"potentialAction\":[{\"@type\":\"ReadAction\",\"target\":[\"https:\/\/ubanews.com\/site\/2018\/02\/28\/familiares-de-aluna-da-apae-comemoram-aniversario-em-forma-de-acao-de-gracas\/\"]}]},{\"@type\":\"ImageObject\",\"inLanguage\":\"pt-BR\",\"@id\":\"https:\/\/ubanews.com\/site\/2018\/02\/28\/familiares-de-aluna-da-apae-comemoram-aniversario-em-forma-de-acao-de-gracas\/#primaryimage\",\"url\":\"https:\/\/ubanews.com\/site\/wp-content\/uploads\/2018\/02\/1.jpg\",\"contentUrl\":\"https:\/\/ubanews.com\/site\/wp-content\/uploads\/2018\/02\/1.jpg\",\"width\":800,\"height\":457},{\"@type\":\"BreadcrumbList\",\"@id\":\"https:\/\/ubanews.com\/site\/2018\/02\/28\/familiares-de-aluna-da-apae-comemoram-aniversario-em-forma-de-acao-de-gracas\/#breadcrumb\",\"itemListElement\":[{\"@type\":\"ListItem\",\"position\":1,\"name\":\"Home\",\"item\":\"https:\/\/ubanews.com\/site\/\"},{\"@type\":\"ListItem\",\"position\":2,\"name\":\"Familiares de aluna da APAE comemoram anivers\u00e1rio em forma de a\u00e7\u00e3o de gra\u00e7as\"}]},{\"@type\":\"WebSite\",\"@id\":\"https:\/\/ubanews.com\/site\/#website\",\"url\":\"https:\/\/ubanews.com\/site\/\",\"name\":\"Ub\u00e1 News\",\"description\":\"\",\"publisher\":{\"@id\":\"https:\/\/ubanews.com\/site\/#organization\"},\"potentialAction\":[{\"@type\":\"SearchAction\",\"target\":{\"@type\":\"EntryPoint\",\"urlTemplate\":\"https:\/\/ubanews.com\/site\/?s={search_term_string}\"},\"query-input\":{\"@type\":\"PropertyValueSpecification\",\"valueRequired\":true,\"valueName\":\"search_term_string\"}}],\"inLanguage\":\"pt-BR\"},{\"@type\":\"Organization\",\"@id\":\"https:\/\/ubanews.com\/site\/#organization\",\"name\":\"Ub\u00e1 News\",\"url\":\"https:\/\/ubanews.com\/site\/\",\"logo\":{\"@type\":\"ImageObject\",\"inLanguage\":\"pt-BR\",\"@id\":\"https:\/\/ubanews.com\/site\/#\/schema\/logo\/image\/\",\"url\":\"https:\/\/ubanews.com\/site\/wp-content\/uploads\/2018\/01\/logoubanews.png\",\"contentUrl\":\"https:\/\/ubanews.com\/site\/wp-content\/uploads\/2018\/01\/logoubanews.png\",\"width\":261,\"height\":99,\"caption\":\"Ub\u00e1 News\"},\"image\":{\"@id\":\"https:\/\/ubanews.com\/site\/#\/schema\/logo\/image\/\"},\"sameAs\":[\"https:\/\/www.facebook.com\/Ub\u00e1News-Carlos-Roberto-Sodr\u00e9-418778301977370\"]},{\"@type\":\"Person\",\"@id\":\"https:\/\/ubanews.com\/site\/#\/schema\/person\/d90c9e47252fbb63dcc969fe4c8b9d10\",\"name\":\"Sodr\u00e9\",\"image\":{\"@type\":\"ImageObject\",\"inLanguage\":\"pt-BR\",\"@id\":\"https:\/\/secure.gravatar.com\/avatar\/5ba2793f0590b9dbfad3fdec4ee714485b3eef211c9b32ee53d414060454a56c?s=96&d=mm&r=g\",\"url\":\"https:\/\/secure.gravatar.com\/avatar\/5ba2793f0590b9dbfad3fdec4ee714485b3eef211c9b32ee53d414060454a56c?s=96&d=mm&r=g\",\"contentUrl\":\"https:\/\/secure.gravatar.com\/avatar\/5ba2793f0590b9dbfad3fdec4ee714485b3eef211c9b32ee53d414060454a56c?s=96&d=mm&r=g\",\"caption\":\"Sodr\u00e9\"},\"sameAs\":[\"https:\/\/www.facebook.com\/carosroberto.sodre.5\/\"],\"url\":\"https:\/\/ubanews.com\/site\/author\/felipe\/\"}]}<\/script>\n<!-- \/ Yoast SEO plugin. -->","yoast_head_json":{"title":"Familiares de aluna da APAE comemoram anivers\u00e1rio em forma de a\u00e7\u00e3o de gra\u00e7as - Ub\u00e1 News","robots":{"index":"index","follow":"follow","max-snippet":"max-snippet:-1","max-image-preview":"max-image-preview:large","max-video-preview":"max-video-preview:-1"},"canonical":"https:\/\/ubanews.com\/site\/2018\/02\/28\/familiares-de-aluna-da-apae-comemoram-aniversario-em-forma-de-acao-de-gracas\/","og_locale":"pt_BR","og_type":"article","og_title":"Familiares de aluna da APAE comemoram anivers\u00e1rio em forma de a\u00e7\u00e3o de gra\u00e7as - Ub\u00e1 News","og_description":"O piso superior da Apae de Ub\u00e1 foi s\u00f3 alegria","og_url":"https:\/\/ubanews.com\/site\/2018\/02\/28\/familiares-de-aluna-da-apae-comemoram-aniversario-em-forma-de-acao-de-gracas\/","og_site_name":"Ub\u00e1 News","article_publisher":"https:\/\/www.facebook.com\/Ub%c3%a1News-Carlos-Roberto-Sodr%c3%a9-418778301977370","article_author":"https:\/\/www.facebook.com\/carosroberto.sodre.5\/","article_published_time":"2018-02-28T20:53:35+00:00","og_image":[{"width":800,"height":457,"url":"https:\/\/ubanews.com\/site\/wp-content\/uploads\/2018\/02\/1.jpg","type":"image\/jpeg"}],"author":"Sodr\u00e9","twitter_card":"summary_large_image","twitter_misc":{"Escrito por":"Sodr\u00e9","Est. tempo de leitura":"1 minuto"},"schema":{"@context":"https:\/\/schema.org","@graph":[{"@type":"Article","@id":"https:\/\/ubanews.com\/site\/2018\/02\/28\/familiares-de-aluna-da-apae-comemoram-aniversario-em-forma-de-acao-de-gracas\/#article","isPartOf":{"@id":"https:\/\/ubanews.com\/site\/2018\/02\/28\/familiares-de-aluna-da-apae-comemoram-aniversario-em-forma-de-acao-de-gracas\/"},"author":{"name":"Sodr\u00e9","@id":"https:\/\/ubanews.com\/site\/#\/schema\/person\/d90c9e47252fbb63dcc969fe4c8b9d10"},"headline":"Familiares de aluna da APAE comemoram anivers\u00e1rio em forma de a\u00e7\u00e3o de gra\u00e7as","datePublished":"2018-02-28T20:53:35+00:00","mainEntityOfPage":{"@id":"https:\/\/ubanews.com\/site\/2018\/02\/28\/familiares-de-aluna-da-apae-comemoram-aniversario-em-forma-de-acao-de-gracas\/"},"wordCount":158,"commentCount":2,"publisher":{"@id":"https:\/\/ubanews.com\/site\/#organization"},"image":{"@id":"https:\/\/ubanews.com\/site\/2018\/02\/28\/familiares-de-aluna-da-apae-comemoram-aniversario-em-forma-de-acao-de-gracas\/#primaryimage"},"thumbnailUrl":"https:\/\/ubanews.com\/site\/wp-content\/uploads\/2018\/02\/1.jpg","articleSection":["Geral"],"inLanguage":"pt-BR","potentialAction":[{"@type":"CommentAction","name":"Comment","target":["https:\/\/ubanews.com\/site\/2018\/02\/28\/familiares-de-aluna-da-apae-comemoram-aniversario-em-forma-de-acao-de-gracas\/#respond"]}]},{"@type":"WebPage","@id":"https:\/\/ubanews.com\/site\/2018\/02\/28\/familiares-de-aluna-da-apae-comemoram-aniversario-em-forma-de-acao-de-gracas\/","url":"https:\/\/ubanews.com\/site\/2018\/02\/28\/familiares-de-aluna-da-apae-comemoram-aniversario-em-forma-de-acao-de-gracas\/","name":"Familiares de aluna da APAE comemoram anivers\u00e1rio em forma de a\u00e7\u00e3o de gra\u00e7as - Ub\u00e1 News","isPartOf":{"@id":"https:\/\/ubanews.com\/site\/#website"},"primaryImageOfPage":{"@id":"https:\/\/ubanews.com\/site\/2018\/02\/28\/familiares-de-aluna-da-apae-comemoram-aniversario-em-forma-de-acao-de-gracas\/#primaryimage"},"image":{"@id":"https:\/\/ubanews.com\/site\/2018\/02\/28\/familiares-de-aluna-da-apae-comemoram-aniversario-em-forma-de-acao-de-gracas\/#primaryimage"},"thumbnailUrl":"https:\/\/ubanews.com\/site\/wp-content\/uploads\/2018\/02\/1.jpg","datePublished":"2018-02-28T20:53:35+00:00","breadcrumb":{"@id":"https:\/\/ubanews.com\/site\/2018\/02\/28\/familiares-de-aluna-da-apae-comemoram-aniversario-em-forma-de-acao-de-gracas\/#breadcrumb"},"inLanguage":"pt-BR","potentialAction":[{"@type":"ReadAction","target":["https:\/\/ubanews.com\/site\/2018\/02\/28\/familiares-de-aluna-da-apae-comemoram-aniversario-em-forma-de-acao-de-gracas\/"]}]},{"@type":"ImageObject","inLanguage":"pt-BR","@id":"https:\/\/ubanews.com\/site\/2018\/02\/28\/familiares-de-aluna-da-apae-comemoram-aniversario-em-forma-de-acao-de-gracas\/#primaryimage","url":"https:\/\/ubanews.com\/site\/wp-content\/uploads\/2018\/02\/1.jpg","contentUrl":"https:\/\/ubanews.com\/site\/wp-content\/uploads\/2018\/02\/1.jpg","width":800,"height":457},{"@type":"BreadcrumbList","@id":"https:\/\/ubanews.com\/site\/2018\/02\/28\/familiares-de-aluna-da-apae-comemoram-aniversario-em-forma-de-acao-de-gracas\/#breadcrumb","itemListElement":[{"@type":"ListItem","position":1,"name":"Home","item":"https:\/\/ubanews.com\/site\/"},{"@type":"ListItem","position":2,"name":"Familiares de aluna da APAE comemoram anivers\u00e1rio em forma de a\u00e7\u00e3o de gra\u00e7as"}]},{"@type":"WebSite","@id":"https:\/\/ubanews.com\/site\/#website","url":"https:\/\/ubanews.com\/site\/","name":"Ub\u00e1 News","description":"","publisher":{"@id":"https:\/\/ubanews.com\/site\/#organization"},"potentialAction":[{"@type":"SearchAction","target":{"@type":"EntryPoint","urlTemplate":"https:\/\/ubanews.com\/site\/?s={search_term_string}"},"query-input":{"@type":"PropertyValueSpecification","valueRequired":true,"valueName":"search_term_string"}}],"inLanguage":"pt-BR"},{"@type":"Organization","@id":"https:\/\/ubanews.com\/site\/#organization","name":"Ub\u00e1 News","url":"https:\/\/ubanews.com\/site\/","logo":{"@type":"ImageObject","inLanguage":"pt-BR","@id":"https:\/\/ubanews.com\/site\/#\/schema\/logo\/image\/","url":"https:\/\/ubanews.com\/site\/wp-content\/uploads\/2018\/01\/logoubanews.png","contentUrl":"https:\/\/ubanews.com\/site\/wp-content\/uploads\/2018\/01\/logoubanews.png","width":261,"height":99,"caption":"Ub\u00e1 News"},"image":{"@id":"https:\/\/ubanews.com\/site\/#\/schema\/logo\/image\/"},"sameAs":["https:\/\/www.facebook.com\/Ub\u00e1News-Carlos-Roberto-Sodr\u00e9-418778301977370"]},{"@type":"Person","@id":"https:\/\/ubanews.com\/site\/#\/schema\/person\/d90c9e47252fbb63dcc969fe4c8b9d10","name":"Sodr\u00e9","image":{"@type":"ImageObject","inLanguage":"pt-BR","@id":"https:\/\/secure.gravatar.com\/avatar\/5ba2793f0590b9dbfad3fdec4ee714485b3eef211c9b32ee53d414060454a56c?s=96&d=mm&r=g","url":"https:\/\/secure.gravatar.com\/avatar\/5ba2793f0590b9dbfad3fdec4ee714485b3eef211c9b32ee53d414060454a56c?s=96&d=mm&r=g","contentUrl":"https:\/\/secure.gravatar.com\/avatar\/5ba2793f0590b9dbfad3fdec4ee714485b3eef211c9b32ee53d414060454a56c?s=96&d=mm&r=g","caption":"Sodr\u00e9"},"sameAs":["https:\/\/www.facebook.com\/carosroberto.sodre.5\/"],"url":"https:\/\/ubanews.com\/site\/author\/felipe\/"}]}},"_links":{"self":[{"href":"https:\/\/ubanews.com\/site\/wp-json\/wp\/v2\/posts\/325","targetHints":{"allow":["GET"]}}],"collection":[{"href":"https:\/\/ubanews.com\/site\/wp-json\/wp\/v2\/posts"}],"about":[{"href":"https:\/\/ubanews.com\/site\/wp-json\/wp\/v2\/types\/post"}],"author":[{"embeddable":true,"href":"https:\/\/ubanews.com\/site\/wp-json\/wp\/v2\/users\/2"}],"replies":[{"embeddable":true,"href":"https:\/\/ubanews.com\/site\/wp-json\/wp\/v2\/comments?post=325"}],"version-history":[{"count":0,"href":"https:\/\/ubanews.com\/site\/wp-json\/wp\/v2\/posts\/325\/revisions"}],"wp:featuredmedia":[{"embeddable":true,"href":"https:\/\/ubanews.com\/site\/wp-json\/wp\/v2\/media\/319"}],"wp:attachment":[{"href":"https:\/\/ubanews.com\/site\/wp-json\/wp\/v2\/media?parent=325"}],"wp:term":[{"taxonomy":"category","embeddable":true,"href":"https:\/\/ubanews.com\/site\/wp-json\/wp\/v2\/categories?post=325"},{"taxonomy":"post_tag","embeddable":true,"href":"https:\/\/ubanews.com\/site\/wp-json\/wp\/v2\/tags?post=325"}],"curies":[{"name":"wp","href":"https:\/\/api.w.org\/{rel}","templated":true}]}}