{"id":3240,"date":"2018-05-10T09:33:39","date_gmt":"2018-05-10T12:33:39","guid":{"rendered":"http:\/\/ubanews.com\/site\/?p=3240"},"modified":"2018-05-10T09:34:17","modified_gmt":"2018-05-10T12:34:17","slug":"adolescentes-e-preso-com-maconha-na-cidade-de-visconde-do-rio-branco","status":"publish","type":"post","link":"https:\/\/ubanews.com\/site\/2018\/05\/10\/adolescentes-e-preso-com-maconha-na-cidade-de-visconde-do-rio-branco\/","title":{"rendered":"ADOLESCENTES \u00c9 PRESO COM MACONHA NA CIDADE DE VISCONDE DO RIO BRANCO"},"content":{"rendered":"<p>No dia 08 de maio, por volta das 12h 30min, ap\u00f3s informa\u00e7\u00f5es dando conta de que alguns adolescentes estariam vendendo drogas na Avenida Prefeito Ruy Bouchardet, Bairro Jardim Alice, policiais militares compareceram ao local.<\/p>\n<p>No endere\u00e7o mencionado, os policiais abordaram dois adolescentes infratores, um com 13 anos de idade e o outro com 15 anos de idade. Os adolescentes foram abordados ap\u00f3s terem sido vistos com um cigarro de maconha.<\/p>\n<p>Ainda, com os adolescentes infratores, os policias localizaram uma por\u00e7\u00e3o de maconha, que foi dispensada ao solo por um dos autores, e um embrulho pl\u00e1stico de tamanho grande, contendo subst\u00e2ncia aparentando ser maconha.<\/p>\n<p>Diante do fato, os adolescentes infratores foram apreendidos e encaminhados \u00e0 DPJ, para demais provid\u00eancias.<\/p>\n<p><strong>A<\/strong><strong>SSESSORIA DE COMUNICA\u00c7\u00c3O ORGANIZACIONAL<\/strong><\/p>\n<p><strong><em>Vig\u00e9simo Primeiro Batalh\u00e3o de Pol\u00edcia Militar <\/em><\/strong><\/p>\n","protected":false},"excerpt":{"rendered":"<p>No dia 08 de maio, por volta das 12h 30min,<\/p>\n","protected":false},"author":2,"featured_media":2553,"comment_status":"open","ping_status":"open","sticky":false,"template":"","format":"standard","meta":{"footnotes":""},"categories":[1],"tags":[],"class_list":["post-3240","post","type-post","status-publish","format-standard","has-post-thumbnail","hentry","category-sem-categoria"],"yoast_head":"<!-- This site is optimized with the Yoast SEO plugin v27.2 - https:\/\/yoast.com\/product\/yoast-seo-wordpress\/ -->\n<title>ADOLESCENTES \u00c9 PRESO COM MACONHA NA CIDADE DE VISCONDE DO RIO BRANCO - Ub\u00e1 News<\/title>\n<meta name=\"robots\" content=\"index, follow, max-snippet:-1, max-image-preview:large, max-video-preview:-1\" \/>\n<link rel=\"canonical\" href=\"https:\/\/ubanews.com\/site\/2018\/05\/10\/adolescentes-e-preso-com-maconha-na-cidade-de-visconde-do-rio-branco\/\" \/>\n<meta property=\"og:locale\" content=\"pt_BR\" \/>\n<meta property=\"og:type\" content=\"article\" \/>\n<meta property=\"og:title\" content=\"ADOLESCENTES \u00c9 PRESO COM MACONHA NA CIDADE DE VISCONDE DO RIO BRANCO - Ub\u00e1 News\" \/>\n<meta property=\"og:description\" content=\"No dia 08 de maio, por volta das 12h 30min,\" \/>\n<meta property=\"og:url\" content=\"https:\/\/ubanews.com\/site\/2018\/05\/10\/adolescentes-e-preso-com-maconha-na-cidade-de-visconde-do-rio-branco\/\" \/>\n<meta property=\"og:site_name\" content=\"Ub\u00e1 News\" \/>\n<meta property=\"article:publisher\" content=\"https:\/\/www.facebook.com\/Ub%c3%a1News-Carlos-Roberto-Sodr%c3%a9-418778301977370\" \/>\n<meta property=\"article:author\" content=\"https:\/\/www.facebook.com\/carosroberto.sodre.5\/\" \/>\n<meta property=\"article:published_time\" content=\"2018-05-10T12:33:39+00:00\" \/>\n<meta property=\"article:modified_time\" content=\"2018-05-10T12:34:17+00:00\" \/>\n<meta property=\"og:image\" content=\"https:\/\/ubanews.com\/site\/wp-content\/uploads\/2018\/04\/preso.jpg\" \/>\n\t<meta property=\"og:image:width\" content=\"879\" \/>\n\t<meta property=\"og:image:height\" content=\"510\" \/>\n\t<meta property=\"og:image:type\" content=\"image\/jpeg\" \/>\n<meta name=\"author\" content=\"Sodr\u00e9\" \/>\n<meta name=\"twitter:card\" content=\"summary_large_image\" \/>\n<meta name=\"twitter:label1\" content=\"Escrito por\" \/>\n\t<meta name=\"twitter:data1\" content=\"Sodr\u00e9\" \/>\n\t<meta name=\"twitter:label2\" content=\"Est. tempo de leitura\" \/>\n\t<meta name=\"twitter:data2\" content=\"1 minuto\" \/>\n<script type=\"application\/ld+json\" class=\"yoast-schema-graph\">{\"@context\":\"https:\/\/schema.org\",\"@graph\":[{\"@type\":\"Article\",\"@id\":\"https:\/\/ubanews.com\/site\/2018\/05\/10\/adolescentes-e-preso-com-maconha-na-cidade-de-visconde-do-rio-branco\/#article\",\"isPartOf\":{\"@id\":\"https:\/\/ubanews.com\/site\/2018\/05\/10\/adolescentes-e-preso-com-maconha-na-cidade-de-visconde-do-rio-branco\/\"},\"author\":{\"name\":\"Sodr\u00e9\",\"@id\":\"https:\/\/ubanews.com\/site\/#\/schema\/person\/d90c9e47252fbb63dcc969fe4c8b9d10\"},\"headline\":\"ADOLESCENTES \u00c9 PRESO COM MACONHA NA CIDADE DE VISCONDE DO RIO BRANCO\",\"datePublished\":\"2018-05-10T12:33:39+00:00\",\"dateModified\":\"2018-05-10T12:34:17+00:00\",\"mainEntityOfPage\":{\"@id\":\"https:\/\/ubanews.com\/site\/2018\/05\/10\/adolescentes-e-preso-com-maconha-na-cidade-de-visconde-do-rio-branco\/\"},\"wordCount\":148,\"commentCount\":0,\"publisher\":{\"@id\":\"https:\/\/ubanews.com\/site\/#organization\"},\"image\":{\"@id\":\"https:\/\/ubanews.com\/site\/2018\/05\/10\/adolescentes-e-preso-com-maconha-na-cidade-de-visconde-do-rio-branco\/#primaryimage\"},\"thumbnailUrl\":\"https:\/\/ubanews.com\/site\/wp-content\/uploads\/2018\/04\/preso.jpg\",\"articleSection\":[\"Geral\"],\"inLanguage\":\"pt-BR\",\"potentialAction\":[{\"@type\":\"CommentAction\",\"name\":\"Comment\",\"target\":[\"https:\/\/ubanews.com\/site\/2018\/05\/10\/adolescentes-e-preso-com-maconha-na-cidade-de-visconde-do-rio-branco\/#respond\"]}]},{\"@type\":\"WebPage\",\"@id\":\"https:\/\/ubanews.com\/site\/2018\/05\/10\/adolescentes-e-preso-com-maconha-na-cidade-de-visconde-do-rio-branco\/\",\"url\":\"https:\/\/ubanews.com\/site\/2018\/05\/10\/adolescentes-e-preso-com-maconha-na-cidade-de-visconde-do-rio-branco\/\",\"name\":\"ADOLESCENTES \u00c9 PRESO COM MACONHA NA CIDADE DE VISCONDE DO RIO BRANCO - Ub\u00e1 News\",\"isPartOf\":{\"@id\":\"https:\/\/ubanews.com\/site\/#website\"},\"primaryImageOfPage\":{\"@id\":\"https:\/\/ubanews.com\/site\/2018\/05\/10\/adolescentes-e-preso-com-maconha-na-cidade-de-visconde-do-rio-branco\/#primaryimage\"},\"image\":{\"@id\":\"https:\/\/ubanews.com\/site\/2018\/05\/10\/adolescentes-e-preso-com-maconha-na-cidade-de-visconde-do-rio-branco\/#primaryimage\"},\"thumbnailUrl\":\"https:\/\/ubanews.com\/site\/wp-content\/uploads\/2018\/04\/preso.jpg\",\"datePublished\":\"2018-05-10T12:33:39+00:00\",\"dateModified\":\"2018-05-10T12:34:17+00:00\",\"breadcrumb\":{\"@id\":\"https:\/\/ubanews.com\/site\/2018\/05\/10\/adolescentes-e-preso-com-maconha-na-cidade-de-visconde-do-rio-branco\/#breadcrumb\"},\"inLanguage\":\"pt-BR\",\"potentialAction\":[{\"@type\":\"ReadAction\",\"target\":[\"https:\/\/ubanews.com\/site\/2018\/05\/10\/adolescentes-e-preso-com-maconha-na-cidade-de-visconde-do-rio-branco\/\"]}]},{\"@type\":\"ImageObject\",\"inLanguage\":\"pt-BR\",\"@id\":\"https:\/\/ubanews.com\/site\/2018\/05\/10\/adolescentes-e-preso-com-maconha-na-cidade-de-visconde-do-rio-branco\/#primaryimage\",\"url\":\"https:\/\/ubanews.com\/site\/wp-content\/uploads\/2018\/04\/preso.jpg\",\"contentUrl\":\"https:\/\/ubanews.com\/site\/wp-content\/uploads\/2018\/04\/preso.jpg\",\"width\":879,\"height\":510},{\"@type\":\"BreadcrumbList\",\"@id\":\"https:\/\/ubanews.com\/site\/2018\/05\/10\/adolescentes-e-preso-com-maconha-na-cidade-de-visconde-do-rio-branco\/#breadcrumb\",\"itemListElement\":[{\"@type\":\"ListItem\",\"position\":1,\"name\":\"Home\",\"item\":\"https:\/\/ubanews.com\/site\/\"},{\"@type\":\"ListItem\",\"position\":2,\"name\":\"ADOLESCENTES \u00c9 PRESO COM MACONHA NA CIDADE DE VISCONDE DO RIO BRANCO\"}]},{\"@type\":\"WebSite\",\"@id\":\"https:\/\/ubanews.com\/site\/#website\",\"url\":\"https:\/\/ubanews.com\/site\/\",\"name\":\"Ub\u00e1 News\",\"description\":\"\",\"publisher\":{\"@id\":\"https:\/\/ubanews.com\/site\/#organization\"},\"potentialAction\":[{\"@type\":\"SearchAction\",\"target\":{\"@type\":\"EntryPoint\",\"urlTemplate\":\"https:\/\/ubanews.com\/site\/?s={search_term_string}\"},\"query-input\":{\"@type\":\"PropertyValueSpecification\",\"valueRequired\":true,\"valueName\":\"search_term_string\"}}],\"inLanguage\":\"pt-BR\"},{\"@type\":\"Organization\",\"@id\":\"https:\/\/ubanews.com\/site\/#organization\",\"name\":\"Ub\u00e1 News\",\"url\":\"https:\/\/ubanews.com\/site\/\",\"logo\":{\"@type\":\"ImageObject\",\"inLanguage\":\"pt-BR\",\"@id\":\"https:\/\/ubanews.com\/site\/#\/schema\/logo\/image\/\",\"url\":\"https:\/\/ubanews.com\/site\/wp-content\/uploads\/2018\/01\/logoubanews.png\",\"contentUrl\":\"https:\/\/ubanews.com\/site\/wp-content\/uploads\/2018\/01\/logoubanews.png\",\"width\":261,\"height\":99,\"caption\":\"Ub\u00e1 News\"},\"image\":{\"@id\":\"https:\/\/ubanews.com\/site\/#\/schema\/logo\/image\/\"},\"sameAs\":[\"https:\/\/www.facebook.com\/Ub\u00e1News-Carlos-Roberto-Sodr\u00e9-418778301977370\"]},{\"@type\":\"Person\",\"@id\":\"https:\/\/ubanews.com\/site\/#\/schema\/person\/d90c9e47252fbb63dcc969fe4c8b9d10\",\"name\":\"Sodr\u00e9\",\"image\":{\"@type\":\"ImageObject\",\"inLanguage\":\"pt-BR\",\"@id\":\"https:\/\/secure.gravatar.com\/avatar\/5ba2793f0590b9dbfad3fdec4ee714485b3eef211c9b32ee53d414060454a56c?s=96&d=mm&r=g\",\"url\":\"https:\/\/secure.gravatar.com\/avatar\/5ba2793f0590b9dbfad3fdec4ee714485b3eef211c9b32ee53d414060454a56c?s=96&d=mm&r=g\",\"contentUrl\":\"https:\/\/secure.gravatar.com\/avatar\/5ba2793f0590b9dbfad3fdec4ee714485b3eef211c9b32ee53d414060454a56c?s=96&d=mm&r=g\",\"caption\":\"Sodr\u00e9\"},\"sameAs\":[\"https:\/\/www.facebook.com\/carosroberto.sodre.5\/\"],\"url\":\"https:\/\/ubanews.com\/site\/author\/felipe\/\"}]}<\/script>\n<!-- \/ Yoast SEO plugin. -->","yoast_head_json":{"title":"ADOLESCENTES \u00c9 PRESO COM MACONHA NA CIDADE DE VISCONDE DO RIO BRANCO - Ub\u00e1 News","robots":{"index":"index","follow":"follow","max-snippet":"max-snippet:-1","max-image-preview":"max-image-preview:large","max-video-preview":"max-video-preview:-1"},"canonical":"https:\/\/ubanews.com\/site\/2018\/05\/10\/adolescentes-e-preso-com-maconha-na-cidade-de-visconde-do-rio-branco\/","og_locale":"pt_BR","og_type":"article","og_title":"ADOLESCENTES \u00c9 PRESO COM MACONHA NA CIDADE DE VISCONDE DO RIO BRANCO - Ub\u00e1 News","og_description":"No dia 08 de maio, por volta das 12h 30min,","og_url":"https:\/\/ubanews.com\/site\/2018\/05\/10\/adolescentes-e-preso-com-maconha-na-cidade-de-visconde-do-rio-branco\/","og_site_name":"Ub\u00e1 News","article_publisher":"https:\/\/www.facebook.com\/Ub%c3%a1News-Carlos-Roberto-Sodr%c3%a9-418778301977370","article_author":"https:\/\/www.facebook.com\/carosroberto.sodre.5\/","article_published_time":"2018-05-10T12:33:39+00:00","article_modified_time":"2018-05-10T12:34:17+00:00","og_image":[{"width":879,"height":510,"url":"https:\/\/ubanews.com\/site\/wp-content\/uploads\/2018\/04\/preso.jpg","type":"image\/jpeg"}],"author":"Sodr\u00e9","twitter_card":"summary_large_image","twitter_misc":{"Escrito por":"Sodr\u00e9","Est. tempo de leitura":"1 minuto"},"schema":{"@context":"https:\/\/schema.org","@graph":[{"@type":"Article","@id":"https:\/\/ubanews.com\/site\/2018\/05\/10\/adolescentes-e-preso-com-maconha-na-cidade-de-visconde-do-rio-branco\/#article","isPartOf":{"@id":"https:\/\/ubanews.com\/site\/2018\/05\/10\/adolescentes-e-preso-com-maconha-na-cidade-de-visconde-do-rio-branco\/"},"author":{"name":"Sodr\u00e9","@id":"https:\/\/ubanews.com\/site\/#\/schema\/person\/d90c9e47252fbb63dcc969fe4c8b9d10"},"headline":"ADOLESCENTES \u00c9 PRESO COM MACONHA NA CIDADE DE VISCONDE DO RIO BRANCO","datePublished":"2018-05-10T12:33:39+00:00","dateModified":"2018-05-10T12:34:17+00:00","mainEntityOfPage":{"@id":"https:\/\/ubanews.com\/site\/2018\/05\/10\/adolescentes-e-preso-com-maconha-na-cidade-de-visconde-do-rio-branco\/"},"wordCount":148,"commentCount":0,"publisher":{"@id":"https:\/\/ubanews.com\/site\/#organization"},"image":{"@id":"https:\/\/ubanews.com\/site\/2018\/05\/10\/adolescentes-e-preso-com-maconha-na-cidade-de-visconde-do-rio-branco\/#primaryimage"},"thumbnailUrl":"https:\/\/ubanews.com\/site\/wp-content\/uploads\/2018\/04\/preso.jpg","articleSection":["Geral"],"inLanguage":"pt-BR","potentialAction":[{"@type":"CommentAction","name":"Comment","target":["https:\/\/ubanews.com\/site\/2018\/05\/10\/adolescentes-e-preso-com-maconha-na-cidade-de-visconde-do-rio-branco\/#respond"]}]},{"@type":"WebPage","@id":"https:\/\/ubanews.com\/site\/2018\/05\/10\/adolescentes-e-preso-com-maconha-na-cidade-de-visconde-do-rio-branco\/","url":"https:\/\/ubanews.com\/site\/2018\/05\/10\/adolescentes-e-preso-com-maconha-na-cidade-de-visconde-do-rio-branco\/","name":"ADOLESCENTES \u00c9 PRESO COM MACONHA NA CIDADE DE VISCONDE DO RIO BRANCO - Ub\u00e1 News","isPartOf":{"@id":"https:\/\/ubanews.com\/site\/#website"},"primaryImageOfPage":{"@id":"https:\/\/ubanews.com\/site\/2018\/05\/10\/adolescentes-e-preso-com-maconha-na-cidade-de-visconde-do-rio-branco\/#primaryimage"},"image":{"@id":"https:\/\/ubanews.com\/site\/2018\/05\/10\/adolescentes-e-preso-com-maconha-na-cidade-de-visconde-do-rio-branco\/#primaryimage"},"thumbnailUrl":"https:\/\/ubanews.com\/site\/wp-content\/uploads\/2018\/04\/preso.jpg","datePublished":"2018-05-10T12:33:39+00:00","dateModified":"2018-05-10T12:34:17+00:00","breadcrumb":{"@id":"https:\/\/ubanews.com\/site\/2018\/05\/10\/adolescentes-e-preso-com-maconha-na-cidade-de-visconde-do-rio-branco\/#breadcrumb"},"inLanguage":"pt-BR","potentialAction":[{"@type":"ReadAction","target":["https:\/\/ubanews.com\/site\/2018\/05\/10\/adolescentes-e-preso-com-maconha-na-cidade-de-visconde-do-rio-branco\/"]}]},{"@type":"ImageObject","inLanguage":"pt-BR","@id":"https:\/\/ubanews.com\/site\/2018\/05\/10\/adolescentes-e-preso-com-maconha-na-cidade-de-visconde-do-rio-branco\/#primaryimage","url":"https:\/\/ubanews.com\/site\/wp-content\/uploads\/2018\/04\/preso.jpg","contentUrl":"https:\/\/ubanews.com\/site\/wp-content\/uploads\/2018\/04\/preso.jpg","width":879,"height":510},{"@type":"BreadcrumbList","@id":"https:\/\/ubanews.com\/site\/2018\/05\/10\/adolescentes-e-preso-com-maconha-na-cidade-de-visconde-do-rio-branco\/#breadcrumb","itemListElement":[{"@type":"ListItem","position":1,"name":"Home","item":"https:\/\/ubanews.com\/site\/"},{"@type":"ListItem","position":2,"name":"ADOLESCENTES \u00c9 PRESO COM MACONHA NA CIDADE DE VISCONDE DO RIO BRANCO"}]},{"@type":"WebSite","@id":"https:\/\/ubanews.com\/site\/#website","url":"https:\/\/ubanews.com\/site\/","name":"Ub\u00e1 News","description":"","publisher":{"@id":"https:\/\/ubanews.com\/site\/#organization"},"potentialAction":[{"@type":"SearchAction","target":{"@type":"EntryPoint","urlTemplate":"https:\/\/ubanews.com\/site\/?s={search_term_string}"},"query-input":{"@type":"PropertyValueSpecification","valueRequired":true,"valueName":"search_term_string"}}],"inLanguage":"pt-BR"},{"@type":"Organization","@id":"https:\/\/ubanews.com\/site\/#organization","name":"Ub\u00e1 News","url":"https:\/\/ubanews.com\/site\/","logo":{"@type":"ImageObject","inLanguage":"pt-BR","@id":"https:\/\/ubanews.com\/site\/#\/schema\/logo\/image\/","url":"https:\/\/ubanews.com\/site\/wp-content\/uploads\/2018\/01\/logoubanews.png","contentUrl":"https:\/\/ubanews.com\/site\/wp-content\/uploads\/2018\/01\/logoubanews.png","width":261,"height":99,"caption":"Ub\u00e1 News"},"image":{"@id":"https:\/\/ubanews.com\/site\/#\/schema\/logo\/image\/"},"sameAs":["https:\/\/www.facebook.com\/Ub\u00e1News-Carlos-Roberto-Sodr\u00e9-418778301977370"]},{"@type":"Person","@id":"https:\/\/ubanews.com\/site\/#\/schema\/person\/d90c9e47252fbb63dcc969fe4c8b9d10","name":"Sodr\u00e9","image":{"@type":"ImageObject","inLanguage":"pt-BR","@id":"https:\/\/secure.gravatar.com\/avatar\/5ba2793f0590b9dbfad3fdec4ee714485b3eef211c9b32ee53d414060454a56c?s=96&d=mm&r=g","url":"https:\/\/secure.gravatar.com\/avatar\/5ba2793f0590b9dbfad3fdec4ee714485b3eef211c9b32ee53d414060454a56c?s=96&d=mm&r=g","contentUrl":"https:\/\/secure.gravatar.com\/avatar\/5ba2793f0590b9dbfad3fdec4ee714485b3eef211c9b32ee53d414060454a56c?s=96&d=mm&r=g","caption":"Sodr\u00e9"},"sameAs":["https:\/\/www.facebook.com\/carosroberto.sodre.5\/"],"url":"https:\/\/ubanews.com\/site\/author\/felipe\/"}]}},"_links":{"self":[{"href":"https:\/\/ubanews.com\/site\/wp-json\/wp\/v2\/posts\/3240","targetHints":{"allow":["GET"]}}],"collection":[{"href":"https:\/\/ubanews.com\/site\/wp-json\/wp\/v2\/posts"}],"about":[{"href":"https:\/\/ubanews.com\/site\/wp-json\/wp\/v2\/types\/post"}],"author":[{"embeddable":true,"href":"https:\/\/ubanews.com\/site\/wp-json\/wp\/v2\/users\/2"}],"replies":[{"embeddable":true,"href":"https:\/\/ubanews.com\/site\/wp-json\/wp\/v2\/comments?post=3240"}],"version-history":[{"count":0,"href":"https:\/\/ubanews.com\/site\/wp-json\/wp\/v2\/posts\/3240\/revisions"}],"wp:featuredmedia":[{"embeddable":true,"href":"https:\/\/ubanews.com\/site\/wp-json\/wp\/v2\/media\/2553"}],"wp:attachment":[{"href":"https:\/\/ubanews.com\/site\/wp-json\/wp\/v2\/media?parent=3240"}],"wp:term":[{"taxonomy":"category","embeddable":true,"href":"https:\/\/ubanews.com\/site\/wp-json\/wp\/v2\/categories?post=3240"},{"taxonomy":"post_tag","embeddable":true,"href":"https:\/\/ubanews.com\/site\/wp-json\/wp\/v2\/tags?post=3240"}],"curies":[{"name":"wp","href":"https:\/\/api.w.org\/{rel}","templated":true}]}}