{"id":3209,"date":"2018-05-09T12:17:34","date_gmt":"2018-05-09T15:17:34","guid":{"rendered":"http:\/\/ubanews.com\/site\/?p=3209"},"modified":"2018-05-20T15:54:06","modified_gmt":"2018-05-20T18:54:06","slug":"revista-fato-realiza-a-quarta-dose-do-papo-de-buteco","status":"publish","type":"post","link":"https:\/\/ubanews.com\/site\/2018\/05\/09\/revista-fato-realiza-a-quarta-dose-do-papo-de-buteco\/","title":{"rendered":"Revista Fato realiza a quarta dose do Papo de Buteco"},"content":{"rendered":"<p>J\u00e1 consagrado na cidade, evento espera reunir cerca de 1.500 pessoas no Cerimonial Parthenon<\/p>\n<p>H\u00e1 mais de seis anos no mercado, a Revista Fato, al\u00e9m de produzir um conte\u00fado jornal\u00edstico exclusivo, conta tamb\u00e9m com uma cartela de eventos que movimentam toda a cidade e regi\u00e3o, sendo um deles, o boteco mais charmoso de Minas Gerais, o Papo de Buteco!<\/p>\n<p>Conforme sugere o nome da festa, o evento re\u00fane open bar e open food com uma deliciosa mesa mineira ao som das melhores atra\u00e7\u00f5es musicais da regi\u00e3o. No palco, o Grupo Sambas\u00f4, a dupla Dennis &amp; Cristiano e a Banda Muito Mais prometem agitar os butequeiros presentes.<\/p>\n<p>Em seu quarto ano consecutivo \u2013 tamb\u00e9m chamado de \u201cquarta dose\u201d, a festa, que j\u00e1 recebeu mais de 2.500 pessoas nas \u00faltimas edi\u00e7\u00f5es, espera receber um p\u00fablico de aproximadamente 1.500 pessoas em 2018, conforme prev\u00ea a equipe organizadora do evento.<\/p>\n<p>O Papo de Buteco acontece no dia 19 de maio (s\u00e1bado) de 16h \u00e0s 23h no Cerimonial Parthenon (Rodovia MG-447, Km 04, s\/n, Ub\u00e1-MG). Os ingressos podem ser adquiridos no escrit\u00f3rio da Revista Fato, nos pontos de vendas: Anna\u2019s Semijoias (Ub\u00e1), Andreia Modas (Tocantins) e Sabor da Ro\u00e7a (Visconde do Rio Branco) ou pelo site www.wayticket.com.br<\/p>\n<p>A partir do dia 15 de maio os abad\u00e1s e canecas ser\u00e3o entregues em locais previamente informados pelos organizadores de mais um evento com a assinatura da Revista Fato!<\/p>\n<p>Informa\u00e7\u00f5es:<\/p>\n<p>Revista Fato: (32) 3531-2335<\/p>\n<p>Juliana Campos: (32) 9 8868-2335<\/p>\n<p>revistafato@gmail.com<\/p>\n","protected":false},"excerpt":{"rendered":"<p>J\u00e1 consagrado na cidade, evento espera reunir cerca de 1.500<\/p>\n","protected":false},"author":2,"featured_media":3210,"comment_status":"open","ping_status":"open","sticky":false,"template":"","format":"standard","meta":{"footnotes":""},"categories":[1],"tags":[],"class_list":["post-3209","post","type-post","status-publish","format-standard","has-post-thumbnail","hentry","category-sem-categoria"],"yoast_head":"<!-- This site is optimized with the Yoast SEO plugin v27.2 - https:\/\/yoast.com\/product\/yoast-seo-wordpress\/ -->\n<title>Revista Fato realiza a quarta dose do Papo de Buteco - Ub\u00e1 News<\/title>\n<meta name=\"robots\" content=\"index, follow, max-snippet:-1, max-image-preview:large, max-video-preview:-1\" \/>\n<link rel=\"canonical\" href=\"https:\/\/ubanews.com\/site\/2018\/05\/09\/revista-fato-realiza-a-quarta-dose-do-papo-de-buteco\/\" \/>\n<meta property=\"og:locale\" content=\"pt_BR\" \/>\n<meta property=\"og:type\" content=\"article\" \/>\n<meta property=\"og:title\" content=\"Revista Fato realiza a quarta dose do Papo de Buteco - Ub\u00e1 News\" \/>\n<meta property=\"og:description\" content=\"J\u00e1 consagrado na cidade, evento espera reunir cerca de 1.500\" \/>\n<meta property=\"og:url\" content=\"https:\/\/ubanews.com\/site\/2018\/05\/09\/revista-fato-realiza-a-quarta-dose-do-papo-de-buteco\/\" \/>\n<meta property=\"og:site_name\" content=\"Ub\u00e1 News\" \/>\n<meta property=\"article:publisher\" content=\"https:\/\/www.facebook.com\/Ub%c3%a1News-Carlos-Roberto-Sodr%c3%a9-418778301977370\" \/>\n<meta property=\"article:author\" content=\"https:\/\/www.facebook.com\/carosroberto.sodre.5\/\" \/>\n<meta property=\"article:published_time\" content=\"2018-05-09T15:17:34+00:00\" \/>\n<meta property=\"article:modified_time\" content=\"2018-05-20T18:54:06+00:00\" \/>\n<meta property=\"og:image\" content=\"https:\/\/ubanews.com\/site\/wp-content\/uploads\/2018\/05\/1-5.jpg\" \/>\n\t<meta property=\"og:image:width\" content=\"800\" \/>\n\t<meta property=\"og:image:height\" content=\"294\" \/>\n\t<meta property=\"og:image:type\" content=\"image\/jpeg\" \/>\n<meta name=\"author\" content=\"Sodr\u00e9\" \/>\n<meta name=\"twitter:card\" content=\"summary_large_image\" \/>\n<meta name=\"twitter:label1\" content=\"Escrito por\" \/>\n\t<meta name=\"twitter:data1\" content=\"Sodr\u00e9\" \/>\n\t<meta name=\"twitter:label2\" content=\"Est. tempo de leitura\" \/>\n\t<meta name=\"twitter:data2\" content=\"1 minuto\" \/>\n<script type=\"application\/ld+json\" class=\"yoast-schema-graph\">{\"@context\":\"https:\/\/schema.org\",\"@graph\":[{\"@type\":\"Article\",\"@id\":\"https:\/\/ubanews.com\/site\/2018\/05\/09\/revista-fato-realiza-a-quarta-dose-do-papo-de-buteco\/#article\",\"isPartOf\":{\"@id\":\"https:\/\/ubanews.com\/site\/2018\/05\/09\/revista-fato-realiza-a-quarta-dose-do-papo-de-buteco\/\"},\"author\":{\"name\":\"Sodr\u00e9\",\"@id\":\"https:\/\/ubanews.com\/site\/#\/schema\/person\/d90c9e47252fbb63dcc969fe4c8b9d10\"},\"headline\":\"Revista Fato realiza a quarta dose do Papo de Buteco\",\"datePublished\":\"2018-05-09T15:17:34+00:00\",\"dateModified\":\"2018-05-20T18:54:06+00:00\",\"mainEntityOfPage\":{\"@id\":\"https:\/\/ubanews.com\/site\/2018\/05\/09\/revista-fato-realiza-a-quarta-dose-do-papo-de-buteco\/\"},\"wordCount\":266,\"commentCount\":0,\"publisher\":{\"@id\":\"https:\/\/ubanews.com\/site\/#organization\"},\"image\":{\"@id\":\"https:\/\/ubanews.com\/site\/2018\/05\/09\/revista-fato-realiza-a-quarta-dose-do-papo-de-buteco\/#primaryimage\"},\"thumbnailUrl\":\"https:\/\/ubanews.com\/site\/wp-content\/uploads\/2018\/05\/1-5.jpg\",\"articleSection\":[\"Geral\"],\"inLanguage\":\"pt-BR\",\"potentialAction\":[{\"@type\":\"CommentAction\",\"name\":\"Comment\",\"target\":[\"https:\/\/ubanews.com\/site\/2018\/05\/09\/revista-fato-realiza-a-quarta-dose-do-papo-de-buteco\/#respond\"]}]},{\"@type\":\"WebPage\",\"@id\":\"https:\/\/ubanews.com\/site\/2018\/05\/09\/revista-fato-realiza-a-quarta-dose-do-papo-de-buteco\/\",\"url\":\"https:\/\/ubanews.com\/site\/2018\/05\/09\/revista-fato-realiza-a-quarta-dose-do-papo-de-buteco\/\",\"name\":\"Revista Fato realiza a quarta dose do Papo de Buteco - Ub\u00e1 News\",\"isPartOf\":{\"@id\":\"https:\/\/ubanews.com\/site\/#website\"},\"primaryImageOfPage\":{\"@id\":\"https:\/\/ubanews.com\/site\/2018\/05\/09\/revista-fato-realiza-a-quarta-dose-do-papo-de-buteco\/#primaryimage\"},\"image\":{\"@id\":\"https:\/\/ubanews.com\/site\/2018\/05\/09\/revista-fato-realiza-a-quarta-dose-do-papo-de-buteco\/#primaryimage\"},\"thumbnailUrl\":\"https:\/\/ubanews.com\/site\/wp-content\/uploads\/2018\/05\/1-5.jpg\",\"datePublished\":\"2018-05-09T15:17:34+00:00\",\"dateModified\":\"2018-05-20T18:54:06+00:00\",\"breadcrumb\":{\"@id\":\"https:\/\/ubanews.com\/site\/2018\/05\/09\/revista-fato-realiza-a-quarta-dose-do-papo-de-buteco\/#breadcrumb\"},\"inLanguage\":\"pt-BR\",\"potentialAction\":[{\"@type\":\"ReadAction\",\"target\":[\"https:\/\/ubanews.com\/site\/2018\/05\/09\/revista-fato-realiza-a-quarta-dose-do-papo-de-buteco\/\"]}]},{\"@type\":\"ImageObject\",\"inLanguage\":\"pt-BR\",\"@id\":\"https:\/\/ubanews.com\/site\/2018\/05\/09\/revista-fato-realiza-a-quarta-dose-do-papo-de-buteco\/#primaryimage\",\"url\":\"https:\/\/ubanews.com\/site\/wp-content\/uploads\/2018\/05\/1-5.jpg\",\"contentUrl\":\"https:\/\/ubanews.com\/site\/wp-content\/uploads\/2018\/05\/1-5.jpg\",\"width\":800,\"height\":294},{\"@type\":\"BreadcrumbList\",\"@id\":\"https:\/\/ubanews.com\/site\/2018\/05\/09\/revista-fato-realiza-a-quarta-dose-do-papo-de-buteco\/#breadcrumb\",\"itemListElement\":[{\"@type\":\"ListItem\",\"position\":1,\"name\":\"Home\",\"item\":\"https:\/\/ubanews.com\/site\/\"},{\"@type\":\"ListItem\",\"position\":2,\"name\":\"Revista Fato realiza a quarta dose do Papo de Buteco\"}]},{\"@type\":\"WebSite\",\"@id\":\"https:\/\/ubanews.com\/site\/#website\",\"url\":\"https:\/\/ubanews.com\/site\/\",\"name\":\"Ub\u00e1 News\",\"description\":\"\",\"publisher\":{\"@id\":\"https:\/\/ubanews.com\/site\/#organization\"},\"potentialAction\":[{\"@type\":\"SearchAction\",\"target\":{\"@type\":\"EntryPoint\",\"urlTemplate\":\"https:\/\/ubanews.com\/site\/?s={search_term_string}\"},\"query-input\":{\"@type\":\"PropertyValueSpecification\",\"valueRequired\":true,\"valueName\":\"search_term_string\"}}],\"inLanguage\":\"pt-BR\"},{\"@type\":\"Organization\",\"@id\":\"https:\/\/ubanews.com\/site\/#organization\",\"name\":\"Ub\u00e1 News\",\"url\":\"https:\/\/ubanews.com\/site\/\",\"logo\":{\"@type\":\"ImageObject\",\"inLanguage\":\"pt-BR\",\"@id\":\"https:\/\/ubanews.com\/site\/#\/schema\/logo\/image\/\",\"url\":\"https:\/\/ubanews.com\/site\/wp-content\/uploads\/2018\/01\/logoubanews.png\",\"contentUrl\":\"https:\/\/ubanews.com\/site\/wp-content\/uploads\/2018\/01\/logoubanews.png\",\"width\":261,\"height\":99,\"caption\":\"Ub\u00e1 News\"},\"image\":{\"@id\":\"https:\/\/ubanews.com\/site\/#\/schema\/logo\/image\/\"},\"sameAs\":[\"https:\/\/www.facebook.com\/Ub\u00e1News-Carlos-Roberto-Sodr\u00e9-418778301977370\"]},{\"@type\":\"Person\",\"@id\":\"https:\/\/ubanews.com\/site\/#\/schema\/person\/d90c9e47252fbb63dcc969fe4c8b9d10\",\"name\":\"Sodr\u00e9\",\"image\":{\"@type\":\"ImageObject\",\"inLanguage\":\"pt-BR\",\"@id\":\"https:\/\/secure.gravatar.com\/avatar\/5ba2793f0590b9dbfad3fdec4ee714485b3eef211c9b32ee53d414060454a56c?s=96&d=mm&r=g\",\"url\":\"https:\/\/secure.gravatar.com\/avatar\/5ba2793f0590b9dbfad3fdec4ee714485b3eef211c9b32ee53d414060454a56c?s=96&d=mm&r=g\",\"contentUrl\":\"https:\/\/secure.gravatar.com\/avatar\/5ba2793f0590b9dbfad3fdec4ee714485b3eef211c9b32ee53d414060454a56c?s=96&d=mm&r=g\",\"caption\":\"Sodr\u00e9\"},\"sameAs\":[\"https:\/\/www.facebook.com\/carosroberto.sodre.5\/\"],\"url\":\"https:\/\/ubanews.com\/site\/author\/felipe\/\"}]}<\/script>\n<!-- \/ Yoast SEO plugin. -->","yoast_head_json":{"title":"Revista Fato realiza a quarta dose do Papo de Buteco - Ub\u00e1 News","robots":{"index":"index","follow":"follow","max-snippet":"max-snippet:-1","max-image-preview":"max-image-preview:large","max-video-preview":"max-video-preview:-1"},"canonical":"https:\/\/ubanews.com\/site\/2018\/05\/09\/revista-fato-realiza-a-quarta-dose-do-papo-de-buteco\/","og_locale":"pt_BR","og_type":"article","og_title":"Revista Fato realiza a quarta dose do Papo de Buteco - Ub\u00e1 News","og_description":"J\u00e1 consagrado na cidade, evento espera reunir cerca de 1.500","og_url":"https:\/\/ubanews.com\/site\/2018\/05\/09\/revista-fato-realiza-a-quarta-dose-do-papo-de-buteco\/","og_site_name":"Ub\u00e1 News","article_publisher":"https:\/\/www.facebook.com\/Ub%c3%a1News-Carlos-Roberto-Sodr%c3%a9-418778301977370","article_author":"https:\/\/www.facebook.com\/carosroberto.sodre.5\/","article_published_time":"2018-05-09T15:17:34+00:00","article_modified_time":"2018-05-20T18:54:06+00:00","og_image":[{"width":800,"height":294,"url":"https:\/\/ubanews.com\/site\/wp-content\/uploads\/2018\/05\/1-5.jpg","type":"image\/jpeg"}],"author":"Sodr\u00e9","twitter_card":"summary_large_image","twitter_misc":{"Escrito por":"Sodr\u00e9","Est. tempo de leitura":"1 minuto"},"schema":{"@context":"https:\/\/schema.org","@graph":[{"@type":"Article","@id":"https:\/\/ubanews.com\/site\/2018\/05\/09\/revista-fato-realiza-a-quarta-dose-do-papo-de-buteco\/#article","isPartOf":{"@id":"https:\/\/ubanews.com\/site\/2018\/05\/09\/revista-fato-realiza-a-quarta-dose-do-papo-de-buteco\/"},"author":{"name":"Sodr\u00e9","@id":"https:\/\/ubanews.com\/site\/#\/schema\/person\/d90c9e47252fbb63dcc969fe4c8b9d10"},"headline":"Revista Fato realiza a quarta dose do Papo de Buteco","datePublished":"2018-05-09T15:17:34+00:00","dateModified":"2018-05-20T18:54:06+00:00","mainEntityOfPage":{"@id":"https:\/\/ubanews.com\/site\/2018\/05\/09\/revista-fato-realiza-a-quarta-dose-do-papo-de-buteco\/"},"wordCount":266,"commentCount":0,"publisher":{"@id":"https:\/\/ubanews.com\/site\/#organization"},"image":{"@id":"https:\/\/ubanews.com\/site\/2018\/05\/09\/revista-fato-realiza-a-quarta-dose-do-papo-de-buteco\/#primaryimage"},"thumbnailUrl":"https:\/\/ubanews.com\/site\/wp-content\/uploads\/2018\/05\/1-5.jpg","articleSection":["Geral"],"inLanguage":"pt-BR","potentialAction":[{"@type":"CommentAction","name":"Comment","target":["https:\/\/ubanews.com\/site\/2018\/05\/09\/revista-fato-realiza-a-quarta-dose-do-papo-de-buteco\/#respond"]}]},{"@type":"WebPage","@id":"https:\/\/ubanews.com\/site\/2018\/05\/09\/revista-fato-realiza-a-quarta-dose-do-papo-de-buteco\/","url":"https:\/\/ubanews.com\/site\/2018\/05\/09\/revista-fato-realiza-a-quarta-dose-do-papo-de-buteco\/","name":"Revista Fato realiza a quarta dose do Papo de Buteco - Ub\u00e1 News","isPartOf":{"@id":"https:\/\/ubanews.com\/site\/#website"},"primaryImageOfPage":{"@id":"https:\/\/ubanews.com\/site\/2018\/05\/09\/revista-fato-realiza-a-quarta-dose-do-papo-de-buteco\/#primaryimage"},"image":{"@id":"https:\/\/ubanews.com\/site\/2018\/05\/09\/revista-fato-realiza-a-quarta-dose-do-papo-de-buteco\/#primaryimage"},"thumbnailUrl":"https:\/\/ubanews.com\/site\/wp-content\/uploads\/2018\/05\/1-5.jpg","datePublished":"2018-05-09T15:17:34+00:00","dateModified":"2018-05-20T18:54:06+00:00","breadcrumb":{"@id":"https:\/\/ubanews.com\/site\/2018\/05\/09\/revista-fato-realiza-a-quarta-dose-do-papo-de-buteco\/#breadcrumb"},"inLanguage":"pt-BR","potentialAction":[{"@type":"ReadAction","target":["https:\/\/ubanews.com\/site\/2018\/05\/09\/revista-fato-realiza-a-quarta-dose-do-papo-de-buteco\/"]}]},{"@type":"ImageObject","inLanguage":"pt-BR","@id":"https:\/\/ubanews.com\/site\/2018\/05\/09\/revista-fato-realiza-a-quarta-dose-do-papo-de-buteco\/#primaryimage","url":"https:\/\/ubanews.com\/site\/wp-content\/uploads\/2018\/05\/1-5.jpg","contentUrl":"https:\/\/ubanews.com\/site\/wp-content\/uploads\/2018\/05\/1-5.jpg","width":800,"height":294},{"@type":"BreadcrumbList","@id":"https:\/\/ubanews.com\/site\/2018\/05\/09\/revista-fato-realiza-a-quarta-dose-do-papo-de-buteco\/#breadcrumb","itemListElement":[{"@type":"ListItem","position":1,"name":"Home","item":"https:\/\/ubanews.com\/site\/"},{"@type":"ListItem","position":2,"name":"Revista Fato realiza a quarta dose do Papo de Buteco"}]},{"@type":"WebSite","@id":"https:\/\/ubanews.com\/site\/#website","url":"https:\/\/ubanews.com\/site\/","name":"Ub\u00e1 News","description":"","publisher":{"@id":"https:\/\/ubanews.com\/site\/#organization"},"potentialAction":[{"@type":"SearchAction","target":{"@type":"EntryPoint","urlTemplate":"https:\/\/ubanews.com\/site\/?s={search_term_string}"},"query-input":{"@type":"PropertyValueSpecification","valueRequired":true,"valueName":"search_term_string"}}],"inLanguage":"pt-BR"},{"@type":"Organization","@id":"https:\/\/ubanews.com\/site\/#organization","name":"Ub\u00e1 News","url":"https:\/\/ubanews.com\/site\/","logo":{"@type":"ImageObject","inLanguage":"pt-BR","@id":"https:\/\/ubanews.com\/site\/#\/schema\/logo\/image\/","url":"https:\/\/ubanews.com\/site\/wp-content\/uploads\/2018\/01\/logoubanews.png","contentUrl":"https:\/\/ubanews.com\/site\/wp-content\/uploads\/2018\/01\/logoubanews.png","width":261,"height":99,"caption":"Ub\u00e1 News"},"image":{"@id":"https:\/\/ubanews.com\/site\/#\/schema\/logo\/image\/"},"sameAs":["https:\/\/www.facebook.com\/Ub\u00e1News-Carlos-Roberto-Sodr\u00e9-418778301977370"]},{"@type":"Person","@id":"https:\/\/ubanews.com\/site\/#\/schema\/person\/d90c9e47252fbb63dcc969fe4c8b9d10","name":"Sodr\u00e9","image":{"@type":"ImageObject","inLanguage":"pt-BR","@id":"https:\/\/secure.gravatar.com\/avatar\/5ba2793f0590b9dbfad3fdec4ee714485b3eef211c9b32ee53d414060454a56c?s=96&d=mm&r=g","url":"https:\/\/secure.gravatar.com\/avatar\/5ba2793f0590b9dbfad3fdec4ee714485b3eef211c9b32ee53d414060454a56c?s=96&d=mm&r=g","contentUrl":"https:\/\/secure.gravatar.com\/avatar\/5ba2793f0590b9dbfad3fdec4ee714485b3eef211c9b32ee53d414060454a56c?s=96&d=mm&r=g","caption":"Sodr\u00e9"},"sameAs":["https:\/\/www.facebook.com\/carosroberto.sodre.5\/"],"url":"https:\/\/ubanews.com\/site\/author\/felipe\/"}]}},"_links":{"self":[{"href":"https:\/\/ubanews.com\/site\/wp-json\/wp\/v2\/posts\/3209","targetHints":{"allow":["GET"]}}],"collection":[{"href":"https:\/\/ubanews.com\/site\/wp-json\/wp\/v2\/posts"}],"about":[{"href":"https:\/\/ubanews.com\/site\/wp-json\/wp\/v2\/types\/post"}],"author":[{"embeddable":true,"href":"https:\/\/ubanews.com\/site\/wp-json\/wp\/v2\/users\/2"}],"replies":[{"embeddable":true,"href":"https:\/\/ubanews.com\/site\/wp-json\/wp\/v2\/comments?post=3209"}],"version-history":[{"count":0,"href":"https:\/\/ubanews.com\/site\/wp-json\/wp\/v2\/posts\/3209\/revisions"}],"wp:featuredmedia":[{"embeddable":true,"href":"https:\/\/ubanews.com\/site\/wp-json\/wp\/v2\/media\/3210"}],"wp:attachment":[{"href":"https:\/\/ubanews.com\/site\/wp-json\/wp\/v2\/media?parent=3209"}],"wp:term":[{"taxonomy":"category","embeddable":true,"href":"https:\/\/ubanews.com\/site\/wp-json\/wp\/v2\/categories?post=3209"},{"taxonomy":"post_tag","embeddable":true,"href":"https:\/\/ubanews.com\/site\/wp-json\/wp\/v2\/tags?post=3209"}],"curies":[{"name":"wp","href":"https:\/\/api.w.org\/{rel}","templated":true}]}}