{"id":3187,"date":"2018-05-08T10:18:21","date_gmt":"2018-05-08T13:18:21","guid":{"rendered":"http:\/\/ubanews.com\/site\/?p=3187"},"modified":"2018-05-14T14:50:29","modified_gmt":"2018-05-14T17:50:29","slug":"setor-do-bolsa-familia-tem-horario-de-atendimento-ampliado","status":"publish","type":"post","link":"https:\/\/ubanews.com\/site\/2018\/05\/08\/setor-do-bolsa-familia-tem-horario-de-atendimento-ampliado\/","title":{"rendered":"Setor do Bolsa Fam\u00edlia tem hor\u00e1rio de atendimento ampliado"},"content":{"rendered":"<p>A partir do dia 07 de maio, o Setor do Bolsa Fam\u00edlia, da Secretaria Municipal de Desenvolvimento Social (SMDS), teve o hor\u00e1rio de atendimento ampliado at\u00e9 as 17h. Desde julho de 2015, toda a SMDS passou a funcionar por 6 horas, conforme o Decreto 5.706\/15. No entanto, devido \u00e0 procura pelo servi\u00e7o, optou-se por estender o funcionamento do setor, para mais comodidade da popula\u00e7\u00e3o.<\/p>\n<p>Nele \u00e9 poss\u00edvel se inscrever ou atualizar informa\u00e7\u00f5es no Cadastro \u00danico (Cad\u00danico), bem como realizar a pesagem de crian\u00e7as inscritas no Programa e verificar bloqueios do Bolsa Fam\u00edlia.&nbsp; No entanto, o Cadastro \u00danico n\u00e3o serve apenas para concess\u00e3o deste benef\u00edcio. Ele \u00e9&nbsp;a porta de entrada para mais de 20 programas sociais do Governo Federal voltados para as fam\u00edlias de baixa renda, como o Minha Casa Minha Vida, Benef\u00edcio de Presta\u00e7\u00e3o Continuada (BPC), Servi\u00e7os Assistenciais, Identidade Jovem (ID Jovem), Isen\u00e7\u00e3o de Pagamento de Taxa de Inscri\u00e7\u00e3o em Concursos P\u00fablicos, Tarifa Social de Energia El\u00e9trica, entre outros.<\/p>\n<p>O Cad\u00danico identifica e caracteriza as fam\u00edlias, permitindo que o governo conhe\u00e7a melhor a realidade socioecon\u00f4mica dessa popula\u00e7\u00e3o. Tamb\u00e9m pode ser utilizado para a sele\u00e7\u00e3o de benefici\u00e1rios de programas ofertados pelos governos estaduais e municipais. Por isso, ele \u00e9 essencial para as fam\u00edlias acessarem diversas pol\u00edticas p\u00fablicas.&nbsp;<\/p>\n<p>Os atendimentos da assist\u00eancia social no munic\u00edpio, incluindo a inscri\u00e7\u00e3o e atualiza\u00e7\u00e3o do Cad\u00danico, tamb\u00e9m s\u00e3o realizados nos bairros, nos Centros de Refer\u00eancia de Assist\u00eancia Social (CRAS) Agroceres, Pires da Luz (Pra\u00e7a CEUs), S\u00e3o Domingos, S\u00e3o Jo\u00e3o e Vila Casal e no Projeto A\u00e7\u00e3o Carinho Primavera para os indiv\u00edduos e fam\u00edlias que moram nas \u00e1reas de abrang\u00eancia de cada equipamento.<\/p>\n<p>\u201c\u00c9 importante frisar que o atendimento tanto do Bolsa Fam\u00edlia como outros atendimentos de benef\u00edcios sociais continuam nos CRAS, que de modo geral funcionam na parte da manh\u00e3 e um dia por semana, durante \u00e0 tarde\u201d, destaca o secret\u00e1rio Fl\u00e1vio Monteze.<\/p>\n<div><strong>Assessoria de Comunica\u00e7\u00e3o,&nbsp;<\/strong><strong>Prefeitura de Ub\u00e1<\/strong><\/div>\n<p style=\"font-weight: 400;\"><a href=\"http:\/\/www.uba.mg.gov.br\/detalhe-da-materia\/info\/setor-do-bolsa-familia-tem-horario-de-atendimento-ampliado\/142218\" data-saferedirecturl=\"https:\/\/www.google.com\/url?hl=pt-BR&amp;q=http:\/\/www.uba.mg.gov.br\/detalhe-da-materia\/info\/setor-do-bolsa-familia-tem-horario-de-atendimento-ampliado\/142218&amp;source=gmail&amp;ust=1525871206831000&amp;usg=AFQjCNF8REA-47MnW8F6jQlFUvKM3ominQ\">http:\/\/www.uba.mg.gov.br\/detalhe-da-materia\/info\/setor-do-bolsa-familia-tem-horario-de-atendimento-ampliado\/142218<\/a><\/p>\n","protected":false},"excerpt":{"rendered":"<p>A partir do dia 07 de maio, o Setor do<\/p>\n","protected":false},"author":2,"featured_media":3188,"comment_status":"open","ping_status":"open","sticky":false,"template":"","format":"standard","meta":{"footnotes":""},"categories":[1],"tags":[],"class_list":["post-3187","post","type-post","status-publish","format-standard","has-post-thumbnail","hentry","category-sem-categoria"],"yoast_head":"<!-- This site is optimized with the Yoast SEO plugin v27.2 - https:\/\/yoast.com\/product\/yoast-seo-wordpress\/ -->\n<title>Setor do Bolsa Fam\u00edlia tem hor\u00e1rio de atendimento ampliado - Ub\u00e1 News<\/title>\n<meta name=\"robots\" content=\"index, follow, max-snippet:-1, max-image-preview:large, max-video-preview:-1\" \/>\n<link rel=\"canonical\" href=\"https:\/\/ubanews.com\/site\/2018\/05\/08\/setor-do-bolsa-familia-tem-horario-de-atendimento-ampliado\/\" \/>\n<meta property=\"og:locale\" content=\"pt_BR\" \/>\n<meta property=\"og:type\" content=\"article\" \/>\n<meta property=\"og:title\" content=\"Setor do Bolsa Fam\u00edlia tem hor\u00e1rio de atendimento ampliado - Ub\u00e1 News\" \/>\n<meta property=\"og:description\" content=\"A partir do dia 07 de maio, o Setor do\" \/>\n<meta property=\"og:url\" content=\"https:\/\/ubanews.com\/site\/2018\/05\/08\/setor-do-bolsa-familia-tem-horario-de-atendimento-ampliado\/\" \/>\n<meta property=\"og:site_name\" content=\"Ub\u00e1 News\" \/>\n<meta property=\"article:publisher\" content=\"https:\/\/www.facebook.com\/Ub%c3%a1News-Carlos-Roberto-Sodr%c3%a9-418778301977370\" \/>\n<meta property=\"article:author\" content=\"https:\/\/www.facebook.com\/carosroberto.sodre.5\/\" \/>\n<meta property=\"article:published_time\" content=\"2018-05-08T13:18:21+00:00\" \/>\n<meta property=\"article:modified_time\" content=\"2018-05-14T17:50:29+00:00\" \/>\n<meta property=\"og:image\" content=\"https:\/\/ubanews.com\/site\/wp-content\/uploads\/2018\/05\/1-4.jpg\" \/>\n\t<meta property=\"og:image:width\" content=\"800\" \/>\n\t<meta property=\"og:image:height\" content=\"600\" \/>\n\t<meta property=\"og:image:type\" content=\"image\/jpeg\" \/>\n<meta name=\"author\" content=\"Sodr\u00e9\" \/>\n<meta name=\"twitter:card\" content=\"summary_large_image\" \/>\n<meta name=\"twitter:label1\" content=\"Escrito por\" \/>\n\t<meta name=\"twitter:data1\" content=\"Sodr\u00e9\" \/>\n\t<meta name=\"twitter:label2\" content=\"Est. tempo de leitura\" \/>\n\t<meta name=\"twitter:data2\" content=\"2 minutos\" \/>\n<script type=\"application\/ld+json\" class=\"yoast-schema-graph\">{\"@context\":\"https:\/\/schema.org\",\"@graph\":[{\"@type\":\"Article\",\"@id\":\"https:\/\/ubanews.com\/site\/2018\/05\/08\/setor-do-bolsa-familia-tem-horario-de-atendimento-ampliado\/#article\",\"isPartOf\":{\"@id\":\"https:\/\/ubanews.com\/site\/2018\/05\/08\/setor-do-bolsa-familia-tem-horario-de-atendimento-ampliado\/\"},\"author\":{\"name\":\"Sodr\u00e9\",\"@id\":\"https:\/\/ubanews.com\/site\/#\/schema\/person\/d90c9e47252fbb63dcc969fe4c8b9d10\"},\"headline\":\"Setor do Bolsa Fam\u00edlia tem hor\u00e1rio de atendimento ampliado\",\"datePublished\":\"2018-05-08T13:18:21+00:00\",\"dateModified\":\"2018-05-14T17:50:29+00:00\",\"mainEntityOfPage\":{\"@id\":\"https:\/\/ubanews.com\/site\/2018\/05\/08\/setor-do-bolsa-familia-tem-horario-de-atendimento-ampliado\/\"},\"wordCount\":380,\"commentCount\":0,\"publisher\":{\"@id\":\"https:\/\/ubanews.com\/site\/#organization\"},\"image\":{\"@id\":\"https:\/\/ubanews.com\/site\/2018\/05\/08\/setor-do-bolsa-familia-tem-horario-de-atendimento-ampliado\/#primaryimage\"},\"thumbnailUrl\":\"https:\/\/ubanews.com\/site\/wp-content\/uploads\/2018\/05\/1-4.jpg\",\"articleSection\":[\"Geral\"],\"inLanguage\":\"pt-BR\",\"potentialAction\":[{\"@type\":\"CommentAction\",\"name\":\"Comment\",\"target\":[\"https:\/\/ubanews.com\/site\/2018\/05\/08\/setor-do-bolsa-familia-tem-horario-de-atendimento-ampliado\/#respond\"]}]},{\"@type\":\"WebPage\",\"@id\":\"https:\/\/ubanews.com\/site\/2018\/05\/08\/setor-do-bolsa-familia-tem-horario-de-atendimento-ampliado\/\",\"url\":\"https:\/\/ubanews.com\/site\/2018\/05\/08\/setor-do-bolsa-familia-tem-horario-de-atendimento-ampliado\/\",\"name\":\"Setor do Bolsa Fam\u00edlia tem hor\u00e1rio de atendimento ampliado - Ub\u00e1 News\",\"isPartOf\":{\"@id\":\"https:\/\/ubanews.com\/site\/#website\"},\"primaryImageOfPage\":{\"@id\":\"https:\/\/ubanews.com\/site\/2018\/05\/08\/setor-do-bolsa-familia-tem-horario-de-atendimento-ampliado\/#primaryimage\"},\"image\":{\"@id\":\"https:\/\/ubanews.com\/site\/2018\/05\/08\/setor-do-bolsa-familia-tem-horario-de-atendimento-ampliado\/#primaryimage\"},\"thumbnailUrl\":\"https:\/\/ubanews.com\/site\/wp-content\/uploads\/2018\/05\/1-4.jpg\",\"datePublished\":\"2018-05-08T13:18:21+00:00\",\"dateModified\":\"2018-05-14T17:50:29+00:00\",\"breadcrumb\":{\"@id\":\"https:\/\/ubanews.com\/site\/2018\/05\/08\/setor-do-bolsa-familia-tem-horario-de-atendimento-ampliado\/#breadcrumb\"},\"inLanguage\":\"pt-BR\",\"potentialAction\":[{\"@type\":\"ReadAction\",\"target\":[\"https:\/\/ubanews.com\/site\/2018\/05\/08\/setor-do-bolsa-familia-tem-horario-de-atendimento-ampliado\/\"]}]},{\"@type\":\"ImageObject\",\"inLanguage\":\"pt-BR\",\"@id\":\"https:\/\/ubanews.com\/site\/2018\/05\/08\/setor-do-bolsa-familia-tem-horario-de-atendimento-ampliado\/#primaryimage\",\"url\":\"https:\/\/ubanews.com\/site\/wp-content\/uploads\/2018\/05\/1-4.jpg\",\"contentUrl\":\"https:\/\/ubanews.com\/site\/wp-content\/uploads\/2018\/05\/1-4.jpg\",\"width\":800,\"height\":600},{\"@type\":\"BreadcrumbList\",\"@id\":\"https:\/\/ubanews.com\/site\/2018\/05\/08\/setor-do-bolsa-familia-tem-horario-de-atendimento-ampliado\/#breadcrumb\",\"itemListElement\":[{\"@type\":\"ListItem\",\"position\":1,\"name\":\"Home\",\"item\":\"https:\/\/ubanews.com\/site\/\"},{\"@type\":\"ListItem\",\"position\":2,\"name\":\"Setor do Bolsa Fam\u00edlia tem hor\u00e1rio de atendimento ampliado\"}]},{\"@type\":\"WebSite\",\"@id\":\"https:\/\/ubanews.com\/site\/#website\",\"url\":\"https:\/\/ubanews.com\/site\/\",\"name\":\"Ub\u00e1 News\",\"description\":\"\",\"publisher\":{\"@id\":\"https:\/\/ubanews.com\/site\/#organization\"},\"potentialAction\":[{\"@type\":\"SearchAction\",\"target\":{\"@type\":\"EntryPoint\",\"urlTemplate\":\"https:\/\/ubanews.com\/site\/?s={search_term_string}\"},\"query-input\":{\"@type\":\"PropertyValueSpecification\",\"valueRequired\":true,\"valueName\":\"search_term_string\"}}],\"inLanguage\":\"pt-BR\"},{\"@type\":\"Organization\",\"@id\":\"https:\/\/ubanews.com\/site\/#organization\",\"name\":\"Ub\u00e1 News\",\"url\":\"https:\/\/ubanews.com\/site\/\",\"logo\":{\"@type\":\"ImageObject\",\"inLanguage\":\"pt-BR\",\"@id\":\"https:\/\/ubanews.com\/site\/#\/schema\/logo\/image\/\",\"url\":\"https:\/\/ubanews.com\/site\/wp-content\/uploads\/2018\/01\/logoubanews.png\",\"contentUrl\":\"https:\/\/ubanews.com\/site\/wp-content\/uploads\/2018\/01\/logoubanews.png\",\"width\":261,\"height\":99,\"caption\":\"Ub\u00e1 News\"},\"image\":{\"@id\":\"https:\/\/ubanews.com\/site\/#\/schema\/logo\/image\/\"},\"sameAs\":[\"https:\/\/www.facebook.com\/Ub\u00e1News-Carlos-Roberto-Sodr\u00e9-418778301977370\"]},{\"@type\":\"Person\",\"@id\":\"https:\/\/ubanews.com\/site\/#\/schema\/person\/d90c9e47252fbb63dcc969fe4c8b9d10\",\"name\":\"Sodr\u00e9\",\"image\":{\"@type\":\"ImageObject\",\"inLanguage\":\"pt-BR\",\"@id\":\"https:\/\/secure.gravatar.com\/avatar\/5ba2793f0590b9dbfad3fdec4ee714485b3eef211c9b32ee53d414060454a56c?s=96&d=mm&r=g\",\"url\":\"https:\/\/secure.gravatar.com\/avatar\/5ba2793f0590b9dbfad3fdec4ee714485b3eef211c9b32ee53d414060454a56c?s=96&d=mm&r=g\",\"contentUrl\":\"https:\/\/secure.gravatar.com\/avatar\/5ba2793f0590b9dbfad3fdec4ee714485b3eef211c9b32ee53d414060454a56c?s=96&d=mm&r=g\",\"caption\":\"Sodr\u00e9\"},\"sameAs\":[\"https:\/\/www.facebook.com\/carosroberto.sodre.5\/\"],\"url\":\"https:\/\/ubanews.com\/site\/author\/felipe\/\"}]}<\/script>\n<!-- \/ Yoast SEO plugin. -->","yoast_head_json":{"title":"Setor do Bolsa Fam\u00edlia tem hor\u00e1rio de atendimento ampliado - Ub\u00e1 News","robots":{"index":"index","follow":"follow","max-snippet":"max-snippet:-1","max-image-preview":"max-image-preview:large","max-video-preview":"max-video-preview:-1"},"canonical":"https:\/\/ubanews.com\/site\/2018\/05\/08\/setor-do-bolsa-familia-tem-horario-de-atendimento-ampliado\/","og_locale":"pt_BR","og_type":"article","og_title":"Setor do Bolsa Fam\u00edlia tem hor\u00e1rio de atendimento ampliado - Ub\u00e1 News","og_description":"A partir do dia 07 de maio, o Setor do","og_url":"https:\/\/ubanews.com\/site\/2018\/05\/08\/setor-do-bolsa-familia-tem-horario-de-atendimento-ampliado\/","og_site_name":"Ub\u00e1 News","article_publisher":"https:\/\/www.facebook.com\/Ub%c3%a1News-Carlos-Roberto-Sodr%c3%a9-418778301977370","article_author":"https:\/\/www.facebook.com\/carosroberto.sodre.5\/","article_published_time":"2018-05-08T13:18:21+00:00","article_modified_time":"2018-05-14T17:50:29+00:00","og_image":[{"width":800,"height":600,"url":"https:\/\/ubanews.com\/site\/wp-content\/uploads\/2018\/05\/1-4.jpg","type":"image\/jpeg"}],"author":"Sodr\u00e9","twitter_card":"summary_large_image","twitter_misc":{"Escrito por":"Sodr\u00e9","Est. tempo de leitura":"2 minutos"},"schema":{"@context":"https:\/\/schema.org","@graph":[{"@type":"Article","@id":"https:\/\/ubanews.com\/site\/2018\/05\/08\/setor-do-bolsa-familia-tem-horario-de-atendimento-ampliado\/#article","isPartOf":{"@id":"https:\/\/ubanews.com\/site\/2018\/05\/08\/setor-do-bolsa-familia-tem-horario-de-atendimento-ampliado\/"},"author":{"name":"Sodr\u00e9","@id":"https:\/\/ubanews.com\/site\/#\/schema\/person\/d90c9e47252fbb63dcc969fe4c8b9d10"},"headline":"Setor do Bolsa Fam\u00edlia tem hor\u00e1rio de atendimento ampliado","datePublished":"2018-05-08T13:18:21+00:00","dateModified":"2018-05-14T17:50:29+00:00","mainEntityOfPage":{"@id":"https:\/\/ubanews.com\/site\/2018\/05\/08\/setor-do-bolsa-familia-tem-horario-de-atendimento-ampliado\/"},"wordCount":380,"commentCount":0,"publisher":{"@id":"https:\/\/ubanews.com\/site\/#organization"},"image":{"@id":"https:\/\/ubanews.com\/site\/2018\/05\/08\/setor-do-bolsa-familia-tem-horario-de-atendimento-ampliado\/#primaryimage"},"thumbnailUrl":"https:\/\/ubanews.com\/site\/wp-content\/uploads\/2018\/05\/1-4.jpg","articleSection":["Geral"],"inLanguage":"pt-BR","potentialAction":[{"@type":"CommentAction","name":"Comment","target":["https:\/\/ubanews.com\/site\/2018\/05\/08\/setor-do-bolsa-familia-tem-horario-de-atendimento-ampliado\/#respond"]}]},{"@type":"WebPage","@id":"https:\/\/ubanews.com\/site\/2018\/05\/08\/setor-do-bolsa-familia-tem-horario-de-atendimento-ampliado\/","url":"https:\/\/ubanews.com\/site\/2018\/05\/08\/setor-do-bolsa-familia-tem-horario-de-atendimento-ampliado\/","name":"Setor do Bolsa Fam\u00edlia tem hor\u00e1rio de atendimento ampliado - Ub\u00e1 News","isPartOf":{"@id":"https:\/\/ubanews.com\/site\/#website"},"primaryImageOfPage":{"@id":"https:\/\/ubanews.com\/site\/2018\/05\/08\/setor-do-bolsa-familia-tem-horario-de-atendimento-ampliado\/#primaryimage"},"image":{"@id":"https:\/\/ubanews.com\/site\/2018\/05\/08\/setor-do-bolsa-familia-tem-horario-de-atendimento-ampliado\/#primaryimage"},"thumbnailUrl":"https:\/\/ubanews.com\/site\/wp-content\/uploads\/2018\/05\/1-4.jpg","datePublished":"2018-05-08T13:18:21+00:00","dateModified":"2018-05-14T17:50:29+00:00","breadcrumb":{"@id":"https:\/\/ubanews.com\/site\/2018\/05\/08\/setor-do-bolsa-familia-tem-horario-de-atendimento-ampliado\/#breadcrumb"},"inLanguage":"pt-BR","potentialAction":[{"@type":"ReadAction","target":["https:\/\/ubanews.com\/site\/2018\/05\/08\/setor-do-bolsa-familia-tem-horario-de-atendimento-ampliado\/"]}]},{"@type":"ImageObject","inLanguage":"pt-BR","@id":"https:\/\/ubanews.com\/site\/2018\/05\/08\/setor-do-bolsa-familia-tem-horario-de-atendimento-ampliado\/#primaryimage","url":"https:\/\/ubanews.com\/site\/wp-content\/uploads\/2018\/05\/1-4.jpg","contentUrl":"https:\/\/ubanews.com\/site\/wp-content\/uploads\/2018\/05\/1-4.jpg","width":800,"height":600},{"@type":"BreadcrumbList","@id":"https:\/\/ubanews.com\/site\/2018\/05\/08\/setor-do-bolsa-familia-tem-horario-de-atendimento-ampliado\/#breadcrumb","itemListElement":[{"@type":"ListItem","position":1,"name":"Home","item":"https:\/\/ubanews.com\/site\/"},{"@type":"ListItem","position":2,"name":"Setor do Bolsa Fam\u00edlia tem hor\u00e1rio de atendimento ampliado"}]},{"@type":"WebSite","@id":"https:\/\/ubanews.com\/site\/#website","url":"https:\/\/ubanews.com\/site\/","name":"Ub\u00e1 News","description":"","publisher":{"@id":"https:\/\/ubanews.com\/site\/#organization"},"potentialAction":[{"@type":"SearchAction","target":{"@type":"EntryPoint","urlTemplate":"https:\/\/ubanews.com\/site\/?s={search_term_string}"},"query-input":{"@type":"PropertyValueSpecification","valueRequired":true,"valueName":"search_term_string"}}],"inLanguage":"pt-BR"},{"@type":"Organization","@id":"https:\/\/ubanews.com\/site\/#organization","name":"Ub\u00e1 News","url":"https:\/\/ubanews.com\/site\/","logo":{"@type":"ImageObject","inLanguage":"pt-BR","@id":"https:\/\/ubanews.com\/site\/#\/schema\/logo\/image\/","url":"https:\/\/ubanews.com\/site\/wp-content\/uploads\/2018\/01\/logoubanews.png","contentUrl":"https:\/\/ubanews.com\/site\/wp-content\/uploads\/2018\/01\/logoubanews.png","width":261,"height":99,"caption":"Ub\u00e1 News"},"image":{"@id":"https:\/\/ubanews.com\/site\/#\/schema\/logo\/image\/"},"sameAs":["https:\/\/www.facebook.com\/Ub\u00e1News-Carlos-Roberto-Sodr\u00e9-418778301977370"]},{"@type":"Person","@id":"https:\/\/ubanews.com\/site\/#\/schema\/person\/d90c9e47252fbb63dcc969fe4c8b9d10","name":"Sodr\u00e9","image":{"@type":"ImageObject","inLanguage":"pt-BR","@id":"https:\/\/secure.gravatar.com\/avatar\/5ba2793f0590b9dbfad3fdec4ee714485b3eef211c9b32ee53d414060454a56c?s=96&d=mm&r=g","url":"https:\/\/secure.gravatar.com\/avatar\/5ba2793f0590b9dbfad3fdec4ee714485b3eef211c9b32ee53d414060454a56c?s=96&d=mm&r=g","contentUrl":"https:\/\/secure.gravatar.com\/avatar\/5ba2793f0590b9dbfad3fdec4ee714485b3eef211c9b32ee53d414060454a56c?s=96&d=mm&r=g","caption":"Sodr\u00e9"},"sameAs":["https:\/\/www.facebook.com\/carosroberto.sodre.5\/"],"url":"https:\/\/ubanews.com\/site\/author\/felipe\/"}]}},"_links":{"self":[{"href":"https:\/\/ubanews.com\/site\/wp-json\/wp\/v2\/posts\/3187","targetHints":{"allow":["GET"]}}],"collection":[{"href":"https:\/\/ubanews.com\/site\/wp-json\/wp\/v2\/posts"}],"about":[{"href":"https:\/\/ubanews.com\/site\/wp-json\/wp\/v2\/types\/post"}],"author":[{"embeddable":true,"href":"https:\/\/ubanews.com\/site\/wp-json\/wp\/v2\/users\/2"}],"replies":[{"embeddable":true,"href":"https:\/\/ubanews.com\/site\/wp-json\/wp\/v2\/comments?post=3187"}],"version-history":[{"count":0,"href":"https:\/\/ubanews.com\/site\/wp-json\/wp\/v2\/posts\/3187\/revisions"}],"wp:featuredmedia":[{"embeddable":true,"href":"https:\/\/ubanews.com\/site\/wp-json\/wp\/v2\/media\/3188"}],"wp:attachment":[{"href":"https:\/\/ubanews.com\/site\/wp-json\/wp\/v2\/media?parent=3187"}],"wp:term":[{"taxonomy":"category","embeddable":true,"href":"https:\/\/ubanews.com\/site\/wp-json\/wp\/v2\/categories?post=3187"},{"taxonomy":"post_tag","embeddable":true,"href":"https:\/\/ubanews.com\/site\/wp-json\/wp\/v2\/tags?post=3187"}],"curies":[{"name":"wp","href":"https:\/\/api.w.org\/{rel}","templated":true}]}}