{"id":3171,"date":"2018-05-07T15:57:20","date_gmt":"2018-05-07T18:57:20","guid":{"rendered":"http:\/\/ubanews.com\/site\/?p=3171"},"modified":"2018-05-14T14:49:56","modified_gmt":"2018-05-14T17:49:56","slug":"carioca-teve-um-final-de-semana-em-curitiba-pr","status":"publish","type":"post","link":"https:\/\/ubanews.com\/site\/2018\/05\/07\/carioca-teve-um-final-de-semana-em-curitiba-pr\/","title":{"rendered":"Carioca teve um final de semana em Curitiba &#8211; PR"},"content":{"rendered":"<p><img decoding=\"async\" class=\"alignnone size-full wp-image-3174 lazyload\" data-src=\"https:\/\/ubanews.com\/site\/wp-content\/uploads\/2018\/05\/IMG-20180507-WA0005-c\u00f3pia.jpg\" alt=\"\" width=\"800\" height=\"500\" data-srcset=\"https:\/\/ubanews.com\/site\/wp-content\/uploads\/2018\/05\/IMG-20180507-WA0005-c\u00f3pia.jpg 800w, https:\/\/ubanews.com\/site\/wp-content\/uploads\/2018\/05\/IMG-20180507-WA0005-c\u00f3pia-300x188.jpg 300w, https:\/\/ubanews.com\/site\/wp-content\/uploads\/2018\/05\/IMG-20180507-WA0005-c\u00f3pia-768x480.jpg 768w\" data-sizes=\"(max-width: 800px) 100vw, 800px\" src=\"data:image\/svg+xml;base64,PHN2ZyB3aWR0aD0iMSIgaGVpZ2h0PSIxIiB4bWxucz0iaHR0cDovL3d3dy53My5vcmcvMjAwMC9zdmciPjwvc3ZnPg==\" style=\"--smush-placeholder-width: 800px; --smush-placeholder-aspect-ratio: 800\/500;\" \/> <img decoding=\"async\" class=\"alignnone size-full wp-image-3175 lazyload\" data-src=\"https:\/\/ubanews.com\/site\/wp-content\/uploads\/2018\/05\/IMG-20180507-WA0014-c\u00f3pia.jpg\" alt=\"\" width=\"800\" height=\"500\" data-srcset=\"https:\/\/ubanews.com\/site\/wp-content\/uploads\/2018\/05\/IMG-20180507-WA0014-c\u00f3pia.jpg 800w, https:\/\/ubanews.com\/site\/wp-content\/uploads\/2018\/05\/IMG-20180507-WA0014-c\u00f3pia-300x188.jpg 300w, https:\/\/ubanews.com\/site\/wp-content\/uploads\/2018\/05\/IMG-20180507-WA0014-c\u00f3pia-768x480.jpg 768w\" data-sizes=\"(max-width: 800px) 100vw, 800px\" src=\"data:image\/svg+xml;base64,PHN2ZyB3aWR0aD0iMSIgaGVpZ2h0PSIxIiB4bWxucz0iaHR0cDovL3d3dy53My5vcmcvMjAwMC9zdmciPjwvc3ZnPg==\" style=\"--smush-placeholder-width: 800px; --smush-placeholder-aspect-ratio: 800\/500;\" \/> <img decoding=\"async\" class=\"alignnone size-full wp-image-3176 lazyload\" data-src=\"https:\/\/ubanews.com\/site\/wp-content\/uploads\/2018\/05\/IMG-20180507-WA0015-c\u00f3pia.jpg\" alt=\"\" width=\"800\" height=\"500\" data-srcset=\"https:\/\/ubanews.com\/site\/wp-content\/uploads\/2018\/05\/IMG-20180507-WA0015-c\u00f3pia.jpg 800w, https:\/\/ubanews.com\/site\/wp-content\/uploads\/2018\/05\/IMG-20180507-WA0015-c\u00f3pia-300x188.jpg 300w, https:\/\/ubanews.com\/site\/wp-content\/uploads\/2018\/05\/IMG-20180507-WA0015-c\u00f3pia-768x480.jpg 768w\" data-sizes=\"(max-width: 800px) 100vw, 800px\" src=\"data:image\/svg+xml;base64,PHN2ZyB3aWR0aD0iMSIgaGVpZ2h0PSIxIiB4bWxucz0iaHR0cDovL3d3dy53My5vcmcvMjAwMC9zdmciPjwvc3ZnPg==\" style=\"--smush-placeholder-width: 800px; --smush-placeholder-aspect-ratio: 800\/500;\" \/> <img decoding=\"async\" class=\"alignnone size-full wp-image-3177 lazyload\" data-src=\"https:\/\/ubanews.com\/site\/wp-content\/uploads\/2018\/05\/IMG-20180507-WA0024-c\u00f3pia.jpg\" alt=\"\" width=\"800\" height=\"500\" data-srcset=\"https:\/\/ubanews.com\/site\/wp-content\/uploads\/2018\/05\/IMG-20180507-WA0024-c\u00f3pia.jpg 800w, https:\/\/ubanews.com\/site\/wp-content\/uploads\/2018\/05\/IMG-20180507-WA0024-c\u00f3pia-300x188.jpg 300w, https:\/\/ubanews.com\/site\/wp-content\/uploads\/2018\/05\/IMG-20180507-WA0024-c\u00f3pia-768x480.jpg 768w\" data-sizes=\"(max-width: 800px) 100vw, 800px\" src=\"data:image\/svg+xml;base64,PHN2ZyB3aWR0aD0iMSIgaGVpZ2h0PSIxIiB4bWxucz0iaHR0cDovL3d3dy53My5vcmcvMjAwMC9zdmciPjwvc3ZnPg==\" style=\"--smush-placeholder-width: 800px; --smush-placeholder-aspect-ratio: 800\/500;\" \/> <img decoding=\"async\" class=\"alignnone size-full wp-image-3179 lazyload\" data-src=\"https:\/\/ubanews.com\/site\/wp-content\/uploads\/2018\/05\/IMG-20180507-WA0038-c\u00f3pia.jpg\" alt=\"\" width=\"800\" height=\"500\" data-srcset=\"https:\/\/ubanews.com\/site\/wp-content\/uploads\/2018\/05\/IMG-20180507-WA0038-c\u00f3pia.jpg 800w, https:\/\/ubanews.com\/site\/wp-content\/uploads\/2018\/05\/IMG-20180507-WA0038-c\u00f3pia-300x188.jpg 300w, https:\/\/ubanews.com\/site\/wp-content\/uploads\/2018\/05\/IMG-20180507-WA0038-c\u00f3pia-768x480.jpg 768w\" data-sizes=\"(max-width: 800px) 100vw, 800px\" src=\"data:image\/svg+xml;base64,PHN2ZyB3aWR0aD0iMSIgaGVpZ2h0PSIxIiB4bWxucz0iaHR0cDovL3d3dy53My5vcmcvMjAwMC9zdmciPjwvc3ZnPg==\" style=\"--smush-placeholder-width: 800px; --smush-placeholder-aspect-ratio: 800\/500;\" \/> <img decoding=\"async\" class=\"alignnone size-full wp-image-3180 lazyload\" data-src=\"https:\/\/ubanews.com\/site\/wp-content\/uploads\/2018\/05\/IMG-20180507-WA0039-c\u00f3pia.jpg\" alt=\"\" width=\"800\" height=\"500\" data-srcset=\"https:\/\/ubanews.com\/site\/wp-content\/uploads\/2018\/05\/IMG-20180507-WA0039-c\u00f3pia.jpg 800w, https:\/\/ubanews.com\/site\/wp-content\/uploads\/2018\/05\/IMG-20180507-WA0039-c\u00f3pia-300x188.jpg 300w, https:\/\/ubanews.com\/site\/wp-content\/uploads\/2018\/05\/IMG-20180507-WA0039-c\u00f3pia-768x480.jpg 768w\" data-sizes=\"(max-width: 800px) 100vw, 800px\" src=\"data:image\/svg+xml;base64,PHN2ZyB3aWR0aD0iMSIgaGVpZ2h0PSIxIiB4bWxucz0iaHR0cDovL3d3dy53My5vcmcvMjAwMC9zdmciPjwvc3ZnPg==\" style=\"--smush-placeholder-width: 800px; --smush-placeholder-aspect-ratio: 800\/500;\" \/> <img decoding=\"async\" class=\"alignnone size-full wp-image-3181 lazyload\" data-src=\"https:\/\/ubanews.com\/site\/wp-content\/uploads\/2018\/05\/IMG-20180507-WA0042-c\u00f3pia.jpg\" alt=\"\" width=\"800\" height=\"500\" data-srcset=\"https:\/\/ubanews.com\/site\/wp-content\/uploads\/2018\/05\/IMG-20180507-WA0042-c\u00f3pia.jpg 800w, https:\/\/ubanews.com\/site\/wp-content\/uploads\/2018\/05\/IMG-20180507-WA0042-c\u00f3pia-300x188.jpg 300w, https:\/\/ubanews.com\/site\/wp-content\/uploads\/2018\/05\/IMG-20180507-WA0042-c\u00f3pia-768x480.jpg 768w\" data-sizes=\"(max-width: 800px) 100vw, 800px\" src=\"data:image\/svg+xml;base64,PHN2ZyB3aWR0aD0iMSIgaGVpZ2h0PSIxIiB4bWxucz0iaHR0cDovL3d3dy53My5vcmcvMjAwMC9zdmciPjwvc3ZnPg==\" style=\"--smush-placeholder-width: 800px; --smush-placeholder-aspect-ratio: 800\/500;\" \/> <img decoding=\"async\" class=\"alignnone size-full wp-image-3182 lazyload\" data-src=\"https:\/\/ubanews.com\/site\/wp-content\/uploads\/2018\/05\/IMG-20180507-WA0044-c\u00f3pia.jpg\" alt=\"\" width=\"800\" height=\"500\" data-srcset=\"https:\/\/ubanews.com\/site\/wp-content\/uploads\/2018\/05\/IMG-20180507-WA0044-c\u00f3pia.jpg 800w, https:\/\/ubanews.com\/site\/wp-content\/uploads\/2018\/05\/IMG-20180507-WA0044-c\u00f3pia-300x188.jpg 300w, https:\/\/ubanews.com\/site\/wp-content\/uploads\/2018\/05\/IMG-20180507-WA0044-c\u00f3pia-768x480.jpg 768w\" data-sizes=\"(max-width: 800px) 100vw, 800px\" src=\"data:image\/svg+xml;base64,PHN2ZyB3aWR0aD0iMSIgaGVpZ2h0PSIxIiB4bWxucz0iaHR0cDovL3d3dy53My5vcmcvMjAwMC9zdmciPjwvc3ZnPg==\" style=\"--smush-placeholder-width: 800px; --smush-placeholder-aspect-ratio: 800\/500;\" \/> <img decoding=\"async\" class=\"alignnone size-full wp-image-3183 lazyload\" data-src=\"https:\/\/ubanews.com\/site\/wp-content\/uploads\/2018\/05\/IMG-20180507-WA0052-c\u00f3pia.jpg\" alt=\"\" width=\"800\" height=\"500\" data-srcset=\"https:\/\/ubanews.com\/site\/wp-content\/uploads\/2018\/05\/IMG-20180507-WA0052-c\u00f3pia.jpg 800w, https:\/\/ubanews.com\/site\/wp-content\/uploads\/2018\/05\/IMG-20180507-WA0052-c\u00f3pia-300x188.jpg 300w, https:\/\/ubanews.com\/site\/wp-content\/uploads\/2018\/05\/IMG-20180507-WA0052-c\u00f3pia-768x480.jpg 768w\" data-sizes=\"(max-width: 800px) 100vw, 800px\" src=\"data:image\/svg+xml;base64,PHN2ZyB3aWR0aD0iMSIgaGVpZ2h0PSIxIiB4bWxucz0iaHR0cDovL3d3dy53My5vcmcvMjAwMC9zdmciPjwvc3ZnPg==\" style=\"--smush-placeholder-width: 800px; --smush-placeholder-aspect-ratio: 800\/500;\" \/> <img decoding=\"async\" class=\"alignnone size-full wp-image-3184 lazyload\" data-src=\"https:\/\/ubanews.com\/site\/wp-content\/uploads\/2018\/05\/IMG-20180507-WA0072-c\u00f3pia.jpg\" alt=\"\" width=\"800\" height=\"500\" data-srcset=\"https:\/\/ubanews.com\/site\/wp-content\/uploads\/2018\/05\/IMG-20180507-WA0072-c\u00f3pia.jpg 800w, https:\/\/ubanews.com\/site\/wp-content\/uploads\/2018\/05\/IMG-20180507-WA0072-c\u00f3pia-300x188.jpg 300w, https:\/\/ubanews.com\/site\/wp-content\/uploads\/2018\/05\/IMG-20180507-WA0072-c\u00f3pia-768x480.jpg 768w\" data-sizes=\"(max-width: 800px) 100vw, 800px\" src=\"data:image\/svg+xml;base64,PHN2ZyB3aWR0aD0iMSIgaGVpZ2h0PSIxIiB4bWxucz0iaHR0cDovL3d3dy53My5vcmcvMjAwMC9zdmciPjwvc3ZnPg==\" style=\"--smush-placeholder-width: 800px; --smush-placeholder-aspect-ratio: 800\/500;\" \/> <img decoding=\"async\" class=\"alignnone size-full wp-image-3185 lazyload\" data-src=\"https:\/\/ubanews.com\/site\/wp-content\/uploads\/2018\/05\/IMG-20180507-WA0119-c\u00f3pia.jpg\" alt=\"\" width=\"800\" height=\"500\" data-srcset=\"https:\/\/ubanews.com\/site\/wp-content\/uploads\/2018\/05\/IMG-20180507-WA0119-c\u00f3pia.jpg 800w, https:\/\/ubanews.com\/site\/wp-content\/uploads\/2018\/05\/IMG-20180507-WA0119-c\u00f3pia-300x188.jpg 300w, https:\/\/ubanews.com\/site\/wp-content\/uploads\/2018\/05\/IMG-20180507-WA0119-c\u00f3pia-768x480.jpg 768w\" data-sizes=\"(max-width: 800px) 100vw, 800px\" src=\"data:image\/svg+xml;base64,PHN2ZyB3aWR0aD0iMSIgaGVpZ2h0PSIxIiB4bWxucz0iaHR0cDovL3d3dy53My5vcmcvMjAwMC9zdmciPjwvc3ZnPg==\" style=\"--smush-placeholder-width: 800px; --smush-placeholder-aspect-ratio: 800\/500;\" \/>Arnaldo Collares Lage (Carioca), saiu de Ub\u00e1, domingo (29) com destino a Bag\u00e9 \u2013 RS, colocando em pr\u00e1tica o projeto Ubag\u00e9.<\/p>\n<p>Sexta-feira (04), Carioca saiu de Barra Mansa \u2013 RJ e pedalou 74 km at\u00e9 chegar em Queluz \u2013 SP. O apoiador Alexandre de Miranda, sabendo e conhecendo os perigos das estradas, ofereceu apoio de autom\u00f3vel num trajeto de 350 km at\u00e9 em Bertioga &#8211; SP, chegando \u00e0s 18h. Pernoitou na Pousada Canto da Pra\u00e7a (Rua Francisco Pinto, 220 &#8211; Centro, Bertioga &#8211; SP, 11250-000, telefone <a href=\"https:\/\/www.google.com.br\/search?ei=CZDwWurGL4HTkwXEiKdY&amp;q=pousada+canto+da+pra%C3%A7a+bertioga&amp;oq=pousada+canto+da+pra%C3%A7a&amp;gs_l=psy-ab.3.0.0l2j0i30k1.18947.20154.0.22861.7.7.0.0.0.0.363.724.3-2.2.0....0...1.1.64.psy-ab..5.2.723...0i7i30k1.0.VXK0d1KHxMU\">(13) 3317-3117<\/a>.<\/p>\n<p>No dia seguinte, S\u00e1bado (05), deslocou at\u00e9 a casa de outro apoiador Marcelo Rudini, propriet\u00e1rio da empresa OndePedalar.com. Ganhou uma bolsa de guid\u00e3o de brinde, tirou fotos e fez entrevista com a imprensa local. \u00c0s 17h, o amigo Alexandre de Miranda e apoiador do Projeto UBAG\u00c9 chegou na Pousada Canto da Pra\u00e7a com a fam\u00edlia e seguiu at\u00e9 Curitiba \u2013 PR, percorrendo 450 km, chegando \u00e0s 01h 30min da manh\u00e3 ao Hotel Ibis budget, reservado pelo amigo e apoiador, o Vereador Sr. Jo\u00e3o da Fazenda, C\u00e2mara Municipal de Tocantins &#8211; MG.<\/p>\n<p>Domingo (06), ap\u00f3s o caf\u00e9 sa\u00edram \u00e0s 11h 30min, para conhecer Curitiba, conheceu Jardim bot\u00e2nico um dos pontos tur\u00edsticos da cidade, apreciou a beleza das flores, p\u00e1ssaros, peixes e tamb\u00e9m a famosa Estufa. Tudo foi registrado em imagens.<\/p>\n<p>&nbsp;\u201cO mais interessante dessa hist\u00f3ria \u00e9 que, quando voc\u00ea tem uma id\u00e9ia visando melhorar a qualidade de vida das pessoas e ao mesmo tempo, com muito sacrif\u00edcio, tenta propagar uma conscientiza\u00e7\u00e3o de RESPEITO AO CICLISTA &#8211; Projeto UBAG\u00c9, pude notar que aqueles mais pr\u00f3ximos n\u00e3o me levaram tanto a s\u00e9rio, entretanto outros vision\u00e1rios desconhecidos entenderam e abra\u00e7aram a causa, apoiaram o Projeto Ubag\u00e9 sem medir esfor\u00e7os. Muitos destes s\u00e3o pessoas que nunca conheci pessoalmente e que talvez nunca venha a conhecer\u201d. Palavras de Arnaldo Collares Lage (Carioca).<\/p>\n<p>O Sr. Fabr\u00edcio Angialetti da recep\u00e7\u00e3o do Hotel contribuiu com a cortesia de tr\u00eas caf\u00e9s da manh\u00e3 em qualquer Hotel da rede Ibis. \u00c9 adepto a pr\u00e1tica de bike, abra\u00e7ou a id\u00e9ia dos adesivos e divulga\u00e7\u00e3o de RESPEITE AO CICLISTA junto ao Hotel. O empres\u00e1rio ver\u00e1 a possibilidade do patroc\u00ednio de adesivos para distribui\u00e7\u00e3o aos clientes, fazendo assim a continuidade do Projeto UBAG\u00c9. O Sr. M\u00e1rcio Kestering, Gerente do Hotel estudar\u00e1 a possibilidade da participa\u00e7\u00e3o do Ibis Budget quanto ao apoio do PROJETO UBAG\u00c9 em pernoites durante o trajeto.<\/p>\n","protected":false},"excerpt":{"rendered":"<p>Arnaldo Collares Lage (Carioca), saiu de Ub\u00e1, domingo (29) com<\/p>\n","protected":false},"author":2,"featured_media":3179,"comment_status":"open","ping_status":"open","sticky":false,"template":"","format":"standard","meta":{"footnotes":""},"categories":[1],"tags":[],"class_list":["post-3171","post","type-post","status-publish","format-standard","has-post-thumbnail","hentry","category-sem-categoria"],"yoast_head":"<!-- This site is optimized with the Yoast SEO plugin v27.2 - https:\/\/yoast.com\/product\/yoast-seo-wordpress\/ -->\n<title>Carioca teve um final de semana em Curitiba - PR - Ub\u00e1 News<\/title>\n<meta name=\"robots\" content=\"index, follow, max-snippet:-1, max-image-preview:large, max-video-preview:-1\" \/>\n<link rel=\"canonical\" href=\"https:\/\/ubanews.com\/site\/2018\/05\/07\/carioca-teve-um-final-de-semana-em-curitiba-pr\/\" \/>\n<meta property=\"og:locale\" content=\"pt_BR\" \/>\n<meta property=\"og:type\" content=\"article\" \/>\n<meta property=\"og:title\" content=\"Carioca teve um final de semana em Curitiba - PR - Ub\u00e1 News\" \/>\n<meta property=\"og:description\" content=\"Arnaldo Collares Lage (Carioca), saiu de Ub\u00e1, domingo (29) com\" \/>\n<meta property=\"og:url\" content=\"https:\/\/ubanews.com\/site\/2018\/05\/07\/carioca-teve-um-final-de-semana-em-curitiba-pr\/\" \/>\n<meta property=\"og:site_name\" content=\"Ub\u00e1 News\" \/>\n<meta property=\"article:publisher\" content=\"https:\/\/www.facebook.com\/Ub%c3%a1News-Carlos-Roberto-Sodr%c3%a9-418778301977370\" \/>\n<meta property=\"article:author\" content=\"https:\/\/www.facebook.com\/carosroberto.sodre.5\/\" \/>\n<meta property=\"article:published_time\" content=\"2018-05-07T18:57:20+00:00\" \/>\n<meta property=\"article:modified_time\" content=\"2018-05-14T17:49:56+00:00\" \/>\n<meta property=\"og:image\" content=\"https:\/\/ubanews.com\/site\/wp-content\/uploads\/2018\/05\/IMG-20180507-WA0038-c\u00f3pia.jpg\" \/>\n\t<meta property=\"og:image:width\" content=\"800\" \/>\n\t<meta property=\"og:image:height\" content=\"500\" \/>\n\t<meta property=\"og:image:type\" content=\"image\/jpeg\" \/>\n<meta name=\"author\" content=\"Sodr\u00e9\" \/>\n<meta name=\"twitter:card\" content=\"summary_large_image\" \/>\n<meta name=\"twitter:label1\" content=\"Escrito por\" \/>\n\t<meta name=\"twitter:data1\" content=\"Sodr\u00e9\" \/>\n\t<meta name=\"twitter:label2\" content=\"Est. tempo de leitura\" \/>\n\t<meta name=\"twitter:data2\" content=\"2 minutos\" \/>\n<script type=\"application\/ld+json\" class=\"yoast-schema-graph\">{\"@context\":\"https:\/\/schema.org\",\"@graph\":[{\"@type\":\"Article\",\"@id\":\"https:\/\/ubanews.com\/site\/2018\/05\/07\/carioca-teve-um-final-de-semana-em-curitiba-pr\/#article\",\"isPartOf\":{\"@id\":\"https:\/\/ubanews.com\/site\/2018\/05\/07\/carioca-teve-um-final-de-semana-em-curitiba-pr\/\"},\"author\":{\"name\":\"Sodr\u00e9\",\"@id\":\"https:\/\/ubanews.com\/site\/#\/schema\/person\/d90c9e47252fbb63dcc969fe4c8b9d10\"},\"headline\":\"Carioca teve um final de semana em Curitiba &#8211; PR\",\"datePublished\":\"2018-05-07T18:57:20+00:00\",\"dateModified\":\"2018-05-14T17:49:56+00:00\",\"mainEntityOfPage\":{\"@id\":\"https:\/\/ubanews.com\/site\/2018\/05\/07\/carioca-teve-um-final-de-semana-em-curitiba-pr\/\"},\"wordCount\":430,\"commentCount\":9,\"publisher\":{\"@id\":\"https:\/\/ubanews.com\/site\/#organization\"},\"image\":{\"@id\":\"https:\/\/ubanews.com\/site\/2018\/05\/07\/carioca-teve-um-final-de-semana-em-curitiba-pr\/#primaryimage\"},\"thumbnailUrl\":\"https:\/\/ubanews.com\/site\/wp-content\/uploads\/2018\/05\/IMG-20180507-WA0038-c\u00f3pia.jpg\",\"articleSection\":[\"Geral\"],\"inLanguage\":\"pt-BR\",\"potentialAction\":[{\"@type\":\"CommentAction\",\"name\":\"Comment\",\"target\":[\"https:\/\/ubanews.com\/site\/2018\/05\/07\/carioca-teve-um-final-de-semana-em-curitiba-pr\/#respond\"]}]},{\"@type\":\"WebPage\",\"@id\":\"https:\/\/ubanews.com\/site\/2018\/05\/07\/carioca-teve-um-final-de-semana-em-curitiba-pr\/\",\"url\":\"https:\/\/ubanews.com\/site\/2018\/05\/07\/carioca-teve-um-final-de-semana-em-curitiba-pr\/\",\"name\":\"Carioca teve um final de semana em Curitiba - PR - Ub\u00e1 News\",\"isPartOf\":{\"@id\":\"https:\/\/ubanews.com\/site\/#website\"},\"primaryImageOfPage\":{\"@id\":\"https:\/\/ubanews.com\/site\/2018\/05\/07\/carioca-teve-um-final-de-semana-em-curitiba-pr\/#primaryimage\"},\"image\":{\"@id\":\"https:\/\/ubanews.com\/site\/2018\/05\/07\/carioca-teve-um-final-de-semana-em-curitiba-pr\/#primaryimage\"},\"thumbnailUrl\":\"https:\/\/ubanews.com\/site\/wp-content\/uploads\/2018\/05\/IMG-20180507-WA0038-c\u00f3pia.jpg\",\"datePublished\":\"2018-05-07T18:57:20+00:00\",\"dateModified\":\"2018-05-14T17:49:56+00:00\",\"breadcrumb\":{\"@id\":\"https:\/\/ubanews.com\/site\/2018\/05\/07\/carioca-teve-um-final-de-semana-em-curitiba-pr\/#breadcrumb\"},\"inLanguage\":\"pt-BR\",\"potentialAction\":[{\"@type\":\"ReadAction\",\"target\":[\"https:\/\/ubanews.com\/site\/2018\/05\/07\/carioca-teve-um-final-de-semana-em-curitiba-pr\/\"]}]},{\"@type\":\"ImageObject\",\"inLanguage\":\"pt-BR\",\"@id\":\"https:\/\/ubanews.com\/site\/2018\/05\/07\/carioca-teve-um-final-de-semana-em-curitiba-pr\/#primaryimage\",\"url\":\"https:\/\/ubanews.com\/site\/wp-content\/uploads\/2018\/05\/IMG-20180507-WA0038-c\u00f3pia.jpg\",\"contentUrl\":\"https:\/\/ubanews.com\/site\/wp-content\/uploads\/2018\/05\/IMG-20180507-WA0038-c\u00f3pia.jpg\",\"width\":800,\"height\":500},{\"@type\":\"BreadcrumbList\",\"@id\":\"https:\/\/ubanews.com\/site\/2018\/05\/07\/carioca-teve-um-final-de-semana-em-curitiba-pr\/#breadcrumb\",\"itemListElement\":[{\"@type\":\"ListItem\",\"position\":1,\"name\":\"Home\",\"item\":\"https:\/\/ubanews.com\/site\/\"},{\"@type\":\"ListItem\",\"position\":2,\"name\":\"Carioca teve um final de semana em Curitiba &#8211; PR\"}]},{\"@type\":\"WebSite\",\"@id\":\"https:\/\/ubanews.com\/site\/#website\",\"url\":\"https:\/\/ubanews.com\/site\/\",\"name\":\"Ub\u00e1 News\",\"description\":\"\",\"publisher\":{\"@id\":\"https:\/\/ubanews.com\/site\/#organization\"},\"potentialAction\":[{\"@type\":\"SearchAction\",\"target\":{\"@type\":\"EntryPoint\",\"urlTemplate\":\"https:\/\/ubanews.com\/site\/?s={search_term_string}\"},\"query-input\":{\"@type\":\"PropertyValueSpecification\",\"valueRequired\":true,\"valueName\":\"search_term_string\"}}],\"inLanguage\":\"pt-BR\"},{\"@type\":\"Organization\",\"@id\":\"https:\/\/ubanews.com\/site\/#organization\",\"name\":\"Ub\u00e1 News\",\"url\":\"https:\/\/ubanews.com\/site\/\",\"logo\":{\"@type\":\"ImageObject\",\"inLanguage\":\"pt-BR\",\"@id\":\"https:\/\/ubanews.com\/site\/#\/schema\/logo\/image\/\",\"url\":\"https:\/\/ubanews.com\/site\/wp-content\/uploads\/2018\/01\/logoubanews.png\",\"contentUrl\":\"https:\/\/ubanews.com\/site\/wp-content\/uploads\/2018\/01\/logoubanews.png\",\"width\":261,\"height\":99,\"caption\":\"Ub\u00e1 News\"},\"image\":{\"@id\":\"https:\/\/ubanews.com\/site\/#\/schema\/logo\/image\/\"},\"sameAs\":[\"https:\/\/www.facebook.com\/Ub\u00e1News-Carlos-Roberto-Sodr\u00e9-418778301977370\"]},{\"@type\":\"Person\",\"@id\":\"https:\/\/ubanews.com\/site\/#\/schema\/person\/d90c9e47252fbb63dcc969fe4c8b9d10\",\"name\":\"Sodr\u00e9\",\"image\":{\"@type\":\"ImageObject\",\"inLanguage\":\"pt-BR\",\"@id\":\"https:\/\/secure.gravatar.com\/avatar\/5ba2793f0590b9dbfad3fdec4ee714485b3eef211c9b32ee53d414060454a56c?s=96&d=mm&r=g\",\"url\":\"https:\/\/secure.gravatar.com\/avatar\/5ba2793f0590b9dbfad3fdec4ee714485b3eef211c9b32ee53d414060454a56c?s=96&d=mm&r=g\",\"contentUrl\":\"https:\/\/secure.gravatar.com\/avatar\/5ba2793f0590b9dbfad3fdec4ee714485b3eef211c9b32ee53d414060454a56c?s=96&d=mm&r=g\",\"caption\":\"Sodr\u00e9\"},\"sameAs\":[\"https:\/\/www.facebook.com\/carosroberto.sodre.5\/\"],\"url\":\"https:\/\/ubanews.com\/site\/author\/felipe\/\"}]}<\/script>\n<!-- \/ Yoast SEO plugin. -->","yoast_head_json":{"title":"Carioca teve um final de semana em Curitiba - PR - Ub\u00e1 News","robots":{"index":"index","follow":"follow","max-snippet":"max-snippet:-1","max-image-preview":"max-image-preview:large","max-video-preview":"max-video-preview:-1"},"canonical":"https:\/\/ubanews.com\/site\/2018\/05\/07\/carioca-teve-um-final-de-semana-em-curitiba-pr\/","og_locale":"pt_BR","og_type":"article","og_title":"Carioca teve um final de semana em Curitiba - PR - Ub\u00e1 News","og_description":"Arnaldo Collares Lage (Carioca), saiu de Ub\u00e1, domingo (29) com","og_url":"https:\/\/ubanews.com\/site\/2018\/05\/07\/carioca-teve-um-final-de-semana-em-curitiba-pr\/","og_site_name":"Ub\u00e1 News","article_publisher":"https:\/\/www.facebook.com\/Ub%c3%a1News-Carlos-Roberto-Sodr%c3%a9-418778301977370","article_author":"https:\/\/www.facebook.com\/carosroberto.sodre.5\/","article_published_time":"2018-05-07T18:57:20+00:00","article_modified_time":"2018-05-14T17:49:56+00:00","og_image":[{"width":800,"height":500,"url":"https:\/\/ubanews.com\/site\/wp-content\/uploads\/2018\/05\/IMG-20180507-WA0038-c\u00f3pia.jpg","type":"image\/jpeg"}],"author":"Sodr\u00e9","twitter_card":"summary_large_image","twitter_misc":{"Escrito por":"Sodr\u00e9","Est. tempo de leitura":"2 minutos"},"schema":{"@context":"https:\/\/schema.org","@graph":[{"@type":"Article","@id":"https:\/\/ubanews.com\/site\/2018\/05\/07\/carioca-teve-um-final-de-semana-em-curitiba-pr\/#article","isPartOf":{"@id":"https:\/\/ubanews.com\/site\/2018\/05\/07\/carioca-teve-um-final-de-semana-em-curitiba-pr\/"},"author":{"name":"Sodr\u00e9","@id":"https:\/\/ubanews.com\/site\/#\/schema\/person\/d90c9e47252fbb63dcc969fe4c8b9d10"},"headline":"Carioca teve um final de semana em Curitiba &#8211; PR","datePublished":"2018-05-07T18:57:20+00:00","dateModified":"2018-05-14T17:49:56+00:00","mainEntityOfPage":{"@id":"https:\/\/ubanews.com\/site\/2018\/05\/07\/carioca-teve-um-final-de-semana-em-curitiba-pr\/"},"wordCount":430,"commentCount":9,"publisher":{"@id":"https:\/\/ubanews.com\/site\/#organization"},"image":{"@id":"https:\/\/ubanews.com\/site\/2018\/05\/07\/carioca-teve-um-final-de-semana-em-curitiba-pr\/#primaryimage"},"thumbnailUrl":"https:\/\/ubanews.com\/site\/wp-content\/uploads\/2018\/05\/IMG-20180507-WA0038-c\u00f3pia.jpg","articleSection":["Geral"],"inLanguage":"pt-BR","potentialAction":[{"@type":"CommentAction","name":"Comment","target":["https:\/\/ubanews.com\/site\/2018\/05\/07\/carioca-teve-um-final-de-semana-em-curitiba-pr\/#respond"]}]},{"@type":"WebPage","@id":"https:\/\/ubanews.com\/site\/2018\/05\/07\/carioca-teve-um-final-de-semana-em-curitiba-pr\/","url":"https:\/\/ubanews.com\/site\/2018\/05\/07\/carioca-teve-um-final-de-semana-em-curitiba-pr\/","name":"Carioca teve um final de semana em Curitiba - PR - Ub\u00e1 News","isPartOf":{"@id":"https:\/\/ubanews.com\/site\/#website"},"primaryImageOfPage":{"@id":"https:\/\/ubanews.com\/site\/2018\/05\/07\/carioca-teve-um-final-de-semana-em-curitiba-pr\/#primaryimage"},"image":{"@id":"https:\/\/ubanews.com\/site\/2018\/05\/07\/carioca-teve-um-final-de-semana-em-curitiba-pr\/#primaryimage"},"thumbnailUrl":"https:\/\/ubanews.com\/site\/wp-content\/uploads\/2018\/05\/IMG-20180507-WA0038-c\u00f3pia.jpg","datePublished":"2018-05-07T18:57:20+00:00","dateModified":"2018-05-14T17:49:56+00:00","breadcrumb":{"@id":"https:\/\/ubanews.com\/site\/2018\/05\/07\/carioca-teve-um-final-de-semana-em-curitiba-pr\/#breadcrumb"},"inLanguage":"pt-BR","potentialAction":[{"@type":"ReadAction","target":["https:\/\/ubanews.com\/site\/2018\/05\/07\/carioca-teve-um-final-de-semana-em-curitiba-pr\/"]}]},{"@type":"ImageObject","inLanguage":"pt-BR","@id":"https:\/\/ubanews.com\/site\/2018\/05\/07\/carioca-teve-um-final-de-semana-em-curitiba-pr\/#primaryimage","url":"https:\/\/ubanews.com\/site\/wp-content\/uploads\/2018\/05\/IMG-20180507-WA0038-c\u00f3pia.jpg","contentUrl":"https:\/\/ubanews.com\/site\/wp-content\/uploads\/2018\/05\/IMG-20180507-WA0038-c\u00f3pia.jpg","width":800,"height":500},{"@type":"BreadcrumbList","@id":"https:\/\/ubanews.com\/site\/2018\/05\/07\/carioca-teve-um-final-de-semana-em-curitiba-pr\/#breadcrumb","itemListElement":[{"@type":"ListItem","position":1,"name":"Home","item":"https:\/\/ubanews.com\/site\/"},{"@type":"ListItem","position":2,"name":"Carioca teve um final de semana em Curitiba &#8211; PR"}]},{"@type":"WebSite","@id":"https:\/\/ubanews.com\/site\/#website","url":"https:\/\/ubanews.com\/site\/","name":"Ub\u00e1 News","description":"","publisher":{"@id":"https:\/\/ubanews.com\/site\/#organization"},"potentialAction":[{"@type":"SearchAction","target":{"@type":"EntryPoint","urlTemplate":"https:\/\/ubanews.com\/site\/?s={search_term_string}"},"query-input":{"@type":"PropertyValueSpecification","valueRequired":true,"valueName":"search_term_string"}}],"inLanguage":"pt-BR"},{"@type":"Organization","@id":"https:\/\/ubanews.com\/site\/#organization","name":"Ub\u00e1 News","url":"https:\/\/ubanews.com\/site\/","logo":{"@type":"ImageObject","inLanguage":"pt-BR","@id":"https:\/\/ubanews.com\/site\/#\/schema\/logo\/image\/","url":"https:\/\/ubanews.com\/site\/wp-content\/uploads\/2018\/01\/logoubanews.png","contentUrl":"https:\/\/ubanews.com\/site\/wp-content\/uploads\/2018\/01\/logoubanews.png","width":261,"height":99,"caption":"Ub\u00e1 News"},"image":{"@id":"https:\/\/ubanews.com\/site\/#\/schema\/logo\/image\/"},"sameAs":["https:\/\/www.facebook.com\/Ub\u00e1News-Carlos-Roberto-Sodr\u00e9-418778301977370"]},{"@type":"Person","@id":"https:\/\/ubanews.com\/site\/#\/schema\/person\/d90c9e47252fbb63dcc969fe4c8b9d10","name":"Sodr\u00e9","image":{"@type":"ImageObject","inLanguage":"pt-BR","@id":"https:\/\/secure.gravatar.com\/avatar\/5ba2793f0590b9dbfad3fdec4ee714485b3eef211c9b32ee53d414060454a56c?s=96&d=mm&r=g","url":"https:\/\/secure.gravatar.com\/avatar\/5ba2793f0590b9dbfad3fdec4ee714485b3eef211c9b32ee53d414060454a56c?s=96&d=mm&r=g","contentUrl":"https:\/\/secure.gravatar.com\/avatar\/5ba2793f0590b9dbfad3fdec4ee714485b3eef211c9b32ee53d414060454a56c?s=96&d=mm&r=g","caption":"Sodr\u00e9"},"sameAs":["https:\/\/www.facebook.com\/carosroberto.sodre.5\/"],"url":"https:\/\/ubanews.com\/site\/author\/felipe\/"}]}},"_links":{"self":[{"href":"https:\/\/ubanews.com\/site\/wp-json\/wp\/v2\/posts\/3171","targetHints":{"allow":["GET"]}}],"collection":[{"href":"https:\/\/ubanews.com\/site\/wp-json\/wp\/v2\/posts"}],"about":[{"href":"https:\/\/ubanews.com\/site\/wp-json\/wp\/v2\/types\/post"}],"author":[{"embeddable":true,"href":"https:\/\/ubanews.com\/site\/wp-json\/wp\/v2\/users\/2"}],"replies":[{"embeddable":true,"href":"https:\/\/ubanews.com\/site\/wp-json\/wp\/v2\/comments?post=3171"}],"version-history":[{"count":0,"href":"https:\/\/ubanews.com\/site\/wp-json\/wp\/v2\/posts\/3171\/revisions"}],"wp:featuredmedia":[{"embeddable":true,"href":"https:\/\/ubanews.com\/site\/wp-json\/wp\/v2\/media\/3179"}],"wp:attachment":[{"href":"https:\/\/ubanews.com\/site\/wp-json\/wp\/v2\/media?parent=3171"}],"wp:term":[{"taxonomy":"category","embeddable":true,"href":"https:\/\/ubanews.com\/site\/wp-json\/wp\/v2\/categories?post=3171"},{"taxonomy":"post_tag","embeddable":true,"href":"https:\/\/ubanews.com\/site\/wp-json\/wp\/v2\/tags?post=3171"}],"curies":[{"name":"wp","href":"https:\/\/api.w.org\/{rel}","templated":true}]}}