{"id":3043,"date":"2018-05-04T10:43:37","date_gmt":"2018-05-04T13:43:37","guid":{"rendered":"http:\/\/ubanews.com\/site\/?p=3043"},"modified":"2018-05-04T10:43:37","modified_gmt":"2018-05-04T13:43:37","slug":"individuos-armados-tentam-assaltar-residencia-e-um-deles-e-morto-a-tiros-por-uma-das-vitimas","status":"publish","type":"post","link":"https:\/\/ubanews.com\/site\/2018\/05\/04\/individuos-armados-tentam-assaltar-residencia-e-um-deles-e-morto-a-tiros-por-uma-das-vitimas\/","title":{"rendered":"INDIV\u00cdDUOS ARMADOS TENTAM ASSALTAR RESID\u00caNCIA E UM DELES \u00c9 MORTO A TIROS POR UMA DAS V\u00cdTIMAS"},"content":{"rendered":"<p><img decoding=\"async\" class=\"alignnone size-full wp-image-3045 lazyload\" data-src=\"https:\/\/ubanews.com\/site\/wp-content\/uploads\/2018\/05\/1-2.jpg\" alt=\"\" width=\"678\" height=\"960\" data-srcset=\"https:\/\/ubanews.com\/site\/wp-content\/uploads\/2018\/05\/1-2.jpg 678w, https:\/\/ubanews.com\/site\/wp-content\/uploads\/2018\/05\/1-2-212x300.jpg 212w\" data-sizes=\"(max-width: 678px) 100vw, 678px\" src=\"data:image\/svg+xml;base64,PHN2ZyB3aWR0aD0iMSIgaGVpZ2h0PSIxIiB4bWxucz0iaHR0cDovL3d3dy53My5vcmcvMjAwMC9zdmciPjwvc3ZnPg==\" style=\"--smush-placeholder-width: 678px; --smush-placeholder-aspect-ratio: 678\/960;\" \/><\/p>\n<p>&nbsp; &nbsp; &nbsp; &nbsp; &nbsp; &nbsp; Na madrugada do dia 04, por volta de 01h, houve uma tentativa de roubo a uma ch\u00e1cara localizada no Bairro Horto, na cidade de Cataguases, onde se encontravam 5 pessoas que estavam de passagem pela cidade.<\/p>\n<p>&nbsp; &nbsp; &nbsp; &nbsp; &nbsp; &nbsp; No local, quatro indiv\u00edduos que estariam armados com armas de fogo e fac\u00f5es entraram na propriedade, renderam uma das v\u00edtimas que estava no jardim e em seguida entraram na casa e anunciaram o assalto e a todo momento os indiv\u00edduos amea\u00e7avam as v\u00edtimas. Uma das v\u00edtimas, ao ouvir a movimenta\u00e7\u00e3o do lado de fora, de imediato, &nbsp;entrou em um quarto se apossou de um rev\u00f3lver de sua propriedade e diante das amea\u00e7as e a agressividade demonstrada pelos autores, efetuou 3 disparos, com o intuito de preservar a vida de todos e em sua leg\u00edtima defesa. Os autores empreenderam fuga em dire\u00e7\u00e3o a um pasto localizado atr\u00e1s da propriedade. No local do fato, ap\u00f3s acionados, a Pol\u00edcia Militar rapidamente chegou ao local e ap\u00f3s ouvir a vers\u00e3o dos moradores da resid\u00eancia iniciaram um rastreamento nas imedia\u00e7\u00f5es e localizaram um indiv\u00edduo ca\u00eddo ao solo, aparentemente sem vida em uma estrada de terra a poucos metros da propriedade e pr\u00f3ximo do corpo foi encontrado um fac\u00e3o.<\/p>\n<p>&nbsp; &nbsp; &nbsp; &nbsp; &nbsp; &nbsp; Foi acionada a equipe do SAMU que constatou que o corpo n\u00e3o apresentava os sinais vitais. A per\u00edcia t\u00e9cnica compareceu ao local e realizou os trabalhos de praxe. A arma de fogo foi recolhida e as v\u00edtimas da tentativa de roubo e o autor dos disparos foram apresentados na Delegacia de Plant\u00e3o de Leopoldina. O indiv\u00edduo que veio a \u00f3bito j\u00e1 \u00e9 conhecido no meio policial por envolvimento com delitos, tendo in\u00fameras passagens por crimes. A Pol\u00edcia Militar segue em rastreamento no intuito de identificar os demais envolvidos<\/p>\n<p><strong>A<\/strong><strong>SSESSORIA DE COMUNICA\u00c7\u00c3O ORGANIZACIONAL<\/strong><\/p>\n<p><strong><em>Vig\u00e9simo Primeiro Batalh\u00e3o de Pol\u00edcia Militar <\/em><\/strong><\/p>\n","protected":false},"excerpt":{"rendered":"<p>&nbsp; &nbsp; &nbsp; &nbsp; &nbsp; &nbsp; Na madrugada do dia<\/p>\n","protected":false},"author":2,"featured_media":3045,"comment_status":"open","ping_status":"open","sticky":false,"template":"","format":"standard","meta":{"footnotes":""},"categories":[1],"tags":[],"class_list":["post-3043","post","type-post","status-publish","format-standard","has-post-thumbnail","hentry","category-sem-categoria"],"yoast_head":"<!-- This site is optimized with the Yoast SEO plugin v27.2 - https:\/\/yoast.com\/product\/yoast-seo-wordpress\/ -->\n<title>INDIV\u00cdDUOS ARMADOS TENTAM ASSALTAR RESID\u00caNCIA E UM DELES \u00c9 MORTO A TIROS POR UMA DAS V\u00cdTIMAS - Ub\u00e1 News<\/title>\n<meta name=\"robots\" content=\"index, follow, max-snippet:-1, max-image-preview:large, max-video-preview:-1\" \/>\n<link rel=\"canonical\" href=\"https:\/\/ubanews.com\/site\/2018\/05\/04\/individuos-armados-tentam-assaltar-residencia-e-um-deles-e-morto-a-tiros-por-uma-das-vitimas\/\" \/>\n<meta property=\"og:locale\" content=\"pt_BR\" \/>\n<meta property=\"og:type\" content=\"article\" \/>\n<meta property=\"og:title\" content=\"INDIV\u00cdDUOS ARMADOS TENTAM ASSALTAR RESID\u00caNCIA E UM DELES \u00c9 MORTO A TIROS POR UMA DAS V\u00cdTIMAS - Ub\u00e1 News\" \/>\n<meta property=\"og:description\" content=\"&nbsp; &nbsp; &nbsp; &nbsp; &nbsp; &nbsp; Na madrugada do dia\" \/>\n<meta property=\"og:url\" content=\"https:\/\/ubanews.com\/site\/2018\/05\/04\/individuos-armados-tentam-assaltar-residencia-e-um-deles-e-morto-a-tiros-por-uma-das-vitimas\/\" \/>\n<meta property=\"og:site_name\" content=\"Ub\u00e1 News\" \/>\n<meta property=\"article:publisher\" content=\"https:\/\/www.facebook.com\/Ub%c3%a1News-Carlos-Roberto-Sodr%c3%a9-418778301977370\" \/>\n<meta property=\"article:author\" content=\"https:\/\/www.facebook.com\/carosroberto.sodre.5\/\" \/>\n<meta property=\"article:published_time\" content=\"2018-05-04T13:43:37+00:00\" \/>\n<meta property=\"og:image\" content=\"https:\/\/ubanews.com\/site\/wp-content\/uploads\/2018\/05\/1-2.jpg\" \/>\n\t<meta property=\"og:image:width\" content=\"678\" \/>\n\t<meta property=\"og:image:height\" content=\"960\" \/>\n\t<meta property=\"og:image:type\" content=\"image\/jpeg\" \/>\n<meta name=\"author\" content=\"Sodr\u00e9\" \/>\n<meta name=\"twitter:card\" content=\"summary_large_image\" \/>\n<meta name=\"twitter:label1\" content=\"Escrito por\" \/>\n\t<meta name=\"twitter:data1\" content=\"Sodr\u00e9\" \/>\n\t<meta name=\"twitter:label2\" content=\"Est. tempo de leitura\" \/>\n\t<meta name=\"twitter:data2\" content=\"2 minutos\" \/>\n<script type=\"application\/ld+json\" class=\"yoast-schema-graph\">{\"@context\":\"https:\/\/schema.org\",\"@graph\":[{\"@type\":\"Article\",\"@id\":\"https:\/\/ubanews.com\/site\/2018\/05\/04\/individuos-armados-tentam-assaltar-residencia-e-um-deles-e-morto-a-tiros-por-uma-das-vitimas\/#article\",\"isPartOf\":{\"@id\":\"https:\/\/ubanews.com\/site\/2018\/05\/04\/individuos-armados-tentam-assaltar-residencia-e-um-deles-e-morto-a-tiros-por-uma-das-vitimas\/\"},\"author\":{\"name\":\"Sodr\u00e9\",\"@id\":\"https:\/\/ubanews.com\/site\/#\/schema\/person\/d90c9e47252fbb63dcc969fe4c8b9d10\"},\"headline\":\"INDIV\u00cdDUOS ARMADOS TENTAM ASSALTAR RESID\u00caNCIA E UM DELES \u00c9 MORTO A TIROS POR UMA DAS V\u00cdTIMAS\",\"datePublished\":\"2018-05-04T13:43:37+00:00\",\"mainEntityOfPage\":{\"@id\":\"https:\/\/ubanews.com\/site\/2018\/05\/04\/individuos-armados-tentam-assaltar-residencia-e-um-deles-e-morto-a-tiros-por-uma-das-vitimas\/\"},\"wordCount\":367,\"commentCount\":0,\"publisher\":{\"@id\":\"https:\/\/ubanews.com\/site\/#organization\"},\"image\":{\"@id\":\"https:\/\/ubanews.com\/site\/2018\/05\/04\/individuos-armados-tentam-assaltar-residencia-e-um-deles-e-morto-a-tiros-por-uma-das-vitimas\/#primaryimage\"},\"thumbnailUrl\":\"https:\/\/ubanews.com\/site\/wp-content\/uploads\/2018\/05\/1-2.jpg\",\"articleSection\":[\"Geral\"],\"inLanguage\":\"pt-BR\",\"potentialAction\":[{\"@type\":\"CommentAction\",\"name\":\"Comment\",\"target\":[\"https:\/\/ubanews.com\/site\/2018\/05\/04\/individuos-armados-tentam-assaltar-residencia-e-um-deles-e-morto-a-tiros-por-uma-das-vitimas\/#respond\"]}]},{\"@type\":\"WebPage\",\"@id\":\"https:\/\/ubanews.com\/site\/2018\/05\/04\/individuos-armados-tentam-assaltar-residencia-e-um-deles-e-morto-a-tiros-por-uma-das-vitimas\/\",\"url\":\"https:\/\/ubanews.com\/site\/2018\/05\/04\/individuos-armados-tentam-assaltar-residencia-e-um-deles-e-morto-a-tiros-por-uma-das-vitimas\/\",\"name\":\"INDIV\u00cdDUOS ARMADOS TENTAM ASSALTAR RESID\u00caNCIA E UM DELES \u00c9 MORTO A TIROS POR UMA DAS V\u00cdTIMAS - Ub\u00e1 News\",\"isPartOf\":{\"@id\":\"https:\/\/ubanews.com\/site\/#website\"},\"primaryImageOfPage\":{\"@id\":\"https:\/\/ubanews.com\/site\/2018\/05\/04\/individuos-armados-tentam-assaltar-residencia-e-um-deles-e-morto-a-tiros-por-uma-das-vitimas\/#primaryimage\"},\"image\":{\"@id\":\"https:\/\/ubanews.com\/site\/2018\/05\/04\/individuos-armados-tentam-assaltar-residencia-e-um-deles-e-morto-a-tiros-por-uma-das-vitimas\/#primaryimage\"},\"thumbnailUrl\":\"https:\/\/ubanews.com\/site\/wp-content\/uploads\/2018\/05\/1-2.jpg\",\"datePublished\":\"2018-05-04T13:43:37+00:00\",\"breadcrumb\":{\"@id\":\"https:\/\/ubanews.com\/site\/2018\/05\/04\/individuos-armados-tentam-assaltar-residencia-e-um-deles-e-morto-a-tiros-por-uma-das-vitimas\/#breadcrumb\"},\"inLanguage\":\"pt-BR\",\"potentialAction\":[{\"@type\":\"ReadAction\",\"target\":[\"https:\/\/ubanews.com\/site\/2018\/05\/04\/individuos-armados-tentam-assaltar-residencia-e-um-deles-e-morto-a-tiros-por-uma-das-vitimas\/\"]}]},{\"@type\":\"ImageObject\",\"inLanguage\":\"pt-BR\",\"@id\":\"https:\/\/ubanews.com\/site\/2018\/05\/04\/individuos-armados-tentam-assaltar-residencia-e-um-deles-e-morto-a-tiros-por-uma-das-vitimas\/#primaryimage\",\"url\":\"https:\/\/ubanews.com\/site\/wp-content\/uploads\/2018\/05\/1-2.jpg\",\"contentUrl\":\"https:\/\/ubanews.com\/site\/wp-content\/uploads\/2018\/05\/1-2.jpg\",\"width\":678,\"height\":960},{\"@type\":\"BreadcrumbList\",\"@id\":\"https:\/\/ubanews.com\/site\/2018\/05\/04\/individuos-armados-tentam-assaltar-residencia-e-um-deles-e-morto-a-tiros-por-uma-das-vitimas\/#breadcrumb\",\"itemListElement\":[{\"@type\":\"ListItem\",\"position\":1,\"name\":\"Home\",\"item\":\"https:\/\/ubanews.com\/site\/\"},{\"@type\":\"ListItem\",\"position\":2,\"name\":\"INDIV\u00cdDUOS ARMADOS TENTAM ASSALTAR RESID\u00caNCIA E UM DELES \u00c9 MORTO A TIROS POR UMA DAS V\u00cdTIMAS\"}]},{\"@type\":\"WebSite\",\"@id\":\"https:\/\/ubanews.com\/site\/#website\",\"url\":\"https:\/\/ubanews.com\/site\/\",\"name\":\"Ub\u00e1 News\",\"description\":\"\",\"publisher\":{\"@id\":\"https:\/\/ubanews.com\/site\/#organization\"},\"potentialAction\":[{\"@type\":\"SearchAction\",\"target\":{\"@type\":\"EntryPoint\",\"urlTemplate\":\"https:\/\/ubanews.com\/site\/?s={search_term_string}\"},\"query-input\":{\"@type\":\"PropertyValueSpecification\",\"valueRequired\":true,\"valueName\":\"search_term_string\"}}],\"inLanguage\":\"pt-BR\"},{\"@type\":\"Organization\",\"@id\":\"https:\/\/ubanews.com\/site\/#organization\",\"name\":\"Ub\u00e1 News\",\"url\":\"https:\/\/ubanews.com\/site\/\",\"logo\":{\"@type\":\"ImageObject\",\"inLanguage\":\"pt-BR\",\"@id\":\"https:\/\/ubanews.com\/site\/#\/schema\/logo\/image\/\",\"url\":\"https:\/\/ubanews.com\/site\/wp-content\/uploads\/2018\/01\/logoubanews.png\",\"contentUrl\":\"https:\/\/ubanews.com\/site\/wp-content\/uploads\/2018\/01\/logoubanews.png\",\"width\":261,\"height\":99,\"caption\":\"Ub\u00e1 News\"},\"image\":{\"@id\":\"https:\/\/ubanews.com\/site\/#\/schema\/logo\/image\/\"},\"sameAs\":[\"https:\/\/www.facebook.com\/Ub\u00e1News-Carlos-Roberto-Sodr\u00e9-418778301977370\"]},{\"@type\":\"Person\",\"@id\":\"https:\/\/ubanews.com\/site\/#\/schema\/person\/d90c9e47252fbb63dcc969fe4c8b9d10\",\"name\":\"Sodr\u00e9\",\"image\":{\"@type\":\"ImageObject\",\"inLanguage\":\"pt-BR\",\"@id\":\"https:\/\/secure.gravatar.com\/avatar\/5ba2793f0590b9dbfad3fdec4ee714485b3eef211c9b32ee53d414060454a56c?s=96&d=mm&r=g\",\"url\":\"https:\/\/secure.gravatar.com\/avatar\/5ba2793f0590b9dbfad3fdec4ee714485b3eef211c9b32ee53d414060454a56c?s=96&d=mm&r=g\",\"contentUrl\":\"https:\/\/secure.gravatar.com\/avatar\/5ba2793f0590b9dbfad3fdec4ee714485b3eef211c9b32ee53d414060454a56c?s=96&d=mm&r=g\",\"caption\":\"Sodr\u00e9\"},\"sameAs\":[\"https:\/\/www.facebook.com\/carosroberto.sodre.5\/\"],\"url\":\"https:\/\/ubanews.com\/site\/author\/felipe\/\"}]}<\/script>\n<!-- \/ Yoast SEO plugin. -->","yoast_head_json":{"title":"INDIV\u00cdDUOS ARMADOS TENTAM ASSALTAR RESID\u00caNCIA E UM DELES \u00c9 MORTO A TIROS POR UMA DAS V\u00cdTIMAS - Ub\u00e1 News","robots":{"index":"index","follow":"follow","max-snippet":"max-snippet:-1","max-image-preview":"max-image-preview:large","max-video-preview":"max-video-preview:-1"},"canonical":"https:\/\/ubanews.com\/site\/2018\/05\/04\/individuos-armados-tentam-assaltar-residencia-e-um-deles-e-morto-a-tiros-por-uma-das-vitimas\/","og_locale":"pt_BR","og_type":"article","og_title":"INDIV\u00cdDUOS ARMADOS TENTAM ASSALTAR RESID\u00caNCIA E UM DELES \u00c9 MORTO A TIROS POR UMA DAS V\u00cdTIMAS - Ub\u00e1 News","og_description":"&nbsp; &nbsp; &nbsp; &nbsp; &nbsp; &nbsp; Na madrugada do dia","og_url":"https:\/\/ubanews.com\/site\/2018\/05\/04\/individuos-armados-tentam-assaltar-residencia-e-um-deles-e-morto-a-tiros-por-uma-das-vitimas\/","og_site_name":"Ub\u00e1 News","article_publisher":"https:\/\/www.facebook.com\/Ub%c3%a1News-Carlos-Roberto-Sodr%c3%a9-418778301977370","article_author":"https:\/\/www.facebook.com\/carosroberto.sodre.5\/","article_published_time":"2018-05-04T13:43:37+00:00","og_image":[{"width":678,"height":960,"url":"https:\/\/ubanews.com\/site\/wp-content\/uploads\/2018\/05\/1-2.jpg","type":"image\/jpeg"}],"author":"Sodr\u00e9","twitter_card":"summary_large_image","twitter_misc":{"Escrito por":"Sodr\u00e9","Est. tempo de leitura":"2 minutos"},"schema":{"@context":"https:\/\/schema.org","@graph":[{"@type":"Article","@id":"https:\/\/ubanews.com\/site\/2018\/05\/04\/individuos-armados-tentam-assaltar-residencia-e-um-deles-e-morto-a-tiros-por-uma-das-vitimas\/#article","isPartOf":{"@id":"https:\/\/ubanews.com\/site\/2018\/05\/04\/individuos-armados-tentam-assaltar-residencia-e-um-deles-e-morto-a-tiros-por-uma-das-vitimas\/"},"author":{"name":"Sodr\u00e9","@id":"https:\/\/ubanews.com\/site\/#\/schema\/person\/d90c9e47252fbb63dcc969fe4c8b9d10"},"headline":"INDIV\u00cdDUOS ARMADOS TENTAM ASSALTAR RESID\u00caNCIA E UM DELES \u00c9 MORTO A TIROS POR UMA DAS V\u00cdTIMAS","datePublished":"2018-05-04T13:43:37+00:00","mainEntityOfPage":{"@id":"https:\/\/ubanews.com\/site\/2018\/05\/04\/individuos-armados-tentam-assaltar-residencia-e-um-deles-e-morto-a-tiros-por-uma-das-vitimas\/"},"wordCount":367,"commentCount":0,"publisher":{"@id":"https:\/\/ubanews.com\/site\/#organization"},"image":{"@id":"https:\/\/ubanews.com\/site\/2018\/05\/04\/individuos-armados-tentam-assaltar-residencia-e-um-deles-e-morto-a-tiros-por-uma-das-vitimas\/#primaryimage"},"thumbnailUrl":"https:\/\/ubanews.com\/site\/wp-content\/uploads\/2018\/05\/1-2.jpg","articleSection":["Geral"],"inLanguage":"pt-BR","potentialAction":[{"@type":"CommentAction","name":"Comment","target":["https:\/\/ubanews.com\/site\/2018\/05\/04\/individuos-armados-tentam-assaltar-residencia-e-um-deles-e-morto-a-tiros-por-uma-das-vitimas\/#respond"]}]},{"@type":"WebPage","@id":"https:\/\/ubanews.com\/site\/2018\/05\/04\/individuos-armados-tentam-assaltar-residencia-e-um-deles-e-morto-a-tiros-por-uma-das-vitimas\/","url":"https:\/\/ubanews.com\/site\/2018\/05\/04\/individuos-armados-tentam-assaltar-residencia-e-um-deles-e-morto-a-tiros-por-uma-das-vitimas\/","name":"INDIV\u00cdDUOS ARMADOS TENTAM ASSALTAR RESID\u00caNCIA E UM DELES \u00c9 MORTO A TIROS POR UMA DAS V\u00cdTIMAS - Ub\u00e1 News","isPartOf":{"@id":"https:\/\/ubanews.com\/site\/#website"},"primaryImageOfPage":{"@id":"https:\/\/ubanews.com\/site\/2018\/05\/04\/individuos-armados-tentam-assaltar-residencia-e-um-deles-e-morto-a-tiros-por-uma-das-vitimas\/#primaryimage"},"image":{"@id":"https:\/\/ubanews.com\/site\/2018\/05\/04\/individuos-armados-tentam-assaltar-residencia-e-um-deles-e-morto-a-tiros-por-uma-das-vitimas\/#primaryimage"},"thumbnailUrl":"https:\/\/ubanews.com\/site\/wp-content\/uploads\/2018\/05\/1-2.jpg","datePublished":"2018-05-04T13:43:37+00:00","breadcrumb":{"@id":"https:\/\/ubanews.com\/site\/2018\/05\/04\/individuos-armados-tentam-assaltar-residencia-e-um-deles-e-morto-a-tiros-por-uma-das-vitimas\/#breadcrumb"},"inLanguage":"pt-BR","potentialAction":[{"@type":"ReadAction","target":["https:\/\/ubanews.com\/site\/2018\/05\/04\/individuos-armados-tentam-assaltar-residencia-e-um-deles-e-morto-a-tiros-por-uma-das-vitimas\/"]}]},{"@type":"ImageObject","inLanguage":"pt-BR","@id":"https:\/\/ubanews.com\/site\/2018\/05\/04\/individuos-armados-tentam-assaltar-residencia-e-um-deles-e-morto-a-tiros-por-uma-das-vitimas\/#primaryimage","url":"https:\/\/ubanews.com\/site\/wp-content\/uploads\/2018\/05\/1-2.jpg","contentUrl":"https:\/\/ubanews.com\/site\/wp-content\/uploads\/2018\/05\/1-2.jpg","width":678,"height":960},{"@type":"BreadcrumbList","@id":"https:\/\/ubanews.com\/site\/2018\/05\/04\/individuos-armados-tentam-assaltar-residencia-e-um-deles-e-morto-a-tiros-por-uma-das-vitimas\/#breadcrumb","itemListElement":[{"@type":"ListItem","position":1,"name":"Home","item":"https:\/\/ubanews.com\/site\/"},{"@type":"ListItem","position":2,"name":"INDIV\u00cdDUOS ARMADOS TENTAM ASSALTAR RESID\u00caNCIA E UM DELES \u00c9 MORTO A TIROS POR UMA DAS V\u00cdTIMAS"}]},{"@type":"WebSite","@id":"https:\/\/ubanews.com\/site\/#website","url":"https:\/\/ubanews.com\/site\/","name":"Ub\u00e1 News","description":"","publisher":{"@id":"https:\/\/ubanews.com\/site\/#organization"},"potentialAction":[{"@type":"SearchAction","target":{"@type":"EntryPoint","urlTemplate":"https:\/\/ubanews.com\/site\/?s={search_term_string}"},"query-input":{"@type":"PropertyValueSpecification","valueRequired":true,"valueName":"search_term_string"}}],"inLanguage":"pt-BR"},{"@type":"Organization","@id":"https:\/\/ubanews.com\/site\/#organization","name":"Ub\u00e1 News","url":"https:\/\/ubanews.com\/site\/","logo":{"@type":"ImageObject","inLanguage":"pt-BR","@id":"https:\/\/ubanews.com\/site\/#\/schema\/logo\/image\/","url":"https:\/\/ubanews.com\/site\/wp-content\/uploads\/2018\/01\/logoubanews.png","contentUrl":"https:\/\/ubanews.com\/site\/wp-content\/uploads\/2018\/01\/logoubanews.png","width":261,"height":99,"caption":"Ub\u00e1 News"},"image":{"@id":"https:\/\/ubanews.com\/site\/#\/schema\/logo\/image\/"},"sameAs":["https:\/\/www.facebook.com\/Ub\u00e1News-Carlos-Roberto-Sodr\u00e9-418778301977370"]},{"@type":"Person","@id":"https:\/\/ubanews.com\/site\/#\/schema\/person\/d90c9e47252fbb63dcc969fe4c8b9d10","name":"Sodr\u00e9","image":{"@type":"ImageObject","inLanguage":"pt-BR","@id":"https:\/\/secure.gravatar.com\/avatar\/5ba2793f0590b9dbfad3fdec4ee714485b3eef211c9b32ee53d414060454a56c?s=96&d=mm&r=g","url":"https:\/\/secure.gravatar.com\/avatar\/5ba2793f0590b9dbfad3fdec4ee714485b3eef211c9b32ee53d414060454a56c?s=96&d=mm&r=g","contentUrl":"https:\/\/secure.gravatar.com\/avatar\/5ba2793f0590b9dbfad3fdec4ee714485b3eef211c9b32ee53d414060454a56c?s=96&d=mm&r=g","caption":"Sodr\u00e9"},"sameAs":["https:\/\/www.facebook.com\/carosroberto.sodre.5\/"],"url":"https:\/\/ubanews.com\/site\/author\/felipe\/"}]}},"_links":{"self":[{"href":"https:\/\/ubanews.com\/site\/wp-json\/wp\/v2\/posts\/3043","targetHints":{"allow":["GET"]}}],"collection":[{"href":"https:\/\/ubanews.com\/site\/wp-json\/wp\/v2\/posts"}],"about":[{"href":"https:\/\/ubanews.com\/site\/wp-json\/wp\/v2\/types\/post"}],"author":[{"embeddable":true,"href":"https:\/\/ubanews.com\/site\/wp-json\/wp\/v2\/users\/2"}],"replies":[{"embeddable":true,"href":"https:\/\/ubanews.com\/site\/wp-json\/wp\/v2\/comments?post=3043"}],"version-history":[{"count":0,"href":"https:\/\/ubanews.com\/site\/wp-json\/wp\/v2\/posts\/3043\/revisions"}],"wp:featuredmedia":[{"embeddable":true,"href":"https:\/\/ubanews.com\/site\/wp-json\/wp\/v2\/media\/3045"}],"wp:attachment":[{"href":"https:\/\/ubanews.com\/site\/wp-json\/wp\/v2\/media?parent=3043"}],"wp:term":[{"taxonomy":"category","embeddable":true,"href":"https:\/\/ubanews.com\/site\/wp-json\/wp\/v2\/categories?post=3043"},{"taxonomy":"post_tag","embeddable":true,"href":"https:\/\/ubanews.com\/site\/wp-json\/wp\/v2\/tags?post=3043"}],"curies":[{"name":"wp","href":"https:\/\/api.w.org\/{rel}","templated":true}]}}